{"id":10049,"date":"2024-12-05T07:00:00","date_gmt":"2024-12-05T10:00:00","guid":{"rendered":"https:\/\/nuevodigitaldeescobar.com.ar\/?p=10049"},"modified":"2024-12-05T11:30:16","modified_gmt":"2024-12-05T14:30:16","slug":"caso-loan-procesamiento-y-prision-preventiva-para-los-implicados-en-la-desaparicion-del-nino","status":"publish","type":"post","link":"https:\/\/nuevodigitaldeescobar.com.ar\/?p=10049","title":{"rendered":"Caso Loan: Procesamiento y prisi\u00f3n preventiva para los implicados en la desaparici\u00f3n del ni\u00f1o"},"content":{"rendered":"<p><span style=\"color: #003366;\"><em><strong>A d\u00edas de cumplirse seis meses de la desaparici\u00f3n de Loan Danilo Pe\u00f1a, la Justicia ha dictado el procesamiento y prisi\u00f3n preventiva para los seis acusados que participaron del almuerzo en el que el ni\u00f1o de 5 a\u00f1os asisti\u00f3 junto a su padre a la casa de su abuela.<\/strong><\/em><\/span><!--more--><\/p>\n\n\n<p>La resoluci\u00f3n, que ocupa 1075 p\u00e1ginas, fue emitida por la jueza Federal de Goya, Cristina Pozzer Penzo, quien orden\u00f3 que los detenidos contin\u00faen en prisi\u00f3n mientras se los investiga por el delito de sustracci\u00f3n de menor. Sin embargo, uno de los acusados obtuvo el beneficio de prisi\u00f3n domiciliaria.<\/p>\n\n\n\n<p>Entre los principales responsables se encuentran los t\u00edos del ni\u00f1o, Laudelina Pe\u00f1a y Antonio Ben\u00edtez, junto a Daniel \u201cFierrito\u201d Ram\u00edrez, Mar\u00eda Victoria Caillava, Carlos P\u00e9rez y el comisario Walter Maciel. Todos seguir\u00e1n detenidos, a excepci\u00f3n de Millapi, quien cumplir\u00e1 su arresto en casa bajo monitoreo electr\u00f3nico por \u00abrazones familiares\u00bb.<\/p>\n\n\n\n<figure class=\"wp-block-image size-large is-style-rounded\"><img fetchpriority=\"high\" decoding=\"async\" width=\"1024\" height=\"509\" src=\"https:\/\/nuevodigitaldeescobar.com.ar\/wp-content\/uploads\/2024\/12\/loannn12-1024x509.png\" alt=\"\" class=\"wp-image-10051\" srcset=\"https:\/\/nuevodigitaldeescobar.com.ar\/wp-content\/uploads\/2024\/12\/loannn12-1024x509.png 1024w, https:\/\/nuevodigitaldeescobar.com.ar\/wp-content\/uploads\/2024\/12\/loannn12-300x149.png 300w, https:\/\/nuevodigitaldeescobar.com.ar\/wp-content\/uploads\/2024\/12\/loannn12-768x382.png 768w, https:\/\/nuevodigitaldeescobar.com.ar\/wp-content\/uploads\/2024\/12\/loannn12.png 1207w\" sizes=\"(max-width: 1024px) 100vw, 1024px\" \/><figcaption class=\"wp-element-caption\">Antonio Ben\u00edtez, Laudelina Pe\u00f1a y Daniel \u00abFierrito\u00bb Ram\u00edrez<\/figcaption><\/figure>\n\n\n\n<p>La decisi\u00f3n fue tomada a solicitud del fiscal federal de Goya, Mariano de Guzm\u00e1n, y de los responsables de la Procuradur\u00eda contra la Trata y Explotaci\u00f3n de Personas (Protex) del Ministerio P\u00fablico, Marcelo Colombo y Alejandra Mangano.<\/p>\n\n\n\n<p>Seg\u00fan la resoluci\u00f3n, se decret\u00f3 el procesamiento con prisi\u00f3n preventiva de los acusados por considerarlos coautores materiales del delito de sustracci\u00f3n de menor de 10 a\u00f1os y amenazas en concurso real en relaci\u00f3n a Caillava y Maciel.<\/p>\n\n\n\n<figure class=\"wp-block-image size-full is-style-rounded\"><img decoding=\"async\" width=\"800\" height=\"450\" src=\"https:\/\/nuevodigitaldeescobar.com.ar\/wp-content\/uploads\/2024\/12\/Perez_Caillava.jpg\" alt=\"\" class=\"wp-image-10052\" srcset=\"https:\/\/nuevodigitaldeescobar.com.ar\/wp-content\/uploads\/2024\/12\/Perez_Caillava.jpg 800w, https:\/\/nuevodigitaldeescobar.com.ar\/wp-content\/uploads\/2024\/12\/Perez_Caillava-300x169.jpg 300w, https:\/\/nuevodigitaldeescobar.com.ar\/wp-content\/uploads\/2024\/12\/Perez_Caillava-768x432.jpg 768w\" sizes=\"(max-width: 800px) 100vw, 800px\" \/><figcaption class=\"wp-element-caption\">Matrimonio Carlos Perez y Mar\u00eda Victoria Caillava<\/figcaption><\/figure>\n\n\n\n<p>El comisario Maciel est\u00e1 procesado por ser responsable de la sustracci\u00f3n y ocultamiento de un menor, agravado por su condici\u00f3n de funcionario p\u00fablico, actuando como part\u00edcipe necesario en el primer delito y autor del segundo.<\/p>\n\n\n\n<p>Respecto a P\u00e9rez, Ben\u00edtez, Pe\u00f1a, Caillava, Ram\u00edrez y Maciel, la Justicia determin\u00f3 que no representaban un riesgo suficiente para obtener la prisi\u00f3n domiciliaria, por lo que seguir\u00e1n detenidos.<\/p>\n\n\n\n<figure class=\"wp-block-image size-large is-style-rounded\"><img decoding=\"async\" width=\"1024\" height=\"576\" src=\"https:\/\/nuevodigitaldeescobar.com.ar\/wp-content\/uploads\/2024\/12\/loann3-1024x576.png\" alt=\"\" class=\"wp-image-10053\" srcset=\"https:\/\/nuevodigitaldeescobar.com.ar\/wp-content\/uploads\/2024\/12\/loann3-1024x576.png 1024w, https:\/\/nuevodigitaldeescobar.com.ar\/wp-content\/uploads\/2024\/12\/loann3-300x169.png 300w, https:\/\/nuevodigitaldeescobar.com.ar\/wp-content\/uploads\/2024\/12\/loann3-768x432.png 768w, https:\/\/nuevodigitaldeescobar.com.ar\/wp-content\/uploads\/2024\/12\/loann3.png 1200w\" sizes=\"(max-width: 1024px) 100vw, 1024px\" \/><figcaption class=\"wp-element-caption\">Ex comisario Walter Maciel<\/figcaption><\/figure>\n\n\n\n<p>Por otro lado, se dispuso el embargo de $1.000.000 a Millapi, Ram\u00edrez, Pe\u00f1a y Ben\u00edtez, $8.000.000 a Maciel, y $20.000.000 al matrimonio Caillava-P\u00e9rez, adem\u00e1s de dictar la falta de m\u00e9rito en cuanto a los cargos de captaci\u00f3n de personas con fines de explotaci\u00f3n, agravados por tratarse de un menor, y de abandono de persona.<\/p>\n","protected":false},"excerpt":{"rendered":"<p>A d\u00edas de cumplirse seis meses de la desaparici\u00f3n de Loan Danilo Pe\u00f1a, la Justicia ha dictado el procesamiento y prisi\u00f3n preventiva para los seis [&hellip;]<\/p>\n","protected":false},"author":1,"featured_media":10054,"comment_status":"open","ping_status":"open","sticky":false,"template":"","format":"standard","meta":{"footnotes":""},"categories":[7,235,13,15],"tags":[],"class_list":["post-10049","post","type-post","status-publish","format-standard","has-post-thumbnail","hentry","category-interes-general","category-judiciales","category-policiales","category-sociedad"],"better_featured_image":{"id":10054,"alt_text":"","caption":"","description":"","media_type":"image","media_details":{"width":800,"height":450,"file":"2024\/12\/loaan1.png","filesize":508683,"sizes":{"medium":{"file":"loaan1-300x169.png","width":300,"height":169,"mime-type":"image\/png","filesize":67423,"source_url":"https:\/\/nuevodigitaldeescobar.com.ar\/wp-content\/uploads\/2024\/12\/loaan1-300x169.png"},"thumbnail":{"file":"loaan1-150x150.png","width":150,"height":150,"mime-type":"image\/png","filesize":36724,"source_url":"https:\/\/nuevodigitaldeescobar.com.ar\/wp-content\/uploads\/2024\/12\/loaan1-150x150.png"},"medium_large":{"file":"loaan1-768x432.png","width":768,"height":432,"mime-type":"image\/png","filesize":297677,"source_url":"https:\/\/nuevodigitaldeescobar.com.ar\/wp-content\/uploads\/2024\/12\/loaan1-768x432.png"}},"image_meta":{"aperture":"0","credit":"","camera":"","caption":"","created_timestamp":"0","copyright":"","focal_length":"0","iso":"0","shutter_speed":"0","title":"","orientation":"0","keywords":[]}},"post":10049,"source_url":"https:\/\/nuevodigitaldeescobar.com.ar\/wp-content\/uploads\/2024\/12\/loaan1.png"},"yoast_head":"<!-- This site is optimized with the Yoast SEO plugin v26.1.1 - https:\/\/yoast.com\/wordpress\/plugins\/seo\/ -->\n<title>Caso Loan: Procesamiento y prisi\u00f3n preventiva para los implicados en la desaparici\u00f3n del ni\u00f1o - Nuevo Digital de Escobar<\/title>\n<meta name=\"robots\" content=\"index, follow, max-snippet:-1, max-image-preview:large, max-video-preview:-1\" \/>\n<link rel=\"canonical\" href=\"https:\/\/nuevodigitaldeescobar.com.ar\/?p=10049\" \/>\n<meta property=\"og:locale\" content=\"es_ES\" \/>\n<meta property=\"og:type\" content=\"article\" \/>\n<meta property=\"og:title\" content=\"Caso Loan: Procesamiento y prisi\u00f3n preventiva para los implicados en la desaparici\u00f3n del ni\u00f1o - Nuevo Digital de Escobar\" \/>\n<meta property=\"og:description\" content=\"A d\u00edas de cumplirse seis meses de la desaparici\u00f3n de Loan Danilo Pe\u00f1a, la Justicia ha dictado el procesamiento y prisi\u00f3n preventiva para los seis [&hellip;]\" \/>\n<meta property=\"og:url\" content=\"https:\/\/nuevodigitaldeescobar.com.ar\/?p=10049\" \/>\n<meta property=\"og:site_name\" content=\"Nuevo Digital de Escobar\" \/>\n<meta property=\"article:publisher\" content=\"https:\/\/www.facebook.com\/NUEVODigitalDeEscobar\" \/>\n<meta property=\"article:published_time\" content=\"2024-12-05T10:00:00+00:00\" \/>\n<meta property=\"article:modified_time\" content=\"2024-12-05T14:30:16+00:00\" \/>\n<meta property=\"og:image\" content=\"https:\/\/nuevodigitaldeescobar.com.ar\/wp-content\/uploads\/2024\/12\/loaan1.png\" \/>\n\t<meta property=\"og:image:width\" content=\"800\" \/>\n\t<meta property=\"og:image:height\" content=\"450\" \/>\n\t<meta property=\"og:image:type\" content=\"image\/png\" \/>\n<meta name=\"author\" content=\"Redacci\u00f3n\" \/>\n<meta name=\"twitter:card\" content=\"summary_large_image\" \/>\n<meta name=\"twitter:creator\" content=\"@nuevodigescobar\" \/>\n<meta name=\"twitter:site\" content=\"@nuevodigescobar\" \/>\n<meta name=\"twitter:label1\" content=\"Escrito por\" \/>\n\t<meta name=\"twitter:data1\" content=\"Redacci\u00f3n\" \/>\n\t<meta name=\"twitter:label2\" content=\"Tiempo de lectura\" \/>\n\t<meta name=\"twitter:data2\" content=\"2 minutos\" \/>\n<script type=\"application\/ld+json\" class=\"yoast-schema-graph\">{\"@context\":\"https:\/\/schema.org\",\"@graph\":[{\"@type\":\"Article\",\"@id\":\"https:\/\/nuevodigitaldeescobar.com.ar\/?p=10049#article\",\"isPartOf\":{\"@id\":\"https:\/\/nuevodigitaldeescobar.com.ar\/?p=10049\"},\"author\":{\"name\":\"Redacci\u00f3n\",\"@id\":\"https:\/\/nuevodigitaldeescobar.com.ar\/#\/schema\/person\/035e90a8efe9a80e6eec22656ad6ea4c\"},\"headline\":\"Caso Loan: Procesamiento y prisi\u00f3n preventiva para los implicados en la desaparici\u00f3n del ni\u00f1o\",\"datePublished\":\"2024-12-05T10:00:00+00:00\",\"dateModified\":\"2024-12-05T14:30:16+00:00\",\"mainEntityOfPage\":{\"@id\":\"https:\/\/nuevodigitaldeescobar.com.ar\/?p=10049\"},\"wordCount\":422,\"commentCount\":0,\"publisher\":{\"@id\":\"https:\/\/nuevodigitaldeescobar.com.ar\/#organization\"},\"image\":{\"@id\":\"https:\/\/nuevodigitaldeescobar.com.ar\/?p=10049#primaryimage\"},\"thumbnailUrl\":\"https:\/\/nuevodigitaldeescobar.com.ar\/wp-content\/uploads\/2024\/12\/loaan1.png\",\"articleSection\":[\"Inter\u00e9s general\",\"Judiciales\",\"Policiales\",\"Sociedad\"],\"inLanguage\":\"es\",\"potentialAction\":[{\"@type\":\"CommentAction\",\"name\":\"Comment\",\"target\":[\"https:\/\/nuevodigitaldeescobar.com.ar\/?p=10049#respond\"]}]},{\"@type\":\"WebPage\",\"@id\":\"https:\/\/nuevodigitaldeescobar.com.ar\/?p=10049\",\"url\":\"https:\/\/nuevodigitaldeescobar.com.ar\/?p=10049\",\"name\":\"Caso Loan: Procesamiento y prisi\u00f3n preventiva para los implicados en la desaparici\u00f3n del ni\u00f1o - Nuevo Digital de Escobar\",\"isPartOf\":{\"@id\":\"https:\/\/nuevodigitaldeescobar.com.ar\/#website\"},\"primaryImageOfPage\":{\"@id\":\"https:\/\/nuevodigitaldeescobar.com.ar\/?p=10049#primaryimage\"},\"image\":{\"@id\":\"https:\/\/nuevodigitaldeescobar.com.ar\/?p=10049#primaryimage\"},\"thumbnailUrl\":\"https:\/\/nuevodigitaldeescobar.com.ar\/wp-content\/uploads\/2024\/12\/loaan1.png\",\"datePublished\":\"2024-12-05T10:00:00+00:00\",\"dateModified\":\"2024-12-05T14:30:16+00:00\",\"breadcrumb\":{\"@id\":\"https:\/\/nuevodigitaldeescobar.com.ar\/?p=10049#breadcrumb\"},\"inLanguage\":\"es\",\"potentialAction\":[{\"@type\":\"ReadAction\",\"target\":[\"https:\/\/nuevodigitaldeescobar.com.ar\/?p=10049\"]}]},{\"@type\":\"ImageObject\",\"inLanguage\":\"es\",\"@id\":\"https:\/\/nuevodigitaldeescobar.com.ar\/?p=10049#primaryimage\",\"url\":\"https:\/\/nuevodigitaldeescobar.com.ar\/wp-content\/uploads\/2024\/12\/loaan1.png\",\"contentUrl\":\"https:\/\/nuevodigitaldeescobar.com.ar\/wp-content\/uploads\/2024\/12\/loaan1.png\",\"width\":800,\"height\":450},{\"@type\":\"BreadcrumbList\",\"@id\":\"https:\/\/nuevodigitaldeescobar.com.ar\/?p=10049#breadcrumb\",\"itemListElement\":[{\"@type\":\"ListItem\",\"position\":1,\"name\":\"Portada\",\"item\":\"https:\/\/nuevodigitaldeescobar.com.ar\/\"},{\"@type\":\"ListItem\",\"position\":2,\"name\":\"Caso Loan: Procesamiento y prisi\u00f3n preventiva para los implicados en la desaparici\u00f3n del ni\u00f1o\"}]},{\"@type\":\"WebSite\",\"@id\":\"https:\/\/nuevodigitaldeescobar.com.ar\/#website\",\"url\":\"https:\/\/nuevodigitaldeescobar.com.ar\/\",\"name\":\"Nuevo Digital de Escobar\",\"description\":\"La vida escobarense. Directora: Rosana Brunner\",\"publisher\":{\"@id\":\"https:\/\/nuevodigitaldeescobar.com.ar\/#organization\"},\"potentialAction\":[{\"@type\":\"SearchAction\",\"target\":{\"@type\":\"EntryPoint\",\"urlTemplate\":\"https:\/\/nuevodigitaldeescobar.com.ar\/?s={search_term_string}\"},\"query-input\":{\"@type\":\"PropertyValueSpecification\",\"valueRequired\":true,\"valueName\":\"search_term_string\"}}],\"inLanguage\":\"es\"},{\"@type\":\"Organization\",\"@id\":\"https:\/\/nuevodigitaldeescobar.com.ar\/#organization\",\"name\":\"Nuevo Digital de Escobar\",\"url\":\"https:\/\/nuevodigitaldeescobar.com.ar\/\",\"logo\":{\"@type\":\"ImageObject\",\"inLanguage\":\"es\",\"@id\":\"https:\/\/nuevodigitaldeescobar.com.ar\/#\/schema\/logo\/image\/\",\"url\":\"https:\/\/nuevodigitaldeescobar.com.ar\/wp-content\/uploads\/2025\/05\/cropped-logo-nuevo2.jpg\",\"contentUrl\":\"https:\/\/nuevodigitaldeescobar.com.ar\/wp-content\/uploads\/2025\/05\/cropped-logo-nuevo2.jpg\",\"width\":305,\"height\":305,\"caption\":\"Nuevo Digital de Escobar\"},\"image\":{\"@id\":\"https:\/\/nuevodigitaldeescobar.com.ar\/#\/schema\/logo\/image\/\"},\"sameAs\":[\"https:\/\/www.facebook.com\/NUEVODigitalDeEscobar\",\"https:\/\/x.com\/nuevodigescobar\",\"https:\/\/www.instagram.com\/nuevodigitaldeescobar\"]},{\"@type\":\"Person\",\"@id\":\"https:\/\/nuevodigitaldeescobar.com.ar\/#\/schema\/person\/035e90a8efe9a80e6eec22656ad6ea4c\",\"name\":\"Redacci\u00f3n\",\"image\":{\"@type\":\"ImageObject\",\"inLanguage\":\"es\",\"@id\":\"https:\/\/nuevodigitaldeescobar.com.ar\/#\/schema\/person\/image\/\",\"url\":\"https:\/\/secure.gravatar.com\/avatar\/8af8f40000c24e9eef3034f2be5998a372bb1389e64b1a4a36b3a7979142220d?s=96&d=mm&r=g\",\"contentUrl\":\"https:\/\/secure.gravatar.com\/avatar\/8af8f40000c24e9eef3034f2be5998a372bb1389e64b1a4a36b3a7979142220d?s=96&d=mm&r=g\",\"caption\":\"Redacci\u00f3n\"},\"sameAs\":[\"http:\/\/nuevodigitaldeescobar.com.ar\"],\"url\":\"https:\/\/nuevodigitaldeescobar.com.ar\/?author=1\"}]}<\/script>\n<!-- \/ Yoast SEO plugin. -->","yoast_head_json":{"title":"Caso Loan: Procesamiento y prisi\u00f3n preventiva para los implicados en la desaparici\u00f3n del ni\u00f1o - Nuevo Digital de Escobar","robots":{"index":"index","follow":"follow","max-snippet":"max-snippet:-1","max-image-preview":"max-image-preview:large","max-video-preview":"max-video-preview:-1"},"canonical":"https:\/\/nuevodigitaldeescobar.com.ar\/?p=10049","og_locale":"es_ES","og_type":"article","og_title":"Caso Loan: Procesamiento y prisi\u00f3n preventiva para los implicados en la desaparici\u00f3n del ni\u00f1o - Nuevo Digital de Escobar","og_description":"A d\u00edas de cumplirse seis meses de la desaparici\u00f3n de Loan Danilo Pe\u00f1a, la Justicia ha dictado el procesamiento y prisi\u00f3n preventiva para los seis [&hellip;]","og_url":"https:\/\/nuevodigitaldeescobar.com.ar\/?p=10049","og_site_name":"Nuevo Digital de Escobar","article_publisher":"https:\/\/www.facebook.com\/NUEVODigitalDeEscobar","article_published_time":"2024-12-05T10:00:00+00:00","article_modified_time":"2024-12-05T14:30:16+00:00","og_image":[{"width":800,"height":450,"url":"https:\/\/nuevodigitaldeescobar.com.ar\/wp-content\/uploads\/2024\/12\/loaan1.png","type":"image\/png"}],"author":"Redacci\u00f3n","twitter_card":"summary_large_image","twitter_creator":"@nuevodigescobar","twitter_site":"@nuevodigescobar","twitter_misc":{"Escrito por":"Redacci\u00f3n","Tiempo de lectura":"2 minutos"},"schema":{"@context":"https:\/\/schema.org","@graph":[{"@type":"Article","@id":"https:\/\/nuevodigitaldeescobar.com.ar\/?p=10049#article","isPartOf":{"@id":"https:\/\/nuevodigitaldeescobar.com.ar\/?p=10049"},"author":{"name":"Redacci\u00f3n","@id":"https:\/\/nuevodigitaldeescobar.com.ar\/#\/schema\/person\/035e90a8efe9a80e6eec22656ad6ea4c"},"headline":"Caso Loan: Procesamiento y prisi\u00f3n preventiva para los implicados en la desaparici\u00f3n del ni\u00f1o","datePublished":"2024-12-05T10:00:00+00:00","dateModified":"2024-12-05T14:30:16+00:00","mainEntityOfPage":{"@id":"https:\/\/nuevodigitaldeescobar.com.ar\/?p=10049"},"wordCount":422,"commentCount":0,"publisher":{"@id":"https:\/\/nuevodigitaldeescobar.com.ar\/#organization"},"image":{"@id":"https:\/\/nuevodigitaldeescobar.com.ar\/?p=10049#primaryimage"},"thumbnailUrl":"https:\/\/nuevodigitaldeescobar.com.ar\/wp-content\/uploads\/2024\/12\/loaan1.png","articleSection":["Inter\u00e9s general","Judiciales","Policiales","Sociedad"],"inLanguage":"es","potentialAction":[{"@type":"CommentAction","name":"Comment","target":["https:\/\/nuevodigitaldeescobar.com.ar\/?p=10049#respond"]}]},{"@type":"WebPage","@id":"https:\/\/nuevodigitaldeescobar.com.ar\/?p=10049","url":"https:\/\/nuevodigitaldeescobar.com.ar\/?p=10049","name":"Caso Loan: Procesamiento y prisi\u00f3n preventiva para los implicados en la desaparici\u00f3n del ni\u00f1o - Nuevo Digital de Escobar","isPartOf":{"@id":"https:\/\/nuevodigitaldeescobar.com.ar\/#website"},"primaryImageOfPage":{"@id":"https:\/\/nuevodigitaldeescobar.com.ar\/?p=10049#primaryimage"},"image":{"@id":"https:\/\/nuevodigitaldeescobar.com.ar\/?p=10049#primaryimage"},"thumbnailUrl":"https:\/\/nuevodigitaldeescobar.com.ar\/wp-content\/uploads\/2024\/12\/loaan1.png","datePublished":"2024-12-05T10:00:00+00:00","dateModified":"2024-12-05T14:30:16+00:00","breadcrumb":{"@id":"https:\/\/nuevodigitaldeescobar.com.ar\/?p=10049#breadcrumb"},"inLanguage":"es","potentialAction":[{"@type":"ReadAction","target":["https:\/\/nuevodigitaldeescobar.com.ar\/?p=10049"]}]},{"@type":"ImageObject","inLanguage":"es","@id":"https:\/\/nuevodigitaldeescobar.com.ar\/?p=10049#primaryimage","url":"https:\/\/nuevodigitaldeescobar.com.ar\/wp-content\/uploads\/2024\/12\/loaan1.png","contentUrl":"https:\/\/nuevodigitaldeescobar.com.ar\/wp-content\/uploads\/2024\/12\/loaan1.png","width":800,"height":450},{"@type":"BreadcrumbList","@id":"https:\/\/nuevodigitaldeescobar.com.ar\/?p=10049#breadcrumb","itemListElement":[{"@type":"ListItem","position":1,"name":"Portada","item":"https:\/\/nuevodigitaldeescobar.com.ar\/"},{"@type":"ListItem","position":2,"name":"Caso Loan: Procesamiento y prisi\u00f3n preventiva para los implicados en la desaparici\u00f3n del ni\u00f1o"}]},{"@type":"WebSite","@id":"https:\/\/nuevodigitaldeescobar.com.ar\/#website","url":"https:\/\/nuevodigitaldeescobar.com.ar\/","name":"Nuevo Digital de Escobar","description":"La vida escobarense. Directora: Rosana Brunner","publisher":{"@id":"https:\/\/nuevodigitaldeescobar.com.ar\/#organization"},"potentialAction":[{"@type":"SearchAction","target":{"@type":"EntryPoint","urlTemplate":"https:\/\/nuevodigitaldeescobar.com.ar\/?s={search_term_string}"},"query-input":{"@type":"PropertyValueSpecification","valueRequired":true,"valueName":"search_term_string"}}],"inLanguage":"es"},{"@type":"Organization","@id":"https:\/\/nuevodigitaldeescobar.com.ar\/#organization","name":"Nuevo Digital de Escobar","url":"https:\/\/nuevodigitaldeescobar.com.ar\/","logo":{"@type":"ImageObject","inLanguage":"es","@id":"https:\/\/nuevodigitaldeescobar.com.ar\/#\/schema\/logo\/image\/","url":"https:\/\/nuevodigitaldeescobar.com.ar\/wp-content\/uploads\/2025\/05\/cropped-logo-nuevo2.jpg","contentUrl":"https:\/\/nuevodigitaldeescobar.com.ar\/wp-content\/uploads\/2025\/05\/cropped-logo-nuevo2.jpg","width":305,"height":305,"caption":"Nuevo Digital de Escobar"},"image":{"@id":"https:\/\/nuevodigitaldeescobar.com.ar\/#\/schema\/logo\/image\/"},"sameAs":["https:\/\/www.facebook.com\/NUEVODigitalDeEscobar","https:\/\/x.com\/nuevodigescobar","https:\/\/www.instagram.com\/nuevodigitaldeescobar"]},{"@type":"Person","@id":"https:\/\/nuevodigitaldeescobar.com.ar\/#\/schema\/person\/035e90a8efe9a80e6eec22656ad6ea4c","name":"Redacci\u00f3n","image":{"@type":"ImageObject","inLanguage":"es","@id":"https:\/\/nuevodigitaldeescobar.com.ar\/#\/schema\/person\/image\/","url":"https:\/\/secure.gravatar.com\/avatar\/8af8f40000c24e9eef3034f2be5998a372bb1389e64b1a4a36b3a7979142220d?s=96&d=mm&r=g","contentUrl":"https:\/\/secure.gravatar.com\/avatar\/8af8f40000c24e9eef3034f2be5998a372bb1389e64b1a4a36b3a7979142220d?s=96&d=mm&r=g","caption":"Redacci\u00f3n"},"sameAs":["http:\/\/nuevodigitaldeescobar.com.ar"],"url":"https:\/\/nuevodigitaldeescobar.com.ar\/?author=1"}]}},"featured_image_urls":{"full":["https:\/\/nuevodigitaldeescobar.com.ar\/wp-content\/uploads\/2024\/12\/loaan1.png",800,450,false],"thumbnail":["https:\/\/nuevodigitaldeescobar.com.ar\/wp-content\/uploads\/2024\/12\/loaan1-150x150.png",150,150,true],"medium":["https:\/\/nuevodigitaldeescobar.com.ar\/wp-content\/uploads\/2024\/12\/loaan1-300x169.png",300,169,true],"medium_large":["https:\/\/nuevodigitaldeescobar.com.ar\/wp-content\/uploads\/2024\/12\/loaan1-768x432.png",640,360,true],"large":["https:\/\/nuevodigitaldeescobar.com.ar\/wp-content\/uploads\/2024\/12\/loaan1.png",640,360,false],"1536x1536":["https:\/\/nuevodigitaldeescobar.com.ar\/wp-content\/uploads\/2024\/12\/loaan1.png",800,450,false],"2048x2048":["https:\/\/nuevodigitaldeescobar.com.ar\/wp-content\/uploads\/2024\/12\/loaan1.png",800,450,false]},"author_info":{"display_name":"Redacci\u00f3n","author_link":"https:\/\/nuevodigitaldeescobar.com.ar\/?author=1"},"category_info":"<a href=\"https:\/\/nuevodigitaldeescobar.com.ar\/?cat=7\" rel=\"category\">Inter\u00e9s general<\/a> <a href=\"https:\/\/nuevodigitaldeescobar.com.ar\/?cat=235\" rel=\"category\">Judiciales<\/a> <a href=\"https:\/\/nuevodigitaldeescobar.com.ar\/?cat=13\" rel=\"category\">Policiales<\/a> <a href=\"https:\/\/nuevodigitaldeescobar.com.ar\/?cat=15\" rel=\"category\">Sociedad<\/a>","tag_info":"Sociedad","comment_count":"0","_links":{"self":[{"href":"https:\/\/nuevodigitaldeescobar.com.ar\/index.php?rest_route=\/wp\/v2\/posts\/10049","targetHints":{"allow":["GET"]}}],"collection":[{"href":"https:\/\/nuevodigitaldeescobar.com.ar\/index.php?rest_route=\/wp\/v2\/posts"}],"about":[{"href":"https:\/\/nuevodigitaldeescobar.com.ar\/index.php?rest_route=\/wp\/v2\/types\/post"}],"author":[{"embeddable":true,"href":"https:\/\/nuevodigitaldeescobar.com.ar\/index.php?rest_route=\/wp\/v2\/users\/1"}],"replies":[{"embeddable":true,"href":"https:\/\/nuevodigitaldeescobar.com.ar\/index.php?rest_route=%2Fwp%2Fv2%2Fcomments&post=10049"}],"version-history":[{"count":3,"href":"https:\/\/nuevodigitaldeescobar.com.ar\/index.php?rest_route=\/wp\/v2\/posts\/10049\/revisions"}],"predecessor-version":[{"id":10084,"href":"https:\/\/nuevodigitaldeescobar.com.ar\/index.php?rest_route=\/wp\/v2\/posts\/10049\/revisions\/10084"}],"wp:featuredmedia":[{"embeddable":true,"href":"https:\/\/nuevodigitaldeescobar.com.ar\/index.php?rest_route=\/wp\/v2\/media\/10054"}],"wp:attachment":[{"href":"https:\/\/nuevodigitaldeescobar.com.ar\/index.php?rest_route=%2Fwp%2Fv2%2Fmedia&parent=10049"}],"wp:term":[{"taxonomy":"category","embeddable":true,"href":"https:\/\/nuevodigitaldeescobar.com.ar\/index.php?rest_route=%2Fwp%2Fv2%2Fcategories&post=10049"},{"taxonomy":"post_tag","embeddable":true,"href":"https:\/\/nuevodigitaldeescobar.com.ar\/index.php?rest_route=%2Fwp%2Fv2%2Ftags&post=10049"}],"curies":[{"name":"wp","href":"https:\/\/api.w.org\/{rel}","templated":true}]}}