{"id":10085,"date":"2024-12-05T12:11:45","date_gmt":"2024-12-05T15:11:45","guid":{"rendered":"https:\/\/nuevodigitaldeescobar.com.ar\/?p=10085"},"modified":"2024-12-05T12:15:41","modified_gmt":"2024-12-05T15:15:41","slug":"piqueteros-desafian-el-protocolo-de-bullrich-y-marchan-hacia-plaza-de-mayo-exigiendo-cambios-en-el-gobierno","status":"publish","type":"post","link":"https:\/\/nuevodigitaldeescobar.com.ar\/?p=10085","title":{"rendered":"Piqueteros desaf\u00edan el protocolo de Bullrich y marchan hacia Plaza de Mayo exigiendo cambios en el gobierno"},"content":{"rendered":"<p><span style=\"color: #003366;\"><em><strong>Desde hace siete meses, la Avenida 9 de Julio no ha sido cortada por protestas. Sin embargo, hoy, grupos de piqueteros comenzaron su marcha pasadas las 10 de la ma\u00f1ana, replicando la manifestaci\u00f3n en diversas ciudades del pa\u00eds. Exigen una audiencia con la ministra de Capital Humano, Sandra Pettovello. El Ministerio de Seguridad despleg\u00f3 un operativo para evitar que se interrumpa la circulaci\u00f3n en las principales avenidas.<\/strong><\/em><\/span><br \/><!--more--><\/p>\n\n\n<p>Los manifestantes de izquierda se oponen a las pol\u00edticas del gobierno, que seg\u00fan ellos, afectan especialmente a los sectores m\u00e1s vulnerables. La marcha forma parte de una \u00abjornada federal de lucha\u00bb en la que exigen una \u00abArgentina sin hambre, con paz, justicia social y soberan\u00eda\u00bb. Los organizadores presentar\u00e1n una solicitud para una reuni\u00f3n urgente con la ministra Pettovello y con Juan Bautista Ord\u00f3\u00f1ez, secretario de Ni\u00f1ez, Adolescencia y Familia.<\/p>\n\n\n\n<figure class=\"wp-block-image size-full is-resized is-style-rounded\"><img fetchpriority=\"high\" decoding=\"async\" width=\"750\" height=\"500\" src=\"http:\/\/nuevodigitaldeescobar.com.ar\/wp-content\/uploads\/2024\/12\/jbosp12.jpg\" alt=\"\" class=\"wp-image-10090\" style=\"width:839px;height:auto\" srcset=\"https:\/\/nuevodigitaldeescobar.com.ar\/wp-content\/uploads\/2024\/12\/jbosp12.jpg 750w, https:\/\/nuevodigitaldeescobar.com.ar\/wp-content\/uploads\/2024\/12\/jbosp12-300x200.jpg 300w\" sizes=\"(max-width: 750px) 100vw, 750px\" \/><figcaption class=\"wp-element-caption\"><em><strong>Juan Bautista Ord\u00f3\u00f1ez<\/strong> &#8211; Secretario de Ni\u00f1ez, Adolescencia y Familia \/\/ <strong>Sandra Pettovello<\/strong> &#8211; Ministra de Capital Humano<\/em><\/figcaption><\/figure>\n\n\n\n<p>La protesta se realizar\u00e1 en tres etapas, con la Ciudad de Buenos Aires como epicentro. Desde las 10 de la ma\u00f1ana, las columnas de manifestantes, agrupadas bajo el movimiento Territorios en Lucha, se concentraron frente al antiguo Ministerio de Desarrollo Social, en Moreno y Lima. Una hora despu\u00e9s, se unieron a otros grupos reunidos en Avenida Belgrano y 9 de Julio, y a las 13 horas, partir\u00e1n hacia Plaza de Mayo.<\/p>\n\n\n\n<p>Aunque circulaban por las veredas, en las avenidas 9 de Julio y de Mayo se generaron demoras debido a los esfuerzos de los agentes de tr\u00e1nsito y la Polic\u00eda Federal por ordenar la circulaci\u00f3n y evitar el corte del tr\u00e1fico.<\/p>\n\n\n\n<figure class=\"wp-block-image size-large is-style-rounded\"><img decoding=\"async\" width=\"1024\" height=\"575\" src=\"http:\/\/nuevodigitaldeescobar.com.ar\/wp-content\/uploads\/2024\/12\/edu112-1024x575.jpg\" alt=\"\" class=\"wp-image-10089\" srcset=\"https:\/\/nuevodigitaldeescobar.com.ar\/wp-content\/uploads\/2024\/12\/edu112-1024x575.jpg 1024w, https:\/\/nuevodigitaldeescobar.com.ar\/wp-content\/uploads\/2024\/12\/edu112-300x168.jpg 300w, https:\/\/nuevodigitaldeescobar.com.ar\/wp-content\/uploads\/2024\/12\/edu112-768x431.jpg 768w, https:\/\/nuevodigitaldeescobar.com.ar\/wp-content\/uploads\/2024\/12\/edu112.jpg 1300w\" sizes=\"(max-width: 1024px) 100vw, 1024px\" \/><figcaption class=\"wp-element-caption\"><strong>Eduardo Belliboni<\/strong> &#8211; L\u00edder del Polo Obrero<\/figcaption><\/figure>\n\n\n\n<p>Territorios en Lucha, organizaci\u00f3n que no incluye al Polo Obrero, agrupa a diferentes movimientos, entre ellos Libres del Sur, Movimiento Argentina Rebelde (MAR), Movimiento 29 de Mayo, el Frente Popular Dar\u00edo Santill\u00e1n, y otros m\u00e1s. Tambi\u00e9n participan de la marcha las columnas del Polo Obrero, encabezadas por Eduardo Belliboni, quien enfrenta un juicio por presuntos delitos de \u00abadministraci\u00f3n fraudulenta\u00bb y \u00abextorsi\u00f3n\u00bb, que podr\u00edan implicar penas de hasta 15 a\u00f1os de prisi\u00f3n.<\/p>\n\n\n\n<p>La manifestaci\u00f3n representa un nuevo desaf\u00edo al protocolo antipiquetes implementado por el Ministerio de Seguridad, dirigido por Patricia Bullrich, quien ha asegurado que las fuerzas federales velar\u00e1n por el cumplimiento de la normativa para garantizar el orden p\u00fablico.<\/p>\n\n\n\n<p>La \u00faltima vez que se intent\u00f3 cortar la Avenida 9 de Julio fue en abril, pero las fuerzas de seguridad lograron dispersar a los manifestantes. Desde entonces, no se ha interrumpido el tr\u00e1fico en esta arteria central de la ciudad.<\/p>\n\n\n<div class=\"wp-block-image is-style-rounded\">\n<figure class=\"alignleft size-large is-resized\"><img decoding=\"async\" width=\"682\" height=\"1024\" src=\"http:\/\/nuevodigitaldeescobar.com.ar\/wp-content\/uploads\/2024\/12\/sil-682x1024.jpg\" alt=\"\" class=\"wp-image-10092\" style=\"width:304px;height:auto\" srcset=\"https:\/\/nuevodigitaldeescobar.com.ar\/wp-content\/uploads\/2024\/12\/sil-682x1024.jpg 682w, https:\/\/nuevodigitaldeescobar.com.ar\/wp-content\/uploads\/2024\/12\/sil-200x300.jpg 200w, https:\/\/nuevodigitaldeescobar.com.ar\/wp-content\/uploads\/2024\/12\/sil-768x1153.jpg 768w, https:\/\/nuevodigitaldeescobar.com.ar\/wp-content\/uploads\/2024\/12\/sil-1023x1536.jpg 1023w, https:\/\/nuevodigitaldeescobar.com.ar\/wp-content\/uploads\/2024\/12\/sil.jpg 1066w\" sizes=\"(max-width: 682px) 100vw, 682px\" \/><figcaption class=\"wp-element-caption\"><em><strong>Silvia Saravia<\/strong> &#8211; Dirigente nacional de Libres del Sur<\/em><\/figcaption><\/figure><\/div>\n\n\n<p>Silvia Saravia, referente de Libres del Sur, defendi\u00f3 la movilizaci\u00f3n: <em>\u201cEs urgente la unidad para frenar el desastre social y econ\u00f3mico que est\u00e1 provocando Milei. Su gobierno ha atacado \u00e1reas clave como la educaci\u00f3n, la salud y los salarios, y especialmente a los jubilados. Protestamos para que no sigan invisibilizando el trabajo de miles de personas que sostienen comedores comunitarios en barrios humildes. El Estado debe cumplir con su deber\u201d<\/em>. Adem\u00e1s, destac\u00f3: <em>\u201cBajo el lema \u2018la patria no se vende\u2019, buscamos visibilizar nuestra lucha por una Argentina libre de hambre y de pol\u00edticas de ajuste\u201d<\/em>.<\/p>\n\n\n\n<p>Antes de llegar a Plaza de Mayo, el Polo Obrero y otros movimientos piqueteros realizaron una radio abierta en el Obelisco. La columna de Belliboni llevar\u00e1 una bandera que reclama <em>\u00abParo general y plan de lucha para derrotar a Milei\u00bb<\/em>.<\/p>\n\n\n\n<p>El d\u00eda anterior, un grupo de estas organizaciones se concentr\u00f3 en La Matanza, en Buenos Aires, para exigir alimentos para los comedores comunitarios y un bono de emergencia de $100.000. El acto culmin\u00f3 en la plaza de San Justo, frente al Palacio Municipal.<\/p>\n\n\n\n<p>El l\u00edder piquetero mencion\u00f3: <em>\u201cMarchamos contra el hambre que genera el gobierno de Milei. Exigimos un bono para quienes no tendr\u00e1n celebraciones en estas fiestas y un aumento en los programas sociales, como el Potenciar Trabajo, que sigue congelado desde diciembre pasado\u201d<\/em>.<\/p>\n\n\n\n<p>La movilizaci\u00f3n tambi\u00e9n refleja la fractura dentro del Frente Nacional Piquetero, tras el procesamiento de Belliboni y otros dirigentes del Polo Obrero. En un comunicado, organizaciones como la Coordinadora Sindical Clasista y otros sindicatos combativos denuncian los ataques del gobierno a los trabajadores, j\u00f3venes y mujeres, y critican la pasividad de los sindicatos tradicionales ante las pol\u00edticas de ajuste.<\/p>\n\n\n<div class=\"wp-block-image is-style-rounded\">\n<figure class=\"alignright size-full is-resized\"><img loading=\"lazy\" decoding=\"async\" width=\"780\" height=\"446\" src=\"http:\/\/nuevodigitaldeescobar.com.ar\/wp-content\/uploads\/2024\/12\/cel.jpg\" alt=\"\" class=\"wp-image-10088\" style=\"width:441px;height:auto\" srcset=\"https:\/\/nuevodigitaldeescobar.com.ar\/wp-content\/uploads\/2024\/12\/cel.jpg 780w, https:\/\/nuevodigitaldeescobar.com.ar\/wp-content\/uploads\/2024\/12\/cel-300x172.jpg 300w, https:\/\/nuevodigitaldeescobar.com.ar\/wp-content\/uploads\/2024\/12\/cel-768x439.jpg 768w\" sizes=\"(max-width: 780px) 100vw, 780px\" \/><figcaption class=\"wp-element-caption\"><em><strong>Celeste Fierro<\/strong> &#8211; Diputada porte\u00f1a del MST-FITU<\/em><\/figcaption><\/figure><\/div>\n\n\n<p>Celeste Fierro, diputada del MST-FITU, tambi\u00e9n participa de la protesta. <em>\u201cVamos a hacer una radio abierta en el Obelisco y luego marcharemos hacia Plaza de Mayo. Es necesario un verdadero plan de lucha y un paro general para enfrentar el ajuste de Milei\u201d<\/em>, dijo. Adem\u00e1s, se\u00f1al\u00f3 que la dirigencia sindical debe dejar de ser c\u00f3mplice del gobierno y defender los derechos de los trabajadores.<\/p>\n\n\n\n<p>Para los piqueteros, esta jornada de protesta refleja un creciente descontento social y busca presionar al gobierno para cambiar las pol\u00edticas que consideran perjudiciales para los sectores m\u00e1s vulnerables.<\/p>\n","protected":false},"excerpt":{"rendered":"<p>Desde hace siete meses, la Avenida 9 de Julio no ha sido cortada por protestas. Sin embargo, hoy, grupos de piqueteros comenzaron su marcha pasadas [&hellip;]<\/p>\n","protected":false},"author":1,"featured_media":10091,"comment_status":"open","ping_status":"open","sticky":false,"template":"","format":"standard","meta":{"footnotes":""},"categories":[7,13,6,15],"tags":[],"class_list":["post-10085","post","type-post","status-publish","format-standard","has-post-thumbnail","hentry","category-interes-general","category-policiales","category-politica","category-sociedad"],"better_featured_image":{"id":10091,"alt_text":"","caption":"","description":"","media_type":"image","media_details":{"width":1920,"height":1280,"file":"2024\/12\/piqwIUZ5M.jpg","filesize":440616,"sizes":{"medium":{"file":"piqwIUZ5M-300x200.jpg","width":300,"height":200,"mime-type":"image\/jpeg","filesize":15978,"source_url":"https:\/\/nuevodigitaldeescobar.com.ar\/wp-content\/uploads\/2024\/12\/piqwIUZ5M-300x200.jpg"},"large":{"file":"piqwIUZ5M-1024x683.jpg","width":1024,"height":683,"mime-type":"image\/jpeg","filesize":140909,"source_url":"https:\/\/nuevodigitaldeescobar.com.ar\/wp-content\/uploads\/2024\/12\/piqwIUZ5M-1024x683.jpg"},"thumbnail":{"file":"piqwIUZ5M-150x150.jpg","width":150,"height":150,"mime-type":"image\/jpeg","filesize":6374,"source_url":"https:\/\/nuevodigitaldeescobar.com.ar\/wp-content\/uploads\/2024\/12\/piqwIUZ5M-150x150.jpg"},"medium_large":{"file":"piqwIUZ5M-768x512.jpg","width":768,"height":512,"mime-type":"image\/jpeg","filesize":83062,"source_url":"https:\/\/nuevodigitaldeescobar.com.ar\/wp-content\/uploads\/2024\/12\/piqwIUZ5M-768x512.jpg"},"1536x1536":{"file":"piqwIUZ5M-1536x1024.jpg","width":1536,"height":1024,"mime-type":"image\/jpeg","filesize":289484,"source_url":"https:\/\/nuevodigitaldeescobar.com.ar\/wp-content\/uploads\/2024\/12\/piqwIUZ5M-1536x1024.jpg"}},"image_meta":{"aperture":"0","credit":"","camera":"","caption":"","created_timestamp":"0","copyright":"","focal_length":"0","iso":"0","shutter_speed":"0","title":"","orientation":"0","keywords":[]}},"post":10085,"source_url":"https:\/\/nuevodigitaldeescobar.com.ar\/wp-content\/uploads\/2024\/12\/piqwIUZ5M.jpg"},"yoast_head":"<!-- This site is optimized with the Yoast SEO plugin v26.1.1 - https:\/\/yoast.com\/wordpress\/plugins\/seo\/ -->\n<title>Piqueteros desaf\u00edan el protocolo de Bullrich y marchan hacia Plaza de Mayo exigiendo cambios en el gobierno - Nuevo Digital de Escobar<\/title>\n<meta name=\"robots\" content=\"index, follow, max-snippet:-1, max-image-preview:large, max-video-preview:-1\" \/>\n<link rel=\"canonical\" href=\"https:\/\/nuevodigitaldeescobar.com.ar\/?p=10085\" \/>\n<meta property=\"og:locale\" content=\"es_ES\" \/>\n<meta property=\"og:type\" content=\"article\" \/>\n<meta property=\"og:title\" content=\"Piqueteros desaf\u00edan el protocolo de Bullrich y marchan hacia Plaza de Mayo exigiendo cambios en el gobierno - Nuevo Digital de Escobar\" \/>\n<meta property=\"og:description\" content=\"Desde hace siete meses, la Avenida 9 de Julio no ha sido cortada por protestas. Sin embargo, hoy, grupos de piqueteros comenzaron su marcha pasadas [&hellip;]\" \/>\n<meta property=\"og:url\" content=\"https:\/\/nuevodigitaldeescobar.com.ar\/?p=10085\" \/>\n<meta property=\"og:site_name\" content=\"Nuevo Digital de Escobar\" \/>\n<meta property=\"article:publisher\" content=\"https:\/\/www.facebook.com\/NUEVODigitalDeEscobar\" \/>\n<meta property=\"article:published_time\" content=\"2024-12-05T15:11:45+00:00\" \/>\n<meta property=\"article:modified_time\" content=\"2024-12-05T15:15:41+00:00\" \/>\n<meta property=\"og:image\" content=\"https:\/\/nuevodigitaldeescobar.com.ar\/wp-content\/uploads\/2024\/12\/piqwIUZ5M.jpg\" \/>\n\t<meta property=\"og:image:width\" content=\"1920\" \/>\n\t<meta property=\"og:image:height\" content=\"1280\" \/>\n\t<meta property=\"og:image:type\" content=\"image\/jpeg\" \/>\n<meta name=\"author\" content=\"Redacci\u00f3n\" \/>\n<meta name=\"twitter:card\" content=\"summary_large_image\" \/>\n<meta name=\"twitter:creator\" content=\"@nuevodigescobar\" \/>\n<meta name=\"twitter:site\" content=\"@nuevodigescobar\" \/>\n<meta name=\"twitter:label1\" content=\"Escrito por\" \/>\n\t<meta name=\"twitter:data1\" content=\"Redacci\u00f3n\" \/>\n\t<meta name=\"twitter:label2\" content=\"Tiempo de lectura\" \/>\n\t<meta name=\"twitter:data2\" content=\"4 minutos\" \/>\n<script type=\"application\/ld+json\" class=\"yoast-schema-graph\">{\"@context\":\"https:\/\/schema.org\",\"@graph\":[{\"@type\":\"Article\",\"@id\":\"https:\/\/nuevodigitaldeescobar.com.ar\/?p=10085#article\",\"isPartOf\":{\"@id\":\"https:\/\/nuevodigitaldeescobar.com.ar\/?p=10085\"},\"author\":{\"name\":\"Redacci\u00f3n\",\"@id\":\"https:\/\/nuevodigitaldeescobar.com.ar\/#\/schema\/person\/035e90a8efe9a80e6eec22656ad6ea4c\"},\"headline\":\"Piqueteros desaf\u00edan el protocolo de Bullrich y marchan hacia Plaza de Mayo exigiendo cambios en el gobierno\",\"datePublished\":\"2024-12-05T15:11:45+00:00\",\"dateModified\":\"2024-12-05T15:15:41+00:00\",\"mainEntityOfPage\":{\"@id\":\"https:\/\/nuevodigitaldeescobar.com.ar\/?p=10085\"},\"wordCount\":872,\"commentCount\":0,\"publisher\":{\"@id\":\"https:\/\/nuevodigitaldeescobar.com.ar\/#organization\"},\"image\":{\"@id\":\"https:\/\/nuevodigitaldeescobar.com.ar\/?p=10085#primaryimage\"},\"thumbnailUrl\":\"https:\/\/nuevodigitaldeescobar.com.ar\/wp-content\/uploads\/2024\/12\/piqwIUZ5M.jpg\",\"articleSection\":[\"Inter\u00e9s general\",\"Policiales\",\"Pol\u00edtica\",\"Sociedad\"],\"inLanguage\":\"es\",\"potentialAction\":[{\"@type\":\"CommentAction\",\"name\":\"Comment\",\"target\":[\"https:\/\/nuevodigitaldeescobar.com.ar\/?p=10085#respond\"]}]},{\"@type\":\"WebPage\",\"@id\":\"https:\/\/nuevodigitaldeescobar.com.ar\/?p=10085\",\"url\":\"https:\/\/nuevodigitaldeescobar.com.ar\/?p=10085\",\"name\":\"Piqueteros desaf\u00edan el protocolo de Bullrich y marchan hacia Plaza de Mayo exigiendo cambios en el gobierno - Nuevo Digital de Escobar\",\"isPartOf\":{\"@id\":\"https:\/\/nuevodigitaldeescobar.com.ar\/#website\"},\"primaryImageOfPage\":{\"@id\":\"https:\/\/nuevodigitaldeescobar.com.ar\/?p=10085#primaryimage\"},\"image\":{\"@id\":\"https:\/\/nuevodigitaldeescobar.com.ar\/?p=10085#primaryimage\"},\"thumbnailUrl\":\"https:\/\/nuevodigitaldeescobar.com.ar\/wp-content\/uploads\/2024\/12\/piqwIUZ5M.jpg\",\"datePublished\":\"2024-12-05T15:11:45+00:00\",\"dateModified\":\"2024-12-05T15:15:41+00:00\",\"breadcrumb\":{\"@id\":\"https:\/\/nuevodigitaldeescobar.com.ar\/?p=10085#breadcrumb\"},\"inLanguage\":\"es\",\"potentialAction\":[{\"@type\":\"ReadAction\",\"target\":[\"https:\/\/nuevodigitaldeescobar.com.ar\/?p=10085\"]}]},{\"@type\":\"ImageObject\",\"inLanguage\":\"es\",\"@id\":\"https:\/\/nuevodigitaldeescobar.com.ar\/?p=10085#primaryimage\",\"url\":\"https:\/\/nuevodigitaldeescobar.com.ar\/wp-content\/uploads\/2024\/12\/piqwIUZ5M.jpg\",\"contentUrl\":\"https:\/\/nuevodigitaldeescobar.com.ar\/wp-content\/uploads\/2024\/12\/piqwIUZ5M.jpg\",\"width\":1920,\"height\":1280},{\"@type\":\"BreadcrumbList\",\"@id\":\"https:\/\/nuevodigitaldeescobar.com.ar\/?p=10085#breadcrumb\",\"itemListElement\":[{\"@type\":\"ListItem\",\"position\":1,\"name\":\"Portada\",\"item\":\"https:\/\/nuevodigitaldeescobar.com.ar\/\"},{\"@type\":\"ListItem\",\"position\":2,\"name\":\"Piqueteros desaf\u00edan el protocolo de Bullrich y marchan hacia Plaza de Mayo exigiendo cambios en el gobierno\"}]},{\"@type\":\"WebSite\",\"@id\":\"https:\/\/nuevodigitaldeescobar.com.ar\/#website\",\"url\":\"https:\/\/nuevodigitaldeescobar.com.ar\/\",\"name\":\"Nuevo Digital de Escobar\",\"description\":\"La vida escobarense. Directora: Rosana Brunner\",\"publisher\":{\"@id\":\"https:\/\/nuevodigitaldeescobar.com.ar\/#organization\"},\"potentialAction\":[{\"@type\":\"SearchAction\",\"target\":{\"@type\":\"EntryPoint\",\"urlTemplate\":\"https:\/\/nuevodigitaldeescobar.com.ar\/?s={search_term_string}\"},\"query-input\":{\"@type\":\"PropertyValueSpecification\",\"valueRequired\":true,\"valueName\":\"search_term_string\"}}],\"inLanguage\":\"es\"},{\"@type\":\"Organization\",\"@id\":\"https:\/\/nuevodigitaldeescobar.com.ar\/#organization\",\"name\":\"Nuevo Digital de Escobar\",\"url\":\"https:\/\/nuevodigitaldeescobar.com.ar\/\",\"logo\":{\"@type\":\"ImageObject\",\"inLanguage\":\"es\",\"@id\":\"https:\/\/nuevodigitaldeescobar.com.ar\/#\/schema\/logo\/image\/\",\"url\":\"https:\/\/nuevodigitaldeescobar.com.ar\/wp-content\/uploads\/2025\/05\/cropped-logo-nuevo2.jpg\",\"contentUrl\":\"https:\/\/nuevodigitaldeescobar.com.ar\/wp-content\/uploads\/2025\/05\/cropped-logo-nuevo2.jpg\",\"width\":305,\"height\":305,\"caption\":\"Nuevo Digital de Escobar\"},\"image\":{\"@id\":\"https:\/\/nuevodigitaldeescobar.com.ar\/#\/schema\/logo\/image\/\"},\"sameAs\":[\"https:\/\/www.facebook.com\/NUEVODigitalDeEscobar\",\"https:\/\/x.com\/nuevodigescobar\",\"https:\/\/www.instagram.com\/nuevodigitaldeescobar\"]},{\"@type\":\"Person\",\"@id\":\"https:\/\/nuevodigitaldeescobar.com.ar\/#\/schema\/person\/035e90a8efe9a80e6eec22656ad6ea4c\",\"name\":\"Redacci\u00f3n\",\"image\":{\"@type\":\"ImageObject\",\"inLanguage\":\"es\",\"@id\":\"https:\/\/nuevodigitaldeescobar.com.ar\/#\/schema\/person\/image\/\",\"url\":\"https:\/\/secure.gravatar.com\/avatar\/8af8f40000c24e9eef3034f2be5998a372bb1389e64b1a4a36b3a7979142220d?s=96&d=mm&r=g\",\"contentUrl\":\"https:\/\/secure.gravatar.com\/avatar\/8af8f40000c24e9eef3034f2be5998a372bb1389e64b1a4a36b3a7979142220d?s=96&d=mm&r=g\",\"caption\":\"Redacci\u00f3n\"},\"sameAs\":[\"http:\/\/nuevodigitaldeescobar.com.ar\"],\"url\":\"https:\/\/nuevodigitaldeescobar.com.ar\/?author=1\"}]}<\/script>\n<!-- \/ Yoast SEO plugin. -->","yoast_head_json":{"title":"Piqueteros desaf\u00edan el protocolo de Bullrich y marchan hacia Plaza de Mayo exigiendo cambios en el gobierno - Nuevo Digital de Escobar","robots":{"index":"index","follow":"follow","max-snippet":"max-snippet:-1","max-image-preview":"max-image-preview:large","max-video-preview":"max-video-preview:-1"},"canonical":"https:\/\/nuevodigitaldeescobar.com.ar\/?p=10085","og_locale":"es_ES","og_type":"article","og_title":"Piqueteros desaf\u00edan el protocolo de Bullrich y marchan hacia Plaza de Mayo exigiendo cambios en el gobierno - Nuevo Digital de Escobar","og_description":"Desde hace siete meses, la Avenida 9 de Julio no ha sido cortada por protestas. Sin embargo, hoy, grupos de piqueteros comenzaron su marcha pasadas [&hellip;]","og_url":"https:\/\/nuevodigitaldeescobar.com.ar\/?p=10085","og_site_name":"Nuevo Digital de Escobar","article_publisher":"https:\/\/www.facebook.com\/NUEVODigitalDeEscobar","article_published_time":"2024-12-05T15:11:45+00:00","article_modified_time":"2024-12-05T15:15:41+00:00","og_image":[{"width":1920,"height":1280,"url":"https:\/\/nuevodigitaldeescobar.com.ar\/wp-content\/uploads\/2024\/12\/piqwIUZ5M.jpg","type":"image\/jpeg"}],"author":"Redacci\u00f3n","twitter_card":"summary_large_image","twitter_creator":"@nuevodigescobar","twitter_site":"@nuevodigescobar","twitter_misc":{"Escrito por":"Redacci\u00f3n","Tiempo de lectura":"4 minutos"},"schema":{"@context":"https:\/\/schema.org","@graph":[{"@type":"Article","@id":"https:\/\/nuevodigitaldeescobar.com.ar\/?p=10085#article","isPartOf":{"@id":"https:\/\/nuevodigitaldeescobar.com.ar\/?p=10085"},"author":{"name":"Redacci\u00f3n","@id":"https:\/\/nuevodigitaldeescobar.com.ar\/#\/schema\/person\/035e90a8efe9a80e6eec22656ad6ea4c"},"headline":"Piqueteros desaf\u00edan el protocolo de Bullrich y marchan hacia Plaza de Mayo exigiendo cambios en el gobierno","datePublished":"2024-12-05T15:11:45+00:00","dateModified":"2024-12-05T15:15:41+00:00","mainEntityOfPage":{"@id":"https:\/\/nuevodigitaldeescobar.com.ar\/?p=10085"},"wordCount":872,"commentCount":0,"publisher":{"@id":"https:\/\/nuevodigitaldeescobar.com.ar\/#organization"},"image":{"@id":"https:\/\/nuevodigitaldeescobar.com.ar\/?p=10085#primaryimage"},"thumbnailUrl":"https:\/\/nuevodigitaldeescobar.com.ar\/wp-content\/uploads\/2024\/12\/piqwIUZ5M.jpg","articleSection":["Inter\u00e9s general","Policiales","Pol\u00edtica","Sociedad"],"inLanguage":"es","potentialAction":[{"@type":"CommentAction","name":"Comment","target":["https:\/\/nuevodigitaldeescobar.com.ar\/?p=10085#respond"]}]},{"@type":"WebPage","@id":"https:\/\/nuevodigitaldeescobar.com.ar\/?p=10085","url":"https:\/\/nuevodigitaldeescobar.com.ar\/?p=10085","name":"Piqueteros desaf\u00edan el protocolo de Bullrich y marchan hacia Plaza de Mayo exigiendo cambios en el gobierno - Nuevo Digital de Escobar","isPartOf":{"@id":"https:\/\/nuevodigitaldeescobar.com.ar\/#website"},"primaryImageOfPage":{"@id":"https:\/\/nuevodigitaldeescobar.com.ar\/?p=10085#primaryimage"},"image":{"@id":"https:\/\/nuevodigitaldeescobar.com.ar\/?p=10085#primaryimage"},"thumbnailUrl":"https:\/\/nuevodigitaldeescobar.com.ar\/wp-content\/uploads\/2024\/12\/piqwIUZ5M.jpg","datePublished":"2024-12-05T15:11:45+00:00","dateModified":"2024-12-05T15:15:41+00:00","breadcrumb":{"@id":"https:\/\/nuevodigitaldeescobar.com.ar\/?p=10085#breadcrumb"},"inLanguage":"es","potentialAction":[{"@type":"ReadAction","target":["https:\/\/nuevodigitaldeescobar.com.ar\/?p=10085"]}]},{"@type":"ImageObject","inLanguage":"es","@id":"https:\/\/nuevodigitaldeescobar.com.ar\/?p=10085#primaryimage","url":"https:\/\/nuevodigitaldeescobar.com.ar\/wp-content\/uploads\/2024\/12\/piqwIUZ5M.jpg","contentUrl":"https:\/\/nuevodigitaldeescobar.com.ar\/wp-content\/uploads\/2024\/12\/piqwIUZ5M.jpg","width":1920,"height":1280},{"@type":"BreadcrumbList","@id":"https:\/\/nuevodigitaldeescobar.com.ar\/?p=10085#breadcrumb","itemListElement":[{"@type":"ListItem","position":1,"name":"Portada","item":"https:\/\/nuevodigitaldeescobar.com.ar\/"},{"@type":"ListItem","position":2,"name":"Piqueteros desaf\u00edan el protocolo de Bullrich y marchan hacia Plaza de Mayo exigiendo cambios en el gobierno"}]},{"@type":"WebSite","@id":"https:\/\/nuevodigitaldeescobar.com.ar\/#website","url":"https:\/\/nuevodigitaldeescobar.com.ar\/","name":"Nuevo Digital de Escobar","description":"La vida escobarense. Directora: Rosana Brunner","publisher":{"@id":"https:\/\/nuevodigitaldeescobar.com.ar\/#organization"},"potentialAction":[{"@type":"SearchAction","target":{"@type":"EntryPoint","urlTemplate":"https:\/\/nuevodigitaldeescobar.com.ar\/?s={search_term_string}"},"query-input":{"@type":"PropertyValueSpecification","valueRequired":true,"valueName":"search_term_string"}}],"inLanguage":"es"},{"@type":"Organization","@id":"https:\/\/nuevodigitaldeescobar.com.ar\/#organization","name":"Nuevo Digital de Escobar","url":"https:\/\/nuevodigitaldeescobar.com.ar\/","logo":{"@type":"ImageObject","inLanguage":"es","@id":"https:\/\/nuevodigitaldeescobar.com.ar\/#\/schema\/logo\/image\/","url":"https:\/\/nuevodigitaldeescobar.com.ar\/wp-content\/uploads\/2025\/05\/cropped-logo-nuevo2.jpg","contentUrl":"https:\/\/nuevodigitaldeescobar.com.ar\/wp-content\/uploads\/2025\/05\/cropped-logo-nuevo2.jpg","width":305,"height":305,"caption":"Nuevo Digital de Escobar"},"image":{"@id":"https:\/\/nuevodigitaldeescobar.com.ar\/#\/schema\/logo\/image\/"},"sameAs":["https:\/\/www.facebook.com\/NUEVODigitalDeEscobar","https:\/\/x.com\/nuevodigescobar","https:\/\/www.instagram.com\/nuevodigitaldeescobar"]},{"@type":"Person","@id":"https:\/\/nuevodigitaldeescobar.com.ar\/#\/schema\/person\/035e90a8efe9a80e6eec22656ad6ea4c","name":"Redacci\u00f3n","image":{"@type":"ImageObject","inLanguage":"es","@id":"https:\/\/nuevodigitaldeescobar.com.ar\/#\/schema\/person\/image\/","url":"https:\/\/secure.gravatar.com\/avatar\/8af8f40000c24e9eef3034f2be5998a372bb1389e64b1a4a36b3a7979142220d?s=96&d=mm&r=g","contentUrl":"https:\/\/secure.gravatar.com\/avatar\/8af8f40000c24e9eef3034f2be5998a372bb1389e64b1a4a36b3a7979142220d?s=96&d=mm&r=g","caption":"Redacci\u00f3n"},"sameAs":["http:\/\/nuevodigitaldeescobar.com.ar"],"url":"https:\/\/nuevodigitaldeescobar.com.ar\/?author=1"}]}},"featured_image_urls":{"full":["https:\/\/nuevodigitaldeescobar.com.ar\/wp-content\/uploads\/2024\/12\/piqwIUZ5M.jpg",1920,1280,false],"thumbnail":["https:\/\/nuevodigitaldeescobar.com.ar\/wp-content\/uploads\/2024\/12\/piqwIUZ5M-150x150.jpg",150,150,true],"medium":["https:\/\/nuevodigitaldeescobar.com.ar\/wp-content\/uploads\/2024\/12\/piqwIUZ5M-300x200.jpg",300,200,true],"medium_large":["https:\/\/nuevodigitaldeescobar.com.ar\/wp-content\/uploads\/2024\/12\/piqwIUZ5M-768x512.jpg",640,427,true],"large":["https:\/\/nuevodigitaldeescobar.com.ar\/wp-content\/uploads\/2024\/12\/piqwIUZ5M-1024x683.jpg",640,427,true],"1536x1536":["https:\/\/nuevodigitaldeescobar.com.ar\/wp-content\/uploads\/2024\/12\/piqwIUZ5M-1536x1024.jpg",1536,1024,true],"2048x2048":["https:\/\/nuevodigitaldeescobar.com.ar\/wp-content\/uploads\/2024\/12\/piqwIUZ5M.jpg",1920,1280,false]},"author_info":{"display_name":"Redacci\u00f3n","author_link":"https:\/\/nuevodigitaldeescobar.com.ar\/?author=1"},"category_info":"<a href=\"https:\/\/nuevodigitaldeescobar.com.ar\/?cat=7\" rel=\"category\">Inter\u00e9s general<\/a> <a href=\"https:\/\/nuevodigitaldeescobar.com.ar\/?cat=13\" rel=\"category\">Policiales<\/a> <a href=\"https:\/\/nuevodigitaldeescobar.com.ar\/?cat=6\" rel=\"category\">Pol\u00edtica<\/a> <a href=\"https:\/\/nuevodigitaldeescobar.com.ar\/?cat=15\" rel=\"category\">Sociedad<\/a>","tag_info":"Sociedad","comment_count":"0","_links":{"self":[{"href":"https:\/\/nuevodigitaldeescobar.com.ar\/index.php?rest_route=\/wp\/v2\/posts\/10085","targetHints":{"allow":["GET"]}}],"collection":[{"href":"https:\/\/nuevodigitaldeescobar.com.ar\/index.php?rest_route=\/wp\/v2\/posts"}],"about":[{"href":"https:\/\/nuevodigitaldeescobar.com.ar\/index.php?rest_route=\/wp\/v2\/types\/post"}],"author":[{"embeddable":true,"href":"https:\/\/nuevodigitaldeescobar.com.ar\/index.php?rest_route=\/wp\/v2\/users\/1"}],"replies":[{"embeddable":true,"href":"https:\/\/nuevodigitaldeescobar.com.ar\/index.php?rest_route=%2Fwp%2Fv2%2Fcomments&post=10085"}],"version-history":[{"count":5,"href":"https:\/\/nuevodigitaldeescobar.com.ar\/index.php?rest_route=\/wp\/v2\/posts\/10085\/revisions"}],"predecessor-version":[{"id":10097,"href":"https:\/\/nuevodigitaldeescobar.com.ar\/index.php?rest_route=\/wp\/v2\/posts\/10085\/revisions\/10097"}],"wp:featuredmedia":[{"embeddable":true,"href":"https:\/\/nuevodigitaldeescobar.com.ar\/index.php?rest_route=\/wp\/v2\/media\/10091"}],"wp:attachment":[{"href":"https:\/\/nuevodigitaldeescobar.com.ar\/index.php?rest_route=%2Fwp%2Fv2%2Fmedia&parent=10085"}],"wp:term":[{"taxonomy":"category","embeddable":true,"href":"https:\/\/nuevodigitaldeescobar.com.ar\/index.php?rest_route=%2Fwp%2Fv2%2Fcategories&post=10085"},{"taxonomy":"post_tag","embeddable":true,"href":"https:\/\/nuevodigitaldeescobar.com.ar\/index.php?rest_route=%2Fwp%2Fv2%2Ftags&post=10085"}],"curies":[{"name":"wp","href":"https:\/\/api.w.org\/{rel}","templated":true}]}}