{"id":10120,"date":"2024-12-06T11:42:10","date_gmt":"2024-12-06T14:42:10","guid":{"rendered":"https:\/\/nuevodigitaldeescobar.com.ar\/?p=10120"},"modified":"2024-12-06T11:42:13","modified_gmt":"2024-12-06T14:42:13","slug":"desgarrador-accidente-en-la-ruta-9-un-camion-atropello-y-mato-a-tres-policias-que-asistian-a-un-accidente","status":"publish","type":"post","link":"https:\/\/nuevodigitaldeescobar.com.ar\/?p=10120","title":{"rendered":"Desgarrador accidente en la Ruta 9: un cami\u00f3n atropell\u00f3 y mat\u00f3 a tres polic\u00edas que asist\u00edan a un accidente"},"content":{"rendered":"<p><span style=\"color: #003366;\"><strong><em>El accidente ocurri\u00f3 en el kil\u00f3metro 222, a la altura de Ramallo. La Polic\u00eda Cient\u00edfica trabaj\u00f3 en el lugar y el tr\u00e1nsito ya fue restablecido en la autov\u00eda, en direcci\u00f3n hacia la ciudad de Rosario.<\/em><\/strong><\/span><!--more--><\/p>\n\n\n<p>Tres agentes de la polic\u00eda murieron esta ma\u00f1ana al ser atropellados por un cami\u00f3n mientras asist\u00edan a una persona que hab\u00eda perdido el control de su veh\u00edculo sobre la Ruta Nacional 9, a la altura del kil\u00f3metro 222, en la localidad de Ramallo, provincia de Buenos Aires. El tr\u00e1gico suceso ocurri\u00f3 en direcci\u00f3n a Rosario, alrededor de las 5 de la ma\u00f1ana.<\/p>\n\n\n\n<p>Dos de los fallecidos pertenec\u00edan a la Prefectura Naval Argentina (PNA), identificados como Jorge Alberto Pucheta y Ramiro Adri\u00e1n Romero, oriundos de la provincia de Corrientes y asignados a Ramallo. Por su parte, la polic\u00eda bonaerense confirm\u00f3 que el otro agente fallecido era Renzo Molina, un sargento de la fuerza, quien pertenec\u00eda al Departamento de S\u00e1nchez (Ramallo). Primero arrib\u00f3 al lugar un m\u00f3vil policial provincial, seguido de otro que trasladaba a los integrantes de la Prefectura.<\/p>\n\n\n\n<p>Los efectivos colaboraron con un hombre que hab\u00eda perdido el control de su veh\u00edculo, un Peugeot 307, que termin\u00f3 impactando contra un \u00e1rbol en el cantero central de la autov\u00eda. Desde all\u00ed, el hombre alert\u00f3 a las autoridades para que lo asistieran. En ese momento, seg\u00fan informaron en TN, era de noche, hab\u00eda tormenta el\u00e9ctrica y no hab\u00eda iluminaci\u00f3n en la zona, lo que habr\u00eda influido en el accidente posterior.<\/p>\n\n\n\n<figure class=\"wp-block-image size-full is-style-default\"><img fetchpriority=\"high\" decoding=\"async\" width=\"609\" height=\"439\" src=\"https:\/\/nuevodigitaldeescobar.com.ar\/wp-content\/uploads\/2024\/12\/bull213-.png\" alt=\"\" class=\"wp-image-10122\" srcset=\"https:\/\/nuevodigitaldeescobar.com.ar\/wp-content\/uploads\/2024\/12\/bull213-.png 609w, https:\/\/nuevodigitaldeescobar.com.ar\/wp-content\/uploads\/2024\/12\/bull213--300x216.png 300w\" sizes=\"(max-width: 609px) 100vw, 609px\" \/><figcaption class=\"wp-element-caption\">Posteo de la Ministra de Seguridad sobre el hecho<\/figcaption><\/figure>\n\n\n\n<p>De repente, un cami\u00f3n Scania con acoplado, que se dirig\u00eda hacia la provincia de Santa Fe y transportaba productos de supermercado, perdi\u00f3 el control y colision\u00f3 con la parte trasera del veh\u00edculo policial, una camioneta. El impacto destroz\u00f3 la caja del veh\u00edculo, que luego arroll\u00f3 a los polic\u00edas y prefectos. Seg\u00fan informaron a Infobae, como consecuencia del choque, la sargento Gonz\u00e1lez, tambi\u00e9n de la Polic\u00eda Provincial Bonaerense, result\u00f3 herida con m\u00faltiples golpes y fue trasladada en ambulancia al Hospital Zonal San Felipe, donde se encuentra estable.<\/p>\n\n\n\n<p>En el lugar del accidente, trabaj\u00f3 la Polic\u00eda Cient\u00edfica, que retir\u00f3 los cuerpos de los fallecidos y realiz\u00f3 los peritajes pertinentes para esclarecer las causas del tr\u00e1gico hecho. El conductor del cami\u00f3n fue identificado como Maidana J.<\/p>\n\n\n\n<figure class=\"wp-block-image size-full is-style-rounded\"><img decoding=\"async\" width=\"992\" height=\"558\" src=\"http:\/\/nuevodigitaldeescobar.com.ar\/wp-content\/uploads\/2024\/12\/peug23.png\" alt=\"\" class=\"wp-image-10123\" srcset=\"https:\/\/nuevodigitaldeescobar.com.ar\/wp-content\/uploads\/2024\/12\/peug23.png 992w, https:\/\/nuevodigitaldeescobar.com.ar\/wp-content\/uploads\/2024\/12\/peug23-300x169.png 300w, https:\/\/nuevodigitaldeescobar.com.ar\/wp-content\/uploads\/2024\/12\/peug23-768x432.png 768w\" sizes=\"(max-width: 992px) 100vw, 992px\" \/><figcaption class=\"wp-element-caption\">Peugeot al que estaban asistiendo los uniformados \/\/ <em>Imagen: @hechosanderecho<\/em><\/figcaption><\/figure>\n\n\n\n<p>Cabe recordar que el choque m\u00faltiple ocurri\u00f3 cerca del camping de la Uni\u00f3n Obrera Metal\u00fargica (UOM) de San Nicol\u00e1s. A ra\u00edz del accidente, solo se habilit\u00f3 el carril r\u00e1pido de la autov\u00eda en el lugar del siniestro. El tr\u00e1nsito ya se encuentra normalizado en la zona.<\/p>\n","protected":false},"excerpt":{"rendered":"<p>El accidente ocurri\u00f3 en el kil\u00f3metro 222, a la altura de Ramallo. La Polic\u00eda Cient\u00edfica trabaj\u00f3 en el lugar y el tr\u00e1nsito ya fue restablecido [&hellip;]<\/p>\n","protected":false},"author":1,"featured_media":10121,"comment_status":"open","ping_status":"open","sticky":false,"template":"","format":"standard","meta":{"footnotes":""},"categories":[61,13],"tags":[],"class_list":["post-10120","post","type-post","status-publish","format-standard","has-post-thumbnail","hentry","category-nacionales","category-policiales"],"better_featured_image":{"id":10121,"alt_text":"","caption":"","description":"","media_type":"image","media_details":{"width":630,"height":627,"file":"2024\/12\/234rqweafsd.png","filesize":235200,"sizes":{"medium":{"file":"234rqweafsd-300x300.png","width":300,"height":300,"mime-type":"image\/png","filesize":65581,"source_url":"https:\/\/nuevodigitaldeescobar.com.ar\/wp-content\/uploads\/2024\/12\/234rqweafsd-300x300.png"},"thumbnail":{"file":"234rqweafsd-150x150.png","width":150,"height":150,"mime-type":"image\/png","filesize":22414,"source_url":"https:\/\/nuevodigitaldeescobar.com.ar\/wp-content\/uploads\/2024\/12\/234rqweafsd-150x150.png"}},"image_meta":{"aperture":"0","credit":"","camera":"","caption":"","created_timestamp":"0","copyright":"","focal_length":"0","iso":"0","shutter_speed":"0","title":"","orientation":"0","keywords":[]}},"post":10120,"source_url":"https:\/\/nuevodigitaldeescobar.com.ar\/wp-content\/uploads\/2024\/12\/234rqweafsd.png"},"yoast_head":"<!-- This site is optimized with the Yoast SEO plugin v26.1.1 - https:\/\/yoast.com\/wordpress\/plugins\/seo\/ -->\n<title>Desgarrador accidente en la Ruta 9: un cami\u00f3n atropell\u00f3 y mat\u00f3 a tres polic\u00edas que asist\u00edan a un accidente - Nuevo Digital de Escobar<\/title>\n<meta name=\"robots\" content=\"index, follow, max-snippet:-1, max-image-preview:large, max-video-preview:-1\" \/>\n<link rel=\"canonical\" href=\"https:\/\/nuevodigitaldeescobar.com.ar\/?p=10120\" \/>\n<meta property=\"og:locale\" content=\"es_ES\" \/>\n<meta property=\"og:type\" content=\"article\" \/>\n<meta property=\"og:title\" content=\"Desgarrador accidente en la Ruta 9: un cami\u00f3n atropell\u00f3 y mat\u00f3 a tres polic\u00edas que asist\u00edan a un accidente - Nuevo Digital de Escobar\" \/>\n<meta property=\"og:description\" content=\"El accidente ocurri\u00f3 en el kil\u00f3metro 222, a la altura de Ramallo. La Polic\u00eda Cient\u00edfica trabaj\u00f3 en el lugar y el tr\u00e1nsito ya fue restablecido [&hellip;]\" \/>\n<meta property=\"og:url\" content=\"https:\/\/nuevodigitaldeescobar.com.ar\/?p=10120\" \/>\n<meta property=\"og:site_name\" content=\"Nuevo Digital de Escobar\" \/>\n<meta property=\"article:publisher\" content=\"https:\/\/www.facebook.com\/NUEVODigitalDeEscobar\" \/>\n<meta property=\"article:published_time\" content=\"2024-12-06T14:42:10+00:00\" \/>\n<meta property=\"article:modified_time\" content=\"2024-12-06T14:42:13+00:00\" \/>\n<meta property=\"og:image\" content=\"https:\/\/nuevodigitaldeescobar.com.ar\/wp-content\/uploads\/2024\/12\/234rqweafsd.png\" \/>\n\t<meta property=\"og:image:width\" content=\"630\" \/>\n\t<meta property=\"og:image:height\" content=\"627\" \/>\n\t<meta property=\"og:image:type\" content=\"image\/png\" \/>\n<meta name=\"author\" content=\"Redacci\u00f3n\" \/>\n<meta name=\"twitter:card\" content=\"summary_large_image\" \/>\n<meta name=\"twitter:creator\" content=\"@nuevodigescobar\" \/>\n<meta name=\"twitter:site\" content=\"@nuevodigescobar\" \/>\n<meta name=\"twitter:label1\" content=\"Escrito por\" \/>\n\t<meta name=\"twitter:data1\" content=\"Redacci\u00f3n\" \/>\n\t<meta name=\"twitter:label2\" content=\"Tiempo de lectura\" \/>\n\t<meta name=\"twitter:data2\" content=\"2 minutos\" \/>\n<script type=\"application\/ld+json\" class=\"yoast-schema-graph\">{\"@context\":\"https:\/\/schema.org\",\"@graph\":[{\"@type\":\"Article\",\"@id\":\"https:\/\/nuevodigitaldeescobar.com.ar\/?p=10120#article\",\"isPartOf\":{\"@id\":\"https:\/\/nuevodigitaldeescobar.com.ar\/?p=10120\"},\"author\":{\"name\":\"Redacci\u00f3n\",\"@id\":\"https:\/\/nuevodigitaldeescobar.com.ar\/#\/schema\/person\/035e90a8efe9a80e6eec22656ad6ea4c\"},\"headline\":\"Desgarrador accidente en la Ruta 9: un cami\u00f3n atropell\u00f3 y mat\u00f3 a tres polic\u00edas que asist\u00edan a un accidente\",\"datePublished\":\"2024-12-06T14:42:10+00:00\",\"dateModified\":\"2024-12-06T14:42:13+00:00\",\"mainEntityOfPage\":{\"@id\":\"https:\/\/nuevodigitaldeescobar.com.ar\/?p=10120\"},\"wordCount\":499,\"commentCount\":0,\"publisher\":{\"@id\":\"https:\/\/nuevodigitaldeescobar.com.ar\/#organization\"},\"image\":{\"@id\":\"https:\/\/nuevodigitaldeescobar.com.ar\/?p=10120#primaryimage\"},\"thumbnailUrl\":\"https:\/\/nuevodigitaldeescobar.com.ar\/wp-content\/uploads\/2024\/12\/234rqweafsd.png\",\"articleSection\":[\"Nacionales\",\"Policiales\"],\"inLanguage\":\"es\",\"potentialAction\":[{\"@type\":\"CommentAction\",\"name\":\"Comment\",\"target\":[\"https:\/\/nuevodigitaldeescobar.com.ar\/?p=10120#respond\"]}]},{\"@type\":\"WebPage\",\"@id\":\"https:\/\/nuevodigitaldeescobar.com.ar\/?p=10120\",\"url\":\"https:\/\/nuevodigitaldeescobar.com.ar\/?p=10120\",\"name\":\"Desgarrador accidente en la Ruta 9: un cami\u00f3n atropell\u00f3 y mat\u00f3 a tres polic\u00edas que asist\u00edan a un accidente - Nuevo Digital de Escobar\",\"isPartOf\":{\"@id\":\"https:\/\/nuevodigitaldeescobar.com.ar\/#website\"},\"primaryImageOfPage\":{\"@id\":\"https:\/\/nuevodigitaldeescobar.com.ar\/?p=10120#primaryimage\"},\"image\":{\"@id\":\"https:\/\/nuevodigitaldeescobar.com.ar\/?p=10120#primaryimage\"},\"thumbnailUrl\":\"https:\/\/nuevodigitaldeescobar.com.ar\/wp-content\/uploads\/2024\/12\/234rqweafsd.png\",\"datePublished\":\"2024-12-06T14:42:10+00:00\",\"dateModified\":\"2024-12-06T14:42:13+00:00\",\"breadcrumb\":{\"@id\":\"https:\/\/nuevodigitaldeescobar.com.ar\/?p=10120#breadcrumb\"},\"inLanguage\":\"es\",\"potentialAction\":[{\"@type\":\"ReadAction\",\"target\":[\"https:\/\/nuevodigitaldeescobar.com.ar\/?p=10120\"]}]},{\"@type\":\"ImageObject\",\"inLanguage\":\"es\",\"@id\":\"https:\/\/nuevodigitaldeescobar.com.ar\/?p=10120#primaryimage\",\"url\":\"https:\/\/nuevodigitaldeescobar.com.ar\/wp-content\/uploads\/2024\/12\/234rqweafsd.png\",\"contentUrl\":\"https:\/\/nuevodigitaldeescobar.com.ar\/wp-content\/uploads\/2024\/12\/234rqweafsd.png\",\"width\":630,\"height\":627},{\"@type\":\"BreadcrumbList\",\"@id\":\"https:\/\/nuevodigitaldeescobar.com.ar\/?p=10120#breadcrumb\",\"itemListElement\":[{\"@type\":\"ListItem\",\"position\":1,\"name\":\"Portada\",\"item\":\"https:\/\/nuevodigitaldeescobar.com.ar\/\"},{\"@type\":\"ListItem\",\"position\":2,\"name\":\"Desgarrador accidente en la Ruta 9: un cami\u00f3n atropell\u00f3 y mat\u00f3 a tres polic\u00edas que asist\u00edan a un accidente\"}]},{\"@type\":\"WebSite\",\"@id\":\"https:\/\/nuevodigitaldeescobar.com.ar\/#website\",\"url\":\"https:\/\/nuevodigitaldeescobar.com.ar\/\",\"name\":\"Nuevo Digital de Escobar\",\"description\":\"La vida escobarense. Directora: Rosana Brunner\",\"publisher\":{\"@id\":\"https:\/\/nuevodigitaldeescobar.com.ar\/#organization\"},\"potentialAction\":[{\"@type\":\"SearchAction\",\"target\":{\"@type\":\"EntryPoint\",\"urlTemplate\":\"https:\/\/nuevodigitaldeescobar.com.ar\/?s={search_term_string}\"},\"query-input\":{\"@type\":\"PropertyValueSpecification\",\"valueRequired\":true,\"valueName\":\"search_term_string\"}}],\"inLanguage\":\"es\"},{\"@type\":\"Organization\",\"@id\":\"https:\/\/nuevodigitaldeescobar.com.ar\/#organization\",\"name\":\"Nuevo Digital de Escobar\",\"url\":\"https:\/\/nuevodigitaldeescobar.com.ar\/\",\"logo\":{\"@type\":\"ImageObject\",\"inLanguage\":\"es\",\"@id\":\"https:\/\/nuevodigitaldeescobar.com.ar\/#\/schema\/logo\/image\/\",\"url\":\"https:\/\/nuevodigitaldeescobar.com.ar\/wp-content\/uploads\/2025\/05\/cropped-logo-nuevo2.jpg\",\"contentUrl\":\"https:\/\/nuevodigitaldeescobar.com.ar\/wp-content\/uploads\/2025\/05\/cropped-logo-nuevo2.jpg\",\"width\":305,\"height\":305,\"caption\":\"Nuevo Digital de Escobar\"},\"image\":{\"@id\":\"https:\/\/nuevodigitaldeescobar.com.ar\/#\/schema\/logo\/image\/\"},\"sameAs\":[\"https:\/\/www.facebook.com\/NUEVODigitalDeEscobar\",\"https:\/\/x.com\/nuevodigescobar\",\"https:\/\/www.instagram.com\/nuevodigitaldeescobar\"]},{\"@type\":\"Person\",\"@id\":\"https:\/\/nuevodigitaldeescobar.com.ar\/#\/schema\/person\/035e90a8efe9a80e6eec22656ad6ea4c\",\"name\":\"Redacci\u00f3n\",\"image\":{\"@type\":\"ImageObject\",\"inLanguage\":\"es\",\"@id\":\"https:\/\/nuevodigitaldeescobar.com.ar\/#\/schema\/person\/image\/\",\"url\":\"https:\/\/secure.gravatar.com\/avatar\/8af8f40000c24e9eef3034f2be5998a372bb1389e64b1a4a36b3a7979142220d?s=96&d=mm&r=g\",\"contentUrl\":\"https:\/\/secure.gravatar.com\/avatar\/8af8f40000c24e9eef3034f2be5998a372bb1389e64b1a4a36b3a7979142220d?s=96&d=mm&r=g\",\"caption\":\"Redacci\u00f3n\"},\"sameAs\":[\"http:\/\/nuevodigitaldeescobar.com.ar\"],\"url\":\"https:\/\/nuevodigitaldeescobar.com.ar\/?author=1\"}]}<\/script>\n<!-- \/ Yoast SEO plugin. -->","yoast_head_json":{"title":"Desgarrador accidente en la Ruta 9: un cami\u00f3n atropell\u00f3 y mat\u00f3 a tres polic\u00edas que asist\u00edan a un accidente - Nuevo Digital de Escobar","robots":{"index":"index","follow":"follow","max-snippet":"max-snippet:-1","max-image-preview":"max-image-preview:large","max-video-preview":"max-video-preview:-1"},"canonical":"https:\/\/nuevodigitaldeescobar.com.ar\/?p=10120","og_locale":"es_ES","og_type":"article","og_title":"Desgarrador accidente en la Ruta 9: un cami\u00f3n atropell\u00f3 y mat\u00f3 a tres polic\u00edas que asist\u00edan a un accidente - Nuevo Digital de Escobar","og_description":"El accidente ocurri\u00f3 en el kil\u00f3metro 222, a la altura de Ramallo. La Polic\u00eda Cient\u00edfica trabaj\u00f3 en el lugar y el tr\u00e1nsito ya fue restablecido [&hellip;]","og_url":"https:\/\/nuevodigitaldeescobar.com.ar\/?p=10120","og_site_name":"Nuevo Digital de Escobar","article_publisher":"https:\/\/www.facebook.com\/NUEVODigitalDeEscobar","article_published_time":"2024-12-06T14:42:10+00:00","article_modified_time":"2024-12-06T14:42:13+00:00","og_image":[{"width":630,"height":627,"url":"https:\/\/nuevodigitaldeescobar.com.ar\/wp-content\/uploads\/2024\/12\/234rqweafsd.png","type":"image\/png"}],"author":"Redacci\u00f3n","twitter_card":"summary_large_image","twitter_creator":"@nuevodigescobar","twitter_site":"@nuevodigescobar","twitter_misc":{"Escrito por":"Redacci\u00f3n","Tiempo de lectura":"2 minutos"},"schema":{"@context":"https:\/\/schema.org","@graph":[{"@type":"Article","@id":"https:\/\/nuevodigitaldeescobar.com.ar\/?p=10120#article","isPartOf":{"@id":"https:\/\/nuevodigitaldeescobar.com.ar\/?p=10120"},"author":{"name":"Redacci\u00f3n","@id":"https:\/\/nuevodigitaldeescobar.com.ar\/#\/schema\/person\/035e90a8efe9a80e6eec22656ad6ea4c"},"headline":"Desgarrador accidente en la Ruta 9: un cami\u00f3n atropell\u00f3 y mat\u00f3 a tres polic\u00edas que asist\u00edan a un accidente","datePublished":"2024-12-06T14:42:10+00:00","dateModified":"2024-12-06T14:42:13+00:00","mainEntityOfPage":{"@id":"https:\/\/nuevodigitaldeescobar.com.ar\/?p=10120"},"wordCount":499,"commentCount":0,"publisher":{"@id":"https:\/\/nuevodigitaldeescobar.com.ar\/#organization"},"image":{"@id":"https:\/\/nuevodigitaldeescobar.com.ar\/?p=10120#primaryimage"},"thumbnailUrl":"https:\/\/nuevodigitaldeescobar.com.ar\/wp-content\/uploads\/2024\/12\/234rqweafsd.png","articleSection":["Nacionales","Policiales"],"inLanguage":"es","potentialAction":[{"@type":"CommentAction","name":"Comment","target":["https:\/\/nuevodigitaldeescobar.com.ar\/?p=10120#respond"]}]},{"@type":"WebPage","@id":"https:\/\/nuevodigitaldeescobar.com.ar\/?p=10120","url":"https:\/\/nuevodigitaldeescobar.com.ar\/?p=10120","name":"Desgarrador accidente en la Ruta 9: un cami\u00f3n atropell\u00f3 y mat\u00f3 a tres polic\u00edas que asist\u00edan a un accidente - Nuevo Digital de Escobar","isPartOf":{"@id":"https:\/\/nuevodigitaldeescobar.com.ar\/#website"},"primaryImageOfPage":{"@id":"https:\/\/nuevodigitaldeescobar.com.ar\/?p=10120#primaryimage"},"image":{"@id":"https:\/\/nuevodigitaldeescobar.com.ar\/?p=10120#primaryimage"},"thumbnailUrl":"https:\/\/nuevodigitaldeescobar.com.ar\/wp-content\/uploads\/2024\/12\/234rqweafsd.png","datePublished":"2024-12-06T14:42:10+00:00","dateModified":"2024-12-06T14:42:13+00:00","breadcrumb":{"@id":"https:\/\/nuevodigitaldeescobar.com.ar\/?p=10120#breadcrumb"},"inLanguage":"es","potentialAction":[{"@type":"ReadAction","target":["https:\/\/nuevodigitaldeescobar.com.ar\/?p=10120"]}]},{"@type":"ImageObject","inLanguage":"es","@id":"https:\/\/nuevodigitaldeescobar.com.ar\/?p=10120#primaryimage","url":"https:\/\/nuevodigitaldeescobar.com.ar\/wp-content\/uploads\/2024\/12\/234rqweafsd.png","contentUrl":"https:\/\/nuevodigitaldeescobar.com.ar\/wp-content\/uploads\/2024\/12\/234rqweafsd.png","width":630,"height":627},{"@type":"BreadcrumbList","@id":"https:\/\/nuevodigitaldeescobar.com.ar\/?p=10120#breadcrumb","itemListElement":[{"@type":"ListItem","position":1,"name":"Portada","item":"https:\/\/nuevodigitaldeescobar.com.ar\/"},{"@type":"ListItem","position":2,"name":"Desgarrador accidente en la Ruta 9: un cami\u00f3n atropell\u00f3 y mat\u00f3 a tres polic\u00edas que asist\u00edan a un accidente"}]},{"@type":"WebSite","@id":"https:\/\/nuevodigitaldeescobar.com.ar\/#website","url":"https:\/\/nuevodigitaldeescobar.com.ar\/","name":"Nuevo Digital de Escobar","description":"La vida escobarense. Directora: Rosana Brunner","publisher":{"@id":"https:\/\/nuevodigitaldeescobar.com.ar\/#organization"},"potentialAction":[{"@type":"SearchAction","target":{"@type":"EntryPoint","urlTemplate":"https:\/\/nuevodigitaldeescobar.com.ar\/?s={search_term_string}"},"query-input":{"@type":"PropertyValueSpecification","valueRequired":true,"valueName":"search_term_string"}}],"inLanguage":"es"},{"@type":"Organization","@id":"https:\/\/nuevodigitaldeescobar.com.ar\/#organization","name":"Nuevo Digital de Escobar","url":"https:\/\/nuevodigitaldeescobar.com.ar\/","logo":{"@type":"ImageObject","inLanguage":"es","@id":"https:\/\/nuevodigitaldeescobar.com.ar\/#\/schema\/logo\/image\/","url":"https:\/\/nuevodigitaldeescobar.com.ar\/wp-content\/uploads\/2025\/05\/cropped-logo-nuevo2.jpg","contentUrl":"https:\/\/nuevodigitaldeescobar.com.ar\/wp-content\/uploads\/2025\/05\/cropped-logo-nuevo2.jpg","width":305,"height":305,"caption":"Nuevo Digital de Escobar"},"image":{"@id":"https:\/\/nuevodigitaldeescobar.com.ar\/#\/schema\/logo\/image\/"},"sameAs":["https:\/\/www.facebook.com\/NUEVODigitalDeEscobar","https:\/\/x.com\/nuevodigescobar","https:\/\/www.instagram.com\/nuevodigitaldeescobar"]},{"@type":"Person","@id":"https:\/\/nuevodigitaldeescobar.com.ar\/#\/schema\/person\/035e90a8efe9a80e6eec22656ad6ea4c","name":"Redacci\u00f3n","image":{"@type":"ImageObject","inLanguage":"es","@id":"https:\/\/nuevodigitaldeescobar.com.ar\/#\/schema\/person\/image\/","url":"https:\/\/secure.gravatar.com\/avatar\/8af8f40000c24e9eef3034f2be5998a372bb1389e64b1a4a36b3a7979142220d?s=96&d=mm&r=g","contentUrl":"https:\/\/secure.gravatar.com\/avatar\/8af8f40000c24e9eef3034f2be5998a372bb1389e64b1a4a36b3a7979142220d?s=96&d=mm&r=g","caption":"Redacci\u00f3n"},"sameAs":["http:\/\/nuevodigitaldeescobar.com.ar"],"url":"https:\/\/nuevodigitaldeescobar.com.ar\/?author=1"}]}},"featured_image_urls":{"full":["https:\/\/nuevodigitaldeescobar.com.ar\/wp-content\/uploads\/2024\/12\/234rqweafsd.png",630,627,false],"thumbnail":["https:\/\/nuevodigitaldeescobar.com.ar\/wp-content\/uploads\/2024\/12\/234rqweafsd-150x150.png",150,150,true],"medium":["https:\/\/nuevodigitaldeescobar.com.ar\/wp-content\/uploads\/2024\/12\/234rqweafsd-300x300.png",300,300,true],"medium_large":["https:\/\/nuevodigitaldeescobar.com.ar\/wp-content\/uploads\/2024\/12\/234rqweafsd.png",630,627,false],"large":["https:\/\/nuevodigitaldeescobar.com.ar\/wp-content\/uploads\/2024\/12\/234rqweafsd.png",630,627,false],"1536x1536":["https:\/\/nuevodigitaldeescobar.com.ar\/wp-content\/uploads\/2024\/12\/234rqweafsd.png",630,627,false],"2048x2048":["https:\/\/nuevodigitaldeescobar.com.ar\/wp-content\/uploads\/2024\/12\/234rqweafsd.png",630,627,false]},"author_info":{"display_name":"Redacci\u00f3n","author_link":"https:\/\/nuevodigitaldeescobar.com.ar\/?author=1"},"category_info":"<a href=\"https:\/\/nuevodigitaldeescobar.com.ar\/?cat=61\" rel=\"category\">Nacionales<\/a> <a href=\"https:\/\/nuevodigitaldeescobar.com.ar\/?cat=13\" rel=\"category\">Policiales<\/a>","tag_info":"Policiales","comment_count":"0","_links":{"self":[{"href":"https:\/\/nuevodigitaldeescobar.com.ar\/index.php?rest_route=\/wp\/v2\/posts\/10120","targetHints":{"allow":["GET"]}}],"collection":[{"href":"https:\/\/nuevodigitaldeescobar.com.ar\/index.php?rest_route=\/wp\/v2\/posts"}],"about":[{"href":"https:\/\/nuevodigitaldeescobar.com.ar\/index.php?rest_route=\/wp\/v2\/types\/post"}],"author":[{"embeddable":true,"href":"https:\/\/nuevodigitaldeescobar.com.ar\/index.php?rest_route=\/wp\/v2\/users\/1"}],"replies":[{"embeddable":true,"href":"https:\/\/nuevodigitaldeescobar.com.ar\/index.php?rest_route=%2Fwp%2Fv2%2Fcomments&post=10120"}],"version-history":[{"count":1,"href":"https:\/\/nuevodigitaldeescobar.com.ar\/index.php?rest_route=\/wp\/v2\/posts\/10120\/revisions"}],"predecessor-version":[{"id":10124,"href":"https:\/\/nuevodigitaldeescobar.com.ar\/index.php?rest_route=\/wp\/v2\/posts\/10120\/revisions\/10124"}],"wp:featuredmedia":[{"embeddable":true,"href":"https:\/\/nuevodigitaldeescobar.com.ar\/index.php?rest_route=\/wp\/v2\/media\/10121"}],"wp:attachment":[{"href":"https:\/\/nuevodigitaldeescobar.com.ar\/index.php?rest_route=%2Fwp%2Fv2%2Fmedia&parent=10120"}],"wp:term":[{"taxonomy":"category","embeddable":true,"href":"https:\/\/nuevodigitaldeescobar.com.ar\/index.php?rest_route=%2Fwp%2Fv2%2Fcategories&post=10120"},{"taxonomy":"post_tag","embeddable":true,"href":"https:\/\/nuevodigitaldeescobar.com.ar\/index.php?rest_route=%2Fwp%2Fv2%2Ftags&post=10120"}],"curies":[{"name":"wp","href":"https:\/\/api.w.org\/{rel}","templated":true}]}}