{"id":10239,"date":"2024-12-11T07:00:00","date_gmt":"2024-12-11T10:00:00","guid":{"rendered":"https:\/\/nuevodigitaldeescobar.com.ar\/?p=10239"},"modified":"2024-12-10T18:27:30","modified_gmt":"2024-12-10T21:27:30","slug":"en-la-rural-milei-condiciono-la-baja-de-retenciones-a-variables-economicas-para-2025","status":"publish","type":"post","link":"https:\/\/nuevodigitaldeescobar.com.ar\/?p=10239","title":{"rendered":"En la Rural, Milei condicion\u00f3 la baja de retenciones a variables econ\u00f3micas para 2025"},"content":{"rendered":"<p><span style=\"color: #003366;\"><strong><em>El presidente Javier Milei abord\u00f3 ayer el sector agropecuario durante una jornada de acci\u00f3n gremial organizada por la Sociedad Rural Argentina (SRA), donde reiter\u00f3 que uno de los impuestos que se \u201catacar\u00e1n\u201d ser\u00e1n los derechos de exportaci\u00f3n. <\/em><\/strong><\/span><!--more--><\/p>\n\n\n<p>Frente a unos 400 socios de la entidad, el mandatario destac\u00f3 que los logros econ\u00f3micos de su gobierno se traducir\u00e1n en una reducci\u00f3n de impuestos, incluida la eliminaci\u00f3n de las retenciones, un ajuste que podr\u00eda concretarse en 2025.<\/p>\n\n\n\n<p>Recibido entre aplausos en el Restaurante Central del predio de Palermo, Milei asegur\u00f3 que, de consolidarse la tendencia de crecimiento econ\u00f3mico, se alcanzar\u00e1 una baja impositiva, con especial \u00e9nfasis en las retenciones. <em>\u00abNo tengan dudas, uno de los impuestos que vamos a atacar son las retenciones\u00bb<\/em>, afirm\u00f3. Adem\u00e1s, record\u00f3 que su gobierno ya cumpli\u00f3 con la promesa de desregular el mercado y eliminar obst\u00e1culos al sector agropecuario.<\/p>\n\n\n\n<p>Durante su breve intervenci\u00f3n, que dur\u00f3 menos de 20 minutos y se desarroll\u00f3 a puertas cerradas, Milei se mostr\u00f3 optimista con respecto a las perspectivas econ\u00f3micas para el pr\u00f3ximo a\u00f1o. En este sentido, anticip\u00f3 que la inflaci\u00f3n continuar\u00e1 a la baja y que la pobreza seguir\u00e1 cayendo. <em>\u00abEspero poder volver el a\u00f1o que viene y celebrar con todos una econom\u00eda en expansi\u00f3n, con la inflaci\u00f3n en descenso y las retenciones m\u00e1s bajas\u00bb<\/em>, expres\u00f3.<\/p>\n\n\n\n<p>El presidente tambi\u00e9n record\u00f3 que, en la \u00faltima Exposici\u00f3n Rural, present\u00f3 una bater\u00eda de medidas que inclu\u00edan la reducci\u00f3n de las retenciones a la carne vacuna y aviar, la eliminaci\u00f3n de impuestos a la carne porcina y los l\u00e1cteos, y el fin de regulaciones que afectaban al sector. <em>\u00abCumplimos con casi todas las medidas; solo nos queda el tema de las retenciones, que eliminaremos en la medida en que la econom\u00eda argentina crezca\u00bb<\/em>, puntualiz\u00f3.<\/p>\n\n\n\n<figure class=\"wp-block-image size-full is-style-rounded\"><img fetchpriority=\"high\" decoding=\"async\" width=\"1024\" height=\"512\" src=\"http:\/\/nuevodigitaldeescobar.com.ar\/wp-content\/uploads\/2024\/12\/mielasdf2.jpeg\" alt=\"\" class=\"wp-image-10240\" srcset=\"https:\/\/nuevodigitaldeescobar.com.ar\/wp-content\/uploads\/2024\/12\/mielasdf2.jpeg 1024w, https:\/\/nuevodigitaldeescobar.com.ar\/wp-content\/uploads\/2024\/12\/mielasdf2-300x150.jpeg 300w, https:\/\/nuevodigitaldeescobar.com.ar\/wp-content\/uploads\/2024\/12\/mielasdf2-768x384.jpeg 768w\" sizes=\"(max-width: 1024px) 100vw, 1024px\" \/><figcaption class=\"wp-element-caption\"><strong>Javier Milei<\/strong> junto a <strong>Nicolas Pino<\/strong>, Presidente de la Sociedad Rural<\/figcaption><\/figure>\n\n\n\n<p>Milei abord\u00f3 tambi\u00e9n el tema del mercado cambiario, se\u00f1alando que el tipo de cambio paralelo, que en su momento lleg\u00f3 a superar los $1500, se aline\u00f3 con el oficial sin necesidad de un ajuste abrupto. <em>\u00abLogramos lo que parec\u00eda imposible: cerrar la brecha cambiaria sin devaluar\u00bb<\/em>, indic\u00f3, y subray\u00f3 que actualmente el tipo de cambio paralelo se encuentra incluso por debajo del oficial en algunos momentos.<\/p>\n\n\n\n<p>El presidente resalt\u00f3 que la econom\u00eda argentina es un caso de estudio global, ya que, a pesar de las expectativas de una <em>\u00abhiperrecesi\u00f3n\u00bb<\/em>, los datos de actividad econ\u00f3mica muestran una expansi\u00f3n sostenida. <em>\u00abDesde abril, la econom\u00eda crece a un ritmo anualizado del 9%, y el \u00faltimo trimestre registr\u00f3 un crecimiento de 3,4%, lo que refleja un proceso claro de recuperaci\u00f3n\u00bb<\/em>, destac\u00f3.<\/p>\n\n\n\n<p>Milei tambi\u00e9n remarc\u00f3 que uno de los principales problemas del sector agropecuario cuando asumi\u00f3 el gobierno fue la brecha cambiaria del 200%, que afectaba gravemente a los productores. En este sentido, record\u00f3 que su mandato estaba claro: terminar con la inflaci\u00f3n y resolver los problemas de inseguridad econ\u00f3mica, ambos estrechamente vinculados.<\/p>\n\n\n\n<p>Finalmente, el mandatario destac\u00f3 la competitividad del sector agropecuario, a pesar de los obst\u00e1culos hist\u00f3ricos y los desaf\u00edos actuales. <em>\u00abA pesar de las distintas trabas y complicaciones que han tenido que enfrentar, el sector sigue siendo el m\u00e1s competitivo del mundo\u00bb<\/em>, concluy\u00f3, reafirmando su compromiso con uno de los sectores clave para el desarrollo econ\u00f3mico del pa\u00eds.<\/p>\n\n\n\n<p><em>(Fuente: NA)<\/em><\/p>\n","protected":false},"excerpt":{"rendered":"<p>El presidente Javier Milei abord\u00f3 ayer el sector agropecuario durante una jornada de acci\u00f3n gremial organizada por la Sociedad Rural Argentina (SRA), donde reiter\u00f3 que [&hellip;]<\/p>\n","protected":false},"author":1,"featured_media":10242,"comment_status":"open","ping_status":"open","sticky":false,"template":"","format":"standard","meta":{"footnotes":""},"categories":[10,6],"tags":[],"class_list":["post-10239","post","type-post","status-publish","format-standard","has-post-thumbnail","hentry","category-economia","category-politica"],"better_featured_image":{"id":10242,"alt_text":"","caption":"","description":"","media_type":"image","media_details":{"width":750,"height":485,"file":"2024\/12\/milei-rural564.jpg","filesize":73689,"sizes":{"medium":{"file":"milei-rural564-300x194.jpg","width":300,"height":194,"mime-type":"image\/jpeg","filesize":11095,"source_url":"https:\/\/nuevodigitaldeescobar.com.ar\/wp-content\/uploads\/2024\/12\/milei-rural564-300x194.jpg"},"thumbnail":{"file":"milei-rural564-150x150.jpg","width":150,"height":150,"mime-type":"image\/jpeg","filesize":5340,"source_url":"https:\/\/nuevodigitaldeescobar.com.ar\/wp-content\/uploads\/2024\/12\/milei-rural564-150x150.jpg"}},"image_meta":{"aperture":"0","credit":"","camera":"","caption":"","created_timestamp":"0","copyright":"","focal_length":"0","iso":"0","shutter_speed":"0","title":"","orientation":"0","keywords":[]}},"post":10239,"source_url":"https:\/\/nuevodigitaldeescobar.com.ar\/wp-content\/uploads\/2024\/12\/milei-rural564.jpg"},"yoast_head":"<!-- This site is optimized with the Yoast SEO plugin v26.1.1 - https:\/\/yoast.com\/wordpress\/plugins\/seo\/ -->\n<title>En la Rural, Milei condicion\u00f3 la baja de retenciones a variables econ\u00f3micas para 2025 - Nuevo Digital de Escobar<\/title>\n<meta name=\"robots\" content=\"index, follow, max-snippet:-1, max-image-preview:large, max-video-preview:-1\" \/>\n<link rel=\"canonical\" href=\"https:\/\/nuevodigitaldeescobar.com.ar\/?p=10239\" \/>\n<meta property=\"og:locale\" content=\"es_ES\" \/>\n<meta property=\"og:type\" content=\"article\" \/>\n<meta property=\"og:title\" content=\"En la Rural, Milei condicion\u00f3 la baja de retenciones a variables econ\u00f3micas para 2025 - Nuevo Digital de Escobar\" \/>\n<meta property=\"og:description\" content=\"El presidente Javier Milei abord\u00f3 ayer el sector agropecuario durante una jornada de acci\u00f3n gremial organizada por la Sociedad Rural Argentina (SRA), donde reiter\u00f3 que [&hellip;]\" \/>\n<meta property=\"og:url\" content=\"https:\/\/nuevodigitaldeescobar.com.ar\/?p=10239\" \/>\n<meta property=\"og:site_name\" content=\"Nuevo Digital de Escobar\" \/>\n<meta property=\"article:publisher\" content=\"https:\/\/www.facebook.com\/NUEVODigitalDeEscobar\" \/>\n<meta property=\"article:published_time\" content=\"2024-12-11T10:00:00+00:00\" \/>\n<meta property=\"og:image\" content=\"https:\/\/nuevodigitaldeescobar.com.ar\/wp-content\/uploads\/2024\/12\/milei-rural564.jpg\" \/>\n\t<meta property=\"og:image:width\" content=\"750\" \/>\n\t<meta property=\"og:image:height\" content=\"485\" \/>\n\t<meta property=\"og:image:type\" content=\"image\/jpeg\" \/>\n<meta name=\"author\" content=\"Redacci\u00f3n\" \/>\n<meta name=\"twitter:card\" content=\"summary_large_image\" \/>\n<meta name=\"twitter:creator\" content=\"@nuevodigescobar\" \/>\n<meta name=\"twitter:site\" content=\"@nuevodigescobar\" \/>\n<meta name=\"twitter:label1\" content=\"Escrito por\" \/>\n\t<meta name=\"twitter:data1\" content=\"Redacci\u00f3n\" \/>\n\t<meta name=\"twitter:label2\" content=\"Tiempo de lectura\" \/>\n\t<meta name=\"twitter:data2\" content=\"3 minutos\" \/>\n<script type=\"application\/ld+json\" class=\"yoast-schema-graph\">{\"@context\":\"https:\/\/schema.org\",\"@graph\":[{\"@type\":\"Article\",\"@id\":\"https:\/\/nuevodigitaldeescobar.com.ar\/?p=10239#article\",\"isPartOf\":{\"@id\":\"https:\/\/nuevodigitaldeescobar.com.ar\/?p=10239\"},\"author\":{\"name\":\"Redacci\u00f3n\",\"@id\":\"https:\/\/nuevodigitaldeescobar.com.ar\/#\/schema\/person\/035e90a8efe9a80e6eec22656ad6ea4c\"},\"headline\":\"En la Rural, Milei condicion\u00f3 la baja de retenciones a variables econ\u00f3micas para 2025\",\"datePublished\":\"2024-12-11T10:00:00+00:00\",\"mainEntityOfPage\":{\"@id\":\"https:\/\/nuevodigitaldeescobar.com.ar\/?p=10239\"},\"wordCount\":592,\"commentCount\":0,\"publisher\":{\"@id\":\"https:\/\/nuevodigitaldeescobar.com.ar\/#organization\"},\"image\":{\"@id\":\"https:\/\/nuevodigitaldeescobar.com.ar\/?p=10239#primaryimage\"},\"thumbnailUrl\":\"https:\/\/nuevodigitaldeescobar.com.ar\/wp-content\/uploads\/2024\/12\/milei-rural564.jpg\",\"articleSection\":[\"Econom\u00eda\",\"Pol\u00edtica\"],\"inLanguage\":\"es\",\"potentialAction\":[{\"@type\":\"CommentAction\",\"name\":\"Comment\",\"target\":[\"https:\/\/nuevodigitaldeescobar.com.ar\/?p=10239#respond\"]}]},{\"@type\":\"WebPage\",\"@id\":\"https:\/\/nuevodigitaldeescobar.com.ar\/?p=10239\",\"url\":\"https:\/\/nuevodigitaldeescobar.com.ar\/?p=10239\",\"name\":\"En la Rural, Milei condicion\u00f3 la baja de retenciones a variables econ\u00f3micas para 2025 - Nuevo Digital de Escobar\",\"isPartOf\":{\"@id\":\"https:\/\/nuevodigitaldeescobar.com.ar\/#website\"},\"primaryImageOfPage\":{\"@id\":\"https:\/\/nuevodigitaldeescobar.com.ar\/?p=10239#primaryimage\"},\"image\":{\"@id\":\"https:\/\/nuevodigitaldeescobar.com.ar\/?p=10239#primaryimage\"},\"thumbnailUrl\":\"https:\/\/nuevodigitaldeescobar.com.ar\/wp-content\/uploads\/2024\/12\/milei-rural564.jpg\",\"datePublished\":\"2024-12-11T10:00:00+00:00\",\"breadcrumb\":{\"@id\":\"https:\/\/nuevodigitaldeescobar.com.ar\/?p=10239#breadcrumb\"},\"inLanguage\":\"es\",\"potentialAction\":[{\"@type\":\"ReadAction\",\"target\":[\"https:\/\/nuevodigitaldeescobar.com.ar\/?p=10239\"]}]},{\"@type\":\"ImageObject\",\"inLanguage\":\"es\",\"@id\":\"https:\/\/nuevodigitaldeescobar.com.ar\/?p=10239#primaryimage\",\"url\":\"https:\/\/nuevodigitaldeescobar.com.ar\/wp-content\/uploads\/2024\/12\/milei-rural564.jpg\",\"contentUrl\":\"https:\/\/nuevodigitaldeescobar.com.ar\/wp-content\/uploads\/2024\/12\/milei-rural564.jpg\",\"width\":750,\"height\":485},{\"@type\":\"BreadcrumbList\",\"@id\":\"https:\/\/nuevodigitaldeescobar.com.ar\/?p=10239#breadcrumb\",\"itemListElement\":[{\"@type\":\"ListItem\",\"position\":1,\"name\":\"Portada\",\"item\":\"https:\/\/nuevodigitaldeescobar.com.ar\/\"},{\"@type\":\"ListItem\",\"position\":2,\"name\":\"En la Rural, Milei condicion\u00f3 la baja de retenciones a variables econ\u00f3micas para 2025\"}]},{\"@type\":\"WebSite\",\"@id\":\"https:\/\/nuevodigitaldeescobar.com.ar\/#website\",\"url\":\"https:\/\/nuevodigitaldeescobar.com.ar\/\",\"name\":\"Nuevo Digital de Escobar\",\"description\":\"La vida escobarense. Directora: Rosana Brunner\",\"publisher\":{\"@id\":\"https:\/\/nuevodigitaldeescobar.com.ar\/#organization\"},\"potentialAction\":[{\"@type\":\"SearchAction\",\"target\":{\"@type\":\"EntryPoint\",\"urlTemplate\":\"https:\/\/nuevodigitaldeescobar.com.ar\/?s={search_term_string}\"},\"query-input\":{\"@type\":\"PropertyValueSpecification\",\"valueRequired\":true,\"valueName\":\"search_term_string\"}}],\"inLanguage\":\"es\"},{\"@type\":\"Organization\",\"@id\":\"https:\/\/nuevodigitaldeescobar.com.ar\/#organization\",\"name\":\"Nuevo Digital de Escobar\",\"url\":\"https:\/\/nuevodigitaldeescobar.com.ar\/\",\"logo\":{\"@type\":\"ImageObject\",\"inLanguage\":\"es\",\"@id\":\"https:\/\/nuevodigitaldeescobar.com.ar\/#\/schema\/logo\/image\/\",\"url\":\"https:\/\/nuevodigitaldeescobar.com.ar\/wp-content\/uploads\/2025\/05\/cropped-logo-nuevo2.jpg\",\"contentUrl\":\"https:\/\/nuevodigitaldeescobar.com.ar\/wp-content\/uploads\/2025\/05\/cropped-logo-nuevo2.jpg\",\"width\":305,\"height\":305,\"caption\":\"Nuevo Digital de Escobar\"},\"image\":{\"@id\":\"https:\/\/nuevodigitaldeescobar.com.ar\/#\/schema\/logo\/image\/\"},\"sameAs\":[\"https:\/\/www.facebook.com\/NUEVODigitalDeEscobar\",\"https:\/\/x.com\/nuevodigescobar\",\"https:\/\/www.instagram.com\/nuevodigitaldeescobar\"]},{\"@type\":\"Person\",\"@id\":\"https:\/\/nuevodigitaldeescobar.com.ar\/#\/schema\/person\/035e90a8efe9a80e6eec22656ad6ea4c\",\"name\":\"Redacci\u00f3n\",\"image\":{\"@type\":\"ImageObject\",\"inLanguage\":\"es\",\"@id\":\"https:\/\/nuevodigitaldeescobar.com.ar\/#\/schema\/person\/image\/\",\"url\":\"https:\/\/secure.gravatar.com\/avatar\/8af8f40000c24e9eef3034f2be5998a372bb1389e64b1a4a36b3a7979142220d?s=96&d=mm&r=g\",\"contentUrl\":\"https:\/\/secure.gravatar.com\/avatar\/8af8f40000c24e9eef3034f2be5998a372bb1389e64b1a4a36b3a7979142220d?s=96&d=mm&r=g\",\"caption\":\"Redacci\u00f3n\"},\"sameAs\":[\"http:\/\/nuevodigitaldeescobar.com.ar\"],\"url\":\"https:\/\/nuevodigitaldeescobar.com.ar\/?author=1\"}]}<\/script>\n<!-- \/ Yoast SEO plugin. -->","yoast_head_json":{"title":"En la Rural, Milei condicion\u00f3 la baja de retenciones a variables econ\u00f3micas para 2025 - Nuevo Digital de Escobar","robots":{"index":"index","follow":"follow","max-snippet":"max-snippet:-1","max-image-preview":"max-image-preview:large","max-video-preview":"max-video-preview:-1"},"canonical":"https:\/\/nuevodigitaldeescobar.com.ar\/?p=10239","og_locale":"es_ES","og_type":"article","og_title":"En la Rural, Milei condicion\u00f3 la baja de retenciones a variables econ\u00f3micas para 2025 - Nuevo Digital de Escobar","og_description":"El presidente Javier Milei abord\u00f3 ayer el sector agropecuario durante una jornada de acci\u00f3n gremial organizada por la Sociedad Rural Argentina (SRA), donde reiter\u00f3 que [&hellip;]","og_url":"https:\/\/nuevodigitaldeescobar.com.ar\/?p=10239","og_site_name":"Nuevo Digital de Escobar","article_publisher":"https:\/\/www.facebook.com\/NUEVODigitalDeEscobar","article_published_time":"2024-12-11T10:00:00+00:00","og_image":[{"width":750,"height":485,"url":"https:\/\/nuevodigitaldeescobar.com.ar\/wp-content\/uploads\/2024\/12\/milei-rural564.jpg","type":"image\/jpeg"}],"author":"Redacci\u00f3n","twitter_card":"summary_large_image","twitter_creator":"@nuevodigescobar","twitter_site":"@nuevodigescobar","twitter_misc":{"Escrito por":"Redacci\u00f3n","Tiempo de lectura":"3 minutos"},"schema":{"@context":"https:\/\/schema.org","@graph":[{"@type":"Article","@id":"https:\/\/nuevodigitaldeescobar.com.ar\/?p=10239#article","isPartOf":{"@id":"https:\/\/nuevodigitaldeescobar.com.ar\/?p=10239"},"author":{"name":"Redacci\u00f3n","@id":"https:\/\/nuevodigitaldeescobar.com.ar\/#\/schema\/person\/035e90a8efe9a80e6eec22656ad6ea4c"},"headline":"En la Rural, Milei condicion\u00f3 la baja de retenciones a variables econ\u00f3micas para 2025","datePublished":"2024-12-11T10:00:00+00:00","mainEntityOfPage":{"@id":"https:\/\/nuevodigitaldeescobar.com.ar\/?p=10239"},"wordCount":592,"commentCount":0,"publisher":{"@id":"https:\/\/nuevodigitaldeescobar.com.ar\/#organization"},"image":{"@id":"https:\/\/nuevodigitaldeescobar.com.ar\/?p=10239#primaryimage"},"thumbnailUrl":"https:\/\/nuevodigitaldeescobar.com.ar\/wp-content\/uploads\/2024\/12\/milei-rural564.jpg","articleSection":["Econom\u00eda","Pol\u00edtica"],"inLanguage":"es","potentialAction":[{"@type":"CommentAction","name":"Comment","target":["https:\/\/nuevodigitaldeescobar.com.ar\/?p=10239#respond"]}]},{"@type":"WebPage","@id":"https:\/\/nuevodigitaldeescobar.com.ar\/?p=10239","url":"https:\/\/nuevodigitaldeescobar.com.ar\/?p=10239","name":"En la Rural, Milei condicion\u00f3 la baja de retenciones a variables econ\u00f3micas para 2025 - Nuevo Digital de Escobar","isPartOf":{"@id":"https:\/\/nuevodigitaldeescobar.com.ar\/#website"},"primaryImageOfPage":{"@id":"https:\/\/nuevodigitaldeescobar.com.ar\/?p=10239#primaryimage"},"image":{"@id":"https:\/\/nuevodigitaldeescobar.com.ar\/?p=10239#primaryimage"},"thumbnailUrl":"https:\/\/nuevodigitaldeescobar.com.ar\/wp-content\/uploads\/2024\/12\/milei-rural564.jpg","datePublished":"2024-12-11T10:00:00+00:00","breadcrumb":{"@id":"https:\/\/nuevodigitaldeescobar.com.ar\/?p=10239#breadcrumb"},"inLanguage":"es","potentialAction":[{"@type":"ReadAction","target":["https:\/\/nuevodigitaldeescobar.com.ar\/?p=10239"]}]},{"@type":"ImageObject","inLanguage":"es","@id":"https:\/\/nuevodigitaldeescobar.com.ar\/?p=10239#primaryimage","url":"https:\/\/nuevodigitaldeescobar.com.ar\/wp-content\/uploads\/2024\/12\/milei-rural564.jpg","contentUrl":"https:\/\/nuevodigitaldeescobar.com.ar\/wp-content\/uploads\/2024\/12\/milei-rural564.jpg","width":750,"height":485},{"@type":"BreadcrumbList","@id":"https:\/\/nuevodigitaldeescobar.com.ar\/?p=10239#breadcrumb","itemListElement":[{"@type":"ListItem","position":1,"name":"Portada","item":"https:\/\/nuevodigitaldeescobar.com.ar\/"},{"@type":"ListItem","position":2,"name":"En la Rural, Milei condicion\u00f3 la baja de retenciones a variables econ\u00f3micas para 2025"}]},{"@type":"WebSite","@id":"https:\/\/nuevodigitaldeescobar.com.ar\/#website","url":"https:\/\/nuevodigitaldeescobar.com.ar\/","name":"Nuevo Digital de Escobar","description":"La vida escobarense. Directora: Rosana Brunner","publisher":{"@id":"https:\/\/nuevodigitaldeescobar.com.ar\/#organization"},"potentialAction":[{"@type":"SearchAction","target":{"@type":"EntryPoint","urlTemplate":"https:\/\/nuevodigitaldeescobar.com.ar\/?s={search_term_string}"},"query-input":{"@type":"PropertyValueSpecification","valueRequired":true,"valueName":"search_term_string"}}],"inLanguage":"es"},{"@type":"Organization","@id":"https:\/\/nuevodigitaldeescobar.com.ar\/#organization","name":"Nuevo Digital de Escobar","url":"https:\/\/nuevodigitaldeescobar.com.ar\/","logo":{"@type":"ImageObject","inLanguage":"es","@id":"https:\/\/nuevodigitaldeescobar.com.ar\/#\/schema\/logo\/image\/","url":"https:\/\/nuevodigitaldeescobar.com.ar\/wp-content\/uploads\/2025\/05\/cropped-logo-nuevo2.jpg","contentUrl":"https:\/\/nuevodigitaldeescobar.com.ar\/wp-content\/uploads\/2025\/05\/cropped-logo-nuevo2.jpg","width":305,"height":305,"caption":"Nuevo Digital de Escobar"},"image":{"@id":"https:\/\/nuevodigitaldeescobar.com.ar\/#\/schema\/logo\/image\/"},"sameAs":["https:\/\/www.facebook.com\/NUEVODigitalDeEscobar","https:\/\/x.com\/nuevodigescobar","https:\/\/www.instagram.com\/nuevodigitaldeescobar"]},{"@type":"Person","@id":"https:\/\/nuevodigitaldeescobar.com.ar\/#\/schema\/person\/035e90a8efe9a80e6eec22656ad6ea4c","name":"Redacci\u00f3n","image":{"@type":"ImageObject","inLanguage":"es","@id":"https:\/\/nuevodigitaldeescobar.com.ar\/#\/schema\/person\/image\/","url":"https:\/\/secure.gravatar.com\/avatar\/8af8f40000c24e9eef3034f2be5998a372bb1389e64b1a4a36b3a7979142220d?s=96&d=mm&r=g","contentUrl":"https:\/\/secure.gravatar.com\/avatar\/8af8f40000c24e9eef3034f2be5998a372bb1389e64b1a4a36b3a7979142220d?s=96&d=mm&r=g","caption":"Redacci\u00f3n"},"sameAs":["http:\/\/nuevodigitaldeescobar.com.ar"],"url":"https:\/\/nuevodigitaldeescobar.com.ar\/?author=1"}]}},"featured_image_urls":{"full":["https:\/\/nuevodigitaldeescobar.com.ar\/wp-content\/uploads\/2024\/12\/milei-rural564.jpg",750,485,false],"thumbnail":["https:\/\/nuevodigitaldeescobar.com.ar\/wp-content\/uploads\/2024\/12\/milei-rural564-150x150.jpg",150,150,true],"medium":["https:\/\/nuevodigitaldeescobar.com.ar\/wp-content\/uploads\/2024\/12\/milei-rural564-300x194.jpg",300,194,true],"medium_large":["https:\/\/nuevodigitaldeescobar.com.ar\/wp-content\/uploads\/2024\/12\/milei-rural564.jpg",640,414,false],"large":["https:\/\/nuevodigitaldeescobar.com.ar\/wp-content\/uploads\/2024\/12\/milei-rural564.jpg",640,414,false],"1536x1536":["https:\/\/nuevodigitaldeescobar.com.ar\/wp-content\/uploads\/2024\/12\/milei-rural564.jpg",750,485,false],"2048x2048":["https:\/\/nuevodigitaldeescobar.com.ar\/wp-content\/uploads\/2024\/12\/milei-rural564.jpg",750,485,false]},"author_info":{"display_name":"Redacci\u00f3n","author_link":"https:\/\/nuevodigitaldeescobar.com.ar\/?author=1"},"category_info":"<a href=\"https:\/\/nuevodigitaldeescobar.com.ar\/?cat=10\" rel=\"category\">Econom\u00eda<\/a> <a href=\"https:\/\/nuevodigitaldeescobar.com.ar\/?cat=6\" rel=\"category\">Pol\u00edtica<\/a>","tag_info":"Pol\u00edtica","comment_count":"0","_links":{"self":[{"href":"https:\/\/nuevodigitaldeescobar.com.ar\/index.php?rest_route=\/wp\/v2\/posts\/10239","targetHints":{"allow":["GET"]}}],"collection":[{"href":"https:\/\/nuevodigitaldeescobar.com.ar\/index.php?rest_route=\/wp\/v2\/posts"}],"about":[{"href":"https:\/\/nuevodigitaldeescobar.com.ar\/index.php?rest_route=\/wp\/v2\/types\/post"}],"author":[{"embeddable":true,"href":"https:\/\/nuevodigitaldeescobar.com.ar\/index.php?rest_route=\/wp\/v2\/users\/1"}],"replies":[{"embeddable":true,"href":"https:\/\/nuevodigitaldeescobar.com.ar\/index.php?rest_route=%2Fwp%2Fv2%2Fcomments&post=10239"}],"version-history":[{"count":3,"href":"https:\/\/nuevodigitaldeescobar.com.ar\/index.php?rest_route=\/wp\/v2\/posts\/10239\/revisions"}],"predecessor-version":[{"id":10264,"href":"https:\/\/nuevodigitaldeescobar.com.ar\/index.php?rest_route=\/wp\/v2\/posts\/10239\/revisions\/10264"}],"wp:featuredmedia":[{"embeddable":true,"href":"https:\/\/nuevodigitaldeescobar.com.ar\/index.php?rest_route=\/wp\/v2\/media\/10242"}],"wp:attachment":[{"href":"https:\/\/nuevodigitaldeescobar.com.ar\/index.php?rest_route=%2Fwp%2Fv2%2Fmedia&parent=10239"}],"wp:term":[{"taxonomy":"category","embeddable":true,"href":"https:\/\/nuevodigitaldeescobar.com.ar\/index.php?rest_route=%2Fwp%2Fv2%2Fcategories&post=10239"},{"taxonomy":"post_tag","embeddable":true,"href":"https:\/\/nuevodigitaldeescobar.com.ar\/index.php?rest_route=%2Fwp%2Fv2%2Ftags&post=10239"}],"curies":[{"name":"wp","href":"https:\/\/api.w.org\/{rel}","templated":true}]}}