{"id":10278,"date":"2024-12-11T07:05:00","date_gmt":"2024-12-11T10:05:00","guid":{"rendered":"https:\/\/nuevodigitaldeescobar.com.ar\/?p=10278"},"modified":"2024-12-11T02:19:05","modified_gmt":"2024-12-11T05:19:05","slug":"javier-milei-anticipa-un-2025-con-fuertes-reformas-fiscales-y-el-levantamiento-del-cepo-cambiario","status":"publish","type":"post","link":"https:\/\/nuevodigitaldeescobar.com.ar\/?p=10278","title":{"rendered":"Javier Milei anticipa un 2025 con fuertes reformas fiscales y el levantamiento del cepo cambiario"},"content":{"rendered":"<p><span style=\"color: #003366;\"><strong><em>En un mensaje transmitido por cadena nacional para conmemorar el primer a\u00f1o de su gobierno, Javier Milei ofreci\u00f3 un discurso contundente en el que defendi\u00f3 su gesti\u00f3n, especialmente los logros econ\u00f3micos, y deline\u00f3 las principales acciones para 2025. \u201cEl cepo cambiario es una aberraci\u00f3n que nunca debi\u00f3 existir y, con nosotros, se acabar\u00e1 definitivamente el pr\u00f3ximo a\u00f1o\u00bb, afirm\u00f3.<\/em><\/strong><\/span><!--more--><\/p>\n\n<p><\/p>\n<h3><span style=\"color: #003366;\"><strong>El agradecimiento a la sociedad y el llamado a la unidad en tiempos dif\u00edciles<\/strong><\/span><\/h3>\n<p> <\/p>\n<p>El Presidente comenz\u00f3 su intervenci\u00f3n agradeciendo a la ciudadan\u00eda <em>\u201cpor el sacrificio realizado durante este a\u00f1o\u201d<\/em> y destac\u00f3 que dicho esfuerzo no ser\u00e1 en vano. <em>\u201cHay una frase que dice que los buenos tiempos crean hombres d\u00e9biles, los hombres d\u00e9biles crean tiempos dif\u00edciles, los tiempos dif\u00edciles crean hombres fuertes, y son los hombres fuertes quienes crean buenos tiempos. Este a\u00f1o, los argentinos demostramos ser hombres y mujeres fuertes\u201d<\/em>, expres\u00f3 Milei en un reconocimiento al pueblo argentino.<\/p>\n<p><\/p>\n\n<p><\/p>\n<h3><span style=\"color: #003366;\"><strong>La mirada hacia 2025: Propuestas y desaf\u00edos<\/strong><\/span><\/h3>\n<p> <\/p>\n<p>Milei tambi\u00e9n present\u00f3 una serie de reformas que abarcan \u00e1reas econ\u00f3micas, fiscales, de seguridad y reestructuraci\u00f3n estatal. Estas incluyen modificaciones en el sistema tributario, estrategias para atraer inversiones extranjeras, la mejora de la seguridad p\u00fablica y un plan nuclear enfocado en nuevas tecnolog\u00edas.<\/p>\n<p><\/p>\n\n<p><\/p>\n<h3><span style=\"color: #003366;\"><strong>Reflexiones sobre el futuro y el rol del cambio en las elecciones<\/strong><\/span><\/h3>\n<p> <\/p>\n<p><em>\u201cArgentina es uno de los pa\u00edses con mejor proyecci\u00f3n para los pr\u00f3ximos 40 a\u00f1os. Algunos consideran todo este proceso un verdadero milagro econ\u00f3mico, el milagro argentino\u00bb<\/em>, afirm\u00f3 el Presidente tras repasar los principales logros de su primer a\u00f1o y las proyecciones para 2025.<\/p>\n<p><\/p>\n\n\n<p>Si bien Milei reconoci\u00f3 que 2025 ser\u00e1 un a\u00f1o electoral, dej\u00f3 en claro que, a diferencia de otras gestiones, no tiene intenci\u00f3n de implementar una pol\u00edtica fiscal y monetaria expansiva. <em>\u201cNo caeremos en la tentaci\u00f3n que seduce a la casta pol\u00edtica, porque nosotros representamos el futuro y la prosperidad; seguiremos con el ajuste y la austeridad para continuar reduciendo impuestos y devolverle el dinero al sector privado\u00bb<\/em>, puntualiz\u00f3.<\/p>\n\n\n\n<p>El Presidente tambi\u00e9n envi\u00f3 un mensaje claro a los partidos tradicionales: <em>\u201cCreyeron err\u00f3neamente que la elecci\u00f3n de este gobierno fue un capricho pasajero, una reacci\u00f3n a un malestar moment\u00e1neo. Pero este a\u00f1o, la sociedad les demostr\u00f3 que su compromiso con el cambio es una convicci\u00f3n firme, no un arrebato transitorio\u201d<\/em>, asegur\u00f3.<\/p>\n\n\n\n<p>Finalmente, Milei plante\u00f3 lo que, desde su perspectiva, estar\u00e1 en juego en las pr\u00f3ximas elecciones legislativas: <em>\u201cSer\u00e1 una elecci\u00f3n entre los pol\u00edticos del pasado y una agenda orientada hacia el futuro\u201d<\/em>.<\/p>\n\n\n\n<figure class=\"wp-block-image size-large is-resized is-style-rounded\"><img fetchpriority=\"high\" decoding=\"async\" width=\"1024\" height=\"451\" src=\"http:\/\/nuevodigitaldeescobar.com.ar\/wp-content\/uploads\/2024\/12\/cadena01-1024x451.png\" alt=\"\" class=\"wp-image-10279\" style=\"width:840px;height:auto\" srcset=\"https:\/\/nuevodigitaldeescobar.com.ar\/wp-content\/uploads\/2024\/12\/cadena01-1024x451.png 1024w, https:\/\/nuevodigitaldeescobar.com.ar\/wp-content\/uploads\/2024\/12\/cadena01-300x132.png 300w, https:\/\/nuevodigitaldeescobar.com.ar\/wp-content\/uploads\/2024\/12\/cadena01-768x339.png 768w, https:\/\/nuevodigitaldeescobar.com.ar\/wp-content\/uploads\/2024\/12\/cadena01.png 1302w\" sizes=\"(max-width: 1024px) 100vw, 1024px\" \/><\/figure>\n\n\n<p><\/p>\n<h3><span style=\"color: #003366;\"><strong>Plan de reformas fiscales y monetarias para el a\u00f1o pr\u00f3ximo<\/strong><\/span><\/h3>\n<p> <\/p>\n<p>El Presidente anticip\u00f3 una reforma impositiva cuyo objetivo es reducir en un 90% los impuestos nacionales vigentes, devolviendo la autonom\u00eda fiscal a las provincias. <em>\u201cEl a\u00f1o pr\u00f3ximo, veremos una verdadera competencia fiscal entre las provincias para ver qui\u00e9n atrae m\u00e1s inversiones\u201d<\/em>, agreg\u00f3.<\/p>\n<p><\/p>\n\n\n<p>Milei tambi\u00e9n confirm\u00f3 su intenci\u00f3n de eliminar el cepo cambiario en 2025. <em>\u201cEstamos trabajando en una soluci\u00f3n definitiva para el problema de los stocks del Banco Central, que podr\u00eda materializarse a trav\u00e9s de un nuevo programa con el Fondo Monetario Internacional o un acuerdo con el sector privado\u201d<\/em>, explic\u00f3. Asimismo, destac\u00f3 que todos los argentinos podr\u00e1n realizar transacciones en la moneda de su elecci\u00f3n, exceptuando el pago de impuestos, que por el momento seguir\u00e1 siendo en pesos.<\/p>\n\n\n<p><\/p>\n<h3><span style=\"color: #003366;\"><strong>Apertura de nuevos mercados y fomento de la inversi\u00f3n externa<\/strong><\/span><\/h3>\n<p> <\/p>\n<p>En cuanto a las inversiones, Milei subray\u00f3 que su gobierno trabajar\u00e1 en un marco fiscal m\u00e1s competitivo para atraer inversiones superiores a los 200 mil millones de d\u00f3lares. <em>\u201cYa tenemos solicitudes de inversi\u00f3n por m\u00e1s de 11.800 millones de d\u00f3lares, y se est\u00e1n realizando anuncios en sectores clave como infraestructura, miner\u00eda, siderurgia, energ\u00eda, automotriz, tecnolog\u00eda, petr\u00f3leo y gas\u201d<\/em>, detall\u00f3.<\/p>\n<p><\/p>\n\n\n<p>Adem\u00e1s, en el \u00e1mbito del comercio internacional, el Presidente present\u00f3 su propuesta para reformar el Mercosur, que incluye la eliminaci\u00f3n de barreras arancelarias internas, la reducci\u00f3n del arancel externo com\u00fan, y la promoci\u00f3n de un tratado de libre comercio con Estados Unidos, una medida que, seg\u00fan afirm\u00f3, <em>\u201cdebi\u00f3 haberse concretado hace 19 a\u00f1os\u201d<\/em>.<\/p>\n\n\n<p><\/p>\n<h3><span style=\"color: #003366;\"><strong>Compromiso con la reducci\u00f3n del gasto p\u00fablico y la eficiencia del Estado<\/strong><\/span><\/h3>\n<p> <\/p>\n<p>En este sentido, Milei reafirm\u00f3 su compromiso con lo que denomin\u00f3 <em>\u00abla motosierra profunda\u00bb<\/em>. <em>\u201cRealizaremos una auditor\u00eda exhaustiva para llevar adelante la reducci\u00f3n m\u00e1s profunda del gasto p\u00fablico en la historia del pa\u00eds, lo que permitir\u00e1 un Estado m\u00e1s peque\u00f1o, eficiente y econ\u00f3mico para todos los contribuyentes\u201d<\/em>, se\u00f1al\u00f3. Adem\u00e1s, confirm\u00f3 que se eliminar\u00e1n organismos, secretar\u00edas, subsecretar\u00edas, empresas p\u00fablicas y toda estructura estatal innecesaria.<\/p>\n<p><\/p>\n\n<p><\/p>\n<h3><span style=\"color: #003366;\"><strong>Medidas para fortalecer la seguridad y luchar contra el crimen organizado<\/strong><\/span><\/h3>\n<p> <\/p>\n<p>En cuanto a seguridad, el Presidente anunci\u00f3 la implementaci\u00f3n de una ley de reiterancia, que establece penas m\u00e1s severas para los delincuentes reincidentes, y una norma antimafia inspirada en la ley RICO de Estados Unidos, que erradic\u00f3 el crimen organizado en ese pa\u00eds hace 50 a\u00f1os.<\/p>\n<p><\/p>\n\n<p><\/p>\n<h3><span style=\"color: #003366;\"><strong>Transformaci\u00f3n de la Polic\u00eda Federal y estrategias contra el narcotr\u00e1fico<\/strong><\/span><\/h3>\n<p> <\/p>\n<p>Una de las principales novedades fue la reforma de la Polic\u00eda Federal, que pasar\u00e1 a llamarse Agencia Federal de Investigaci\u00f3n Criminal, similar al FBI. <em>\u00abEsto mejorar\u00e1 su eficiencia operativa, su profesionalizaci\u00f3n, su tecnolog\u00eda y su capacidad para combatir delitos de alcance nacional e internacional\u00bb<\/em>, explic\u00f3 Milei.<\/p>\n<p> <\/p>\n<p>En el mismo sentido, el Presidente anunci\u00f3 la creaci\u00f3n de una Unidad Anti Narcoterrorismo para combatir el narcotr\u00e1fico en la Triple Frontera, buscando la cooperaci\u00f3n de los pa\u00edses vecinos que integran el Mercosur.<\/p>\n<p><\/p>\n\n<p><\/p>\n<h3><span style=\"color: #003366;\"><strong>Impulso a la innovaci\u00f3n y al desarrollo tecnol\u00f3gico en el \u00e1mbito nuclear<\/strong><\/span><\/h3>\n<p> <\/p>\n<p>En el \u00e1mbito de la innovaci\u00f3n tecnol\u00f3gica, el gobierno presentar\u00e1 un Plan Nuclear Argentino, que incluir\u00e1 la construcci\u00f3n de nuevos reactores y la investigaci\u00f3n en tecnolog\u00edas emergentes de reactores peque\u00f1os y modulares. <em>\u00abMantendremos los m\u00e1s altos est\u00e1ndares de seguridad y eficiencia\u00bb<\/em>, afirm\u00f3 Milei, quien encomend\u00f3 la presentaci\u00f3n del plan a Demian Reidel.<\/p>\n<p><\/p>\n\n<p><\/p>\n<h3><span style=\"color: #003366;\"><strong>Elecciones 2025: el rumbo econ\u00f3mico seguir\u00e1 sin cambios<\/strong><\/span><\/h3>\n<p> <\/p>\n<p>El presidente libertario concluy\u00f3 diferenci\u00e1ndose de los \u201cpol\u00edticos tradicionales\u201d y adelant\u00f3 que, a pesar de que 2025 ser\u00e1 un a\u00f1o electoral, su gobierno continuar\u00e1 con el ajuste. <em>\u00abA diferencia de otros pol\u00edticos, que en los a\u00f1os electorales gastan a manos llenas buscando votos, nosotros vamos a seguir con nuestro programa de ajuste para reducir impuestos y devolverle el dinero al sector privado. En este marco, realizaremos una reforma impositiva, previsional, laboral, de seguridad nacional, penal, pol\u00edtica y otras reformas que el pa\u00eds lleva d\u00e9cadas postergando\u00bb<\/em>, concluy\u00f3.<\/p>\n<p><\/p>\n\n\n<p><em>(Fuente: Infobae) \/\/ (Im\u00e1genes: Cadena Nacional)<\/em><\/p>\n","protected":false},"excerpt":{"rendered":"<p>En un mensaje transmitido por cadena nacional para conmemorar el primer a\u00f1o de su gobierno, Javier Milei ofreci\u00f3 un discurso contundente en el que defendi\u00f3 [&hellip;]<\/p>\n","protected":false},"author":1,"featured_media":10280,"comment_status":"open","ping_status":"open","sticky":false,"template":"","format":"standard","meta":{"footnotes":""},"categories":[6],"tags":[],"class_list":["post-10278","post","type-post","status-publish","format-standard","has-post-thumbnail","hentry","category-politica"],"better_featured_image":{"id":10280,"alt_text":"","caption":"","description":"","media_type":"image","media_details":{"width":1232,"height":505,"file":"2024\/12\/cadena02.png","filesize":1381857,"sizes":{"medium":{"file":"cadena02-300x123.png","width":300,"height":123,"mime-type":"image\/png","filesize":71632,"source_url":"https:\/\/nuevodigitaldeescobar.com.ar\/wp-content\/uploads\/2024\/12\/cadena02-300x123.png"},"large":{"file":"cadena02-1024x420.png","width":1024,"height":420,"mime-type":"image\/png","filesize":576962,"source_url":"https:\/\/nuevodigitaldeescobar.com.ar\/wp-content\/uploads\/2024\/12\/cadena02-1024x420.png"},"thumbnail":{"file":"cadena02-150x150.png","width":150,"height":150,"mime-type":"image\/png","filesize":43630,"source_url":"https:\/\/nuevodigitaldeescobar.com.ar\/wp-content\/uploads\/2024\/12\/cadena02-150x150.png"},"medium_large":{"file":"cadena02-768x315.png","width":768,"height":315,"mime-type":"image\/png","filesize":359521,"source_url":"https:\/\/nuevodigitaldeescobar.com.ar\/wp-content\/uploads\/2024\/12\/cadena02-768x315.png"}},"image_meta":{"aperture":"0","credit":"","camera":"","caption":"","created_timestamp":"0","copyright":"","focal_length":"0","iso":"0","shutter_speed":"0","title":"","orientation":"0","keywords":[]}},"post":10278,"source_url":"https:\/\/nuevodigitaldeescobar.com.ar\/wp-content\/uploads\/2024\/12\/cadena02.png"},"yoast_head":"<!-- This site is optimized with the Yoast SEO plugin v26.1.1 - https:\/\/yoast.com\/wordpress\/plugins\/seo\/ -->\n<title>Javier Milei anticipa un 2025 con fuertes reformas fiscales y el levantamiento del cepo cambiario - Nuevo Digital de Escobar<\/title>\n<meta name=\"robots\" content=\"index, follow, max-snippet:-1, max-image-preview:large, max-video-preview:-1\" \/>\n<link rel=\"canonical\" href=\"https:\/\/nuevodigitaldeescobar.com.ar\/?p=10278\" \/>\n<meta property=\"og:locale\" content=\"es_ES\" \/>\n<meta property=\"og:type\" content=\"article\" \/>\n<meta property=\"og:title\" content=\"Javier Milei anticipa un 2025 con fuertes reformas fiscales y el levantamiento del cepo cambiario - Nuevo Digital de Escobar\" \/>\n<meta property=\"og:description\" content=\"En un mensaje transmitido por cadena nacional para conmemorar el primer a\u00f1o de su gobierno, Javier Milei ofreci\u00f3 un discurso contundente en el que defendi\u00f3 [&hellip;]\" \/>\n<meta property=\"og:url\" content=\"https:\/\/nuevodigitaldeescobar.com.ar\/?p=10278\" \/>\n<meta property=\"og:site_name\" content=\"Nuevo Digital de Escobar\" \/>\n<meta property=\"article:publisher\" content=\"https:\/\/www.facebook.com\/NUEVODigitalDeEscobar\" \/>\n<meta property=\"article:published_time\" content=\"2024-12-11T10:05:00+00:00\" \/>\n<meta property=\"og:image\" content=\"https:\/\/nuevodigitaldeescobar.com.ar\/wp-content\/uploads\/2024\/12\/cadena02.png\" \/>\n\t<meta property=\"og:image:width\" content=\"1232\" \/>\n\t<meta property=\"og:image:height\" content=\"505\" \/>\n\t<meta property=\"og:image:type\" content=\"image\/png\" \/>\n<meta name=\"author\" content=\"Redacci\u00f3n\" \/>\n<meta name=\"twitter:card\" content=\"summary_large_image\" \/>\n<meta name=\"twitter:creator\" content=\"@nuevodigescobar\" \/>\n<meta name=\"twitter:site\" content=\"@nuevodigescobar\" \/>\n<meta name=\"twitter:label1\" content=\"Escrito por\" \/>\n\t<meta name=\"twitter:data1\" content=\"Redacci\u00f3n\" \/>\n\t<meta name=\"twitter:label2\" content=\"Tiempo de lectura\" \/>\n\t<meta name=\"twitter:data2\" content=\"6 minutos\" \/>\n<script type=\"application\/ld+json\" class=\"yoast-schema-graph\">{\"@context\":\"https:\/\/schema.org\",\"@graph\":[{\"@type\":\"Article\",\"@id\":\"https:\/\/nuevodigitaldeescobar.com.ar\/?p=10278#article\",\"isPartOf\":{\"@id\":\"https:\/\/nuevodigitaldeescobar.com.ar\/?p=10278\"},\"author\":{\"name\":\"Redacci\u00f3n\",\"@id\":\"https:\/\/nuevodigitaldeescobar.com.ar\/#\/schema\/person\/035e90a8efe9a80e6eec22656ad6ea4c\"},\"headline\":\"Javier Milei anticipa un 2025 con fuertes reformas fiscales y el levantamiento del cepo cambiario\",\"datePublished\":\"2024-12-11T10:05:00+00:00\",\"mainEntityOfPage\":{\"@id\":\"https:\/\/nuevodigitaldeescobar.com.ar\/?p=10278\"},\"wordCount\":1165,\"commentCount\":0,\"publisher\":{\"@id\":\"https:\/\/nuevodigitaldeescobar.com.ar\/#organization\"},\"image\":{\"@id\":\"https:\/\/nuevodigitaldeescobar.com.ar\/?p=10278#primaryimage\"},\"thumbnailUrl\":\"https:\/\/nuevodigitaldeescobar.com.ar\/wp-content\/uploads\/2024\/12\/cadena02.png\",\"articleSection\":[\"Pol\u00edtica\"],\"inLanguage\":\"es\",\"potentialAction\":[{\"@type\":\"CommentAction\",\"name\":\"Comment\",\"target\":[\"https:\/\/nuevodigitaldeescobar.com.ar\/?p=10278#respond\"]}]},{\"@type\":\"WebPage\",\"@id\":\"https:\/\/nuevodigitaldeescobar.com.ar\/?p=10278\",\"url\":\"https:\/\/nuevodigitaldeescobar.com.ar\/?p=10278\",\"name\":\"Javier Milei anticipa un 2025 con fuertes reformas fiscales y el levantamiento del cepo cambiario - Nuevo Digital de Escobar\",\"isPartOf\":{\"@id\":\"https:\/\/nuevodigitaldeescobar.com.ar\/#website\"},\"primaryImageOfPage\":{\"@id\":\"https:\/\/nuevodigitaldeescobar.com.ar\/?p=10278#primaryimage\"},\"image\":{\"@id\":\"https:\/\/nuevodigitaldeescobar.com.ar\/?p=10278#primaryimage\"},\"thumbnailUrl\":\"https:\/\/nuevodigitaldeescobar.com.ar\/wp-content\/uploads\/2024\/12\/cadena02.png\",\"datePublished\":\"2024-12-11T10:05:00+00:00\",\"breadcrumb\":{\"@id\":\"https:\/\/nuevodigitaldeescobar.com.ar\/?p=10278#breadcrumb\"},\"inLanguage\":\"es\",\"potentialAction\":[{\"@type\":\"ReadAction\",\"target\":[\"https:\/\/nuevodigitaldeescobar.com.ar\/?p=10278\"]}]},{\"@type\":\"ImageObject\",\"inLanguage\":\"es\",\"@id\":\"https:\/\/nuevodigitaldeescobar.com.ar\/?p=10278#primaryimage\",\"url\":\"https:\/\/nuevodigitaldeescobar.com.ar\/wp-content\/uploads\/2024\/12\/cadena02.png\",\"contentUrl\":\"https:\/\/nuevodigitaldeescobar.com.ar\/wp-content\/uploads\/2024\/12\/cadena02.png\",\"width\":1232,\"height\":505},{\"@type\":\"BreadcrumbList\",\"@id\":\"https:\/\/nuevodigitaldeescobar.com.ar\/?p=10278#breadcrumb\",\"itemListElement\":[{\"@type\":\"ListItem\",\"position\":1,\"name\":\"Portada\",\"item\":\"https:\/\/nuevodigitaldeescobar.com.ar\/\"},{\"@type\":\"ListItem\",\"position\":2,\"name\":\"Javier Milei anticipa un 2025 con fuertes reformas fiscales y el levantamiento del cepo cambiario\"}]},{\"@type\":\"WebSite\",\"@id\":\"https:\/\/nuevodigitaldeescobar.com.ar\/#website\",\"url\":\"https:\/\/nuevodigitaldeescobar.com.ar\/\",\"name\":\"Nuevo Digital de Escobar\",\"description\":\"La vida escobarense. Directora: Rosana Brunner\",\"publisher\":{\"@id\":\"https:\/\/nuevodigitaldeescobar.com.ar\/#organization\"},\"potentialAction\":[{\"@type\":\"SearchAction\",\"target\":{\"@type\":\"EntryPoint\",\"urlTemplate\":\"https:\/\/nuevodigitaldeescobar.com.ar\/?s={search_term_string}\"},\"query-input\":{\"@type\":\"PropertyValueSpecification\",\"valueRequired\":true,\"valueName\":\"search_term_string\"}}],\"inLanguage\":\"es\"},{\"@type\":\"Organization\",\"@id\":\"https:\/\/nuevodigitaldeescobar.com.ar\/#organization\",\"name\":\"Nuevo Digital de Escobar\",\"url\":\"https:\/\/nuevodigitaldeescobar.com.ar\/\",\"logo\":{\"@type\":\"ImageObject\",\"inLanguage\":\"es\",\"@id\":\"https:\/\/nuevodigitaldeescobar.com.ar\/#\/schema\/logo\/image\/\",\"url\":\"https:\/\/nuevodigitaldeescobar.com.ar\/wp-content\/uploads\/2025\/05\/cropped-logo-nuevo2.jpg\",\"contentUrl\":\"https:\/\/nuevodigitaldeescobar.com.ar\/wp-content\/uploads\/2025\/05\/cropped-logo-nuevo2.jpg\",\"width\":305,\"height\":305,\"caption\":\"Nuevo Digital de Escobar\"},\"image\":{\"@id\":\"https:\/\/nuevodigitaldeescobar.com.ar\/#\/schema\/logo\/image\/\"},\"sameAs\":[\"https:\/\/www.facebook.com\/NUEVODigitalDeEscobar\",\"https:\/\/x.com\/nuevodigescobar\",\"https:\/\/www.instagram.com\/nuevodigitaldeescobar\"]},{\"@type\":\"Person\",\"@id\":\"https:\/\/nuevodigitaldeescobar.com.ar\/#\/schema\/person\/035e90a8efe9a80e6eec22656ad6ea4c\",\"name\":\"Redacci\u00f3n\",\"image\":{\"@type\":\"ImageObject\",\"inLanguage\":\"es\",\"@id\":\"https:\/\/nuevodigitaldeescobar.com.ar\/#\/schema\/person\/image\/\",\"url\":\"https:\/\/secure.gravatar.com\/avatar\/8af8f40000c24e9eef3034f2be5998a372bb1389e64b1a4a36b3a7979142220d?s=96&d=mm&r=g\",\"contentUrl\":\"https:\/\/secure.gravatar.com\/avatar\/8af8f40000c24e9eef3034f2be5998a372bb1389e64b1a4a36b3a7979142220d?s=96&d=mm&r=g\",\"caption\":\"Redacci\u00f3n\"},\"sameAs\":[\"http:\/\/nuevodigitaldeescobar.com.ar\"],\"url\":\"https:\/\/nuevodigitaldeescobar.com.ar\/?author=1\"}]}<\/script>\n<!-- \/ Yoast SEO plugin. -->","yoast_head_json":{"title":"Javier Milei anticipa un 2025 con fuertes reformas fiscales y el levantamiento del cepo cambiario - Nuevo Digital de Escobar","robots":{"index":"index","follow":"follow","max-snippet":"max-snippet:-1","max-image-preview":"max-image-preview:large","max-video-preview":"max-video-preview:-1"},"canonical":"https:\/\/nuevodigitaldeescobar.com.ar\/?p=10278","og_locale":"es_ES","og_type":"article","og_title":"Javier Milei anticipa un 2025 con fuertes reformas fiscales y el levantamiento del cepo cambiario - Nuevo Digital de Escobar","og_description":"En un mensaje transmitido por cadena nacional para conmemorar el primer a\u00f1o de su gobierno, Javier Milei ofreci\u00f3 un discurso contundente en el que defendi\u00f3 [&hellip;]","og_url":"https:\/\/nuevodigitaldeescobar.com.ar\/?p=10278","og_site_name":"Nuevo Digital de Escobar","article_publisher":"https:\/\/www.facebook.com\/NUEVODigitalDeEscobar","article_published_time":"2024-12-11T10:05:00+00:00","og_image":[{"width":1232,"height":505,"url":"https:\/\/nuevodigitaldeescobar.com.ar\/wp-content\/uploads\/2024\/12\/cadena02.png","type":"image\/png"}],"author":"Redacci\u00f3n","twitter_card":"summary_large_image","twitter_creator":"@nuevodigescobar","twitter_site":"@nuevodigescobar","twitter_misc":{"Escrito por":"Redacci\u00f3n","Tiempo de lectura":"6 minutos"},"schema":{"@context":"https:\/\/schema.org","@graph":[{"@type":"Article","@id":"https:\/\/nuevodigitaldeescobar.com.ar\/?p=10278#article","isPartOf":{"@id":"https:\/\/nuevodigitaldeescobar.com.ar\/?p=10278"},"author":{"name":"Redacci\u00f3n","@id":"https:\/\/nuevodigitaldeescobar.com.ar\/#\/schema\/person\/035e90a8efe9a80e6eec22656ad6ea4c"},"headline":"Javier Milei anticipa un 2025 con fuertes reformas fiscales y el levantamiento del cepo cambiario","datePublished":"2024-12-11T10:05:00+00:00","mainEntityOfPage":{"@id":"https:\/\/nuevodigitaldeescobar.com.ar\/?p=10278"},"wordCount":1165,"commentCount":0,"publisher":{"@id":"https:\/\/nuevodigitaldeescobar.com.ar\/#organization"},"image":{"@id":"https:\/\/nuevodigitaldeescobar.com.ar\/?p=10278#primaryimage"},"thumbnailUrl":"https:\/\/nuevodigitaldeescobar.com.ar\/wp-content\/uploads\/2024\/12\/cadena02.png","articleSection":["Pol\u00edtica"],"inLanguage":"es","potentialAction":[{"@type":"CommentAction","name":"Comment","target":["https:\/\/nuevodigitaldeescobar.com.ar\/?p=10278#respond"]}]},{"@type":"WebPage","@id":"https:\/\/nuevodigitaldeescobar.com.ar\/?p=10278","url":"https:\/\/nuevodigitaldeescobar.com.ar\/?p=10278","name":"Javier Milei anticipa un 2025 con fuertes reformas fiscales y el levantamiento del cepo cambiario - Nuevo Digital de Escobar","isPartOf":{"@id":"https:\/\/nuevodigitaldeescobar.com.ar\/#website"},"primaryImageOfPage":{"@id":"https:\/\/nuevodigitaldeescobar.com.ar\/?p=10278#primaryimage"},"image":{"@id":"https:\/\/nuevodigitaldeescobar.com.ar\/?p=10278#primaryimage"},"thumbnailUrl":"https:\/\/nuevodigitaldeescobar.com.ar\/wp-content\/uploads\/2024\/12\/cadena02.png","datePublished":"2024-12-11T10:05:00+00:00","breadcrumb":{"@id":"https:\/\/nuevodigitaldeescobar.com.ar\/?p=10278#breadcrumb"},"inLanguage":"es","potentialAction":[{"@type":"ReadAction","target":["https:\/\/nuevodigitaldeescobar.com.ar\/?p=10278"]}]},{"@type":"ImageObject","inLanguage":"es","@id":"https:\/\/nuevodigitaldeescobar.com.ar\/?p=10278#primaryimage","url":"https:\/\/nuevodigitaldeescobar.com.ar\/wp-content\/uploads\/2024\/12\/cadena02.png","contentUrl":"https:\/\/nuevodigitaldeescobar.com.ar\/wp-content\/uploads\/2024\/12\/cadena02.png","width":1232,"height":505},{"@type":"BreadcrumbList","@id":"https:\/\/nuevodigitaldeescobar.com.ar\/?p=10278#breadcrumb","itemListElement":[{"@type":"ListItem","position":1,"name":"Portada","item":"https:\/\/nuevodigitaldeescobar.com.ar\/"},{"@type":"ListItem","position":2,"name":"Javier Milei anticipa un 2025 con fuertes reformas fiscales y el levantamiento del cepo cambiario"}]},{"@type":"WebSite","@id":"https:\/\/nuevodigitaldeescobar.com.ar\/#website","url":"https:\/\/nuevodigitaldeescobar.com.ar\/","name":"Nuevo Digital de Escobar","description":"La vida escobarense. Directora: Rosana Brunner","publisher":{"@id":"https:\/\/nuevodigitaldeescobar.com.ar\/#organization"},"potentialAction":[{"@type":"SearchAction","target":{"@type":"EntryPoint","urlTemplate":"https:\/\/nuevodigitaldeescobar.com.ar\/?s={search_term_string}"},"query-input":{"@type":"PropertyValueSpecification","valueRequired":true,"valueName":"search_term_string"}}],"inLanguage":"es"},{"@type":"Organization","@id":"https:\/\/nuevodigitaldeescobar.com.ar\/#organization","name":"Nuevo Digital de Escobar","url":"https:\/\/nuevodigitaldeescobar.com.ar\/","logo":{"@type":"ImageObject","inLanguage":"es","@id":"https:\/\/nuevodigitaldeescobar.com.ar\/#\/schema\/logo\/image\/","url":"https:\/\/nuevodigitaldeescobar.com.ar\/wp-content\/uploads\/2025\/05\/cropped-logo-nuevo2.jpg","contentUrl":"https:\/\/nuevodigitaldeescobar.com.ar\/wp-content\/uploads\/2025\/05\/cropped-logo-nuevo2.jpg","width":305,"height":305,"caption":"Nuevo Digital de Escobar"},"image":{"@id":"https:\/\/nuevodigitaldeescobar.com.ar\/#\/schema\/logo\/image\/"},"sameAs":["https:\/\/www.facebook.com\/NUEVODigitalDeEscobar","https:\/\/x.com\/nuevodigescobar","https:\/\/www.instagram.com\/nuevodigitaldeescobar"]},{"@type":"Person","@id":"https:\/\/nuevodigitaldeescobar.com.ar\/#\/schema\/person\/035e90a8efe9a80e6eec22656ad6ea4c","name":"Redacci\u00f3n","image":{"@type":"ImageObject","inLanguage":"es","@id":"https:\/\/nuevodigitaldeescobar.com.ar\/#\/schema\/person\/image\/","url":"https:\/\/secure.gravatar.com\/avatar\/8af8f40000c24e9eef3034f2be5998a372bb1389e64b1a4a36b3a7979142220d?s=96&d=mm&r=g","contentUrl":"https:\/\/secure.gravatar.com\/avatar\/8af8f40000c24e9eef3034f2be5998a372bb1389e64b1a4a36b3a7979142220d?s=96&d=mm&r=g","caption":"Redacci\u00f3n"},"sameAs":["http:\/\/nuevodigitaldeescobar.com.ar"],"url":"https:\/\/nuevodigitaldeescobar.com.ar\/?author=1"}]}},"featured_image_urls":{"full":["https:\/\/nuevodigitaldeescobar.com.ar\/wp-content\/uploads\/2024\/12\/cadena02.png",1232,505,false],"thumbnail":["https:\/\/nuevodigitaldeescobar.com.ar\/wp-content\/uploads\/2024\/12\/cadena02-150x150.png",150,150,true],"medium":["https:\/\/nuevodigitaldeescobar.com.ar\/wp-content\/uploads\/2024\/12\/cadena02-300x123.png",300,123,true],"medium_large":["https:\/\/nuevodigitaldeescobar.com.ar\/wp-content\/uploads\/2024\/12\/cadena02-768x315.png",640,263,true],"large":["https:\/\/nuevodigitaldeescobar.com.ar\/wp-content\/uploads\/2024\/12\/cadena02-1024x420.png",640,263,true],"1536x1536":["https:\/\/nuevodigitaldeescobar.com.ar\/wp-content\/uploads\/2024\/12\/cadena02.png",1232,505,false],"2048x2048":["https:\/\/nuevodigitaldeescobar.com.ar\/wp-content\/uploads\/2024\/12\/cadena02.png",1232,505,false]},"author_info":{"display_name":"Redacci\u00f3n","author_link":"https:\/\/nuevodigitaldeescobar.com.ar\/?author=1"},"category_info":"<a href=\"https:\/\/nuevodigitaldeescobar.com.ar\/?cat=6\" rel=\"category\">Pol\u00edtica<\/a>","tag_info":"Pol\u00edtica","comment_count":"0","_links":{"self":[{"href":"https:\/\/nuevodigitaldeescobar.com.ar\/index.php?rest_route=\/wp\/v2\/posts\/10278","targetHints":{"allow":["GET"]}}],"collection":[{"href":"https:\/\/nuevodigitaldeescobar.com.ar\/index.php?rest_route=\/wp\/v2\/posts"}],"about":[{"href":"https:\/\/nuevodigitaldeescobar.com.ar\/index.php?rest_route=\/wp\/v2\/types\/post"}],"author":[{"embeddable":true,"href":"https:\/\/nuevodigitaldeescobar.com.ar\/index.php?rest_route=\/wp\/v2\/users\/1"}],"replies":[{"embeddable":true,"href":"https:\/\/nuevodigitaldeescobar.com.ar\/index.php?rest_route=%2Fwp%2Fv2%2Fcomments&post=10278"}],"version-history":[{"count":1,"href":"https:\/\/nuevodigitaldeescobar.com.ar\/index.php?rest_route=\/wp\/v2\/posts\/10278\/revisions"}],"predecessor-version":[{"id":10281,"href":"https:\/\/nuevodigitaldeescobar.com.ar\/index.php?rest_route=\/wp\/v2\/posts\/10278\/revisions\/10281"}],"wp:featuredmedia":[{"embeddable":true,"href":"https:\/\/nuevodigitaldeescobar.com.ar\/index.php?rest_route=\/wp\/v2\/media\/10280"}],"wp:attachment":[{"href":"https:\/\/nuevodigitaldeescobar.com.ar\/index.php?rest_route=%2Fwp%2Fv2%2Fmedia&parent=10278"}],"wp:term":[{"taxonomy":"category","embeddable":true,"href":"https:\/\/nuevodigitaldeescobar.com.ar\/index.php?rest_route=%2Fwp%2Fv2%2Fcategories&post=10278"},{"taxonomy":"post_tag","embeddable":true,"href":"https:\/\/nuevodigitaldeescobar.com.ar\/index.php?rest_route=%2Fwp%2Fv2%2Ftags&post=10278"}],"curies":[{"name":"wp","href":"https:\/\/api.w.org\/{rel}","templated":true}]}}