{"id":10282,"date":"2024-12-11T12:25:46","date_gmt":"2024-12-11T15:25:46","guid":{"rendered":"https:\/\/nuevodigitaldeescobar.com.ar\/?p=10282"},"modified":"2024-12-11T12:25:57","modified_gmt":"2024-12-11T15:25:57","slug":"legisladora-bonaerense-de-union-por-la-patria-presento-un-proyecto-para-declarar-al-inodoro-un-lugar-para-la-paz","status":"publish","type":"post","link":"https:\/\/nuevodigitaldeescobar.com.ar\/?p=10282","title":{"rendered":"Legisladora bonaerense de Uni\u00f3n por la Patria present\u00f3 un proyecto para declarar al inodoro \u201cun lugar para la paz\u201d"},"content":{"rendered":"<p><span style=\"color: #003366;\"><strong><em>Se trata de la diputada Viviana Guzzo, quien bas\u00f3 su proyecto en la Organizaci\u00f3n de Naciones Unidas para solicitar la declaraci\u00f3n de inter\u00e9s provincial.<\/em><\/strong><\/span><\/p>\n<p><!--more--><\/p>\n<hr \/>\n<p>La C\u00e1mara de Diputados de la provincia de Buenos Aires se encuentra en pleno debate de cuestiones de relevancia, debido a la implicancia que tienen para el pr\u00f3ximo a\u00f1o. Si bien algunos proyectos ameritan cierta urgencia en el tratamiento, una diputada de Uni\u00f3n por la Patria, Viviana Guzzo, solicit\u00f3 que sea debatida la declaraci\u00f3n de inter\u00e9s provincial al inodoro, el cual fue considerado como <em>\u201cun lugar para la paz\u201d<\/em>.<\/p>\n<p>En sus fundamentos, la legisladora consider\u00f3 que es relevante declarar de inter\u00e9s legislativo provincial al inodoro teniendo como referencia a Naciones Unidas y el concepto de saneamiento.<\/p>\n<h3><span style=\"color: #003366;\">Los fundamentos<\/span><\/h3>\n<p>Al respecto, se sostuvo que el mismo es <em>\u201cun derecho humano\u201d<\/em> de manera que <em>\u201ctodo el mundo deber\u00eda tener acceso a un retrete seguro, higi\u00e9nico y privado que est\u00e9 conectado a un sistema de saneamiento gestionado de forma segura para eliminar adecuadamente los desechos\u201d<\/em>, detalla el proyecto.<\/p>\n<p>Al respecto, la diputada oriunda de Los Toldos, Partido de General Viamonte, remarc\u00f3 que el tener sistemas de saneamientos inadecuados, da\u00f1ados o rotos, pueden provocar contaminaci\u00f3n, como as\u00ed tambi\u00e9n el surgimiento de enfermedades que pueden llegar a ser mortales.<\/p>\n<p>M\u00e1s all\u00e1 de las enfermedades a las que se exponen las personas bajo condiciones inadecuadas de higiene, se consider\u00f3 que el no contar con los servicios adecuados vulnera a\u00fan m\u00e1s a mujeres y ni\u00f1as, <em>\u201clo que menoscaba su capacidad para estudiar, trabajar y vivir con dignidad\u201d<\/em>.<\/p>\n<p>Por otra parte, la diputada sostuvo en su proyecto que el <em>\u201cEstado debe resolver el d\u00e9ficit urbano habitacional, en momentos en los que el gobierno nacional ha tomado la decisi\u00f3n de no avanzar en la garant\u00eda del derecho constitucional de acceso a la vivienda digna para todos los sectores sociales\u201d<\/em>. Y por eso, se refiri\u00f3 al Plan Federal Sanitario Mi Ba\u00f1o, lanzado durante el 2023.<\/p>\n<p>Con la intenci\u00f3n de sostener su iniciativa, la legisladora remarc\u00f3 que en conmemoraci\u00f3n del D\u00eda Mundial del Inodoro 2024 se establecieron tres l\u00edneas de acci\u00f3n. Las mismas est\u00e1n basadas en considerar a inodoro como <em>\u201cun lugar para la paz\u201d<\/em>, seguro, y donde el saneamiento <em>\u201ccorre peligro a causa de los conflictos, cambio clim\u00e1tico, los desastres y la falta de cuidado\u201d<\/em>.<\/p>\n<p>Otro de los ejes de acci\u00f3n implementados es conceptualizado bajo el lema <em>\u201cel inodoro es un lugar de protecci\u00f3n\u201d<\/em>, donde se plante\u00f3 que <em>\u201cal aislar los desechos, el saneamiento es crucial para la salud p\u00fablica y ambiental\u201d<\/em>, adem\u00e1s, <em>\u201clos sistemas de saneamiento inadecuados, da\u00f1ados o rotos provocan contaminaci\u00f3n y proliferaci\u00f3n de enfermedades mortales\u201d<\/em>.<\/p>\n<p><em>(Border Periodismo)<\/em><\/p>\n","protected":false},"excerpt":{"rendered":"<p>Se trata de la diputada Viviana Guzzo, quien bas\u00f3 su proyecto en la Organizaci\u00f3n de Naciones Unidas para solicitar la declaraci\u00f3n de inter\u00e9s provincial.<\/p>\n","protected":false},"author":1,"featured_media":10283,"comment_status":"open","ping_status":"open","sticky":false,"template":"","format":"standard","meta":{"footnotes":""},"categories":[12,6],"tags":[],"class_list":["post-10282","post","type-post","status-publish","format-standard","has-post-thumbnail","hentry","category-legislativas","category-politica"],"better_featured_image":{"id":10283,"alt_text":"","caption":"","description":"","media_type":"image","media_details":{"width":720,"height":415,"file":"2024\/12\/indoro-e1733930741576.jpg","filesize":226341,"sizes":{"medium":{"file":"indoro-e1733930741576-300x173.jpg","width":300,"height":173,"mime-type":"image\/jpeg","filesize":8472,"source_url":"https:\/\/nuevodigitaldeescobar.com.ar\/wp-content\/uploads\/2024\/12\/indoro-e1733930741576-300x173.jpg"},"large":{"file":"indoro-1024x867.jpg","width":1024,"height":867,"mime-type":"image\/jpeg","filesize":84557,"source_url":"https:\/\/nuevodigitaldeescobar.com.ar\/wp-content\/uploads\/2024\/12\/indoro-1024x867.jpg"},"thumbnail":{"file":"indoro-e1733930741576-150x150.jpg","width":150,"height":150,"mime-type":"image\/jpeg","filesize":5020,"source_url":"https:\/\/nuevodigitaldeescobar.com.ar\/wp-content\/uploads\/2024\/12\/indoro-e1733930741576-150x150.jpg"},"medium_large":{"file":"indoro-768x650.jpg","width":768,"height":650,"mime-type":"image\/jpeg","filesize":51640,"source_url":"https:\/\/nuevodigitaldeescobar.com.ar\/wp-content\/uploads\/2024\/12\/indoro-768x650.jpg"}},"image_meta":{"aperture":"0","credit":"","camera":"","caption":"","created_timestamp":"0","copyright":"","focal_length":"0","iso":"0","shutter_speed":"0","title":"","orientation":"0","keywords":[]}},"post":10282,"source_url":"https:\/\/nuevodigitaldeescobar.com.ar\/wp-content\/uploads\/2024\/12\/indoro-e1733930741576.jpg"},"yoast_head":"<!-- This site is optimized with the Yoast SEO plugin v26.1.1 - https:\/\/yoast.com\/wordpress\/plugins\/seo\/ -->\n<title>Legisladora bonaerense de Uni\u00f3n por la Patria present\u00f3 un proyecto para declarar al inodoro \u201cun lugar para la paz\u201d - Nuevo Digital de Escobar<\/title>\n<meta name=\"robots\" content=\"index, follow, max-snippet:-1, max-image-preview:large, max-video-preview:-1\" \/>\n<link rel=\"canonical\" href=\"https:\/\/nuevodigitaldeescobar.com.ar\/?p=10282\" \/>\n<meta property=\"og:locale\" content=\"es_ES\" \/>\n<meta property=\"og:type\" content=\"article\" \/>\n<meta property=\"og:title\" content=\"Legisladora bonaerense de Uni\u00f3n por la Patria present\u00f3 un proyecto para declarar al inodoro \u201cun lugar para la paz\u201d - Nuevo Digital de Escobar\" \/>\n<meta property=\"og:description\" content=\"Se trata de la diputada Viviana Guzzo, quien bas\u00f3 su proyecto en la Organizaci\u00f3n de Naciones Unidas para solicitar la declaraci\u00f3n de inter\u00e9s provincial.\" \/>\n<meta property=\"og:url\" content=\"https:\/\/nuevodigitaldeescobar.com.ar\/?p=10282\" \/>\n<meta property=\"og:site_name\" content=\"Nuevo Digital de Escobar\" \/>\n<meta property=\"article:publisher\" content=\"https:\/\/www.facebook.com\/NUEVODigitalDeEscobar\" \/>\n<meta property=\"article:published_time\" content=\"2024-12-11T15:25:46+00:00\" \/>\n<meta property=\"article:modified_time\" content=\"2024-12-11T15:25:57+00:00\" \/>\n<meta property=\"og:image\" content=\"https:\/\/nuevodigitaldeescobar.com.ar\/wp-content\/uploads\/2024\/12\/indoro-e1733930741576.jpg\" \/>\n\t<meta property=\"og:image:width\" content=\"720\" \/>\n\t<meta property=\"og:image:height\" content=\"415\" \/>\n\t<meta property=\"og:image:type\" content=\"image\/jpeg\" \/>\n<meta name=\"author\" content=\"Redacci\u00f3n\" \/>\n<meta name=\"twitter:card\" content=\"summary_large_image\" \/>\n<meta name=\"twitter:creator\" content=\"@nuevodigescobar\" \/>\n<meta name=\"twitter:site\" content=\"@nuevodigescobar\" \/>\n<meta name=\"twitter:label1\" content=\"Escrito por\" \/>\n\t<meta name=\"twitter:data1\" content=\"Redacci\u00f3n\" \/>\n\t<meta name=\"twitter:label2\" content=\"Tiempo de lectura\" \/>\n\t<meta name=\"twitter:data2\" content=\"2 minutos\" \/>\n<script type=\"application\/ld+json\" class=\"yoast-schema-graph\">{\"@context\":\"https:\/\/schema.org\",\"@graph\":[{\"@type\":\"Article\",\"@id\":\"https:\/\/nuevodigitaldeescobar.com.ar\/?p=10282#article\",\"isPartOf\":{\"@id\":\"https:\/\/nuevodigitaldeescobar.com.ar\/?p=10282\"},\"author\":{\"name\":\"Redacci\u00f3n\",\"@id\":\"https:\/\/nuevodigitaldeescobar.com.ar\/#\/schema\/person\/035e90a8efe9a80e6eec22656ad6ea4c\"},\"headline\":\"Legisladora bonaerense de Uni\u00f3n por la Patria present\u00f3 un proyecto para declarar al inodoro \u201cun lugar para la paz\u201d\",\"datePublished\":\"2024-12-11T15:25:46+00:00\",\"dateModified\":\"2024-12-11T15:25:57+00:00\",\"mainEntityOfPage\":{\"@id\":\"https:\/\/nuevodigitaldeescobar.com.ar\/?p=10282\"},\"wordCount\":489,\"commentCount\":0,\"publisher\":{\"@id\":\"https:\/\/nuevodigitaldeescobar.com.ar\/#organization\"},\"image\":{\"@id\":\"https:\/\/nuevodigitaldeescobar.com.ar\/?p=10282#primaryimage\"},\"thumbnailUrl\":\"https:\/\/nuevodigitaldeescobar.com.ar\/wp-content\/uploads\/2024\/12\/indoro-e1733930741576.jpg\",\"articleSection\":[\"Legislativas\",\"Pol\u00edtica\"],\"inLanguage\":\"es\",\"potentialAction\":[{\"@type\":\"CommentAction\",\"name\":\"Comment\",\"target\":[\"https:\/\/nuevodigitaldeescobar.com.ar\/?p=10282#respond\"]}]},{\"@type\":\"WebPage\",\"@id\":\"https:\/\/nuevodigitaldeescobar.com.ar\/?p=10282\",\"url\":\"https:\/\/nuevodigitaldeescobar.com.ar\/?p=10282\",\"name\":\"Legisladora bonaerense de Uni\u00f3n por la Patria present\u00f3 un proyecto para declarar al inodoro \u201cun lugar para la paz\u201d - Nuevo Digital de Escobar\",\"isPartOf\":{\"@id\":\"https:\/\/nuevodigitaldeescobar.com.ar\/#website\"},\"primaryImageOfPage\":{\"@id\":\"https:\/\/nuevodigitaldeescobar.com.ar\/?p=10282#primaryimage\"},\"image\":{\"@id\":\"https:\/\/nuevodigitaldeescobar.com.ar\/?p=10282#primaryimage\"},\"thumbnailUrl\":\"https:\/\/nuevodigitaldeescobar.com.ar\/wp-content\/uploads\/2024\/12\/indoro-e1733930741576.jpg\",\"datePublished\":\"2024-12-11T15:25:46+00:00\",\"dateModified\":\"2024-12-11T15:25:57+00:00\",\"breadcrumb\":{\"@id\":\"https:\/\/nuevodigitaldeescobar.com.ar\/?p=10282#breadcrumb\"},\"inLanguage\":\"es\",\"potentialAction\":[{\"@type\":\"ReadAction\",\"target\":[\"https:\/\/nuevodigitaldeescobar.com.ar\/?p=10282\"]}]},{\"@type\":\"ImageObject\",\"inLanguage\":\"es\",\"@id\":\"https:\/\/nuevodigitaldeescobar.com.ar\/?p=10282#primaryimage\",\"url\":\"https:\/\/nuevodigitaldeescobar.com.ar\/wp-content\/uploads\/2024\/12\/indoro-e1733930741576.jpg\",\"contentUrl\":\"https:\/\/nuevodigitaldeescobar.com.ar\/wp-content\/uploads\/2024\/12\/indoro-e1733930741576.jpg\",\"width\":720,\"height\":415},{\"@type\":\"BreadcrumbList\",\"@id\":\"https:\/\/nuevodigitaldeescobar.com.ar\/?p=10282#breadcrumb\",\"itemListElement\":[{\"@type\":\"ListItem\",\"position\":1,\"name\":\"Portada\",\"item\":\"https:\/\/nuevodigitaldeescobar.com.ar\/\"},{\"@type\":\"ListItem\",\"position\":2,\"name\":\"Legisladora bonaerense de Uni\u00f3n por la Patria present\u00f3 un proyecto para declarar al inodoro \u201cun lugar para la paz\u201d\"}]},{\"@type\":\"WebSite\",\"@id\":\"https:\/\/nuevodigitaldeescobar.com.ar\/#website\",\"url\":\"https:\/\/nuevodigitaldeescobar.com.ar\/\",\"name\":\"Nuevo Digital de Escobar\",\"description\":\"La vida escobarense. Directora: Rosana Brunner\",\"publisher\":{\"@id\":\"https:\/\/nuevodigitaldeescobar.com.ar\/#organization\"},\"potentialAction\":[{\"@type\":\"SearchAction\",\"target\":{\"@type\":\"EntryPoint\",\"urlTemplate\":\"https:\/\/nuevodigitaldeescobar.com.ar\/?s={search_term_string}\"},\"query-input\":{\"@type\":\"PropertyValueSpecification\",\"valueRequired\":true,\"valueName\":\"search_term_string\"}}],\"inLanguage\":\"es\"},{\"@type\":\"Organization\",\"@id\":\"https:\/\/nuevodigitaldeescobar.com.ar\/#organization\",\"name\":\"Nuevo Digital de Escobar\",\"url\":\"https:\/\/nuevodigitaldeescobar.com.ar\/\",\"logo\":{\"@type\":\"ImageObject\",\"inLanguage\":\"es\",\"@id\":\"https:\/\/nuevodigitaldeescobar.com.ar\/#\/schema\/logo\/image\/\",\"url\":\"https:\/\/nuevodigitaldeescobar.com.ar\/wp-content\/uploads\/2025\/05\/cropped-logo-nuevo2.jpg\",\"contentUrl\":\"https:\/\/nuevodigitaldeescobar.com.ar\/wp-content\/uploads\/2025\/05\/cropped-logo-nuevo2.jpg\",\"width\":305,\"height\":305,\"caption\":\"Nuevo Digital de Escobar\"},\"image\":{\"@id\":\"https:\/\/nuevodigitaldeescobar.com.ar\/#\/schema\/logo\/image\/\"},\"sameAs\":[\"https:\/\/www.facebook.com\/NUEVODigitalDeEscobar\",\"https:\/\/x.com\/nuevodigescobar\",\"https:\/\/www.instagram.com\/nuevodigitaldeescobar\"]},{\"@type\":\"Person\",\"@id\":\"https:\/\/nuevodigitaldeescobar.com.ar\/#\/schema\/person\/035e90a8efe9a80e6eec22656ad6ea4c\",\"name\":\"Redacci\u00f3n\",\"image\":{\"@type\":\"ImageObject\",\"inLanguage\":\"es\",\"@id\":\"https:\/\/nuevodigitaldeescobar.com.ar\/#\/schema\/person\/image\/\",\"url\":\"https:\/\/secure.gravatar.com\/avatar\/8af8f40000c24e9eef3034f2be5998a372bb1389e64b1a4a36b3a7979142220d?s=96&d=mm&r=g\",\"contentUrl\":\"https:\/\/secure.gravatar.com\/avatar\/8af8f40000c24e9eef3034f2be5998a372bb1389e64b1a4a36b3a7979142220d?s=96&d=mm&r=g\",\"caption\":\"Redacci\u00f3n\"},\"sameAs\":[\"http:\/\/nuevodigitaldeescobar.com.ar\"],\"url\":\"https:\/\/nuevodigitaldeescobar.com.ar\/?author=1\"}]}<\/script>\n<!-- \/ Yoast SEO plugin. -->","yoast_head_json":{"title":"Legisladora bonaerense de Uni\u00f3n por la Patria present\u00f3 un proyecto para declarar al inodoro \u201cun lugar para la paz\u201d - Nuevo Digital de Escobar","robots":{"index":"index","follow":"follow","max-snippet":"max-snippet:-1","max-image-preview":"max-image-preview:large","max-video-preview":"max-video-preview:-1"},"canonical":"https:\/\/nuevodigitaldeescobar.com.ar\/?p=10282","og_locale":"es_ES","og_type":"article","og_title":"Legisladora bonaerense de Uni\u00f3n por la Patria present\u00f3 un proyecto para declarar al inodoro \u201cun lugar para la paz\u201d - Nuevo Digital de Escobar","og_description":"Se trata de la diputada Viviana Guzzo, quien bas\u00f3 su proyecto en la Organizaci\u00f3n de Naciones Unidas para solicitar la declaraci\u00f3n de inter\u00e9s provincial.","og_url":"https:\/\/nuevodigitaldeescobar.com.ar\/?p=10282","og_site_name":"Nuevo Digital de Escobar","article_publisher":"https:\/\/www.facebook.com\/NUEVODigitalDeEscobar","article_published_time":"2024-12-11T15:25:46+00:00","article_modified_time":"2024-12-11T15:25:57+00:00","og_image":[{"width":720,"height":415,"url":"https:\/\/nuevodigitaldeescobar.com.ar\/wp-content\/uploads\/2024\/12\/indoro-e1733930741576.jpg","type":"image\/jpeg"}],"author":"Redacci\u00f3n","twitter_card":"summary_large_image","twitter_creator":"@nuevodigescobar","twitter_site":"@nuevodigescobar","twitter_misc":{"Escrito por":"Redacci\u00f3n","Tiempo de lectura":"2 minutos"},"schema":{"@context":"https:\/\/schema.org","@graph":[{"@type":"Article","@id":"https:\/\/nuevodigitaldeescobar.com.ar\/?p=10282#article","isPartOf":{"@id":"https:\/\/nuevodigitaldeescobar.com.ar\/?p=10282"},"author":{"name":"Redacci\u00f3n","@id":"https:\/\/nuevodigitaldeescobar.com.ar\/#\/schema\/person\/035e90a8efe9a80e6eec22656ad6ea4c"},"headline":"Legisladora bonaerense de Uni\u00f3n por la Patria present\u00f3 un proyecto para declarar al inodoro \u201cun lugar para la paz\u201d","datePublished":"2024-12-11T15:25:46+00:00","dateModified":"2024-12-11T15:25:57+00:00","mainEntityOfPage":{"@id":"https:\/\/nuevodigitaldeescobar.com.ar\/?p=10282"},"wordCount":489,"commentCount":0,"publisher":{"@id":"https:\/\/nuevodigitaldeescobar.com.ar\/#organization"},"image":{"@id":"https:\/\/nuevodigitaldeescobar.com.ar\/?p=10282#primaryimage"},"thumbnailUrl":"https:\/\/nuevodigitaldeescobar.com.ar\/wp-content\/uploads\/2024\/12\/indoro-e1733930741576.jpg","articleSection":["Legislativas","Pol\u00edtica"],"inLanguage":"es","potentialAction":[{"@type":"CommentAction","name":"Comment","target":["https:\/\/nuevodigitaldeescobar.com.ar\/?p=10282#respond"]}]},{"@type":"WebPage","@id":"https:\/\/nuevodigitaldeescobar.com.ar\/?p=10282","url":"https:\/\/nuevodigitaldeescobar.com.ar\/?p=10282","name":"Legisladora bonaerense de Uni\u00f3n por la Patria present\u00f3 un proyecto para declarar al inodoro \u201cun lugar para la paz\u201d - Nuevo Digital de Escobar","isPartOf":{"@id":"https:\/\/nuevodigitaldeescobar.com.ar\/#website"},"primaryImageOfPage":{"@id":"https:\/\/nuevodigitaldeescobar.com.ar\/?p=10282#primaryimage"},"image":{"@id":"https:\/\/nuevodigitaldeescobar.com.ar\/?p=10282#primaryimage"},"thumbnailUrl":"https:\/\/nuevodigitaldeescobar.com.ar\/wp-content\/uploads\/2024\/12\/indoro-e1733930741576.jpg","datePublished":"2024-12-11T15:25:46+00:00","dateModified":"2024-12-11T15:25:57+00:00","breadcrumb":{"@id":"https:\/\/nuevodigitaldeescobar.com.ar\/?p=10282#breadcrumb"},"inLanguage":"es","potentialAction":[{"@type":"ReadAction","target":["https:\/\/nuevodigitaldeescobar.com.ar\/?p=10282"]}]},{"@type":"ImageObject","inLanguage":"es","@id":"https:\/\/nuevodigitaldeescobar.com.ar\/?p=10282#primaryimage","url":"https:\/\/nuevodigitaldeescobar.com.ar\/wp-content\/uploads\/2024\/12\/indoro-e1733930741576.jpg","contentUrl":"https:\/\/nuevodigitaldeescobar.com.ar\/wp-content\/uploads\/2024\/12\/indoro-e1733930741576.jpg","width":720,"height":415},{"@type":"BreadcrumbList","@id":"https:\/\/nuevodigitaldeescobar.com.ar\/?p=10282#breadcrumb","itemListElement":[{"@type":"ListItem","position":1,"name":"Portada","item":"https:\/\/nuevodigitaldeescobar.com.ar\/"},{"@type":"ListItem","position":2,"name":"Legisladora bonaerense de Uni\u00f3n por la Patria present\u00f3 un proyecto para declarar al inodoro \u201cun lugar para la paz\u201d"}]},{"@type":"WebSite","@id":"https:\/\/nuevodigitaldeescobar.com.ar\/#website","url":"https:\/\/nuevodigitaldeescobar.com.ar\/","name":"Nuevo Digital de Escobar","description":"La vida escobarense. Directora: Rosana Brunner","publisher":{"@id":"https:\/\/nuevodigitaldeescobar.com.ar\/#organization"},"potentialAction":[{"@type":"SearchAction","target":{"@type":"EntryPoint","urlTemplate":"https:\/\/nuevodigitaldeescobar.com.ar\/?s={search_term_string}"},"query-input":{"@type":"PropertyValueSpecification","valueRequired":true,"valueName":"search_term_string"}}],"inLanguage":"es"},{"@type":"Organization","@id":"https:\/\/nuevodigitaldeescobar.com.ar\/#organization","name":"Nuevo Digital de Escobar","url":"https:\/\/nuevodigitaldeescobar.com.ar\/","logo":{"@type":"ImageObject","inLanguage":"es","@id":"https:\/\/nuevodigitaldeescobar.com.ar\/#\/schema\/logo\/image\/","url":"https:\/\/nuevodigitaldeescobar.com.ar\/wp-content\/uploads\/2025\/05\/cropped-logo-nuevo2.jpg","contentUrl":"https:\/\/nuevodigitaldeescobar.com.ar\/wp-content\/uploads\/2025\/05\/cropped-logo-nuevo2.jpg","width":305,"height":305,"caption":"Nuevo Digital de Escobar"},"image":{"@id":"https:\/\/nuevodigitaldeescobar.com.ar\/#\/schema\/logo\/image\/"},"sameAs":["https:\/\/www.facebook.com\/NUEVODigitalDeEscobar","https:\/\/x.com\/nuevodigescobar","https:\/\/www.instagram.com\/nuevodigitaldeescobar"]},{"@type":"Person","@id":"https:\/\/nuevodigitaldeescobar.com.ar\/#\/schema\/person\/035e90a8efe9a80e6eec22656ad6ea4c","name":"Redacci\u00f3n","image":{"@type":"ImageObject","inLanguage":"es","@id":"https:\/\/nuevodigitaldeescobar.com.ar\/#\/schema\/person\/image\/","url":"https:\/\/secure.gravatar.com\/avatar\/8af8f40000c24e9eef3034f2be5998a372bb1389e64b1a4a36b3a7979142220d?s=96&d=mm&r=g","contentUrl":"https:\/\/secure.gravatar.com\/avatar\/8af8f40000c24e9eef3034f2be5998a372bb1389e64b1a4a36b3a7979142220d?s=96&d=mm&r=g","caption":"Redacci\u00f3n"},"sameAs":["http:\/\/nuevodigitaldeescobar.com.ar"],"url":"https:\/\/nuevodigitaldeescobar.com.ar\/?author=1"}]}},"featured_image_urls":{"full":["https:\/\/nuevodigitaldeescobar.com.ar\/wp-content\/uploads\/2024\/12\/indoro-e1733930741576.jpg",720,415,false],"thumbnail":["https:\/\/nuevodigitaldeescobar.com.ar\/wp-content\/uploads\/2024\/12\/indoro-e1733930741576-150x150.jpg",150,150,true],"medium":["https:\/\/nuevodigitaldeescobar.com.ar\/wp-content\/uploads\/2024\/12\/indoro-e1733930741576-300x173.jpg",300,173,true],"medium_large":["https:\/\/nuevodigitaldeescobar.com.ar\/wp-content\/uploads\/2024\/12\/indoro-768x650.jpg",640,542,true],"large":["https:\/\/nuevodigitaldeescobar.com.ar\/wp-content\/uploads\/2024\/12\/indoro-1024x867.jpg",640,542,true],"1536x1536":["https:\/\/nuevodigitaldeescobar.com.ar\/wp-content\/uploads\/2024\/12\/indoro-e1733930741576.jpg",720,415,false],"2048x2048":["https:\/\/nuevodigitaldeescobar.com.ar\/wp-content\/uploads\/2024\/12\/indoro-e1733930741576.jpg",720,415,false]},"author_info":{"display_name":"Redacci\u00f3n","author_link":"https:\/\/nuevodigitaldeescobar.com.ar\/?author=1"},"category_info":"<a href=\"https:\/\/nuevodigitaldeescobar.com.ar\/?cat=12\" rel=\"category\">Legislativas<\/a> <a href=\"https:\/\/nuevodigitaldeescobar.com.ar\/?cat=6\" rel=\"category\">Pol\u00edtica<\/a>","tag_info":"Pol\u00edtica","comment_count":"0","_links":{"self":[{"href":"https:\/\/nuevodigitaldeescobar.com.ar\/index.php?rest_route=\/wp\/v2\/posts\/10282","targetHints":{"allow":["GET"]}}],"collection":[{"href":"https:\/\/nuevodigitaldeescobar.com.ar\/index.php?rest_route=\/wp\/v2\/posts"}],"about":[{"href":"https:\/\/nuevodigitaldeescobar.com.ar\/index.php?rest_route=\/wp\/v2\/types\/post"}],"author":[{"embeddable":true,"href":"https:\/\/nuevodigitaldeescobar.com.ar\/index.php?rest_route=\/wp\/v2\/users\/1"}],"replies":[{"embeddable":true,"href":"https:\/\/nuevodigitaldeescobar.com.ar\/index.php?rest_route=%2Fwp%2Fv2%2Fcomments&post=10282"}],"version-history":[{"count":1,"href":"https:\/\/nuevodigitaldeescobar.com.ar\/index.php?rest_route=\/wp\/v2\/posts\/10282\/revisions"}],"predecessor-version":[{"id":10284,"href":"https:\/\/nuevodigitaldeescobar.com.ar\/index.php?rest_route=\/wp\/v2\/posts\/10282\/revisions\/10284"}],"wp:featuredmedia":[{"embeddable":true,"href":"https:\/\/nuevodigitaldeescobar.com.ar\/index.php?rest_route=\/wp\/v2\/media\/10283"}],"wp:attachment":[{"href":"https:\/\/nuevodigitaldeescobar.com.ar\/index.php?rest_route=%2Fwp%2Fv2%2Fmedia&parent=10282"}],"wp:term":[{"taxonomy":"category","embeddable":true,"href":"https:\/\/nuevodigitaldeescobar.com.ar\/index.php?rest_route=%2Fwp%2Fv2%2Fcategories&post=10282"},{"taxonomy":"post_tag","embeddable":true,"href":"https:\/\/nuevodigitaldeescobar.com.ar\/index.php?rest_route=%2Fwp%2Fv2%2Ftags&post=10282"}],"curies":[{"name":"wp","href":"https:\/\/api.w.org\/{rel}","templated":true}]}}