{"id":1032,"date":"2023-11-19T07:00:00","date_gmt":"2023-11-19T10:00:00","guid":{"rendered":"https:\/\/nuevodigitaldeescobar.com.ar\/?p=1032"},"modified":"2023-11-17T18:33:47","modified_gmt":"2023-11-17T21:33:47","slug":"cancer-de-prostata-por-que-es-fundamental-la-concientizacion-y-el-diagnostico-precoz","status":"publish","type":"post","link":"https:\/\/nuevodigitaldeescobar.com.ar\/?p=1032","title":{"rendered":"C\u00e1ncer de pr\u00f3stata: por qu\u00e9 es fundamental la concientizaci\u00f3n y el diagn\u00f3stico precoz"},"content":{"rendered":"<p><span style=\"color: #003366;\"><strong><em>Noviembre es el mes de la prevenci\u00f3n de esta enfermedad. En la nota, c\u00f3mo Bayer trabaja en la investigaci\u00f3n y desarrollo de nuevas terapias.<\/em><\/strong><\/span><\/p>\n<p><!--more--><\/p>\n<p>El c\u00e1ncer de pr\u00f3stata es una enfermedad que impone un gran desaf\u00edo en la salud p\u00fablica mundial, particularmente en los hombres. Se caracteriza por ser un tumor silencioso, avanzando en muchos casos sin presentar s\u00edntomas evidentes.<\/p>\n<p>Esta condici\u00f3n hace que el diagn\u00f3stico precoz sea una pieza clave en la lucha contra la patolog\u00eda ya que, en muchas ocasiones, el diagn\u00f3stico llega en estadios avanzados limitando as\u00ed las posibilidades de tratamiento eficaz.<\/p>\n<p>Es por eso que, en este contexto, la prevenci\u00f3n y la investigaci\u00f3n cobran un papel determinante. <em>\u201cEl c\u00e1ncer de pr\u00f3stata afecta a uno de cada siete hombres aproximadamente, y es el tumor m\u00e1s frecuente en el hombre. La incidencia de esta enfermedad aumenta con la edad, siendo m\u00e1s com\u00fan en individuos despu\u00e9s de los 50 a\u00f1os y predominando en mayores de 65. La edad figura como el principal factor de riesgo, pero no el \u00fanico\u201d<\/em>, destac\u00f3 el m\u00e9dico onc\u00f3logo Juan Pablo Sade (MN 105141).<\/p>\n<p>Adem\u00e1s, el m\u00e9dico se\u00f1al\u00f3 que el control peri\u00f3dico a trav\u00e9s de an\u00e1lisis de sangre para medir el ant\u00edgeno prost\u00e1tico espec\u00edfico y el tacto rectal por parte del ur\u00f3logo es esencial, considerando que los s\u00edntomas solo suelen presentarse cuando la enfermedad est\u00e1 avanzada.<\/p>\n<p>La importancia de la concienciaci\u00f3n sobre esta enfermedad, y la participaci\u00f3n activa de los hombres en las consultas urol\u00f3gicas regulares, est\u00e1n vinculadas a evitar las consecuencias de un diagn\u00f3stico tard\u00edo. <em>\u201cSi queremos diagnosticar el c\u00e1ncer en etapas tempranas, donde es m\u00e1s curable y los tratamientos dejan menos secuelas, tenemos que hacer los controles\u201d<\/em>, aclar\u00f3 Sade.<\/p>\n<p>Por su parte, las cifras que refleja el Observatorio Global de C\u00e1ncer de la OMS, marcan la magnitud del c\u00e1ncer de pr\u00f3stata en la regi\u00f3n que para Am\u00e9rica Latina y el Caribe muestran una alarmante prevalencia. Anualmente hay 214.522 nuevos casos y unas 57.415 muertes vinculadas a esta enfermedad, siendo la m\u00e1s com\u00fan en hombres mayores de 50 a\u00f1os.<\/p>\n<figure id=\"attachment_1034\" aria-describedby=\"caption-attachment-1034\" style=\"width: 720px\" class=\"wp-caption alignnone\"><img fetchpriority=\"high\" decoding=\"async\" class=\"size-full wp-image-1034\" src=\"http:\/\/nuevodigitaldeescobar.com.ar\/wp-content\/uploads\/2023\/11\/cancer-de-prostata-epi-1.jpg\" alt=\"\" width=\"720\" height=\"400\" srcset=\"https:\/\/nuevodigitaldeescobar.com.ar\/wp-content\/uploads\/2023\/11\/cancer-de-prostata-epi-1.jpg 720w, https:\/\/nuevodigitaldeescobar.com.ar\/wp-content\/uploads\/2023\/11\/cancer-de-prostata-epi-1-300x167.jpg 300w\" sizes=\"(max-width: 720px) 100vw, 720px\" \/><figcaption id=\"caption-attachment-1034\" class=\"wp-caption-text\">Bayer desarroll\u00f3 nuevas terapias para combatir el c\u00e1ncer de pr\u00f3stata metast\u00e1sico.<\/figcaption><\/figure>\n<p>Ahora bien, la innovaci\u00f3n en tratamientos para el c\u00e1ncer de pr\u00f3stata metast\u00e1sico tambi\u00e9n ha sido notable. Las terapias m\u00e1s recientes han demostrado ser capaces de reducir el riesgo de muerte y de retrasar la progresi\u00f3n de la enfermedad de manera significativa, cambiando las expectativas de vida para los pacientes.<\/p>\n<p>En ese sentido, Bayer est\u00e1 jugando un rol fundamental donde la farmac\u00e9utica alemana logr\u00f3 desarrollar terapias dirigidas como la darolutamida. <em>\u201cHoy tenemos un producto que es un inhibidor androg\u00e9nico para pacientes con adenocarcinoma de pr\u00f3stata\u201d<\/em>, explic\u00f3 el Dr. Dar\u00edo Galmarini (MN 99848) onc\u00f3logo cl\u00ednico y asesor m\u00e9dico para Bayer Cono Sur, quien afirm\u00f3 que su eficacia se ha observado no s\u00f3lo en casos metast\u00e1sicos sino tambi\u00e9n en etapas tempranas de la enfermedad.<\/p>\n<p>A nivel mundial, la cifra de pacientes que se han beneficiado de estas intervenciones supera los 30.000, con aprobaciones regulatorias en pa\u00edses clave de Latinoam\u00e9rica. Estas terapias -Aramis y Arasens- ya est\u00e1n disponibles en la Argentina y Brasil y son una muestra tangible del progreso cient\u00edfico y terap\u00e9utico desarrollado por Bayer en su continuo desarrollo de soluciones en la lucha contra el c\u00e1ncer de pr\u00f3stata.<\/p>\n<figure id=\"attachment_1033\" aria-describedby=\"caption-attachment-1033\" style=\"width: 720px\" class=\"wp-caption alignnone\"><img decoding=\"async\" class=\"size-full wp-image-1033\" src=\"http:\/\/nuevodigitaldeescobar.com.ar\/wp-content\/uploads\/2023\/11\/cancer-de-prostata-epi-2-investigacion-laboratorio.jpg\" alt=\"\" width=\"720\" height=\"401\" srcset=\"https:\/\/nuevodigitaldeescobar.com.ar\/wp-content\/uploads\/2023\/11\/cancer-de-prostata-epi-2-investigacion-laboratorio.jpg 720w, https:\/\/nuevodigitaldeescobar.com.ar\/wp-content\/uploads\/2023\/11\/cancer-de-prostata-epi-2-investigacion-laboratorio-300x167.jpg 300w\" sizes=\"(max-width: 720px) 100vw, 720px\" \/><figcaption id=\"caption-attachment-1033\" class=\"wp-caption-text\">Optimismo y progreso cient\u00edfico en los tratamientos del c\u00e1ncer de pr\u00f3stata.<\/figcaption><\/figure>\n<p>Respecto al futuro, Galmarini mantiene un optimismo basado en la evidencia cient\u00edfica y en su propia experiencia profesional. <em>\u201cHemos duplicado, triplicado y cuadruplicado el tiempo de vida de los pacientes con c\u00e1ncer de pr\u00f3stata avanzado\u201d<\/em>, afirm\u00f3. Este panorama esperanzador que plantea el onc\u00f3logo continuar\u00e1 mejorando gracias al desarrollo de nuevos f\u00e1rmacos y a la implementaci\u00f3n de protocolos de investigaci\u00f3n innovadores en el pa\u00eds.<\/p>\n<p>De esta manera, el avance sostenido en la investigaci\u00f3n y la inclusi\u00f3n de pacientes en ensayos cl\u00ednicos son esenciales para seguir extendiendo y mejorando la calidad de vida de quienes sufren esta enfermedad. Con ello, se espera no s\u00f3lo un beneficio directo para los pacientes actuales sino tambi\u00e9n un legado de conocimiento y posibilidades terap\u00e9uticas para las futuras generaciones.<\/p>\n<p><em>(Infobae)<\/em><\/p>\n","protected":false},"excerpt":{"rendered":"<p>Noviembre es el mes de la prevenci\u00f3n de esta enfermedad. En la nota, c\u00f3mo Bayer trabaja en la investigaci\u00f3n y desarrollo de nuevas terapias.<\/p>\n","protected":false},"author":1,"featured_media":1035,"comment_status":"open","ping_status":"closed","sticky":false,"template":"","format":"standard","meta":{"footnotes":""},"categories":[3],"tags":[],"class_list":["post-1032","post","type-post","status-publish","format-standard","has-post-thumbnail","hentry","category-nutricion"],"better_featured_image":{"id":1035,"alt_text":"","caption":"","description":"","media_type":"image","media_details":{"width":720,"height":398,"file":"2023\/11\/cancer-de-colon-medico-paciente.jpg","filesize":42474,"sizes":{"medium":{"file":"cancer-de-colon-medico-paciente-300x166.jpg","width":300,"height":166,"mime-type":"image\/jpeg","filesize":13612,"source_url":"https:\/\/nuevodigitaldeescobar.com.ar\/wp-content\/uploads\/2023\/11\/cancer-de-colon-medico-paciente-300x166.jpg"},"thumbnail":{"file":"cancer-de-colon-medico-paciente-150x150.jpg","width":150,"height":150,"mime-type":"image\/jpeg","filesize":8584,"source_url":"https:\/\/nuevodigitaldeescobar.com.ar\/wp-content\/uploads\/2023\/11\/cancer-de-colon-medico-paciente-150x150.jpg"},"covernews-medium":{"file":"cancer-de-colon-medico-paciente-540x340.jpg","width":540,"height":340,"mime-type":"image\/jpeg","filesize":31031,"source_url":"https:\/\/nuevodigitaldeescobar.com.ar\/wp-content\/uploads\/2023\/11\/cancer-de-colon-medico-paciente-540x340.jpg"},"covernews-medium-square":{"file":"cancer-de-colon-medico-paciente-400x250.jpg","width":400,"height":250,"mime-type":"image\/jpeg","filesize":20754,"source_url":"https:\/\/nuevodigitaldeescobar.com.ar\/wp-content\/uploads\/2023\/11\/cancer-de-colon-medico-paciente-400x250.jpg"}},"image_meta":{"aperture":"0","credit":"","camera":"","caption":"","created_timestamp":"0","copyright":"","focal_length":"0","iso":"0","shutter_speed":"0","title":"","orientation":"0","keywords":[]}},"post":1032,"source_url":"https:\/\/nuevodigitaldeescobar.com.ar\/wp-content\/uploads\/2023\/11\/cancer-de-colon-medico-paciente.jpg"},"yoast_head":"<!-- This site is optimized with the Yoast SEO plugin v26.1.1 - https:\/\/yoast.com\/wordpress\/plugins\/seo\/ -->\n<title>C\u00e1ncer de pr\u00f3stata: por qu\u00e9 es fundamental la concientizaci\u00f3n y el diagn\u00f3stico precoz - Nuevo Digital de Escobar<\/title>\n<meta name=\"robots\" content=\"index, follow, max-snippet:-1, max-image-preview:large, max-video-preview:-1\" \/>\n<link rel=\"canonical\" href=\"https:\/\/nuevodigitaldeescobar.com.ar\/?p=1032\" \/>\n<meta property=\"og:locale\" content=\"es_ES\" \/>\n<meta property=\"og:type\" content=\"article\" \/>\n<meta property=\"og:title\" content=\"C\u00e1ncer de pr\u00f3stata: por qu\u00e9 es fundamental la concientizaci\u00f3n y el diagn\u00f3stico precoz - Nuevo Digital de Escobar\" \/>\n<meta property=\"og:description\" content=\"Noviembre es el mes de la prevenci\u00f3n de esta enfermedad. En la nota, c\u00f3mo Bayer trabaja en la investigaci\u00f3n y desarrollo de nuevas terapias.\" \/>\n<meta property=\"og:url\" content=\"https:\/\/nuevodigitaldeescobar.com.ar\/?p=1032\" \/>\n<meta property=\"og:site_name\" content=\"Nuevo Digital de Escobar\" \/>\n<meta property=\"article:publisher\" content=\"https:\/\/www.facebook.com\/NUEVODigitalDeEscobar\" \/>\n<meta property=\"article:published_time\" content=\"2023-11-19T10:00:00+00:00\" \/>\n<meta property=\"og:image\" content=\"https:\/\/nuevodigitaldeescobar.com.ar\/wp-content\/uploads\/2023\/11\/cancer-de-colon-medico-paciente.jpg\" \/>\n\t<meta property=\"og:image:width\" content=\"720\" \/>\n\t<meta property=\"og:image:height\" content=\"398\" \/>\n\t<meta property=\"og:image:type\" content=\"image\/jpeg\" \/>\n<meta name=\"author\" content=\"Redacci\u00f3n\" \/>\n<meta name=\"twitter:card\" content=\"summary_large_image\" \/>\n<meta name=\"twitter:creator\" content=\"@nuevodigescobar\" \/>\n<meta name=\"twitter:site\" content=\"@nuevodigescobar\" \/>\n<meta name=\"twitter:label1\" content=\"Escrito por\" \/>\n\t<meta name=\"twitter:data1\" content=\"Redacci\u00f3n\" \/>\n\t<meta name=\"twitter:label2\" content=\"Tiempo de lectura\" \/>\n\t<meta name=\"twitter:data2\" content=\"4 minutos\" \/>\n<script type=\"application\/ld+json\" class=\"yoast-schema-graph\">{\"@context\":\"https:\/\/schema.org\",\"@graph\":[{\"@type\":\"Article\",\"@id\":\"https:\/\/nuevodigitaldeescobar.com.ar\/?p=1032#article\",\"isPartOf\":{\"@id\":\"https:\/\/nuevodigitaldeescobar.com.ar\/?p=1032\"},\"author\":{\"name\":\"Redacci\u00f3n\",\"@id\":\"https:\/\/nuevodigitaldeescobar.com.ar\/#\/schema\/person\/035e90a8efe9a80e6eec22656ad6ea4c\"},\"headline\":\"C\u00e1ncer de pr\u00f3stata: por qu\u00e9 es fundamental la concientizaci\u00f3n y el diagn\u00f3stico precoz\",\"datePublished\":\"2023-11-19T10:00:00+00:00\",\"mainEntityOfPage\":{\"@id\":\"https:\/\/nuevodigitaldeescobar.com.ar\/?p=1032\"},\"wordCount\":783,\"commentCount\":0,\"publisher\":{\"@id\":\"https:\/\/nuevodigitaldeescobar.com.ar\/#organization\"},\"image\":{\"@id\":\"https:\/\/nuevodigitaldeescobar.com.ar\/?p=1032#primaryimage\"},\"thumbnailUrl\":\"https:\/\/nuevodigitaldeescobar.com.ar\/wp-content\/uploads\/2023\/11\/cancer-de-colon-medico-paciente.jpg\",\"articleSection\":[\"Salud y Nutrici\u00f3n\"],\"inLanguage\":\"es\",\"potentialAction\":[{\"@type\":\"CommentAction\",\"name\":\"Comment\",\"target\":[\"https:\/\/nuevodigitaldeescobar.com.ar\/?p=1032#respond\"]}]},{\"@type\":\"WebPage\",\"@id\":\"https:\/\/nuevodigitaldeescobar.com.ar\/?p=1032\",\"url\":\"https:\/\/nuevodigitaldeescobar.com.ar\/?p=1032\",\"name\":\"C\u00e1ncer de pr\u00f3stata: por qu\u00e9 es fundamental la concientizaci\u00f3n y el diagn\u00f3stico precoz - Nuevo Digital de Escobar\",\"isPartOf\":{\"@id\":\"https:\/\/nuevodigitaldeescobar.com.ar\/#website\"},\"primaryImageOfPage\":{\"@id\":\"https:\/\/nuevodigitaldeescobar.com.ar\/?p=1032#primaryimage\"},\"image\":{\"@id\":\"https:\/\/nuevodigitaldeescobar.com.ar\/?p=1032#primaryimage\"},\"thumbnailUrl\":\"https:\/\/nuevodigitaldeescobar.com.ar\/wp-content\/uploads\/2023\/11\/cancer-de-colon-medico-paciente.jpg\",\"datePublished\":\"2023-11-19T10:00:00+00:00\",\"breadcrumb\":{\"@id\":\"https:\/\/nuevodigitaldeescobar.com.ar\/?p=1032#breadcrumb\"},\"inLanguage\":\"es\",\"potentialAction\":[{\"@type\":\"ReadAction\",\"target\":[\"https:\/\/nuevodigitaldeescobar.com.ar\/?p=1032\"]}]},{\"@type\":\"ImageObject\",\"inLanguage\":\"es\",\"@id\":\"https:\/\/nuevodigitaldeescobar.com.ar\/?p=1032#primaryimage\",\"url\":\"https:\/\/nuevodigitaldeescobar.com.ar\/wp-content\/uploads\/2023\/11\/cancer-de-colon-medico-paciente.jpg\",\"contentUrl\":\"https:\/\/nuevodigitaldeescobar.com.ar\/wp-content\/uploads\/2023\/11\/cancer-de-colon-medico-paciente.jpg\",\"width\":720,\"height\":398},{\"@type\":\"BreadcrumbList\",\"@id\":\"https:\/\/nuevodigitaldeescobar.com.ar\/?p=1032#breadcrumb\",\"itemListElement\":[{\"@type\":\"ListItem\",\"position\":1,\"name\":\"Portada\",\"item\":\"https:\/\/nuevodigitaldeescobar.com.ar\/\"},{\"@type\":\"ListItem\",\"position\":2,\"name\":\"C\u00e1ncer de pr\u00f3stata: por qu\u00e9 es fundamental la concientizaci\u00f3n y el diagn\u00f3stico precoz\"}]},{\"@type\":\"WebSite\",\"@id\":\"https:\/\/nuevodigitaldeescobar.com.ar\/#website\",\"url\":\"https:\/\/nuevodigitaldeescobar.com.ar\/\",\"name\":\"Nuevo Digital de Escobar\",\"description\":\"La vida escobarense. Directora: Rosana Brunner\",\"publisher\":{\"@id\":\"https:\/\/nuevodigitaldeescobar.com.ar\/#organization\"},\"potentialAction\":[{\"@type\":\"SearchAction\",\"target\":{\"@type\":\"EntryPoint\",\"urlTemplate\":\"https:\/\/nuevodigitaldeescobar.com.ar\/?s={search_term_string}\"},\"query-input\":{\"@type\":\"PropertyValueSpecification\",\"valueRequired\":true,\"valueName\":\"search_term_string\"}}],\"inLanguage\":\"es\"},{\"@type\":\"Organization\",\"@id\":\"https:\/\/nuevodigitaldeescobar.com.ar\/#organization\",\"name\":\"Nuevo Digital de Escobar\",\"url\":\"https:\/\/nuevodigitaldeescobar.com.ar\/\",\"logo\":{\"@type\":\"ImageObject\",\"inLanguage\":\"es\",\"@id\":\"https:\/\/nuevodigitaldeescobar.com.ar\/#\/schema\/logo\/image\/\",\"url\":\"https:\/\/nuevodigitaldeescobar.com.ar\/wp-content\/uploads\/2025\/05\/cropped-logo-nuevo2.jpg\",\"contentUrl\":\"https:\/\/nuevodigitaldeescobar.com.ar\/wp-content\/uploads\/2025\/05\/cropped-logo-nuevo2.jpg\",\"width\":305,\"height\":305,\"caption\":\"Nuevo Digital de Escobar\"},\"image\":{\"@id\":\"https:\/\/nuevodigitaldeescobar.com.ar\/#\/schema\/logo\/image\/\"},\"sameAs\":[\"https:\/\/www.facebook.com\/NUEVODigitalDeEscobar\",\"https:\/\/x.com\/nuevodigescobar\",\"https:\/\/www.instagram.com\/nuevodigitaldeescobar\"]},{\"@type\":\"Person\",\"@id\":\"https:\/\/nuevodigitaldeescobar.com.ar\/#\/schema\/person\/035e90a8efe9a80e6eec22656ad6ea4c\",\"name\":\"Redacci\u00f3n\",\"image\":{\"@type\":\"ImageObject\",\"inLanguage\":\"es\",\"@id\":\"https:\/\/nuevodigitaldeescobar.com.ar\/#\/schema\/person\/image\/\",\"url\":\"https:\/\/secure.gravatar.com\/avatar\/8af8f40000c24e9eef3034f2be5998a372bb1389e64b1a4a36b3a7979142220d?s=96&d=mm&r=g\",\"contentUrl\":\"https:\/\/secure.gravatar.com\/avatar\/8af8f40000c24e9eef3034f2be5998a372bb1389e64b1a4a36b3a7979142220d?s=96&d=mm&r=g\",\"caption\":\"Redacci\u00f3n\"},\"sameAs\":[\"http:\/\/nuevodigitaldeescobar.com.ar\"],\"url\":\"https:\/\/nuevodigitaldeescobar.com.ar\/?author=1\"}]}<\/script>\n<!-- \/ Yoast SEO plugin. -->","yoast_head_json":{"title":"C\u00e1ncer de pr\u00f3stata: por qu\u00e9 es fundamental la concientizaci\u00f3n y el diagn\u00f3stico precoz - Nuevo Digital de Escobar","robots":{"index":"index","follow":"follow","max-snippet":"max-snippet:-1","max-image-preview":"max-image-preview:large","max-video-preview":"max-video-preview:-1"},"canonical":"https:\/\/nuevodigitaldeescobar.com.ar\/?p=1032","og_locale":"es_ES","og_type":"article","og_title":"C\u00e1ncer de pr\u00f3stata: por qu\u00e9 es fundamental la concientizaci\u00f3n y el diagn\u00f3stico precoz - Nuevo Digital de Escobar","og_description":"Noviembre es el mes de la prevenci\u00f3n de esta enfermedad. En la nota, c\u00f3mo Bayer trabaja en la investigaci\u00f3n y desarrollo de nuevas terapias.","og_url":"https:\/\/nuevodigitaldeescobar.com.ar\/?p=1032","og_site_name":"Nuevo Digital de Escobar","article_publisher":"https:\/\/www.facebook.com\/NUEVODigitalDeEscobar","article_published_time":"2023-11-19T10:00:00+00:00","og_image":[{"width":720,"height":398,"url":"https:\/\/nuevodigitaldeescobar.com.ar\/wp-content\/uploads\/2023\/11\/cancer-de-colon-medico-paciente.jpg","type":"image\/jpeg"}],"author":"Redacci\u00f3n","twitter_card":"summary_large_image","twitter_creator":"@nuevodigescobar","twitter_site":"@nuevodigescobar","twitter_misc":{"Escrito por":"Redacci\u00f3n","Tiempo de lectura":"4 minutos"},"schema":{"@context":"https:\/\/schema.org","@graph":[{"@type":"Article","@id":"https:\/\/nuevodigitaldeescobar.com.ar\/?p=1032#article","isPartOf":{"@id":"https:\/\/nuevodigitaldeescobar.com.ar\/?p=1032"},"author":{"name":"Redacci\u00f3n","@id":"https:\/\/nuevodigitaldeescobar.com.ar\/#\/schema\/person\/035e90a8efe9a80e6eec22656ad6ea4c"},"headline":"C\u00e1ncer de pr\u00f3stata: por qu\u00e9 es fundamental la concientizaci\u00f3n y el diagn\u00f3stico precoz","datePublished":"2023-11-19T10:00:00+00:00","mainEntityOfPage":{"@id":"https:\/\/nuevodigitaldeescobar.com.ar\/?p=1032"},"wordCount":783,"commentCount":0,"publisher":{"@id":"https:\/\/nuevodigitaldeescobar.com.ar\/#organization"},"image":{"@id":"https:\/\/nuevodigitaldeescobar.com.ar\/?p=1032#primaryimage"},"thumbnailUrl":"https:\/\/nuevodigitaldeescobar.com.ar\/wp-content\/uploads\/2023\/11\/cancer-de-colon-medico-paciente.jpg","articleSection":["Salud y Nutrici\u00f3n"],"inLanguage":"es","potentialAction":[{"@type":"CommentAction","name":"Comment","target":["https:\/\/nuevodigitaldeescobar.com.ar\/?p=1032#respond"]}]},{"@type":"WebPage","@id":"https:\/\/nuevodigitaldeescobar.com.ar\/?p=1032","url":"https:\/\/nuevodigitaldeescobar.com.ar\/?p=1032","name":"C\u00e1ncer de pr\u00f3stata: por qu\u00e9 es fundamental la concientizaci\u00f3n y el diagn\u00f3stico precoz - Nuevo Digital de Escobar","isPartOf":{"@id":"https:\/\/nuevodigitaldeescobar.com.ar\/#website"},"primaryImageOfPage":{"@id":"https:\/\/nuevodigitaldeescobar.com.ar\/?p=1032#primaryimage"},"image":{"@id":"https:\/\/nuevodigitaldeescobar.com.ar\/?p=1032#primaryimage"},"thumbnailUrl":"https:\/\/nuevodigitaldeescobar.com.ar\/wp-content\/uploads\/2023\/11\/cancer-de-colon-medico-paciente.jpg","datePublished":"2023-11-19T10:00:00+00:00","breadcrumb":{"@id":"https:\/\/nuevodigitaldeescobar.com.ar\/?p=1032#breadcrumb"},"inLanguage":"es","potentialAction":[{"@type":"ReadAction","target":["https:\/\/nuevodigitaldeescobar.com.ar\/?p=1032"]}]},{"@type":"ImageObject","inLanguage":"es","@id":"https:\/\/nuevodigitaldeescobar.com.ar\/?p=1032#primaryimage","url":"https:\/\/nuevodigitaldeescobar.com.ar\/wp-content\/uploads\/2023\/11\/cancer-de-colon-medico-paciente.jpg","contentUrl":"https:\/\/nuevodigitaldeescobar.com.ar\/wp-content\/uploads\/2023\/11\/cancer-de-colon-medico-paciente.jpg","width":720,"height":398},{"@type":"BreadcrumbList","@id":"https:\/\/nuevodigitaldeescobar.com.ar\/?p=1032#breadcrumb","itemListElement":[{"@type":"ListItem","position":1,"name":"Portada","item":"https:\/\/nuevodigitaldeescobar.com.ar\/"},{"@type":"ListItem","position":2,"name":"C\u00e1ncer de pr\u00f3stata: por qu\u00e9 es fundamental la concientizaci\u00f3n y el diagn\u00f3stico precoz"}]},{"@type":"WebSite","@id":"https:\/\/nuevodigitaldeescobar.com.ar\/#website","url":"https:\/\/nuevodigitaldeescobar.com.ar\/","name":"Nuevo Digital de Escobar","description":"La vida escobarense. Directora: Rosana Brunner","publisher":{"@id":"https:\/\/nuevodigitaldeescobar.com.ar\/#organization"},"potentialAction":[{"@type":"SearchAction","target":{"@type":"EntryPoint","urlTemplate":"https:\/\/nuevodigitaldeescobar.com.ar\/?s={search_term_string}"},"query-input":{"@type":"PropertyValueSpecification","valueRequired":true,"valueName":"search_term_string"}}],"inLanguage":"es"},{"@type":"Organization","@id":"https:\/\/nuevodigitaldeescobar.com.ar\/#organization","name":"Nuevo Digital de Escobar","url":"https:\/\/nuevodigitaldeescobar.com.ar\/","logo":{"@type":"ImageObject","inLanguage":"es","@id":"https:\/\/nuevodigitaldeescobar.com.ar\/#\/schema\/logo\/image\/","url":"https:\/\/nuevodigitaldeescobar.com.ar\/wp-content\/uploads\/2025\/05\/cropped-logo-nuevo2.jpg","contentUrl":"https:\/\/nuevodigitaldeescobar.com.ar\/wp-content\/uploads\/2025\/05\/cropped-logo-nuevo2.jpg","width":305,"height":305,"caption":"Nuevo Digital de Escobar"},"image":{"@id":"https:\/\/nuevodigitaldeescobar.com.ar\/#\/schema\/logo\/image\/"},"sameAs":["https:\/\/www.facebook.com\/NUEVODigitalDeEscobar","https:\/\/x.com\/nuevodigescobar","https:\/\/www.instagram.com\/nuevodigitaldeescobar"]},{"@type":"Person","@id":"https:\/\/nuevodigitaldeescobar.com.ar\/#\/schema\/person\/035e90a8efe9a80e6eec22656ad6ea4c","name":"Redacci\u00f3n","image":{"@type":"ImageObject","inLanguage":"es","@id":"https:\/\/nuevodigitaldeescobar.com.ar\/#\/schema\/person\/image\/","url":"https:\/\/secure.gravatar.com\/avatar\/8af8f40000c24e9eef3034f2be5998a372bb1389e64b1a4a36b3a7979142220d?s=96&d=mm&r=g","contentUrl":"https:\/\/secure.gravatar.com\/avatar\/8af8f40000c24e9eef3034f2be5998a372bb1389e64b1a4a36b3a7979142220d?s=96&d=mm&r=g","caption":"Redacci\u00f3n"},"sameAs":["http:\/\/nuevodigitaldeescobar.com.ar"],"url":"https:\/\/nuevodigitaldeescobar.com.ar\/?author=1"}]}},"featured_image_urls":{"full":["https:\/\/nuevodigitaldeescobar.com.ar\/wp-content\/uploads\/2023\/11\/cancer-de-colon-medico-paciente.jpg",720,398,false],"thumbnail":["https:\/\/nuevodigitaldeescobar.com.ar\/wp-content\/uploads\/2023\/11\/cancer-de-colon-medico-paciente-150x150.jpg",150,150,true],"medium":["https:\/\/nuevodigitaldeescobar.com.ar\/wp-content\/uploads\/2023\/11\/cancer-de-colon-medico-paciente-300x166.jpg",300,166,true],"medium_large":["https:\/\/nuevodigitaldeescobar.com.ar\/wp-content\/uploads\/2023\/11\/cancer-de-colon-medico-paciente.jpg",640,354,false],"large":["https:\/\/nuevodigitaldeescobar.com.ar\/wp-content\/uploads\/2023\/11\/cancer-de-colon-medico-paciente.jpg",640,354,false],"1536x1536":["https:\/\/nuevodigitaldeescobar.com.ar\/wp-content\/uploads\/2023\/11\/cancer-de-colon-medico-paciente.jpg",720,398,false],"2048x2048":["https:\/\/nuevodigitaldeescobar.com.ar\/wp-content\/uploads\/2023\/11\/cancer-de-colon-medico-paciente.jpg",720,398,false]},"author_info":{"display_name":"Redacci\u00f3n","author_link":"https:\/\/nuevodigitaldeescobar.com.ar\/?author=1"},"category_info":"<a href=\"https:\/\/nuevodigitaldeescobar.com.ar\/?cat=3\" rel=\"category\">Salud y Nutrici\u00f3n<\/a>","tag_info":"Salud y Nutrici\u00f3n","comment_count":"0","_links":{"self":[{"href":"https:\/\/nuevodigitaldeescobar.com.ar\/index.php?rest_route=\/wp\/v2\/posts\/1032","targetHints":{"allow":["GET"]}}],"collection":[{"href":"https:\/\/nuevodigitaldeescobar.com.ar\/index.php?rest_route=\/wp\/v2\/posts"}],"about":[{"href":"https:\/\/nuevodigitaldeescobar.com.ar\/index.php?rest_route=\/wp\/v2\/types\/post"}],"author":[{"embeddable":true,"href":"https:\/\/nuevodigitaldeescobar.com.ar\/index.php?rest_route=\/wp\/v2\/users\/1"}],"replies":[{"embeddable":true,"href":"https:\/\/nuevodigitaldeescobar.com.ar\/index.php?rest_route=%2Fwp%2Fv2%2Fcomments&post=1032"}],"version-history":[{"count":1,"href":"https:\/\/nuevodigitaldeescobar.com.ar\/index.php?rest_route=\/wp\/v2\/posts\/1032\/revisions"}],"predecessor-version":[{"id":1036,"href":"https:\/\/nuevodigitaldeescobar.com.ar\/index.php?rest_route=\/wp\/v2\/posts\/1032\/revisions\/1036"}],"wp:featuredmedia":[{"embeddable":true,"href":"https:\/\/nuevodigitaldeescobar.com.ar\/index.php?rest_route=\/wp\/v2\/media\/1035"}],"wp:attachment":[{"href":"https:\/\/nuevodigitaldeescobar.com.ar\/index.php?rest_route=%2Fwp%2Fv2%2Fmedia&parent=1032"}],"wp:term":[{"taxonomy":"category","embeddable":true,"href":"https:\/\/nuevodigitaldeescobar.com.ar\/index.php?rest_route=%2Fwp%2Fv2%2Fcategories&post=1032"},{"taxonomy":"post_tag","embeddable":true,"href":"https:\/\/nuevodigitaldeescobar.com.ar\/index.php?rest_route=%2Fwp%2Fv2%2Ftags&post=1032"}],"curies":[{"name":"wp","href":"https:\/\/api.w.org\/{rel}","templated":true}]}}