{"id":10322,"date":"2024-12-13T07:01:00","date_gmt":"2024-12-13T10:01:00","guid":{"rendered":"https:\/\/nuevodigitaldeescobar.com.ar\/?p=10322"},"modified":"2024-12-12T14:29:46","modified_gmt":"2024-12-12T17:29:46","slug":"milei-apunto-contra-sus-aliados-por-exceso-de-gorilismo-y-defendio-su-gestion-como-la-mejor-de-la-historia","status":"publish","type":"post","link":"https:\/\/nuevodigitaldeescobar.com.ar\/?p=10322","title":{"rendered":"Milei apunt\u00f3 contra sus aliados por \u00abexceso de gorilismo\u00bb y defendi\u00f3 su gesti\u00f3n como \u00abla mejor de la historia\u00bb"},"content":{"rendered":"<p><span style=\"color: #003366;\"><em><strong>El presidente Javier Milei expres\u00f3 cr\u00edticas hacia sus aliados del PRO por el proyecto de Ficha Limpia, una iniciativa que buscaba excluir de las elecciones a candidatos con condenas en segunda instancia por corrupci\u00f3n. Seg\u00fan el mandatario, la propuesta generar\u00eda efectos contrarios a los buscados y acus\u00f3 a algunos sectores de querer \u00fanicamente \u201cmeter presa a Cristina Kirchner\u201d.<\/strong><\/em><\/span><\/p>\n\n\n<p><em>\u201cLo \u00fanico que quieren es meter presa a Cristina. A m\u00ed me parece que tiene que estar presa, pero eso es tarea de la Justicia, no del Ejecutivo\u201d<\/em>, declar\u00f3 Milei durante una entrevista en el programa de streaming <em><strong>La Misa<\/strong><\/em>, conducido por Daniel Parisini (El Gordo Dan). En este contexto, acus\u00f3 al macrismo de mantener pol\u00edticamente activa a la exmandataria por conveniencia electoral y record\u00f3 que, bajo la gesti\u00f3n de Marcos Pe\u00f1a, no se impuls\u00f3 su desafuero.<\/p>\n\n\n\n<p>Durante la charla, en la que fue presentado como un \u201cpr\u00f3cer\u201d de Argentina y obsequi\u00f3 un busto suyo a los conductores, Milei se refiri\u00f3 a su gesti\u00f3n con optimismo. <em>\u201cHicimos un programa de estabilizaci\u00f3n mejor que la convertibilidad y una reforma estructural ocho veces m\u00e1s grande que la de Menem, con menos diputados y senadores. Si hoy se terminara el Gobierno, ser\u00eda la mejor \u00e9poca del pa\u00eds en un a\u00f1o\u201d<\/em>, sostuvo.<\/p>\n\n\n<div class=\"wp-block-image is-style-rounded\">\n<figure class=\"alignright size-full is-resized\"><img fetchpriority=\"high\" decoding=\"async\" width=\"396\" height=\"268\" src=\"https:\/\/nuevodigitaldeescobar.com.ar\/wp-content\/uploads\/2024\/12\/javmarm.png\" alt=\"\" class=\"wp-image-10324\" style=\"width:496px;height:auto\" srcset=\"https:\/\/nuevodigitaldeescobar.com.ar\/wp-content\/uploads\/2024\/12\/javmarm.png 396w, https:\/\/nuevodigitaldeescobar.com.ar\/wp-content\/uploads\/2024\/12\/javmarm-300x203.png 300w\" sizes=\"(max-width: 396px) 100vw, 396px\" \/><figcaption class=\"wp-element-caption\"><em><strong>\u00abJavo de Marmol\u00bb<\/strong> &#8211; Regalo de Milei a Daniel<\/em><\/figcaption><\/figure><\/div>\n\n<p><\/p>\n<h3><span style=\"color: #003366;\">Cr\u00edticas al periodismo y a medidas impositivas<\/span><\/h3>\n<p> <\/p>\n<p>El presidente tambi\u00e9n arremeti\u00f3 contra el periodismo, especialmente contra el Foro de Periodismo Argentino (FOPEA). <em>\u201cDicen que ataco a los periodistas, pero nunca mencionan las mentiras que publican. El 85% de lo que se dice en los medios es falso. Est\u00e1n perdiendo el monopolio de la palabra\u201d<\/em>, afirm\u00f3.<\/p>\n<p><\/p>\n\n\n<p>Por otro lado, se refiri\u00f3 a la pol\u00e9mica generada por un intento de ARCA (Administraci\u00f3n de Recursos de Contenidos Audiovisuales) de aplicar impuestos a creadores de contenido y streamers, medida que calific\u00f3 como <em>\u201cuna pelotudez\u201d. \u201cYo dije que no iba a subir impuestos ni crear nuevos. Esa medida era una trampa de bobos. Los que propusieron esto recibieron una patada en el orto, como corresponde\u201d<\/em>, sentenci\u00f3, aludiendo a la salida de la titular del organismo, Florencia Mizrahi.<\/p>\n\n\n\n<p>No obstante, evit\u00f3 hablar de la reimposici\u00f3n del Impuesto a las Ganancias, una de las medidas tributarias incluidas durante su gesti\u00f3n, luego de que fuera eliminada en la administraci\u00f3n anterior.<\/p>\n\n\n<p><\/p>\n<h3><span style=\"color: #003366;\">El plan nuclear: exportaci\u00f3n y desarrollo tecnol\u00f3gico<\/span><\/h3>\n<p> <\/p>\n<p>En cuanto a su pol\u00edtica energ\u00e9tica, Milei destac\u00f3 los avances en el denominado \u201cplan nuclear\u201d, que ser\u00e1 presentado formalmente el 20 de diciembre por el secretario de Energ\u00eda, Demian Reidel. <em>\u201cNo solo planeamos desarrollar Atucha III, tambi\u00e9n trabajamos en reactores modulares que podremos exportar. En esta carrera tecnol\u00f3gica, Argentina est\u00e1 siete a\u00f1os adelantada al resto\u201d<\/em>, asegur\u00f3.<\/p>\n<p><\/p>\n\n\n<p>El mandatario subray\u00f3 el rol del pa\u00eds en la industria nuclear, mencionando la colaboraci\u00f3n con el Instituto Balseiro y el INVAP, y las oportunidades que ofrece la creciente demanda de energ\u00eda en el contexto global. <em>\u201cCon la inteligencia artificial se necesita much\u00edsima energ\u00eda. Tenemos la capacidad, el capital humano y los recursos para aprovechar esta oportunidad\u201d<\/em>, concluy\u00f3.<\/p>\n\n\n\n<p><em>(Fuente: La Misa)<\/em><\/p>\n","protected":false},"excerpt":{"rendered":"<p>El presidente Javier Milei expres\u00f3 cr\u00edticas hacia sus aliados del PRO por el proyecto de Ficha Limpia, una iniciativa que buscaba excluir de las elecciones [&hellip;]<\/p>\n","protected":false},"author":1,"featured_media":10323,"comment_status":"open","ping_status":"open","sticky":false,"template":"","format":"standard","meta":{"footnotes":""},"categories":[6],"tags":[],"class_list":["post-10322","post","type-post","status-publish","format-standard","has-post-thumbnail","hentry","category-politica"],"better_featured_image":{"id":10323,"alt_text":"","caption":"","description":"","media_type":"image","media_details":{"width":1096,"height":564,"file":"2024\/12\/lamisamilei52.png","filesize":993478,"sizes":{"medium":{"file":"lamisamilei52-300x154.png","width":300,"height":154,"mime-type":"image\/png","filesize":70852,"source_url":"https:\/\/nuevodigitaldeescobar.com.ar\/wp-content\/uploads\/2024\/12\/lamisamilei52-300x154.png"},"large":{"file":"lamisamilei52-1024x527.png","width":1024,"height":527,"mime-type":"image\/png","filesize":531581,"source_url":"https:\/\/nuevodigitaldeescobar.com.ar\/wp-content\/uploads\/2024\/12\/lamisamilei52-1024x527.png"},"thumbnail":{"file":"lamisamilei52-150x150.png","width":150,"height":150,"mime-type":"image\/png","filesize":31442,"source_url":"https:\/\/nuevodigitaldeescobar.com.ar\/wp-content\/uploads\/2024\/12\/lamisamilei52-150x150.png"},"medium_large":{"file":"lamisamilei52-768x395.png","width":768,"height":395,"mime-type":"image\/png","filesize":336897,"source_url":"https:\/\/nuevodigitaldeescobar.com.ar\/wp-content\/uploads\/2024\/12\/lamisamilei52-768x395.png"}},"image_meta":{"aperture":"0","credit":"","camera":"","caption":"","created_timestamp":"0","copyright":"","focal_length":"0","iso":"0","shutter_speed":"0","title":"","orientation":"0","keywords":[]}},"post":10322,"source_url":"https:\/\/nuevodigitaldeescobar.com.ar\/wp-content\/uploads\/2024\/12\/lamisamilei52.png"},"yoast_head":"<!-- This site is optimized with the Yoast SEO plugin v26.1.1 - https:\/\/yoast.com\/wordpress\/plugins\/seo\/ -->\n<title>Milei apunt\u00f3 contra sus aliados por &quot;exceso de gorilismo&quot; y defendi\u00f3 su gesti\u00f3n como &quot;la mejor de la historia&quot; - Nuevo Digital de Escobar<\/title>\n<meta name=\"robots\" content=\"index, follow, max-snippet:-1, max-image-preview:large, max-video-preview:-1\" \/>\n<link rel=\"canonical\" href=\"https:\/\/nuevodigitaldeescobar.com.ar\/?p=10322\" \/>\n<meta property=\"og:locale\" content=\"es_ES\" \/>\n<meta property=\"og:type\" content=\"article\" \/>\n<meta property=\"og:title\" content=\"Milei apunt\u00f3 contra sus aliados por &quot;exceso de gorilismo&quot; y defendi\u00f3 su gesti\u00f3n como &quot;la mejor de la historia&quot; - Nuevo Digital de Escobar\" \/>\n<meta property=\"og:description\" content=\"El presidente Javier Milei expres\u00f3 cr\u00edticas hacia sus aliados del PRO por el proyecto de Ficha Limpia, una iniciativa que buscaba excluir de las elecciones [&hellip;]\" \/>\n<meta property=\"og:url\" content=\"https:\/\/nuevodigitaldeescobar.com.ar\/?p=10322\" \/>\n<meta property=\"og:site_name\" content=\"Nuevo Digital de Escobar\" \/>\n<meta property=\"article:publisher\" content=\"https:\/\/www.facebook.com\/NUEVODigitalDeEscobar\" \/>\n<meta property=\"article:published_time\" content=\"2024-12-13T10:01:00+00:00\" \/>\n<meta property=\"og:image\" content=\"https:\/\/nuevodigitaldeescobar.com.ar\/wp-content\/uploads\/2024\/12\/lamisamilei52.png\" \/>\n\t<meta property=\"og:image:width\" content=\"1096\" \/>\n\t<meta property=\"og:image:height\" content=\"564\" \/>\n\t<meta property=\"og:image:type\" content=\"image\/png\" \/>\n<meta name=\"author\" content=\"Redacci\u00f3n\" \/>\n<meta name=\"twitter:card\" content=\"summary_large_image\" \/>\n<meta name=\"twitter:creator\" content=\"@nuevodigescobar\" \/>\n<meta name=\"twitter:site\" content=\"@nuevodigescobar\" \/>\n<meta name=\"twitter:label1\" content=\"Escrito por\" \/>\n\t<meta name=\"twitter:data1\" content=\"Redacci\u00f3n\" \/>\n\t<meta name=\"twitter:label2\" content=\"Tiempo de lectura\" \/>\n\t<meta name=\"twitter:data2\" content=\"3 minutos\" \/>\n<script type=\"application\/ld+json\" class=\"yoast-schema-graph\">{\"@context\":\"https:\/\/schema.org\",\"@graph\":[{\"@type\":\"Article\",\"@id\":\"https:\/\/nuevodigitaldeescobar.com.ar\/?p=10322#article\",\"isPartOf\":{\"@id\":\"https:\/\/nuevodigitaldeescobar.com.ar\/?p=10322\"},\"author\":{\"name\":\"Redacci\u00f3n\",\"@id\":\"https:\/\/nuevodigitaldeescobar.com.ar\/#\/schema\/person\/035e90a8efe9a80e6eec22656ad6ea4c\"},\"headline\":\"Milei apunt\u00f3 contra sus aliados por \u00abexceso de gorilismo\u00bb y defendi\u00f3 su gesti\u00f3n como \u00abla mejor de la historia\u00bb\",\"datePublished\":\"2024-12-13T10:01:00+00:00\",\"mainEntityOfPage\":{\"@id\":\"https:\/\/nuevodigitaldeescobar.com.ar\/?p=10322\"},\"wordCount\":553,\"commentCount\":0,\"publisher\":{\"@id\":\"https:\/\/nuevodigitaldeescobar.com.ar\/#organization\"},\"image\":{\"@id\":\"https:\/\/nuevodigitaldeescobar.com.ar\/?p=10322#primaryimage\"},\"thumbnailUrl\":\"https:\/\/nuevodigitaldeescobar.com.ar\/wp-content\/uploads\/2024\/12\/lamisamilei52.png\",\"articleSection\":[\"Pol\u00edtica\"],\"inLanguage\":\"es\",\"potentialAction\":[{\"@type\":\"CommentAction\",\"name\":\"Comment\",\"target\":[\"https:\/\/nuevodigitaldeescobar.com.ar\/?p=10322#respond\"]}]},{\"@type\":\"WebPage\",\"@id\":\"https:\/\/nuevodigitaldeescobar.com.ar\/?p=10322\",\"url\":\"https:\/\/nuevodigitaldeescobar.com.ar\/?p=10322\",\"name\":\"Milei apunt\u00f3 contra sus aliados por \\\"exceso de gorilismo\\\" y defendi\u00f3 su gesti\u00f3n como \\\"la mejor de la historia\\\" - Nuevo Digital de Escobar\",\"isPartOf\":{\"@id\":\"https:\/\/nuevodigitaldeescobar.com.ar\/#website\"},\"primaryImageOfPage\":{\"@id\":\"https:\/\/nuevodigitaldeescobar.com.ar\/?p=10322#primaryimage\"},\"image\":{\"@id\":\"https:\/\/nuevodigitaldeescobar.com.ar\/?p=10322#primaryimage\"},\"thumbnailUrl\":\"https:\/\/nuevodigitaldeescobar.com.ar\/wp-content\/uploads\/2024\/12\/lamisamilei52.png\",\"datePublished\":\"2024-12-13T10:01:00+00:00\",\"breadcrumb\":{\"@id\":\"https:\/\/nuevodigitaldeescobar.com.ar\/?p=10322#breadcrumb\"},\"inLanguage\":\"es\",\"potentialAction\":[{\"@type\":\"ReadAction\",\"target\":[\"https:\/\/nuevodigitaldeescobar.com.ar\/?p=10322\"]}]},{\"@type\":\"ImageObject\",\"inLanguage\":\"es\",\"@id\":\"https:\/\/nuevodigitaldeescobar.com.ar\/?p=10322#primaryimage\",\"url\":\"https:\/\/nuevodigitaldeescobar.com.ar\/wp-content\/uploads\/2024\/12\/lamisamilei52.png\",\"contentUrl\":\"https:\/\/nuevodigitaldeescobar.com.ar\/wp-content\/uploads\/2024\/12\/lamisamilei52.png\",\"width\":1096,\"height\":564},{\"@type\":\"BreadcrumbList\",\"@id\":\"https:\/\/nuevodigitaldeescobar.com.ar\/?p=10322#breadcrumb\",\"itemListElement\":[{\"@type\":\"ListItem\",\"position\":1,\"name\":\"Portada\",\"item\":\"https:\/\/nuevodigitaldeescobar.com.ar\/\"},{\"@type\":\"ListItem\",\"position\":2,\"name\":\"Milei apunt\u00f3 contra sus aliados por \u00abexceso de gorilismo\u00bb y defendi\u00f3 su gesti\u00f3n como \u00abla mejor de la historia\u00bb\"}]},{\"@type\":\"WebSite\",\"@id\":\"https:\/\/nuevodigitaldeescobar.com.ar\/#website\",\"url\":\"https:\/\/nuevodigitaldeescobar.com.ar\/\",\"name\":\"Nuevo Digital de Escobar\",\"description\":\"La vida escobarense. Directora: Rosana Brunner\",\"publisher\":{\"@id\":\"https:\/\/nuevodigitaldeescobar.com.ar\/#organization\"},\"potentialAction\":[{\"@type\":\"SearchAction\",\"target\":{\"@type\":\"EntryPoint\",\"urlTemplate\":\"https:\/\/nuevodigitaldeescobar.com.ar\/?s={search_term_string}\"},\"query-input\":{\"@type\":\"PropertyValueSpecification\",\"valueRequired\":true,\"valueName\":\"search_term_string\"}}],\"inLanguage\":\"es\"},{\"@type\":\"Organization\",\"@id\":\"https:\/\/nuevodigitaldeescobar.com.ar\/#organization\",\"name\":\"Nuevo Digital de Escobar\",\"url\":\"https:\/\/nuevodigitaldeescobar.com.ar\/\",\"logo\":{\"@type\":\"ImageObject\",\"inLanguage\":\"es\",\"@id\":\"https:\/\/nuevodigitaldeescobar.com.ar\/#\/schema\/logo\/image\/\",\"url\":\"https:\/\/nuevodigitaldeescobar.com.ar\/wp-content\/uploads\/2025\/05\/cropped-logo-nuevo2.jpg\",\"contentUrl\":\"https:\/\/nuevodigitaldeescobar.com.ar\/wp-content\/uploads\/2025\/05\/cropped-logo-nuevo2.jpg\",\"width\":305,\"height\":305,\"caption\":\"Nuevo Digital de Escobar\"},\"image\":{\"@id\":\"https:\/\/nuevodigitaldeescobar.com.ar\/#\/schema\/logo\/image\/\"},\"sameAs\":[\"https:\/\/www.facebook.com\/NUEVODigitalDeEscobar\",\"https:\/\/x.com\/nuevodigescobar\",\"https:\/\/www.instagram.com\/nuevodigitaldeescobar\"]},{\"@type\":\"Person\",\"@id\":\"https:\/\/nuevodigitaldeescobar.com.ar\/#\/schema\/person\/035e90a8efe9a80e6eec22656ad6ea4c\",\"name\":\"Redacci\u00f3n\",\"image\":{\"@type\":\"ImageObject\",\"inLanguage\":\"es\",\"@id\":\"https:\/\/nuevodigitaldeescobar.com.ar\/#\/schema\/person\/image\/\",\"url\":\"https:\/\/secure.gravatar.com\/avatar\/8af8f40000c24e9eef3034f2be5998a372bb1389e64b1a4a36b3a7979142220d?s=96&d=mm&r=g\",\"contentUrl\":\"https:\/\/secure.gravatar.com\/avatar\/8af8f40000c24e9eef3034f2be5998a372bb1389e64b1a4a36b3a7979142220d?s=96&d=mm&r=g\",\"caption\":\"Redacci\u00f3n\"},\"sameAs\":[\"http:\/\/nuevodigitaldeescobar.com.ar\"],\"url\":\"https:\/\/nuevodigitaldeescobar.com.ar\/?author=1\"}]}<\/script>\n<!-- \/ Yoast SEO plugin. -->","yoast_head_json":{"title":"Milei apunt\u00f3 contra sus aliados por \"exceso de gorilismo\" y defendi\u00f3 su gesti\u00f3n como \"la mejor de la historia\" - Nuevo Digital de Escobar","robots":{"index":"index","follow":"follow","max-snippet":"max-snippet:-1","max-image-preview":"max-image-preview:large","max-video-preview":"max-video-preview:-1"},"canonical":"https:\/\/nuevodigitaldeescobar.com.ar\/?p=10322","og_locale":"es_ES","og_type":"article","og_title":"Milei apunt\u00f3 contra sus aliados por \"exceso de gorilismo\" y defendi\u00f3 su gesti\u00f3n como \"la mejor de la historia\" - Nuevo Digital de Escobar","og_description":"El presidente Javier Milei expres\u00f3 cr\u00edticas hacia sus aliados del PRO por el proyecto de Ficha Limpia, una iniciativa que buscaba excluir de las elecciones [&hellip;]","og_url":"https:\/\/nuevodigitaldeescobar.com.ar\/?p=10322","og_site_name":"Nuevo Digital de Escobar","article_publisher":"https:\/\/www.facebook.com\/NUEVODigitalDeEscobar","article_published_time":"2024-12-13T10:01:00+00:00","og_image":[{"width":1096,"height":564,"url":"https:\/\/nuevodigitaldeescobar.com.ar\/wp-content\/uploads\/2024\/12\/lamisamilei52.png","type":"image\/png"}],"author":"Redacci\u00f3n","twitter_card":"summary_large_image","twitter_creator":"@nuevodigescobar","twitter_site":"@nuevodigescobar","twitter_misc":{"Escrito por":"Redacci\u00f3n","Tiempo de lectura":"3 minutos"},"schema":{"@context":"https:\/\/schema.org","@graph":[{"@type":"Article","@id":"https:\/\/nuevodigitaldeescobar.com.ar\/?p=10322#article","isPartOf":{"@id":"https:\/\/nuevodigitaldeescobar.com.ar\/?p=10322"},"author":{"name":"Redacci\u00f3n","@id":"https:\/\/nuevodigitaldeescobar.com.ar\/#\/schema\/person\/035e90a8efe9a80e6eec22656ad6ea4c"},"headline":"Milei apunt\u00f3 contra sus aliados por \u00abexceso de gorilismo\u00bb y defendi\u00f3 su gesti\u00f3n como \u00abla mejor de la historia\u00bb","datePublished":"2024-12-13T10:01:00+00:00","mainEntityOfPage":{"@id":"https:\/\/nuevodigitaldeescobar.com.ar\/?p=10322"},"wordCount":553,"commentCount":0,"publisher":{"@id":"https:\/\/nuevodigitaldeescobar.com.ar\/#organization"},"image":{"@id":"https:\/\/nuevodigitaldeescobar.com.ar\/?p=10322#primaryimage"},"thumbnailUrl":"https:\/\/nuevodigitaldeescobar.com.ar\/wp-content\/uploads\/2024\/12\/lamisamilei52.png","articleSection":["Pol\u00edtica"],"inLanguage":"es","potentialAction":[{"@type":"CommentAction","name":"Comment","target":["https:\/\/nuevodigitaldeescobar.com.ar\/?p=10322#respond"]}]},{"@type":"WebPage","@id":"https:\/\/nuevodigitaldeescobar.com.ar\/?p=10322","url":"https:\/\/nuevodigitaldeescobar.com.ar\/?p=10322","name":"Milei apunt\u00f3 contra sus aliados por \"exceso de gorilismo\" y defendi\u00f3 su gesti\u00f3n como \"la mejor de la historia\" - Nuevo Digital de Escobar","isPartOf":{"@id":"https:\/\/nuevodigitaldeescobar.com.ar\/#website"},"primaryImageOfPage":{"@id":"https:\/\/nuevodigitaldeescobar.com.ar\/?p=10322#primaryimage"},"image":{"@id":"https:\/\/nuevodigitaldeescobar.com.ar\/?p=10322#primaryimage"},"thumbnailUrl":"https:\/\/nuevodigitaldeescobar.com.ar\/wp-content\/uploads\/2024\/12\/lamisamilei52.png","datePublished":"2024-12-13T10:01:00+00:00","breadcrumb":{"@id":"https:\/\/nuevodigitaldeescobar.com.ar\/?p=10322#breadcrumb"},"inLanguage":"es","potentialAction":[{"@type":"ReadAction","target":["https:\/\/nuevodigitaldeescobar.com.ar\/?p=10322"]}]},{"@type":"ImageObject","inLanguage":"es","@id":"https:\/\/nuevodigitaldeescobar.com.ar\/?p=10322#primaryimage","url":"https:\/\/nuevodigitaldeescobar.com.ar\/wp-content\/uploads\/2024\/12\/lamisamilei52.png","contentUrl":"https:\/\/nuevodigitaldeescobar.com.ar\/wp-content\/uploads\/2024\/12\/lamisamilei52.png","width":1096,"height":564},{"@type":"BreadcrumbList","@id":"https:\/\/nuevodigitaldeescobar.com.ar\/?p=10322#breadcrumb","itemListElement":[{"@type":"ListItem","position":1,"name":"Portada","item":"https:\/\/nuevodigitaldeescobar.com.ar\/"},{"@type":"ListItem","position":2,"name":"Milei apunt\u00f3 contra sus aliados por \u00abexceso de gorilismo\u00bb y defendi\u00f3 su gesti\u00f3n como \u00abla mejor de la historia\u00bb"}]},{"@type":"WebSite","@id":"https:\/\/nuevodigitaldeescobar.com.ar\/#website","url":"https:\/\/nuevodigitaldeescobar.com.ar\/","name":"Nuevo Digital de Escobar","description":"La vida escobarense. Directora: Rosana Brunner","publisher":{"@id":"https:\/\/nuevodigitaldeescobar.com.ar\/#organization"},"potentialAction":[{"@type":"SearchAction","target":{"@type":"EntryPoint","urlTemplate":"https:\/\/nuevodigitaldeescobar.com.ar\/?s={search_term_string}"},"query-input":{"@type":"PropertyValueSpecification","valueRequired":true,"valueName":"search_term_string"}}],"inLanguage":"es"},{"@type":"Organization","@id":"https:\/\/nuevodigitaldeescobar.com.ar\/#organization","name":"Nuevo Digital de Escobar","url":"https:\/\/nuevodigitaldeescobar.com.ar\/","logo":{"@type":"ImageObject","inLanguage":"es","@id":"https:\/\/nuevodigitaldeescobar.com.ar\/#\/schema\/logo\/image\/","url":"https:\/\/nuevodigitaldeescobar.com.ar\/wp-content\/uploads\/2025\/05\/cropped-logo-nuevo2.jpg","contentUrl":"https:\/\/nuevodigitaldeescobar.com.ar\/wp-content\/uploads\/2025\/05\/cropped-logo-nuevo2.jpg","width":305,"height":305,"caption":"Nuevo Digital de Escobar"},"image":{"@id":"https:\/\/nuevodigitaldeescobar.com.ar\/#\/schema\/logo\/image\/"},"sameAs":["https:\/\/www.facebook.com\/NUEVODigitalDeEscobar","https:\/\/x.com\/nuevodigescobar","https:\/\/www.instagram.com\/nuevodigitaldeescobar"]},{"@type":"Person","@id":"https:\/\/nuevodigitaldeescobar.com.ar\/#\/schema\/person\/035e90a8efe9a80e6eec22656ad6ea4c","name":"Redacci\u00f3n","image":{"@type":"ImageObject","inLanguage":"es","@id":"https:\/\/nuevodigitaldeescobar.com.ar\/#\/schema\/person\/image\/","url":"https:\/\/secure.gravatar.com\/avatar\/8af8f40000c24e9eef3034f2be5998a372bb1389e64b1a4a36b3a7979142220d?s=96&d=mm&r=g","contentUrl":"https:\/\/secure.gravatar.com\/avatar\/8af8f40000c24e9eef3034f2be5998a372bb1389e64b1a4a36b3a7979142220d?s=96&d=mm&r=g","caption":"Redacci\u00f3n"},"sameAs":["http:\/\/nuevodigitaldeescobar.com.ar"],"url":"https:\/\/nuevodigitaldeescobar.com.ar\/?author=1"}]}},"featured_image_urls":{"full":["https:\/\/nuevodigitaldeescobar.com.ar\/wp-content\/uploads\/2024\/12\/lamisamilei52.png",1096,564,false],"thumbnail":["https:\/\/nuevodigitaldeescobar.com.ar\/wp-content\/uploads\/2024\/12\/lamisamilei52-150x150.png",150,150,true],"medium":["https:\/\/nuevodigitaldeescobar.com.ar\/wp-content\/uploads\/2024\/12\/lamisamilei52-300x154.png",300,154,true],"medium_large":["https:\/\/nuevodigitaldeescobar.com.ar\/wp-content\/uploads\/2024\/12\/lamisamilei52-768x395.png",640,329,true],"large":["https:\/\/nuevodigitaldeescobar.com.ar\/wp-content\/uploads\/2024\/12\/lamisamilei52-1024x527.png",640,329,true],"1536x1536":["https:\/\/nuevodigitaldeescobar.com.ar\/wp-content\/uploads\/2024\/12\/lamisamilei52.png",1096,564,false],"2048x2048":["https:\/\/nuevodigitaldeescobar.com.ar\/wp-content\/uploads\/2024\/12\/lamisamilei52.png",1096,564,false]},"author_info":{"display_name":"Redacci\u00f3n","author_link":"https:\/\/nuevodigitaldeescobar.com.ar\/?author=1"},"category_info":"<a href=\"https:\/\/nuevodigitaldeescobar.com.ar\/?cat=6\" rel=\"category\">Pol\u00edtica<\/a>","tag_info":"Pol\u00edtica","comment_count":"0","_links":{"self":[{"href":"https:\/\/nuevodigitaldeescobar.com.ar\/index.php?rest_route=\/wp\/v2\/posts\/10322","targetHints":{"allow":["GET"]}}],"collection":[{"href":"https:\/\/nuevodigitaldeescobar.com.ar\/index.php?rest_route=\/wp\/v2\/posts"}],"about":[{"href":"https:\/\/nuevodigitaldeescobar.com.ar\/index.php?rest_route=\/wp\/v2\/types\/post"}],"author":[{"embeddable":true,"href":"https:\/\/nuevodigitaldeescobar.com.ar\/index.php?rest_route=\/wp\/v2\/users\/1"}],"replies":[{"embeddable":true,"href":"https:\/\/nuevodigitaldeescobar.com.ar\/index.php?rest_route=%2Fwp%2Fv2%2Fcomments&post=10322"}],"version-history":[{"count":1,"href":"https:\/\/nuevodigitaldeescobar.com.ar\/index.php?rest_route=\/wp\/v2\/posts\/10322\/revisions"}],"predecessor-version":[{"id":10325,"href":"https:\/\/nuevodigitaldeescobar.com.ar\/index.php?rest_route=\/wp\/v2\/posts\/10322\/revisions\/10325"}],"wp:featuredmedia":[{"embeddable":true,"href":"https:\/\/nuevodigitaldeescobar.com.ar\/index.php?rest_route=\/wp\/v2\/media\/10323"}],"wp:attachment":[{"href":"https:\/\/nuevodigitaldeescobar.com.ar\/index.php?rest_route=%2Fwp%2Fv2%2Fmedia&parent=10322"}],"wp:term":[{"taxonomy":"category","embeddable":true,"href":"https:\/\/nuevodigitaldeescobar.com.ar\/index.php?rest_route=%2Fwp%2Fv2%2Fcategories&post=10322"},{"taxonomy":"post_tag","embeddable":true,"href":"https:\/\/nuevodigitaldeescobar.com.ar\/index.php?rest_route=%2Fwp%2Fv2%2Ftags&post=10322"}],"curies":[{"name":"wp","href":"https:\/\/api.w.org\/{rel}","templated":true}]}}