{"id":10335,"date":"2024-12-08T18:53:39","date_gmt":"2024-12-08T21:53:39","guid":{"rendered":"https:\/\/nuevodigitaldeescobar.com.ar\/?p=10335"},"modified":"2024-12-12T18:55:13","modified_gmt":"2024-12-12T21:55:13","slug":"hcd-se-realizara-la-primera-sesion-extraordinaria","status":"publish","type":"post","link":"https:\/\/nuevodigitaldeescobar.com.ar\/?p=10335","title":{"rendered":"HCD: se realizar\u00e1 la Primera Sesi\u00f3n Extraordinaria"},"content":{"rendered":"<p><span style=\"color: #003366;\"><strong><em>Ser\u00e1 este lunes 9 de diciembre, a las 12 horas, en las instalaciones del Honorable Concejo Deliberante de Escobar, ubicado en avenida Eugenia Tapia de Cruz 1280, Bel\u00e9n de Escobar.<\/em><\/strong><\/span><\/p>\n<p><!--more--><\/p>\n<hr \/>\n<p>La primera Sesi\u00f3n Extraordinaria del a\u00f1o se realiza en el marco del Decreto N\u00ba 3988\/24, que manifiesta:<\/p>\n<p><em>\u201cVISTO:<\/em><\/p>\n<p><em>\u00a0\u00a0\u00a0\u00a0\u00a0\u00a0\u00a0\u00a0\u00a0\u00a0\u00a0\u00a0\u00a0\u00a0\u00a0 La comunicaci\u00f3n oficial N.\u00ba 4111, suscripta por concejales y concejalas del H.C.D., a trav\u00e9s de la cual se solicita la convocatoria a Sesi\u00f3n Extraordinaria para dar tratamiento legislativo a los expedientes 18300\/24, 18301\/24, 18302\/24, 18303\/24, 18304\/24, 18305\/24, 18306\/24, 18307\/24, 18308\/24 y 18312\/24, y<\/em><\/p>\n<p><em>CONSIDERANDO:<\/em><\/p>\n<p><em>Que el inciso 5.\u00ba del art\u00edculo 68.\u00ba del Decreto-Ley N.\u00ba 6769\/58 establece que \u201cEl Concejo podr\u00e1 ser convocado por el Intendente a sesiones extraordinarias, siempre que un asunto de inter\u00e9s p\u00fablico y urgente lo exija, o convocarse por s\u00ed mismo cuando, por la misma raz\u00f3n, lo solicite un m\u00ednimo de un tercio del n\u00famero de sus miembros\u201d, y<\/em><\/p>\n<p><em>Que el precepto mencionado estipula que en estos casos el Concejo solo se ocupar\u00e1 del o los asunto\/s que fije la convocatoria, empezando por declarar si ha llegado el caso de urgencia e inter\u00e9s p\u00fablico para hacer lugar al requerimiento.<\/em><\/p>\n<p><em>Por ello, la presidenta del Honorable Concejo Deliberante de Escobar, en uso de sus atribuciones,<\/em><\/p>\n<p><em>D E C R E T A<\/em><\/p>\n<p><em>Art\u00edculo 1.\u00ba: Convocase a la Comisi\u00f3n de Labor Parlamentaria para el d\u00eda lunes 9 de diciembre a las 11:00 horas, en la sala de reuniones de la Presidencia de este H. Concejo Deliberante, a los fines de abordar el orden del d\u00eda correspondiente a la 1.\u00aa Sesi\u00f3n Extraordinaria del per\u00edodo 2024.<\/em><\/p>\n<p><em>Art\u00edculo 2.\u00ba: Convocase al H. Concejo Deliberante de Escobar a la PRIMERA SESI\u00d3N EXTRAORDINARIA del per\u00edodo 2024, para el d\u00eda lunes 9 de diciembre a las 12 horas, en las instalaciones del H.C.D. de Escobar (E. T. de Cruz 1280, Bel\u00e9n de Escobar), con motivo de considerar el siguiente:<\/em><\/p>\n<p><em>O R D E N\u00a0\u00a0\u00a0\u00a0 D E L\u00a0\u00a0\u00a0\u00a0 D \u00cd A<\/em><\/p>\n<ol>\n<li><em>Declaraci\u00f3n del caso de urgencia e inter\u00e9s p\u00fablico para hacer lugar al requerimiento.<\/em><\/li>\n<li><em>Expedientes a considerar:<\/em><\/li>\n<\/ol>\n<ul>\n<li><em>18300\/24: ORDENANZA. DESIGNACION CON EL NOMBRE \u00abDR. JORGE ALBERTO LANDAU\u00bb A LA PLAZOLETA UBICADA FRENTE A LA ESTACION DE FERROCARRIL DE ING. MASCHWITZ EN LA INTERSECCION EL DORADO Y AV. BENITO VILLANUEVA. La comisi\u00f3n de I.R. por unanimidad aconseja la aprobaci\u00f3n del proyecto de ordenanza.<\/em><\/li>\n<li><em>18301\/24: RESOLUCION. DISTINCION COMO PERSONALIDADES DESTACADAS DEL PARTIDO DE ESCOBAR A ATLETAS Y COMPETIDORES ESCOBARENSES EN RECONOCIMIENTO A SU DESEMPE\u00d1O EN LA 33\u00ba EDICION DE LOS JUEGOS BONAERENSES. La comisi\u00f3n de I.R. por unanimidad aconseja la aprobaci\u00f3n del proyecto de resoluci\u00f3n.<\/em><\/li>\n<li><em>18302\/24: ORDENANZA. AUTORIZACION AL D.E. AL PAGO AL AGENTE BULLOTTI JOSE HUMBERTO EN CONCEPTO POR ANTIGUEDAD. La comisi\u00f3n de H.P. por unanimidad aconseja la aprobaci\u00f3n del proyecto de ordenanza.<\/em><\/li>\n<li><em>18303\/24: ORDENANZA. AUTORIZACION AL D.E. AL PAGO A LA AGENTE CAMPERO FERNANDA CORRESPONDIENTE A TITULO. La comisi\u00f3n de H.P. por unanimidad aconseja la aprobaci\u00f3n del proyecto de ordenanza.<\/em><\/li>\n<li><em>18304\/24: ORDENANZA. AUTORIZACION AL D.E. AL PAGO A LA AGENTE LUZIO MELANIE NICOLE CORRESPONDIENTE A BASICO POR HORAS EXTRAS. La comisi\u00f3n de H.P. por unanimidad aconseja la aprobaci\u00f3n del proyecto de ordenanza.<\/em><\/li>\n<li><em>18305\/24: ORDENANZA. AUTORIZACION AL SR. INTENDENTE MUNICIPAL A TOMAR LAS LICENCIAS REFERIDAS EN EL INC. 13, ART. 108 DE LA L.O.M. Y SUS MODIFICATORIAS DURANTE EL A\u00d1O 2025. La comisi\u00f3n de I.R. por unanimidad aconseja la aprobaci\u00f3n del proyecto de ordenanza.<\/em><\/li>\n<li><em>18306\/24: RESOLUCION. MANIFIESTA PREOCUPACION Y ENERGICO RECHAZO ANTE EL POSIBLE CIERRE DEL CENTRO DE ACCESO A LA JUSTICIA N\u00b0 111 DE BELEN DE ESCOBAR. La comisi\u00f3n de I.R. por mayor\u00eda aconseja la aprobaci\u00f3n del proyecto de resoluci\u00f3n, y por minor\u00eda rechaza el proyecto.<\/em><\/li>\n<li><em>18307\/24: ORDENANZA. MODIFICACION O.M. N\u00b0 6088\/22 ORDENANZA FISCAL PARA LA MUNICIPALIDAD DE ESCOBAR. La comisi\u00f3n de H.P. aconseja la aprobaci\u00f3n del proyecto de ordenanza con modificaciones.<\/em><\/li>\n<li><em>18308\/24: ORDENANZA TRIBUTARIA EJERCICIO 2025. La comisi\u00f3n de H.P. aconseja la aprobaci\u00f3n del proyecto de ordenanza con modificaciones.<\/em><\/li>\n<li><em>18312\/24: ORDENANZA. MODIFICACION ORDENANZAS 4968\/2011 Y 5012\/2012 REF. A PERMUTA DE TERRENOS EN BARRIOS CERRADOS SAN MARCOS Y SAN BENITO. La comisi\u00f3n de I.R. por unanimidad aconseja la aprobaci\u00f3n del proyecto de ordenanza.<\/em><\/li>\n<\/ul>\n<p><em>Art\u00edculo 3.\u00ba: Comun\u00edquese, reg\u00edstrese y oportunamente arch\u00edvese\u201d.<\/em><\/p>\n","protected":false},"excerpt":{"rendered":"<p>Ser\u00e1 este lunes 9 de diciembre, a las 12 horas, en las instalaciones del Honorable Concejo Deliberante de Escobar, ubicado en avenida Eugenia Tapia de [&hellip;]<\/p>\n","protected":false},"author":1,"featured_media":10336,"comment_status":"open","ping_status":"open","sticky":false,"template":"","format":"standard","meta":{"footnotes":""},"categories":[12],"tags":[],"class_list":["post-10335","post","type-post","status-publish","format-standard","has-post-thumbnail","hentry","category-legislativas"],"better_featured_image":{"id":10336,"alt_text":"","caption":"","description":"","media_type":"image","media_details":{"width":640,"height":640,"file":"2024\/12\/1-ses-extraordinaria-2024_Mesa-de-trabajo-1-e1734040492796.jpg","filesize":281672,"sizes":{"medium":{"file":"1-ses-extraordinaria-2024_Mesa-de-trabajo-1-300x300.jpg","width":300,"height":300,"mime-type":"image\/jpeg","filesize":38285,"source_url":"https:\/\/nuevodigitaldeescobar.com.ar\/wp-content\/uploads\/2024\/12\/1-ses-extraordinaria-2024_Mesa-de-trabajo-1-300x300.jpg"},"large":{"file":"1-ses-extraordinaria-2024_Mesa-de-trabajo-1-1024x1024.jpg","width":1024,"height":1024,"mime-type":"image\/jpeg","filesize":102976,"source_url":"https:\/\/nuevodigitaldeescobar.com.ar\/wp-content\/uploads\/2024\/12\/1-ses-extraordinaria-2024_Mesa-de-trabajo-1-1024x1024.jpg"},"thumbnail":{"file":"1-ses-extraordinaria-2024_Mesa-de-trabajo-1-150x150.jpg","width":150,"height":150,"mime-type":"image\/jpeg","filesize":28487,"source_url":"https:\/\/nuevodigitaldeescobar.com.ar\/wp-content\/uploads\/2024\/12\/1-ses-extraordinaria-2024_Mesa-de-trabajo-1-150x150.jpg"},"medium_large":{"file":"1-ses-extraordinaria-2024_Mesa-de-trabajo-1-768x768.jpg","width":768,"height":768,"mime-type":"image\/jpeg","filesize":83240,"source_url":"https:\/\/nuevodigitaldeescobar.com.ar\/wp-content\/uploads\/2024\/12\/1-ses-extraordinaria-2024_Mesa-de-trabajo-1-768x768.jpg"}},"image_meta":{"aperture":"0","credit":"","camera":"","caption":"","created_timestamp":"0","copyright":"","focal_length":"0","iso":"0","shutter_speed":"0","title":"","orientation":"0","keywords":[]}},"post":10335,"source_url":"https:\/\/nuevodigitaldeescobar.com.ar\/wp-content\/uploads\/2024\/12\/1-ses-extraordinaria-2024_Mesa-de-trabajo-1-e1734040492796.jpg"},"yoast_head":"<!-- This site is optimized with the Yoast SEO plugin v26.1.1 - https:\/\/yoast.com\/wordpress\/plugins\/seo\/ -->\n<title>HCD: se realizar\u00e1 la Primera Sesi\u00f3n Extraordinaria - Nuevo Digital de Escobar<\/title>\n<meta name=\"robots\" content=\"index, follow, max-snippet:-1, max-image-preview:large, max-video-preview:-1\" \/>\n<link rel=\"canonical\" href=\"https:\/\/nuevodigitaldeescobar.com.ar\/?p=10335\" \/>\n<meta property=\"og:locale\" content=\"es_ES\" \/>\n<meta property=\"og:type\" content=\"article\" \/>\n<meta property=\"og:title\" content=\"HCD: se realizar\u00e1 la Primera Sesi\u00f3n Extraordinaria - Nuevo Digital de Escobar\" \/>\n<meta property=\"og:description\" content=\"Ser\u00e1 este lunes 9 de diciembre, a las 12 horas, en las instalaciones del Honorable Concejo Deliberante de Escobar, ubicado en avenida Eugenia Tapia de [&hellip;]\" \/>\n<meta property=\"og:url\" content=\"https:\/\/nuevodigitaldeescobar.com.ar\/?p=10335\" \/>\n<meta property=\"og:site_name\" content=\"Nuevo Digital de Escobar\" \/>\n<meta property=\"article:publisher\" content=\"https:\/\/www.facebook.com\/NUEVODigitalDeEscobar\" \/>\n<meta property=\"article:published_time\" content=\"2024-12-08T21:53:39+00:00\" \/>\n<meta property=\"article:modified_time\" content=\"2024-12-12T21:55:13+00:00\" \/>\n<meta property=\"og:image\" content=\"https:\/\/nuevodigitaldeescobar.com.ar\/wp-content\/uploads\/2024\/12\/1-ses-extraordinaria-2024_Mesa-de-trabajo-1-e1734040492796.jpg\" \/>\n\t<meta property=\"og:image:width\" content=\"640\" \/>\n\t<meta property=\"og:image:height\" content=\"640\" \/>\n\t<meta property=\"og:image:type\" content=\"image\/jpeg\" \/>\n<meta name=\"author\" content=\"Redacci\u00f3n\" \/>\n<meta name=\"twitter:card\" content=\"summary_large_image\" \/>\n<meta name=\"twitter:creator\" content=\"@nuevodigescobar\" \/>\n<meta name=\"twitter:site\" content=\"@nuevodigescobar\" \/>\n<meta name=\"twitter:label1\" content=\"Escrito por\" \/>\n\t<meta name=\"twitter:data1\" content=\"Redacci\u00f3n\" \/>\n\t<meta name=\"twitter:label2\" content=\"Tiempo de lectura\" \/>\n\t<meta name=\"twitter:data2\" content=\"4 minutos\" \/>\n<script type=\"application\/ld+json\" class=\"yoast-schema-graph\">{\"@context\":\"https:\/\/schema.org\",\"@graph\":[{\"@type\":\"Article\",\"@id\":\"https:\/\/nuevodigitaldeescobar.com.ar\/?p=10335#article\",\"isPartOf\":{\"@id\":\"https:\/\/nuevodigitaldeescobar.com.ar\/?p=10335\"},\"author\":{\"name\":\"Redacci\u00f3n\",\"@id\":\"https:\/\/nuevodigitaldeescobar.com.ar\/#\/schema\/person\/035e90a8efe9a80e6eec22656ad6ea4c\"},\"headline\":\"HCD: se realizar\u00e1 la Primera Sesi\u00f3n Extraordinaria\",\"datePublished\":\"2024-12-08T21:53:39+00:00\",\"dateModified\":\"2024-12-12T21:55:13+00:00\",\"mainEntityOfPage\":{\"@id\":\"https:\/\/nuevodigitaldeescobar.com.ar\/?p=10335\"},\"wordCount\":720,\"commentCount\":0,\"publisher\":{\"@id\":\"https:\/\/nuevodigitaldeescobar.com.ar\/#organization\"},\"image\":{\"@id\":\"https:\/\/nuevodigitaldeescobar.com.ar\/?p=10335#primaryimage\"},\"thumbnailUrl\":\"https:\/\/nuevodigitaldeescobar.com.ar\/wp-content\/uploads\/2024\/12\/1-ses-extraordinaria-2024_Mesa-de-trabajo-1-e1734040492796.jpg\",\"articleSection\":[\"Legislativas\"],\"inLanguage\":\"es\",\"potentialAction\":[{\"@type\":\"CommentAction\",\"name\":\"Comment\",\"target\":[\"https:\/\/nuevodigitaldeescobar.com.ar\/?p=10335#respond\"]}]},{\"@type\":\"WebPage\",\"@id\":\"https:\/\/nuevodigitaldeescobar.com.ar\/?p=10335\",\"url\":\"https:\/\/nuevodigitaldeescobar.com.ar\/?p=10335\",\"name\":\"HCD: se realizar\u00e1 la Primera Sesi\u00f3n Extraordinaria - Nuevo Digital de Escobar\",\"isPartOf\":{\"@id\":\"https:\/\/nuevodigitaldeescobar.com.ar\/#website\"},\"primaryImageOfPage\":{\"@id\":\"https:\/\/nuevodigitaldeescobar.com.ar\/?p=10335#primaryimage\"},\"image\":{\"@id\":\"https:\/\/nuevodigitaldeescobar.com.ar\/?p=10335#primaryimage\"},\"thumbnailUrl\":\"https:\/\/nuevodigitaldeescobar.com.ar\/wp-content\/uploads\/2024\/12\/1-ses-extraordinaria-2024_Mesa-de-trabajo-1-e1734040492796.jpg\",\"datePublished\":\"2024-12-08T21:53:39+00:00\",\"dateModified\":\"2024-12-12T21:55:13+00:00\",\"breadcrumb\":{\"@id\":\"https:\/\/nuevodigitaldeescobar.com.ar\/?p=10335#breadcrumb\"},\"inLanguage\":\"es\",\"potentialAction\":[{\"@type\":\"ReadAction\",\"target\":[\"https:\/\/nuevodigitaldeescobar.com.ar\/?p=10335\"]}]},{\"@type\":\"ImageObject\",\"inLanguage\":\"es\",\"@id\":\"https:\/\/nuevodigitaldeescobar.com.ar\/?p=10335#primaryimage\",\"url\":\"https:\/\/nuevodigitaldeescobar.com.ar\/wp-content\/uploads\/2024\/12\/1-ses-extraordinaria-2024_Mesa-de-trabajo-1-e1734040492796.jpg\",\"contentUrl\":\"https:\/\/nuevodigitaldeescobar.com.ar\/wp-content\/uploads\/2024\/12\/1-ses-extraordinaria-2024_Mesa-de-trabajo-1-e1734040492796.jpg\",\"width\":640,\"height\":640},{\"@type\":\"BreadcrumbList\",\"@id\":\"https:\/\/nuevodigitaldeescobar.com.ar\/?p=10335#breadcrumb\",\"itemListElement\":[{\"@type\":\"ListItem\",\"position\":1,\"name\":\"Portada\",\"item\":\"https:\/\/nuevodigitaldeescobar.com.ar\/\"},{\"@type\":\"ListItem\",\"position\":2,\"name\":\"HCD: se realizar\u00e1 la Primera Sesi\u00f3n Extraordinaria\"}]},{\"@type\":\"WebSite\",\"@id\":\"https:\/\/nuevodigitaldeescobar.com.ar\/#website\",\"url\":\"https:\/\/nuevodigitaldeescobar.com.ar\/\",\"name\":\"Nuevo Digital de Escobar\",\"description\":\"La vida escobarense. Directora: Rosana Brunner\",\"publisher\":{\"@id\":\"https:\/\/nuevodigitaldeescobar.com.ar\/#organization\"},\"potentialAction\":[{\"@type\":\"SearchAction\",\"target\":{\"@type\":\"EntryPoint\",\"urlTemplate\":\"https:\/\/nuevodigitaldeescobar.com.ar\/?s={search_term_string}\"},\"query-input\":{\"@type\":\"PropertyValueSpecification\",\"valueRequired\":true,\"valueName\":\"search_term_string\"}}],\"inLanguage\":\"es\"},{\"@type\":\"Organization\",\"@id\":\"https:\/\/nuevodigitaldeescobar.com.ar\/#organization\",\"name\":\"Nuevo Digital de Escobar\",\"url\":\"https:\/\/nuevodigitaldeescobar.com.ar\/\",\"logo\":{\"@type\":\"ImageObject\",\"inLanguage\":\"es\",\"@id\":\"https:\/\/nuevodigitaldeescobar.com.ar\/#\/schema\/logo\/image\/\",\"url\":\"https:\/\/nuevodigitaldeescobar.com.ar\/wp-content\/uploads\/2025\/05\/cropped-logo-nuevo2.jpg\",\"contentUrl\":\"https:\/\/nuevodigitaldeescobar.com.ar\/wp-content\/uploads\/2025\/05\/cropped-logo-nuevo2.jpg\",\"width\":305,\"height\":305,\"caption\":\"Nuevo Digital de Escobar\"},\"image\":{\"@id\":\"https:\/\/nuevodigitaldeescobar.com.ar\/#\/schema\/logo\/image\/\"},\"sameAs\":[\"https:\/\/www.facebook.com\/NUEVODigitalDeEscobar\",\"https:\/\/x.com\/nuevodigescobar\",\"https:\/\/www.instagram.com\/nuevodigitaldeescobar\"]},{\"@type\":\"Person\",\"@id\":\"https:\/\/nuevodigitaldeescobar.com.ar\/#\/schema\/person\/035e90a8efe9a80e6eec22656ad6ea4c\",\"name\":\"Redacci\u00f3n\",\"image\":{\"@type\":\"ImageObject\",\"inLanguage\":\"es\",\"@id\":\"https:\/\/nuevodigitaldeescobar.com.ar\/#\/schema\/person\/image\/\",\"url\":\"https:\/\/secure.gravatar.com\/avatar\/8af8f40000c24e9eef3034f2be5998a372bb1389e64b1a4a36b3a7979142220d?s=96&d=mm&r=g\",\"contentUrl\":\"https:\/\/secure.gravatar.com\/avatar\/8af8f40000c24e9eef3034f2be5998a372bb1389e64b1a4a36b3a7979142220d?s=96&d=mm&r=g\",\"caption\":\"Redacci\u00f3n\"},\"sameAs\":[\"http:\/\/nuevodigitaldeescobar.com.ar\"],\"url\":\"https:\/\/nuevodigitaldeescobar.com.ar\/?author=1\"}]}<\/script>\n<!-- \/ Yoast SEO plugin. -->","yoast_head_json":{"title":"HCD: se realizar\u00e1 la Primera Sesi\u00f3n Extraordinaria - Nuevo Digital de Escobar","robots":{"index":"index","follow":"follow","max-snippet":"max-snippet:-1","max-image-preview":"max-image-preview:large","max-video-preview":"max-video-preview:-1"},"canonical":"https:\/\/nuevodigitaldeescobar.com.ar\/?p=10335","og_locale":"es_ES","og_type":"article","og_title":"HCD: se realizar\u00e1 la Primera Sesi\u00f3n Extraordinaria - Nuevo Digital de Escobar","og_description":"Ser\u00e1 este lunes 9 de diciembre, a las 12 horas, en las instalaciones del Honorable Concejo Deliberante de Escobar, ubicado en avenida Eugenia Tapia de [&hellip;]","og_url":"https:\/\/nuevodigitaldeescobar.com.ar\/?p=10335","og_site_name":"Nuevo Digital de Escobar","article_publisher":"https:\/\/www.facebook.com\/NUEVODigitalDeEscobar","article_published_time":"2024-12-08T21:53:39+00:00","article_modified_time":"2024-12-12T21:55:13+00:00","og_image":[{"width":640,"height":640,"url":"https:\/\/nuevodigitaldeescobar.com.ar\/wp-content\/uploads\/2024\/12\/1-ses-extraordinaria-2024_Mesa-de-trabajo-1-e1734040492796.jpg","type":"image\/jpeg"}],"author":"Redacci\u00f3n","twitter_card":"summary_large_image","twitter_creator":"@nuevodigescobar","twitter_site":"@nuevodigescobar","twitter_misc":{"Escrito por":"Redacci\u00f3n","Tiempo de lectura":"4 minutos"},"schema":{"@context":"https:\/\/schema.org","@graph":[{"@type":"Article","@id":"https:\/\/nuevodigitaldeescobar.com.ar\/?p=10335#article","isPartOf":{"@id":"https:\/\/nuevodigitaldeescobar.com.ar\/?p=10335"},"author":{"name":"Redacci\u00f3n","@id":"https:\/\/nuevodigitaldeescobar.com.ar\/#\/schema\/person\/035e90a8efe9a80e6eec22656ad6ea4c"},"headline":"HCD: se realizar\u00e1 la Primera Sesi\u00f3n Extraordinaria","datePublished":"2024-12-08T21:53:39+00:00","dateModified":"2024-12-12T21:55:13+00:00","mainEntityOfPage":{"@id":"https:\/\/nuevodigitaldeescobar.com.ar\/?p=10335"},"wordCount":720,"commentCount":0,"publisher":{"@id":"https:\/\/nuevodigitaldeescobar.com.ar\/#organization"},"image":{"@id":"https:\/\/nuevodigitaldeescobar.com.ar\/?p=10335#primaryimage"},"thumbnailUrl":"https:\/\/nuevodigitaldeescobar.com.ar\/wp-content\/uploads\/2024\/12\/1-ses-extraordinaria-2024_Mesa-de-trabajo-1-e1734040492796.jpg","articleSection":["Legislativas"],"inLanguage":"es","potentialAction":[{"@type":"CommentAction","name":"Comment","target":["https:\/\/nuevodigitaldeescobar.com.ar\/?p=10335#respond"]}]},{"@type":"WebPage","@id":"https:\/\/nuevodigitaldeescobar.com.ar\/?p=10335","url":"https:\/\/nuevodigitaldeescobar.com.ar\/?p=10335","name":"HCD: se realizar\u00e1 la Primera Sesi\u00f3n Extraordinaria - Nuevo Digital de Escobar","isPartOf":{"@id":"https:\/\/nuevodigitaldeescobar.com.ar\/#website"},"primaryImageOfPage":{"@id":"https:\/\/nuevodigitaldeescobar.com.ar\/?p=10335#primaryimage"},"image":{"@id":"https:\/\/nuevodigitaldeescobar.com.ar\/?p=10335#primaryimage"},"thumbnailUrl":"https:\/\/nuevodigitaldeescobar.com.ar\/wp-content\/uploads\/2024\/12\/1-ses-extraordinaria-2024_Mesa-de-trabajo-1-e1734040492796.jpg","datePublished":"2024-12-08T21:53:39+00:00","dateModified":"2024-12-12T21:55:13+00:00","breadcrumb":{"@id":"https:\/\/nuevodigitaldeescobar.com.ar\/?p=10335#breadcrumb"},"inLanguage":"es","potentialAction":[{"@type":"ReadAction","target":["https:\/\/nuevodigitaldeescobar.com.ar\/?p=10335"]}]},{"@type":"ImageObject","inLanguage":"es","@id":"https:\/\/nuevodigitaldeescobar.com.ar\/?p=10335#primaryimage","url":"https:\/\/nuevodigitaldeescobar.com.ar\/wp-content\/uploads\/2024\/12\/1-ses-extraordinaria-2024_Mesa-de-trabajo-1-e1734040492796.jpg","contentUrl":"https:\/\/nuevodigitaldeescobar.com.ar\/wp-content\/uploads\/2024\/12\/1-ses-extraordinaria-2024_Mesa-de-trabajo-1-e1734040492796.jpg","width":640,"height":640},{"@type":"BreadcrumbList","@id":"https:\/\/nuevodigitaldeescobar.com.ar\/?p=10335#breadcrumb","itemListElement":[{"@type":"ListItem","position":1,"name":"Portada","item":"https:\/\/nuevodigitaldeescobar.com.ar\/"},{"@type":"ListItem","position":2,"name":"HCD: se realizar\u00e1 la Primera Sesi\u00f3n Extraordinaria"}]},{"@type":"WebSite","@id":"https:\/\/nuevodigitaldeescobar.com.ar\/#website","url":"https:\/\/nuevodigitaldeescobar.com.ar\/","name":"Nuevo Digital de Escobar","description":"La vida escobarense. Directora: Rosana Brunner","publisher":{"@id":"https:\/\/nuevodigitaldeescobar.com.ar\/#organization"},"potentialAction":[{"@type":"SearchAction","target":{"@type":"EntryPoint","urlTemplate":"https:\/\/nuevodigitaldeescobar.com.ar\/?s={search_term_string}"},"query-input":{"@type":"PropertyValueSpecification","valueRequired":true,"valueName":"search_term_string"}}],"inLanguage":"es"},{"@type":"Organization","@id":"https:\/\/nuevodigitaldeescobar.com.ar\/#organization","name":"Nuevo Digital de Escobar","url":"https:\/\/nuevodigitaldeescobar.com.ar\/","logo":{"@type":"ImageObject","inLanguage":"es","@id":"https:\/\/nuevodigitaldeescobar.com.ar\/#\/schema\/logo\/image\/","url":"https:\/\/nuevodigitaldeescobar.com.ar\/wp-content\/uploads\/2025\/05\/cropped-logo-nuevo2.jpg","contentUrl":"https:\/\/nuevodigitaldeescobar.com.ar\/wp-content\/uploads\/2025\/05\/cropped-logo-nuevo2.jpg","width":305,"height":305,"caption":"Nuevo Digital de Escobar"},"image":{"@id":"https:\/\/nuevodigitaldeescobar.com.ar\/#\/schema\/logo\/image\/"},"sameAs":["https:\/\/www.facebook.com\/NUEVODigitalDeEscobar","https:\/\/x.com\/nuevodigescobar","https:\/\/www.instagram.com\/nuevodigitaldeescobar"]},{"@type":"Person","@id":"https:\/\/nuevodigitaldeescobar.com.ar\/#\/schema\/person\/035e90a8efe9a80e6eec22656ad6ea4c","name":"Redacci\u00f3n","image":{"@type":"ImageObject","inLanguage":"es","@id":"https:\/\/nuevodigitaldeescobar.com.ar\/#\/schema\/person\/image\/","url":"https:\/\/secure.gravatar.com\/avatar\/8af8f40000c24e9eef3034f2be5998a372bb1389e64b1a4a36b3a7979142220d?s=96&d=mm&r=g","contentUrl":"https:\/\/secure.gravatar.com\/avatar\/8af8f40000c24e9eef3034f2be5998a372bb1389e64b1a4a36b3a7979142220d?s=96&d=mm&r=g","caption":"Redacci\u00f3n"},"sameAs":["http:\/\/nuevodigitaldeescobar.com.ar"],"url":"https:\/\/nuevodigitaldeescobar.com.ar\/?author=1"}]}},"featured_image_urls":{"full":["https:\/\/nuevodigitaldeescobar.com.ar\/wp-content\/uploads\/2024\/12\/1-ses-extraordinaria-2024_Mesa-de-trabajo-1-e1734040492796.jpg",640,640,false],"thumbnail":["https:\/\/nuevodigitaldeescobar.com.ar\/wp-content\/uploads\/2024\/12\/1-ses-extraordinaria-2024_Mesa-de-trabajo-1-150x150.jpg",150,150,true],"medium":["https:\/\/nuevodigitaldeescobar.com.ar\/wp-content\/uploads\/2024\/12\/1-ses-extraordinaria-2024_Mesa-de-trabajo-1-300x300.jpg",300,300,true],"medium_large":["https:\/\/nuevodigitaldeescobar.com.ar\/wp-content\/uploads\/2024\/12\/1-ses-extraordinaria-2024_Mesa-de-trabajo-1-768x768.jpg",640,640,true],"large":["https:\/\/nuevodigitaldeescobar.com.ar\/wp-content\/uploads\/2024\/12\/1-ses-extraordinaria-2024_Mesa-de-trabajo-1-1024x1024.jpg",640,640,true],"1536x1536":["https:\/\/nuevodigitaldeescobar.com.ar\/wp-content\/uploads\/2024\/12\/1-ses-extraordinaria-2024_Mesa-de-trabajo-1-e1734040492796.jpg",640,640,false],"2048x2048":["https:\/\/nuevodigitaldeescobar.com.ar\/wp-content\/uploads\/2024\/12\/1-ses-extraordinaria-2024_Mesa-de-trabajo-1-e1734040492796.jpg",640,640,false]},"author_info":{"display_name":"Redacci\u00f3n","author_link":"https:\/\/nuevodigitaldeescobar.com.ar\/?author=1"},"category_info":"<a href=\"https:\/\/nuevodigitaldeescobar.com.ar\/?cat=12\" rel=\"category\">Legislativas<\/a>","tag_info":"Legislativas","comment_count":"0","_links":{"self":[{"href":"https:\/\/nuevodigitaldeescobar.com.ar\/index.php?rest_route=\/wp\/v2\/posts\/10335","targetHints":{"allow":["GET"]}}],"collection":[{"href":"https:\/\/nuevodigitaldeescobar.com.ar\/index.php?rest_route=\/wp\/v2\/posts"}],"about":[{"href":"https:\/\/nuevodigitaldeescobar.com.ar\/index.php?rest_route=\/wp\/v2\/types\/post"}],"author":[{"embeddable":true,"href":"https:\/\/nuevodigitaldeescobar.com.ar\/index.php?rest_route=\/wp\/v2\/users\/1"}],"replies":[{"embeddable":true,"href":"https:\/\/nuevodigitaldeescobar.com.ar\/index.php?rest_route=%2Fwp%2Fv2%2Fcomments&post=10335"}],"version-history":[{"count":1,"href":"https:\/\/nuevodigitaldeescobar.com.ar\/index.php?rest_route=\/wp\/v2\/posts\/10335\/revisions"}],"predecessor-version":[{"id":10337,"href":"https:\/\/nuevodigitaldeescobar.com.ar\/index.php?rest_route=\/wp\/v2\/posts\/10335\/revisions\/10337"}],"wp:featuredmedia":[{"embeddable":true,"href":"https:\/\/nuevodigitaldeescobar.com.ar\/index.php?rest_route=\/wp\/v2\/media\/10336"}],"wp:attachment":[{"href":"https:\/\/nuevodigitaldeescobar.com.ar\/index.php?rest_route=%2Fwp%2Fv2%2Fmedia&parent=10335"}],"wp:term":[{"taxonomy":"category","embeddable":true,"href":"https:\/\/nuevodigitaldeescobar.com.ar\/index.php?rest_route=%2Fwp%2Fv2%2Fcategories&post=10335"},{"taxonomy":"post_tag","embeddable":true,"href":"https:\/\/nuevodigitaldeescobar.com.ar\/index.php?rest_route=%2Fwp%2Fv2%2Ftags&post=10335"}],"curies":[{"name":"wp","href":"https:\/\/api.w.org\/{rel}","templated":true}]}}