{"id":10402,"date":"2024-12-15T07:03:00","date_gmt":"2024-12-15T10:03:00","guid":{"rendered":"https:\/\/nuevodigitaldeescobar.com.ar\/?p=10402"},"modified":"2024-12-14T21:07:24","modified_gmt":"2024-12-15T00:07:24","slug":"imputaron-al-padre-de-sofia-delgado-por-abuso-sexual-contra-ella-y-su-hermana-durante-la-infancia","status":"publish","type":"post","link":"https:\/\/nuevodigitaldeescobar.com.ar\/?p=10402","title":{"rendered":"Imputaron al padre de Sof\u00eda Delgado por abuso sexual contra ella y su hermana durante la infancia"},"content":{"rendered":"<p><strong><span style=\"color: #003366;\"><em>Esteban Ram\u00f3n Delgado, padre de Sof\u00eda Micaela Delgado \u2014la joven de 20 a\u00f1os asesinada tras su desaparici\u00f3n el 30 de octubre en San Lorenzo\u2014, fue imputado este viernes en los tribunales provinciales de San Lorenzo por los abusos sexuales cometidos contra sus hijas cuando eran ni\u00f1as.<\/em><\/span><\/strong><!--more--><\/p>\n\n\n<p>El fiscal <strong>Maximiliano Nicosia Herrero<\/strong> present\u00f3 cargos contra Delgado por el delito de<strong> <em>abuso sexual gravemente ultrajante<\/em><\/strong>, agravado por su condici\u00f3n de ascendiente y la convivencia preexistente, adem\u00e1s de corrupci\u00f3n de menores. Seg\u00fan la acusaci\u00f3n, los ataques hacia Sof\u00eda ocurrieron desde que ten\u00eda 10 hasta los 13 a\u00f1os, mientras que a su hermana Lourdes la someti\u00f3 entre los 9 y los 13 a\u00f1os. El juez <strong>Ariel Catt\u00e1neo<\/strong> dispuso prisi\u00f3n preventiva efectiva para el imputado.<\/p>\n\n\n<p><\/p>\n<h3 class=\"wp-block-heading\"><strong><span style=\"color: #003366;\">Denuncias previas e intervenci\u00f3n estatal<\/span><\/strong><\/h3>\n<p> <\/p>\n<p>El caso de abuso hab\u00eda sido denunciado por Sof\u00eda el <strong>23 de diciembre de 2022<\/strong> ante el \u00c1rea de Violencia de G\u00e9nero. Previamente, en 2021, la Secretar\u00eda de Ni\u00f1ez hab\u00eda intervenido para que Sof\u00eda y Lourdes se mudaran lejos de sus padres, dictando adem\u00e1s una orden judicial de prohibici\u00f3n de acercamiento para ambos progenitores.<\/p>\n<p><\/p>\n\n\n<p>Sin embargo, seg\u00fan el fiscal, no se hab\u00edan acumulado suficientes pruebas para imputar a Delgado hasta despu\u00e9s del asesinato de Sof\u00eda. <em>\u00abNunca se desestim\u00f3 la investigaci\u00f3n, pero necesit\u00e1bamos elementos ampliatorios que ahora logramos reunir con nuevos testimonios y evidencias\u00bb<\/em>, explic\u00f3.<\/p>\n\n\n<p><\/p>\n<h3 class=\"wp-block-heading\"><strong><span style=\"color: #003366;\">Un contexto de violencia sistem\u00e1tica<\/span><\/strong><\/h3>\n<p> <\/p>\n<p>Las declaraciones obtenidas tras el femicidio de Sof\u00eda ayudaron a reconstruir un contexto familiar marcado por el maltrato, la violencia y los abusos. El fiscal relat\u00f3 que Sof\u00eda incluso intent\u00f3 suicidarse y padeci\u00f3 serios problemas de salud mental a ra\u00edz de los ataques sufridos.<\/p>\n<p><\/p>\n\n\n<p>Aunque inicialmente se se\u00f1al\u00f3 que la madre de las v\u00edctimas, <strong>Claudina<\/strong>, tambi\u00e9n viv\u00eda bajo un contexto de violencia de g\u00e9nero, los abogados querellantes <strong>Mar\u00eda Laura Maderna<\/strong> y <strong>Gabriel Filippini<\/strong> afirmaron que esta tuvo <em>\u00abuna participaci\u00f3n activa en los abusos\u00bb<\/em> y estaba al tanto de las agresiones sufridas por sus hijas.<\/p>\n\n\n\n<p>Adem\u00e1s, no se descarta la imputaci\u00f3n de otro integrante de la familia, tras la aparici\u00f3n de nuevas denuncias en redes sociales que podr\u00edan vincular a otro pariente con los ataques.<\/p>\n\n\n<p><\/p>\n<h3 class=\"wp-block-heading\"><span style=\"color: #003366;\"><strong>Un caso conmocionante<\/strong><\/span><\/h3>\n<p> <\/p>\n<p>El femicidio de Sof\u00eda Delgado, cuyo cuerpo apareci\u00f3 el 15 de noviembre en un camino rural de Ricardone, destap\u00f3 una compleja trama de abusos y maltratos sufridos por ella y su hermana desde la ni\u00f1ez. La joven hab\u00eda denunciado los hechos un a\u00f1o antes de su muerte, pero las medidas judiciales no fueron suficientes para evitar la tragedia.<\/p>\n<p><\/p>\n\n\n<p>La investigaci\u00f3n contin\u00faa, mientras la justicia busca esclarecer tanto el grado de responsabilidad del padre en los abusos como la posible complicidad de otros familiares.<\/p>\n\n\n\n<p><em>(Fuente: Infobae)<\/em><\/p>\n","protected":false},"excerpt":{"rendered":"<p>Esteban Ram\u00f3n Delgado, padre de Sof\u00eda Micaela Delgado \u2014la joven de 20 a\u00f1os asesinada tras su desaparici\u00f3n el 30 de octubre en San Lorenzo\u2014, fue [&hellip;]<\/p>\n","protected":false},"author":1,"featured_media":10403,"comment_status":"open","ping_status":"open","sticky":false,"template":"","format":"standard","meta":{"footnotes":""},"categories":[235,13],"tags":[],"class_list":["post-10402","post","type-post","status-publish","format-standard","has-post-thumbnail","hentry","category-judiciales","category-policiales"],"better_featured_image":{"id":10403,"alt_text":"","caption":"","description":"","media_type":"image","media_details":{"width":775,"height":865,"file":"2024\/12\/sofdel543.png","filesize":1567241,"sizes":{"medium":{"file":"sofdel543-269x300.png","width":269,"height":300,"mime-type":"image\/png","filesize":137444,"source_url":"https:\/\/nuevodigitaldeescobar.com.ar\/wp-content\/uploads\/2024\/12\/sofdel543-269x300.png"},"thumbnail":{"file":"sofdel543-150x150.png","width":150,"height":150,"mime-type":"image\/png","filesize":43606,"source_url":"https:\/\/nuevodigitaldeescobar.com.ar\/wp-content\/uploads\/2024\/12\/sofdel543-150x150.png"},"medium_large":{"file":"sofdel543-768x857.png","width":768,"height":857,"mime-type":"image\/png","filesize":960531,"source_url":"https:\/\/nuevodigitaldeescobar.com.ar\/wp-content\/uploads\/2024\/12\/sofdel543-768x857.png"}},"image_meta":{"aperture":"0","credit":"","camera":"","caption":"","created_timestamp":"0","copyright":"","focal_length":"0","iso":"0","shutter_speed":"0","title":"","orientation":"0","keywords":[]}},"post":10402,"source_url":"https:\/\/nuevodigitaldeescobar.com.ar\/wp-content\/uploads\/2024\/12\/sofdel543.png"},"yoast_head":"<!-- This site is optimized with the Yoast SEO plugin v26.1.1 - https:\/\/yoast.com\/wordpress\/plugins\/seo\/ -->\n<title>Imputaron al padre de Sof\u00eda Delgado por abuso sexual contra ella y su hermana durante la infancia - Nuevo Digital de Escobar<\/title>\n<meta name=\"robots\" content=\"index, follow, max-snippet:-1, max-image-preview:large, max-video-preview:-1\" \/>\n<link rel=\"canonical\" href=\"https:\/\/nuevodigitaldeescobar.com.ar\/?p=10402\" \/>\n<meta property=\"og:locale\" content=\"es_ES\" \/>\n<meta property=\"og:type\" content=\"article\" \/>\n<meta property=\"og:title\" content=\"Imputaron al padre de Sof\u00eda Delgado por abuso sexual contra ella y su hermana durante la infancia - Nuevo Digital de Escobar\" \/>\n<meta property=\"og:description\" content=\"Esteban Ram\u00f3n Delgado, padre de Sof\u00eda Micaela Delgado \u2014la joven de 20 a\u00f1os asesinada tras su desaparici\u00f3n el 30 de octubre en San Lorenzo\u2014, fue [&hellip;]\" \/>\n<meta property=\"og:url\" content=\"https:\/\/nuevodigitaldeescobar.com.ar\/?p=10402\" \/>\n<meta property=\"og:site_name\" content=\"Nuevo Digital de Escobar\" \/>\n<meta property=\"article:publisher\" content=\"https:\/\/www.facebook.com\/NUEVODigitalDeEscobar\" \/>\n<meta property=\"article:published_time\" content=\"2024-12-15T10:03:00+00:00\" \/>\n<meta property=\"og:image\" content=\"https:\/\/nuevodigitaldeescobar.com.ar\/wp-content\/uploads\/2024\/12\/sofdel543.png\" \/>\n\t<meta property=\"og:image:width\" content=\"775\" \/>\n\t<meta property=\"og:image:height\" content=\"865\" \/>\n\t<meta property=\"og:image:type\" content=\"image\/png\" \/>\n<meta name=\"author\" content=\"Redacci\u00f3n\" \/>\n<meta name=\"twitter:card\" content=\"summary_large_image\" \/>\n<meta name=\"twitter:creator\" content=\"@nuevodigescobar\" \/>\n<meta name=\"twitter:site\" content=\"@nuevodigescobar\" \/>\n<meta name=\"twitter:label1\" content=\"Escrito por\" \/>\n\t<meta name=\"twitter:data1\" content=\"Redacci\u00f3n\" \/>\n\t<meta name=\"twitter:label2\" content=\"Tiempo de lectura\" \/>\n\t<meta name=\"twitter:data2\" content=\"2 minutos\" \/>\n<script type=\"application\/ld+json\" class=\"yoast-schema-graph\">{\"@context\":\"https:\/\/schema.org\",\"@graph\":[{\"@type\":\"Article\",\"@id\":\"https:\/\/nuevodigitaldeescobar.com.ar\/?p=10402#article\",\"isPartOf\":{\"@id\":\"https:\/\/nuevodigitaldeescobar.com.ar\/?p=10402\"},\"author\":{\"name\":\"Redacci\u00f3n\",\"@id\":\"https:\/\/nuevodigitaldeescobar.com.ar\/#\/schema\/person\/035e90a8efe9a80e6eec22656ad6ea4c\"},\"headline\":\"Imputaron al padre de Sof\u00eda Delgado por abuso sexual contra ella y su hermana durante la infancia\",\"datePublished\":\"2024-12-15T10:03:00+00:00\",\"mainEntityOfPage\":{\"@id\":\"https:\/\/nuevodigitaldeescobar.com.ar\/?p=10402\"},\"wordCount\":497,\"commentCount\":0,\"publisher\":{\"@id\":\"https:\/\/nuevodigitaldeescobar.com.ar\/#organization\"},\"image\":{\"@id\":\"https:\/\/nuevodigitaldeescobar.com.ar\/?p=10402#primaryimage\"},\"thumbnailUrl\":\"https:\/\/nuevodigitaldeescobar.com.ar\/wp-content\/uploads\/2024\/12\/sofdel543.png\",\"articleSection\":[\"Judiciales\",\"Policiales\"],\"inLanguage\":\"es\",\"potentialAction\":[{\"@type\":\"CommentAction\",\"name\":\"Comment\",\"target\":[\"https:\/\/nuevodigitaldeescobar.com.ar\/?p=10402#respond\"]}]},{\"@type\":\"WebPage\",\"@id\":\"https:\/\/nuevodigitaldeescobar.com.ar\/?p=10402\",\"url\":\"https:\/\/nuevodigitaldeescobar.com.ar\/?p=10402\",\"name\":\"Imputaron al padre de Sof\u00eda Delgado por abuso sexual contra ella y su hermana durante la infancia - Nuevo Digital de Escobar\",\"isPartOf\":{\"@id\":\"https:\/\/nuevodigitaldeescobar.com.ar\/#website\"},\"primaryImageOfPage\":{\"@id\":\"https:\/\/nuevodigitaldeescobar.com.ar\/?p=10402#primaryimage\"},\"image\":{\"@id\":\"https:\/\/nuevodigitaldeescobar.com.ar\/?p=10402#primaryimage\"},\"thumbnailUrl\":\"https:\/\/nuevodigitaldeescobar.com.ar\/wp-content\/uploads\/2024\/12\/sofdel543.png\",\"datePublished\":\"2024-12-15T10:03:00+00:00\",\"breadcrumb\":{\"@id\":\"https:\/\/nuevodigitaldeescobar.com.ar\/?p=10402#breadcrumb\"},\"inLanguage\":\"es\",\"potentialAction\":[{\"@type\":\"ReadAction\",\"target\":[\"https:\/\/nuevodigitaldeescobar.com.ar\/?p=10402\"]}]},{\"@type\":\"ImageObject\",\"inLanguage\":\"es\",\"@id\":\"https:\/\/nuevodigitaldeescobar.com.ar\/?p=10402#primaryimage\",\"url\":\"https:\/\/nuevodigitaldeescobar.com.ar\/wp-content\/uploads\/2024\/12\/sofdel543.png\",\"contentUrl\":\"https:\/\/nuevodigitaldeescobar.com.ar\/wp-content\/uploads\/2024\/12\/sofdel543.png\",\"width\":775,\"height\":865},{\"@type\":\"BreadcrumbList\",\"@id\":\"https:\/\/nuevodigitaldeescobar.com.ar\/?p=10402#breadcrumb\",\"itemListElement\":[{\"@type\":\"ListItem\",\"position\":1,\"name\":\"Portada\",\"item\":\"https:\/\/nuevodigitaldeescobar.com.ar\/\"},{\"@type\":\"ListItem\",\"position\":2,\"name\":\"Imputaron al padre de Sof\u00eda Delgado por abuso sexual contra ella y su hermana durante la infancia\"}]},{\"@type\":\"WebSite\",\"@id\":\"https:\/\/nuevodigitaldeescobar.com.ar\/#website\",\"url\":\"https:\/\/nuevodigitaldeescobar.com.ar\/\",\"name\":\"Nuevo Digital de Escobar\",\"description\":\"La vida escobarense. Directora: Rosana Brunner\",\"publisher\":{\"@id\":\"https:\/\/nuevodigitaldeescobar.com.ar\/#organization\"},\"potentialAction\":[{\"@type\":\"SearchAction\",\"target\":{\"@type\":\"EntryPoint\",\"urlTemplate\":\"https:\/\/nuevodigitaldeescobar.com.ar\/?s={search_term_string}\"},\"query-input\":{\"@type\":\"PropertyValueSpecification\",\"valueRequired\":true,\"valueName\":\"search_term_string\"}}],\"inLanguage\":\"es\"},{\"@type\":\"Organization\",\"@id\":\"https:\/\/nuevodigitaldeescobar.com.ar\/#organization\",\"name\":\"Nuevo Digital de Escobar\",\"url\":\"https:\/\/nuevodigitaldeescobar.com.ar\/\",\"logo\":{\"@type\":\"ImageObject\",\"inLanguage\":\"es\",\"@id\":\"https:\/\/nuevodigitaldeescobar.com.ar\/#\/schema\/logo\/image\/\",\"url\":\"https:\/\/nuevodigitaldeescobar.com.ar\/wp-content\/uploads\/2025\/05\/cropped-logo-nuevo2.jpg\",\"contentUrl\":\"https:\/\/nuevodigitaldeescobar.com.ar\/wp-content\/uploads\/2025\/05\/cropped-logo-nuevo2.jpg\",\"width\":305,\"height\":305,\"caption\":\"Nuevo Digital de Escobar\"},\"image\":{\"@id\":\"https:\/\/nuevodigitaldeescobar.com.ar\/#\/schema\/logo\/image\/\"},\"sameAs\":[\"https:\/\/www.facebook.com\/NUEVODigitalDeEscobar\",\"https:\/\/x.com\/nuevodigescobar\",\"https:\/\/www.instagram.com\/nuevodigitaldeescobar\"]},{\"@type\":\"Person\",\"@id\":\"https:\/\/nuevodigitaldeescobar.com.ar\/#\/schema\/person\/035e90a8efe9a80e6eec22656ad6ea4c\",\"name\":\"Redacci\u00f3n\",\"image\":{\"@type\":\"ImageObject\",\"inLanguage\":\"es\",\"@id\":\"https:\/\/nuevodigitaldeescobar.com.ar\/#\/schema\/person\/image\/\",\"url\":\"https:\/\/secure.gravatar.com\/avatar\/8af8f40000c24e9eef3034f2be5998a372bb1389e64b1a4a36b3a7979142220d?s=96&d=mm&r=g\",\"contentUrl\":\"https:\/\/secure.gravatar.com\/avatar\/8af8f40000c24e9eef3034f2be5998a372bb1389e64b1a4a36b3a7979142220d?s=96&d=mm&r=g\",\"caption\":\"Redacci\u00f3n\"},\"sameAs\":[\"http:\/\/nuevodigitaldeescobar.com.ar\"],\"url\":\"https:\/\/nuevodigitaldeescobar.com.ar\/?author=1\"}]}<\/script>\n<!-- \/ Yoast SEO plugin. -->","yoast_head_json":{"title":"Imputaron al padre de Sof\u00eda Delgado por abuso sexual contra ella y su hermana durante la infancia - Nuevo Digital de Escobar","robots":{"index":"index","follow":"follow","max-snippet":"max-snippet:-1","max-image-preview":"max-image-preview:large","max-video-preview":"max-video-preview:-1"},"canonical":"https:\/\/nuevodigitaldeescobar.com.ar\/?p=10402","og_locale":"es_ES","og_type":"article","og_title":"Imputaron al padre de Sof\u00eda Delgado por abuso sexual contra ella y su hermana durante la infancia - Nuevo Digital de Escobar","og_description":"Esteban Ram\u00f3n Delgado, padre de Sof\u00eda Micaela Delgado \u2014la joven de 20 a\u00f1os asesinada tras su desaparici\u00f3n el 30 de octubre en San Lorenzo\u2014, fue [&hellip;]","og_url":"https:\/\/nuevodigitaldeescobar.com.ar\/?p=10402","og_site_name":"Nuevo Digital de Escobar","article_publisher":"https:\/\/www.facebook.com\/NUEVODigitalDeEscobar","article_published_time":"2024-12-15T10:03:00+00:00","og_image":[{"width":775,"height":865,"url":"https:\/\/nuevodigitaldeescobar.com.ar\/wp-content\/uploads\/2024\/12\/sofdel543.png","type":"image\/png"}],"author":"Redacci\u00f3n","twitter_card":"summary_large_image","twitter_creator":"@nuevodigescobar","twitter_site":"@nuevodigescobar","twitter_misc":{"Escrito por":"Redacci\u00f3n","Tiempo de lectura":"2 minutos"},"schema":{"@context":"https:\/\/schema.org","@graph":[{"@type":"Article","@id":"https:\/\/nuevodigitaldeescobar.com.ar\/?p=10402#article","isPartOf":{"@id":"https:\/\/nuevodigitaldeescobar.com.ar\/?p=10402"},"author":{"name":"Redacci\u00f3n","@id":"https:\/\/nuevodigitaldeescobar.com.ar\/#\/schema\/person\/035e90a8efe9a80e6eec22656ad6ea4c"},"headline":"Imputaron al padre de Sof\u00eda Delgado por abuso sexual contra ella y su hermana durante la infancia","datePublished":"2024-12-15T10:03:00+00:00","mainEntityOfPage":{"@id":"https:\/\/nuevodigitaldeescobar.com.ar\/?p=10402"},"wordCount":497,"commentCount":0,"publisher":{"@id":"https:\/\/nuevodigitaldeescobar.com.ar\/#organization"},"image":{"@id":"https:\/\/nuevodigitaldeescobar.com.ar\/?p=10402#primaryimage"},"thumbnailUrl":"https:\/\/nuevodigitaldeescobar.com.ar\/wp-content\/uploads\/2024\/12\/sofdel543.png","articleSection":["Judiciales","Policiales"],"inLanguage":"es","potentialAction":[{"@type":"CommentAction","name":"Comment","target":["https:\/\/nuevodigitaldeescobar.com.ar\/?p=10402#respond"]}]},{"@type":"WebPage","@id":"https:\/\/nuevodigitaldeescobar.com.ar\/?p=10402","url":"https:\/\/nuevodigitaldeescobar.com.ar\/?p=10402","name":"Imputaron al padre de Sof\u00eda Delgado por abuso sexual contra ella y su hermana durante la infancia - Nuevo Digital de Escobar","isPartOf":{"@id":"https:\/\/nuevodigitaldeescobar.com.ar\/#website"},"primaryImageOfPage":{"@id":"https:\/\/nuevodigitaldeescobar.com.ar\/?p=10402#primaryimage"},"image":{"@id":"https:\/\/nuevodigitaldeescobar.com.ar\/?p=10402#primaryimage"},"thumbnailUrl":"https:\/\/nuevodigitaldeescobar.com.ar\/wp-content\/uploads\/2024\/12\/sofdel543.png","datePublished":"2024-12-15T10:03:00+00:00","breadcrumb":{"@id":"https:\/\/nuevodigitaldeescobar.com.ar\/?p=10402#breadcrumb"},"inLanguage":"es","potentialAction":[{"@type":"ReadAction","target":["https:\/\/nuevodigitaldeescobar.com.ar\/?p=10402"]}]},{"@type":"ImageObject","inLanguage":"es","@id":"https:\/\/nuevodigitaldeescobar.com.ar\/?p=10402#primaryimage","url":"https:\/\/nuevodigitaldeescobar.com.ar\/wp-content\/uploads\/2024\/12\/sofdel543.png","contentUrl":"https:\/\/nuevodigitaldeescobar.com.ar\/wp-content\/uploads\/2024\/12\/sofdel543.png","width":775,"height":865},{"@type":"BreadcrumbList","@id":"https:\/\/nuevodigitaldeescobar.com.ar\/?p=10402#breadcrumb","itemListElement":[{"@type":"ListItem","position":1,"name":"Portada","item":"https:\/\/nuevodigitaldeescobar.com.ar\/"},{"@type":"ListItem","position":2,"name":"Imputaron al padre de Sof\u00eda Delgado por abuso sexual contra ella y su hermana durante la infancia"}]},{"@type":"WebSite","@id":"https:\/\/nuevodigitaldeescobar.com.ar\/#website","url":"https:\/\/nuevodigitaldeescobar.com.ar\/","name":"Nuevo Digital de Escobar","description":"La vida escobarense. Directora: Rosana Brunner","publisher":{"@id":"https:\/\/nuevodigitaldeescobar.com.ar\/#organization"},"potentialAction":[{"@type":"SearchAction","target":{"@type":"EntryPoint","urlTemplate":"https:\/\/nuevodigitaldeescobar.com.ar\/?s={search_term_string}"},"query-input":{"@type":"PropertyValueSpecification","valueRequired":true,"valueName":"search_term_string"}}],"inLanguage":"es"},{"@type":"Organization","@id":"https:\/\/nuevodigitaldeescobar.com.ar\/#organization","name":"Nuevo Digital de Escobar","url":"https:\/\/nuevodigitaldeescobar.com.ar\/","logo":{"@type":"ImageObject","inLanguage":"es","@id":"https:\/\/nuevodigitaldeescobar.com.ar\/#\/schema\/logo\/image\/","url":"https:\/\/nuevodigitaldeescobar.com.ar\/wp-content\/uploads\/2025\/05\/cropped-logo-nuevo2.jpg","contentUrl":"https:\/\/nuevodigitaldeescobar.com.ar\/wp-content\/uploads\/2025\/05\/cropped-logo-nuevo2.jpg","width":305,"height":305,"caption":"Nuevo Digital de Escobar"},"image":{"@id":"https:\/\/nuevodigitaldeescobar.com.ar\/#\/schema\/logo\/image\/"},"sameAs":["https:\/\/www.facebook.com\/NUEVODigitalDeEscobar","https:\/\/x.com\/nuevodigescobar","https:\/\/www.instagram.com\/nuevodigitaldeescobar"]},{"@type":"Person","@id":"https:\/\/nuevodigitaldeescobar.com.ar\/#\/schema\/person\/035e90a8efe9a80e6eec22656ad6ea4c","name":"Redacci\u00f3n","image":{"@type":"ImageObject","inLanguage":"es","@id":"https:\/\/nuevodigitaldeescobar.com.ar\/#\/schema\/person\/image\/","url":"https:\/\/secure.gravatar.com\/avatar\/8af8f40000c24e9eef3034f2be5998a372bb1389e64b1a4a36b3a7979142220d?s=96&d=mm&r=g","contentUrl":"https:\/\/secure.gravatar.com\/avatar\/8af8f40000c24e9eef3034f2be5998a372bb1389e64b1a4a36b3a7979142220d?s=96&d=mm&r=g","caption":"Redacci\u00f3n"},"sameAs":["http:\/\/nuevodigitaldeescobar.com.ar"],"url":"https:\/\/nuevodigitaldeescobar.com.ar\/?author=1"}]}},"featured_image_urls":{"full":["https:\/\/nuevodigitaldeescobar.com.ar\/wp-content\/uploads\/2024\/12\/sofdel543.png",775,865,false],"thumbnail":["https:\/\/nuevodigitaldeescobar.com.ar\/wp-content\/uploads\/2024\/12\/sofdel543-150x150.png",150,150,true],"medium":["https:\/\/nuevodigitaldeescobar.com.ar\/wp-content\/uploads\/2024\/12\/sofdel543-269x300.png",269,300,true],"medium_large":["https:\/\/nuevodigitaldeescobar.com.ar\/wp-content\/uploads\/2024\/12\/sofdel543-768x857.png",640,714,true],"large":["https:\/\/nuevodigitaldeescobar.com.ar\/wp-content\/uploads\/2024\/12\/sofdel543.png",640,714,false],"1536x1536":["https:\/\/nuevodigitaldeescobar.com.ar\/wp-content\/uploads\/2024\/12\/sofdel543.png",775,865,false],"2048x2048":["https:\/\/nuevodigitaldeescobar.com.ar\/wp-content\/uploads\/2024\/12\/sofdel543.png",775,865,false]},"author_info":{"display_name":"Redacci\u00f3n","author_link":"https:\/\/nuevodigitaldeescobar.com.ar\/?author=1"},"category_info":"<a href=\"https:\/\/nuevodigitaldeescobar.com.ar\/?cat=235\" rel=\"category\">Judiciales<\/a> <a href=\"https:\/\/nuevodigitaldeescobar.com.ar\/?cat=13\" rel=\"category\">Policiales<\/a>","tag_info":"Policiales","comment_count":"0","_links":{"self":[{"href":"https:\/\/nuevodigitaldeescobar.com.ar\/index.php?rest_route=\/wp\/v2\/posts\/10402","targetHints":{"allow":["GET"]}}],"collection":[{"href":"https:\/\/nuevodigitaldeescobar.com.ar\/index.php?rest_route=\/wp\/v2\/posts"}],"about":[{"href":"https:\/\/nuevodigitaldeescobar.com.ar\/index.php?rest_route=\/wp\/v2\/types\/post"}],"author":[{"embeddable":true,"href":"https:\/\/nuevodigitaldeescobar.com.ar\/index.php?rest_route=\/wp\/v2\/users\/1"}],"replies":[{"embeddable":true,"href":"https:\/\/nuevodigitaldeescobar.com.ar\/index.php?rest_route=%2Fwp%2Fv2%2Fcomments&post=10402"}],"version-history":[{"count":1,"href":"https:\/\/nuevodigitaldeescobar.com.ar\/index.php?rest_route=\/wp\/v2\/posts\/10402\/revisions"}],"predecessor-version":[{"id":10404,"href":"https:\/\/nuevodigitaldeescobar.com.ar\/index.php?rest_route=\/wp\/v2\/posts\/10402\/revisions\/10404"}],"wp:featuredmedia":[{"embeddable":true,"href":"https:\/\/nuevodigitaldeescobar.com.ar\/index.php?rest_route=\/wp\/v2\/media\/10403"}],"wp:attachment":[{"href":"https:\/\/nuevodigitaldeescobar.com.ar\/index.php?rest_route=%2Fwp%2Fv2%2Fmedia&parent=10402"}],"wp:term":[{"taxonomy":"category","embeddable":true,"href":"https:\/\/nuevodigitaldeescobar.com.ar\/index.php?rest_route=%2Fwp%2Fv2%2Fcategories&post=10402"},{"taxonomy":"post_tag","embeddable":true,"href":"https:\/\/nuevodigitaldeescobar.com.ar\/index.php?rest_route=%2Fwp%2Fv2%2Ftags&post=10402"}],"curies":[{"name":"wp","href":"https:\/\/api.w.org\/{rel}","templated":true}]}}