{"id":10439,"date":"2024-12-16T19:58:02","date_gmt":"2024-12-16T22:58:02","guid":{"rendered":"https:\/\/nuevodigitaldeescobar.com.ar\/?p=10439"},"modified":"2024-12-16T19:58:06","modified_gmt":"2024-12-16T22:58:06","slug":"maduro-confirmo-el-arresto-del-gendarme-argentino-lo-acusan-de-espionaje-y-terrorismo","status":"publish","type":"post","link":"https:\/\/nuevodigitaldeescobar.com.ar\/?p=10439","title":{"rendered":"Maduro confirm\u00f3 el arresto del gendarme argentino: lo acusan de espionaje y terrorismo"},"content":{"rendered":"<p><span style=\"color: #003366;\"><strong><em>La dictadura venezolana, encabezada por Nicol\u00e1s Maduro, confirm\u00f3 por primera vez la detenci\u00f3n del gendarme argentino Nahuel Gallo, capturado el pasado 8 de diciembre. Durante una transmisi\u00f3n en el canal estatal VTV, el n\u00famero dos del chavismo, Diosdado Cabello, asegur\u00f3 que el r\u00e9gimen mantendr\u00e1 privado de su libertad al oficial, acusado sin pruebas de espionaje y terrorismo.<\/em><\/strong><\/span><!--more--><\/p>\n\n\n<p>Cabello, quien ocupa el cargo de ministro de Interior y Justicia, se refiri\u00f3 a Gallo en t\u00e9rminos despectivos, cuestionando sus motivos para ingresar a Venezuela desde Colombia. <em>\u201c\u00bfQu\u00e9 ven\u00eda a hacer a Venezuela? \u00bfCu\u00e1l era su tarea? Eso no lo dicen\u201d<\/em>, expres\u00f3, insinuando que el gendarme ten\u00eda un prop\u00f3sito oculto. Tambi\u00e9n descart\u00f3 que la visita estuviera vinculada a motivos personales, pese a que Gallo hab\u00eda viajado para encontrarse con su pareja, Alejandra G\u00f3mez, de nacionalidad venezolana.<\/p>\n\n\n\n<p>Durante la exposici\u00f3n televisiva, Cabello vincul\u00f3 la detenci\u00f3n de Gallo con la pol\u00edtica argentina, criticando a figuras como Patricia Bullrich, actual ministra de Seguridad, y al expresidente Alberto Fern\u00e1ndez, a quien tild\u00f3 de <em>\u00abtibio\u00bb<\/em>. Incluso lleg\u00f3 a comparar la situaci\u00f3n del gendarme con una orden judicial que pesa en su contra en Argentina, calificando de <em>\u00abinjustas\u00bb<\/em> las acusaciones en su contra.<\/p>\n\n\n<p><\/p>\n<h3 class=\"wp-block-heading\"><span style=\"color: #003366;\">La versi\u00f3n de la pareja del gendarme<\/span><\/h3>\n<p> <\/p>\n<p>Desde Argentina, Alejandra G\u00f3mez, pareja de Gallo, desminti\u00f3 las acusaciones del r\u00e9gimen venezolano y expres\u00f3 su angustia por la situaci\u00f3n. <em>\u201cNahuel ven\u00eda como un ciudadano m\u00e1s, con todos los papeles en regla. No hay raz\u00f3n para que est\u00e9 pasando esto, m\u00e1s all\u00e1 de que pertenezca a la Gendarmer\u00eda\u201d<\/em>, afirm\u00f3 en di\u00e1logo con medios locales.<\/p>\n<p><\/p>\n\n\n<p>La mujer, quien reside en Argentina hace seis a\u00f1os junto al hijo de ambos, relat\u00f3 que la familia est\u00e1 atravesando un momento desesperante: <em>\u201cEstamos viviendo una pesadilla. Esto no era parte de nuestros planes, y no entiendo por qu\u00e9 lo acusan de algo tan grave\u201d<\/em>.<\/p>\n\n\n\n<figure class=\"wp-block-video\"><video controls src=\"https:\/\/nuevodigitaldeescobar.com.ar\/wp-content\/uploads\/2024\/12\/El-regimen-de-Maduro-confirmo-el-secuestro-del-gendarme-argentin.mp4\"><\/video><figcaption class=\"wp-element-caption\"><em>Video extra\u00eddo de TN en vivo<\/em> (YouTube)<\/figcaption><\/figure>\n\n\n<p><\/p>\n<h3 class=\"wp-block-heading\"><span style=\"color: #003366;\">Sin pruebas, el r\u00e9gimen mantiene su postura<\/span><\/h3>\n<p> <\/p>\n<p>El r\u00e9gimen chavista sostiene que Gallo <em>\u201cven\u00eda a cumplir una misi\u00f3n\u201d<\/em>, pero no ha presentado pruebas que respalden la acusaci\u00f3n de espionaje. A su vez, Cabello felicit\u00f3 a las fuerzas de seguridad venezolanas por la detenci\u00f3n y asegur\u00f3 que la justicia de su pa\u00eds se encargar\u00e1 del caso.<\/p>\n<p><\/p>\n\n\n<p><em>\u201cEst\u00e1 en manos de la Justicia. Aqu\u00ed hay una Justicia que funciona de verdad\u201d<\/em>, dijo Cabello, quien tambi\u00e9n responsabiliz\u00f3 a la canciller\u00eda argentina por la falta de relaciones diplom\u00e1ticas plenas entre ambos pa\u00edses, lo que, seg\u00fan \u00e9l, complica las negociaciones.<\/p>\n\n\n<p><\/p>\n<h3 class=\"wp-block-heading\"><span style=\"color: #003366;\">Contexto pol\u00edtico y tensiones bilaterales<\/span><\/h3>\n<p> <\/p>\n<p>La detenci\u00f3n del gendarme ocurre en un contexto de tensiones entre ambos pa\u00edses. Cabello aprovech\u00f3 para criticar al actual gobierno argentino y a su presidenta, Patricia Bullrich, por sus declaraciones sobre el caso. La ministra hab\u00eda calificado la situaci\u00f3n como una violaci\u00f3n de derechos y un acto arbitrario. <em>\u201cLa fascista Patricia Bullrich dijo que esto era causa de guerra. Bueno, declarele la guerra a Inglaterra que les rob\u00f3 las Malvinas. \u00bfEso no es causa de guerra?\u201d<\/em>, ironiz\u00f3 el funcionario chavista.<\/p>\n<p><\/p>\n\n\n<p>Por el momento, el gobierno argentino no ha emitido un comunicado oficial sobre las acusaciones ni ha informado sobre posibles gestiones diplom\u00e1ticas para garantizar el retorno de Gallo a su pa\u00eds. Mientras tanto, la familia del gendarme espera por una resoluci\u00f3n r\u00e1pida que ponga fin a esta crisis.<\/p>\n","protected":false},"excerpt":{"rendered":"<p>La dictadura venezolana, encabezada por Nicol\u00e1s Maduro, confirm\u00f3 por primera vez la detenci\u00f3n del gendarme argentino Nahuel Gallo, capturado el pasado 8 de diciembre. Durante [&hellip;]<\/p>\n","protected":false},"author":1,"featured_media":10441,"comment_status":"open","ping_status":"open","sticky":false,"template":"","format":"standard","meta":{"footnotes":""},"categories":[285],"tags":[],"class_list":["post-10439","post","type-post","status-publish","format-standard","has-post-thumbnail","hentry","category-internacionales"],"better_featured_image":{"id":10441,"alt_text":"","caption":"","description":"","media_type":"image","media_details":{"width":800,"height":315,"file":"2024\/12\/madnicdiosd234-e1734389804454.png","filesize":1012332,"sizes":{"medium":{"file":"madnicdiosd234-300x118.png","width":300,"height":118,"mime-type":"image\/png","filesize":59219,"source_url":"https:\/\/nuevodigitaldeescobar.com.ar\/wp-content\/uploads\/2024\/12\/madnicdiosd234-300x118.png"},"large":{"file":"madnicdiosd234-1024x403.png","width":1024,"height":403,"mime-type":"image\/png","filesize":523430,"source_url":"https:\/\/nuevodigitaldeescobar.com.ar\/wp-content\/uploads\/2024\/12\/madnicdiosd234-1024x403.png"},"thumbnail":{"file":"madnicdiosd234-150x150.png","width":150,"height":150,"mime-type":"image\/png","filesize":34058,"source_url":"https:\/\/nuevodigitaldeescobar.com.ar\/wp-content\/uploads\/2024\/12\/madnicdiosd234-150x150.png"},"medium_large":{"file":"madnicdiosd234-768x302.png","width":768,"height":302,"mime-type":"image\/png","filesize":310382,"source_url":"https:\/\/nuevodigitaldeescobar.com.ar\/wp-content\/uploads\/2024\/12\/madnicdiosd234-768x302.png"}},"image_meta":{"aperture":"0","credit":"","camera":"","caption":"","created_timestamp":"0","copyright":"","focal_length":"0","iso":"0","shutter_speed":"0","title":"","orientation":"0","keywords":[]}},"post":10439,"source_url":"https:\/\/nuevodigitaldeescobar.com.ar\/wp-content\/uploads\/2024\/12\/madnicdiosd234-e1734389804454.png"},"yoast_head":"<!-- This site is optimized with the Yoast SEO plugin v26.1.1 - https:\/\/yoast.com\/wordpress\/plugins\/seo\/ -->\n<title>Maduro confirm\u00f3 el arresto del gendarme argentino: lo acusan de espionaje y terrorismo - Nuevo Digital de Escobar<\/title>\n<meta name=\"robots\" content=\"index, follow, max-snippet:-1, max-image-preview:large, max-video-preview:-1\" \/>\n<link rel=\"canonical\" href=\"https:\/\/nuevodigitaldeescobar.com.ar\/?p=10439\" \/>\n<meta property=\"og:locale\" content=\"es_ES\" \/>\n<meta property=\"og:type\" content=\"article\" \/>\n<meta property=\"og:title\" content=\"Maduro confirm\u00f3 el arresto del gendarme argentino: lo acusan de espionaje y terrorismo - Nuevo Digital de Escobar\" \/>\n<meta property=\"og:description\" content=\"La dictadura venezolana, encabezada por Nicol\u00e1s Maduro, confirm\u00f3 por primera vez la detenci\u00f3n del gendarme argentino Nahuel Gallo, capturado el pasado 8 de diciembre. Durante [&hellip;]\" \/>\n<meta property=\"og:url\" content=\"https:\/\/nuevodigitaldeescobar.com.ar\/?p=10439\" \/>\n<meta property=\"og:site_name\" content=\"Nuevo Digital de Escobar\" \/>\n<meta property=\"article:publisher\" content=\"https:\/\/www.facebook.com\/NUEVODigitalDeEscobar\" \/>\n<meta property=\"article:published_time\" content=\"2024-12-16T22:58:02+00:00\" \/>\n<meta property=\"article:modified_time\" content=\"2024-12-16T22:58:06+00:00\" \/>\n<meta property=\"og:image\" content=\"https:\/\/nuevodigitaldeescobar.com.ar\/wp-content\/uploads\/2024\/12\/madnicdiosd234-e1734389804454.png\" \/>\n\t<meta property=\"og:image:width\" content=\"800\" \/>\n\t<meta property=\"og:image:height\" content=\"315\" \/>\n\t<meta property=\"og:image:type\" content=\"image\/png\" \/>\n<meta name=\"author\" content=\"Redacci\u00f3n\" \/>\n<meta name=\"twitter:card\" content=\"summary_large_image\" \/>\n<meta name=\"twitter:creator\" content=\"@nuevodigescobar\" \/>\n<meta name=\"twitter:site\" content=\"@nuevodigescobar\" \/>\n<meta name=\"twitter:label1\" content=\"Escrito por\" \/>\n\t<meta name=\"twitter:data1\" content=\"Redacci\u00f3n\" \/>\n\t<meta name=\"twitter:label2\" content=\"Tiempo de lectura\" \/>\n\t<meta name=\"twitter:data2\" content=\"3 minutos\" \/>\n<script type=\"application\/ld+json\" class=\"yoast-schema-graph\">{\"@context\":\"https:\/\/schema.org\",\"@graph\":[{\"@type\":\"Article\",\"@id\":\"https:\/\/nuevodigitaldeescobar.com.ar\/?p=10439#article\",\"isPartOf\":{\"@id\":\"https:\/\/nuevodigitaldeescobar.com.ar\/?p=10439\"},\"author\":{\"name\":\"Redacci\u00f3n\",\"@id\":\"https:\/\/nuevodigitaldeescobar.com.ar\/#\/schema\/person\/035e90a8efe9a80e6eec22656ad6ea4c\"},\"headline\":\"Maduro confirm\u00f3 el arresto del gendarme argentino: lo acusan de espionaje y terrorismo\",\"datePublished\":\"2024-12-16T22:58:02+00:00\",\"dateModified\":\"2024-12-16T22:58:06+00:00\",\"mainEntityOfPage\":{\"@id\":\"https:\/\/nuevodigitaldeescobar.com.ar\/?p=10439\"},\"wordCount\":599,\"commentCount\":0,\"publisher\":{\"@id\":\"https:\/\/nuevodigitaldeescobar.com.ar\/#organization\"},\"image\":{\"@id\":\"https:\/\/nuevodigitaldeescobar.com.ar\/?p=10439#primaryimage\"},\"thumbnailUrl\":\"https:\/\/nuevodigitaldeescobar.com.ar\/wp-content\/uploads\/2024\/12\/madnicdiosd234-e1734389804454.png\",\"articleSection\":[\"Internacionales\"],\"inLanguage\":\"es\",\"potentialAction\":[{\"@type\":\"CommentAction\",\"name\":\"Comment\",\"target\":[\"https:\/\/nuevodigitaldeescobar.com.ar\/?p=10439#respond\"]}]},{\"@type\":\"WebPage\",\"@id\":\"https:\/\/nuevodigitaldeescobar.com.ar\/?p=10439\",\"url\":\"https:\/\/nuevodigitaldeescobar.com.ar\/?p=10439\",\"name\":\"Maduro confirm\u00f3 el arresto del gendarme argentino: lo acusan de espionaje y terrorismo - Nuevo Digital de Escobar\",\"isPartOf\":{\"@id\":\"https:\/\/nuevodigitaldeescobar.com.ar\/#website\"},\"primaryImageOfPage\":{\"@id\":\"https:\/\/nuevodigitaldeescobar.com.ar\/?p=10439#primaryimage\"},\"image\":{\"@id\":\"https:\/\/nuevodigitaldeescobar.com.ar\/?p=10439#primaryimage\"},\"thumbnailUrl\":\"https:\/\/nuevodigitaldeescobar.com.ar\/wp-content\/uploads\/2024\/12\/madnicdiosd234-e1734389804454.png\",\"datePublished\":\"2024-12-16T22:58:02+00:00\",\"dateModified\":\"2024-12-16T22:58:06+00:00\",\"breadcrumb\":{\"@id\":\"https:\/\/nuevodigitaldeescobar.com.ar\/?p=10439#breadcrumb\"},\"inLanguage\":\"es\",\"potentialAction\":[{\"@type\":\"ReadAction\",\"target\":[\"https:\/\/nuevodigitaldeescobar.com.ar\/?p=10439\"]}]},{\"@type\":\"ImageObject\",\"inLanguage\":\"es\",\"@id\":\"https:\/\/nuevodigitaldeescobar.com.ar\/?p=10439#primaryimage\",\"url\":\"https:\/\/nuevodigitaldeescobar.com.ar\/wp-content\/uploads\/2024\/12\/madnicdiosd234-e1734389804454.png\",\"contentUrl\":\"https:\/\/nuevodigitaldeescobar.com.ar\/wp-content\/uploads\/2024\/12\/madnicdiosd234-e1734389804454.png\",\"width\":800,\"height\":315},{\"@type\":\"BreadcrumbList\",\"@id\":\"https:\/\/nuevodigitaldeescobar.com.ar\/?p=10439#breadcrumb\",\"itemListElement\":[{\"@type\":\"ListItem\",\"position\":1,\"name\":\"Portada\",\"item\":\"https:\/\/nuevodigitaldeescobar.com.ar\/\"},{\"@type\":\"ListItem\",\"position\":2,\"name\":\"Maduro confirm\u00f3 el arresto del gendarme argentino: lo acusan de espionaje y terrorismo\"}]},{\"@type\":\"WebSite\",\"@id\":\"https:\/\/nuevodigitaldeescobar.com.ar\/#website\",\"url\":\"https:\/\/nuevodigitaldeescobar.com.ar\/\",\"name\":\"Nuevo Digital de Escobar\",\"description\":\"La vida escobarense. Directora: Rosana Brunner\",\"publisher\":{\"@id\":\"https:\/\/nuevodigitaldeescobar.com.ar\/#organization\"},\"potentialAction\":[{\"@type\":\"SearchAction\",\"target\":{\"@type\":\"EntryPoint\",\"urlTemplate\":\"https:\/\/nuevodigitaldeescobar.com.ar\/?s={search_term_string}\"},\"query-input\":{\"@type\":\"PropertyValueSpecification\",\"valueRequired\":true,\"valueName\":\"search_term_string\"}}],\"inLanguage\":\"es\"},{\"@type\":\"Organization\",\"@id\":\"https:\/\/nuevodigitaldeescobar.com.ar\/#organization\",\"name\":\"Nuevo Digital de Escobar\",\"url\":\"https:\/\/nuevodigitaldeescobar.com.ar\/\",\"logo\":{\"@type\":\"ImageObject\",\"inLanguage\":\"es\",\"@id\":\"https:\/\/nuevodigitaldeescobar.com.ar\/#\/schema\/logo\/image\/\",\"url\":\"https:\/\/nuevodigitaldeescobar.com.ar\/wp-content\/uploads\/2025\/05\/cropped-logo-nuevo2.jpg\",\"contentUrl\":\"https:\/\/nuevodigitaldeescobar.com.ar\/wp-content\/uploads\/2025\/05\/cropped-logo-nuevo2.jpg\",\"width\":305,\"height\":305,\"caption\":\"Nuevo Digital de Escobar\"},\"image\":{\"@id\":\"https:\/\/nuevodigitaldeescobar.com.ar\/#\/schema\/logo\/image\/\"},\"sameAs\":[\"https:\/\/www.facebook.com\/NUEVODigitalDeEscobar\",\"https:\/\/x.com\/nuevodigescobar\",\"https:\/\/www.instagram.com\/nuevodigitaldeescobar\"]},{\"@type\":\"Person\",\"@id\":\"https:\/\/nuevodigitaldeescobar.com.ar\/#\/schema\/person\/035e90a8efe9a80e6eec22656ad6ea4c\",\"name\":\"Redacci\u00f3n\",\"image\":{\"@type\":\"ImageObject\",\"inLanguage\":\"es\",\"@id\":\"https:\/\/nuevodigitaldeescobar.com.ar\/#\/schema\/person\/image\/\",\"url\":\"https:\/\/secure.gravatar.com\/avatar\/8af8f40000c24e9eef3034f2be5998a372bb1389e64b1a4a36b3a7979142220d?s=96&d=mm&r=g\",\"contentUrl\":\"https:\/\/secure.gravatar.com\/avatar\/8af8f40000c24e9eef3034f2be5998a372bb1389e64b1a4a36b3a7979142220d?s=96&d=mm&r=g\",\"caption\":\"Redacci\u00f3n\"},\"sameAs\":[\"http:\/\/nuevodigitaldeescobar.com.ar\"],\"url\":\"https:\/\/nuevodigitaldeescobar.com.ar\/?author=1\"}]}<\/script>\n<!-- \/ Yoast SEO plugin. -->","yoast_head_json":{"title":"Maduro confirm\u00f3 el arresto del gendarme argentino: lo acusan de espionaje y terrorismo - Nuevo Digital de Escobar","robots":{"index":"index","follow":"follow","max-snippet":"max-snippet:-1","max-image-preview":"max-image-preview:large","max-video-preview":"max-video-preview:-1"},"canonical":"https:\/\/nuevodigitaldeescobar.com.ar\/?p=10439","og_locale":"es_ES","og_type":"article","og_title":"Maduro confirm\u00f3 el arresto del gendarme argentino: lo acusan de espionaje y terrorismo - Nuevo Digital de Escobar","og_description":"La dictadura venezolana, encabezada por Nicol\u00e1s Maduro, confirm\u00f3 por primera vez la detenci\u00f3n del gendarme argentino Nahuel Gallo, capturado el pasado 8 de diciembre. Durante [&hellip;]","og_url":"https:\/\/nuevodigitaldeescobar.com.ar\/?p=10439","og_site_name":"Nuevo Digital de Escobar","article_publisher":"https:\/\/www.facebook.com\/NUEVODigitalDeEscobar","article_published_time":"2024-12-16T22:58:02+00:00","article_modified_time":"2024-12-16T22:58:06+00:00","og_image":[{"width":800,"height":315,"url":"https:\/\/nuevodigitaldeescobar.com.ar\/wp-content\/uploads\/2024\/12\/madnicdiosd234-e1734389804454.png","type":"image\/png"}],"author":"Redacci\u00f3n","twitter_card":"summary_large_image","twitter_creator":"@nuevodigescobar","twitter_site":"@nuevodigescobar","twitter_misc":{"Escrito por":"Redacci\u00f3n","Tiempo de lectura":"3 minutos"},"schema":{"@context":"https:\/\/schema.org","@graph":[{"@type":"Article","@id":"https:\/\/nuevodigitaldeescobar.com.ar\/?p=10439#article","isPartOf":{"@id":"https:\/\/nuevodigitaldeescobar.com.ar\/?p=10439"},"author":{"name":"Redacci\u00f3n","@id":"https:\/\/nuevodigitaldeescobar.com.ar\/#\/schema\/person\/035e90a8efe9a80e6eec22656ad6ea4c"},"headline":"Maduro confirm\u00f3 el arresto del gendarme argentino: lo acusan de espionaje y terrorismo","datePublished":"2024-12-16T22:58:02+00:00","dateModified":"2024-12-16T22:58:06+00:00","mainEntityOfPage":{"@id":"https:\/\/nuevodigitaldeescobar.com.ar\/?p=10439"},"wordCount":599,"commentCount":0,"publisher":{"@id":"https:\/\/nuevodigitaldeescobar.com.ar\/#organization"},"image":{"@id":"https:\/\/nuevodigitaldeescobar.com.ar\/?p=10439#primaryimage"},"thumbnailUrl":"https:\/\/nuevodigitaldeescobar.com.ar\/wp-content\/uploads\/2024\/12\/madnicdiosd234-e1734389804454.png","articleSection":["Internacionales"],"inLanguage":"es","potentialAction":[{"@type":"CommentAction","name":"Comment","target":["https:\/\/nuevodigitaldeescobar.com.ar\/?p=10439#respond"]}]},{"@type":"WebPage","@id":"https:\/\/nuevodigitaldeescobar.com.ar\/?p=10439","url":"https:\/\/nuevodigitaldeescobar.com.ar\/?p=10439","name":"Maduro confirm\u00f3 el arresto del gendarme argentino: lo acusan de espionaje y terrorismo - Nuevo Digital de Escobar","isPartOf":{"@id":"https:\/\/nuevodigitaldeescobar.com.ar\/#website"},"primaryImageOfPage":{"@id":"https:\/\/nuevodigitaldeescobar.com.ar\/?p=10439#primaryimage"},"image":{"@id":"https:\/\/nuevodigitaldeescobar.com.ar\/?p=10439#primaryimage"},"thumbnailUrl":"https:\/\/nuevodigitaldeescobar.com.ar\/wp-content\/uploads\/2024\/12\/madnicdiosd234-e1734389804454.png","datePublished":"2024-12-16T22:58:02+00:00","dateModified":"2024-12-16T22:58:06+00:00","breadcrumb":{"@id":"https:\/\/nuevodigitaldeescobar.com.ar\/?p=10439#breadcrumb"},"inLanguage":"es","potentialAction":[{"@type":"ReadAction","target":["https:\/\/nuevodigitaldeescobar.com.ar\/?p=10439"]}]},{"@type":"ImageObject","inLanguage":"es","@id":"https:\/\/nuevodigitaldeescobar.com.ar\/?p=10439#primaryimage","url":"https:\/\/nuevodigitaldeescobar.com.ar\/wp-content\/uploads\/2024\/12\/madnicdiosd234-e1734389804454.png","contentUrl":"https:\/\/nuevodigitaldeescobar.com.ar\/wp-content\/uploads\/2024\/12\/madnicdiosd234-e1734389804454.png","width":800,"height":315},{"@type":"BreadcrumbList","@id":"https:\/\/nuevodigitaldeescobar.com.ar\/?p=10439#breadcrumb","itemListElement":[{"@type":"ListItem","position":1,"name":"Portada","item":"https:\/\/nuevodigitaldeescobar.com.ar\/"},{"@type":"ListItem","position":2,"name":"Maduro confirm\u00f3 el arresto del gendarme argentino: lo acusan de espionaje y terrorismo"}]},{"@type":"WebSite","@id":"https:\/\/nuevodigitaldeescobar.com.ar\/#website","url":"https:\/\/nuevodigitaldeescobar.com.ar\/","name":"Nuevo Digital de Escobar","description":"La vida escobarense. Directora: Rosana Brunner","publisher":{"@id":"https:\/\/nuevodigitaldeescobar.com.ar\/#organization"},"potentialAction":[{"@type":"SearchAction","target":{"@type":"EntryPoint","urlTemplate":"https:\/\/nuevodigitaldeescobar.com.ar\/?s={search_term_string}"},"query-input":{"@type":"PropertyValueSpecification","valueRequired":true,"valueName":"search_term_string"}}],"inLanguage":"es"},{"@type":"Organization","@id":"https:\/\/nuevodigitaldeescobar.com.ar\/#organization","name":"Nuevo Digital de Escobar","url":"https:\/\/nuevodigitaldeescobar.com.ar\/","logo":{"@type":"ImageObject","inLanguage":"es","@id":"https:\/\/nuevodigitaldeescobar.com.ar\/#\/schema\/logo\/image\/","url":"https:\/\/nuevodigitaldeescobar.com.ar\/wp-content\/uploads\/2025\/05\/cropped-logo-nuevo2.jpg","contentUrl":"https:\/\/nuevodigitaldeescobar.com.ar\/wp-content\/uploads\/2025\/05\/cropped-logo-nuevo2.jpg","width":305,"height":305,"caption":"Nuevo Digital de Escobar"},"image":{"@id":"https:\/\/nuevodigitaldeescobar.com.ar\/#\/schema\/logo\/image\/"},"sameAs":["https:\/\/www.facebook.com\/NUEVODigitalDeEscobar","https:\/\/x.com\/nuevodigescobar","https:\/\/www.instagram.com\/nuevodigitaldeescobar"]},{"@type":"Person","@id":"https:\/\/nuevodigitaldeescobar.com.ar\/#\/schema\/person\/035e90a8efe9a80e6eec22656ad6ea4c","name":"Redacci\u00f3n","image":{"@type":"ImageObject","inLanguage":"es","@id":"https:\/\/nuevodigitaldeescobar.com.ar\/#\/schema\/person\/image\/","url":"https:\/\/secure.gravatar.com\/avatar\/8af8f40000c24e9eef3034f2be5998a372bb1389e64b1a4a36b3a7979142220d?s=96&d=mm&r=g","contentUrl":"https:\/\/secure.gravatar.com\/avatar\/8af8f40000c24e9eef3034f2be5998a372bb1389e64b1a4a36b3a7979142220d?s=96&d=mm&r=g","caption":"Redacci\u00f3n"},"sameAs":["http:\/\/nuevodigitaldeescobar.com.ar"],"url":"https:\/\/nuevodigitaldeescobar.com.ar\/?author=1"}]}},"featured_image_urls":{"full":["https:\/\/nuevodigitaldeescobar.com.ar\/wp-content\/uploads\/2024\/12\/madnicdiosd234-e1734389804454.png",800,315,false],"thumbnail":["https:\/\/nuevodigitaldeescobar.com.ar\/wp-content\/uploads\/2024\/12\/madnicdiosd234-150x150.png",150,150,true],"medium":["https:\/\/nuevodigitaldeescobar.com.ar\/wp-content\/uploads\/2024\/12\/madnicdiosd234-300x118.png",300,118,true],"medium_large":["https:\/\/nuevodigitaldeescobar.com.ar\/wp-content\/uploads\/2024\/12\/madnicdiosd234-768x302.png",640,252,true],"large":["https:\/\/nuevodigitaldeescobar.com.ar\/wp-content\/uploads\/2024\/12\/madnicdiosd234-1024x403.png",640,252,true],"1536x1536":["https:\/\/nuevodigitaldeescobar.com.ar\/wp-content\/uploads\/2024\/12\/madnicdiosd234-e1734389804454.png",800,315,false],"2048x2048":["https:\/\/nuevodigitaldeescobar.com.ar\/wp-content\/uploads\/2024\/12\/madnicdiosd234-e1734389804454.png",800,315,false]},"author_info":{"display_name":"Redacci\u00f3n","author_link":"https:\/\/nuevodigitaldeescobar.com.ar\/?author=1"},"category_info":"<a href=\"https:\/\/nuevodigitaldeescobar.com.ar\/?cat=285\" rel=\"category\">Internacionales<\/a>","tag_info":"Internacionales","comment_count":"0","_links":{"self":[{"href":"https:\/\/nuevodigitaldeescobar.com.ar\/index.php?rest_route=\/wp\/v2\/posts\/10439","targetHints":{"allow":["GET"]}}],"collection":[{"href":"https:\/\/nuevodigitaldeescobar.com.ar\/index.php?rest_route=\/wp\/v2\/posts"}],"about":[{"href":"https:\/\/nuevodigitaldeescobar.com.ar\/index.php?rest_route=\/wp\/v2\/types\/post"}],"author":[{"embeddable":true,"href":"https:\/\/nuevodigitaldeescobar.com.ar\/index.php?rest_route=\/wp\/v2\/users\/1"}],"replies":[{"embeddable":true,"href":"https:\/\/nuevodigitaldeescobar.com.ar\/index.php?rest_route=%2Fwp%2Fv2%2Fcomments&post=10439"}],"version-history":[{"count":1,"href":"https:\/\/nuevodigitaldeescobar.com.ar\/index.php?rest_route=\/wp\/v2\/posts\/10439\/revisions"}],"predecessor-version":[{"id":10442,"href":"https:\/\/nuevodigitaldeescobar.com.ar\/index.php?rest_route=\/wp\/v2\/posts\/10439\/revisions\/10442"}],"wp:featuredmedia":[{"embeddable":true,"href":"https:\/\/nuevodigitaldeescobar.com.ar\/index.php?rest_route=\/wp\/v2\/media\/10441"}],"wp:attachment":[{"href":"https:\/\/nuevodigitaldeescobar.com.ar\/index.php?rest_route=%2Fwp%2Fv2%2Fmedia&parent=10439"}],"wp:term":[{"taxonomy":"category","embeddable":true,"href":"https:\/\/nuevodigitaldeescobar.com.ar\/index.php?rest_route=%2Fwp%2Fv2%2Fcategories&post=10439"},{"taxonomy":"post_tag","embeddable":true,"href":"https:\/\/nuevodigitaldeescobar.com.ar\/index.php?rest_route=%2Fwp%2Fv2%2Ftags&post=10439"}],"curies":[{"name":"wp","href":"https:\/\/api.w.org\/{rel}","templated":true}]}}