{"id":10443,"date":"2024-12-17T07:01:00","date_gmt":"2024-12-17T10:01:00","guid":{"rendered":"https:\/\/nuevodigitaldeescobar.com.ar\/?p=10443"},"modified":"2024-12-16T20:28:10","modified_gmt":"2024-12-16T23:28:10","slug":"escobar-vuela-un-espectaculo-aereo-que-deslumbro-el-fin-de-semana","status":"publish","type":"post","link":"https:\/\/nuevodigitaldeescobar.com.ar\/?p=10443","title":{"rendered":"Escobar Vuela: Un espect\u00e1culo a\u00e9reo que deslumbr\u00f3 el fin de semana"},"content":{"rendered":"<p><span style=\"color: #003366;\"><strong><em>Vecinos del partido y de toda la regi\u00f3n se maravillaron con los vuelos rasantes, las estelas de colores y el rugir de las aeronaves que ofrecieron un espect\u00e1culo inolvidable.<\/em><\/strong><\/span><\/p>\n<p><!--more--><\/p>\n<hr \/>\n<p>El pasado domingo, el cielo de Escobar se llen\u00f3 de acrobacias, historia y emoci\u00f3n con <em>Escobar Vuela<\/em>, una exposici\u00f3n \u00fanica en el Aeroclub local que celebr\u00f3 por primera vez en 35 a\u00f1os un evento de esta magnitud.<\/p>\n<p>El evento cont\u00f3 con la participaci\u00f3n de aviones y helic\u00f3pteros de las Fuerzas Armadas, Prefectura Naval, y las polic\u00edas Federal, Bonaerense y de la Ciudad, adem\u00e1s de aeronaves privadas y piezas de colecci\u00f3n que aportaron un toque hist\u00f3rico. Seg\u00fan el intendente Ariel Sujarchuk, quien acompa\u00f1\u00f3 la muestra desde temprano, <em>\u201cfue una actividad maravillosa, donde la magnitud y la uni\u00f3n de todas las fuerzas hicieron que la comunidad descubriera este fascinante mundo\u201d<\/em>.<\/p>\n<p><a href=\"https:\/\/nuevodigitaldeescobar.com.ar\/?attachment_id=10446\" rel=\"attachment wp-att-10446\"><img fetchpriority=\"high\" decoding=\"async\" class=\"alignnone size-full wp-image-10446\" src=\"http:\/\/nuevodigitaldeescobar.com.ar\/wp-content\/uploads\/2024\/12\/escobar-vuela-3-e1734391628600.jpg\" alt=\"\" width=\"720\" height=\"480\" \/><\/a><\/p>\n<p>M\u00e1s all\u00e1 de la adrenalina para los amantes de la aviaci\u00f3n, <em>Escobar Vuela<\/em> incluy\u00f3 un enfoque solidario: los visitantes pudieron disfrutar del espect\u00e1culo con una contribuci\u00f3n destinada al programa <em>Escobar Hambre Cero<\/em>. Adem\u00e1s de las impresionantes demostraciones a\u00e9reas, los asistentes disfrutaron de food trucks y m\u00fasica en vivo, creando un ambiente festivo para todas las edades.<\/p>\n<p>Un incidente menor durante el evento aport\u00f3 un momento curioso. Una aeronave de la escuadrilla hist\u00f3rica <em>Mentor<\/em> sufri\u00f3 el colapso parcial del tren de aterrizaje al detener su motor, dejando la <em>\u201cnariz\u201d<\/em> apoyada en el suelo. La situaci\u00f3n fue r\u00e1pidamente atendida por la Administraci\u00f3n Nacional de Aviaci\u00f3n Civil (ANAC), que verific\u00f3 que no exist\u00eda ning\u00fan riesgo y permiti\u00f3 que el cronograma continuara sin problemas.<\/p>\n<p><a href=\"https:\/\/nuevodigitaldeescobar.com.ar\/?attachment_id=10444\" rel=\"attachment wp-att-10444\"><img decoding=\"async\" class=\"alignnone size-full wp-image-10444\" src=\"http:\/\/nuevodigitaldeescobar.com.ar\/wp-content\/uploads\/2024\/12\/escobar-vuela-1-e1734391599101.jpg\" alt=\"\" width=\"720\" height=\"408\" srcset=\"https:\/\/nuevodigitaldeescobar.com.ar\/wp-content\/uploads\/2024\/12\/escobar-vuela-1-e1734391599101.jpg 720w, https:\/\/nuevodigitaldeescobar.com.ar\/wp-content\/uploads\/2024\/12\/escobar-vuela-1-e1734391599101-300x170.jpg 300w\" sizes=\"(max-width: 720px) 100vw, 720px\" \/><\/a><\/p>\n<p><em>Escobar Vuela<\/em> dej\u00f3 una huella en la comunidad, combinando espect\u00e1culo, historia y solidaridad en un fin de semana lleno de actividades que reafirmaron el dinamismo y la creatividad del distrito.<\/p>\n","protected":false},"excerpt":{"rendered":"<p>Vecinos del partido y de toda la regi\u00f3n se maravillaron con los vuelos rasantes, las estelas de colores y el rugir de las aeronaves que [&hellip;]<\/p>\n","protected":false},"author":1,"featured_media":10445,"comment_status":"open","ping_status":"open","sticky":false,"template":"","format":"standard","meta":{"footnotes":""},"categories":[7],"tags":[],"class_list":["post-10443","post","type-post","status-publish","format-standard","has-post-thumbnail","hentry","category-interes-general"],"better_featured_image":{"id":10445,"alt_text":"","caption":"","description":"","media_type":"image","media_details":{"width":720,"height":480,"file":"2024\/12\/escobar-vuela-2-e1734391612437.jpg","filesize":517257,"sizes":{"medium":{"file":"escobar-vuela-2-300x200.jpg","width":300,"height":200,"mime-type":"image\/jpeg","filesize":16846,"source_url":"https:\/\/nuevodigitaldeescobar.com.ar\/wp-content\/uploads\/2024\/12\/escobar-vuela-2-300x200.jpg"},"large":{"file":"escobar-vuela-2-1024x682.jpg","width":1024,"height":682,"mime-type":"image\/jpeg","filesize":152610,"source_url":"https:\/\/nuevodigitaldeescobar.com.ar\/wp-content\/uploads\/2024\/12\/escobar-vuela-2-1024x682.jpg"},"thumbnail":{"file":"escobar-vuela-2-150x150.jpg","width":150,"height":150,"mime-type":"image\/jpeg","filesize":7214,"source_url":"https:\/\/nuevodigitaldeescobar.com.ar\/wp-content\/uploads\/2024\/12\/escobar-vuela-2-150x150.jpg"},"medium_large":{"file":"escobar-vuela-2-768x512.jpg","width":768,"height":512,"mime-type":"image\/jpeg","filesize":89197,"source_url":"https:\/\/nuevodigitaldeescobar.com.ar\/wp-content\/uploads\/2024\/12\/escobar-vuela-2-768x512.jpg"},"1536x1536":{"file":"escobar-vuela-2-1536x1023.jpg","width":1536,"height":1023,"mime-type":"image\/jpeg","filesize":312409,"source_url":"https:\/\/nuevodigitaldeescobar.com.ar\/wp-content\/uploads\/2024\/12\/escobar-vuela-2-1536x1023.jpg"}},"image_meta":{"aperture":"0","credit":"","camera":"","caption":"","created_timestamp":"0","copyright":"","focal_length":"0","iso":"0","shutter_speed":"0","title":"","orientation":"0","keywords":[]}},"post":10443,"source_url":"https:\/\/nuevodigitaldeescobar.com.ar\/wp-content\/uploads\/2024\/12\/escobar-vuela-2-e1734391612437.jpg"},"yoast_head":"<!-- This site is optimized with the Yoast SEO plugin v26.1.1 - https:\/\/yoast.com\/wordpress\/plugins\/seo\/ -->\n<title>Escobar Vuela: Un espect\u00e1culo a\u00e9reo que deslumbr\u00f3 el fin de semana - Nuevo Digital de Escobar<\/title>\n<meta name=\"robots\" content=\"index, follow, max-snippet:-1, max-image-preview:large, max-video-preview:-1\" \/>\n<link rel=\"canonical\" href=\"https:\/\/nuevodigitaldeescobar.com.ar\/?p=10443\" \/>\n<meta property=\"og:locale\" content=\"es_ES\" \/>\n<meta property=\"og:type\" content=\"article\" \/>\n<meta property=\"og:title\" content=\"Escobar Vuela: Un espect\u00e1culo a\u00e9reo que deslumbr\u00f3 el fin de semana - Nuevo Digital de Escobar\" \/>\n<meta property=\"og:description\" content=\"Vecinos del partido y de toda la regi\u00f3n se maravillaron con los vuelos rasantes, las estelas de colores y el rugir de las aeronaves que [&hellip;]\" \/>\n<meta property=\"og:url\" content=\"https:\/\/nuevodigitaldeescobar.com.ar\/?p=10443\" \/>\n<meta property=\"og:site_name\" content=\"Nuevo Digital de Escobar\" \/>\n<meta property=\"article:publisher\" content=\"https:\/\/www.facebook.com\/NUEVODigitalDeEscobar\" \/>\n<meta property=\"article:published_time\" content=\"2024-12-17T10:01:00+00:00\" \/>\n<meta property=\"og:image\" content=\"https:\/\/nuevodigitaldeescobar.com.ar\/wp-content\/uploads\/2024\/12\/escobar-vuela-2-e1734391612437.jpg\" \/>\n\t<meta property=\"og:image:width\" content=\"720\" \/>\n\t<meta property=\"og:image:height\" content=\"480\" \/>\n\t<meta property=\"og:image:type\" content=\"image\/jpeg\" \/>\n<meta name=\"author\" content=\"Redacci\u00f3n\" \/>\n<meta name=\"twitter:card\" content=\"summary_large_image\" \/>\n<meta name=\"twitter:creator\" content=\"@nuevodigescobar\" \/>\n<meta name=\"twitter:site\" content=\"@nuevodigescobar\" \/>\n<meta name=\"twitter:label1\" content=\"Escrito por\" \/>\n\t<meta name=\"twitter:data1\" content=\"Redacci\u00f3n\" \/>\n\t<meta name=\"twitter:label2\" content=\"Tiempo de lectura\" \/>\n\t<meta name=\"twitter:data2\" content=\"2 minutos\" \/>\n<script type=\"application\/ld+json\" class=\"yoast-schema-graph\">{\"@context\":\"https:\/\/schema.org\",\"@graph\":[{\"@type\":\"Article\",\"@id\":\"https:\/\/nuevodigitaldeescobar.com.ar\/?p=10443#article\",\"isPartOf\":{\"@id\":\"https:\/\/nuevodigitaldeescobar.com.ar\/?p=10443\"},\"author\":{\"name\":\"Redacci\u00f3n\",\"@id\":\"https:\/\/nuevodigitaldeescobar.com.ar\/#\/schema\/person\/035e90a8efe9a80e6eec22656ad6ea4c\"},\"headline\":\"Escobar Vuela: Un espect\u00e1culo a\u00e9reo que deslumbr\u00f3 el fin de semana\",\"datePublished\":\"2024-12-17T10:01:00+00:00\",\"mainEntityOfPage\":{\"@id\":\"https:\/\/nuevodigitaldeescobar.com.ar\/?p=10443\"},\"wordCount\":327,\"commentCount\":0,\"publisher\":{\"@id\":\"https:\/\/nuevodigitaldeescobar.com.ar\/#organization\"},\"image\":{\"@id\":\"https:\/\/nuevodigitaldeescobar.com.ar\/?p=10443#primaryimage\"},\"thumbnailUrl\":\"https:\/\/nuevodigitaldeescobar.com.ar\/wp-content\/uploads\/2024\/12\/escobar-vuela-2-e1734391612437.jpg\",\"articleSection\":[\"Inter\u00e9s general\"],\"inLanguage\":\"es\",\"potentialAction\":[{\"@type\":\"CommentAction\",\"name\":\"Comment\",\"target\":[\"https:\/\/nuevodigitaldeescobar.com.ar\/?p=10443#respond\"]}]},{\"@type\":\"WebPage\",\"@id\":\"https:\/\/nuevodigitaldeescobar.com.ar\/?p=10443\",\"url\":\"https:\/\/nuevodigitaldeescobar.com.ar\/?p=10443\",\"name\":\"Escobar Vuela: Un espect\u00e1culo a\u00e9reo que deslumbr\u00f3 el fin de semana - Nuevo Digital de Escobar\",\"isPartOf\":{\"@id\":\"https:\/\/nuevodigitaldeescobar.com.ar\/#website\"},\"primaryImageOfPage\":{\"@id\":\"https:\/\/nuevodigitaldeescobar.com.ar\/?p=10443#primaryimage\"},\"image\":{\"@id\":\"https:\/\/nuevodigitaldeescobar.com.ar\/?p=10443#primaryimage\"},\"thumbnailUrl\":\"https:\/\/nuevodigitaldeescobar.com.ar\/wp-content\/uploads\/2024\/12\/escobar-vuela-2-e1734391612437.jpg\",\"datePublished\":\"2024-12-17T10:01:00+00:00\",\"breadcrumb\":{\"@id\":\"https:\/\/nuevodigitaldeescobar.com.ar\/?p=10443#breadcrumb\"},\"inLanguage\":\"es\",\"potentialAction\":[{\"@type\":\"ReadAction\",\"target\":[\"https:\/\/nuevodigitaldeescobar.com.ar\/?p=10443\"]}]},{\"@type\":\"ImageObject\",\"inLanguage\":\"es\",\"@id\":\"https:\/\/nuevodigitaldeescobar.com.ar\/?p=10443#primaryimage\",\"url\":\"https:\/\/nuevodigitaldeescobar.com.ar\/wp-content\/uploads\/2024\/12\/escobar-vuela-2-e1734391612437.jpg\",\"contentUrl\":\"https:\/\/nuevodigitaldeescobar.com.ar\/wp-content\/uploads\/2024\/12\/escobar-vuela-2-e1734391612437.jpg\",\"width\":720,\"height\":480},{\"@type\":\"BreadcrumbList\",\"@id\":\"https:\/\/nuevodigitaldeescobar.com.ar\/?p=10443#breadcrumb\",\"itemListElement\":[{\"@type\":\"ListItem\",\"position\":1,\"name\":\"Portada\",\"item\":\"https:\/\/nuevodigitaldeescobar.com.ar\/\"},{\"@type\":\"ListItem\",\"position\":2,\"name\":\"Escobar Vuela: Un espect\u00e1culo a\u00e9reo que deslumbr\u00f3 el fin de semana\"}]},{\"@type\":\"WebSite\",\"@id\":\"https:\/\/nuevodigitaldeescobar.com.ar\/#website\",\"url\":\"https:\/\/nuevodigitaldeescobar.com.ar\/\",\"name\":\"Nuevo Digital de Escobar\",\"description\":\"La vida escobarense. Directora: Rosana Brunner\",\"publisher\":{\"@id\":\"https:\/\/nuevodigitaldeescobar.com.ar\/#organization\"},\"potentialAction\":[{\"@type\":\"SearchAction\",\"target\":{\"@type\":\"EntryPoint\",\"urlTemplate\":\"https:\/\/nuevodigitaldeescobar.com.ar\/?s={search_term_string}\"},\"query-input\":{\"@type\":\"PropertyValueSpecification\",\"valueRequired\":true,\"valueName\":\"search_term_string\"}}],\"inLanguage\":\"es\"},{\"@type\":\"Organization\",\"@id\":\"https:\/\/nuevodigitaldeescobar.com.ar\/#organization\",\"name\":\"Nuevo Digital de Escobar\",\"url\":\"https:\/\/nuevodigitaldeescobar.com.ar\/\",\"logo\":{\"@type\":\"ImageObject\",\"inLanguage\":\"es\",\"@id\":\"https:\/\/nuevodigitaldeescobar.com.ar\/#\/schema\/logo\/image\/\",\"url\":\"https:\/\/nuevodigitaldeescobar.com.ar\/wp-content\/uploads\/2025\/05\/cropped-logo-nuevo2.jpg\",\"contentUrl\":\"https:\/\/nuevodigitaldeescobar.com.ar\/wp-content\/uploads\/2025\/05\/cropped-logo-nuevo2.jpg\",\"width\":305,\"height\":305,\"caption\":\"Nuevo Digital de Escobar\"},\"image\":{\"@id\":\"https:\/\/nuevodigitaldeescobar.com.ar\/#\/schema\/logo\/image\/\"},\"sameAs\":[\"https:\/\/www.facebook.com\/NUEVODigitalDeEscobar\",\"https:\/\/x.com\/nuevodigescobar\",\"https:\/\/www.instagram.com\/nuevodigitaldeescobar\"]},{\"@type\":\"Person\",\"@id\":\"https:\/\/nuevodigitaldeescobar.com.ar\/#\/schema\/person\/035e90a8efe9a80e6eec22656ad6ea4c\",\"name\":\"Redacci\u00f3n\",\"image\":{\"@type\":\"ImageObject\",\"inLanguage\":\"es\",\"@id\":\"https:\/\/nuevodigitaldeescobar.com.ar\/#\/schema\/person\/image\/\",\"url\":\"https:\/\/secure.gravatar.com\/avatar\/8af8f40000c24e9eef3034f2be5998a372bb1389e64b1a4a36b3a7979142220d?s=96&d=mm&r=g\",\"contentUrl\":\"https:\/\/secure.gravatar.com\/avatar\/8af8f40000c24e9eef3034f2be5998a372bb1389e64b1a4a36b3a7979142220d?s=96&d=mm&r=g\",\"caption\":\"Redacci\u00f3n\"},\"sameAs\":[\"http:\/\/nuevodigitaldeescobar.com.ar\"],\"url\":\"https:\/\/nuevodigitaldeescobar.com.ar\/?author=1\"}]}<\/script>\n<!-- \/ Yoast SEO plugin. -->","yoast_head_json":{"title":"Escobar Vuela: Un espect\u00e1culo a\u00e9reo que deslumbr\u00f3 el fin de semana - Nuevo Digital de Escobar","robots":{"index":"index","follow":"follow","max-snippet":"max-snippet:-1","max-image-preview":"max-image-preview:large","max-video-preview":"max-video-preview:-1"},"canonical":"https:\/\/nuevodigitaldeescobar.com.ar\/?p=10443","og_locale":"es_ES","og_type":"article","og_title":"Escobar Vuela: Un espect\u00e1culo a\u00e9reo que deslumbr\u00f3 el fin de semana - Nuevo Digital de Escobar","og_description":"Vecinos del partido y de toda la regi\u00f3n se maravillaron con los vuelos rasantes, las estelas de colores y el rugir de las aeronaves que [&hellip;]","og_url":"https:\/\/nuevodigitaldeescobar.com.ar\/?p=10443","og_site_name":"Nuevo Digital de Escobar","article_publisher":"https:\/\/www.facebook.com\/NUEVODigitalDeEscobar","article_published_time":"2024-12-17T10:01:00+00:00","og_image":[{"width":720,"height":480,"url":"https:\/\/nuevodigitaldeescobar.com.ar\/wp-content\/uploads\/2024\/12\/escobar-vuela-2-e1734391612437.jpg","type":"image\/jpeg"}],"author":"Redacci\u00f3n","twitter_card":"summary_large_image","twitter_creator":"@nuevodigescobar","twitter_site":"@nuevodigescobar","twitter_misc":{"Escrito por":"Redacci\u00f3n","Tiempo de lectura":"2 minutos"},"schema":{"@context":"https:\/\/schema.org","@graph":[{"@type":"Article","@id":"https:\/\/nuevodigitaldeescobar.com.ar\/?p=10443#article","isPartOf":{"@id":"https:\/\/nuevodigitaldeescobar.com.ar\/?p=10443"},"author":{"name":"Redacci\u00f3n","@id":"https:\/\/nuevodigitaldeescobar.com.ar\/#\/schema\/person\/035e90a8efe9a80e6eec22656ad6ea4c"},"headline":"Escobar Vuela: Un espect\u00e1culo a\u00e9reo que deslumbr\u00f3 el fin de semana","datePublished":"2024-12-17T10:01:00+00:00","mainEntityOfPage":{"@id":"https:\/\/nuevodigitaldeescobar.com.ar\/?p=10443"},"wordCount":327,"commentCount":0,"publisher":{"@id":"https:\/\/nuevodigitaldeescobar.com.ar\/#organization"},"image":{"@id":"https:\/\/nuevodigitaldeescobar.com.ar\/?p=10443#primaryimage"},"thumbnailUrl":"https:\/\/nuevodigitaldeescobar.com.ar\/wp-content\/uploads\/2024\/12\/escobar-vuela-2-e1734391612437.jpg","articleSection":["Inter\u00e9s general"],"inLanguage":"es","potentialAction":[{"@type":"CommentAction","name":"Comment","target":["https:\/\/nuevodigitaldeescobar.com.ar\/?p=10443#respond"]}]},{"@type":"WebPage","@id":"https:\/\/nuevodigitaldeescobar.com.ar\/?p=10443","url":"https:\/\/nuevodigitaldeescobar.com.ar\/?p=10443","name":"Escobar Vuela: Un espect\u00e1culo a\u00e9reo que deslumbr\u00f3 el fin de semana - Nuevo Digital de Escobar","isPartOf":{"@id":"https:\/\/nuevodigitaldeescobar.com.ar\/#website"},"primaryImageOfPage":{"@id":"https:\/\/nuevodigitaldeescobar.com.ar\/?p=10443#primaryimage"},"image":{"@id":"https:\/\/nuevodigitaldeescobar.com.ar\/?p=10443#primaryimage"},"thumbnailUrl":"https:\/\/nuevodigitaldeescobar.com.ar\/wp-content\/uploads\/2024\/12\/escobar-vuela-2-e1734391612437.jpg","datePublished":"2024-12-17T10:01:00+00:00","breadcrumb":{"@id":"https:\/\/nuevodigitaldeescobar.com.ar\/?p=10443#breadcrumb"},"inLanguage":"es","potentialAction":[{"@type":"ReadAction","target":["https:\/\/nuevodigitaldeescobar.com.ar\/?p=10443"]}]},{"@type":"ImageObject","inLanguage":"es","@id":"https:\/\/nuevodigitaldeescobar.com.ar\/?p=10443#primaryimage","url":"https:\/\/nuevodigitaldeescobar.com.ar\/wp-content\/uploads\/2024\/12\/escobar-vuela-2-e1734391612437.jpg","contentUrl":"https:\/\/nuevodigitaldeescobar.com.ar\/wp-content\/uploads\/2024\/12\/escobar-vuela-2-e1734391612437.jpg","width":720,"height":480},{"@type":"BreadcrumbList","@id":"https:\/\/nuevodigitaldeescobar.com.ar\/?p=10443#breadcrumb","itemListElement":[{"@type":"ListItem","position":1,"name":"Portada","item":"https:\/\/nuevodigitaldeescobar.com.ar\/"},{"@type":"ListItem","position":2,"name":"Escobar Vuela: Un espect\u00e1culo a\u00e9reo que deslumbr\u00f3 el fin de semana"}]},{"@type":"WebSite","@id":"https:\/\/nuevodigitaldeescobar.com.ar\/#website","url":"https:\/\/nuevodigitaldeescobar.com.ar\/","name":"Nuevo Digital de Escobar","description":"La vida escobarense. Directora: Rosana Brunner","publisher":{"@id":"https:\/\/nuevodigitaldeescobar.com.ar\/#organization"},"potentialAction":[{"@type":"SearchAction","target":{"@type":"EntryPoint","urlTemplate":"https:\/\/nuevodigitaldeescobar.com.ar\/?s={search_term_string}"},"query-input":{"@type":"PropertyValueSpecification","valueRequired":true,"valueName":"search_term_string"}}],"inLanguage":"es"},{"@type":"Organization","@id":"https:\/\/nuevodigitaldeescobar.com.ar\/#organization","name":"Nuevo Digital de Escobar","url":"https:\/\/nuevodigitaldeescobar.com.ar\/","logo":{"@type":"ImageObject","inLanguage":"es","@id":"https:\/\/nuevodigitaldeescobar.com.ar\/#\/schema\/logo\/image\/","url":"https:\/\/nuevodigitaldeescobar.com.ar\/wp-content\/uploads\/2025\/05\/cropped-logo-nuevo2.jpg","contentUrl":"https:\/\/nuevodigitaldeescobar.com.ar\/wp-content\/uploads\/2025\/05\/cropped-logo-nuevo2.jpg","width":305,"height":305,"caption":"Nuevo Digital de Escobar"},"image":{"@id":"https:\/\/nuevodigitaldeescobar.com.ar\/#\/schema\/logo\/image\/"},"sameAs":["https:\/\/www.facebook.com\/NUEVODigitalDeEscobar","https:\/\/x.com\/nuevodigescobar","https:\/\/www.instagram.com\/nuevodigitaldeescobar"]},{"@type":"Person","@id":"https:\/\/nuevodigitaldeescobar.com.ar\/#\/schema\/person\/035e90a8efe9a80e6eec22656ad6ea4c","name":"Redacci\u00f3n","image":{"@type":"ImageObject","inLanguage":"es","@id":"https:\/\/nuevodigitaldeescobar.com.ar\/#\/schema\/person\/image\/","url":"https:\/\/secure.gravatar.com\/avatar\/8af8f40000c24e9eef3034f2be5998a372bb1389e64b1a4a36b3a7979142220d?s=96&d=mm&r=g","contentUrl":"https:\/\/secure.gravatar.com\/avatar\/8af8f40000c24e9eef3034f2be5998a372bb1389e64b1a4a36b3a7979142220d?s=96&d=mm&r=g","caption":"Redacci\u00f3n"},"sameAs":["http:\/\/nuevodigitaldeescobar.com.ar"],"url":"https:\/\/nuevodigitaldeescobar.com.ar\/?author=1"}]}},"featured_image_urls":{"full":["https:\/\/nuevodigitaldeescobar.com.ar\/wp-content\/uploads\/2024\/12\/escobar-vuela-2-e1734391612437.jpg",720,480,false],"thumbnail":["https:\/\/nuevodigitaldeescobar.com.ar\/wp-content\/uploads\/2024\/12\/escobar-vuela-2-150x150.jpg",150,150,true],"medium":["https:\/\/nuevodigitaldeescobar.com.ar\/wp-content\/uploads\/2024\/12\/escobar-vuela-2-300x200.jpg",300,200,true],"medium_large":["https:\/\/nuevodigitaldeescobar.com.ar\/wp-content\/uploads\/2024\/12\/escobar-vuela-2-768x512.jpg",640,427,true],"large":["https:\/\/nuevodigitaldeescobar.com.ar\/wp-content\/uploads\/2024\/12\/escobar-vuela-2-1024x682.jpg",640,426,true],"1536x1536":["https:\/\/nuevodigitaldeescobar.com.ar\/wp-content\/uploads\/2024\/12\/escobar-vuela-2-1536x1023.jpg",1536,1023,true],"2048x2048":["https:\/\/nuevodigitaldeescobar.com.ar\/wp-content\/uploads\/2024\/12\/escobar-vuela-2-e1734391612437.jpg",720,480,false]},"author_info":{"display_name":"Redacci\u00f3n","author_link":"https:\/\/nuevodigitaldeescobar.com.ar\/?author=1"},"category_info":"<a href=\"https:\/\/nuevodigitaldeescobar.com.ar\/?cat=7\" rel=\"category\">Inter\u00e9s general<\/a>","tag_info":"Inter\u00e9s general","comment_count":"0","_links":{"self":[{"href":"https:\/\/nuevodigitaldeescobar.com.ar\/index.php?rest_route=\/wp\/v2\/posts\/10443","targetHints":{"allow":["GET"]}}],"collection":[{"href":"https:\/\/nuevodigitaldeescobar.com.ar\/index.php?rest_route=\/wp\/v2\/posts"}],"about":[{"href":"https:\/\/nuevodigitaldeescobar.com.ar\/index.php?rest_route=\/wp\/v2\/types\/post"}],"author":[{"embeddable":true,"href":"https:\/\/nuevodigitaldeescobar.com.ar\/index.php?rest_route=\/wp\/v2\/users\/1"}],"replies":[{"embeddable":true,"href":"https:\/\/nuevodigitaldeescobar.com.ar\/index.php?rest_route=%2Fwp%2Fv2%2Fcomments&post=10443"}],"version-history":[{"count":1,"href":"https:\/\/nuevodigitaldeescobar.com.ar\/index.php?rest_route=\/wp\/v2\/posts\/10443\/revisions"}],"predecessor-version":[{"id":10447,"href":"https:\/\/nuevodigitaldeescobar.com.ar\/index.php?rest_route=\/wp\/v2\/posts\/10443\/revisions\/10447"}],"wp:featuredmedia":[{"embeddable":true,"href":"https:\/\/nuevodigitaldeescobar.com.ar\/index.php?rest_route=\/wp\/v2\/media\/10445"}],"wp:attachment":[{"href":"https:\/\/nuevodigitaldeescobar.com.ar\/index.php?rest_route=%2Fwp%2Fv2%2Fmedia&parent=10443"}],"wp:term":[{"taxonomy":"category","embeddable":true,"href":"https:\/\/nuevodigitaldeescobar.com.ar\/index.php?rest_route=%2Fwp%2Fv2%2Fcategories&post=10443"},{"taxonomy":"post_tag","embeddable":true,"href":"https:\/\/nuevodigitaldeescobar.com.ar\/index.php?rest_route=%2Fwp%2Fv2%2Ftags&post=10443"}],"curies":[{"name":"wp","href":"https:\/\/api.w.org\/{rel}","templated":true}]}}