{"id":10486,"date":"2024-12-18T07:00:00","date_gmt":"2024-12-18T10:00:00","guid":{"rendered":"https:\/\/nuevodigitaldeescobar.com.ar\/?p=10486"},"modified":"2024-12-17T18:50:53","modified_gmt":"2024-12-17T21:50:53","slug":"entregaron-reconocimientos-a-vecinas-y-vecinos-destacados-de-2024","status":"publish","type":"post","link":"https:\/\/nuevodigitaldeescobar.com.ar\/?p=10486","title":{"rendered":"Entregaron reconocimientos a vecinas y vecinos destacados de 2024"},"content":{"rendered":"<p><span style=\"color: #003366;\"><strong><em>\u201cEl lado humano que nos hace dar algo de nuestro tiempo por los dem\u00e1s, es lo que estamos reconociendo esta noche\u201d, expres\u00f3 el intendente Ariel Sujarchuk, en un c\u00e1lido encuentro donde el municipio homenaje\u00f3 a 86 vecinos destacados, instituciones fundacionales del distrito y entidades de bien p\u00fablico.<\/em><\/strong><\/span><\/p>\n<p><!--more--><\/p>\n<hr \/>\n<p>Artistas, docentes, deportistas, m\u00e9dicos, promotores de la cultura y referentes sociales de los barrios junto a sus familiares y amigos participaron de una fiesta que rescat\u00f3 los valores del pasado y el presente del partido de Escobar. Todos disfrutaron de la m\u00fasica y el baile al ritmo de cumbias y cuartetos. A medida que los premiados recib\u00edan su diploma de reconocimiento, los aplausos invad\u00edan el sal\u00f3n mientras otros vecinos se reencontraban con viejos amigos o conoc\u00edan a las nuevas promesas y talentos del distrito.<\/p>\n<p><a href=\"https:\/\/nuevodigitaldeescobar.com.ar\/?attachment_id=10489\" rel=\"attachment wp-att-10489\"><img fetchpriority=\"high\" decoding=\"async\" class=\"alignnone size-full wp-image-10489\" src=\"http:\/\/nuevodigitaldeescobar.com.ar\/wp-content\/uploads\/2024\/12\/vecinos-destacados-3-e1734472185579.jpg\" alt=\"\" width=\"720\" height=\"480\" \/><\/a><\/p>\n<p><em>\u201cEl pueblo es su gente, cada uno haciendo lo que m\u00e1s le gusta y dando todo por el pr\u00f3jimo o representando al distrito en otros lugares. Todos nos sentimos orgullosos por estos logros, as\u00ed como tambi\u00e9n de nuestros vecinos de mayor experiencia que con su trayectoria son inspiraci\u00f3n para los m\u00e1s j\u00f3venes. Somos herederos de un distrito que es maravilloso y que tiene que seguir progresando\u201d<\/em>, concluy\u00f3 Sujarchuk durante un brindis con los mejores deseos para el pr\u00f3ximo a\u00f1o.<\/p>\n<p><a href=\"https:\/\/nuevodigitaldeescobar.com.ar\/?attachment_id=10488\" rel=\"attachment wp-att-10488\"><img decoding=\"async\" class=\"alignnone size-full wp-image-10488\" src=\"http:\/\/nuevodigitaldeescobar.com.ar\/wp-content\/uploads\/2024\/12\/vecinos-destacados-2-e1734472206631.jpg\" alt=\"\" width=\"720\" height=\"480\" \/><\/a><\/p>\n<p>La lista completa de las personas reconocidas:<\/p>\n<p>BEL\u00c9N DE ESCOBAR: Gustavo Darrigo, Marta Cots, H\u00e9ctor Langone, Bodeg\u00f3n lo de Lucas, Osvaldo Foster, Jorge Paredes, Nilda Ferreyra y Juan \u00c1ngel Norese, H\u00e9ctor Ismael Ca\u00f1a, Teresa Beatriz Ferrari, Juan Manuel D\u00edaz Puerta, Gustavo Basso, Armando Sguiglia, Silvio Gonz\u00e1lez, Centro Cultural La Kalimba, Franco Zuculini, Daniel Polensvaig, Premio a la Comisi\u00f3n con Trayectoria (COBA), Mejor Proyecto (Romina Mongelos), Vecino con Aporte a la Cultura (Baltazar Tokman).<\/p>\n<p>INGENIERO MASCHWITZ: Nancy Cabrera, Argentino Derlis Segovia, Isabel Crispien, Silvia Margarita Vila, Carla Marina Pintos de Maine, Andrea Soledad Ballestero, Dora Beatriz Ayala, Carlos Alberto Fangio, Christian Rudzki, Ana Mar\u00eda Carmona, Mujeres Comprometidas \u2013 Claudia y Andrea (Barrio Santa Isabel 1), Barrio Comprometido (Aranjuez), Comisi\u00f3n Vecinal del A\u00f1o (San Lucas).<\/p>\n<p>24 DE FEBRERO: Silvana Aguirre, Mercedes Signorelli, Guillermina G\u00f3mez, Gladys Suarez, Cristina Maidana, Jos\u00e9 Mercado, Miguel Mayorga, Mar\u00eda Teresa Lourenco, Lidia P\u00e9rez.<\/p>\n<p>LOMA VERDE: Ariel Natali, Dra. Alicia Guti\u00e9rrez, Gast\u00f3n Savino, Raquel Cejas, Elena Vald\u00e9s, Santiago Burruchaga, Patricia Longoni, Mariano Luraschi, Walter Visintin.<\/p>\n<p>GAR\u00cdN: Luc\u00eda Falasca, Maia Cabrera, Tatiana Flores, Fanny Toledo, Julio Pauletto, Ram\u00f3n Far\u00edas, Tom\u00e1s Ponce, Oscar Fernando Leiva, Luis Jorge Leiva y Isabel Catalina Leiva, Eugenia Rivera, Camila Rivera.<\/p>\n<p>MAQUINISTA SAVIO: Antonella Correa, Bianca Denjean y Andr\u00e9s Basualdo; Grupo Scout N\u00b0 4 Santo Domingo Savio, Club Inter de Savio, Claudio Ben\u00edtez, Sabu Ponce, Ram\u00f3n \u201cIto\u201d Quir\u00f3z, Grupo M\u00e1rquez, Coto Ruiz, Administrador del A\u00f1o (Rub\u00e9n Acu\u00f1a).<\/p>\n<p>MATHEU: Alejo Folmer, Pablo Villalba, Mario M\u00e1rquez, Mirta Maturano, Rub\u00e9n Cobos, Horacio Romero, Mar\u00eda Martini, Pablo Blanco, Iris Masip, Ra\u00fal Guti\u00e9rrez, Distinci\u00f3n a la Colaboraci\u00f3n (Gabriela Conti).<\/p>\n","protected":false},"excerpt":{"rendered":"<p>\u201cEl lado humano que nos hace dar algo de nuestro tiempo por los dem\u00e1s, es lo que estamos reconociendo esta noche\u201d, expres\u00f3 el intendente Ariel [&hellip;]<\/p>\n","protected":false},"author":1,"featured_media":10487,"comment_status":"open","ping_status":"open","sticky":false,"template":"","format":"standard","meta":{"footnotes":""},"categories":[7,15],"tags":[],"class_list":["post-10486","post","type-post","status-publish","format-standard","has-post-thumbnail","hentry","category-interes-general","category-sociedad"],"better_featured_image":{"id":10487,"alt_text":"","caption":"","description":"","media_type":"image","media_details":{"width":720,"height":480,"file":"2024\/12\/vecinos-destacados-1-e1734472151434.jpg","filesize":477214,"sizes":{"medium":{"file":"vecinos-destacados-1-300x200.jpg","width":300,"height":200,"mime-type":"image\/jpeg","filesize":26843,"source_url":"https:\/\/nuevodigitaldeescobar.com.ar\/wp-content\/uploads\/2024\/12\/vecinos-destacados-1-300x200.jpg"},"large":{"file":"vecinos-destacados-1-1024x682.jpg","width":1024,"height":682,"mime-type":"image\/jpeg","filesize":192983,"source_url":"https:\/\/nuevodigitaldeescobar.com.ar\/wp-content\/uploads\/2024\/12\/vecinos-destacados-1-1024x682.jpg"},"thumbnail":{"file":"vecinos-destacados-1-150x150.jpg","width":150,"height":150,"mime-type":"image\/jpeg","filesize":12958,"source_url":"https:\/\/nuevodigitaldeescobar.com.ar\/wp-content\/uploads\/2024\/12\/vecinos-destacados-1-150x150.jpg"},"medium_large":{"file":"vecinos-destacados-1-768x512.jpg","width":768,"height":512,"mime-type":"image\/jpeg","filesize":122004,"source_url":"https:\/\/nuevodigitaldeescobar.com.ar\/wp-content\/uploads\/2024\/12\/vecinos-destacados-1-768x512.jpg"},"1536x1536":{"file":"vecinos-destacados-1-1536x1023.jpg","width":1536,"height":1023,"mime-type":"image\/jpeg","filesize":358450,"source_url":"https:\/\/nuevodigitaldeescobar.com.ar\/wp-content\/uploads\/2024\/12\/vecinos-destacados-1-1536x1023.jpg"}},"image_meta":{"aperture":"0","credit":"","camera":"","caption":"","created_timestamp":"0","copyright":"","focal_length":"0","iso":"0","shutter_speed":"0","title":"","orientation":"0","keywords":[]}},"post":10486,"source_url":"https:\/\/nuevodigitaldeescobar.com.ar\/wp-content\/uploads\/2024\/12\/vecinos-destacados-1-e1734472151434.jpg"},"yoast_head":"<!-- This site is optimized with the Yoast SEO plugin v26.1.1 - https:\/\/yoast.com\/wordpress\/plugins\/seo\/ -->\n<title>Entregaron reconocimientos a vecinas y vecinos destacados de 2024 - Nuevo Digital de Escobar<\/title>\n<meta name=\"robots\" content=\"index, follow, max-snippet:-1, max-image-preview:large, max-video-preview:-1\" \/>\n<link rel=\"canonical\" href=\"https:\/\/nuevodigitaldeescobar.com.ar\/?p=10486\" \/>\n<meta property=\"og:locale\" content=\"es_ES\" \/>\n<meta property=\"og:type\" content=\"article\" \/>\n<meta property=\"og:title\" content=\"Entregaron reconocimientos a vecinas y vecinos destacados de 2024 - Nuevo Digital de Escobar\" \/>\n<meta property=\"og:description\" content=\"\u201cEl lado humano que nos hace dar algo de nuestro tiempo por los dem\u00e1s, es lo que estamos reconociendo esta noche\u201d, expres\u00f3 el intendente Ariel [&hellip;]\" \/>\n<meta property=\"og:url\" content=\"https:\/\/nuevodigitaldeescobar.com.ar\/?p=10486\" \/>\n<meta property=\"og:site_name\" content=\"Nuevo Digital de Escobar\" \/>\n<meta property=\"article:publisher\" content=\"https:\/\/www.facebook.com\/NUEVODigitalDeEscobar\" \/>\n<meta property=\"article:published_time\" content=\"2024-12-18T10:00:00+00:00\" \/>\n<meta property=\"og:image\" content=\"https:\/\/nuevodigitaldeescobar.com.ar\/wp-content\/uploads\/2024\/12\/vecinos-destacados-1-e1734472151434.jpg\" \/>\n\t<meta property=\"og:image:width\" content=\"720\" \/>\n\t<meta property=\"og:image:height\" content=\"480\" \/>\n\t<meta property=\"og:image:type\" content=\"image\/jpeg\" \/>\n<meta name=\"author\" content=\"Redacci\u00f3n\" \/>\n<meta name=\"twitter:card\" content=\"summary_large_image\" \/>\n<meta name=\"twitter:creator\" content=\"@nuevodigescobar\" \/>\n<meta name=\"twitter:site\" content=\"@nuevodigescobar\" \/>\n<meta name=\"twitter:label1\" content=\"Escrito por\" \/>\n\t<meta name=\"twitter:data1\" content=\"Redacci\u00f3n\" \/>\n\t<meta name=\"twitter:label2\" content=\"Tiempo de lectura\" \/>\n\t<meta name=\"twitter:data2\" content=\"3 minutos\" \/>\n<script type=\"application\/ld+json\" class=\"yoast-schema-graph\">{\"@context\":\"https:\/\/schema.org\",\"@graph\":[{\"@type\":\"Article\",\"@id\":\"https:\/\/nuevodigitaldeescobar.com.ar\/?p=10486#article\",\"isPartOf\":{\"@id\":\"https:\/\/nuevodigitaldeescobar.com.ar\/?p=10486\"},\"author\":{\"name\":\"Redacci\u00f3n\",\"@id\":\"https:\/\/nuevodigitaldeescobar.com.ar\/#\/schema\/person\/035e90a8efe9a80e6eec22656ad6ea4c\"},\"headline\":\"Entregaron reconocimientos a vecinas y vecinos destacados de 2024\",\"datePublished\":\"2024-12-18T10:00:00+00:00\",\"mainEntityOfPage\":{\"@id\":\"https:\/\/nuevodigitaldeescobar.com.ar\/?p=10486\"},\"wordCount\":525,\"commentCount\":0,\"publisher\":{\"@id\":\"https:\/\/nuevodigitaldeescobar.com.ar\/#organization\"},\"image\":{\"@id\":\"https:\/\/nuevodigitaldeescobar.com.ar\/?p=10486#primaryimage\"},\"thumbnailUrl\":\"https:\/\/nuevodigitaldeescobar.com.ar\/wp-content\/uploads\/2024\/12\/vecinos-destacados-1-e1734472151434.jpg\",\"articleSection\":[\"Inter\u00e9s general\",\"Sociedad\"],\"inLanguage\":\"es\",\"potentialAction\":[{\"@type\":\"CommentAction\",\"name\":\"Comment\",\"target\":[\"https:\/\/nuevodigitaldeescobar.com.ar\/?p=10486#respond\"]}]},{\"@type\":\"WebPage\",\"@id\":\"https:\/\/nuevodigitaldeescobar.com.ar\/?p=10486\",\"url\":\"https:\/\/nuevodigitaldeescobar.com.ar\/?p=10486\",\"name\":\"Entregaron reconocimientos a vecinas y vecinos destacados de 2024 - Nuevo Digital de Escobar\",\"isPartOf\":{\"@id\":\"https:\/\/nuevodigitaldeescobar.com.ar\/#website\"},\"primaryImageOfPage\":{\"@id\":\"https:\/\/nuevodigitaldeescobar.com.ar\/?p=10486#primaryimage\"},\"image\":{\"@id\":\"https:\/\/nuevodigitaldeescobar.com.ar\/?p=10486#primaryimage\"},\"thumbnailUrl\":\"https:\/\/nuevodigitaldeescobar.com.ar\/wp-content\/uploads\/2024\/12\/vecinos-destacados-1-e1734472151434.jpg\",\"datePublished\":\"2024-12-18T10:00:00+00:00\",\"breadcrumb\":{\"@id\":\"https:\/\/nuevodigitaldeescobar.com.ar\/?p=10486#breadcrumb\"},\"inLanguage\":\"es\",\"potentialAction\":[{\"@type\":\"ReadAction\",\"target\":[\"https:\/\/nuevodigitaldeescobar.com.ar\/?p=10486\"]}]},{\"@type\":\"ImageObject\",\"inLanguage\":\"es\",\"@id\":\"https:\/\/nuevodigitaldeescobar.com.ar\/?p=10486#primaryimage\",\"url\":\"https:\/\/nuevodigitaldeescobar.com.ar\/wp-content\/uploads\/2024\/12\/vecinos-destacados-1-e1734472151434.jpg\",\"contentUrl\":\"https:\/\/nuevodigitaldeescobar.com.ar\/wp-content\/uploads\/2024\/12\/vecinos-destacados-1-e1734472151434.jpg\",\"width\":720,\"height\":480},{\"@type\":\"BreadcrumbList\",\"@id\":\"https:\/\/nuevodigitaldeescobar.com.ar\/?p=10486#breadcrumb\",\"itemListElement\":[{\"@type\":\"ListItem\",\"position\":1,\"name\":\"Portada\",\"item\":\"https:\/\/nuevodigitaldeescobar.com.ar\/\"},{\"@type\":\"ListItem\",\"position\":2,\"name\":\"Entregaron reconocimientos a vecinas y vecinos destacados de 2024\"}]},{\"@type\":\"WebSite\",\"@id\":\"https:\/\/nuevodigitaldeescobar.com.ar\/#website\",\"url\":\"https:\/\/nuevodigitaldeescobar.com.ar\/\",\"name\":\"Nuevo Digital de Escobar\",\"description\":\"La vida escobarense. Directora: Rosana Brunner\",\"publisher\":{\"@id\":\"https:\/\/nuevodigitaldeescobar.com.ar\/#organization\"},\"potentialAction\":[{\"@type\":\"SearchAction\",\"target\":{\"@type\":\"EntryPoint\",\"urlTemplate\":\"https:\/\/nuevodigitaldeescobar.com.ar\/?s={search_term_string}\"},\"query-input\":{\"@type\":\"PropertyValueSpecification\",\"valueRequired\":true,\"valueName\":\"search_term_string\"}}],\"inLanguage\":\"es\"},{\"@type\":\"Organization\",\"@id\":\"https:\/\/nuevodigitaldeescobar.com.ar\/#organization\",\"name\":\"Nuevo Digital de Escobar\",\"url\":\"https:\/\/nuevodigitaldeescobar.com.ar\/\",\"logo\":{\"@type\":\"ImageObject\",\"inLanguage\":\"es\",\"@id\":\"https:\/\/nuevodigitaldeescobar.com.ar\/#\/schema\/logo\/image\/\",\"url\":\"https:\/\/nuevodigitaldeescobar.com.ar\/wp-content\/uploads\/2025\/05\/cropped-logo-nuevo2.jpg\",\"contentUrl\":\"https:\/\/nuevodigitaldeescobar.com.ar\/wp-content\/uploads\/2025\/05\/cropped-logo-nuevo2.jpg\",\"width\":305,\"height\":305,\"caption\":\"Nuevo Digital de Escobar\"},\"image\":{\"@id\":\"https:\/\/nuevodigitaldeescobar.com.ar\/#\/schema\/logo\/image\/\"},\"sameAs\":[\"https:\/\/www.facebook.com\/NUEVODigitalDeEscobar\",\"https:\/\/x.com\/nuevodigescobar\",\"https:\/\/www.instagram.com\/nuevodigitaldeescobar\"]},{\"@type\":\"Person\",\"@id\":\"https:\/\/nuevodigitaldeescobar.com.ar\/#\/schema\/person\/035e90a8efe9a80e6eec22656ad6ea4c\",\"name\":\"Redacci\u00f3n\",\"image\":{\"@type\":\"ImageObject\",\"inLanguage\":\"es\",\"@id\":\"https:\/\/nuevodigitaldeescobar.com.ar\/#\/schema\/person\/image\/\",\"url\":\"https:\/\/secure.gravatar.com\/avatar\/8af8f40000c24e9eef3034f2be5998a372bb1389e64b1a4a36b3a7979142220d?s=96&d=mm&r=g\",\"contentUrl\":\"https:\/\/secure.gravatar.com\/avatar\/8af8f40000c24e9eef3034f2be5998a372bb1389e64b1a4a36b3a7979142220d?s=96&d=mm&r=g\",\"caption\":\"Redacci\u00f3n\"},\"sameAs\":[\"http:\/\/nuevodigitaldeescobar.com.ar\"],\"url\":\"https:\/\/nuevodigitaldeescobar.com.ar\/?author=1\"}]}<\/script>\n<!-- \/ Yoast SEO plugin. -->","yoast_head_json":{"title":"Entregaron reconocimientos a vecinas y vecinos destacados de 2024 - Nuevo Digital de Escobar","robots":{"index":"index","follow":"follow","max-snippet":"max-snippet:-1","max-image-preview":"max-image-preview:large","max-video-preview":"max-video-preview:-1"},"canonical":"https:\/\/nuevodigitaldeescobar.com.ar\/?p=10486","og_locale":"es_ES","og_type":"article","og_title":"Entregaron reconocimientos a vecinas y vecinos destacados de 2024 - Nuevo Digital de Escobar","og_description":"\u201cEl lado humano que nos hace dar algo de nuestro tiempo por los dem\u00e1s, es lo que estamos reconociendo esta noche\u201d, expres\u00f3 el intendente Ariel [&hellip;]","og_url":"https:\/\/nuevodigitaldeescobar.com.ar\/?p=10486","og_site_name":"Nuevo Digital de Escobar","article_publisher":"https:\/\/www.facebook.com\/NUEVODigitalDeEscobar","article_published_time":"2024-12-18T10:00:00+00:00","og_image":[{"width":720,"height":480,"url":"https:\/\/nuevodigitaldeescobar.com.ar\/wp-content\/uploads\/2024\/12\/vecinos-destacados-1-e1734472151434.jpg","type":"image\/jpeg"}],"author":"Redacci\u00f3n","twitter_card":"summary_large_image","twitter_creator":"@nuevodigescobar","twitter_site":"@nuevodigescobar","twitter_misc":{"Escrito por":"Redacci\u00f3n","Tiempo de lectura":"3 minutos"},"schema":{"@context":"https:\/\/schema.org","@graph":[{"@type":"Article","@id":"https:\/\/nuevodigitaldeescobar.com.ar\/?p=10486#article","isPartOf":{"@id":"https:\/\/nuevodigitaldeescobar.com.ar\/?p=10486"},"author":{"name":"Redacci\u00f3n","@id":"https:\/\/nuevodigitaldeescobar.com.ar\/#\/schema\/person\/035e90a8efe9a80e6eec22656ad6ea4c"},"headline":"Entregaron reconocimientos a vecinas y vecinos destacados de 2024","datePublished":"2024-12-18T10:00:00+00:00","mainEntityOfPage":{"@id":"https:\/\/nuevodigitaldeescobar.com.ar\/?p=10486"},"wordCount":525,"commentCount":0,"publisher":{"@id":"https:\/\/nuevodigitaldeescobar.com.ar\/#organization"},"image":{"@id":"https:\/\/nuevodigitaldeescobar.com.ar\/?p=10486#primaryimage"},"thumbnailUrl":"https:\/\/nuevodigitaldeescobar.com.ar\/wp-content\/uploads\/2024\/12\/vecinos-destacados-1-e1734472151434.jpg","articleSection":["Inter\u00e9s general","Sociedad"],"inLanguage":"es","potentialAction":[{"@type":"CommentAction","name":"Comment","target":["https:\/\/nuevodigitaldeescobar.com.ar\/?p=10486#respond"]}]},{"@type":"WebPage","@id":"https:\/\/nuevodigitaldeescobar.com.ar\/?p=10486","url":"https:\/\/nuevodigitaldeescobar.com.ar\/?p=10486","name":"Entregaron reconocimientos a vecinas y vecinos destacados de 2024 - Nuevo Digital de Escobar","isPartOf":{"@id":"https:\/\/nuevodigitaldeescobar.com.ar\/#website"},"primaryImageOfPage":{"@id":"https:\/\/nuevodigitaldeescobar.com.ar\/?p=10486#primaryimage"},"image":{"@id":"https:\/\/nuevodigitaldeescobar.com.ar\/?p=10486#primaryimage"},"thumbnailUrl":"https:\/\/nuevodigitaldeescobar.com.ar\/wp-content\/uploads\/2024\/12\/vecinos-destacados-1-e1734472151434.jpg","datePublished":"2024-12-18T10:00:00+00:00","breadcrumb":{"@id":"https:\/\/nuevodigitaldeescobar.com.ar\/?p=10486#breadcrumb"},"inLanguage":"es","potentialAction":[{"@type":"ReadAction","target":["https:\/\/nuevodigitaldeescobar.com.ar\/?p=10486"]}]},{"@type":"ImageObject","inLanguage":"es","@id":"https:\/\/nuevodigitaldeescobar.com.ar\/?p=10486#primaryimage","url":"https:\/\/nuevodigitaldeescobar.com.ar\/wp-content\/uploads\/2024\/12\/vecinos-destacados-1-e1734472151434.jpg","contentUrl":"https:\/\/nuevodigitaldeescobar.com.ar\/wp-content\/uploads\/2024\/12\/vecinos-destacados-1-e1734472151434.jpg","width":720,"height":480},{"@type":"BreadcrumbList","@id":"https:\/\/nuevodigitaldeescobar.com.ar\/?p=10486#breadcrumb","itemListElement":[{"@type":"ListItem","position":1,"name":"Portada","item":"https:\/\/nuevodigitaldeescobar.com.ar\/"},{"@type":"ListItem","position":2,"name":"Entregaron reconocimientos a vecinas y vecinos destacados de 2024"}]},{"@type":"WebSite","@id":"https:\/\/nuevodigitaldeescobar.com.ar\/#website","url":"https:\/\/nuevodigitaldeescobar.com.ar\/","name":"Nuevo Digital de Escobar","description":"La vida escobarense. Directora: Rosana Brunner","publisher":{"@id":"https:\/\/nuevodigitaldeescobar.com.ar\/#organization"},"potentialAction":[{"@type":"SearchAction","target":{"@type":"EntryPoint","urlTemplate":"https:\/\/nuevodigitaldeescobar.com.ar\/?s={search_term_string}"},"query-input":{"@type":"PropertyValueSpecification","valueRequired":true,"valueName":"search_term_string"}}],"inLanguage":"es"},{"@type":"Organization","@id":"https:\/\/nuevodigitaldeescobar.com.ar\/#organization","name":"Nuevo Digital de Escobar","url":"https:\/\/nuevodigitaldeescobar.com.ar\/","logo":{"@type":"ImageObject","inLanguage":"es","@id":"https:\/\/nuevodigitaldeescobar.com.ar\/#\/schema\/logo\/image\/","url":"https:\/\/nuevodigitaldeescobar.com.ar\/wp-content\/uploads\/2025\/05\/cropped-logo-nuevo2.jpg","contentUrl":"https:\/\/nuevodigitaldeescobar.com.ar\/wp-content\/uploads\/2025\/05\/cropped-logo-nuevo2.jpg","width":305,"height":305,"caption":"Nuevo Digital de Escobar"},"image":{"@id":"https:\/\/nuevodigitaldeescobar.com.ar\/#\/schema\/logo\/image\/"},"sameAs":["https:\/\/www.facebook.com\/NUEVODigitalDeEscobar","https:\/\/x.com\/nuevodigescobar","https:\/\/www.instagram.com\/nuevodigitaldeescobar"]},{"@type":"Person","@id":"https:\/\/nuevodigitaldeescobar.com.ar\/#\/schema\/person\/035e90a8efe9a80e6eec22656ad6ea4c","name":"Redacci\u00f3n","image":{"@type":"ImageObject","inLanguage":"es","@id":"https:\/\/nuevodigitaldeescobar.com.ar\/#\/schema\/person\/image\/","url":"https:\/\/secure.gravatar.com\/avatar\/8af8f40000c24e9eef3034f2be5998a372bb1389e64b1a4a36b3a7979142220d?s=96&d=mm&r=g","contentUrl":"https:\/\/secure.gravatar.com\/avatar\/8af8f40000c24e9eef3034f2be5998a372bb1389e64b1a4a36b3a7979142220d?s=96&d=mm&r=g","caption":"Redacci\u00f3n"},"sameAs":["http:\/\/nuevodigitaldeescobar.com.ar"],"url":"https:\/\/nuevodigitaldeescobar.com.ar\/?author=1"}]}},"featured_image_urls":{"full":["https:\/\/nuevodigitaldeescobar.com.ar\/wp-content\/uploads\/2024\/12\/vecinos-destacados-1-e1734472151434.jpg",720,480,false],"thumbnail":["https:\/\/nuevodigitaldeescobar.com.ar\/wp-content\/uploads\/2024\/12\/vecinos-destacados-1-150x150.jpg",150,150,true],"medium":["https:\/\/nuevodigitaldeescobar.com.ar\/wp-content\/uploads\/2024\/12\/vecinos-destacados-1-300x200.jpg",300,200,true],"medium_large":["https:\/\/nuevodigitaldeescobar.com.ar\/wp-content\/uploads\/2024\/12\/vecinos-destacados-1-768x512.jpg",640,427,true],"large":["https:\/\/nuevodigitaldeescobar.com.ar\/wp-content\/uploads\/2024\/12\/vecinos-destacados-1-1024x682.jpg",640,426,true],"1536x1536":["https:\/\/nuevodigitaldeescobar.com.ar\/wp-content\/uploads\/2024\/12\/vecinos-destacados-1-1536x1023.jpg",1536,1023,true],"2048x2048":["https:\/\/nuevodigitaldeescobar.com.ar\/wp-content\/uploads\/2024\/12\/vecinos-destacados-1-e1734472151434.jpg",720,480,false]},"author_info":{"display_name":"Redacci\u00f3n","author_link":"https:\/\/nuevodigitaldeescobar.com.ar\/?author=1"},"category_info":"<a href=\"https:\/\/nuevodigitaldeescobar.com.ar\/?cat=7\" rel=\"category\">Inter\u00e9s general<\/a> <a href=\"https:\/\/nuevodigitaldeescobar.com.ar\/?cat=15\" rel=\"category\">Sociedad<\/a>","tag_info":"Sociedad","comment_count":"0","_links":{"self":[{"href":"https:\/\/nuevodigitaldeescobar.com.ar\/index.php?rest_route=\/wp\/v2\/posts\/10486","targetHints":{"allow":["GET"]}}],"collection":[{"href":"https:\/\/nuevodigitaldeescobar.com.ar\/index.php?rest_route=\/wp\/v2\/posts"}],"about":[{"href":"https:\/\/nuevodigitaldeescobar.com.ar\/index.php?rest_route=\/wp\/v2\/types\/post"}],"author":[{"embeddable":true,"href":"https:\/\/nuevodigitaldeescobar.com.ar\/index.php?rest_route=\/wp\/v2\/users\/1"}],"replies":[{"embeddable":true,"href":"https:\/\/nuevodigitaldeescobar.com.ar\/index.php?rest_route=%2Fwp%2Fv2%2Fcomments&post=10486"}],"version-history":[{"count":1,"href":"https:\/\/nuevodigitaldeescobar.com.ar\/index.php?rest_route=\/wp\/v2\/posts\/10486\/revisions"}],"predecessor-version":[{"id":10490,"href":"https:\/\/nuevodigitaldeescobar.com.ar\/index.php?rest_route=\/wp\/v2\/posts\/10486\/revisions\/10490"}],"wp:featuredmedia":[{"embeddable":true,"href":"https:\/\/nuevodigitaldeescobar.com.ar\/index.php?rest_route=\/wp\/v2\/media\/10487"}],"wp:attachment":[{"href":"https:\/\/nuevodigitaldeescobar.com.ar\/index.php?rest_route=%2Fwp%2Fv2%2Fmedia&parent=10486"}],"wp:term":[{"taxonomy":"category","embeddable":true,"href":"https:\/\/nuevodigitaldeescobar.com.ar\/index.php?rest_route=%2Fwp%2Fv2%2Fcategories&post=10486"},{"taxonomy":"post_tag","embeddable":true,"href":"https:\/\/nuevodigitaldeescobar.com.ar\/index.php?rest_route=%2Fwp%2Fv2%2Ftags&post=10486"}],"curies":[{"name":"wp","href":"https:\/\/api.w.org\/{rel}","templated":true}]}}