{"id":10497,"date":"2024-12-18T07:00:00","date_gmt":"2024-12-18T10:00:00","guid":{"rendered":"https:\/\/nuevodigitaldeescobar.com.ar\/?p=10497"},"modified":"2024-12-17T19:55:12","modified_gmt":"2024-12-17T22:55:12","slug":"javier-milei-sobre-el-gendarme-secuestrado-en-venezuela-agotaremos-todas-las-vias-para-devolverlo-sano-y-salvo-a-la-argentina","status":"publish","type":"post","link":"https:\/\/nuevodigitaldeescobar.com.ar\/?p=10497","title":{"rendered":"Javier Milei sobre el gendarme secuestrado en Venezuela: \u00abAgotaremos todas las v\u00edas para devolverlo sano y salvo a la Argentina\u00bb"},"content":{"rendered":"<p><span style=\"color: #003366;\"><strong><em>El Presidente se refiri\u00f3 a la detenci\u00f3n de Nahuel Gallo durante el acto de entrega de sables y medallas en el Colegio Militar. Dijo que Maduro es \u201cun dictador criminal\u201d.<\/em><\/strong><\/span><\/p>\n<p><!--more--><\/p>\n<p>Javier Milei se refiri\u00f3 por primera vez a la detenci\u00f3n de Nahuel Gallo, el gendarme retenido en Venezuela por el r\u00e9gimen de Nicol\u00e1s Maduro. El Presidente tild\u00f3 al l\u00edder chavista de <em>\u201cdictador criminal\u201d<\/em> y dijo que desde el Gobierno trabajan para la liberaci\u00f3n del oficial.<\/p>\n<p>Fue este martes, en la entrega de sables y medallas en el Colegio Militar, donde el mandatario comenz\u00f3 su discurso refiri\u00e9ndose al secuestro del gendarme catamarque\u00f1o que est\u00e1 privado de su libertad en el pa\u00eds vecino desde el pasado 8 de diciembre.<\/p>\n<p><em>\u201cEn primer lugar, y antes de comenzar el discurso, quiero referirme al secuestro ilegal de Nahuel Gallo en Venezuela. Fue detenido por las Fuerzas de Seguridad a cargo del dictador criminal Nicol\u00e1s Maduro por el \u00fanico delito de visitar a su pareja y su hijo\u00bb<\/em>, comenz\u00f3 diciendo Milei.<\/p>\n<p>Mientras Argentina acelera las gestiones diplom\u00e1ticas para aumentar la presi\u00f3n sobre Maduro, el Presidente remarc\u00f3: <em>\u201cExigimos su liberaci\u00f3n inmediata y agotaremos todas las v\u00edas diplom\u00e1ticas para devolverlo sano y salvo a la Argentina\u201d<\/em>.<\/p>\n<figure id=\"attachment_10498\" aria-describedby=\"caption-attachment-10498\" style=\"width: 720px\" class=\"wp-caption alignnone\"><a href=\"https:\/\/nuevodigitaldeescobar.com.ar\/?attachment_id=10498\" rel=\"attachment wp-att-10498\"><img fetchpriority=\"high\" decoding=\"async\" class=\"size-full wp-image-10498\" src=\"http:\/\/nuevodigitaldeescobar.com.ar\/wp-content\/uploads\/2024\/12\/gendarme-e1734476038247.jpg\" alt=\"\" width=\"720\" height=\"405\" \/><\/a><figcaption id=\"caption-attachment-10498\" class=\"wp-caption-text\">Agust\u00edn Nahuel Gallo, el gendarme argentino detenido en Venezuela.<\/figcaption><\/figure>\n<p>Desde que Javier Milei conden\u00f3 el fraude en las elecciones presidenciales de julio y reconoci\u00f3 la victoria de Edmundo Gonz\u00e1lez Urrutia, Maduro ech\u00f3 a la diplomacia nacional de Venezuela. En consecuencia, el pa\u00eds se qued\u00f3 sin representaci\u00f3n consular y Brasilia asumi\u00f3 el resguardo de la residencia argentina.<\/p>\n<p>Ese punto complica las gestiones actuales por la liberaci\u00f3n de Gallo. Y por este motivo, para resolver la situaci\u00f3n del argentino, las autoridades ya pidieron apoyo consular a Brasil.<\/p>\n<p>Adem\u00e1s, el Gobierno explora m\u00faltiples v\u00edas para lograr un salvoconducto y salida a la situaci\u00f3n. Gerardo Werthein, canciller, lidera las gestiones exteriores para sumar interlocutores que ejerzan presi\u00f3n sobre el r\u00e9gimen bolivariano. Adem\u00e1s de Brasil y Colombia, Buenos Aires hace contactos con Par\u00eds para buscar una soluci\u00f3n.<\/p>\n<h3><span style=\"color: #003366;\">La detenci\u00f3n de Nahuel Gallo<\/span><\/h3>\n<p>La detenci\u00f3n del gendarme argentino fue en el paso fronterizo terrestre, cruzando el Puente Internacional Francisco de Paula Santander, para dirigirse a la localidad venezolana de T\u00e1chira.<\/p>\n<p>Nahuel Gallo vive en Mendoza, donde presta servicio como gendarme en el Paso Cristo Redentor de Horcones, en la frontera con Chile. Viaj\u00f3 desde la capital mendocina a Venezuela con escala en Colombia para abaratar costos del traslado. Hizo Migraciones en el pa\u00eds cafetero a las 7:40 del domingo.<\/p>\n<p>A las 8 realiz\u00f3 Migraciones en Venezuela y ah\u00ed fue retenido. Ten\u00eda un vuelo a las 11 desde el Aeropuerto de San Antonio del T\u00e1chira con destino a Caracas. Nunca pudo subir al avi\u00f3n. El \u00faltimo contacto con su familia fue a las 10:54 de ese 8 de diciembre, cuando le comunic\u00f3 a su pareja que estaba secuestrado.<\/p>\n<p>Seg\u00fan la ministra de Seguridad, Patricia Bullrich, Gallo est\u00e1 alojado en una base de los Servicios de Inteligencia venezolanos en T\u00e1chira.<\/p>\n<p><em>(Infobae)<\/em><\/p>\n","protected":false},"excerpt":{"rendered":"<p>El Presidente se refiri\u00f3 a la detenci\u00f3n de Nahuel Gallo durante el acto de entrega de sables y medallas en el Colegio Militar. Dijo que [&hellip;]<\/p>\n","protected":false},"author":1,"featured_media":10499,"comment_status":"open","ping_status":"open","sticky":false,"template":"","format":"standard","meta":{"footnotes":""},"categories":[285,61],"tags":[],"class_list":["post-10497","post","type-post","status-publish","format-standard","has-post-thumbnail","hentry","category-internacionales","category-nacionales"],"better_featured_image":{"id":10499,"alt_text":"","caption":"","description":"","media_type":"image","media_details":{"width":720,"height":405,"file":"2024\/12\/milei-e1734476098596.jpg","filesize":98380,"sizes":{"medium":{"file":"milei-300x169.jpg","width":300,"height":169,"mime-type":"image\/jpeg","filesize":12562,"source_url":"https:\/\/nuevodigitaldeescobar.com.ar\/wp-content\/uploads\/2024\/12\/milei-300x169.jpg"},"thumbnail":{"file":"milei-150x150.jpg","width":150,"height":150,"mime-type":"image\/jpeg","filesize":5426,"source_url":"https:\/\/nuevodigitaldeescobar.com.ar\/wp-content\/uploads\/2024\/12\/milei-150x150.jpg"},"medium_large":{"file":"milei-768x432.jpg","width":768,"height":432,"mime-type":"image\/jpeg","filesize":50409,"source_url":"https:\/\/nuevodigitaldeescobar.com.ar\/wp-content\/uploads\/2024\/12\/milei-768x432.jpg"}},"image_meta":{"aperture":"0","credit":"","camera":"","caption":"","created_timestamp":"0","copyright":"","focal_length":"0","iso":"0","shutter_speed":"0","title":"","orientation":"0","keywords":[]}},"post":10497,"source_url":"https:\/\/nuevodigitaldeescobar.com.ar\/wp-content\/uploads\/2024\/12\/milei-e1734476098596.jpg"},"yoast_head":"<!-- This site is optimized with the Yoast SEO plugin v26.1.1 - https:\/\/yoast.com\/wordpress\/plugins\/seo\/ -->\n<title>Javier Milei sobre el gendarme secuestrado en Venezuela: &quot;Agotaremos todas las v\u00edas para devolverlo sano y salvo a la Argentina&quot; - Nuevo Digital de Escobar<\/title>\n<meta name=\"robots\" content=\"index, follow, max-snippet:-1, max-image-preview:large, max-video-preview:-1\" \/>\n<link rel=\"canonical\" href=\"https:\/\/nuevodigitaldeescobar.com.ar\/?p=10497\" \/>\n<meta property=\"og:locale\" content=\"es_ES\" \/>\n<meta property=\"og:type\" content=\"article\" \/>\n<meta property=\"og:title\" content=\"Javier Milei sobre el gendarme secuestrado en Venezuela: &quot;Agotaremos todas las v\u00edas para devolverlo sano y salvo a la Argentina&quot; - Nuevo Digital de Escobar\" \/>\n<meta property=\"og:description\" content=\"El Presidente se refiri\u00f3 a la detenci\u00f3n de Nahuel Gallo durante el acto de entrega de sables y medallas en el Colegio Militar. Dijo que [&hellip;]\" \/>\n<meta property=\"og:url\" content=\"https:\/\/nuevodigitaldeescobar.com.ar\/?p=10497\" \/>\n<meta property=\"og:site_name\" content=\"Nuevo Digital de Escobar\" \/>\n<meta property=\"article:publisher\" content=\"https:\/\/www.facebook.com\/NUEVODigitalDeEscobar\" \/>\n<meta property=\"article:published_time\" content=\"2024-12-18T10:00:00+00:00\" \/>\n<meta property=\"og:image\" content=\"https:\/\/nuevodigitaldeescobar.com.ar\/wp-content\/uploads\/2024\/12\/milei-e1734476098596.jpg\" \/>\n\t<meta property=\"og:image:width\" content=\"720\" \/>\n\t<meta property=\"og:image:height\" content=\"405\" \/>\n\t<meta property=\"og:image:type\" content=\"image\/jpeg\" \/>\n<meta name=\"author\" content=\"Redacci\u00f3n\" \/>\n<meta name=\"twitter:card\" content=\"summary_large_image\" \/>\n<meta name=\"twitter:creator\" content=\"@nuevodigescobar\" \/>\n<meta name=\"twitter:site\" content=\"@nuevodigescobar\" \/>\n<meta name=\"twitter:label1\" content=\"Escrito por\" \/>\n\t<meta name=\"twitter:data1\" content=\"Redacci\u00f3n\" \/>\n\t<meta name=\"twitter:label2\" content=\"Tiempo de lectura\" \/>\n\t<meta name=\"twitter:data2\" content=\"3 minutos\" \/>\n<script type=\"application\/ld+json\" class=\"yoast-schema-graph\">{\"@context\":\"https:\/\/schema.org\",\"@graph\":[{\"@type\":\"Article\",\"@id\":\"https:\/\/nuevodigitaldeescobar.com.ar\/?p=10497#article\",\"isPartOf\":{\"@id\":\"https:\/\/nuevodigitaldeescobar.com.ar\/?p=10497\"},\"author\":{\"name\":\"Redacci\u00f3n\",\"@id\":\"https:\/\/nuevodigitaldeescobar.com.ar\/#\/schema\/person\/035e90a8efe9a80e6eec22656ad6ea4c\"},\"headline\":\"Javier Milei sobre el gendarme secuestrado en Venezuela: \u00abAgotaremos todas las v\u00edas para devolverlo sano y salvo a la Argentina\u00bb\",\"datePublished\":\"2024-12-18T10:00:00+00:00\",\"mainEntityOfPage\":{\"@id\":\"https:\/\/nuevodigitaldeescobar.com.ar\/?p=10497\"},\"wordCount\":552,\"commentCount\":0,\"publisher\":{\"@id\":\"https:\/\/nuevodigitaldeescobar.com.ar\/#organization\"},\"image\":{\"@id\":\"https:\/\/nuevodigitaldeescobar.com.ar\/?p=10497#primaryimage\"},\"thumbnailUrl\":\"https:\/\/nuevodigitaldeescobar.com.ar\/wp-content\/uploads\/2024\/12\/milei-e1734476098596.jpg\",\"articleSection\":[\"Internacionales\",\"Nacionales\"],\"inLanguage\":\"es\",\"potentialAction\":[{\"@type\":\"CommentAction\",\"name\":\"Comment\",\"target\":[\"https:\/\/nuevodigitaldeescobar.com.ar\/?p=10497#respond\"]}]},{\"@type\":\"WebPage\",\"@id\":\"https:\/\/nuevodigitaldeescobar.com.ar\/?p=10497\",\"url\":\"https:\/\/nuevodigitaldeescobar.com.ar\/?p=10497\",\"name\":\"Javier Milei sobre el gendarme secuestrado en Venezuela: \\\"Agotaremos todas las v\u00edas para devolverlo sano y salvo a la Argentina\\\" - Nuevo Digital de Escobar\",\"isPartOf\":{\"@id\":\"https:\/\/nuevodigitaldeescobar.com.ar\/#website\"},\"primaryImageOfPage\":{\"@id\":\"https:\/\/nuevodigitaldeescobar.com.ar\/?p=10497#primaryimage\"},\"image\":{\"@id\":\"https:\/\/nuevodigitaldeescobar.com.ar\/?p=10497#primaryimage\"},\"thumbnailUrl\":\"https:\/\/nuevodigitaldeescobar.com.ar\/wp-content\/uploads\/2024\/12\/milei-e1734476098596.jpg\",\"datePublished\":\"2024-12-18T10:00:00+00:00\",\"breadcrumb\":{\"@id\":\"https:\/\/nuevodigitaldeescobar.com.ar\/?p=10497#breadcrumb\"},\"inLanguage\":\"es\",\"potentialAction\":[{\"@type\":\"ReadAction\",\"target\":[\"https:\/\/nuevodigitaldeescobar.com.ar\/?p=10497\"]}]},{\"@type\":\"ImageObject\",\"inLanguage\":\"es\",\"@id\":\"https:\/\/nuevodigitaldeescobar.com.ar\/?p=10497#primaryimage\",\"url\":\"https:\/\/nuevodigitaldeescobar.com.ar\/wp-content\/uploads\/2024\/12\/milei-e1734476098596.jpg\",\"contentUrl\":\"https:\/\/nuevodigitaldeescobar.com.ar\/wp-content\/uploads\/2024\/12\/milei-e1734476098596.jpg\",\"width\":720,\"height\":405},{\"@type\":\"BreadcrumbList\",\"@id\":\"https:\/\/nuevodigitaldeescobar.com.ar\/?p=10497#breadcrumb\",\"itemListElement\":[{\"@type\":\"ListItem\",\"position\":1,\"name\":\"Portada\",\"item\":\"https:\/\/nuevodigitaldeescobar.com.ar\/\"},{\"@type\":\"ListItem\",\"position\":2,\"name\":\"Javier Milei sobre el gendarme secuestrado en Venezuela: &#8220;Agotaremos todas las v\u00edas para devolverlo sano y salvo a la Argentina&#8221;\"}]},{\"@type\":\"WebSite\",\"@id\":\"https:\/\/nuevodigitaldeescobar.com.ar\/#website\",\"url\":\"https:\/\/nuevodigitaldeescobar.com.ar\/\",\"name\":\"Nuevo Digital de Escobar\",\"description\":\"La vida escobarense. Directora: Rosana Brunner\",\"publisher\":{\"@id\":\"https:\/\/nuevodigitaldeescobar.com.ar\/#organization\"},\"potentialAction\":[{\"@type\":\"SearchAction\",\"target\":{\"@type\":\"EntryPoint\",\"urlTemplate\":\"https:\/\/nuevodigitaldeescobar.com.ar\/?s={search_term_string}\"},\"query-input\":{\"@type\":\"PropertyValueSpecification\",\"valueRequired\":true,\"valueName\":\"search_term_string\"}}],\"inLanguage\":\"es\"},{\"@type\":\"Organization\",\"@id\":\"https:\/\/nuevodigitaldeescobar.com.ar\/#organization\",\"name\":\"Nuevo Digital de Escobar\",\"url\":\"https:\/\/nuevodigitaldeescobar.com.ar\/\",\"logo\":{\"@type\":\"ImageObject\",\"inLanguage\":\"es\",\"@id\":\"https:\/\/nuevodigitaldeescobar.com.ar\/#\/schema\/logo\/image\/\",\"url\":\"https:\/\/nuevodigitaldeescobar.com.ar\/wp-content\/uploads\/2025\/05\/cropped-logo-nuevo2.jpg\",\"contentUrl\":\"https:\/\/nuevodigitaldeescobar.com.ar\/wp-content\/uploads\/2025\/05\/cropped-logo-nuevo2.jpg\",\"width\":305,\"height\":305,\"caption\":\"Nuevo Digital de Escobar\"},\"image\":{\"@id\":\"https:\/\/nuevodigitaldeescobar.com.ar\/#\/schema\/logo\/image\/\"},\"sameAs\":[\"https:\/\/www.facebook.com\/NUEVODigitalDeEscobar\",\"https:\/\/x.com\/nuevodigescobar\",\"https:\/\/www.instagram.com\/nuevodigitaldeescobar\"]},{\"@type\":\"Person\",\"@id\":\"https:\/\/nuevodigitaldeescobar.com.ar\/#\/schema\/person\/035e90a8efe9a80e6eec22656ad6ea4c\",\"name\":\"Redacci\u00f3n\",\"image\":{\"@type\":\"ImageObject\",\"inLanguage\":\"es\",\"@id\":\"https:\/\/nuevodigitaldeescobar.com.ar\/#\/schema\/person\/image\/\",\"url\":\"https:\/\/secure.gravatar.com\/avatar\/8af8f40000c24e9eef3034f2be5998a372bb1389e64b1a4a36b3a7979142220d?s=96&d=mm&r=g\",\"contentUrl\":\"https:\/\/secure.gravatar.com\/avatar\/8af8f40000c24e9eef3034f2be5998a372bb1389e64b1a4a36b3a7979142220d?s=96&d=mm&r=g\",\"caption\":\"Redacci\u00f3n\"},\"sameAs\":[\"http:\/\/nuevodigitaldeescobar.com.ar\"],\"url\":\"https:\/\/nuevodigitaldeescobar.com.ar\/?author=1\"}]}<\/script>\n<!-- \/ Yoast SEO plugin. -->","yoast_head_json":{"title":"Javier Milei sobre el gendarme secuestrado en Venezuela: \"Agotaremos todas las v\u00edas para devolverlo sano y salvo a la Argentina\" - Nuevo Digital de Escobar","robots":{"index":"index","follow":"follow","max-snippet":"max-snippet:-1","max-image-preview":"max-image-preview:large","max-video-preview":"max-video-preview:-1"},"canonical":"https:\/\/nuevodigitaldeescobar.com.ar\/?p=10497","og_locale":"es_ES","og_type":"article","og_title":"Javier Milei sobre el gendarme secuestrado en Venezuela: \"Agotaremos todas las v\u00edas para devolverlo sano y salvo a la Argentina\" - Nuevo Digital de Escobar","og_description":"El Presidente se refiri\u00f3 a la detenci\u00f3n de Nahuel Gallo durante el acto de entrega de sables y medallas en el Colegio Militar. Dijo que [&hellip;]","og_url":"https:\/\/nuevodigitaldeescobar.com.ar\/?p=10497","og_site_name":"Nuevo Digital de Escobar","article_publisher":"https:\/\/www.facebook.com\/NUEVODigitalDeEscobar","article_published_time":"2024-12-18T10:00:00+00:00","og_image":[{"width":720,"height":405,"url":"https:\/\/nuevodigitaldeescobar.com.ar\/wp-content\/uploads\/2024\/12\/milei-e1734476098596.jpg","type":"image\/jpeg"}],"author":"Redacci\u00f3n","twitter_card":"summary_large_image","twitter_creator":"@nuevodigescobar","twitter_site":"@nuevodigescobar","twitter_misc":{"Escrito por":"Redacci\u00f3n","Tiempo de lectura":"3 minutos"},"schema":{"@context":"https:\/\/schema.org","@graph":[{"@type":"Article","@id":"https:\/\/nuevodigitaldeescobar.com.ar\/?p=10497#article","isPartOf":{"@id":"https:\/\/nuevodigitaldeescobar.com.ar\/?p=10497"},"author":{"name":"Redacci\u00f3n","@id":"https:\/\/nuevodigitaldeescobar.com.ar\/#\/schema\/person\/035e90a8efe9a80e6eec22656ad6ea4c"},"headline":"Javier Milei sobre el gendarme secuestrado en Venezuela: \u00abAgotaremos todas las v\u00edas para devolverlo sano y salvo a la Argentina\u00bb","datePublished":"2024-12-18T10:00:00+00:00","mainEntityOfPage":{"@id":"https:\/\/nuevodigitaldeescobar.com.ar\/?p=10497"},"wordCount":552,"commentCount":0,"publisher":{"@id":"https:\/\/nuevodigitaldeescobar.com.ar\/#organization"},"image":{"@id":"https:\/\/nuevodigitaldeescobar.com.ar\/?p=10497#primaryimage"},"thumbnailUrl":"https:\/\/nuevodigitaldeescobar.com.ar\/wp-content\/uploads\/2024\/12\/milei-e1734476098596.jpg","articleSection":["Internacionales","Nacionales"],"inLanguage":"es","potentialAction":[{"@type":"CommentAction","name":"Comment","target":["https:\/\/nuevodigitaldeescobar.com.ar\/?p=10497#respond"]}]},{"@type":"WebPage","@id":"https:\/\/nuevodigitaldeescobar.com.ar\/?p=10497","url":"https:\/\/nuevodigitaldeescobar.com.ar\/?p=10497","name":"Javier Milei sobre el gendarme secuestrado en Venezuela: \"Agotaremos todas las v\u00edas para devolverlo sano y salvo a la Argentina\" - Nuevo Digital de Escobar","isPartOf":{"@id":"https:\/\/nuevodigitaldeescobar.com.ar\/#website"},"primaryImageOfPage":{"@id":"https:\/\/nuevodigitaldeescobar.com.ar\/?p=10497#primaryimage"},"image":{"@id":"https:\/\/nuevodigitaldeescobar.com.ar\/?p=10497#primaryimage"},"thumbnailUrl":"https:\/\/nuevodigitaldeescobar.com.ar\/wp-content\/uploads\/2024\/12\/milei-e1734476098596.jpg","datePublished":"2024-12-18T10:00:00+00:00","breadcrumb":{"@id":"https:\/\/nuevodigitaldeescobar.com.ar\/?p=10497#breadcrumb"},"inLanguage":"es","potentialAction":[{"@type":"ReadAction","target":["https:\/\/nuevodigitaldeescobar.com.ar\/?p=10497"]}]},{"@type":"ImageObject","inLanguage":"es","@id":"https:\/\/nuevodigitaldeescobar.com.ar\/?p=10497#primaryimage","url":"https:\/\/nuevodigitaldeescobar.com.ar\/wp-content\/uploads\/2024\/12\/milei-e1734476098596.jpg","contentUrl":"https:\/\/nuevodigitaldeescobar.com.ar\/wp-content\/uploads\/2024\/12\/milei-e1734476098596.jpg","width":720,"height":405},{"@type":"BreadcrumbList","@id":"https:\/\/nuevodigitaldeescobar.com.ar\/?p=10497#breadcrumb","itemListElement":[{"@type":"ListItem","position":1,"name":"Portada","item":"https:\/\/nuevodigitaldeescobar.com.ar\/"},{"@type":"ListItem","position":2,"name":"Javier Milei sobre el gendarme secuestrado en Venezuela: &#8220;Agotaremos todas las v\u00edas para devolverlo sano y salvo a la Argentina&#8221;"}]},{"@type":"WebSite","@id":"https:\/\/nuevodigitaldeescobar.com.ar\/#website","url":"https:\/\/nuevodigitaldeescobar.com.ar\/","name":"Nuevo Digital de Escobar","description":"La vida escobarense. Directora: Rosana Brunner","publisher":{"@id":"https:\/\/nuevodigitaldeescobar.com.ar\/#organization"},"potentialAction":[{"@type":"SearchAction","target":{"@type":"EntryPoint","urlTemplate":"https:\/\/nuevodigitaldeescobar.com.ar\/?s={search_term_string}"},"query-input":{"@type":"PropertyValueSpecification","valueRequired":true,"valueName":"search_term_string"}}],"inLanguage":"es"},{"@type":"Organization","@id":"https:\/\/nuevodigitaldeescobar.com.ar\/#organization","name":"Nuevo Digital de Escobar","url":"https:\/\/nuevodigitaldeescobar.com.ar\/","logo":{"@type":"ImageObject","inLanguage":"es","@id":"https:\/\/nuevodigitaldeescobar.com.ar\/#\/schema\/logo\/image\/","url":"https:\/\/nuevodigitaldeescobar.com.ar\/wp-content\/uploads\/2025\/05\/cropped-logo-nuevo2.jpg","contentUrl":"https:\/\/nuevodigitaldeescobar.com.ar\/wp-content\/uploads\/2025\/05\/cropped-logo-nuevo2.jpg","width":305,"height":305,"caption":"Nuevo Digital de Escobar"},"image":{"@id":"https:\/\/nuevodigitaldeescobar.com.ar\/#\/schema\/logo\/image\/"},"sameAs":["https:\/\/www.facebook.com\/NUEVODigitalDeEscobar","https:\/\/x.com\/nuevodigescobar","https:\/\/www.instagram.com\/nuevodigitaldeescobar"]},{"@type":"Person","@id":"https:\/\/nuevodigitaldeescobar.com.ar\/#\/schema\/person\/035e90a8efe9a80e6eec22656ad6ea4c","name":"Redacci\u00f3n","image":{"@type":"ImageObject","inLanguage":"es","@id":"https:\/\/nuevodigitaldeescobar.com.ar\/#\/schema\/person\/image\/","url":"https:\/\/secure.gravatar.com\/avatar\/8af8f40000c24e9eef3034f2be5998a372bb1389e64b1a4a36b3a7979142220d?s=96&d=mm&r=g","contentUrl":"https:\/\/secure.gravatar.com\/avatar\/8af8f40000c24e9eef3034f2be5998a372bb1389e64b1a4a36b3a7979142220d?s=96&d=mm&r=g","caption":"Redacci\u00f3n"},"sameAs":["http:\/\/nuevodigitaldeescobar.com.ar"],"url":"https:\/\/nuevodigitaldeescobar.com.ar\/?author=1"}]}},"featured_image_urls":{"full":["https:\/\/nuevodigitaldeescobar.com.ar\/wp-content\/uploads\/2024\/12\/milei-e1734476098596.jpg",720,405,false],"thumbnail":["https:\/\/nuevodigitaldeescobar.com.ar\/wp-content\/uploads\/2024\/12\/milei-150x150.jpg",150,150,true],"medium":["https:\/\/nuevodigitaldeescobar.com.ar\/wp-content\/uploads\/2024\/12\/milei-300x169.jpg",300,169,true],"medium_large":["https:\/\/nuevodigitaldeescobar.com.ar\/wp-content\/uploads\/2024\/12\/milei-768x432.jpg",640,360,true],"large":["https:\/\/nuevodigitaldeescobar.com.ar\/wp-content\/uploads\/2024\/12\/milei-e1734476098596.jpg",640,360,false],"1536x1536":["https:\/\/nuevodigitaldeescobar.com.ar\/wp-content\/uploads\/2024\/12\/milei-e1734476098596.jpg",720,405,false],"2048x2048":["https:\/\/nuevodigitaldeescobar.com.ar\/wp-content\/uploads\/2024\/12\/milei-e1734476098596.jpg",720,405,false]},"author_info":{"display_name":"Redacci\u00f3n","author_link":"https:\/\/nuevodigitaldeescobar.com.ar\/?author=1"},"category_info":"<a href=\"https:\/\/nuevodigitaldeescobar.com.ar\/?cat=285\" rel=\"category\">Internacionales<\/a> <a href=\"https:\/\/nuevodigitaldeescobar.com.ar\/?cat=61\" rel=\"category\">Nacionales<\/a>","tag_info":"Nacionales","comment_count":"0","_links":{"self":[{"href":"https:\/\/nuevodigitaldeescobar.com.ar\/index.php?rest_route=\/wp\/v2\/posts\/10497","targetHints":{"allow":["GET"]}}],"collection":[{"href":"https:\/\/nuevodigitaldeescobar.com.ar\/index.php?rest_route=\/wp\/v2\/posts"}],"about":[{"href":"https:\/\/nuevodigitaldeescobar.com.ar\/index.php?rest_route=\/wp\/v2\/types\/post"}],"author":[{"embeddable":true,"href":"https:\/\/nuevodigitaldeescobar.com.ar\/index.php?rest_route=\/wp\/v2\/users\/1"}],"replies":[{"embeddable":true,"href":"https:\/\/nuevodigitaldeescobar.com.ar\/index.php?rest_route=%2Fwp%2Fv2%2Fcomments&post=10497"}],"version-history":[{"count":1,"href":"https:\/\/nuevodigitaldeescobar.com.ar\/index.php?rest_route=\/wp\/v2\/posts\/10497\/revisions"}],"predecessor-version":[{"id":10500,"href":"https:\/\/nuevodigitaldeescobar.com.ar\/index.php?rest_route=\/wp\/v2\/posts\/10497\/revisions\/10500"}],"wp:featuredmedia":[{"embeddable":true,"href":"https:\/\/nuevodigitaldeescobar.com.ar\/index.php?rest_route=\/wp\/v2\/media\/10499"}],"wp:attachment":[{"href":"https:\/\/nuevodigitaldeescobar.com.ar\/index.php?rest_route=%2Fwp%2Fv2%2Fmedia&parent=10497"}],"wp:term":[{"taxonomy":"category","embeddable":true,"href":"https:\/\/nuevodigitaldeescobar.com.ar\/index.php?rest_route=%2Fwp%2Fv2%2Fcategories&post=10497"},{"taxonomy":"post_tag","embeddable":true,"href":"https:\/\/nuevodigitaldeescobar.com.ar\/index.php?rest_route=%2Fwp%2Fv2%2Ftags&post=10497"}],"curies":[{"name":"wp","href":"https:\/\/api.w.org\/{rel}","templated":true}]}}