{"id":10506,"date":"2024-12-18T13:39:47","date_gmt":"2024-12-18T16:39:47","guid":{"rendered":"https:\/\/nuevodigitaldeescobar.com.ar\/?p=10506"},"modified":"2024-12-18T13:39:51","modified_gmt":"2024-12-18T16:39:51","slug":"el-regreso-del-servicio-civico-que-es-quienes-pueden-participar-y-como-funcionara","status":"publish","type":"post","link":"https:\/\/nuevodigitaldeescobar.com.ar\/?p=10506","title":{"rendered":"El regreso del Servicio C\u00edvico: qu\u00e9 es, qui\u00e9nes pueden participar y c\u00f3mo funcionar\u00e1"},"content":{"rendered":"<p><span style=\"color: #003366;\"><strong><em>Su objetivo principal ser\u00e1 brindar herramientas de formaci\u00f3n c\u00edvica, educativa y laboral, con el fin de alejarlos del delito y la marginalidad, promoviendo la disciplina, el respeto y valores comunitarios.<\/em><\/strong><\/span><\/p>\n<p><!--more--><\/p>\n<hr \/>\n<p>El gobierno nacional anunci\u00f3 el regreso del Servicio C\u00edvico Voluntario en Valores, un programa destinado a j\u00f3venes de entre 18 y 24 a\u00f1os que no trabajan ni estudian.<\/p>\n<p>La iniciativa ser\u00e1 llevada adelante por la <strong>Gendarmer\u00eda Nacional<\/strong> en colaboraci\u00f3n con el <strong>Ministerio de Capital Humano<\/strong> y en una primera etapa se desarrollar\u00e1 en seis provincias: <strong>Buenos Aires<\/strong>, <strong>C\u00f3rdoba<\/strong>, <strong>Santa Fe<\/strong>, <strong>R\u00edo Negro<\/strong>, <strong>Misiones<\/strong> y <strong>Santiago del Estero<\/strong>.<\/p>\n<h3><span style=\"color: #003366;\">Caracter\u00edsticas del programa<\/span><\/h3>\n<p>El Servicio C\u00edvico tendr\u00e1 una duraci\u00f3n de <strong>cuatro meses<\/strong>, con un esquema dividido en dos ejes principales:<\/p>\n<ul>\n<li><strong>Emergencia Civil<\/strong>: capacitaci\u00f3n en primeros auxilios, defensa civil, prevenci\u00f3n de riesgos y cuidado del medioambiente.<\/li>\n<li><strong>Formaci\u00f3n Educativa y Laboral<\/strong>: talleres de oficios, apoyo para finalizar estudios, programas de alfabetizaci\u00f3n y capacitaci\u00f3n para el primer empleo.<\/li>\n<\/ul>\n<p>Los participantes recibir\u00e1n un ingreso econ\u00f3mico durante su trayecto formativo, aunque el monto a\u00fan no ha sido definido. Al finalizar el programa, podr\u00e1n acceder a oportunidades laborales, continuar con su formaci\u00f3n educativa o especializarse en nuevas \u00e1reas.<\/p>\n<h3><span style=\"color: #003366;\">Una propuesta no obligatoria<\/span><\/h3>\n<p>El programa ser\u00e1 de car\u00e1cter <strong>voluntario<\/strong> y est\u00e1 orientado a j\u00f3venes beneficiarios de los programas <strong>Volver al Trabajo<\/strong> y <strong>Fomentar Empleo<\/strong>. Adem\u00e1s de formarlos en competencias laborales, se buscar\u00e1 fomentar un sentido de pertenencia y compromiso social.<\/p>\n<h3><span style=\"color: #003366;\">Historia del programa<\/span><\/h3>\n<p>El Servicio C\u00edvico fue implementado por primera vez en 2019 durante la gesti\u00f3n de Patricia Bullrich como ministra de Seguridad, con la inscripci\u00f3n de m\u00e1s de 1.200 j\u00f3venes. Su estructura incluy\u00f3 talleres de liderazgo, promoci\u00f3n de la salud, ciudadan\u00eda, y prevenci\u00f3n de riesgos, as\u00ed como formaci\u00f3n en oficios. Sin embargo, fue desmantelado ese mismo a\u00f1o por el gobierno de Alberto Fern\u00e1ndez, bajo el argumento de priorizar pol\u00edticas m\u00e1s integrales para los j\u00f3venes.<\/p>\n<figure id=\"attachment_10507\" aria-describedby=\"caption-attachment-10507\" style=\"width: 720px\" class=\"wp-caption alignnone\"><a href=\"https:\/\/nuevodigitaldeescobar.com.ar\/?attachment_id=10507\" rel=\"attachment wp-att-10507\"><img fetchpriority=\"high\" decoding=\"async\" class=\"size-full wp-image-10507\" src=\"http:\/\/nuevodigitaldeescobar.com.ar\/wp-content\/uploads\/2024\/12\/epi-frederic-e1734539781843.jpg\" alt=\"\" width=\"720\" height=\"440\" srcset=\"https:\/\/nuevodigitaldeescobar.com.ar\/wp-content\/uploads\/2024\/12\/epi-frederic-e1734539781843.jpg 720w, https:\/\/nuevodigitaldeescobar.com.ar\/wp-content\/uploads\/2024\/12\/epi-frederic-e1734539781843-300x183.jpg 300w\" sizes=\"(max-width: 720px) 100vw, 720px\" \/><\/a><figcaption id=\"caption-attachment-10507\" class=\"wp-caption-text\">Al comienzo del gobierno de Fern\u00e1ndez, el programa fue eliminado a trav\u00e9s de la Resoluci\u00f3n 1231, firmada por Sabina Frederic. (Maximiliano Luna)<\/figcaption><\/figure>\n<p>Con este relanzamiento, el gobierno actual busca consolidar el programa como una alternativa para mejorar la empleabilidad y la inclusi\u00f3n social de j\u00f3venes en situaci\u00f3n de vulnerabilidad.<\/p>\n<p><em>(Fotos: Infobae)<\/em><\/p>\n","protected":false},"excerpt":{"rendered":"<p>Su objetivo principal ser\u00e1 brindar herramientas de formaci\u00f3n c\u00edvica, educativa y laboral, con el fin de alejarlos del delito y la marginalidad, promoviendo la disciplina, [&hellip;]<\/p>\n","protected":false},"author":1,"featured_media":10508,"comment_status":"open","ping_status":"open","sticky":false,"template":"","format":"standard","meta":{"footnotes":""},"categories":[7,61,15],"tags":[],"class_list":["post-10506","post","type-post","status-publish","format-standard","has-post-thumbnail","hentry","category-interes-general","category-nacionales","category-sociedad"],"better_featured_image":{"id":10508,"alt_text":"","caption":"","description":"","media_type":"image","media_details":{"width":720,"height":405,"file":"2024\/12\/pettovello-bullrich-e1734539981297.jpg","filesize":73860,"sizes":{"medium":{"file":"pettovello-bullrich-300x169.jpg","width":300,"height":169,"mime-type":"image\/jpeg","filesize":10172,"source_url":"https:\/\/nuevodigitaldeescobar.com.ar\/wp-content\/uploads\/2024\/12\/pettovello-bullrich-300x169.jpg"},"thumbnail":{"file":"pettovello-bullrich-150x150.jpg","width":150,"height":150,"mime-type":"image\/jpeg","filesize":5326,"source_url":"https:\/\/nuevodigitaldeescobar.com.ar\/wp-content\/uploads\/2024\/12\/pettovello-bullrich-150x150.jpg"},"medium_large":{"file":"pettovello-bullrich-768x432.jpg","width":768,"height":432,"mime-type":"image\/jpeg","filesize":38779,"source_url":"https:\/\/nuevodigitaldeescobar.com.ar\/wp-content\/uploads\/2024\/12\/pettovello-bullrich-768x432.jpg"}},"image_meta":{"aperture":"0","credit":"","camera":"","caption":"","created_timestamp":"0","copyright":"","focal_length":"0","iso":"0","shutter_speed":"0","title":"","orientation":"0","keywords":[]}},"post":10506,"source_url":"https:\/\/nuevodigitaldeescobar.com.ar\/wp-content\/uploads\/2024\/12\/pettovello-bullrich-e1734539981297.jpg"},"yoast_head":"<!-- This site is optimized with the Yoast SEO plugin v26.1.1 - https:\/\/yoast.com\/wordpress\/plugins\/seo\/ -->\n<title>El regreso del Servicio C\u00edvico: qu\u00e9 es, qui\u00e9nes pueden participar y c\u00f3mo funcionar\u00e1 - Nuevo Digital de Escobar<\/title>\n<meta name=\"robots\" content=\"index, follow, max-snippet:-1, max-image-preview:large, max-video-preview:-1\" \/>\n<link rel=\"canonical\" href=\"https:\/\/nuevodigitaldeescobar.com.ar\/?p=10506\" \/>\n<meta property=\"og:locale\" content=\"es_ES\" \/>\n<meta property=\"og:type\" content=\"article\" \/>\n<meta property=\"og:title\" content=\"El regreso del Servicio C\u00edvico: qu\u00e9 es, qui\u00e9nes pueden participar y c\u00f3mo funcionar\u00e1 - Nuevo Digital de Escobar\" \/>\n<meta property=\"og:description\" content=\"Su objetivo principal ser\u00e1 brindar herramientas de formaci\u00f3n c\u00edvica, educativa y laboral, con el fin de alejarlos del delito y la marginalidad, promoviendo la disciplina, [&hellip;]\" \/>\n<meta property=\"og:url\" content=\"https:\/\/nuevodigitaldeescobar.com.ar\/?p=10506\" \/>\n<meta property=\"og:site_name\" content=\"Nuevo Digital de Escobar\" \/>\n<meta property=\"article:publisher\" content=\"https:\/\/www.facebook.com\/NUEVODigitalDeEscobar\" \/>\n<meta property=\"article:published_time\" content=\"2024-12-18T16:39:47+00:00\" \/>\n<meta property=\"article:modified_time\" content=\"2024-12-18T16:39:51+00:00\" \/>\n<meta property=\"og:image\" content=\"https:\/\/nuevodigitaldeescobar.com.ar\/wp-content\/uploads\/2024\/12\/pettovello-bullrich-e1734539981297.jpg\" \/>\n\t<meta property=\"og:image:width\" content=\"720\" \/>\n\t<meta property=\"og:image:height\" content=\"405\" \/>\n\t<meta property=\"og:image:type\" content=\"image\/jpeg\" \/>\n<meta name=\"author\" content=\"Redacci\u00f3n\" \/>\n<meta name=\"twitter:card\" content=\"summary_large_image\" \/>\n<meta name=\"twitter:creator\" content=\"@nuevodigescobar\" \/>\n<meta name=\"twitter:site\" content=\"@nuevodigescobar\" \/>\n<meta name=\"twitter:label1\" content=\"Escrito por\" \/>\n\t<meta name=\"twitter:data1\" content=\"Redacci\u00f3n\" \/>\n\t<meta name=\"twitter:label2\" content=\"Tiempo de lectura\" \/>\n\t<meta name=\"twitter:data2\" content=\"2 minutos\" \/>\n<script type=\"application\/ld+json\" class=\"yoast-schema-graph\">{\"@context\":\"https:\/\/schema.org\",\"@graph\":[{\"@type\":\"Article\",\"@id\":\"https:\/\/nuevodigitaldeescobar.com.ar\/?p=10506#article\",\"isPartOf\":{\"@id\":\"https:\/\/nuevodigitaldeescobar.com.ar\/?p=10506\"},\"author\":{\"name\":\"Redacci\u00f3n\",\"@id\":\"https:\/\/nuevodigitaldeescobar.com.ar\/#\/schema\/person\/035e90a8efe9a80e6eec22656ad6ea4c\"},\"headline\":\"El regreso del Servicio C\u00edvico: qu\u00e9 es, qui\u00e9nes pueden participar y c\u00f3mo funcionar\u00e1\",\"datePublished\":\"2024-12-18T16:39:47+00:00\",\"dateModified\":\"2024-12-18T16:39:51+00:00\",\"mainEntityOfPage\":{\"@id\":\"https:\/\/nuevodigitaldeescobar.com.ar\/?p=10506\"},\"wordCount\":419,\"commentCount\":0,\"publisher\":{\"@id\":\"https:\/\/nuevodigitaldeescobar.com.ar\/#organization\"},\"image\":{\"@id\":\"https:\/\/nuevodigitaldeescobar.com.ar\/?p=10506#primaryimage\"},\"thumbnailUrl\":\"https:\/\/nuevodigitaldeescobar.com.ar\/wp-content\/uploads\/2024\/12\/pettovello-bullrich-e1734539981297.jpg\",\"articleSection\":[\"Inter\u00e9s general\",\"Nacionales\",\"Sociedad\"],\"inLanguage\":\"es\",\"potentialAction\":[{\"@type\":\"CommentAction\",\"name\":\"Comment\",\"target\":[\"https:\/\/nuevodigitaldeescobar.com.ar\/?p=10506#respond\"]}]},{\"@type\":\"WebPage\",\"@id\":\"https:\/\/nuevodigitaldeescobar.com.ar\/?p=10506\",\"url\":\"https:\/\/nuevodigitaldeescobar.com.ar\/?p=10506\",\"name\":\"El regreso del Servicio C\u00edvico: qu\u00e9 es, qui\u00e9nes pueden participar y c\u00f3mo funcionar\u00e1 - Nuevo Digital de Escobar\",\"isPartOf\":{\"@id\":\"https:\/\/nuevodigitaldeescobar.com.ar\/#website\"},\"primaryImageOfPage\":{\"@id\":\"https:\/\/nuevodigitaldeescobar.com.ar\/?p=10506#primaryimage\"},\"image\":{\"@id\":\"https:\/\/nuevodigitaldeescobar.com.ar\/?p=10506#primaryimage\"},\"thumbnailUrl\":\"https:\/\/nuevodigitaldeescobar.com.ar\/wp-content\/uploads\/2024\/12\/pettovello-bullrich-e1734539981297.jpg\",\"datePublished\":\"2024-12-18T16:39:47+00:00\",\"dateModified\":\"2024-12-18T16:39:51+00:00\",\"breadcrumb\":{\"@id\":\"https:\/\/nuevodigitaldeescobar.com.ar\/?p=10506#breadcrumb\"},\"inLanguage\":\"es\",\"potentialAction\":[{\"@type\":\"ReadAction\",\"target\":[\"https:\/\/nuevodigitaldeescobar.com.ar\/?p=10506\"]}]},{\"@type\":\"ImageObject\",\"inLanguage\":\"es\",\"@id\":\"https:\/\/nuevodigitaldeescobar.com.ar\/?p=10506#primaryimage\",\"url\":\"https:\/\/nuevodigitaldeescobar.com.ar\/wp-content\/uploads\/2024\/12\/pettovello-bullrich-e1734539981297.jpg\",\"contentUrl\":\"https:\/\/nuevodigitaldeescobar.com.ar\/wp-content\/uploads\/2024\/12\/pettovello-bullrich-e1734539981297.jpg\",\"width\":720,\"height\":405},{\"@type\":\"BreadcrumbList\",\"@id\":\"https:\/\/nuevodigitaldeescobar.com.ar\/?p=10506#breadcrumb\",\"itemListElement\":[{\"@type\":\"ListItem\",\"position\":1,\"name\":\"Portada\",\"item\":\"https:\/\/nuevodigitaldeescobar.com.ar\/\"},{\"@type\":\"ListItem\",\"position\":2,\"name\":\"El regreso del Servicio C\u00edvico: qu\u00e9 es, qui\u00e9nes pueden participar y c\u00f3mo funcionar\u00e1\"}]},{\"@type\":\"WebSite\",\"@id\":\"https:\/\/nuevodigitaldeescobar.com.ar\/#website\",\"url\":\"https:\/\/nuevodigitaldeescobar.com.ar\/\",\"name\":\"Nuevo Digital de Escobar\",\"description\":\"La vida escobarense. Directora: Rosana Brunner\",\"publisher\":{\"@id\":\"https:\/\/nuevodigitaldeescobar.com.ar\/#organization\"},\"potentialAction\":[{\"@type\":\"SearchAction\",\"target\":{\"@type\":\"EntryPoint\",\"urlTemplate\":\"https:\/\/nuevodigitaldeescobar.com.ar\/?s={search_term_string}\"},\"query-input\":{\"@type\":\"PropertyValueSpecification\",\"valueRequired\":true,\"valueName\":\"search_term_string\"}}],\"inLanguage\":\"es\"},{\"@type\":\"Organization\",\"@id\":\"https:\/\/nuevodigitaldeescobar.com.ar\/#organization\",\"name\":\"Nuevo Digital de Escobar\",\"url\":\"https:\/\/nuevodigitaldeescobar.com.ar\/\",\"logo\":{\"@type\":\"ImageObject\",\"inLanguage\":\"es\",\"@id\":\"https:\/\/nuevodigitaldeescobar.com.ar\/#\/schema\/logo\/image\/\",\"url\":\"https:\/\/nuevodigitaldeescobar.com.ar\/wp-content\/uploads\/2025\/05\/cropped-logo-nuevo2.jpg\",\"contentUrl\":\"https:\/\/nuevodigitaldeescobar.com.ar\/wp-content\/uploads\/2025\/05\/cropped-logo-nuevo2.jpg\",\"width\":305,\"height\":305,\"caption\":\"Nuevo Digital de Escobar\"},\"image\":{\"@id\":\"https:\/\/nuevodigitaldeescobar.com.ar\/#\/schema\/logo\/image\/\"},\"sameAs\":[\"https:\/\/www.facebook.com\/NUEVODigitalDeEscobar\",\"https:\/\/x.com\/nuevodigescobar\",\"https:\/\/www.instagram.com\/nuevodigitaldeescobar\"]},{\"@type\":\"Person\",\"@id\":\"https:\/\/nuevodigitaldeescobar.com.ar\/#\/schema\/person\/035e90a8efe9a80e6eec22656ad6ea4c\",\"name\":\"Redacci\u00f3n\",\"image\":{\"@type\":\"ImageObject\",\"inLanguage\":\"es\",\"@id\":\"https:\/\/nuevodigitaldeescobar.com.ar\/#\/schema\/person\/image\/\",\"url\":\"https:\/\/secure.gravatar.com\/avatar\/8af8f40000c24e9eef3034f2be5998a372bb1389e64b1a4a36b3a7979142220d?s=96&d=mm&r=g\",\"contentUrl\":\"https:\/\/secure.gravatar.com\/avatar\/8af8f40000c24e9eef3034f2be5998a372bb1389e64b1a4a36b3a7979142220d?s=96&d=mm&r=g\",\"caption\":\"Redacci\u00f3n\"},\"sameAs\":[\"http:\/\/nuevodigitaldeescobar.com.ar\"],\"url\":\"https:\/\/nuevodigitaldeescobar.com.ar\/?author=1\"}]}<\/script>\n<!-- \/ Yoast SEO plugin. -->","yoast_head_json":{"title":"El regreso del Servicio C\u00edvico: qu\u00e9 es, qui\u00e9nes pueden participar y c\u00f3mo funcionar\u00e1 - Nuevo Digital de Escobar","robots":{"index":"index","follow":"follow","max-snippet":"max-snippet:-1","max-image-preview":"max-image-preview:large","max-video-preview":"max-video-preview:-1"},"canonical":"https:\/\/nuevodigitaldeescobar.com.ar\/?p=10506","og_locale":"es_ES","og_type":"article","og_title":"El regreso del Servicio C\u00edvico: qu\u00e9 es, qui\u00e9nes pueden participar y c\u00f3mo funcionar\u00e1 - Nuevo Digital de Escobar","og_description":"Su objetivo principal ser\u00e1 brindar herramientas de formaci\u00f3n c\u00edvica, educativa y laboral, con el fin de alejarlos del delito y la marginalidad, promoviendo la disciplina, [&hellip;]","og_url":"https:\/\/nuevodigitaldeescobar.com.ar\/?p=10506","og_site_name":"Nuevo Digital de Escobar","article_publisher":"https:\/\/www.facebook.com\/NUEVODigitalDeEscobar","article_published_time":"2024-12-18T16:39:47+00:00","article_modified_time":"2024-12-18T16:39:51+00:00","og_image":[{"width":720,"height":405,"url":"https:\/\/nuevodigitaldeescobar.com.ar\/wp-content\/uploads\/2024\/12\/pettovello-bullrich-e1734539981297.jpg","type":"image\/jpeg"}],"author":"Redacci\u00f3n","twitter_card":"summary_large_image","twitter_creator":"@nuevodigescobar","twitter_site":"@nuevodigescobar","twitter_misc":{"Escrito por":"Redacci\u00f3n","Tiempo de lectura":"2 minutos"},"schema":{"@context":"https:\/\/schema.org","@graph":[{"@type":"Article","@id":"https:\/\/nuevodigitaldeescobar.com.ar\/?p=10506#article","isPartOf":{"@id":"https:\/\/nuevodigitaldeescobar.com.ar\/?p=10506"},"author":{"name":"Redacci\u00f3n","@id":"https:\/\/nuevodigitaldeescobar.com.ar\/#\/schema\/person\/035e90a8efe9a80e6eec22656ad6ea4c"},"headline":"El regreso del Servicio C\u00edvico: qu\u00e9 es, qui\u00e9nes pueden participar y c\u00f3mo funcionar\u00e1","datePublished":"2024-12-18T16:39:47+00:00","dateModified":"2024-12-18T16:39:51+00:00","mainEntityOfPage":{"@id":"https:\/\/nuevodigitaldeescobar.com.ar\/?p=10506"},"wordCount":419,"commentCount":0,"publisher":{"@id":"https:\/\/nuevodigitaldeescobar.com.ar\/#organization"},"image":{"@id":"https:\/\/nuevodigitaldeescobar.com.ar\/?p=10506#primaryimage"},"thumbnailUrl":"https:\/\/nuevodigitaldeescobar.com.ar\/wp-content\/uploads\/2024\/12\/pettovello-bullrich-e1734539981297.jpg","articleSection":["Inter\u00e9s general","Nacionales","Sociedad"],"inLanguage":"es","potentialAction":[{"@type":"CommentAction","name":"Comment","target":["https:\/\/nuevodigitaldeescobar.com.ar\/?p=10506#respond"]}]},{"@type":"WebPage","@id":"https:\/\/nuevodigitaldeescobar.com.ar\/?p=10506","url":"https:\/\/nuevodigitaldeescobar.com.ar\/?p=10506","name":"El regreso del Servicio C\u00edvico: qu\u00e9 es, qui\u00e9nes pueden participar y c\u00f3mo funcionar\u00e1 - Nuevo Digital de Escobar","isPartOf":{"@id":"https:\/\/nuevodigitaldeescobar.com.ar\/#website"},"primaryImageOfPage":{"@id":"https:\/\/nuevodigitaldeescobar.com.ar\/?p=10506#primaryimage"},"image":{"@id":"https:\/\/nuevodigitaldeescobar.com.ar\/?p=10506#primaryimage"},"thumbnailUrl":"https:\/\/nuevodigitaldeescobar.com.ar\/wp-content\/uploads\/2024\/12\/pettovello-bullrich-e1734539981297.jpg","datePublished":"2024-12-18T16:39:47+00:00","dateModified":"2024-12-18T16:39:51+00:00","breadcrumb":{"@id":"https:\/\/nuevodigitaldeescobar.com.ar\/?p=10506#breadcrumb"},"inLanguage":"es","potentialAction":[{"@type":"ReadAction","target":["https:\/\/nuevodigitaldeescobar.com.ar\/?p=10506"]}]},{"@type":"ImageObject","inLanguage":"es","@id":"https:\/\/nuevodigitaldeescobar.com.ar\/?p=10506#primaryimage","url":"https:\/\/nuevodigitaldeescobar.com.ar\/wp-content\/uploads\/2024\/12\/pettovello-bullrich-e1734539981297.jpg","contentUrl":"https:\/\/nuevodigitaldeescobar.com.ar\/wp-content\/uploads\/2024\/12\/pettovello-bullrich-e1734539981297.jpg","width":720,"height":405},{"@type":"BreadcrumbList","@id":"https:\/\/nuevodigitaldeescobar.com.ar\/?p=10506#breadcrumb","itemListElement":[{"@type":"ListItem","position":1,"name":"Portada","item":"https:\/\/nuevodigitaldeescobar.com.ar\/"},{"@type":"ListItem","position":2,"name":"El regreso del Servicio C\u00edvico: qu\u00e9 es, qui\u00e9nes pueden participar y c\u00f3mo funcionar\u00e1"}]},{"@type":"WebSite","@id":"https:\/\/nuevodigitaldeescobar.com.ar\/#website","url":"https:\/\/nuevodigitaldeescobar.com.ar\/","name":"Nuevo Digital de Escobar","description":"La vida escobarense. Directora: Rosana Brunner","publisher":{"@id":"https:\/\/nuevodigitaldeescobar.com.ar\/#organization"},"potentialAction":[{"@type":"SearchAction","target":{"@type":"EntryPoint","urlTemplate":"https:\/\/nuevodigitaldeescobar.com.ar\/?s={search_term_string}"},"query-input":{"@type":"PropertyValueSpecification","valueRequired":true,"valueName":"search_term_string"}}],"inLanguage":"es"},{"@type":"Organization","@id":"https:\/\/nuevodigitaldeescobar.com.ar\/#organization","name":"Nuevo Digital de Escobar","url":"https:\/\/nuevodigitaldeescobar.com.ar\/","logo":{"@type":"ImageObject","inLanguage":"es","@id":"https:\/\/nuevodigitaldeescobar.com.ar\/#\/schema\/logo\/image\/","url":"https:\/\/nuevodigitaldeescobar.com.ar\/wp-content\/uploads\/2025\/05\/cropped-logo-nuevo2.jpg","contentUrl":"https:\/\/nuevodigitaldeescobar.com.ar\/wp-content\/uploads\/2025\/05\/cropped-logo-nuevo2.jpg","width":305,"height":305,"caption":"Nuevo Digital de Escobar"},"image":{"@id":"https:\/\/nuevodigitaldeescobar.com.ar\/#\/schema\/logo\/image\/"},"sameAs":["https:\/\/www.facebook.com\/NUEVODigitalDeEscobar","https:\/\/x.com\/nuevodigescobar","https:\/\/www.instagram.com\/nuevodigitaldeescobar"]},{"@type":"Person","@id":"https:\/\/nuevodigitaldeescobar.com.ar\/#\/schema\/person\/035e90a8efe9a80e6eec22656ad6ea4c","name":"Redacci\u00f3n","image":{"@type":"ImageObject","inLanguage":"es","@id":"https:\/\/nuevodigitaldeescobar.com.ar\/#\/schema\/person\/image\/","url":"https:\/\/secure.gravatar.com\/avatar\/8af8f40000c24e9eef3034f2be5998a372bb1389e64b1a4a36b3a7979142220d?s=96&d=mm&r=g","contentUrl":"https:\/\/secure.gravatar.com\/avatar\/8af8f40000c24e9eef3034f2be5998a372bb1389e64b1a4a36b3a7979142220d?s=96&d=mm&r=g","caption":"Redacci\u00f3n"},"sameAs":["http:\/\/nuevodigitaldeescobar.com.ar"],"url":"https:\/\/nuevodigitaldeescobar.com.ar\/?author=1"}]}},"featured_image_urls":{"full":["https:\/\/nuevodigitaldeescobar.com.ar\/wp-content\/uploads\/2024\/12\/pettovello-bullrich-e1734539981297.jpg",720,405,false],"thumbnail":["https:\/\/nuevodigitaldeescobar.com.ar\/wp-content\/uploads\/2024\/12\/pettovello-bullrich-150x150.jpg",150,150,true],"medium":["https:\/\/nuevodigitaldeescobar.com.ar\/wp-content\/uploads\/2024\/12\/pettovello-bullrich-300x169.jpg",300,169,true],"medium_large":["https:\/\/nuevodigitaldeescobar.com.ar\/wp-content\/uploads\/2024\/12\/pettovello-bullrich-768x432.jpg",640,360,true],"large":["https:\/\/nuevodigitaldeescobar.com.ar\/wp-content\/uploads\/2024\/12\/pettovello-bullrich-e1734539981297.jpg",640,360,false],"1536x1536":["https:\/\/nuevodigitaldeescobar.com.ar\/wp-content\/uploads\/2024\/12\/pettovello-bullrich-e1734539981297.jpg",720,405,false],"2048x2048":["https:\/\/nuevodigitaldeescobar.com.ar\/wp-content\/uploads\/2024\/12\/pettovello-bullrich-e1734539981297.jpg",720,405,false]},"author_info":{"display_name":"Redacci\u00f3n","author_link":"https:\/\/nuevodigitaldeescobar.com.ar\/?author=1"},"category_info":"<a href=\"https:\/\/nuevodigitaldeescobar.com.ar\/?cat=7\" rel=\"category\">Inter\u00e9s general<\/a> <a href=\"https:\/\/nuevodigitaldeescobar.com.ar\/?cat=61\" rel=\"category\">Nacionales<\/a> <a href=\"https:\/\/nuevodigitaldeescobar.com.ar\/?cat=15\" rel=\"category\">Sociedad<\/a>","tag_info":"Sociedad","comment_count":"0","_links":{"self":[{"href":"https:\/\/nuevodigitaldeescobar.com.ar\/index.php?rest_route=\/wp\/v2\/posts\/10506","targetHints":{"allow":["GET"]}}],"collection":[{"href":"https:\/\/nuevodigitaldeescobar.com.ar\/index.php?rest_route=\/wp\/v2\/posts"}],"about":[{"href":"https:\/\/nuevodigitaldeescobar.com.ar\/index.php?rest_route=\/wp\/v2\/types\/post"}],"author":[{"embeddable":true,"href":"https:\/\/nuevodigitaldeescobar.com.ar\/index.php?rest_route=\/wp\/v2\/users\/1"}],"replies":[{"embeddable":true,"href":"https:\/\/nuevodigitaldeescobar.com.ar\/index.php?rest_route=%2Fwp%2Fv2%2Fcomments&post=10506"}],"version-history":[{"count":1,"href":"https:\/\/nuevodigitaldeescobar.com.ar\/index.php?rest_route=\/wp\/v2\/posts\/10506\/revisions"}],"predecessor-version":[{"id":10509,"href":"https:\/\/nuevodigitaldeescobar.com.ar\/index.php?rest_route=\/wp\/v2\/posts\/10506\/revisions\/10509"}],"wp:featuredmedia":[{"embeddable":true,"href":"https:\/\/nuevodigitaldeescobar.com.ar\/index.php?rest_route=\/wp\/v2\/media\/10508"}],"wp:attachment":[{"href":"https:\/\/nuevodigitaldeescobar.com.ar\/index.php?rest_route=%2Fwp%2Fv2%2Fmedia&parent=10506"}],"wp:term":[{"taxonomy":"category","embeddable":true,"href":"https:\/\/nuevodigitaldeescobar.com.ar\/index.php?rest_route=%2Fwp%2Fv2%2Fcategories&post=10506"},{"taxonomy":"post_tag","embeddable":true,"href":"https:\/\/nuevodigitaldeescobar.com.ar\/index.php?rest_route=%2Fwp%2Fv2%2Ftags&post=10506"}],"curies":[{"name":"wp","href":"https:\/\/api.w.org\/{rel}","templated":true}]}}