{"id":1051,"date":"2023-11-18T18:29:29","date_gmt":"2023-11-18T21:29:29","guid":{"rendered":"https:\/\/nuevodigitaldeescobar.com.ar\/?p=1051"},"modified":"2023-11-17T18:33:57","modified_gmt":"2023-11-17T21:33:57","slug":"los-nueve-primeros-sintomas-del-alzheimer-que-pueden-pasar-desapercibidos-o-confundirse-con-otras-enfermedades","status":"publish","type":"post","link":"https:\/\/nuevodigitaldeescobar.com.ar\/?p=1051","title":{"rendered":"Los nueve primeros s\u00edntomas del Alzheimer que pueden pasar desapercibidos o confundirse con otras enfermedades"},"content":{"rendered":"<p><span style=\"color: #003366;\"><strong><em>Las primeras se\u00f1ales de la enfermedad no siempre se asocian con el Alzheimer, pero saber reconocerlas es clave para poder iniciar el tratamiento lo antes posible.<\/em><\/strong><\/span><\/p>\n<p><!--more--><\/p>\n<p>Las primeras se\u00f1ales del Alzheimer suelen pasar desapercibidas tanto por el paciente como por su entorno personal y familiar, debido al desconocimiento de la enfermedad o a la confusi\u00f3n de los s\u00edntomas con los de otras enfermedades.<\/p>\n<p>El Alzheimer es la principal causa de demencia en el mundo y provoca un deterioro gradual en la memoria, el pensamiento, el comportamiento, las habilidades sociales y, por \u00faltimo, la capacidad de funcionamiento del paciente. Expertos prev\u00e9n que esta patolog\u00eda tenga mayor prevalencia en las pr\u00f3ximas d\u00e9cadas, pero tambi\u00e9n se\u00f1alan que el diagn\u00f3stico precoz es fundamental para mejorar la calidad de vida de la persona afectada y retrasar la enfermedad lo m\u00e1ximo posible.<\/p>\n<h3><strong>\u00bfCu\u00e1les son los primeros s\u00edntomas del Alzheimer?<\/strong><\/h3>\n<p>La neur\u00f3loga Miriam Emil Ort\u00edz ha redactado un curso con una serie de pautas para retrasar la enfermedad del Alzheimer.<\/p>\n<p>Algunas de las se\u00f1ales m\u00e1s frecuentes que aparecen en las etapas iniciales de la enfermedad se suelen confundir con las de otras enfermedades o el envejecimiento en general. Seg\u00fan la Fundaci\u00f3n Alzheimer Espa\u00f1a, los s\u00edntomas m\u00e1s frecuentes en las etapas iniciales de la enfermedad son los siguientes:<\/p>\n<ul>\n<li>P\u00e9rdida de memoria, sobre todo con el olvido de fechas, de encargos, etc. de hechos recientes.<\/li>\n<li>Repetici\u00f3n frecuente de preguntas a pesar de recibir respuestas.<\/li>\n<li>Colocaci\u00f3n de cosas en lugares equ\u00edvocos o el olvido de d\u00f3nde ha dejado sus cosas.<\/li>\n<li>Dificultad para recordar el nombre de objetos usuales.<\/li>\n<li>P\u00e9rdida del sentido de la orientaci\u00f3n con respecto al tiempo y o al lugar.<\/li>\n<li>Dificultades a realizar gestos simples o manejar objetos familiares como, por ejemplo, no poder abrir la puerta con la llave o manejar el cambio de marchas del coche.<\/li>\n<li>P\u00e9rdida de inter\u00e9s y de motivaci\u00f3n para las actividades que antes se disfrutaba.<\/li>\n<li>Dificultades para realizar tareas f\u00e1ciles.<\/li>\n<li>Cambios bruscos en el humor.<\/li>\n<\/ul>\n<p>Sin embargo, las dificultades de memoria, que en principio pueden parecer banales, no siempre son un s\u00edntoma de esta enfermedad. No obstante, no todos los s\u00edntomas tienen por qu\u00e9 estar presentes conjuntamente, aunque desde la Fundaci\u00f3n Alzheimer Espa\u00f1a indican que las modificaciones del car\u00e1cter y, sobre todo, la disminuci\u00f3n del inter\u00e9s para realizar actividades es algo habitual.<\/p>\n<figure id=\"attachment_1052\" aria-describedby=\"caption-attachment-1052\" style=\"width: 720px\" class=\"wp-caption alignnone\"><img fetchpriority=\"high\" decoding=\"async\" class=\"size-full wp-image-1052\" src=\"http:\/\/nuevodigitaldeescobar.com.ar\/wp-content\/uploads\/2023\/11\/alzheimer-2-e1700256640962.jpg\" alt=\"\" width=\"720\" height=\"480\" \/><figcaption id=\"caption-attachment-1052\" class=\"wp-caption-text\">Una doctora estudia im\u00e1genes del cerebro de una persona con Alzheimer.<\/figcaption><\/figure>\n<p><strong>Las posibilidades de tratamiento del Alzheimer<\/strong><\/p>\n<p>El Alzheimer a\u00fan no tiene cura porque todav\u00eda se desconoce cu\u00e1les son las causas principales de la enfermedad. Por lo tanto, los medicamentos utilizados para su tratamiento son meramente sintom\u00e1ticos, es decir, no pueden curar el trastorno, pero s\u00ed pueden ayudar a retrasar la degradaci\u00f3n de las facultades intelectuales.<\/p>\n<p>Aunque los factores de riesgo incluyen a la edad, la enfermedad del Alzheimer no es una consecuencia del envejecimiento. Sin embargo, el envejecimiento del cerebro, as\u00ed como la gen\u00e9tica, la salud, el medio ambiente y el estilo de vida pueden contribuir al desarrollo de Alzheimer.<\/p>\n<p><em>(Infobae)<\/em><\/p>\n","protected":false},"excerpt":{"rendered":"<p>Las primeras se\u00f1ales de la enfermedad no siempre se asocian con el Alzheimer, pero saber reconocerlas es clave para poder iniciar el tratamiento lo antes [&hellip;]<\/p>\n","protected":false},"author":1,"featured_media":1053,"comment_status":"open","ping_status":"closed","sticky":false,"template":"","format":"standard","meta":{"footnotes":""},"categories":[3],"tags":[],"class_list":["post-1051","post","type-post","status-publish","format-standard","has-post-thumbnail","hentry","category-nutricion"],"better_featured_image":{"id":1053,"alt_text":"","caption":"","description":"","media_type":"image","media_details":{"width":720,"height":405,"file":"2023\/11\/alzheimer-1-e1700256686291.jpg","filesize":153792,"sizes":{"medium":{"file":"alzheimer-1-300x169.jpg","width":300,"height":169,"mime-type":"image\/jpeg","filesize":7759,"source_url":"https:\/\/nuevodigitaldeescobar.com.ar\/wp-content\/uploads\/2023\/11\/alzheimer-1-300x169.jpg"},"large":{"file":"alzheimer-1-1024x576.jpg","width":1024,"height":576,"mime-type":"image\/jpeg","filesize":44651,"source_url":"https:\/\/nuevodigitaldeescobar.com.ar\/wp-content\/uploads\/2023\/11\/alzheimer-1-1024x576.jpg"},"thumbnail":{"file":"alzheimer-1-150x150.jpg","width":150,"height":150,"mime-type":"image\/jpeg","filesize":4396,"source_url":"https:\/\/nuevodigitaldeescobar.com.ar\/wp-content\/uploads\/2023\/11\/alzheimer-1-150x150.jpg"},"medium_large":{"file":"alzheimer-1-768x432.jpg","width":768,"height":432,"mime-type":"image\/jpeg","filesize":29075,"source_url":"https:\/\/nuevodigitaldeescobar.com.ar\/wp-content\/uploads\/2023\/11\/alzheimer-1-768x432.jpg"},"1536x1536":{"file":"alzheimer-1-1536x864.jpg","width":1536,"height":864,"mime-type":"image\/jpeg","filesize":81904,"source_url":"https:\/\/nuevodigitaldeescobar.com.ar\/wp-content\/uploads\/2023\/11\/alzheimer-1-1536x864.jpg"},"covernews-slider-full":{"file":"alzheimer-1-1115x715.jpg","width":1115,"height":715,"mime-type":"image\/jpeg","filesize":56950,"source_url":"https:\/\/nuevodigitaldeescobar.com.ar\/wp-content\/uploads\/2023\/11\/alzheimer-1-1115x715.jpg"},"covernews-slider-center":{"file":"alzheimer-1-800x500.jpg","width":800,"height":500,"mime-type":"image\/jpeg","filesize":33719,"source_url":"https:\/\/nuevodigitaldeescobar.com.ar\/wp-content\/uploads\/2023\/11\/alzheimer-1-800x500.jpg"},"covernews-featured":{"file":"alzheimer-1-1024x576.jpg","width":1024,"height":576,"mime-type":"image\/jpeg","filesize":44651,"source_url":"https:\/\/nuevodigitaldeescobar.com.ar\/wp-content\/uploads\/2023\/11\/alzheimer-1-1024x576.jpg"},"covernews-medium":{"file":"alzheimer-1-540x340.jpg","width":540,"height":340,"mime-type":"image\/jpeg","filesize":19351,"source_url":"https:\/\/nuevodigitaldeescobar.com.ar\/wp-content\/uploads\/2023\/11\/alzheimer-1-540x340.jpg"},"covernews-medium-square":{"file":"alzheimer-1-400x250.jpg","width":400,"height":250,"mime-type":"image\/jpeg","filesize":12523,"source_url":"https:\/\/nuevodigitaldeescobar.com.ar\/wp-content\/uploads\/2023\/11\/alzheimer-1-400x250.jpg"}},"image_meta":{"aperture":"0","credit":"","camera":"","caption":"","created_timestamp":"0","copyright":"","focal_length":"0","iso":"0","shutter_speed":"0","title":"","orientation":"0","keywords":[]}},"post":1051,"source_url":"https:\/\/nuevodigitaldeescobar.com.ar\/wp-content\/uploads\/2023\/11\/alzheimer-1-e1700256686291.jpg"},"yoast_head":"<!-- This site is optimized with the Yoast SEO plugin v26.1.1 - https:\/\/yoast.com\/wordpress\/plugins\/seo\/ -->\n<title>Los nueve primeros s\u00edntomas del Alzheimer que pueden pasar desapercibidos o confundirse con otras enfermedades - Nuevo Digital de Escobar<\/title>\n<meta name=\"robots\" content=\"index, follow, max-snippet:-1, max-image-preview:large, max-video-preview:-1\" \/>\n<link rel=\"canonical\" href=\"https:\/\/nuevodigitaldeescobar.com.ar\/?p=1051\" \/>\n<meta property=\"og:locale\" content=\"es_ES\" \/>\n<meta property=\"og:type\" content=\"article\" \/>\n<meta property=\"og:title\" content=\"Los nueve primeros s\u00edntomas del Alzheimer que pueden pasar desapercibidos o confundirse con otras enfermedades - Nuevo Digital de Escobar\" \/>\n<meta property=\"og:description\" content=\"Las primeras se\u00f1ales de la enfermedad no siempre se asocian con el Alzheimer, pero saber reconocerlas es clave para poder iniciar el tratamiento lo antes [&hellip;]\" \/>\n<meta property=\"og:url\" content=\"https:\/\/nuevodigitaldeescobar.com.ar\/?p=1051\" \/>\n<meta property=\"og:site_name\" content=\"Nuevo Digital de Escobar\" \/>\n<meta property=\"article:publisher\" content=\"https:\/\/www.facebook.com\/NUEVODigitalDeEscobar\" \/>\n<meta property=\"article:published_time\" content=\"2023-11-18T21:29:29+00:00\" \/>\n<meta property=\"og:image\" content=\"https:\/\/nuevodigitaldeescobar.com.ar\/wp-content\/uploads\/2023\/11\/alzheimer-1-e1700256686291.jpg\" \/>\n\t<meta property=\"og:image:width\" content=\"720\" \/>\n\t<meta property=\"og:image:height\" content=\"405\" \/>\n\t<meta property=\"og:image:type\" content=\"image\/jpeg\" \/>\n<meta name=\"author\" content=\"Redacci\u00f3n\" \/>\n<meta name=\"twitter:card\" content=\"summary_large_image\" \/>\n<meta name=\"twitter:creator\" content=\"@nuevodigescobar\" \/>\n<meta name=\"twitter:site\" content=\"@nuevodigescobar\" \/>\n<meta name=\"twitter:label1\" content=\"Escrito por\" \/>\n\t<meta name=\"twitter:data1\" content=\"Redacci\u00f3n\" \/>\n\t<meta name=\"twitter:label2\" content=\"Tiempo de lectura\" \/>\n\t<meta name=\"twitter:data2\" content=\"3 minutos\" \/>\n<script type=\"application\/ld+json\" class=\"yoast-schema-graph\">{\"@context\":\"https:\/\/schema.org\",\"@graph\":[{\"@type\":\"Article\",\"@id\":\"https:\/\/nuevodigitaldeescobar.com.ar\/?p=1051#article\",\"isPartOf\":{\"@id\":\"https:\/\/nuevodigitaldeescobar.com.ar\/?p=1051\"},\"author\":{\"name\":\"Redacci\u00f3n\",\"@id\":\"https:\/\/nuevodigitaldeescobar.com.ar\/#\/schema\/person\/035e90a8efe9a80e6eec22656ad6ea4c\"},\"headline\":\"Los nueve primeros s\u00edntomas del Alzheimer que pueden pasar desapercibidos o confundirse con otras enfermedades\",\"datePublished\":\"2023-11-18T21:29:29+00:00\",\"mainEntityOfPage\":{\"@id\":\"https:\/\/nuevodigitaldeescobar.com.ar\/?p=1051\"},\"wordCount\":563,\"commentCount\":0,\"publisher\":{\"@id\":\"https:\/\/nuevodigitaldeescobar.com.ar\/#organization\"},\"image\":{\"@id\":\"https:\/\/nuevodigitaldeescobar.com.ar\/?p=1051#primaryimage\"},\"thumbnailUrl\":\"https:\/\/nuevodigitaldeescobar.com.ar\/wp-content\/uploads\/2023\/11\/alzheimer-1-e1700256686291.jpg\",\"articleSection\":[\"Salud y Nutrici\u00f3n\"],\"inLanguage\":\"es\",\"potentialAction\":[{\"@type\":\"CommentAction\",\"name\":\"Comment\",\"target\":[\"https:\/\/nuevodigitaldeescobar.com.ar\/?p=1051#respond\"]}]},{\"@type\":\"WebPage\",\"@id\":\"https:\/\/nuevodigitaldeescobar.com.ar\/?p=1051\",\"url\":\"https:\/\/nuevodigitaldeescobar.com.ar\/?p=1051\",\"name\":\"Los nueve primeros s\u00edntomas del Alzheimer que pueden pasar desapercibidos o confundirse con otras enfermedades - Nuevo Digital de Escobar\",\"isPartOf\":{\"@id\":\"https:\/\/nuevodigitaldeescobar.com.ar\/#website\"},\"primaryImageOfPage\":{\"@id\":\"https:\/\/nuevodigitaldeescobar.com.ar\/?p=1051#primaryimage\"},\"image\":{\"@id\":\"https:\/\/nuevodigitaldeescobar.com.ar\/?p=1051#primaryimage\"},\"thumbnailUrl\":\"https:\/\/nuevodigitaldeescobar.com.ar\/wp-content\/uploads\/2023\/11\/alzheimer-1-e1700256686291.jpg\",\"datePublished\":\"2023-11-18T21:29:29+00:00\",\"breadcrumb\":{\"@id\":\"https:\/\/nuevodigitaldeescobar.com.ar\/?p=1051#breadcrumb\"},\"inLanguage\":\"es\",\"potentialAction\":[{\"@type\":\"ReadAction\",\"target\":[\"https:\/\/nuevodigitaldeescobar.com.ar\/?p=1051\"]}]},{\"@type\":\"ImageObject\",\"inLanguage\":\"es\",\"@id\":\"https:\/\/nuevodigitaldeescobar.com.ar\/?p=1051#primaryimage\",\"url\":\"https:\/\/nuevodigitaldeescobar.com.ar\/wp-content\/uploads\/2023\/11\/alzheimer-1-e1700256686291.jpg\",\"contentUrl\":\"https:\/\/nuevodigitaldeescobar.com.ar\/wp-content\/uploads\/2023\/11\/alzheimer-1-e1700256686291.jpg\",\"width\":720,\"height\":405},{\"@type\":\"BreadcrumbList\",\"@id\":\"https:\/\/nuevodigitaldeescobar.com.ar\/?p=1051#breadcrumb\",\"itemListElement\":[{\"@type\":\"ListItem\",\"position\":1,\"name\":\"Portada\",\"item\":\"https:\/\/nuevodigitaldeescobar.com.ar\/\"},{\"@type\":\"ListItem\",\"position\":2,\"name\":\"Los nueve primeros s\u00edntomas del Alzheimer que pueden pasar desapercibidos o confundirse con otras enfermedades\"}]},{\"@type\":\"WebSite\",\"@id\":\"https:\/\/nuevodigitaldeescobar.com.ar\/#website\",\"url\":\"https:\/\/nuevodigitaldeescobar.com.ar\/\",\"name\":\"Nuevo Digital de Escobar\",\"description\":\"La vida escobarense. Directora: Rosana Brunner\",\"publisher\":{\"@id\":\"https:\/\/nuevodigitaldeescobar.com.ar\/#organization\"},\"potentialAction\":[{\"@type\":\"SearchAction\",\"target\":{\"@type\":\"EntryPoint\",\"urlTemplate\":\"https:\/\/nuevodigitaldeescobar.com.ar\/?s={search_term_string}\"},\"query-input\":{\"@type\":\"PropertyValueSpecification\",\"valueRequired\":true,\"valueName\":\"search_term_string\"}}],\"inLanguage\":\"es\"},{\"@type\":\"Organization\",\"@id\":\"https:\/\/nuevodigitaldeescobar.com.ar\/#organization\",\"name\":\"Nuevo Digital de Escobar\",\"url\":\"https:\/\/nuevodigitaldeescobar.com.ar\/\",\"logo\":{\"@type\":\"ImageObject\",\"inLanguage\":\"es\",\"@id\":\"https:\/\/nuevodigitaldeescobar.com.ar\/#\/schema\/logo\/image\/\",\"url\":\"https:\/\/nuevodigitaldeescobar.com.ar\/wp-content\/uploads\/2025\/05\/cropped-logo-nuevo2.jpg\",\"contentUrl\":\"https:\/\/nuevodigitaldeescobar.com.ar\/wp-content\/uploads\/2025\/05\/cropped-logo-nuevo2.jpg\",\"width\":305,\"height\":305,\"caption\":\"Nuevo Digital de Escobar\"},\"image\":{\"@id\":\"https:\/\/nuevodigitaldeescobar.com.ar\/#\/schema\/logo\/image\/\"},\"sameAs\":[\"https:\/\/www.facebook.com\/NUEVODigitalDeEscobar\",\"https:\/\/x.com\/nuevodigescobar\",\"https:\/\/www.instagram.com\/nuevodigitaldeescobar\"]},{\"@type\":\"Person\",\"@id\":\"https:\/\/nuevodigitaldeescobar.com.ar\/#\/schema\/person\/035e90a8efe9a80e6eec22656ad6ea4c\",\"name\":\"Redacci\u00f3n\",\"image\":{\"@type\":\"ImageObject\",\"inLanguage\":\"es\",\"@id\":\"https:\/\/nuevodigitaldeescobar.com.ar\/#\/schema\/person\/image\/\",\"url\":\"https:\/\/secure.gravatar.com\/avatar\/8af8f40000c24e9eef3034f2be5998a372bb1389e64b1a4a36b3a7979142220d?s=96&d=mm&r=g\",\"contentUrl\":\"https:\/\/secure.gravatar.com\/avatar\/8af8f40000c24e9eef3034f2be5998a372bb1389e64b1a4a36b3a7979142220d?s=96&d=mm&r=g\",\"caption\":\"Redacci\u00f3n\"},\"sameAs\":[\"http:\/\/nuevodigitaldeescobar.com.ar\"],\"url\":\"https:\/\/nuevodigitaldeescobar.com.ar\/?author=1\"}]}<\/script>\n<!-- \/ Yoast SEO plugin. -->","yoast_head_json":{"title":"Los nueve primeros s\u00edntomas del Alzheimer que pueden pasar desapercibidos o confundirse con otras enfermedades - Nuevo Digital de Escobar","robots":{"index":"index","follow":"follow","max-snippet":"max-snippet:-1","max-image-preview":"max-image-preview:large","max-video-preview":"max-video-preview:-1"},"canonical":"https:\/\/nuevodigitaldeescobar.com.ar\/?p=1051","og_locale":"es_ES","og_type":"article","og_title":"Los nueve primeros s\u00edntomas del Alzheimer que pueden pasar desapercibidos o confundirse con otras enfermedades - Nuevo Digital de Escobar","og_description":"Las primeras se\u00f1ales de la enfermedad no siempre se asocian con el Alzheimer, pero saber reconocerlas es clave para poder iniciar el tratamiento lo antes [&hellip;]","og_url":"https:\/\/nuevodigitaldeescobar.com.ar\/?p=1051","og_site_name":"Nuevo Digital de Escobar","article_publisher":"https:\/\/www.facebook.com\/NUEVODigitalDeEscobar","article_published_time":"2023-11-18T21:29:29+00:00","og_image":[{"width":720,"height":405,"url":"https:\/\/nuevodigitaldeescobar.com.ar\/wp-content\/uploads\/2023\/11\/alzheimer-1-e1700256686291.jpg","type":"image\/jpeg"}],"author":"Redacci\u00f3n","twitter_card":"summary_large_image","twitter_creator":"@nuevodigescobar","twitter_site":"@nuevodigescobar","twitter_misc":{"Escrito por":"Redacci\u00f3n","Tiempo de lectura":"3 minutos"},"schema":{"@context":"https:\/\/schema.org","@graph":[{"@type":"Article","@id":"https:\/\/nuevodigitaldeescobar.com.ar\/?p=1051#article","isPartOf":{"@id":"https:\/\/nuevodigitaldeescobar.com.ar\/?p=1051"},"author":{"name":"Redacci\u00f3n","@id":"https:\/\/nuevodigitaldeescobar.com.ar\/#\/schema\/person\/035e90a8efe9a80e6eec22656ad6ea4c"},"headline":"Los nueve primeros s\u00edntomas del Alzheimer que pueden pasar desapercibidos o confundirse con otras enfermedades","datePublished":"2023-11-18T21:29:29+00:00","mainEntityOfPage":{"@id":"https:\/\/nuevodigitaldeescobar.com.ar\/?p=1051"},"wordCount":563,"commentCount":0,"publisher":{"@id":"https:\/\/nuevodigitaldeescobar.com.ar\/#organization"},"image":{"@id":"https:\/\/nuevodigitaldeescobar.com.ar\/?p=1051#primaryimage"},"thumbnailUrl":"https:\/\/nuevodigitaldeescobar.com.ar\/wp-content\/uploads\/2023\/11\/alzheimer-1-e1700256686291.jpg","articleSection":["Salud y Nutrici\u00f3n"],"inLanguage":"es","potentialAction":[{"@type":"CommentAction","name":"Comment","target":["https:\/\/nuevodigitaldeescobar.com.ar\/?p=1051#respond"]}]},{"@type":"WebPage","@id":"https:\/\/nuevodigitaldeescobar.com.ar\/?p=1051","url":"https:\/\/nuevodigitaldeescobar.com.ar\/?p=1051","name":"Los nueve primeros s\u00edntomas del Alzheimer que pueden pasar desapercibidos o confundirse con otras enfermedades - Nuevo Digital de Escobar","isPartOf":{"@id":"https:\/\/nuevodigitaldeescobar.com.ar\/#website"},"primaryImageOfPage":{"@id":"https:\/\/nuevodigitaldeescobar.com.ar\/?p=1051#primaryimage"},"image":{"@id":"https:\/\/nuevodigitaldeescobar.com.ar\/?p=1051#primaryimage"},"thumbnailUrl":"https:\/\/nuevodigitaldeescobar.com.ar\/wp-content\/uploads\/2023\/11\/alzheimer-1-e1700256686291.jpg","datePublished":"2023-11-18T21:29:29+00:00","breadcrumb":{"@id":"https:\/\/nuevodigitaldeescobar.com.ar\/?p=1051#breadcrumb"},"inLanguage":"es","potentialAction":[{"@type":"ReadAction","target":["https:\/\/nuevodigitaldeescobar.com.ar\/?p=1051"]}]},{"@type":"ImageObject","inLanguage":"es","@id":"https:\/\/nuevodigitaldeescobar.com.ar\/?p=1051#primaryimage","url":"https:\/\/nuevodigitaldeescobar.com.ar\/wp-content\/uploads\/2023\/11\/alzheimer-1-e1700256686291.jpg","contentUrl":"https:\/\/nuevodigitaldeescobar.com.ar\/wp-content\/uploads\/2023\/11\/alzheimer-1-e1700256686291.jpg","width":720,"height":405},{"@type":"BreadcrumbList","@id":"https:\/\/nuevodigitaldeescobar.com.ar\/?p=1051#breadcrumb","itemListElement":[{"@type":"ListItem","position":1,"name":"Portada","item":"https:\/\/nuevodigitaldeescobar.com.ar\/"},{"@type":"ListItem","position":2,"name":"Los nueve primeros s\u00edntomas del Alzheimer que pueden pasar desapercibidos o confundirse con otras enfermedades"}]},{"@type":"WebSite","@id":"https:\/\/nuevodigitaldeescobar.com.ar\/#website","url":"https:\/\/nuevodigitaldeescobar.com.ar\/","name":"Nuevo Digital de Escobar","description":"La vida escobarense. Directora: Rosana Brunner","publisher":{"@id":"https:\/\/nuevodigitaldeescobar.com.ar\/#organization"},"potentialAction":[{"@type":"SearchAction","target":{"@type":"EntryPoint","urlTemplate":"https:\/\/nuevodigitaldeescobar.com.ar\/?s={search_term_string}"},"query-input":{"@type":"PropertyValueSpecification","valueRequired":true,"valueName":"search_term_string"}}],"inLanguage":"es"},{"@type":"Organization","@id":"https:\/\/nuevodigitaldeescobar.com.ar\/#organization","name":"Nuevo Digital de Escobar","url":"https:\/\/nuevodigitaldeescobar.com.ar\/","logo":{"@type":"ImageObject","inLanguage":"es","@id":"https:\/\/nuevodigitaldeescobar.com.ar\/#\/schema\/logo\/image\/","url":"https:\/\/nuevodigitaldeescobar.com.ar\/wp-content\/uploads\/2025\/05\/cropped-logo-nuevo2.jpg","contentUrl":"https:\/\/nuevodigitaldeescobar.com.ar\/wp-content\/uploads\/2025\/05\/cropped-logo-nuevo2.jpg","width":305,"height":305,"caption":"Nuevo Digital de Escobar"},"image":{"@id":"https:\/\/nuevodigitaldeescobar.com.ar\/#\/schema\/logo\/image\/"},"sameAs":["https:\/\/www.facebook.com\/NUEVODigitalDeEscobar","https:\/\/x.com\/nuevodigescobar","https:\/\/www.instagram.com\/nuevodigitaldeescobar"]},{"@type":"Person","@id":"https:\/\/nuevodigitaldeescobar.com.ar\/#\/schema\/person\/035e90a8efe9a80e6eec22656ad6ea4c","name":"Redacci\u00f3n","image":{"@type":"ImageObject","inLanguage":"es","@id":"https:\/\/nuevodigitaldeescobar.com.ar\/#\/schema\/person\/image\/","url":"https:\/\/secure.gravatar.com\/avatar\/8af8f40000c24e9eef3034f2be5998a372bb1389e64b1a4a36b3a7979142220d?s=96&d=mm&r=g","contentUrl":"https:\/\/secure.gravatar.com\/avatar\/8af8f40000c24e9eef3034f2be5998a372bb1389e64b1a4a36b3a7979142220d?s=96&d=mm&r=g","caption":"Redacci\u00f3n"},"sameAs":["http:\/\/nuevodigitaldeescobar.com.ar"],"url":"https:\/\/nuevodigitaldeescobar.com.ar\/?author=1"}]}},"featured_image_urls":{"full":["https:\/\/nuevodigitaldeescobar.com.ar\/wp-content\/uploads\/2023\/11\/alzheimer-1-e1700256686291.jpg",720,405,false],"thumbnail":["https:\/\/nuevodigitaldeescobar.com.ar\/wp-content\/uploads\/2023\/11\/alzheimer-1-150x150.jpg",150,150,true],"medium":["https:\/\/nuevodigitaldeescobar.com.ar\/wp-content\/uploads\/2023\/11\/alzheimer-1-300x169.jpg",300,169,true],"medium_large":["https:\/\/nuevodigitaldeescobar.com.ar\/wp-content\/uploads\/2023\/11\/alzheimer-1-768x432.jpg",640,360,true],"large":["https:\/\/nuevodigitaldeescobar.com.ar\/wp-content\/uploads\/2023\/11\/alzheimer-1-1024x576.jpg",640,360,true],"1536x1536":["https:\/\/nuevodigitaldeescobar.com.ar\/wp-content\/uploads\/2023\/11\/alzheimer-1-1536x864.jpg",1536,864,true],"2048x2048":["https:\/\/nuevodigitaldeescobar.com.ar\/wp-content\/uploads\/2023\/11\/alzheimer-1-e1700256686291.jpg",720,405,false]},"author_info":{"display_name":"Redacci\u00f3n","author_link":"https:\/\/nuevodigitaldeescobar.com.ar\/?author=1"},"category_info":"<a href=\"https:\/\/nuevodigitaldeescobar.com.ar\/?cat=3\" rel=\"category\">Salud y Nutrici\u00f3n<\/a>","tag_info":"Salud y Nutrici\u00f3n","comment_count":"0","_links":{"self":[{"href":"https:\/\/nuevodigitaldeescobar.com.ar\/index.php?rest_route=\/wp\/v2\/posts\/1051","targetHints":{"allow":["GET"]}}],"collection":[{"href":"https:\/\/nuevodigitaldeescobar.com.ar\/index.php?rest_route=\/wp\/v2\/posts"}],"about":[{"href":"https:\/\/nuevodigitaldeescobar.com.ar\/index.php?rest_route=\/wp\/v2\/types\/post"}],"author":[{"embeddable":true,"href":"https:\/\/nuevodigitaldeescobar.com.ar\/index.php?rest_route=\/wp\/v2\/users\/1"}],"replies":[{"embeddable":true,"href":"https:\/\/nuevodigitaldeescobar.com.ar\/index.php?rest_route=%2Fwp%2Fv2%2Fcomments&post=1051"}],"version-history":[{"count":1,"href":"https:\/\/nuevodigitaldeescobar.com.ar\/index.php?rest_route=\/wp\/v2\/posts\/1051\/revisions"}],"predecessor-version":[{"id":1054,"href":"https:\/\/nuevodigitaldeescobar.com.ar\/index.php?rest_route=\/wp\/v2\/posts\/1051\/revisions\/1054"}],"wp:featuredmedia":[{"embeddable":true,"href":"https:\/\/nuevodigitaldeescobar.com.ar\/index.php?rest_route=\/wp\/v2\/media\/1053"}],"wp:attachment":[{"href":"https:\/\/nuevodigitaldeescobar.com.ar\/index.php?rest_route=%2Fwp%2Fv2%2Fmedia&parent=1051"}],"wp:term":[{"taxonomy":"category","embeddable":true,"href":"https:\/\/nuevodigitaldeescobar.com.ar\/index.php?rest_route=%2Fwp%2Fv2%2Fcategories&post=1051"},{"taxonomy":"post_tag","embeddable":true,"href":"https:\/\/nuevodigitaldeescobar.com.ar\/index.php?rest_route=%2Fwp%2Fv2%2Ftags&post=1051"}],"curies":[{"name":"wp","href":"https:\/\/api.w.org\/{rel}","templated":true}]}}