{"id":10560,"date":"2024-12-21T07:00:00","date_gmt":"2024-12-21T10:00:00","guid":{"rendered":"https:\/\/nuevodigitaldeescobar.com.ar\/?p=10560"},"modified":"2024-12-19T04:58:11","modified_gmt":"2024-12-19T07:58:11","slug":"matarifes-alertan-por-una-ola-de-robos-a-mano-armada-asaltaron-a-varios-camiones-con-medias-reses","status":"publish","type":"post","link":"https:\/\/nuevodigitaldeescobar.com.ar\/?p=10560","title":{"rendered":"Matarifes alertan por una ola de robos: a mano armada, asaltaron a varios camiones con medias reses"},"content":{"rendered":"<p><span style=\"color: #003366;\"><em><strong>La c\u00e1mara que nuclea a matarifes y abastecedores advirti\u00f3 que recrudecieron los robos a unidades que trasportan medias reses. Hasta el momento, calcularon que fueron sustra\u00eddas unas 500 y las v\u00edctimas hablan de una \u00abzona liberada\u00bb.<\/strong><\/em><\/span><\/p>\n<p><!--more--><\/p>\n<p>La C\u00e1mara Argentina de Matarifes y Abastecedores (Camya) advirti\u00f3 por una ola de robos a camiones que transportan medias reses en distintas localidades de la provincia de Buenos Aires.<\/p>\n<p>Seg\u00fan confirmaron desde la entidad, entre noviembre y diciembre fueron sustra\u00eddas unas 500 medias reses, que representa un perjuicio econ\u00f3mico de $225 millones.<\/p>\n<p>A trav\u00e9s de un comunicado, los matarifes expresaron <em>\u201csu profunda preocupaci\u00f3n ante el aumento de robos a camiones refrigerados que transportan medias reses, especialmente en la zona sur del Gran Buenos Aires\u201d<\/em>.<\/p>\n<p>En este sentido, reconocieron que <em>\u201cesta situaci\u00f3n no solo pone en riesgo la integridad f\u00edsica del personal involucrado, como choferes y peones, y afecta los veh\u00edculos y la mercader\u00eda transportada, sino que adem\u00e1s compromete un aspecto crucial para la industria y los consumidores: la trazabilidad de la carne\u201d<\/em>.<\/p>\n<p><a href=\"https:\/\/nuevodigitaldeescobar.com.ar\/?attachment_id=10561\" rel=\"attachment wp-att-10561\"><img fetchpriority=\"high\" decoding=\"async\" class=\"alignnone size-full wp-image-10561\" src=\"http:\/\/nuevodigitaldeescobar.com.ar\/wp-content\/uploads\/2024\/12\/comunicado-e1734594997403.jpeg\" alt=\"\" width=\"720\" height=\"720\" \/><\/a><\/p>\n<p>Las localidades afectadas por esta ola de robos son -de acuerdo a Camya- Almirante Brown, Avellaneda, Berazategui, Esteban Echeverr\u00eda, Ezeiza, Florencio Varela, Lan\u00fas, Lomas de Zamora y Quilmes.<\/p>\n<h3><span style=\"color: #003366;\">C\u00f3mo fueron los robos<\/span><\/h3>\n<p>Los matarifes detallaron que en los robos se repiti\u00f3 un modus operandi similar: un Toyota Etios de color blanco cruz\u00f3 al veh\u00edculo y, a punta de pistola, los asaltantes detuvieron el cami\u00f3n y obligaron a los hombreadores a pasar las medias reses a un cami\u00f3n, en un galp\u00f3n cercano al lugar del atraco.<\/p>\n<p>Mientras se producen los robos, los delincuentes mantienen secuestrado en el auto al chofer, a quien liberan cuando concluye la carga de la mercader\u00eda. En promedio, cada unidad refrigerada pueda trasladar hasta 60 medias reses.<\/p>\n<p>Esta modalidad se repiti\u00f3 en todos los robos, en donde los testigos coincidieron en que particip\u00f3 el mismo auto y la mercader\u00eda sustra\u00edda se descarg\u00f3 en el mismo galp\u00f3n. Ante esta situaci\u00f3n, las v\u00edctimas sugirieron la posibilidad de hallarse ante una <em>\u201czona liberada\u201d<\/em>.<\/p>\n<p><em>\u201cLa p\u00e9rdida de trazabilidad impide conocer el destino y la finalidad de los productos robados, lo que genera una grave incertidumbre sobre su seguridad y salubridad, poniendo en riesgo a los consumidores finales. Este delito, que se intensifica particularmente en estas fechas, requiere de una respuesta urgente y efectiva\u201d<\/em>, enfatizaron desde la c\u00e1mara.<\/p>\n<p>Y concluyeron: <em>\u201cInstamos a las autoridades competentes a tomar medidas concretas y contundentes para combatir esta problem\u00e1tica, acompa\u00f1ando al sector en la prevenci\u00f3n y lucha contra estos delitos. Es fundamental proteger no solo los bienes y recursos del sector, sino tambi\u00e9n garantizar la seguridad de los trabajadores y la calidad de los productos que llegan a la mesa de los consumidores\u201d<\/em>.<\/p>\n<p><em>(Infocampo)<\/em><\/p>\n","protected":false},"excerpt":{"rendered":"<p>La c\u00e1mara que nuclea a matarifes y abastecedores advirti\u00f3 que recrudecieron los robos a unidades que trasportan medias reses. Hasta el momento, calcularon que fueron [&hellip;]<\/p>\n","protected":false},"author":1,"featured_media":10562,"comment_status":"open","ping_status":"open","sticky":false,"template":"","format":"standard","meta":{"footnotes":""},"categories":[7,13],"tags":[],"class_list":["post-10560","post","type-post","status-publish","format-standard","has-post-thumbnail","hentry","category-interes-general","category-policiales"],"better_featured_image":{"id":10562,"alt_text":"","caption":"","description":"","media_type":"image","media_details":{"width":720,"height":480,"file":"2024\/12\/matarifes-e1734595078397.jpg","filesize":389222,"sizes":{"medium":{"file":"matarifes-e1734595070324-300x200.jpg","width":300,"height":200,"mime-type":"image\/jpeg","filesize":15077,"source_url":"https:\/\/nuevodigitaldeescobar.com.ar\/wp-content\/uploads\/2024\/12\/matarifes-e1734595070324-300x200.jpg"},"large":{"file":"matarifes-1024x586.jpg","width":1024,"height":586,"mime-type":"image\/jpeg","filesize":160069,"source_url":"https:\/\/nuevodigitaldeescobar.com.ar\/wp-content\/uploads\/2024\/12\/matarifes-1024x586.jpg"},"thumbnail":{"file":"matarifes-e1734595070324-150x150.jpg","width":150,"height":150,"mime-type":"image\/jpeg","filesize":6420,"source_url":"https:\/\/nuevodigitaldeescobar.com.ar\/wp-content\/uploads\/2024\/12\/matarifes-e1734595070324-150x150.jpg"},"medium_large":{"file":"matarifes-e1734595070324-768x512.jpg","width":768,"height":512,"mime-type":"image\/jpeg","filesize":112234,"source_url":"https:\/\/nuevodigitaldeescobar.com.ar\/wp-content\/uploads\/2024\/12\/matarifes-e1734595070324-768x512.jpg"}},"image_meta":{"aperture":"0","credit":"","camera":"","caption":"","created_timestamp":"0","copyright":"","focal_length":"0","iso":"0","shutter_speed":"0","title":"","orientation":"0","keywords":[]}},"post":10560,"source_url":"https:\/\/nuevodigitaldeescobar.com.ar\/wp-content\/uploads\/2024\/12\/matarifes-e1734595078397.jpg"},"yoast_head":"<!-- This site is optimized with the Yoast SEO plugin v26.1.1 - https:\/\/yoast.com\/wordpress\/plugins\/seo\/ -->\n<title>Matarifes alertan por una ola de robos: a mano armada, asaltaron a varios camiones con medias reses - Nuevo Digital de Escobar<\/title>\n<meta name=\"robots\" content=\"index, follow, max-snippet:-1, max-image-preview:large, max-video-preview:-1\" \/>\n<link rel=\"canonical\" href=\"https:\/\/nuevodigitaldeescobar.com.ar\/?p=10560\" \/>\n<meta property=\"og:locale\" content=\"es_ES\" \/>\n<meta property=\"og:type\" content=\"article\" \/>\n<meta property=\"og:title\" content=\"Matarifes alertan por una ola de robos: a mano armada, asaltaron a varios camiones con medias reses - Nuevo Digital de Escobar\" \/>\n<meta property=\"og:description\" content=\"La c\u00e1mara que nuclea a matarifes y abastecedores advirti\u00f3 que recrudecieron los robos a unidades que trasportan medias reses. Hasta el momento, calcularon que fueron [&hellip;]\" \/>\n<meta property=\"og:url\" content=\"https:\/\/nuevodigitaldeescobar.com.ar\/?p=10560\" \/>\n<meta property=\"og:site_name\" content=\"Nuevo Digital de Escobar\" \/>\n<meta property=\"article:publisher\" content=\"https:\/\/www.facebook.com\/NUEVODigitalDeEscobar\" \/>\n<meta property=\"article:published_time\" content=\"2024-12-21T10:00:00+00:00\" \/>\n<meta property=\"og:image\" content=\"https:\/\/nuevodigitaldeescobar.com.ar\/wp-content\/uploads\/2024\/12\/matarifes-e1734595078397.jpg\" \/>\n\t<meta property=\"og:image:width\" content=\"720\" \/>\n\t<meta property=\"og:image:height\" content=\"480\" \/>\n\t<meta property=\"og:image:type\" content=\"image\/jpeg\" \/>\n<meta name=\"author\" content=\"Redacci\u00f3n\" \/>\n<meta name=\"twitter:card\" content=\"summary_large_image\" \/>\n<meta name=\"twitter:creator\" content=\"@nuevodigescobar\" \/>\n<meta name=\"twitter:site\" content=\"@nuevodigescobar\" \/>\n<meta name=\"twitter:label1\" content=\"Escrito por\" \/>\n\t<meta name=\"twitter:data1\" content=\"Redacci\u00f3n\" \/>\n\t<meta name=\"twitter:label2\" content=\"Tiempo de lectura\" \/>\n\t<meta name=\"twitter:data2\" content=\"2 minutos\" \/>\n<script type=\"application\/ld+json\" class=\"yoast-schema-graph\">{\"@context\":\"https:\/\/schema.org\",\"@graph\":[{\"@type\":\"Article\",\"@id\":\"https:\/\/nuevodigitaldeescobar.com.ar\/?p=10560#article\",\"isPartOf\":{\"@id\":\"https:\/\/nuevodigitaldeescobar.com.ar\/?p=10560\"},\"author\":{\"name\":\"Redacci\u00f3n\",\"@id\":\"https:\/\/nuevodigitaldeescobar.com.ar\/#\/schema\/person\/035e90a8efe9a80e6eec22656ad6ea4c\"},\"headline\":\"Matarifes alertan por una ola de robos: a mano armada, asaltaron a varios camiones con medias reses\",\"datePublished\":\"2024-12-21T10:00:00+00:00\",\"mainEntityOfPage\":{\"@id\":\"https:\/\/nuevodigitaldeescobar.com.ar\/?p=10560\"},\"wordCount\":492,\"commentCount\":0,\"publisher\":{\"@id\":\"https:\/\/nuevodigitaldeescobar.com.ar\/#organization\"},\"image\":{\"@id\":\"https:\/\/nuevodigitaldeescobar.com.ar\/?p=10560#primaryimage\"},\"thumbnailUrl\":\"https:\/\/nuevodigitaldeescobar.com.ar\/wp-content\/uploads\/2024\/12\/matarifes-e1734595078397.jpg\",\"articleSection\":[\"Inter\u00e9s general\",\"Policiales\"],\"inLanguage\":\"es\",\"potentialAction\":[{\"@type\":\"CommentAction\",\"name\":\"Comment\",\"target\":[\"https:\/\/nuevodigitaldeescobar.com.ar\/?p=10560#respond\"]}]},{\"@type\":\"WebPage\",\"@id\":\"https:\/\/nuevodigitaldeescobar.com.ar\/?p=10560\",\"url\":\"https:\/\/nuevodigitaldeescobar.com.ar\/?p=10560\",\"name\":\"Matarifes alertan por una ola de robos: a mano armada, asaltaron a varios camiones con medias reses - Nuevo Digital de Escobar\",\"isPartOf\":{\"@id\":\"https:\/\/nuevodigitaldeescobar.com.ar\/#website\"},\"primaryImageOfPage\":{\"@id\":\"https:\/\/nuevodigitaldeescobar.com.ar\/?p=10560#primaryimage\"},\"image\":{\"@id\":\"https:\/\/nuevodigitaldeescobar.com.ar\/?p=10560#primaryimage\"},\"thumbnailUrl\":\"https:\/\/nuevodigitaldeescobar.com.ar\/wp-content\/uploads\/2024\/12\/matarifes-e1734595078397.jpg\",\"datePublished\":\"2024-12-21T10:00:00+00:00\",\"breadcrumb\":{\"@id\":\"https:\/\/nuevodigitaldeescobar.com.ar\/?p=10560#breadcrumb\"},\"inLanguage\":\"es\",\"potentialAction\":[{\"@type\":\"ReadAction\",\"target\":[\"https:\/\/nuevodigitaldeescobar.com.ar\/?p=10560\"]}]},{\"@type\":\"ImageObject\",\"inLanguage\":\"es\",\"@id\":\"https:\/\/nuevodigitaldeescobar.com.ar\/?p=10560#primaryimage\",\"url\":\"https:\/\/nuevodigitaldeescobar.com.ar\/wp-content\/uploads\/2024\/12\/matarifes-e1734595078397.jpg\",\"contentUrl\":\"https:\/\/nuevodigitaldeescobar.com.ar\/wp-content\/uploads\/2024\/12\/matarifes-e1734595078397.jpg\",\"width\":720,\"height\":480},{\"@type\":\"BreadcrumbList\",\"@id\":\"https:\/\/nuevodigitaldeescobar.com.ar\/?p=10560#breadcrumb\",\"itemListElement\":[{\"@type\":\"ListItem\",\"position\":1,\"name\":\"Portada\",\"item\":\"https:\/\/nuevodigitaldeescobar.com.ar\/\"},{\"@type\":\"ListItem\",\"position\":2,\"name\":\"Matarifes alertan por una ola de robos: a mano armada, asaltaron a varios camiones con medias reses\"}]},{\"@type\":\"WebSite\",\"@id\":\"https:\/\/nuevodigitaldeescobar.com.ar\/#website\",\"url\":\"https:\/\/nuevodigitaldeescobar.com.ar\/\",\"name\":\"Nuevo Digital de Escobar\",\"description\":\"La vida escobarense. Directora: Rosana Brunner\",\"publisher\":{\"@id\":\"https:\/\/nuevodigitaldeescobar.com.ar\/#organization\"},\"potentialAction\":[{\"@type\":\"SearchAction\",\"target\":{\"@type\":\"EntryPoint\",\"urlTemplate\":\"https:\/\/nuevodigitaldeescobar.com.ar\/?s={search_term_string}\"},\"query-input\":{\"@type\":\"PropertyValueSpecification\",\"valueRequired\":true,\"valueName\":\"search_term_string\"}}],\"inLanguage\":\"es\"},{\"@type\":\"Organization\",\"@id\":\"https:\/\/nuevodigitaldeescobar.com.ar\/#organization\",\"name\":\"Nuevo Digital de Escobar\",\"url\":\"https:\/\/nuevodigitaldeescobar.com.ar\/\",\"logo\":{\"@type\":\"ImageObject\",\"inLanguage\":\"es\",\"@id\":\"https:\/\/nuevodigitaldeescobar.com.ar\/#\/schema\/logo\/image\/\",\"url\":\"https:\/\/nuevodigitaldeescobar.com.ar\/wp-content\/uploads\/2025\/05\/cropped-logo-nuevo2.jpg\",\"contentUrl\":\"https:\/\/nuevodigitaldeescobar.com.ar\/wp-content\/uploads\/2025\/05\/cropped-logo-nuevo2.jpg\",\"width\":305,\"height\":305,\"caption\":\"Nuevo Digital de Escobar\"},\"image\":{\"@id\":\"https:\/\/nuevodigitaldeescobar.com.ar\/#\/schema\/logo\/image\/\"},\"sameAs\":[\"https:\/\/www.facebook.com\/NUEVODigitalDeEscobar\",\"https:\/\/x.com\/nuevodigescobar\",\"https:\/\/www.instagram.com\/nuevodigitaldeescobar\"]},{\"@type\":\"Person\",\"@id\":\"https:\/\/nuevodigitaldeescobar.com.ar\/#\/schema\/person\/035e90a8efe9a80e6eec22656ad6ea4c\",\"name\":\"Redacci\u00f3n\",\"image\":{\"@type\":\"ImageObject\",\"inLanguage\":\"es\",\"@id\":\"https:\/\/nuevodigitaldeescobar.com.ar\/#\/schema\/person\/image\/\",\"url\":\"https:\/\/secure.gravatar.com\/avatar\/8af8f40000c24e9eef3034f2be5998a372bb1389e64b1a4a36b3a7979142220d?s=96&d=mm&r=g\",\"contentUrl\":\"https:\/\/secure.gravatar.com\/avatar\/8af8f40000c24e9eef3034f2be5998a372bb1389e64b1a4a36b3a7979142220d?s=96&d=mm&r=g\",\"caption\":\"Redacci\u00f3n\"},\"sameAs\":[\"http:\/\/nuevodigitaldeescobar.com.ar\"],\"url\":\"https:\/\/nuevodigitaldeescobar.com.ar\/?author=1\"}]}<\/script>\n<!-- \/ Yoast SEO plugin. -->","yoast_head_json":{"title":"Matarifes alertan por una ola de robos: a mano armada, asaltaron a varios camiones con medias reses - Nuevo Digital de Escobar","robots":{"index":"index","follow":"follow","max-snippet":"max-snippet:-1","max-image-preview":"max-image-preview:large","max-video-preview":"max-video-preview:-1"},"canonical":"https:\/\/nuevodigitaldeescobar.com.ar\/?p=10560","og_locale":"es_ES","og_type":"article","og_title":"Matarifes alertan por una ola de robos: a mano armada, asaltaron a varios camiones con medias reses - Nuevo Digital de Escobar","og_description":"La c\u00e1mara que nuclea a matarifes y abastecedores advirti\u00f3 que recrudecieron los robos a unidades que trasportan medias reses. Hasta el momento, calcularon que fueron [&hellip;]","og_url":"https:\/\/nuevodigitaldeescobar.com.ar\/?p=10560","og_site_name":"Nuevo Digital de Escobar","article_publisher":"https:\/\/www.facebook.com\/NUEVODigitalDeEscobar","article_published_time":"2024-12-21T10:00:00+00:00","og_image":[{"width":720,"height":480,"url":"https:\/\/nuevodigitaldeescobar.com.ar\/wp-content\/uploads\/2024\/12\/matarifes-e1734595078397.jpg","type":"image\/jpeg"}],"author":"Redacci\u00f3n","twitter_card":"summary_large_image","twitter_creator":"@nuevodigescobar","twitter_site":"@nuevodigescobar","twitter_misc":{"Escrito por":"Redacci\u00f3n","Tiempo de lectura":"2 minutos"},"schema":{"@context":"https:\/\/schema.org","@graph":[{"@type":"Article","@id":"https:\/\/nuevodigitaldeescobar.com.ar\/?p=10560#article","isPartOf":{"@id":"https:\/\/nuevodigitaldeescobar.com.ar\/?p=10560"},"author":{"name":"Redacci\u00f3n","@id":"https:\/\/nuevodigitaldeescobar.com.ar\/#\/schema\/person\/035e90a8efe9a80e6eec22656ad6ea4c"},"headline":"Matarifes alertan por una ola de robos: a mano armada, asaltaron a varios camiones con medias reses","datePublished":"2024-12-21T10:00:00+00:00","mainEntityOfPage":{"@id":"https:\/\/nuevodigitaldeescobar.com.ar\/?p=10560"},"wordCount":492,"commentCount":0,"publisher":{"@id":"https:\/\/nuevodigitaldeescobar.com.ar\/#organization"},"image":{"@id":"https:\/\/nuevodigitaldeescobar.com.ar\/?p=10560#primaryimage"},"thumbnailUrl":"https:\/\/nuevodigitaldeescobar.com.ar\/wp-content\/uploads\/2024\/12\/matarifes-e1734595078397.jpg","articleSection":["Inter\u00e9s general","Policiales"],"inLanguage":"es","potentialAction":[{"@type":"CommentAction","name":"Comment","target":["https:\/\/nuevodigitaldeescobar.com.ar\/?p=10560#respond"]}]},{"@type":"WebPage","@id":"https:\/\/nuevodigitaldeescobar.com.ar\/?p=10560","url":"https:\/\/nuevodigitaldeescobar.com.ar\/?p=10560","name":"Matarifes alertan por una ola de robos: a mano armada, asaltaron a varios camiones con medias reses - Nuevo Digital de Escobar","isPartOf":{"@id":"https:\/\/nuevodigitaldeescobar.com.ar\/#website"},"primaryImageOfPage":{"@id":"https:\/\/nuevodigitaldeescobar.com.ar\/?p=10560#primaryimage"},"image":{"@id":"https:\/\/nuevodigitaldeescobar.com.ar\/?p=10560#primaryimage"},"thumbnailUrl":"https:\/\/nuevodigitaldeescobar.com.ar\/wp-content\/uploads\/2024\/12\/matarifes-e1734595078397.jpg","datePublished":"2024-12-21T10:00:00+00:00","breadcrumb":{"@id":"https:\/\/nuevodigitaldeescobar.com.ar\/?p=10560#breadcrumb"},"inLanguage":"es","potentialAction":[{"@type":"ReadAction","target":["https:\/\/nuevodigitaldeescobar.com.ar\/?p=10560"]}]},{"@type":"ImageObject","inLanguage":"es","@id":"https:\/\/nuevodigitaldeescobar.com.ar\/?p=10560#primaryimage","url":"https:\/\/nuevodigitaldeescobar.com.ar\/wp-content\/uploads\/2024\/12\/matarifes-e1734595078397.jpg","contentUrl":"https:\/\/nuevodigitaldeescobar.com.ar\/wp-content\/uploads\/2024\/12\/matarifes-e1734595078397.jpg","width":720,"height":480},{"@type":"BreadcrumbList","@id":"https:\/\/nuevodigitaldeescobar.com.ar\/?p=10560#breadcrumb","itemListElement":[{"@type":"ListItem","position":1,"name":"Portada","item":"https:\/\/nuevodigitaldeescobar.com.ar\/"},{"@type":"ListItem","position":2,"name":"Matarifes alertan por una ola de robos: a mano armada, asaltaron a varios camiones con medias reses"}]},{"@type":"WebSite","@id":"https:\/\/nuevodigitaldeescobar.com.ar\/#website","url":"https:\/\/nuevodigitaldeescobar.com.ar\/","name":"Nuevo Digital de Escobar","description":"La vida escobarense. Directora: Rosana Brunner","publisher":{"@id":"https:\/\/nuevodigitaldeescobar.com.ar\/#organization"},"potentialAction":[{"@type":"SearchAction","target":{"@type":"EntryPoint","urlTemplate":"https:\/\/nuevodigitaldeescobar.com.ar\/?s={search_term_string}"},"query-input":{"@type":"PropertyValueSpecification","valueRequired":true,"valueName":"search_term_string"}}],"inLanguage":"es"},{"@type":"Organization","@id":"https:\/\/nuevodigitaldeescobar.com.ar\/#organization","name":"Nuevo Digital de Escobar","url":"https:\/\/nuevodigitaldeescobar.com.ar\/","logo":{"@type":"ImageObject","inLanguage":"es","@id":"https:\/\/nuevodigitaldeescobar.com.ar\/#\/schema\/logo\/image\/","url":"https:\/\/nuevodigitaldeescobar.com.ar\/wp-content\/uploads\/2025\/05\/cropped-logo-nuevo2.jpg","contentUrl":"https:\/\/nuevodigitaldeescobar.com.ar\/wp-content\/uploads\/2025\/05\/cropped-logo-nuevo2.jpg","width":305,"height":305,"caption":"Nuevo Digital de Escobar"},"image":{"@id":"https:\/\/nuevodigitaldeescobar.com.ar\/#\/schema\/logo\/image\/"},"sameAs":["https:\/\/www.facebook.com\/NUEVODigitalDeEscobar","https:\/\/x.com\/nuevodigescobar","https:\/\/www.instagram.com\/nuevodigitaldeescobar"]},{"@type":"Person","@id":"https:\/\/nuevodigitaldeescobar.com.ar\/#\/schema\/person\/035e90a8efe9a80e6eec22656ad6ea4c","name":"Redacci\u00f3n","image":{"@type":"ImageObject","inLanguage":"es","@id":"https:\/\/nuevodigitaldeescobar.com.ar\/#\/schema\/person\/image\/","url":"https:\/\/secure.gravatar.com\/avatar\/8af8f40000c24e9eef3034f2be5998a372bb1389e64b1a4a36b3a7979142220d?s=96&d=mm&r=g","contentUrl":"https:\/\/secure.gravatar.com\/avatar\/8af8f40000c24e9eef3034f2be5998a372bb1389e64b1a4a36b3a7979142220d?s=96&d=mm&r=g","caption":"Redacci\u00f3n"},"sameAs":["http:\/\/nuevodigitaldeescobar.com.ar"],"url":"https:\/\/nuevodigitaldeescobar.com.ar\/?author=1"}]}},"featured_image_urls":{"full":["https:\/\/nuevodigitaldeescobar.com.ar\/wp-content\/uploads\/2024\/12\/matarifes-e1734595078397.jpg",720,480,false],"thumbnail":["https:\/\/nuevodigitaldeescobar.com.ar\/wp-content\/uploads\/2024\/12\/matarifes-e1734595070324-150x150.jpg",150,150,true],"medium":["https:\/\/nuevodigitaldeescobar.com.ar\/wp-content\/uploads\/2024\/12\/matarifes-e1734595070324-300x200.jpg",300,200,true],"medium_large":["https:\/\/nuevodigitaldeescobar.com.ar\/wp-content\/uploads\/2024\/12\/matarifes-e1734595070324-768x512.jpg",640,427,true],"large":["https:\/\/nuevodigitaldeescobar.com.ar\/wp-content\/uploads\/2024\/12\/matarifes-1024x586.jpg",640,366,true],"1536x1536":["https:\/\/nuevodigitaldeescobar.com.ar\/wp-content\/uploads\/2024\/12\/matarifes-e1734595078397.jpg",720,480,false],"2048x2048":["https:\/\/nuevodigitaldeescobar.com.ar\/wp-content\/uploads\/2024\/12\/matarifes-e1734595078397.jpg",720,480,false]},"author_info":{"display_name":"Redacci\u00f3n","author_link":"https:\/\/nuevodigitaldeescobar.com.ar\/?author=1"},"category_info":"<a href=\"https:\/\/nuevodigitaldeescobar.com.ar\/?cat=7\" rel=\"category\">Inter\u00e9s general<\/a> <a href=\"https:\/\/nuevodigitaldeescobar.com.ar\/?cat=13\" rel=\"category\">Policiales<\/a>","tag_info":"Policiales","comment_count":"0","_links":{"self":[{"href":"https:\/\/nuevodigitaldeescobar.com.ar\/index.php?rest_route=\/wp\/v2\/posts\/10560","targetHints":{"allow":["GET"]}}],"collection":[{"href":"https:\/\/nuevodigitaldeescobar.com.ar\/index.php?rest_route=\/wp\/v2\/posts"}],"about":[{"href":"https:\/\/nuevodigitaldeescobar.com.ar\/index.php?rest_route=\/wp\/v2\/types\/post"}],"author":[{"embeddable":true,"href":"https:\/\/nuevodigitaldeescobar.com.ar\/index.php?rest_route=\/wp\/v2\/users\/1"}],"replies":[{"embeddable":true,"href":"https:\/\/nuevodigitaldeescobar.com.ar\/index.php?rest_route=%2Fwp%2Fv2%2Fcomments&post=10560"}],"version-history":[{"count":1,"href":"https:\/\/nuevodigitaldeescobar.com.ar\/index.php?rest_route=\/wp\/v2\/posts\/10560\/revisions"}],"predecessor-version":[{"id":10563,"href":"https:\/\/nuevodigitaldeescobar.com.ar\/index.php?rest_route=\/wp\/v2\/posts\/10560\/revisions\/10563"}],"wp:featuredmedia":[{"embeddable":true,"href":"https:\/\/nuevodigitaldeescobar.com.ar\/index.php?rest_route=\/wp\/v2\/media\/10562"}],"wp:attachment":[{"href":"https:\/\/nuevodigitaldeescobar.com.ar\/index.php?rest_route=%2Fwp%2Fv2%2Fmedia&parent=10560"}],"wp:term":[{"taxonomy":"category","embeddable":true,"href":"https:\/\/nuevodigitaldeescobar.com.ar\/index.php?rest_route=%2Fwp%2Fv2%2Fcategories&post=10560"},{"taxonomy":"post_tag","embeddable":true,"href":"https:\/\/nuevodigitaldeescobar.com.ar\/index.php?rest_route=%2Fwp%2Fv2%2Ftags&post=10560"}],"curies":[{"name":"wp","href":"https:\/\/api.w.org\/{rel}","templated":true}]}}