{"id":10628,"date":"2024-12-23T14:09:59","date_gmt":"2024-12-23T17:09:59","guid":{"rendered":"https:\/\/nuevodigitaldeescobar.com.ar\/?p=10628"},"modified":"2024-12-23T14:10:01","modified_gmt":"2024-12-23T17:10:01","slug":"el-jardin-de-soli-un-ano-inaugural-de-aprendizaje-y-comunidad","status":"publish","type":"post","link":"https:\/\/nuevodigitaldeescobar.com.ar\/?p=10628","title":{"rendered":"\u00abEl Jard\u00edn de Soli\u00bb: Un a\u00f1o inaugural de aprendizaje y comunidad"},"content":{"rendered":"<p><span style=\"color: #003366;\"><strong><em>El pasado 1\u00b0 de marzo de 2024 marc\u00f3 el inicio de una propuesta educativa singular en el coraz\u00f3n de Escobar. \u00abEl Jard\u00edn de Soli\u00bb abri\u00f3 sus puertas inspirado en la memoria de Solidaria Nu\u00f1ez de Acosta, madre de la directora Silvia Isabel Acosta. Este proyecto, que combina la ense\u00f1anza escalonada con la participaci\u00f3n activa de las familias, busca construir una comunidad educativa donde la confianza y el entusiasmo sean pilares fundamentales.<\/em><\/strong><\/span><!--more--><\/p>\n\n<p><\/p>\n<h3><em><span style=\"color: #003366;\"><strong>Un modelo educativo innovador<\/strong><\/span><\/em><\/h3>\n<p> <\/p>\n<p>\u00abEl Jard\u00edn de Soli\u00bb se distingue por fomentar la articulaci\u00f3n generacional y el aprendizaje colaborativo. Inspirada por los talleres de narraci\u00f3n de cuentos que Solidaria Nu\u00f1ez de Acosta realizaba con amigas y familias, la propuesta educativa incluye actividades donde las familias y los docentes comparten sus saberes, generando un espacio enriquecedor tanto para ni\u00f1os como para adultos.<\/p>\n<p><\/p>\n\n\n<p>\u00abUna comunidad que aprende lo hace por la confianza mutua y se alimenta del entusiasmo y el agradecimiento permanente\u00bb, reflexion\u00f3 Silvia Isabel Acosta, directora del jard\u00edn, al cerrar este primer ciclo lectivo.<\/p>\n\n\n<div class=\"wp-block-image is-style-default\">\n<figure class=\"aligncenter size-large\"><img fetchpriority=\"high\" decoding=\"async\" width=\"1024\" height=\"738\" src=\"http:\/\/nuevodigitaldeescobar.com.ar\/wp-content\/uploads\/2024\/12\/jar02-1024x738.jpeg\" alt=\"\" class=\"wp-image-10630\" srcset=\"https:\/\/nuevodigitaldeescobar.com.ar\/wp-content\/uploads\/2024\/12\/jar02-1024x738.jpeg 1024w, https:\/\/nuevodigitaldeescobar.com.ar\/wp-content\/uploads\/2024\/12\/jar02-300x216.jpeg 300w, https:\/\/nuevodigitaldeescobar.com.ar\/wp-content\/uploads\/2024\/12\/jar02-768x554.jpeg 768w, https:\/\/nuevodigitaldeescobar.com.ar\/wp-content\/uploads\/2024\/12\/jar02.jpeg 1261w\" sizes=\"(max-width: 1024px) 100vw, 1024px\" \/><\/figure><\/div>\n\n<p><\/p>\n<h3><span style=\"color: #003366;\"><em><strong>Un acto de cierre lleno de magia<\/strong><\/em><\/span><\/h3>\n<p> <\/p>\n<p>El primer a\u00f1o culmin\u00f3 con un emotivo acto festivo en el que se dramatizaron cuentos de la abuela \u00abSoli\u00bb trabajados a lo largo del a\u00f1o. Entre los momentos destacados estuvieron el baile de los patitos con \u00abLa patita Lul\u00fa\u00bb y la representaci\u00f3n de \u00abEl bosque encantado\u00bb. Estas actividades no solo mostraron el talento y la alegr\u00eda de los peque\u00f1os, sino tambi\u00e9n el compromiso de docentes y familias que acompa\u00f1aron cada paso.<\/p>\n<p><\/p>\n\n<div class=\"wp-block-image is-style-rounded\">\n<figure class=\"aligncenter size-full\"><img decoding=\"async\" width=\"1019\" height=\"580\" src=\"http:\/\/nuevodigitaldeescobar.com.ar\/wp-content\/uploads\/2024\/12\/jar03.jpeg\" alt=\"\" class=\"wp-image-10629\" srcset=\"https:\/\/nuevodigitaldeescobar.com.ar\/wp-content\/uploads\/2024\/12\/jar03.jpeg 1019w, https:\/\/nuevodigitaldeescobar.com.ar\/wp-content\/uploads\/2024\/12\/jar03-300x171.jpeg 300w, https:\/\/nuevodigitaldeescobar.com.ar\/wp-content\/uploads\/2024\/12\/jar03-768x437.jpeg 768w\" sizes=\"(max-width: 1019px) 100vw, 1019px\" \/><figcaption class=\"wp-element-caption\"><em><strong>La Patita Lul\u00fa<\/strong><\/em><\/figcaption><\/figure><\/div>\n\n<p><\/p>\n<p><em><span style=\"color: #003366;\"><strong>El equipo y la comunidad educativa<\/strong><\/span><\/em><\/p>\n<p> <\/p>\n<p>Con un total de 20 alumnos distribuidos en dos salas:<\/p>\n<p><\/p>\n\n\n<ul class=\"wp-block-list\">\n<li>Sala maternal (1 y 2 a\u00f1os): 8 alumnos.<\/li>\n\n\n\n<li>Sala multiedad (3 a 5 a\u00f1os): 12 alumnos.<\/li>\n<\/ul>\n\n\n\n<p>El jard\u00edn cuenta con un equipo de cuatro docentes que trabajan en conjunto con pares pedag\u00f3gicos, garantizando una atenci\u00f3n personalizada y un seguimiento constante de cada ni\u00f1o.<\/p>\n\n\n<div class=\"wp-block-image is-style-rounded\">\n<figure class=\"aligncenter size-large\"><img decoding=\"async\" width=\"1024\" height=\"768\" src=\"https:\/\/nuevodigitaldeescobar.com.ar\/wp-content\/uploads\/2024\/12\/jar05-1024x768.jpeg\" alt=\"\" class=\"wp-image-10633\" srcset=\"https:\/\/nuevodigitaldeescobar.com.ar\/wp-content\/uploads\/2024\/12\/jar05-1024x768.jpeg 1024w, https:\/\/nuevodigitaldeescobar.com.ar\/wp-content\/uploads\/2024\/12\/jar05-300x225.jpeg 300w, https:\/\/nuevodigitaldeescobar.com.ar\/wp-content\/uploads\/2024\/12\/jar05-768x576.jpeg 768w, https:\/\/nuevodigitaldeescobar.com.ar\/wp-content\/uploads\/2024\/12\/jar05-1536x1152.jpeg 1536w, https:\/\/nuevodigitaldeescobar.com.ar\/wp-content\/uploads\/2024\/12\/jar05.jpeg 1600w\" sizes=\"(max-width: 1024px) 100vw, 1024px\" \/><figcaption class=\"wp-element-caption\"><em><strong>El Bosque Encantado<\/strong><\/em><\/figcaption><\/figure><\/div>\n\n<p><\/p>\n<h3><span style=\"color: #003366;\"><em><strong>Una ubicaci\u00f3n con coraz\u00f3n comunitario<\/strong><\/em><\/span><\/h3>\n<p> <\/p>\n<p>Ubicado en Jos\u00e9 Hern\u00e1ndez 141, Escobar, \u00abEl Jard\u00edn de Soli\u00bb se ha convertido en un punto de referencia para las familias de la zona, ofreciendo un espacio donde el aprendizaje y la participaci\u00f3n comunitaria se integran de manera arm\u00f3nica.<\/p>\n<p><\/p>\n\n<p><\/p>\n<h3><span style=\"color: #003366;\"><em><strong>Mirando al futuro<\/strong><\/em><\/span><\/h3>\n<p> <\/p>\n<p>Con gratitud por los logros alcanzados en este primer a\u00f1o, Silvia Isabel Acosta y Walter Beitia, representante legal de la instituci\u00f3n, ya proyectan el futuro con la misma pasi\u00f3n que impuls\u00f3 el inicio de esta aventura educativa. \u00abGracias por este primer a\u00f1o de aprendizajes y logros\u00bb, concluy\u00f3 la directora, anticipando un 2025 lleno de nuevos desaf\u00edos y conquistas para \u00abEl Jard\u00edn de Soli\u00bb.<\/p>\n<p><\/p>\n\n<div class=\"wp-block-image is-style-rounded\">\n<figure class=\"aligncenter size-large is-resized\"><img loading=\"lazy\" decoding=\"async\" width=\"1024\" height=\"768\" src=\"http:\/\/nuevodigitaldeescobar.com.ar\/wp-content\/uploads\/2024\/12\/jar04-1024x768.jpeg\" alt=\"\" class=\"wp-image-10632\" style=\"width:840px;height:auto\" srcset=\"https:\/\/nuevodigitaldeescobar.com.ar\/wp-content\/uploads\/2024\/12\/jar04-1024x768.jpeg 1024w, https:\/\/nuevodigitaldeescobar.com.ar\/wp-content\/uploads\/2024\/12\/jar04-300x225.jpeg 300w, https:\/\/nuevodigitaldeescobar.com.ar\/wp-content\/uploads\/2024\/12\/jar04-768x576.jpeg 768w, https:\/\/nuevodigitaldeescobar.com.ar\/wp-content\/uploads\/2024\/12\/jar04.jpeg 1152w\" sizes=\"(max-width: 1024px) 100vw, 1024px\" \/><figcaption class=\"wp-element-caption\"><strong><em>\u00abPara educar a un ni\u00f1o hace falta la tribu entera\u00bb<\/em><\/strong> &#8211; Proverbio Africano  \/\/ Citado por la directora<\/figcaption><\/figure><\/div>","protected":false},"excerpt":{"rendered":"<p>El pasado 1\u00b0 de marzo de 2024 marc\u00f3 el inicio de una propuesta educativa singular en el coraz\u00f3n de Escobar. \u00abEl Jard\u00edn de Soli\u00bb abri\u00f3 [&hellip;]<\/p>\n","protected":false},"author":1,"featured_media":10631,"comment_status":"open","ping_status":"open","sticky":false,"template":"","format":"standard","meta":{"footnotes":""},"categories":[11,4],"tags":[],"class_list":["post-10628","post","type-post","status-publish","format-standard","has-post-thumbnail","hentry","category-cultura-arte-y-espectaculos","category-educacion"],"better_featured_image":{"id":10631,"alt_text":"","caption":"","description":"","media_type":"image","media_details":{"width":1193,"height":1075,"file":"2024\/12\/jar01.jpeg","filesize":339807,"sizes":{"medium":{"file":"jar01-300x270.jpeg","width":300,"height":270,"mime-type":"image\/jpeg","filesize":19889,"source_url":"https:\/\/nuevodigitaldeescobar.com.ar\/wp-content\/uploads\/2024\/12\/jar01-300x270.jpeg"},"large":{"file":"jar01-1024x923.jpeg","width":1024,"height":923,"mime-type":"image\/jpeg","filesize":138622,"source_url":"https:\/\/nuevodigitaldeescobar.com.ar\/wp-content\/uploads\/2024\/12\/jar01-1024x923.jpeg"},"thumbnail":{"file":"jar01-150x150.jpeg","width":150,"height":150,"mime-type":"image\/jpeg","filesize":7242,"source_url":"https:\/\/nuevodigitaldeescobar.com.ar\/wp-content\/uploads\/2024\/12\/jar01-150x150.jpeg"},"medium_large":{"file":"jar01-768x692.jpeg","width":768,"height":692,"mime-type":"image\/jpeg","filesize":89399,"source_url":"https:\/\/nuevodigitaldeescobar.com.ar\/wp-content\/uploads\/2024\/12\/jar01-768x692.jpeg"}},"image_meta":{"aperture":"0","credit":"","camera":"","caption":"","created_timestamp":"0","copyright":"","focal_length":"0","iso":"0","shutter_speed":"0","title":"","orientation":"1","keywords":[]}},"post":10628,"source_url":"https:\/\/nuevodigitaldeescobar.com.ar\/wp-content\/uploads\/2024\/12\/jar01.jpeg"},"yoast_head":"<!-- This site is optimized with the Yoast SEO plugin v26.1.1 - https:\/\/yoast.com\/wordpress\/plugins\/seo\/ -->\n<title>&quot;El Jard\u00edn de Soli&quot;: Un a\u00f1o inaugural de aprendizaje y comunidad - Nuevo Digital de Escobar<\/title>\n<meta name=\"robots\" content=\"index, follow, max-snippet:-1, max-image-preview:large, max-video-preview:-1\" \/>\n<link rel=\"canonical\" href=\"https:\/\/nuevodigitaldeescobar.com.ar\/?p=10628\" \/>\n<meta property=\"og:locale\" content=\"es_ES\" \/>\n<meta property=\"og:type\" content=\"article\" \/>\n<meta property=\"og:title\" content=\"&quot;El Jard\u00edn de Soli&quot;: Un a\u00f1o inaugural de aprendizaje y comunidad - Nuevo Digital de Escobar\" \/>\n<meta property=\"og:description\" content=\"El pasado 1\u00b0 de marzo de 2024 marc\u00f3 el inicio de una propuesta educativa singular en el coraz\u00f3n de Escobar. \u00abEl Jard\u00edn de Soli\u00bb abri\u00f3 [&hellip;]\" \/>\n<meta property=\"og:url\" content=\"https:\/\/nuevodigitaldeescobar.com.ar\/?p=10628\" \/>\n<meta property=\"og:site_name\" content=\"Nuevo Digital de Escobar\" \/>\n<meta property=\"article:publisher\" content=\"https:\/\/www.facebook.com\/NUEVODigitalDeEscobar\" \/>\n<meta property=\"article:published_time\" content=\"2024-12-23T17:09:59+00:00\" \/>\n<meta property=\"article:modified_time\" content=\"2024-12-23T17:10:01+00:00\" \/>\n<meta property=\"og:image\" content=\"https:\/\/nuevodigitaldeescobar.com.ar\/wp-content\/uploads\/2024\/12\/jar01.jpeg\" \/>\n\t<meta property=\"og:image:width\" content=\"1193\" \/>\n\t<meta property=\"og:image:height\" content=\"1075\" \/>\n\t<meta property=\"og:image:type\" content=\"image\/jpeg\" \/>\n<meta name=\"author\" content=\"Redacci\u00f3n\" \/>\n<meta name=\"twitter:card\" content=\"summary_large_image\" \/>\n<meta name=\"twitter:creator\" content=\"@nuevodigescobar\" \/>\n<meta name=\"twitter:site\" content=\"@nuevodigescobar\" \/>\n<meta name=\"twitter:label1\" content=\"Escrito por\" \/>\n\t<meta name=\"twitter:data1\" content=\"Redacci\u00f3n\" \/>\n\t<meta name=\"twitter:label2\" content=\"Tiempo de lectura\" \/>\n\t<meta name=\"twitter:data2\" content=\"2 minutos\" \/>\n<script type=\"application\/ld+json\" class=\"yoast-schema-graph\">{\"@context\":\"https:\/\/schema.org\",\"@graph\":[{\"@type\":\"Article\",\"@id\":\"https:\/\/nuevodigitaldeescobar.com.ar\/?p=10628#article\",\"isPartOf\":{\"@id\":\"https:\/\/nuevodigitaldeescobar.com.ar\/?p=10628\"},\"author\":{\"name\":\"Redacci\u00f3n\",\"@id\":\"https:\/\/nuevodigitaldeescobar.com.ar\/#\/schema\/person\/035e90a8efe9a80e6eec22656ad6ea4c\"},\"headline\":\"\u00abEl Jard\u00edn de Soli\u00bb: Un a\u00f1o inaugural de aprendizaje y comunidad\",\"datePublished\":\"2024-12-23T17:09:59+00:00\",\"dateModified\":\"2024-12-23T17:10:01+00:00\",\"mainEntityOfPage\":{\"@id\":\"https:\/\/nuevodigitaldeescobar.com.ar\/?p=10628\"},\"wordCount\":473,\"commentCount\":0,\"publisher\":{\"@id\":\"https:\/\/nuevodigitaldeescobar.com.ar\/#organization\"},\"image\":{\"@id\":\"https:\/\/nuevodigitaldeescobar.com.ar\/?p=10628#primaryimage\"},\"thumbnailUrl\":\"https:\/\/nuevodigitaldeescobar.com.ar\/wp-content\/uploads\/2024\/12\/jar01.jpeg\",\"articleSection\":[\"Cultura, Arte y Espect\u00e1culos\",\"Educaci\u00f3n\"],\"inLanguage\":\"es\",\"potentialAction\":[{\"@type\":\"CommentAction\",\"name\":\"Comment\",\"target\":[\"https:\/\/nuevodigitaldeescobar.com.ar\/?p=10628#respond\"]}]},{\"@type\":\"WebPage\",\"@id\":\"https:\/\/nuevodigitaldeescobar.com.ar\/?p=10628\",\"url\":\"https:\/\/nuevodigitaldeescobar.com.ar\/?p=10628\",\"name\":\"\\\"El Jard\u00edn de Soli\\\": Un a\u00f1o inaugural de aprendizaje y comunidad - Nuevo Digital de Escobar\",\"isPartOf\":{\"@id\":\"https:\/\/nuevodigitaldeescobar.com.ar\/#website\"},\"primaryImageOfPage\":{\"@id\":\"https:\/\/nuevodigitaldeescobar.com.ar\/?p=10628#primaryimage\"},\"image\":{\"@id\":\"https:\/\/nuevodigitaldeescobar.com.ar\/?p=10628#primaryimage\"},\"thumbnailUrl\":\"https:\/\/nuevodigitaldeescobar.com.ar\/wp-content\/uploads\/2024\/12\/jar01.jpeg\",\"datePublished\":\"2024-12-23T17:09:59+00:00\",\"dateModified\":\"2024-12-23T17:10:01+00:00\",\"breadcrumb\":{\"@id\":\"https:\/\/nuevodigitaldeescobar.com.ar\/?p=10628#breadcrumb\"},\"inLanguage\":\"es\",\"potentialAction\":[{\"@type\":\"ReadAction\",\"target\":[\"https:\/\/nuevodigitaldeescobar.com.ar\/?p=10628\"]}]},{\"@type\":\"ImageObject\",\"inLanguage\":\"es\",\"@id\":\"https:\/\/nuevodigitaldeescobar.com.ar\/?p=10628#primaryimage\",\"url\":\"https:\/\/nuevodigitaldeescobar.com.ar\/wp-content\/uploads\/2024\/12\/jar01.jpeg\",\"contentUrl\":\"https:\/\/nuevodigitaldeescobar.com.ar\/wp-content\/uploads\/2024\/12\/jar01.jpeg\",\"width\":1193,\"height\":1075},{\"@type\":\"BreadcrumbList\",\"@id\":\"https:\/\/nuevodigitaldeescobar.com.ar\/?p=10628#breadcrumb\",\"itemListElement\":[{\"@type\":\"ListItem\",\"position\":1,\"name\":\"Portada\",\"item\":\"https:\/\/nuevodigitaldeescobar.com.ar\/\"},{\"@type\":\"ListItem\",\"position\":2,\"name\":\"&#8220;El Jard\u00edn de Soli&#8221;: Un a\u00f1o inaugural de aprendizaje y comunidad\"}]},{\"@type\":\"WebSite\",\"@id\":\"https:\/\/nuevodigitaldeescobar.com.ar\/#website\",\"url\":\"https:\/\/nuevodigitaldeescobar.com.ar\/\",\"name\":\"Nuevo Digital de Escobar\",\"description\":\"La vida escobarense. Directora: Rosana Brunner\",\"publisher\":{\"@id\":\"https:\/\/nuevodigitaldeescobar.com.ar\/#organization\"},\"potentialAction\":[{\"@type\":\"SearchAction\",\"target\":{\"@type\":\"EntryPoint\",\"urlTemplate\":\"https:\/\/nuevodigitaldeescobar.com.ar\/?s={search_term_string}\"},\"query-input\":{\"@type\":\"PropertyValueSpecification\",\"valueRequired\":true,\"valueName\":\"search_term_string\"}}],\"inLanguage\":\"es\"},{\"@type\":\"Organization\",\"@id\":\"https:\/\/nuevodigitaldeescobar.com.ar\/#organization\",\"name\":\"Nuevo Digital de Escobar\",\"url\":\"https:\/\/nuevodigitaldeescobar.com.ar\/\",\"logo\":{\"@type\":\"ImageObject\",\"inLanguage\":\"es\",\"@id\":\"https:\/\/nuevodigitaldeescobar.com.ar\/#\/schema\/logo\/image\/\",\"url\":\"https:\/\/nuevodigitaldeescobar.com.ar\/wp-content\/uploads\/2025\/05\/cropped-logo-nuevo2.jpg\",\"contentUrl\":\"https:\/\/nuevodigitaldeescobar.com.ar\/wp-content\/uploads\/2025\/05\/cropped-logo-nuevo2.jpg\",\"width\":305,\"height\":305,\"caption\":\"Nuevo Digital de Escobar\"},\"image\":{\"@id\":\"https:\/\/nuevodigitaldeescobar.com.ar\/#\/schema\/logo\/image\/\"},\"sameAs\":[\"https:\/\/www.facebook.com\/NUEVODigitalDeEscobar\",\"https:\/\/x.com\/nuevodigescobar\",\"https:\/\/www.instagram.com\/nuevodigitaldeescobar\"]},{\"@type\":\"Person\",\"@id\":\"https:\/\/nuevodigitaldeescobar.com.ar\/#\/schema\/person\/035e90a8efe9a80e6eec22656ad6ea4c\",\"name\":\"Redacci\u00f3n\",\"image\":{\"@type\":\"ImageObject\",\"inLanguage\":\"es\",\"@id\":\"https:\/\/nuevodigitaldeescobar.com.ar\/#\/schema\/person\/image\/\",\"url\":\"https:\/\/secure.gravatar.com\/avatar\/8af8f40000c24e9eef3034f2be5998a372bb1389e64b1a4a36b3a7979142220d?s=96&d=mm&r=g\",\"contentUrl\":\"https:\/\/secure.gravatar.com\/avatar\/8af8f40000c24e9eef3034f2be5998a372bb1389e64b1a4a36b3a7979142220d?s=96&d=mm&r=g\",\"caption\":\"Redacci\u00f3n\"},\"sameAs\":[\"http:\/\/nuevodigitaldeescobar.com.ar\"],\"url\":\"https:\/\/nuevodigitaldeescobar.com.ar\/?author=1\"}]}<\/script>\n<!-- \/ Yoast SEO plugin. -->","yoast_head_json":{"title":"\"El Jard\u00edn de Soli\": Un a\u00f1o inaugural de aprendizaje y comunidad - Nuevo Digital de Escobar","robots":{"index":"index","follow":"follow","max-snippet":"max-snippet:-1","max-image-preview":"max-image-preview:large","max-video-preview":"max-video-preview:-1"},"canonical":"https:\/\/nuevodigitaldeescobar.com.ar\/?p=10628","og_locale":"es_ES","og_type":"article","og_title":"\"El Jard\u00edn de Soli\": Un a\u00f1o inaugural de aprendizaje y comunidad - Nuevo Digital de Escobar","og_description":"El pasado 1\u00b0 de marzo de 2024 marc\u00f3 el inicio de una propuesta educativa singular en el coraz\u00f3n de Escobar. \u00abEl Jard\u00edn de Soli\u00bb abri\u00f3 [&hellip;]","og_url":"https:\/\/nuevodigitaldeescobar.com.ar\/?p=10628","og_site_name":"Nuevo Digital de Escobar","article_publisher":"https:\/\/www.facebook.com\/NUEVODigitalDeEscobar","article_published_time":"2024-12-23T17:09:59+00:00","article_modified_time":"2024-12-23T17:10:01+00:00","og_image":[{"width":1193,"height":1075,"url":"https:\/\/nuevodigitaldeescobar.com.ar\/wp-content\/uploads\/2024\/12\/jar01.jpeg","type":"image\/jpeg"}],"author":"Redacci\u00f3n","twitter_card":"summary_large_image","twitter_creator":"@nuevodigescobar","twitter_site":"@nuevodigescobar","twitter_misc":{"Escrito por":"Redacci\u00f3n","Tiempo de lectura":"2 minutos"},"schema":{"@context":"https:\/\/schema.org","@graph":[{"@type":"Article","@id":"https:\/\/nuevodigitaldeescobar.com.ar\/?p=10628#article","isPartOf":{"@id":"https:\/\/nuevodigitaldeescobar.com.ar\/?p=10628"},"author":{"name":"Redacci\u00f3n","@id":"https:\/\/nuevodigitaldeescobar.com.ar\/#\/schema\/person\/035e90a8efe9a80e6eec22656ad6ea4c"},"headline":"\u00abEl Jard\u00edn de Soli\u00bb: Un a\u00f1o inaugural de aprendizaje y comunidad","datePublished":"2024-12-23T17:09:59+00:00","dateModified":"2024-12-23T17:10:01+00:00","mainEntityOfPage":{"@id":"https:\/\/nuevodigitaldeescobar.com.ar\/?p=10628"},"wordCount":473,"commentCount":0,"publisher":{"@id":"https:\/\/nuevodigitaldeescobar.com.ar\/#organization"},"image":{"@id":"https:\/\/nuevodigitaldeescobar.com.ar\/?p=10628#primaryimage"},"thumbnailUrl":"https:\/\/nuevodigitaldeescobar.com.ar\/wp-content\/uploads\/2024\/12\/jar01.jpeg","articleSection":["Cultura, Arte y Espect\u00e1culos","Educaci\u00f3n"],"inLanguage":"es","potentialAction":[{"@type":"CommentAction","name":"Comment","target":["https:\/\/nuevodigitaldeescobar.com.ar\/?p=10628#respond"]}]},{"@type":"WebPage","@id":"https:\/\/nuevodigitaldeescobar.com.ar\/?p=10628","url":"https:\/\/nuevodigitaldeescobar.com.ar\/?p=10628","name":"\"El Jard\u00edn de Soli\": Un a\u00f1o inaugural de aprendizaje y comunidad - Nuevo Digital de Escobar","isPartOf":{"@id":"https:\/\/nuevodigitaldeescobar.com.ar\/#website"},"primaryImageOfPage":{"@id":"https:\/\/nuevodigitaldeescobar.com.ar\/?p=10628#primaryimage"},"image":{"@id":"https:\/\/nuevodigitaldeescobar.com.ar\/?p=10628#primaryimage"},"thumbnailUrl":"https:\/\/nuevodigitaldeescobar.com.ar\/wp-content\/uploads\/2024\/12\/jar01.jpeg","datePublished":"2024-12-23T17:09:59+00:00","dateModified":"2024-12-23T17:10:01+00:00","breadcrumb":{"@id":"https:\/\/nuevodigitaldeescobar.com.ar\/?p=10628#breadcrumb"},"inLanguage":"es","potentialAction":[{"@type":"ReadAction","target":["https:\/\/nuevodigitaldeescobar.com.ar\/?p=10628"]}]},{"@type":"ImageObject","inLanguage":"es","@id":"https:\/\/nuevodigitaldeescobar.com.ar\/?p=10628#primaryimage","url":"https:\/\/nuevodigitaldeescobar.com.ar\/wp-content\/uploads\/2024\/12\/jar01.jpeg","contentUrl":"https:\/\/nuevodigitaldeescobar.com.ar\/wp-content\/uploads\/2024\/12\/jar01.jpeg","width":1193,"height":1075},{"@type":"BreadcrumbList","@id":"https:\/\/nuevodigitaldeescobar.com.ar\/?p=10628#breadcrumb","itemListElement":[{"@type":"ListItem","position":1,"name":"Portada","item":"https:\/\/nuevodigitaldeescobar.com.ar\/"},{"@type":"ListItem","position":2,"name":"&#8220;El Jard\u00edn de Soli&#8221;: Un a\u00f1o inaugural de aprendizaje y comunidad"}]},{"@type":"WebSite","@id":"https:\/\/nuevodigitaldeescobar.com.ar\/#website","url":"https:\/\/nuevodigitaldeescobar.com.ar\/","name":"Nuevo Digital de Escobar","description":"La vida escobarense. Directora: Rosana Brunner","publisher":{"@id":"https:\/\/nuevodigitaldeescobar.com.ar\/#organization"},"potentialAction":[{"@type":"SearchAction","target":{"@type":"EntryPoint","urlTemplate":"https:\/\/nuevodigitaldeescobar.com.ar\/?s={search_term_string}"},"query-input":{"@type":"PropertyValueSpecification","valueRequired":true,"valueName":"search_term_string"}}],"inLanguage":"es"},{"@type":"Organization","@id":"https:\/\/nuevodigitaldeescobar.com.ar\/#organization","name":"Nuevo Digital de Escobar","url":"https:\/\/nuevodigitaldeescobar.com.ar\/","logo":{"@type":"ImageObject","inLanguage":"es","@id":"https:\/\/nuevodigitaldeescobar.com.ar\/#\/schema\/logo\/image\/","url":"https:\/\/nuevodigitaldeescobar.com.ar\/wp-content\/uploads\/2025\/05\/cropped-logo-nuevo2.jpg","contentUrl":"https:\/\/nuevodigitaldeescobar.com.ar\/wp-content\/uploads\/2025\/05\/cropped-logo-nuevo2.jpg","width":305,"height":305,"caption":"Nuevo Digital de Escobar"},"image":{"@id":"https:\/\/nuevodigitaldeescobar.com.ar\/#\/schema\/logo\/image\/"},"sameAs":["https:\/\/www.facebook.com\/NUEVODigitalDeEscobar","https:\/\/x.com\/nuevodigescobar","https:\/\/www.instagram.com\/nuevodigitaldeescobar"]},{"@type":"Person","@id":"https:\/\/nuevodigitaldeescobar.com.ar\/#\/schema\/person\/035e90a8efe9a80e6eec22656ad6ea4c","name":"Redacci\u00f3n","image":{"@type":"ImageObject","inLanguage":"es","@id":"https:\/\/nuevodigitaldeescobar.com.ar\/#\/schema\/person\/image\/","url":"https:\/\/secure.gravatar.com\/avatar\/8af8f40000c24e9eef3034f2be5998a372bb1389e64b1a4a36b3a7979142220d?s=96&d=mm&r=g","contentUrl":"https:\/\/secure.gravatar.com\/avatar\/8af8f40000c24e9eef3034f2be5998a372bb1389e64b1a4a36b3a7979142220d?s=96&d=mm&r=g","caption":"Redacci\u00f3n"},"sameAs":["http:\/\/nuevodigitaldeescobar.com.ar"],"url":"https:\/\/nuevodigitaldeescobar.com.ar\/?author=1"}]}},"featured_image_urls":{"full":["https:\/\/nuevodigitaldeescobar.com.ar\/wp-content\/uploads\/2024\/12\/jar01.jpeg",1193,1075,false],"thumbnail":["https:\/\/nuevodigitaldeescobar.com.ar\/wp-content\/uploads\/2024\/12\/jar01-150x150.jpeg",150,150,true],"medium":["https:\/\/nuevodigitaldeescobar.com.ar\/wp-content\/uploads\/2024\/12\/jar01-300x270.jpeg",300,270,true],"medium_large":["https:\/\/nuevodigitaldeescobar.com.ar\/wp-content\/uploads\/2024\/12\/jar01-768x692.jpeg",640,577,true],"large":["https:\/\/nuevodigitaldeescobar.com.ar\/wp-content\/uploads\/2024\/12\/jar01-1024x923.jpeg",640,577,true],"1536x1536":["https:\/\/nuevodigitaldeescobar.com.ar\/wp-content\/uploads\/2024\/12\/jar01.jpeg",1193,1075,false],"2048x2048":["https:\/\/nuevodigitaldeescobar.com.ar\/wp-content\/uploads\/2024\/12\/jar01.jpeg",1193,1075,false]},"author_info":{"display_name":"Redacci\u00f3n","author_link":"https:\/\/nuevodigitaldeescobar.com.ar\/?author=1"},"category_info":"<a href=\"https:\/\/nuevodigitaldeescobar.com.ar\/?cat=11\" rel=\"category\">Cultura, Arte y Espect\u00e1culos<\/a> <a href=\"https:\/\/nuevodigitaldeescobar.com.ar\/?cat=4\" rel=\"category\">Educaci\u00f3n<\/a>","tag_info":"Educaci\u00f3n","comment_count":"0","_links":{"self":[{"href":"https:\/\/nuevodigitaldeescobar.com.ar\/index.php?rest_route=\/wp\/v2\/posts\/10628","targetHints":{"allow":["GET"]}}],"collection":[{"href":"https:\/\/nuevodigitaldeescobar.com.ar\/index.php?rest_route=\/wp\/v2\/posts"}],"about":[{"href":"https:\/\/nuevodigitaldeescobar.com.ar\/index.php?rest_route=\/wp\/v2\/types\/post"}],"author":[{"embeddable":true,"href":"https:\/\/nuevodigitaldeescobar.com.ar\/index.php?rest_route=\/wp\/v2\/users\/1"}],"replies":[{"embeddable":true,"href":"https:\/\/nuevodigitaldeescobar.com.ar\/index.php?rest_route=%2Fwp%2Fv2%2Fcomments&post=10628"}],"version-history":[{"count":1,"href":"https:\/\/nuevodigitaldeescobar.com.ar\/index.php?rest_route=\/wp\/v2\/posts\/10628\/revisions"}],"predecessor-version":[{"id":10634,"href":"https:\/\/nuevodigitaldeescobar.com.ar\/index.php?rest_route=\/wp\/v2\/posts\/10628\/revisions\/10634"}],"wp:featuredmedia":[{"embeddable":true,"href":"https:\/\/nuevodigitaldeescobar.com.ar\/index.php?rest_route=\/wp\/v2\/media\/10631"}],"wp:attachment":[{"href":"https:\/\/nuevodigitaldeescobar.com.ar\/index.php?rest_route=%2Fwp%2Fv2%2Fmedia&parent=10628"}],"wp:term":[{"taxonomy":"category","embeddable":true,"href":"https:\/\/nuevodigitaldeescobar.com.ar\/index.php?rest_route=%2Fwp%2Fv2%2Fcategories&post=10628"},{"taxonomy":"post_tag","embeddable":true,"href":"https:\/\/nuevodigitaldeescobar.com.ar\/index.php?rest_route=%2Fwp%2Fv2%2Ftags&post=10628"}],"curies":[{"name":"wp","href":"https:\/\/api.w.org\/{rel}","templated":true}]}}