{"id":10698,"date":"2024-12-26T07:01:00","date_gmt":"2024-12-26T10:01:00","guid":{"rendered":"https:\/\/nuevodigitaldeescobar.com.ar\/?p=10698"},"modified":"2024-12-26T12:01:02","modified_gmt":"2024-12-26T15:01:02","slug":"discusion-por-la-musica-termino-mal-un-jubilado-de-la-pfa-mato-a-su-vecino-en-lomas-del-mirador","status":"publish","type":"post","link":"https:\/\/nuevodigitaldeescobar.com.ar\/?p=10698","title":{"rendered":"Discusi\u00f3n por la m\u00fasica termin\u00f3 mal: un jubilado de la PFA mat\u00f3 a su vecino en Lomas del Mirador"},"content":{"rendered":"<p><span style=\"color: #003366;\"><strong><em>Una celebraci\u00f3n navide\u00f1a en Lomas del Mirador, partido de La Matanza, termin\u00f3 en tragedia ayer a la madrugada cuando un hombre de 74 a\u00f1os, retirado de la Polic\u00eda Federal Argentina (PFA), dispar\u00f3 y mat\u00f3 a su vecino durante una disputa por el volumen de la m\u00fasica. La v\u00edctima, de 40 a\u00f1os, falleci\u00f3 tras recibir un balazo en el abdomen, y el agresor fue detenido en el lugar.<\/em><\/strong><\/span><!--more--><\/p>\n\n\n<p>El incidente ocurri\u00f3 cerca de las 6 de la ma\u00f1ana en una vivienda ubicada sobre la calle Acevedo al 4100, donde se llevaba a cabo una fiesta. Seg\u00fan testimonios recabados, el conflicto comenz\u00f3 cuando el acusado, identificado como Rafael Horacio Moreno, cruz\u00f3 la calle para reclamar a los presentes que bajaran el volumen de la m\u00fasica.<\/p>\n\n\n\n<p>De acuerdo con los relatos de testigos, el intercambio de palabras se torn\u00f3 cada vez m\u00e1s tenso. Durante la discusi\u00f3n, Moreno habr\u00eda advertido: <em>\u00abVamos a terminar mal\u00bb<\/em>. Acto seguido, extrajo un rev\u00f3lver calibre .38 que ten\u00eda escondido bajo su ropa y dispar\u00f3 contra Sergio David D\u00edaz, quien era uno de los asistentes a la reuni\u00f3n.<\/p>\n\n\n\n<p>D\u00edaz fue trasladado de urgencia al hospital m\u00e1s cercano, pero muri\u00f3 poco despu\u00e9s debido a la gravedad de la herida. Mientras tanto, Moreno permaneci\u00f3 en el lugar hasta la llegada de efectivos de la Polic\u00eda Bonaerense, quienes lo arrestaron y secuestraron el arma utilizada en el ataque.<\/p>\n\n\n\n<figure class=\"wp-block-video aligncenter\"><video controls src=\"https:\/\/nuevodigitaldeescobar.com.ar\/wp-content\/uploads\/2024\/12\/VID-20241226-WA0007.mp4\"><\/video><figcaption class=\"wp-element-caption\">Momento de la discusi\u00f3n y el desenlace. <\/figcaption><\/figure>\n\n\n\n<p>El rev\u00f3lver, un Taurus calibre .38, conten\u00eda vainas servidas e intactas, seg\u00fan confirmaron fuentes policiales. Adem\u00e1s, los investigadores comenzaron a analizar las c\u00e1maras de seguridad de la zona para reconstruir con precisi\u00f3n los momentos previos al fatal desenlace.<\/p>\n\n\n\n<p>La causa qued\u00f3 en manos del fiscal Mat\u00edas Folino, de la Unidad Fiscal de Instrucci\u00f3n Tem\u00e1tica de Homicidios de La Matanza, quien orden\u00f3 la aprehensi\u00f3n del acusado bajo el cargo de homicidio agravado por el uso de arma de fuego. Moreno ser\u00e1 indagado en las pr\u00f3ximas horas.<\/p>\n\n\n\n<p>En tanto, la autopsia al cuerpo de D\u00edaz, programada para hoy, podr\u00eda aportar nuevos elementos a la investigaci\u00f3n. Asimismo, las autoridades contin\u00faan recolectando declaraciones de los testigos que presenciaron la violenta escena.<\/p>\n\n\n\n<p>Seg\u00fan fuentes judiciales, el caso est\u00e1 avanzado y las evidencias hasta ahora recolectadas, incluidas las im\u00e1genes de seguridad, permiten delinear con claridad los hechos que llevaron a este tr\u00e1gico desenlace.<\/p>\n","protected":false},"excerpt":{"rendered":"<p>Una celebraci\u00f3n navide\u00f1a en Lomas del Mirador, partido de La Matanza, termin\u00f3 en tragedia ayer a la madrugada cuando un hombre de 74 a\u00f1os, retirado [&hellip;]<\/p>\n","protected":false},"author":1,"featured_media":10699,"comment_status":"open","ping_status":"open","sticky":false,"template":"","format":"standard","meta":{"footnotes":""},"categories":[7],"tags":[],"class_list":["post-10698","post","type-post","status-publish","format-standard","has-post-thumbnail","hentry","category-interes-general"],"better_featured_image":{"id":10699,"alt_text":"","caption":"","description":"","media_type":"image","media_details":{"width":1408,"height":715,"file":"2024\/12\/com4lom.png","filesize":3043753,"sizes":{"medium":{"file":"com4lom-300x152.png","width":300,"height":152,"mime-type":"image\/png","filesize":106440,"source_url":"https:\/\/nuevodigitaldeescobar.com.ar\/wp-content\/uploads\/2024\/12\/com4lom-300x152.png"},"large":{"file":"com4lom-1024x520.png","width":1024,"height":520,"mime-type":"image\/png","filesize":1178381,"source_url":"https:\/\/nuevodigitaldeescobar.com.ar\/wp-content\/uploads\/2024\/12\/com4lom-1024x520.png"},"thumbnail":{"file":"com4lom-150x150.png","width":150,"height":150,"mime-type":"image\/png","filesize":52399,"source_url":"https:\/\/nuevodigitaldeescobar.com.ar\/wp-content\/uploads\/2024\/12\/com4lom-150x150.png"},"medium_large":{"file":"com4lom-768x390.png","width":768,"height":390,"mime-type":"image\/png","filesize":663925,"source_url":"https:\/\/nuevodigitaldeescobar.com.ar\/wp-content\/uploads\/2024\/12\/com4lom-768x390.png"}},"image_meta":{"aperture":"0","credit":"","camera":"","caption":"","created_timestamp":"0","copyright":"","focal_length":"0","iso":"0","shutter_speed":"0","title":"","orientation":"0","keywords":[]}},"post":10698,"source_url":"https:\/\/nuevodigitaldeescobar.com.ar\/wp-content\/uploads\/2024\/12\/com4lom.png"},"yoast_head":"<!-- This site is optimized with the Yoast SEO plugin v26.1.1 - https:\/\/yoast.com\/wordpress\/plugins\/seo\/ -->\n<title>Discusi\u00f3n por la m\u00fasica termin\u00f3 mal: un jubilado de la PFA mat\u00f3 a su vecino en Lomas del Mirador - Nuevo Digital de Escobar<\/title>\n<meta name=\"robots\" content=\"index, follow, max-snippet:-1, max-image-preview:large, max-video-preview:-1\" \/>\n<link rel=\"canonical\" href=\"https:\/\/nuevodigitaldeescobar.com.ar\/?p=10698\" \/>\n<meta property=\"og:locale\" content=\"es_ES\" \/>\n<meta property=\"og:type\" content=\"article\" \/>\n<meta property=\"og:title\" content=\"Discusi\u00f3n por la m\u00fasica termin\u00f3 mal: un jubilado de la PFA mat\u00f3 a su vecino en Lomas del Mirador - Nuevo Digital de Escobar\" \/>\n<meta property=\"og:description\" content=\"Una celebraci\u00f3n navide\u00f1a en Lomas del Mirador, partido de La Matanza, termin\u00f3 en tragedia ayer a la madrugada cuando un hombre de 74 a\u00f1os, retirado [&hellip;]\" \/>\n<meta property=\"og:url\" content=\"https:\/\/nuevodigitaldeescobar.com.ar\/?p=10698\" \/>\n<meta property=\"og:site_name\" content=\"Nuevo Digital de Escobar\" \/>\n<meta property=\"article:publisher\" content=\"https:\/\/www.facebook.com\/NUEVODigitalDeEscobar\" \/>\n<meta property=\"article:published_time\" content=\"2024-12-26T10:01:00+00:00\" \/>\n<meta property=\"article:modified_time\" content=\"2024-12-26T15:01:02+00:00\" \/>\n<meta property=\"og:image\" content=\"https:\/\/nuevodigitaldeescobar.com.ar\/wp-content\/uploads\/2024\/12\/com4lom-1024x520.png\" \/>\n\t<meta property=\"og:image:width\" content=\"1024\" \/>\n\t<meta property=\"og:image:height\" content=\"520\" \/>\n\t<meta property=\"og:image:type\" content=\"image\/png\" \/>\n<meta name=\"author\" content=\"Redacci\u00f3n\" \/>\n<meta name=\"twitter:card\" content=\"summary_large_image\" \/>\n<meta name=\"twitter:creator\" content=\"@nuevodigescobar\" \/>\n<meta name=\"twitter:site\" content=\"@nuevodigescobar\" \/>\n<meta name=\"twitter:label1\" content=\"Escrito por\" \/>\n\t<meta name=\"twitter:data1\" content=\"Redacci\u00f3n\" \/>\n\t<meta name=\"twitter:label2\" content=\"Tiempo de lectura\" \/>\n\t<meta name=\"twitter:data2\" content=\"2 minutos\" \/>\n<script type=\"application\/ld+json\" class=\"yoast-schema-graph\">{\"@context\":\"https:\/\/schema.org\",\"@graph\":[{\"@type\":\"Article\",\"@id\":\"https:\/\/nuevodigitaldeescobar.com.ar\/?p=10698#article\",\"isPartOf\":{\"@id\":\"https:\/\/nuevodigitaldeescobar.com.ar\/?p=10698\"},\"author\":{\"name\":\"Redacci\u00f3n\",\"@id\":\"https:\/\/nuevodigitaldeescobar.com.ar\/#\/schema\/person\/035e90a8efe9a80e6eec22656ad6ea4c\"},\"headline\":\"Discusi\u00f3n por la m\u00fasica termin\u00f3 mal: un jubilado de la PFA mat\u00f3 a su vecino en Lomas del Mirador\",\"datePublished\":\"2024-12-26T10:01:00+00:00\",\"dateModified\":\"2024-12-26T15:01:02+00:00\",\"mainEntityOfPage\":{\"@id\":\"https:\/\/nuevodigitaldeescobar.com.ar\/?p=10698\"},\"wordCount\":434,\"commentCount\":0,\"publisher\":{\"@id\":\"https:\/\/nuevodigitaldeescobar.com.ar\/#organization\"},\"image\":{\"@id\":\"https:\/\/nuevodigitaldeescobar.com.ar\/?p=10698#primaryimage\"},\"thumbnailUrl\":\"https:\/\/nuevodigitaldeescobar.com.ar\/wp-content\/uploads\/2024\/12\/com4lom.png\",\"articleSection\":[\"Inter\u00e9s general\"],\"inLanguage\":\"es\",\"potentialAction\":[{\"@type\":\"CommentAction\",\"name\":\"Comment\",\"target\":[\"https:\/\/nuevodigitaldeescobar.com.ar\/?p=10698#respond\"]}]},{\"@type\":\"WebPage\",\"@id\":\"https:\/\/nuevodigitaldeescobar.com.ar\/?p=10698\",\"url\":\"https:\/\/nuevodigitaldeescobar.com.ar\/?p=10698\",\"name\":\"Discusi\u00f3n por la m\u00fasica termin\u00f3 mal: un jubilado de la PFA mat\u00f3 a su vecino en Lomas del Mirador - Nuevo Digital de Escobar\",\"isPartOf\":{\"@id\":\"https:\/\/nuevodigitaldeescobar.com.ar\/#website\"},\"primaryImageOfPage\":{\"@id\":\"https:\/\/nuevodigitaldeescobar.com.ar\/?p=10698#primaryimage\"},\"image\":{\"@id\":\"https:\/\/nuevodigitaldeescobar.com.ar\/?p=10698#primaryimage\"},\"thumbnailUrl\":\"https:\/\/nuevodigitaldeescobar.com.ar\/wp-content\/uploads\/2024\/12\/com4lom.png\",\"datePublished\":\"2024-12-26T10:01:00+00:00\",\"dateModified\":\"2024-12-26T15:01:02+00:00\",\"breadcrumb\":{\"@id\":\"https:\/\/nuevodigitaldeescobar.com.ar\/?p=10698#breadcrumb\"},\"inLanguage\":\"es\",\"potentialAction\":[{\"@type\":\"ReadAction\",\"target\":[\"https:\/\/nuevodigitaldeescobar.com.ar\/?p=10698\"]}]},{\"@type\":\"ImageObject\",\"inLanguage\":\"es\",\"@id\":\"https:\/\/nuevodigitaldeescobar.com.ar\/?p=10698#primaryimage\",\"url\":\"https:\/\/nuevodigitaldeescobar.com.ar\/wp-content\/uploads\/2024\/12\/com4lom.png\",\"contentUrl\":\"https:\/\/nuevodigitaldeescobar.com.ar\/wp-content\/uploads\/2024\/12\/com4lom.png\",\"width\":1408,\"height\":715},{\"@type\":\"BreadcrumbList\",\"@id\":\"https:\/\/nuevodigitaldeescobar.com.ar\/?p=10698#breadcrumb\",\"itemListElement\":[{\"@type\":\"ListItem\",\"position\":1,\"name\":\"Portada\",\"item\":\"https:\/\/nuevodigitaldeescobar.com.ar\/\"},{\"@type\":\"ListItem\",\"position\":2,\"name\":\"Discusi\u00f3n por la m\u00fasica termin\u00f3 mal: un jubilado de la PFA mat\u00f3 a su vecino en Lomas del Mirador\"}]},{\"@type\":\"WebSite\",\"@id\":\"https:\/\/nuevodigitaldeescobar.com.ar\/#website\",\"url\":\"https:\/\/nuevodigitaldeescobar.com.ar\/\",\"name\":\"Nuevo Digital de Escobar\",\"description\":\"La vida escobarense. Directora: Rosana Brunner\",\"publisher\":{\"@id\":\"https:\/\/nuevodigitaldeescobar.com.ar\/#organization\"},\"potentialAction\":[{\"@type\":\"SearchAction\",\"target\":{\"@type\":\"EntryPoint\",\"urlTemplate\":\"https:\/\/nuevodigitaldeescobar.com.ar\/?s={search_term_string}\"},\"query-input\":{\"@type\":\"PropertyValueSpecification\",\"valueRequired\":true,\"valueName\":\"search_term_string\"}}],\"inLanguage\":\"es\"},{\"@type\":\"Organization\",\"@id\":\"https:\/\/nuevodigitaldeescobar.com.ar\/#organization\",\"name\":\"Nuevo Digital de Escobar\",\"url\":\"https:\/\/nuevodigitaldeescobar.com.ar\/\",\"logo\":{\"@type\":\"ImageObject\",\"inLanguage\":\"es\",\"@id\":\"https:\/\/nuevodigitaldeescobar.com.ar\/#\/schema\/logo\/image\/\",\"url\":\"https:\/\/nuevodigitaldeescobar.com.ar\/wp-content\/uploads\/2025\/05\/cropped-logo-nuevo2.jpg\",\"contentUrl\":\"https:\/\/nuevodigitaldeescobar.com.ar\/wp-content\/uploads\/2025\/05\/cropped-logo-nuevo2.jpg\",\"width\":305,\"height\":305,\"caption\":\"Nuevo Digital de Escobar\"},\"image\":{\"@id\":\"https:\/\/nuevodigitaldeescobar.com.ar\/#\/schema\/logo\/image\/\"},\"sameAs\":[\"https:\/\/www.facebook.com\/NUEVODigitalDeEscobar\",\"https:\/\/x.com\/nuevodigescobar\",\"https:\/\/www.instagram.com\/nuevodigitaldeescobar\"]},{\"@type\":\"Person\",\"@id\":\"https:\/\/nuevodigitaldeescobar.com.ar\/#\/schema\/person\/035e90a8efe9a80e6eec22656ad6ea4c\",\"name\":\"Redacci\u00f3n\",\"image\":{\"@type\":\"ImageObject\",\"inLanguage\":\"es\",\"@id\":\"https:\/\/nuevodigitaldeescobar.com.ar\/#\/schema\/person\/image\/\",\"url\":\"https:\/\/secure.gravatar.com\/avatar\/8af8f40000c24e9eef3034f2be5998a372bb1389e64b1a4a36b3a7979142220d?s=96&d=mm&r=g\",\"contentUrl\":\"https:\/\/secure.gravatar.com\/avatar\/8af8f40000c24e9eef3034f2be5998a372bb1389e64b1a4a36b3a7979142220d?s=96&d=mm&r=g\",\"caption\":\"Redacci\u00f3n\"},\"sameAs\":[\"http:\/\/nuevodigitaldeescobar.com.ar\"],\"url\":\"https:\/\/nuevodigitaldeescobar.com.ar\/?author=1\"}]}<\/script>\n<!-- \/ Yoast SEO plugin. -->","yoast_head_json":{"title":"Discusi\u00f3n por la m\u00fasica termin\u00f3 mal: un jubilado de la PFA mat\u00f3 a su vecino en Lomas del Mirador - Nuevo Digital de Escobar","robots":{"index":"index","follow":"follow","max-snippet":"max-snippet:-1","max-image-preview":"max-image-preview:large","max-video-preview":"max-video-preview:-1"},"canonical":"https:\/\/nuevodigitaldeescobar.com.ar\/?p=10698","og_locale":"es_ES","og_type":"article","og_title":"Discusi\u00f3n por la m\u00fasica termin\u00f3 mal: un jubilado de la PFA mat\u00f3 a su vecino en Lomas del Mirador - Nuevo Digital de Escobar","og_description":"Una celebraci\u00f3n navide\u00f1a en Lomas del Mirador, partido de La Matanza, termin\u00f3 en tragedia ayer a la madrugada cuando un hombre de 74 a\u00f1os, retirado [&hellip;]","og_url":"https:\/\/nuevodigitaldeescobar.com.ar\/?p=10698","og_site_name":"Nuevo Digital de Escobar","article_publisher":"https:\/\/www.facebook.com\/NUEVODigitalDeEscobar","article_published_time":"2024-12-26T10:01:00+00:00","article_modified_time":"2024-12-26T15:01:02+00:00","og_image":[{"width":1024,"height":520,"url":"https:\/\/nuevodigitaldeescobar.com.ar\/wp-content\/uploads\/2024\/12\/com4lom-1024x520.png","type":"image\/png"}],"author":"Redacci\u00f3n","twitter_card":"summary_large_image","twitter_creator":"@nuevodigescobar","twitter_site":"@nuevodigescobar","twitter_misc":{"Escrito por":"Redacci\u00f3n","Tiempo de lectura":"2 minutos"},"schema":{"@context":"https:\/\/schema.org","@graph":[{"@type":"Article","@id":"https:\/\/nuevodigitaldeescobar.com.ar\/?p=10698#article","isPartOf":{"@id":"https:\/\/nuevodigitaldeescobar.com.ar\/?p=10698"},"author":{"name":"Redacci\u00f3n","@id":"https:\/\/nuevodigitaldeescobar.com.ar\/#\/schema\/person\/035e90a8efe9a80e6eec22656ad6ea4c"},"headline":"Discusi\u00f3n por la m\u00fasica termin\u00f3 mal: un jubilado de la PFA mat\u00f3 a su vecino en Lomas del Mirador","datePublished":"2024-12-26T10:01:00+00:00","dateModified":"2024-12-26T15:01:02+00:00","mainEntityOfPage":{"@id":"https:\/\/nuevodigitaldeescobar.com.ar\/?p=10698"},"wordCount":434,"commentCount":0,"publisher":{"@id":"https:\/\/nuevodigitaldeescobar.com.ar\/#organization"},"image":{"@id":"https:\/\/nuevodigitaldeescobar.com.ar\/?p=10698#primaryimage"},"thumbnailUrl":"https:\/\/nuevodigitaldeescobar.com.ar\/wp-content\/uploads\/2024\/12\/com4lom.png","articleSection":["Inter\u00e9s general"],"inLanguage":"es","potentialAction":[{"@type":"CommentAction","name":"Comment","target":["https:\/\/nuevodigitaldeescobar.com.ar\/?p=10698#respond"]}]},{"@type":"WebPage","@id":"https:\/\/nuevodigitaldeescobar.com.ar\/?p=10698","url":"https:\/\/nuevodigitaldeescobar.com.ar\/?p=10698","name":"Discusi\u00f3n por la m\u00fasica termin\u00f3 mal: un jubilado de la PFA mat\u00f3 a su vecino en Lomas del Mirador - Nuevo Digital de Escobar","isPartOf":{"@id":"https:\/\/nuevodigitaldeescobar.com.ar\/#website"},"primaryImageOfPage":{"@id":"https:\/\/nuevodigitaldeescobar.com.ar\/?p=10698#primaryimage"},"image":{"@id":"https:\/\/nuevodigitaldeescobar.com.ar\/?p=10698#primaryimage"},"thumbnailUrl":"https:\/\/nuevodigitaldeescobar.com.ar\/wp-content\/uploads\/2024\/12\/com4lom.png","datePublished":"2024-12-26T10:01:00+00:00","dateModified":"2024-12-26T15:01:02+00:00","breadcrumb":{"@id":"https:\/\/nuevodigitaldeescobar.com.ar\/?p=10698#breadcrumb"},"inLanguage":"es","potentialAction":[{"@type":"ReadAction","target":["https:\/\/nuevodigitaldeescobar.com.ar\/?p=10698"]}]},{"@type":"ImageObject","inLanguage":"es","@id":"https:\/\/nuevodigitaldeescobar.com.ar\/?p=10698#primaryimage","url":"https:\/\/nuevodigitaldeescobar.com.ar\/wp-content\/uploads\/2024\/12\/com4lom.png","contentUrl":"https:\/\/nuevodigitaldeescobar.com.ar\/wp-content\/uploads\/2024\/12\/com4lom.png","width":1408,"height":715},{"@type":"BreadcrumbList","@id":"https:\/\/nuevodigitaldeescobar.com.ar\/?p=10698#breadcrumb","itemListElement":[{"@type":"ListItem","position":1,"name":"Portada","item":"https:\/\/nuevodigitaldeescobar.com.ar\/"},{"@type":"ListItem","position":2,"name":"Discusi\u00f3n por la m\u00fasica termin\u00f3 mal: un jubilado de la PFA mat\u00f3 a su vecino en Lomas del Mirador"}]},{"@type":"WebSite","@id":"https:\/\/nuevodigitaldeescobar.com.ar\/#website","url":"https:\/\/nuevodigitaldeescobar.com.ar\/","name":"Nuevo Digital de Escobar","description":"La vida escobarense. Directora: Rosana Brunner","publisher":{"@id":"https:\/\/nuevodigitaldeescobar.com.ar\/#organization"},"potentialAction":[{"@type":"SearchAction","target":{"@type":"EntryPoint","urlTemplate":"https:\/\/nuevodigitaldeescobar.com.ar\/?s={search_term_string}"},"query-input":{"@type":"PropertyValueSpecification","valueRequired":true,"valueName":"search_term_string"}}],"inLanguage":"es"},{"@type":"Organization","@id":"https:\/\/nuevodigitaldeescobar.com.ar\/#organization","name":"Nuevo Digital de Escobar","url":"https:\/\/nuevodigitaldeescobar.com.ar\/","logo":{"@type":"ImageObject","inLanguage":"es","@id":"https:\/\/nuevodigitaldeescobar.com.ar\/#\/schema\/logo\/image\/","url":"https:\/\/nuevodigitaldeescobar.com.ar\/wp-content\/uploads\/2025\/05\/cropped-logo-nuevo2.jpg","contentUrl":"https:\/\/nuevodigitaldeescobar.com.ar\/wp-content\/uploads\/2025\/05\/cropped-logo-nuevo2.jpg","width":305,"height":305,"caption":"Nuevo Digital de Escobar"},"image":{"@id":"https:\/\/nuevodigitaldeescobar.com.ar\/#\/schema\/logo\/image\/"},"sameAs":["https:\/\/www.facebook.com\/NUEVODigitalDeEscobar","https:\/\/x.com\/nuevodigescobar","https:\/\/www.instagram.com\/nuevodigitaldeescobar"]},{"@type":"Person","@id":"https:\/\/nuevodigitaldeescobar.com.ar\/#\/schema\/person\/035e90a8efe9a80e6eec22656ad6ea4c","name":"Redacci\u00f3n","image":{"@type":"ImageObject","inLanguage":"es","@id":"https:\/\/nuevodigitaldeescobar.com.ar\/#\/schema\/person\/image\/","url":"https:\/\/secure.gravatar.com\/avatar\/8af8f40000c24e9eef3034f2be5998a372bb1389e64b1a4a36b3a7979142220d?s=96&d=mm&r=g","contentUrl":"https:\/\/secure.gravatar.com\/avatar\/8af8f40000c24e9eef3034f2be5998a372bb1389e64b1a4a36b3a7979142220d?s=96&d=mm&r=g","caption":"Redacci\u00f3n"},"sameAs":["http:\/\/nuevodigitaldeescobar.com.ar"],"url":"https:\/\/nuevodigitaldeescobar.com.ar\/?author=1"}]}},"featured_image_urls":{"full":["https:\/\/nuevodigitaldeescobar.com.ar\/wp-content\/uploads\/2024\/12\/com4lom.png",1408,715,false],"thumbnail":["https:\/\/nuevodigitaldeescobar.com.ar\/wp-content\/uploads\/2024\/12\/com4lom-150x150.png",150,150,true],"medium":["https:\/\/nuevodigitaldeescobar.com.ar\/wp-content\/uploads\/2024\/12\/com4lom-300x152.png",300,152,true],"medium_large":["https:\/\/nuevodigitaldeescobar.com.ar\/wp-content\/uploads\/2024\/12\/com4lom-768x390.png",640,325,true],"large":["https:\/\/nuevodigitaldeescobar.com.ar\/wp-content\/uploads\/2024\/12\/com4lom-1024x520.png",640,325,true],"1536x1536":["https:\/\/nuevodigitaldeescobar.com.ar\/wp-content\/uploads\/2024\/12\/com4lom.png",1408,715,false],"2048x2048":["https:\/\/nuevodigitaldeescobar.com.ar\/wp-content\/uploads\/2024\/12\/com4lom.png",1408,715,false]},"author_info":{"display_name":"Redacci\u00f3n","author_link":"https:\/\/nuevodigitaldeescobar.com.ar\/?author=1"},"category_info":"<a href=\"https:\/\/nuevodigitaldeescobar.com.ar\/?cat=7\" rel=\"category\">Inter\u00e9s general<\/a>","tag_info":"Inter\u00e9s general","comment_count":"0","_links":{"self":[{"href":"https:\/\/nuevodigitaldeescobar.com.ar\/index.php?rest_route=\/wp\/v2\/posts\/10698","targetHints":{"allow":["GET"]}}],"collection":[{"href":"https:\/\/nuevodigitaldeescobar.com.ar\/index.php?rest_route=\/wp\/v2\/posts"}],"about":[{"href":"https:\/\/nuevodigitaldeescobar.com.ar\/index.php?rest_route=\/wp\/v2\/types\/post"}],"author":[{"embeddable":true,"href":"https:\/\/nuevodigitaldeescobar.com.ar\/index.php?rest_route=\/wp\/v2\/users\/1"}],"replies":[{"embeddable":true,"href":"https:\/\/nuevodigitaldeescobar.com.ar\/index.php?rest_route=%2Fwp%2Fv2%2Fcomments&post=10698"}],"version-history":[{"count":2,"href":"https:\/\/nuevodigitaldeescobar.com.ar\/index.php?rest_route=\/wp\/v2\/posts\/10698\/revisions"}],"predecessor-version":[{"id":10715,"href":"https:\/\/nuevodigitaldeescobar.com.ar\/index.php?rest_route=\/wp\/v2\/posts\/10698\/revisions\/10715"}],"wp:featuredmedia":[{"embeddable":true,"href":"https:\/\/nuevodigitaldeescobar.com.ar\/index.php?rest_route=\/wp\/v2\/media\/10699"}],"wp:attachment":[{"href":"https:\/\/nuevodigitaldeescobar.com.ar\/index.php?rest_route=%2Fwp%2Fv2%2Fmedia&parent=10698"}],"wp:term":[{"taxonomy":"category","embeddable":true,"href":"https:\/\/nuevodigitaldeescobar.com.ar\/index.php?rest_route=%2Fwp%2Fv2%2Fcategories&post=10698"},{"taxonomy":"post_tag","embeddable":true,"href":"https:\/\/nuevodigitaldeescobar.com.ar\/index.php?rest_route=%2Fwp%2Fv2%2Ftags&post=10698"}],"curies":[{"name":"wp","href":"https:\/\/api.w.org\/{rel}","templated":true}]}}