{"id":10701,"date":"2024-12-26T07:03:00","date_gmt":"2024-12-26T10:03:00","guid":{"rendered":"https:\/\/nuevodigitaldeescobar.com.ar\/?p=10701"},"modified":"2024-12-26T01:52:20","modified_gmt":"2024-12-26T04:52:20","slug":"empleados-de-comercio-como-impactara-la-ultima-paritaria-en-los-salarios-de-enero-de-2025","status":"publish","type":"post","link":"https:\/\/nuevodigitaldeescobar.com.ar\/?p=10701","title":{"rendered":"Empleados de comercio: c\u00f3mo impactar\u00e1 la \u00faltima paritaria en los salarios de enero de 2025"},"content":{"rendered":"<p><span style=\"color: #003366;\"><strong><em>En el marco del reciente acuerdo paritario, los trabajadores del sector comercio recibir\u00e1n un incremento salarial que comenzar\u00e1 a reflejarse en sus haberes de enero, correspondiente al mes trabajado en diciembre. Este ajuste, dise\u00f1ado para acompa\u00f1ar la evoluci\u00f3n de la inflaci\u00f3n, se implementar\u00e1 en dos etapas.<\/em><\/strong><\/span><\/p>\n\n<h3><span style=\"color: #003366;\"><em>Detalles del acuerdo<\/em><\/span><\/h3>\n<p>La Federaci\u00f3n Argentina de Empleados de Comercio y Servicios (FAECYS), que representa a m\u00e1s de 1,2 millones de trabajadores, firm\u00f3 a finales de noviembre un convenio con las c\u00e1maras empresariales que establece un aumento del 5% en dos tramos mensuales: 2,5% a partir de noviembre de 2024 y 2,5% a partir de diciembre de 2024. La base de c\u00e1lculo incluye las escalas salariales de octubre de 2024, junto con las sumas no remunerativas acordadas hasta esa fecha.<\/p>\n\n\n<p>Este entendimiento, que regir\u00e1 hasta el 31 de marzo de 2026, prev\u00e9 una revisi\u00f3n en enero de 2025 para evaluar posibles nuevos ajustes salariales en funci\u00f3n del contexto econ\u00f3mico. Adem\u00e1s, estipula la incorporaci\u00f3n progresiva de las sumas no remunerativas a los salarios b\u00e1sicos, completando esta integraci\u00f3n con los haberes de enero.<\/p>\n\n\n<h3><span style=\"color: #003366;\"><em>Cu\u00e1nto cobrar\u00e1n seg\u00fan categor\u00eda<\/em><\/span><\/h3>\n<p>Los empleados percibir\u00e1n en enero los salarios actualizados con el aumento de diciembre. A continuaci\u00f3n, los montos detallados por categor\u00eda:<\/p>\n\n\n<p class=\"has-vivid-cyan-blue-color has-text-color has-link-color wp-elements-697028b13c622df525780bf70111aff3\"><strong><em>Administrativos<\/em><\/strong><\/p>\n\n\n\n<ul class=\"wp-block-list\">\n<li>Categor\u00eda A: $908.164<\/li>\n\n\n\n<li>Categor\u00eda B: $912.072<\/li>\n\n\n\n<li>Categor\u00eda C: $915.975<\/li>\n\n\n\n<li>Categor\u00eda D: $927.692<\/li>\n\n\n\n<li>Categor\u00eda E: $937.450<\/li>\n\n\n\n<li>Categor\u00eda F: $951.775<\/li>\n<\/ul>\n\n\n\n<p class=\"has-vivid-cyan-blue-color has-text-color has-link-color wp-elements-c359a665d3b1521e3f284c5573844f1f\"><strong><em>Maestranza<\/em><\/strong><\/p>\n\n\n\n<ul class=\"wp-block-list\">\n<li>Categor\u00eda A: $898.401<\/li>\n\n\n\n<li>Categor\u00eda B: $901.002<\/li>\n\n\n\n<li>Categor\u00eda C: $910.113<\/li>\n<\/ul>\n\n\n\n<p class=\"has-vivid-cyan-blue-color has-text-color has-link-color wp-elements-53dfa39d76136a484a0d148e33aa14ea\"><strong><em>Cajeros<\/em><\/strong><\/p>\n\n\n\n<ul class=\"wp-block-list\">\n<li>Categor\u00eda A: $911.417<\/li>\n\n\n\n<li>Categor\u00eda B: $915.975<\/li>\n\n\n\n<li>Categor\u00eda C: $921.826<\/li>\n<\/ul>\n\n\n\n<p class=\"has-vivid-cyan-blue-color has-text-color has-link-color wp-elements-59faba91c2f2b69cecb8f78b87ac06ac\"><strong><em>Vendedores<\/em><\/strong><\/p>\n\n\n\n<ul class=\"wp-block-list\">\n<li>Categor\u00eda A: $911.417<\/li>\n\n\n\n<li>Categor\u00eda B: $930.948<\/li>\n\n\n\n<li>Categor\u00eda C: $937.455<\/li>\n\n\n\n<li>Categor\u00eda D: $951.775<\/li>\n<\/ul>\n\n\n\n<p class=\"has-vivid-cyan-blue-color has-text-color has-link-color wp-elements-f7c9043ed3f0720a43360943f15ad99f\"><strong><em>Auxiliares Generales<\/em><\/strong><\/p>\n\n\n\n<ul class=\"wp-block-list\">\n<li>Categor\u00eda A: $911.417<\/li>\n\n\n\n<li>Categor\u00eda B: $917.920<\/li>\n\n\n\n<li>Categor\u00eda C: $939.407<\/li>\n<\/ul>\n\n\n\n<p class=\"has-vivid-cyan-blue-color has-text-color has-link-color wp-elements-635f87d5e474f1c06672739c63db0c97\"><strong><em>Auxiliares Especiales<\/em><\/strong><\/p>\n\n\n\n<ul class=\"wp-block-list\">\n<li>Categor\u00eda A: $919.231<\/li>\n\n\n\n<li>Categor\u00eda B: $930.946<\/li>\n<\/ul>\n\n\n\n<p>Adicionalmente, los empleados cuentan con beneficios como el incremento por antig\u00fcedad, equivalente al 1% del b\u00e1sico por cada a\u00f1o trabajado, y un plus por presentismo, calculado sobre las sumas remunerativas y no remunerativas.<\/p>\n\n\n<h3><span style=\"color: #003366;\"><em>El comercio en contexto<\/em><\/span><\/h3>\n<p>El ajuste salarial ocurre en un momento en que el sector comercio sigue enfrentando desaf\u00edos econ\u00f3micos. Seg\u00fan datos de la Confederaci\u00f3n Argentina de la Mediana Empresa (CAME), las ventas minoristas cayeron un 1,7% interanual en noviembre y acumulan una baja del 12,2% en lo que va del a\u00f1o. Sin embargo, hubo un leve repunte mensual del 3,9% en comparaci\u00f3n con octubre, alentado por promociones y estrategias comerciales para estimular el consumo.<\/p>\n\n\n<p><em>\u201cSi bien persisten presiones inflacionarias, algunos comerciantes lograron mantener estabilidad gracias a ofertas y descuentos, lo que augura un cierre de a\u00f1o con niveles de ventas similares o mejores a los de 2023\u201d<\/em>, se\u00f1alaron desde CAME.<\/p>\n","protected":false},"excerpt":{"rendered":"<p>En el marco del reciente acuerdo paritario, los trabajadores del sector comercio recibir\u00e1n un incremento salarial que comenzar\u00e1 a reflejarse en sus haberes de enero, [&hellip;]<\/p>\n","protected":false},"author":1,"featured_media":10702,"comment_status":"open","ping_status":"open","sticky":false,"template":"","format":"standard","meta":{"footnotes":""},"categories":[207,10],"tags":[],"class_list":["post-10701","post","type-post","status-publish","format-standard","has-post-thumbnail","hentry","category-comercios","category-economia"],"better_featured_image":{"id":10702,"alt_text":"","caption":"","description":"","media_type":"image","media_details":{"width":1280,"height":722,"file":"2024\/12\/comer234.png","filesize":1940314,"sizes":{"medium":{"file":"comer234-300x169.png","width":300,"height":169,"mime-type":"image\/png","filesize":95757,"source_url":"https:\/\/nuevodigitaldeescobar.com.ar\/wp-content\/uploads\/2024\/12\/comer234-300x169.png"},"large":{"file":"comer234-1024x578.png","width":1024,"height":578,"mime-type":"image\/png","filesize":772792,"source_url":"https:\/\/nuevodigitaldeescobar.com.ar\/wp-content\/uploads\/2024\/12\/comer234-1024x578.png"},"thumbnail":{"file":"comer234-150x150.png","width":150,"height":150,"mime-type":"image\/png","filesize":40561,"source_url":"https:\/\/nuevodigitaldeescobar.com.ar\/wp-content\/uploads\/2024\/12\/comer234-150x150.png"},"medium_large":{"file":"comer234-768x433.png","width":768,"height":433,"mime-type":"image\/png","filesize":483539,"source_url":"https:\/\/nuevodigitaldeescobar.com.ar\/wp-content\/uploads\/2024\/12\/comer234-768x433.png"}},"image_meta":{"aperture":"0","credit":"","camera":"","caption":"","created_timestamp":"0","copyright":"","focal_length":"0","iso":"0","shutter_speed":"0","title":"","orientation":"0","keywords":[]}},"post":10701,"source_url":"https:\/\/nuevodigitaldeescobar.com.ar\/wp-content\/uploads\/2024\/12\/comer234.png"},"yoast_head":"<!-- This site is optimized with the Yoast SEO plugin v26.1.1 - https:\/\/yoast.com\/wordpress\/plugins\/seo\/ -->\n<title>Empleados de comercio: c\u00f3mo impactar\u00e1 la \u00faltima paritaria en los salarios de enero de 2025 - Nuevo Digital de Escobar<\/title>\n<meta name=\"robots\" content=\"index, follow, max-snippet:-1, max-image-preview:large, max-video-preview:-1\" \/>\n<link rel=\"canonical\" href=\"https:\/\/nuevodigitaldeescobar.com.ar\/?p=10701\" \/>\n<meta property=\"og:locale\" content=\"es_ES\" \/>\n<meta property=\"og:type\" content=\"article\" \/>\n<meta property=\"og:title\" content=\"Empleados de comercio: c\u00f3mo impactar\u00e1 la \u00faltima paritaria en los salarios de enero de 2025 - Nuevo Digital de Escobar\" \/>\n<meta property=\"og:description\" content=\"En el marco del reciente acuerdo paritario, los trabajadores del sector comercio recibir\u00e1n un incremento salarial que comenzar\u00e1 a reflejarse en sus haberes de enero, [&hellip;]\" \/>\n<meta property=\"og:url\" content=\"https:\/\/nuevodigitaldeescobar.com.ar\/?p=10701\" \/>\n<meta property=\"og:site_name\" content=\"Nuevo Digital de Escobar\" \/>\n<meta property=\"article:publisher\" content=\"https:\/\/www.facebook.com\/NUEVODigitalDeEscobar\" \/>\n<meta property=\"article:published_time\" content=\"2024-12-26T10:03:00+00:00\" \/>\n<meta property=\"og:image\" content=\"https:\/\/nuevodigitaldeescobar.com.ar\/wp-content\/uploads\/2024\/12\/comer234.png\" \/>\n\t<meta property=\"og:image:width\" content=\"1280\" \/>\n\t<meta property=\"og:image:height\" content=\"722\" \/>\n\t<meta property=\"og:image:type\" content=\"image\/png\" \/>\n<meta name=\"author\" content=\"Redacci\u00f3n\" \/>\n<meta name=\"twitter:card\" content=\"summary_large_image\" \/>\n<meta name=\"twitter:creator\" content=\"@nuevodigescobar\" \/>\n<meta name=\"twitter:site\" content=\"@nuevodigescobar\" \/>\n<meta name=\"twitter:label1\" content=\"Escrito por\" \/>\n\t<meta name=\"twitter:data1\" content=\"Redacci\u00f3n\" \/>\n\t<meta name=\"twitter:label2\" content=\"Tiempo de lectura\" \/>\n\t<meta name=\"twitter:data2\" content=\"2 minutos\" \/>\n<script type=\"application\/ld+json\" class=\"yoast-schema-graph\">{\"@context\":\"https:\/\/schema.org\",\"@graph\":[{\"@type\":\"Article\",\"@id\":\"https:\/\/nuevodigitaldeescobar.com.ar\/?p=10701#article\",\"isPartOf\":{\"@id\":\"https:\/\/nuevodigitaldeescobar.com.ar\/?p=10701\"},\"author\":{\"name\":\"Redacci\u00f3n\",\"@id\":\"https:\/\/nuevodigitaldeescobar.com.ar\/#\/schema\/person\/035e90a8efe9a80e6eec22656ad6ea4c\"},\"headline\":\"Empleados de comercio: c\u00f3mo impactar\u00e1 la \u00faltima paritaria en los salarios de enero de 2025\",\"datePublished\":\"2024-12-26T10:03:00+00:00\",\"mainEntityOfPage\":{\"@id\":\"https:\/\/nuevodigitaldeescobar.com.ar\/?p=10701\"},\"wordCount\":450,\"commentCount\":0,\"publisher\":{\"@id\":\"https:\/\/nuevodigitaldeescobar.com.ar\/#organization\"},\"image\":{\"@id\":\"https:\/\/nuevodigitaldeescobar.com.ar\/?p=10701#primaryimage\"},\"thumbnailUrl\":\"https:\/\/nuevodigitaldeescobar.com.ar\/wp-content\/uploads\/2024\/12\/comer234.png\",\"articleSection\":[\"Comercios\",\"Econom\u00eda\"],\"inLanguage\":\"es\",\"potentialAction\":[{\"@type\":\"CommentAction\",\"name\":\"Comment\",\"target\":[\"https:\/\/nuevodigitaldeescobar.com.ar\/?p=10701#respond\"]}]},{\"@type\":\"WebPage\",\"@id\":\"https:\/\/nuevodigitaldeescobar.com.ar\/?p=10701\",\"url\":\"https:\/\/nuevodigitaldeescobar.com.ar\/?p=10701\",\"name\":\"Empleados de comercio: c\u00f3mo impactar\u00e1 la \u00faltima paritaria en los salarios de enero de 2025 - Nuevo Digital de Escobar\",\"isPartOf\":{\"@id\":\"https:\/\/nuevodigitaldeescobar.com.ar\/#website\"},\"primaryImageOfPage\":{\"@id\":\"https:\/\/nuevodigitaldeescobar.com.ar\/?p=10701#primaryimage\"},\"image\":{\"@id\":\"https:\/\/nuevodigitaldeescobar.com.ar\/?p=10701#primaryimage\"},\"thumbnailUrl\":\"https:\/\/nuevodigitaldeescobar.com.ar\/wp-content\/uploads\/2024\/12\/comer234.png\",\"datePublished\":\"2024-12-26T10:03:00+00:00\",\"breadcrumb\":{\"@id\":\"https:\/\/nuevodigitaldeescobar.com.ar\/?p=10701#breadcrumb\"},\"inLanguage\":\"es\",\"potentialAction\":[{\"@type\":\"ReadAction\",\"target\":[\"https:\/\/nuevodigitaldeescobar.com.ar\/?p=10701\"]}]},{\"@type\":\"ImageObject\",\"inLanguage\":\"es\",\"@id\":\"https:\/\/nuevodigitaldeescobar.com.ar\/?p=10701#primaryimage\",\"url\":\"https:\/\/nuevodigitaldeescobar.com.ar\/wp-content\/uploads\/2024\/12\/comer234.png\",\"contentUrl\":\"https:\/\/nuevodigitaldeescobar.com.ar\/wp-content\/uploads\/2024\/12\/comer234.png\",\"width\":1280,\"height\":722},{\"@type\":\"BreadcrumbList\",\"@id\":\"https:\/\/nuevodigitaldeescobar.com.ar\/?p=10701#breadcrumb\",\"itemListElement\":[{\"@type\":\"ListItem\",\"position\":1,\"name\":\"Portada\",\"item\":\"https:\/\/nuevodigitaldeescobar.com.ar\/\"},{\"@type\":\"ListItem\",\"position\":2,\"name\":\"Empleados de comercio: c\u00f3mo impactar\u00e1 la \u00faltima paritaria en los salarios de enero de 2025\"}]},{\"@type\":\"WebSite\",\"@id\":\"https:\/\/nuevodigitaldeescobar.com.ar\/#website\",\"url\":\"https:\/\/nuevodigitaldeescobar.com.ar\/\",\"name\":\"Nuevo Digital de Escobar\",\"description\":\"La vida escobarense. Directora: Rosana Brunner\",\"publisher\":{\"@id\":\"https:\/\/nuevodigitaldeescobar.com.ar\/#organization\"},\"potentialAction\":[{\"@type\":\"SearchAction\",\"target\":{\"@type\":\"EntryPoint\",\"urlTemplate\":\"https:\/\/nuevodigitaldeescobar.com.ar\/?s={search_term_string}\"},\"query-input\":{\"@type\":\"PropertyValueSpecification\",\"valueRequired\":true,\"valueName\":\"search_term_string\"}}],\"inLanguage\":\"es\"},{\"@type\":\"Organization\",\"@id\":\"https:\/\/nuevodigitaldeescobar.com.ar\/#organization\",\"name\":\"Nuevo Digital de Escobar\",\"url\":\"https:\/\/nuevodigitaldeescobar.com.ar\/\",\"logo\":{\"@type\":\"ImageObject\",\"inLanguage\":\"es\",\"@id\":\"https:\/\/nuevodigitaldeescobar.com.ar\/#\/schema\/logo\/image\/\",\"url\":\"https:\/\/nuevodigitaldeescobar.com.ar\/wp-content\/uploads\/2025\/05\/cropped-logo-nuevo2.jpg\",\"contentUrl\":\"https:\/\/nuevodigitaldeescobar.com.ar\/wp-content\/uploads\/2025\/05\/cropped-logo-nuevo2.jpg\",\"width\":305,\"height\":305,\"caption\":\"Nuevo Digital de Escobar\"},\"image\":{\"@id\":\"https:\/\/nuevodigitaldeescobar.com.ar\/#\/schema\/logo\/image\/\"},\"sameAs\":[\"https:\/\/www.facebook.com\/NUEVODigitalDeEscobar\",\"https:\/\/x.com\/nuevodigescobar\",\"https:\/\/www.instagram.com\/nuevodigitaldeescobar\"]},{\"@type\":\"Person\",\"@id\":\"https:\/\/nuevodigitaldeescobar.com.ar\/#\/schema\/person\/035e90a8efe9a80e6eec22656ad6ea4c\",\"name\":\"Redacci\u00f3n\",\"image\":{\"@type\":\"ImageObject\",\"inLanguage\":\"es\",\"@id\":\"https:\/\/nuevodigitaldeescobar.com.ar\/#\/schema\/person\/image\/\",\"url\":\"https:\/\/secure.gravatar.com\/avatar\/8af8f40000c24e9eef3034f2be5998a372bb1389e64b1a4a36b3a7979142220d?s=96&d=mm&r=g\",\"contentUrl\":\"https:\/\/secure.gravatar.com\/avatar\/8af8f40000c24e9eef3034f2be5998a372bb1389e64b1a4a36b3a7979142220d?s=96&d=mm&r=g\",\"caption\":\"Redacci\u00f3n\"},\"sameAs\":[\"http:\/\/nuevodigitaldeescobar.com.ar\"],\"url\":\"https:\/\/nuevodigitaldeescobar.com.ar\/?author=1\"}]}<\/script>\n<!-- \/ Yoast SEO plugin. -->","yoast_head_json":{"title":"Empleados de comercio: c\u00f3mo impactar\u00e1 la \u00faltima paritaria en los salarios de enero de 2025 - Nuevo Digital de Escobar","robots":{"index":"index","follow":"follow","max-snippet":"max-snippet:-1","max-image-preview":"max-image-preview:large","max-video-preview":"max-video-preview:-1"},"canonical":"https:\/\/nuevodigitaldeescobar.com.ar\/?p=10701","og_locale":"es_ES","og_type":"article","og_title":"Empleados de comercio: c\u00f3mo impactar\u00e1 la \u00faltima paritaria en los salarios de enero de 2025 - Nuevo Digital de Escobar","og_description":"En el marco del reciente acuerdo paritario, los trabajadores del sector comercio recibir\u00e1n un incremento salarial que comenzar\u00e1 a reflejarse en sus haberes de enero, [&hellip;]","og_url":"https:\/\/nuevodigitaldeescobar.com.ar\/?p=10701","og_site_name":"Nuevo Digital de Escobar","article_publisher":"https:\/\/www.facebook.com\/NUEVODigitalDeEscobar","article_published_time":"2024-12-26T10:03:00+00:00","og_image":[{"width":1280,"height":722,"url":"https:\/\/nuevodigitaldeescobar.com.ar\/wp-content\/uploads\/2024\/12\/comer234.png","type":"image\/png"}],"author":"Redacci\u00f3n","twitter_card":"summary_large_image","twitter_creator":"@nuevodigescobar","twitter_site":"@nuevodigescobar","twitter_misc":{"Escrito por":"Redacci\u00f3n","Tiempo de lectura":"2 minutos"},"schema":{"@context":"https:\/\/schema.org","@graph":[{"@type":"Article","@id":"https:\/\/nuevodigitaldeescobar.com.ar\/?p=10701#article","isPartOf":{"@id":"https:\/\/nuevodigitaldeescobar.com.ar\/?p=10701"},"author":{"name":"Redacci\u00f3n","@id":"https:\/\/nuevodigitaldeescobar.com.ar\/#\/schema\/person\/035e90a8efe9a80e6eec22656ad6ea4c"},"headline":"Empleados de comercio: c\u00f3mo impactar\u00e1 la \u00faltima paritaria en los salarios de enero de 2025","datePublished":"2024-12-26T10:03:00+00:00","mainEntityOfPage":{"@id":"https:\/\/nuevodigitaldeescobar.com.ar\/?p=10701"},"wordCount":450,"commentCount":0,"publisher":{"@id":"https:\/\/nuevodigitaldeescobar.com.ar\/#organization"},"image":{"@id":"https:\/\/nuevodigitaldeescobar.com.ar\/?p=10701#primaryimage"},"thumbnailUrl":"https:\/\/nuevodigitaldeescobar.com.ar\/wp-content\/uploads\/2024\/12\/comer234.png","articleSection":["Comercios","Econom\u00eda"],"inLanguage":"es","potentialAction":[{"@type":"CommentAction","name":"Comment","target":["https:\/\/nuevodigitaldeescobar.com.ar\/?p=10701#respond"]}]},{"@type":"WebPage","@id":"https:\/\/nuevodigitaldeescobar.com.ar\/?p=10701","url":"https:\/\/nuevodigitaldeescobar.com.ar\/?p=10701","name":"Empleados de comercio: c\u00f3mo impactar\u00e1 la \u00faltima paritaria en los salarios de enero de 2025 - Nuevo Digital de Escobar","isPartOf":{"@id":"https:\/\/nuevodigitaldeescobar.com.ar\/#website"},"primaryImageOfPage":{"@id":"https:\/\/nuevodigitaldeescobar.com.ar\/?p=10701#primaryimage"},"image":{"@id":"https:\/\/nuevodigitaldeescobar.com.ar\/?p=10701#primaryimage"},"thumbnailUrl":"https:\/\/nuevodigitaldeescobar.com.ar\/wp-content\/uploads\/2024\/12\/comer234.png","datePublished":"2024-12-26T10:03:00+00:00","breadcrumb":{"@id":"https:\/\/nuevodigitaldeescobar.com.ar\/?p=10701#breadcrumb"},"inLanguage":"es","potentialAction":[{"@type":"ReadAction","target":["https:\/\/nuevodigitaldeescobar.com.ar\/?p=10701"]}]},{"@type":"ImageObject","inLanguage":"es","@id":"https:\/\/nuevodigitaldeescobar.com.ar\/?p=10701#primaryimage","url":"https:\/\/nuevodigitaldeescobar.com.ar\/wp-content\/uploads\/2024\/12\/comer234.png","contentUrl":"https:\/\/nuevodigitaldeescobar.com.ar\/wp-content\/uploads\/2024\/12\/comer234.png","width":1280,"height":722},{"@type":"BreadcrumbList","@id":"https:\/\/nuevodigitaldeescobar.com.ar\/?p=10701#breadcrumb","itemListElement":[{"@type":"ListItem","position":1,"name":"Portada","item":"https:\/\/nuevodigitaldeescobar.com.ar\/"},{"@type":"ListItem","position":2,"name":"Empleados de comercio: c\u00f3mo impactar\u00e1 la \u00faltima paritaria en los salarios de enero de 2025"}]},{"@type":"WebSite","@id":"https:\/\/nuevodigitaldeescobar.com.ar\/#website","url":"https:\/\/nuevodigitaldeescobar.com.ar\/","name":"Nuevo Digital de Escobar","description":"La vida escobarense. Directora: Rosana Brunner","publisher":{"@id":"https:\/\/nuevodigitaldeescobar.com.ar\/#organization"},"potentialAction":[{"@type":"SearchAction","target":{"@type":"EntryPoint","urlTemplate":"https:\/\/nuevodigitaldeescobar.com.ar\/?s={search_term_string}"},"query-input":{"@type":"PropertyValueSpecification","valueRequired":true,"valueName":"search_term_string"}}],"inLanguage":"es"},{"@type":"Organization","@id":"https:\/\/nuevodigitaldeescobar.com.ar\/#organization","name":"Nuevo Digital de Escobar","url":"https:\/\/nuevodigitaldeescobar.com.ar\/","logo":{"@type":"ImageObject","inLanguage":"es","@id":"https:\/\/nuevodigitaldeescobar.com.ar\/#\/schema\/logo\/image\/","url":"https:\/\/nuevodigitaldeescobar.com.ar\/wp-content\/uploads\/2025\/05\/cropped-logo-nuevo2.jpg","contentUrl":"https:\/\/nuevodigitaldeescobar.com.ar\/wp-content\/uploads\/2025\/05\/cropped-logo-nuevo2.jpg","width":305,"height":305,"caption":"Nuevo Digital de Escobar"},"image":{"@id":"https:\/\/nuevodigitaldeescobar.com.ar\/#\/schema\/logo\/image\/"},"sameAs":["https:\/\/www.facebook.com\/NUEVODigitalDeEscobar","https:\/\/x.com\/nuevodigescobar","https:\/\/www.instagram.com\/nuevodigitaldeescobar"]},{"@type":"Person","@id":"https:\/\/nuevodigitaldeescobar.com.ar\/#\/schema\/person\/035e90a8efe9a80e6eec22656ad6ea4c","name":"Redacci\u00f3n","image":{"@type":"ImageObject","inLanguage":"es","@id":"https:\/\/nuevodigitaldeescobar.com.ar\/#\/schema\/person\/image\/","url":"https:\/\/secure.gravatar.com\/avatar\/8af8f40000c24e9eef3034f2be5998a372bb1389e64b1a4a36b3a7979142220d?s=96&d=mm&r=g","contentUrl":"https:\/\/secure.gravatar.com\/avatar\/8af8f40000c24e9eef3034f2be5998a372bb1389e64b1a4a36b3a7979142220d?s=96&d=mm&r=g","caption":"Redacci\u00f3n"},"sameAs":["http:\/\/nuevodigitaldeescobar.com.ar"],"url":"https:\/\/nuevodigitaldeescobar.com.ar\/?author=1"}]}},"featured_image_urls":{"full":["https:\/\/nuevodigitaldeescobar.com.ar\/wp-content\/uploads\/2024\/12\/comer234.png",1280,722,false],"thumbnail":["https:\/\/nuevodigitaldeescobar.com.ar\/wp-content\/uploads\/2024\/12\/comer234-150x150.png",150,150,true],"medium":["https:\/\/nuevodigitaldeescobar.com.ar\/wp-content\/uploads\/2024\/12\/comer234-300x169.png",300,169,true],"medium_large":["https:\/\/nuevodigitaldeescobar.com.ar\/wp-content\/uploads\/2024\/12\/comer234-768x433.png",640,361,true],"large":["https:\/\/nuevodigitaldeescobar.com.ar\/wp-content\/uploads\/2024\/12\/comer234-1024x578.png",640,361,true],"1536x1536":["https:\/\/nuevodigitaldeescobar.com.ar\/wp-content\/uploads\/2024\/12\/comer234.png",1280,722,false],"2048x2048":["https:\/\/nuevodigitaldeescobar.com.ar\/wp-content\/uploads\/2024\/12\/comer234.png",1280,722,false]},"author_info":{"display_name":"Redacci\u00f3n","author_link":"https:\/\/nuevodigitaldeescobar.com.ar\/?author=1"},"category_info":"<a href=\"https:\/\/nuevodigitaldeescobar.com.ar\/?cat=207\" rel=\"category\">Comercios<\/a> <a href=\"https:\/\/nuevodigitaldeescobar.com.ar\/?cat=10\" rel=\"category\">Econom\u00eda<\/a>","tag_info":"Econom\u00eda","comment_count":"0","_links":{"self":[{"href":"https:\/\/nuevodigitaldeescobar.com.ar\/index.php?rest_route=\/wp\/v2\/posts\/10701","targetHints":{"allow":["GET"]}}],"collection":[{"href":"https:\/\/nuevodigitaldeescobar.com.ar\/index.php?rest_route=\/wp\/v2\/posts"}],"about":[{"href":"https:\/\/nuevodigitaldeescobar.com.ar\/index.php?rest_route=\/wp\/v2\/types\/post"}],"author":[{"embeddable":true,"href":"https:\/\/nuevodigitaldeescobar.com.ar\/index.php?rest_route=\/wp\/v2\/users\/1"}],"replies":[{"embeddable":true,"href":"https:\/\/nuevodigitaldeescobar.com.ar\/index.php?rest_route=%2Fwp%2Fv2%2Fcomments&post=10701"}],"version-history":[{"count":1,"href":"https:\/\/nuevodigitaldeescobar.com.ar\/index.php?rest_route=\/wp\/v2\/posts\/10701\/revisions"}],"predecessor-version":[{"id":10703,"href":"https:\/\/nuevodigitaldeescobar.com.ar\/index.php?rest_route=\/wp\/v2\/posts\/10701\/revisions\/10703"}],"wp:featuredmedia":[{"embeddable":true,"href":"https:\/\/nuevodigitaldeescobar.com.ar\/index.php?rest_route=\/wp\/v2\/media\/10702"}],"wp:attachment":[{"href":"https:\/\/nuevodigitaldeescobar.com.ar\/index.php?rest_route=%2Fwp%2Fv2%2Fmedia&parent=10701"}],"wp:term":[{"taxonomy":"category","embeddable":true,"href":"https:\/\/nuevodigitaldeescobar.com.ar\/index.php?rest_route=%2Fwp%2Fv2%2Fcategories&post=10701"},{"taxonomy":"post_tag","embeddable":true,"href":"https:\/\/nuevodigitaldeescobar.com.ar\/index.php?rest_route=%2Fwp%2Fv2%2Ftags&post=10701"}],"curies":[{"name":"wp","href":"https:\/\/api.w.org\/{rel}","templated":true}]}}