{"id":10752,"date":"2024-12-27T14:57:03","date_gmt":"2024-12-27T17:57:03","guid":{"rendered":"https:\/\/nuevodigitaldeescobar.com.ar\/?p=10752"},"modified":"2024-12-27T14:57:15","modified_gmt":"2024-12-27T17:57:15","slug":"el-gobierno-argentino-reitero-su-pedido-por-la-liberacion-del-gendarme-nahuel-gallo-tras-la-confirmacion-oficial-de-su-detencion-en-venezuela","status":"publish","type":"post","link":"https:\/\/nuevodigitaldeescobar.com.ar\/?p=10752","title":{"rendered":"El Gobierno argentino reiter\u00f3 su pedido por la liberaci\u00f3n del gendarme Nahuel Gallo tras la confirmaci\u00f3n oficial de su detenci\u00f3n en Venezuela"},"content":{"rendered":"<p><span style=\"color: #003366;\"><strong><em>En un nuevo pronunciamiento sobre el caso de Nahuel Gallo, el gobierno argentino solicit\u00f3 nuevamente la liberaci\u00f3n del gendarme detenido en Venezuela, luego de que la dictadura chavista confirmara oficialmente su arresto. A trav\u00e9s de Brasil, que media en la situaci\u00f3n, se comunic\u00f3 que Gallo fue detenido el 8 de diciembre.<\/em><\/strong><\/span><\/p>\n<p><!--more--><\/p>\n\n\n<p>El canciller Gerardo Werthein destac\u00f3 que, tras el primer contacto oficial con la dictadura venezolana, el gendarme dej\u00f3 de ser considerado un desaparecido, y ahora es reconocido como un detenido por el r\u00e9gimen de Nicol\u00e1s Maduro. Seg\u00fan las autoridades venezolanas, Gallo se encuentra en buen estado de salud f\u00edsica y psicol\u00f3gica.<\/p>\n\n\n\n<p><em>\u00abPas\u00f3 de ser un secuestrado a ser reconocido por el Gobierno como un detenido\u00bb<\/em>, expres\u00f3 Werthein, quien agradeci\u00f3 la mediaci\u00f3n del gobierno brasile\u00f1o, liderado por Lula Da Silva, en este caso. La familia de Gallo fue recibida por el canciller y por Patricia Bullrich, quien tambi\u00e9n particip\u00f3 en la reuni\u00f3n.<\/p>\n\n\n\n<p>El Gobierno argentino recibi\u00f3 en las \u00faltimas horas un comunicado del fiscal general del r\u00e9gimen bolivariano, Tarek William Saab, en el que se afirma que Gallo est\u00e1 detenido en Caracas, acusado de terrorismo. Sin embargo, Patricia Bullrich rechaz\u00f3 rotundamente esas acusaciones, calific\u00e1ndolas de <em>\u00abarbitrarias\u00bb<\/em>.<\/p>\n\n\n\n<p><em>\u00abNos sentimos un poco m\u00e1s tranquilos al saber que, de ser un desaparecido, ahora est\u00e1 bajo un proceso judicial. Pero seguimos firmes en nuestra postura de que las acusaciones son infundadas\u00bb<\/em>, coment\u00f3 Bullrich. En ese sentido, la ministra remarc\u00f3 que Gallo hab\u00eda ingresado a Venezuela \u00abcon todos los papeles legales\u00bb y hab\u00eda cumplido con todos los tr\u00e1mites correspondientes, destacando que lo ilegal fue su secuestro en la frontera.<\/p>\n\n\n\n<p>A pesar de la informaci\u00f3n oficial del gobierno venezolano, el Gobierno argentino a\u00fan no tiene confirmaci\u00f3n sobre el lugar exacto en el que Gallo se encuentra detenido. Los funcionarios expresaron su preocupaci\u00f3n por la falta de detalles y pidieron que se aclare la situaci\u00f3n.<\/p>\n\n\n\n<p>Adem\u00e1s, los ministros hicieron referencia al exembajador argentino en Venezuela, Oscar Laborde, a quien acusaron de colaborar con el r\u00e9gimen chavista. <em>\u00abMientras nosotros trabajamos para defender los derechos de los argentinos, \u00e9l trabaja para el r\u00e9gimen\u00bb<\/em>, afirm\u00f3 Bullrich.<\/p>\n\n\n<div class=\"wp-block-image is-style-rounded\">\n<figure class=\"aligncenter size-full\"><img fetchpriority=\"high\" decoding=\"async\" width=\"892\" height=\"557\" src=\"http:\/\/nuevodigitaldeescobar.com.ar\/wp-content\/uploads\/2024\/12\/gall234.png\" alt=\"\" class=\"wp-image-10754\" srcset=\"https:\/\/nuevodigitaldeescobar.com.ar\/wp-content\/uploads\/2024\/12\/gall234.png 892w, https:\/\/nuevodigitaldeescobar.com.ar\/wp-content\/uploads\/2024\/12\/gall234-300x187.png 300w, https:\/\/nuevodigitaldeescobar.com.ar\/wp-content\/uploads\/2024\/12\/gall234-768x480.png 768w\" sizes=\"(max-width: 892px) 100vw, 892px\" \/><figcaption class=\"wp-element-caption\">Griselda Heredia, Madre de Nahuel \/\/ <em>(Infobae)<\/em><\/figcaption><\/figure><\/div>\n\n\n<p>Durante la conferencia, Griselda Heredia, madre de Nahuel Gallo, se mostr\u00f3 visiblemente emocionada. <em>\u201cEs muy doloroso como madre que lo acusen de algo que sabemos que no es cierto. Le pido al presidente Maduro que verifique bien los papeles, que todo es legal, y que lo liberen para que pueda regresar a Argentina\u201d<\/em>, expres\u00f3 con l\u00e1grimas en los ojos.<\/p>\n\n\n\n<p>El Gobierno argentino sigue con atenci\u00f3n el desarrollo del caso y mantiene su firme exigencia de que Gallo sea liberado y regrese lo antes posible al pa\u00eds.<\/p>\n","protected":false},"excerpt":{"rendered":"<p>En un nuevo pronunciamiento sobre el caso de Nahuel Gallo, el gobierno argentino solicit\u00f3 nuevamente la liberaci\u00f3n del gendarme detenido en Venezuela, luego de que [&hellip;]<\/p>\n","protected":false},"author":1,"featured_media":10753,"comment_status":"open","ping_status":"open","sticky":false,"template":"","format":"standard","meta":{"footnotes":""},"categories":[7,285],"tags":[],"class_list":["post-10752","post","type-post","status-publish","format-standard","has-post-thumbnail","hentry","category-interes-general","category-internacionales"],"better_featured_image":{"id":10753,"alt_text":"","caption":"","description":"","media_type":"image","media_details":{"width":992,"height":614,"file":"2024\/12\/gall325.png","filesize":964669,"sizes":{"medium":{"file":"gall325-300x186.png","width":300,"height":186,"mime-type":"image\/png","filesize":82165,"source_url":"https:\/\/nuevodigitaldeescobar.com.ar\/wp-content\/uploads\/2024\/12\/gall325-300x186.png"},"thumbnail":{"file":"gall325-150x150.png","width":150,"height":150,"mime-type":"image\/png","filesize":36983,"source_url":"https:\/\/nuevodigitaldeescobar.com.ar\/wp-content\/uploads\/2024\/12\/gall325-150x150.png"},"medium_large":{"file":"gall325-768x475.png","width":768,"height":475,"mime-type":"image\/png","filesize":367190,"source_url":"https:\/\/nuevodigitaldeescobar.com.ar\/wp-content\/uploads\/2024\/12\/gall325-768x475.png"}},"image_meta":{"aperture":"0","credit":"","camera":"","caption":"","created_timestamp":"0","copyright":"","focal_length":"0","iso":"0","shutter_speed":"0","title":"","orientation":"0","keywords":[]}},"post":10752,"source_url":"https:\/\/nuevodigitaldeescobar.com.ar\/wp-content\/uploads\/2024\/12\/gall325.png"},"yoast_head":"<!-- This site is optimized with the Yoast SEO plugin v26.1.1 - https:\/\/yoast.com\/wordpress\/plugins\/seo\/ -->\n<title>El Gobierno argentino reiter\u00f3 su pedido por la liberaci\u00f3n del gendarme Nahuel Gallo tras la confirmaci\u00f3n oficial de su detenci\u00f3n en Venezuela - Nuevo Digital de Escobar<\/title>\n<meta name=\"robots\" content=\"index, follow, max-snippet:-1, max-image-preview:large, max-video-preview:-1\" \/>\n<link rel=\"canonical\" href=\"https:\/\/nuevodigitaldeescobar.com.ar\/?p=10752\" \/>\n<meta property=\"og:locale\" content=\"es_ES\" \/>\n<meta property=\"og:type\" content=\"article\" \/>\n<meta property=\"og:title\" content=\"El Gobierno argentino reiter\u00f3 su pedido por la liberaci\u00f3n del gendarme Nahuel Gallo tras la confirmaci\u00f3n oficial de su detenci\u00f3n en Venezuela - Nuevo Digital de Escobar\" \/>\n<meta property=\"og:description\" content=\"En un nuevo pronunciamiento sobre el caso de Nahuel Gallo, el gobierno argentino solicit\u00f3 nuevamente la liberaci\u00f3n del gendarme detenido en Venezuela, luego de que [&hellip;]\" \/>\n<meta property=\"og:url\" content=\"https:\/\/nuevodigitaldeescobar.com.ar\/?p=10752\" \/>\n<meta property=\"og:site_name\" content=\"Nuevo Digital de Escobar\" \/>\n<meta property=\"article:publisher\" content=\"https:\/\/www.facebook.com\/NUEVODigitalDeEscobar\" \/>\n<meta property=\"article:published_time\" content=\"2024-12-27T17:57:03+00:00\" \/>\n<meta property=\"article:modified_time\" content=\"2024-12-27T17:57:15+00:00\" \/>\n<meta property=\"og:image\" content=\"https:\/\/nuevodigitaldeescobar.com.ar\/wp-content\/uploads\/2024\/12\/gall325.png\" \/>\n\t<meta property=\"og:image:width\" content=\"992\" \/>\n\t<meta property=\"og:image:height\" content=\"614\" \/>\n\t<meta property=\"og:image:type\" content=\"image\/png\" \/>\n<meta name=\"author\" content=\"Redacci\u00f3n\" \/>\n<meta name=\"twitter:card\" content=\"summary_large_image\" \/>\n<meta name=\"twitter:creator\" content=\"@nuevodigescobar\" \/>\n<meta name=\"twitter:site\" content=\"@nuevodigescobar\" \/>\n<meta name=\"twitter:label1\" content=\"Escrito por\" \/>\n\t<meta name=\"twitter:data1\" content=\"Redacci\u00f3n\" \/>\n\t<meta name=\"twitter:label2\" content=\"Tiempo de lectura\" \/>\n\t<meta name=\"twitter:data2\" content=\"2 minutos\" \/>\n<script type=\"application\/ld+json\" class=\"yoast-schema-graph\">{\"@context\":\"https:\/\/schema.org\",\"@graph\":[{\"@type\":\"Article\",\"@id\":\"https:\/\/nuevodigitaldeescobar.com.ar\/?p=10752#article\",\"isPartOf\":{\"@id\":\"https:\/\/nuevodigitaldeescobar.com.ar\/?p=10752\"},\"author\":{\"name\":\"Redacci\u00f3n\",\"@id\":\"https:\/\/nuevodigitaldeescobar.com.ar\/#\/schema\/person\/035e90a8efe9a80e6eec22656ad6ea4c\"},\"headline\":\"El Gobierno argentino reiter\u00f3 su pedido por la liberaci\u00f3n del gendarme Nahuel Gallo tras la confirmaci\u00f3n oficial de su detenci\u00f3n en Venezuela\",\"datePublished\":\"2024-12-27T17:57:03+00:00\",\"dateModified\":\"2024-12-27T17:57:15+00:00\",\"mainEntityOfPage\":{\"@id\":\"https:\/\/nuevodigitaldeescobar.com.ar\/?p=10752\"},\"wordCount\":491,\"commentCount\":0,\"publisher\":{\"@id\":\"https:\/\/nuevodigitaldeescobar.com.ar\/#organization\"},\"image\":{\"@id\":\"https:\/\/nuevodigitaldeescobar.com.ar\/?p=10752#primaryimage\"},\"thumbnailUrl\":\"https:\/\/nuevodigitaldeescobar.com.ar\/wp-content\/uploads\/2024\/12\/gall325.png\",\"articleSection\":[\"Inter\u00e9s general\",\"Internacionales\"],\"inLanguage\":\"es\",\"potentialAction\":[{\"@type\":\"CommentAction\",\"name\":\"Comment\",\"target\":[\"https:\/\/nuevodigitaldeescobar.com.ar\/?p=10752#respond\"]}]},{\"@type\":\"WebPage\",\"@id\":\"https:\/\/nuevodigitaldeescobar.com.ar\/?p=10752\",\"url\":\"https:\/\/nuevodigitaldeescobar.com.ar\/?p=10752\",\"name\":\"El Gobierno argentino reiter\u00f3 su pedido por la liberaci\u00f3n del gendarme Nahuel Gallo tras la confirmaci\u00f3n oficial de su detenci\u00f3n en Venezuela - Nuevo Digital de Escobar\",\"isPartOf\":{\"@id\":\"https:\/\/nuevodigitaldeescobar.com.ar\/#website\"},\"primaryImageOfPage\":{\"@id\":\"https:\/\/nuevodigitaldeescobar.com.ar\/?p=10752#primaryimage\"},\"image\":{\"@id\":\"https:\/\/nuevodigitaldeescobar.com.ar\/?p=10752#primaryimage\"},\"thumbnailUrl\":\"https:\/\/nuevodigitaldeescobar.com.ar\/wp-content\/uploads\/2024\/12\/gall325.png\",\"datePublished\":\"2024-12-27T17:57:03+00:00\",\"dateModified\":\"2024-12-27T17:57:15+00:00\",\"breadcrumb\":{\"@id\":\"https:\/\/nuevodigitaldeescobar.com.ar\/?p=10752#breadcrumb\"},\"inLanguage\":\"es\",\"potentialAction\":[{\"@type\":\"ReadAction\",\"target\":[\"https:\/\/nuevodigitaldeescobar.com.ar\/?p=10752\"]}]},{\"@type\":\"ImageObject\",\"inLanguage\":\"es\",\"@id\":\"https:\/\/nuevodigitaldeescobar.com.ar\/?p=10752#primaryimage\",\"url\":\"https:\/\/nuevodigitaldeescobar.com.ar\/wp-content\/uploads\/2024\/12\/gall325.png\",\"contentUrl\":\"https:\/\/nuevodigitaldeescobar.com.ar\/wp-content\/uploads\/2024\/12\/gall325.png\",\"width\":992,\"height\":614},{\"@type\":\"BreadcrumbList\",\"@id\":\"https:\/\/nuevodigitaldeescobar.com.ar\/?p=10752#breadcrumb\",\"itemListElement\":[{\"@type\":\"ListItem\",\"position\":1,\"name\":\"Portada\",\"item\":\"https:\/\/nuevodigitaldeescobar.com.ar\/\"},{\"@type\":\"ListItem\",\"position\":2,\"name\":\"El Gobierno argentino reiter\u00f3 su pedido por la liberaci\u00f3n del gendarme Nahuel Gallo tras la confirmaci\u00f3n oficial de su detenci\u00f3n en Venezuela\"}]},{\"@type\":\"WebSite\",\"@id\":\"https:\/\/nuevodigitaldeescobar.com.ar\/#website\",\"url\":\"https:\/\/nuevodigitaldeescobar.com.ar\/\",\"name\":\"Nuevo Digital de Escobar\",\"description\":\"La vida escobarense. Directora: Rosana Brunner\",\"publisher\":{\"@id\":\"https:\/\/nuevodigitaldeescobar.com.ar\/#organization\"},\"potentialAction\":[{\"@type\":\"SearchAction\",\"target\":{\"@type\":\"EntryPoint\",\"urlTemplate\":\"https:\/\/nuevodigitaldeescobar.com.ar\/?s={search_term_string}\"},\"query-input\":{\"@type\":\"PropertyValueSpecification\",\"valueRequired\":true,\"valueName\":\"search_term_string\"}}],\"inLanguage\":\"es\"},{\"@type\":\"Organization\",\"@id\":\"https:\/\/nuevodigitaldeescobar.com.ar\/#organization\",\"name\":\"Nuevo Digital de Escobar\",\"url\":\"https:\/\/nuevodigitaldeescobar.com.ar\/\",\"logo\":{\"@type\":\"ImageObject\",\"inLanguage\":\"es\",\"@id\":\"https:\/\/nuevodigitaldeescobar.com.ar\/#\/schema\/logo\/image\/\",\"url\":\"https:\/\/nuevodigitaldeescobar.com.ar\/wp-content\/uploads\/2025\/05\/cropped-logo-nuevo2.jpg\",\"contentUrl\":\"https:\/\/nuevodigitaldeescobar.com.ar\/wp-content\/uploads\/2025\/05\/cropped-logo-nuevo2.jpg\",\"width\":305,\"height\":305,\"caption\":\"Nuevo Digital de Escobar\"},\"image\":{\"@id\":\"https:\/\/nuevodigitaldeescobar.com.ar\/#\/schema\/logo\/image\/\"},\"sameAs\":[\"https:\/\/www.facebook.com\/NUEVODigitalDeEscobar\",\"https:\/\/x.com\/nuevodigescobar\",\"https:\/\/www.instagram.com\/nuevodigitaldeescobar\"]},{\"@type\":\"Person\",\"@id\":\"https:\/\/nuevodigitaldeescobar.com.ar\/#\/schema\/person\/035e90a8efe9a80e6eec22656ad6ea4c\",\"name\":\"Redacci\u00f3n\",\"image\":{\"@type\":\"ImageObject\",\"inLanguage\":\"es\",\"@id\":\"https:\/\/nuevodigitaldeescobar.com.ar\/#\/schema\/person\/image\/\",\"url\":\"https:\/\/secure.gravatar.com\/avatar\/8af8f40000c24e9eef3034f2be5998a372bb1389e64b1a4a36b3a7979142220d?s=96&d=mm&r=g\",\"contentUrl\":\"https:\/\/secure.gravatar.com\/avatar\/8af8f40000c24e9eef3034f2be5998a372bb1389e64b1a4a36b3a7979142220d?s=96&d=mm&r=g\",\"caption\":\"Redacci\u00f3n\"},\"sameAs\":[\"http:\/\/nuevodigitaldeescobar.com.ar\"],\"url\":\"https:\/\/nuevodigitaldeescobar.com.ar\/?author=1\"}]}<\/script>\n<!-- \/ Yoast SEO plugin. -->","yoast_head_json":{"title":"El Gobierno argentino reiter\u00f3 su pedido por la liberaci\u00f3n del gendarme Nahuel Gallo tras la confirmaci\u00f3n oficial de su detenci\u00f3n en Venezuela - Nuevo Digital de Escobar","robots":{"index":"index","follow":"follow","max-snippet":"max-snippet:-1","max-image-preview":"max-image-preview:large","max-video-preview":"max-video-preview:-1"},"canonical":"https:\/\/nuevodigitaldeescobar.com.ar\/?p=10752","og_locale":"es_ES","og_type":"article","og_title":"El Gobierno argentino reiter\u00f3 su pedido por la liberaci\u00f3n del gendarme Nahuel Gallo tras la confirmaci\u00f3n oficial de su detenci\u00f3n en Venezuela - Nuevo Digital de Escobar","og_description":"En un nuevo pronunciamiento sobre el caso de Nahuel Gallo, el gobierno argentino solicit\u00f3 nuevamente la liberaci\u00f3n del gendarme detenido en Venezuela, luego de que [&hellip;]","og_url":"https:\/\/nuevodigitaldeescobar.com.ar\/?p=10752","og_site_name":"Nuevo Digital de Escobar","article_publisher":"https:\/\/www.facebook.com\/NUEVODigitalDeEscobar","article_published_time":"2024-12-27T17:57:03+00:00","article_modified_time":"2024-12-27T17:57:15+00:00","og_image":[{"width":992,"height":614,"url":"https:\/\/nuevodigitaldeescobar.com.ar\/wp-content\/uploads\/2024\/12\/gall325.png","type":"image\/png"}],"author":"Redacci\u00f3n","twitter_card":"summary_large_image","twitter_creator":"@nuevodigescobar","twitter_site":"@nuevodigescobar","twitter_misc":{"Escrito por":"Redacci\u00f3n","Tiempo de lectura":"2 minutos"},"schema":{"@context":"https:\/\/schema.org","@graph":[{"@type":"Article","@id":"https:\/\/nuevodigitaldeescobar.com.ar\/?p=10752#article","isPartOf":{"@id":"https:\/\/nuevodigitaldeescobar.com.ar\/?p=10752"},"author":{"name":"Redacci\u00f3n","@id":"https:\/\/nuevodigitaldeescobar.com.ar\/#\/schema\/person\/035e90a8efe9a80e6eec22656ad6ea4c"},"headline":"El Gobierno argentino reiter\u00f3 su pedido por la liberaci\u00f3n del gendarme Nahuel Gallo tras la confirmaci\u00f3n oficial de su detenci\u00f3n en Venezuela","datePublished":"2024-12-27T17:57:03+00:00","dateModified":"2024-12-27T17:57:15+00:00","mainEntityOfPage":{"@id":"https:\/\/nuevodigitaldeescobar.com.ar\/?p=10752"},"wordCount":491,"commentCount":0,"publisher":{"@id":"https:\/\/nuevodigitaldeescobar.com.ar\/#organization"},"image":{"@id":"https:\/\/nuevodigitaldeescobar.com.ar\/?p=10752#primaryimage"},"thumbnailUrl":"https:\/\/nuevodigitaldeescobar.com.ar\/wp-content\/uploads\/2024\/12\/gall325.png","articleSection":["Inter\u00e9s general","Internacionales"],"inLanguage":"es","potentialAction":[{"@type":"CommentAction","name":"Comment","target":["https:\/\/nuevodigitaldeescobar.com.ar\/?p=10752#respond"]}]},{"@type":"WebPage","@id":"https:\/\/nuevodigitaldeescobar.com.ar\/?p=10752","url":"https:\/\/nuevodigitaldeescobar.com.ar\/?p=10752","name":"El Gobierno argentino reiter\u00f3 su pedido por la liberaci\u00f3n del gendarme Nahuel Gallo tras la confirmaci\u00f3n oficial de su detenci\u00f3n en Venezuela - Nuevo Digital de Escobar","isPartOf":{"@id":"https:\/\/nuevodigitaldeescobar.com.ar\/#website"},"primaryImageOfPage":{"@id":"https:\/\/nuevodigitaldeescobar.com.ar\/?p=10752#primaryimage"},"image":{"@id":"https:\/\/nuevodigitaldeescobar.com.ar\/?p=10752#primaryimage"},"thumbnailUrl":"https:\/\/nuevodigitaldeescobar.com.ar\/wp-content\/uploads\/2024\/12\/gall325.png","datePublished":"2024-12-27T17:57:03+00:00","dateModified":"2024-12-27T17:57:15+00:00","breadcrumb":{"@id":"https:\/\/nuevodigitaldeescobar.com.ar\/?p=10752#breadcrumb"},"inLanguage":"es","potentialAction":[{"@type":"ReadAction","target":["https:\/\/nuevodigitaldeescobar.com.ar\/?p=10752"]}]},{"@type":"ImageObject","inLanguage":"es","@id":"https:\/\/nuevodigitaldeescobar.com.ar\/?p=10752#primaryimage","url":"https:\/\/nuevodigitaldeescobar.com.ar\/wp-content\/uploads\/2024\/12\/gall325.png","contentUrl":"https:\/\/nuevodigitaldeescobar.com.ar\/wp-content\/uploads\/2024\/12\/gall325.png","width":992,"height":614},{"@type":"BreadcrumbList","@id":"https:\/\/nuevodigitaldeescobar.com.ar\/?p=10752#breadcrumb","itemListElement":[{"@type":"ListItem","position":1,"name":"Portada","item":"https:\/\/nuevodigitaldeescobar.com.ar\/"},{"@type":"ListItem","position":2,"name":"El Gobierno argentino reiter\u00f3 su pedido por la liberaci\u00f3n del gendarme Nahuel Gallo tras la confirmaci\u00f3n oficial de su detenci\u00f3n en Venezuela"}]},{"@type":"WebSite","@id":"https:\/\/nuevodigitaldeescobar.com.ar\/#website","url":"https:\/\/nuevodigitaldeescobar.com.ar\/","name":"Nuevo Digital de Escobar","description":"La vida escobarense. Directora: Rosana Brunner","publisher":{"@id":"https:\/\/nuevodigitaldeescobar.com.ar\/#organization"},"potentialAction":[{"@type":"SearchAction","target":{"@type":"EntryPoint","urlTemplate":"https:\/\/nuevodigitaldeescobar.com.ar\/?s={search_term_string}"},"query-input":{"@type":"PropertyValueSpecification","valueRequired":true,"valueName":"search_term_string"}}],"inLanguage":"es"},{"@type":"Organization","@id":"https:\/\/nuevodigitaldeescobar.com.ar\/#organization","name":"Nuevo Digital de Escobar","url":"https:\/\/nuevodigitaldeescobar.com.ar\/","logo":{"@type":"ImageObject","inLanguage":"es","@id":"https:\/\/nuevodigitaldeescobar.com.ar\/#\/schema\/logo\/image\/","url":"https:\/\/nuevodigitaldeescobar.com.ar\/wp-content\/uploads\/2025\/05\/cropped-logo-nuevo2.jpg","contentUrl":"https:\/\/nuevodigitaldeescobar.com.ar\/wp-content\/uploads\/2025\/05\/cropped-logo-nuevo2.jpg","width":305,"height":305,"caption":"Nuevo Digital de Escobar"},"image":{"@id":"https:\/\/nuevodigitaldeescobar.com.ar\/#\/schema\/logo\/image\/"},"sameAs":["https:\/\/www.facebook.com\/NUEVODigitalDeEscobar","https:\/\/x.com\/nuevodigescobar","https:\/\/www.instagram.com\/nuevodigitaldeescobar"]},{"@type":"Person","@id":"https:\/\/nuevodigitaldeescobar.com.ar\/#\/schema\/person\/035e90a8efe9a80e6eec22656ad6ea4c","name":"Redacci\u00f3n","image":{"@type":"ImageObject","inLanguage":"es","@id":"https:\/\/nuevodigitaldeescobar.com.ar\/#\/schema\/person\/image\/","url":"https:\/\/secure.gravatar.com\/avatar\/8af8f40000c24e9eef3034f2be5998a372bb1389e64b1a4a36b3a7979142220d?s=96&d=mm&r=g","contentUrl":"https:\/\/secure.gravatar.com\/avatar\/8af8f40000c24e9eef3034f2be5998a372bb1389e64b1a4a36b3a7979142220d?s=96&d=mm&r=g","caption":"Redacci\u00f3n"},"sameAs":["http:\/\/nuevodigitaldeescobar.com.ar"],"url":"https:\/\/nuevodigitaldeescobar.com.ar\/?author=1"}]}},"featured_image_urls":{"full":["https:\/\/nuevodigitaldeescobar.com.ar\/wp-content\/uploads\/2024\/12\/gall325.png",992,614,false],"thumbnail":["https:\/\/nuevodigitaldeescobar.com.ar\/wp-content\/uploads\/2024\/12\/gall325-150x150.png",150,150,true],"medium":["https:\/\/nuevodigitaldeescobar.com.ar\/wp-content\/uploads\/2024\/12\/gall325-300x186.png",300,186,true],"medium_large":["https:\/\/nuevodigitaldeescobar.com.ar\/wp-content\/uploads\/2024\/12\/gall325-768x475.png",640,396,true],"large":["https:\/\/nuevodigitaldeescobar.com.ar\/wp-content\/uploads\/2024\/12\/gall325.png",640,396,false],"1536x1536":["https:\/\/nuevodigitaldeescobar.com.ar\/wp-content\/uploads\/2024\/12\/gall325.png",992,614,false],"2048x2048":["https:\/\/nuevodigitaldeescobar.com.ar\/wp-content\/uploads\/2024\/12\/gall325.png",992,614,false]},"author_info":{"display_name":"Redacci\u00f3n","author_link":"https:\/\/nuevodigitaldeescobar.com.ar\/?author=1"},"category_info":"<a href=\"https:\/\/nuevodigitaldeescobar.com.ar\/?cat=7\" rel=\"category\">Inter\u00e9s general<\/a> <a href=\"https:\/\/nuevodigitaldeescobar.com.ar\/?cat=285\" rel=\"category\">Internacionales<\/a>","tag_info":"Internacionales","comment_count":"0","_links":{"self":[{"href":"https:\/\/nuevodigitaldeescobar.com.ar\/index.php?rest_route=\/wp\/v2\/posts\/10752","targetHints":{"allow":["GET"]}}],"collection":[{"href":"https:\/\/nuevodigitaldeescobar.com.ar\/index.php?rest_route=\/wp\/v2\/posts"}],"about":[{"href":"https:\/\/nuevodigitaldeescobar.com.ar\/index.php?rest_route=\/wp\/v2\/types\/post"}],"author":[{"embeddable":true,"href":"https:\/\/nuevodigitaldeescobar.com.ar\/index.php?rest_route=\/wp\/v2\/users\/1"}],"replies":[{"embeddable":true,"href":"https:\/\/nuevodigitaldeescobar.com.ar\/index.php?rest_route=%2Fwp%2Fv2%2Fcomments&post=10752"}],"version-history":[{"count":1,"href":"https:\/\/nuevodigitaldeescobar.com.ar\/index.php?rest_route=\/wp\/v2\/posts\/10752\/revisions"}],"predecessor-version":[{"id":10755,"href":"https:\/\/nuevodigitaldeescobar.com.ar\/index.php?rest_route=\/wp\/v2\/posts\/10752\/revisions\/10755"}],"wp:featuredmedia":[{"embeddable":true,"href":"https:\/\/nuevodigitaldeescobar.com.ar\/index.php?rest_route=\/wp\/v2\/media\/10753"}],"wp:attachment":[{"href":"https:\/\/nuevodigitaldeescobar.com.ar\/index.php?rest_route=%2Fwp%2Fv2%2Fmedia&parent=10752"}],"wp:term":[{"taxonomy":"category","embeddable":true,"href":"https:\/\/nuevodigitaldeescobar.com.ar\/index.php?rest_route=%2Fwp%2Fv2%2Fcategories&post=10752"},{"taxonomy":"post_tag","embeddable":true,"href":"https:\/\/nuevodigitaldeescobar.com.ar\/index.php?rest_route=%2Fwp%2Fv2%2Ftags&post=10752"}],"curies":[{"name":"wp","href":"https:\/\/api.w.org\/{rel}","templated":true}]}}