{"id":10816,"date":"2024-12-29T07:10:00","date_gmt":"2024-12-29T10:10:00","guid":{"rendered":"https:\/\/nuevodigitaldeescobar.com.ar\/?p=10816"},"modified":"2024-12-28T13:37:17","modified_gmt":"2024-12-28T16:37:17","slug":"sana-en-fundir-a-la-provincia-kicillof-critica-a-milei-tras-el-rechazo-al-presupuesto","status":"publish","type":"post","link":"https:\/\/nuevodigitaldeescobar.com.ar\/?p=10816","title":{"rendered":"\u201cSa\u00f1a en fundir a la Provincia\u201d: Kicillof critica a Milei tras el rechazo al presupuesto"},"content":{"rendered":"<p><em><span style=\"color: #003366;\"><strong>El gobernador bonaerense, Axel Kicillof, arremeti\u00f3 contra el presidente Javier Milei luego del fracaso en la aprobaci\u00f3n del Presupuesto 2025, la Ley Fiscal Impositiva y el endeudamiento. En una entrevista radial, Kicillof acus\u00f3 al mandatario de actuar en contra de la provincia de Buenos Aires con \u00abuna particular sa\u00f1a en fundirla\u00bb y de extorsionar a las provincias con un ajuste previo a un a\u00f1o electoral.<\/strong><\/span><\/em><\/p>\n<p><!--more--><\/p>\n\n\n<p><em>\u00abNo voy a permitir que quiebren a la provincia de Buenos Aires ni voy a entrar en ning\u00fan proceso de extorsi\u00f3n. Me voy a poner al frente de la defensa de nuestra provincia\u00bb<\/em>, declar\u00f3 el gobernador en Radio 10. Adem\u00e1s, se\u00f1al\u00f3 que el presupuesto rechazado contemplaba recursos esenciales para \u00e1reas clave como salud, educaci\u00f3n, seguridad y producci\u00f3n.<\/p>\n\n\n<p><\/p>\n<h3><span style=\"color: #003366;\"><em>El trasfondo del conflicto<\/em><\/span><\/h3>\n<p> <\/p>\n<p>El jueves pasado, la C\u00e1mara de Diputados bonaerense declar\u00f3 un cuarto intermedio que dej\u00f3 sin resoluci\u00f3n la aprobaci\u00f3n del paquete de leyes enviado por el Ejecutivo provincial. La oposici\u00f3n, que controla la mayor\u00eda en la Legislatura, justific\u00f3 su postura en la falta de di\u00e1logo y receptividad por parte del gobierno.<\/p>\n<p><\/p>\n\n\n<p>Desde las redes sociales, Kicillof apunt\u00f3 contra los legisladores opositores, acus\u00e1ndolos de imponer <em>\u201cnuevas condiciones que exced\u00edan todos los pedidos anteriores\u201d<\/em> tras semanas de negociaciones. <em>\u201cEs un golpe a las herramientas b\u00e1sicas de gesti\u00f3n para cualquier gobierno\u201d<\/em>, subray\u00f3.<\/p>\n\n\n\n<p>En la entrevista radial, el gobernador calific\u00f3 la situaci\u00f3n como un intento de asfixiar a la provincia en el marco del ajuste nacional. <em>\u00abLa l\u00f3gica de Milei es atacar y luego pedir que se firme. Pero nosotros estamos en las ant\u00edpodas de esa visi\u00f3n\u00bb<\/em>, expres\u00f3.<\/p>\n\n\n<div class=\"wp-block-image is-style-rounded\">\n<figure class=\"aligncenter size-full\"><img fetchpriority=\"high\" decoding=\"async\" width=\"992\" height=\"661\" src=\"https:\/\/nuevodigitaldeescobar.com.ar\/wp-content\/uploads\/2024\/12\/milki32.png\" alt=\"\" class=\"wp-image-10818\" srcset=\"https:\/\/nuevodigitaldeescobar.com.ar\/wp-content\/uploads\/2024\/12\/milki32.png 992w, https:\/\/nuevodigitaldeescobar.com.ar\/wp-content\/uploads\/2024\/12\/milki32-300x200.png 300w, https:\/\/nuevodigitaldeescobar.com.ar\/wp-content\/uploads\/2024\/12\/milki32-768x512.png 768w\" sizes=\"(max-width: 992px) 100vw, 992px\" \/><\/figure><\/div>\n\n<p><\/p>\n<h3><span style=\"color: #003366;\"><em>Un presupuesto con enfoque social<\/em><\/span><\/h3>\n<p> <\/p>\n<p>Kicillof destac\u00f3 que el presupuesto presentado estaba alineado con las prioridades expuestas durante su campa\u00f1a electoral, que inclu\u00edan garantizar derechos b\u00e1sicos y fomentar el desarrollo productivo. En ese sentido, enfatiz\u00f3 que la Ley Fiscal Impositiva proyectada para 2025 buscaba mantener la progresividad en los tributos: <em>\u201cSe plante\u00f3 cobrar m\u00e1s a quienes m\u00e1s tienen, sin aumentar la carga tributaria para el resto\u201d<\/em>. Adem\u00e1s, asegur\u00f3 que la propuesta de endeudamiento estaba destinada exclusivamente a refinanciar vencimientos.<\/p>\n<p><\/p>\n\n\n<p>El gobernador tambi\u00e9n critic\u00f3 la falta de presupuesto nacional y acus\u00f3 al gobierno de Milei de desentenderse de obligaciones fundamentales. <em>\u201cEste a\u00f1o nos hicimos cargo de deudas que la Naci\u00f3n abandon\u00f3, como medicamentos y vacunas contra el dengue. Seguimos invirtiendo en obra p\u00fablica y en la expansi\u00f3n del sistema educativo, pese a los recortes\u201d<\/em>, enumer\u00f3.<\/p>\n\n\n<p><\/p>\n<h3><span style=\"color: #003366;\"><em>\u201cUn programa econ\u00f3mico calamitoso\u201d<\/em><\/span><\/h3>\n<p> <\/p>\n<p>Kicillof no escatim\u00f3 cr\u00edticas al plan de ajuste impulsado por el gobierno nacional. Seg\u00fan el mandatario bonaerense, <em>\u201ceste modelo econ\u00f3mico ya se aplic\u00f3 en el pasado y tuvo consecuencias nefastas\u201d<\/em>. Adem\u00e1s, se\u00f1al\u00f3 que Milei no considera a la industria ni al trabajo digno como prioridades en su gesti\u00f3n.<\/p>\n<p><\/p>\n\n\n<p><em>\u201cLo que Milei propone para la provincia de Buenos Aires es un desastre. Nuestra provincia no puede adaptarse a ese esquema\u201d<\/em>, afirm\u00f3. Tambi\u00e9n cuestion\u00f3 el supuesto respaldo popular al presidente, al se\u00f1alar que <em>\u201cla gente que vot\u00f3 esperando una revoluci\u00f3n de la alegr\u00eda ahora est\u00e1 viendo que no llegan los resultados prometidos\u201d<\/em>.<\/p>\n\n\n<p><\/p>\n<h3><span style=\"color: #003366;\"><em>La continuidad de la gesti\u00f3n provincial<\/em><\/span><\/h3>\n<p> <\/p>\n<p>Pese a las dificultades, Kicillof asegur\u00f3 que su administraci\u00f3n continuar\u00e1 trabajando para garantizar la ejecuci\u00f3n de proyectos clave. <em>\u201cNo vamos a detener la obra p\u00fablica, como las inversiones en el corredor atl\u00e1ntico, ni la expansi\u00f3n de nuestro sistema educativo\u201d<\/em>, sostuvo. Tambi\u00e9n reafirm\u00f3 su compromiso de seguir gestionando recursos para proteger a los habitantes de la provincia ante lo que calific\u00f3 como <em>\u201cun abandono del gobierno nacional\u201d<\/em>.<\/p>\n<p><\/p>","protected":false},"excerpt":{"rendered":"<p>El gobernador bonaerense, Axel Kicillof, arremeti\u00f3 contra el presidente Javier Milei luego del fracaso en la aprobaci\u00f3n del Presupuesto 2025, la Ley Fiscal Impositiva y [&hellip;]<\/p>\n","protected":false},"author":1,"featured_media":10817,"comment_status":"open","ping_status":"open","sticky":false,"template":"","format":"standard","meta":{"footnotes":""},"categories":[6],"tags":[],"class_list":["post-10816","post","type-post","status-publish","format-standard","has-post-thumbnail","hentry","category-politica"],"better_featured_image":{"id":10817,"alt_text":"","caption":"","description":"","media_type":"image","media_details":{"width":1136,"height":518,"file":"2024\/12\/milkici3254.png","filesize":982311,"sizes":{"medium":{"file":"milkici3254-300x137.png","width":300,"height":137,"mime-type":"image\/png","filesize":60886,"source_url":"https:\/\/nuevodigitaldeescobar.com.ar\/wp-content\/uploads\/2024\/12\/milkici3254-300x137.png"},"large":{"file":"milkici3254-1024x467.png","width":1024,"height":467,"mime-type":"image\/png","filesize":511718,"source_url":"https:\/\/nuevodigitaldeescobar.com.ar\/wp-content\/uploads\/2024\/12\/milkici3254-1024x467.png"},"thumbnail":{"file":"milkici3254-150x150.png","width":150,"height":150,"mime-type":"image\/png","filesize":32078,"source_url":"https:\/\/nuevodigitaldeescobar.com.ar\/wp-content\/uploads\/2024\/12\/milkici3254-150x150.png"},"medium_large":{"file":"milkici3254-768x350.png","width":768,"height":350,"mime-type":"image\/png","filesize":316043,"source_url":"https:\/\/nuevodigitaldeescobar.com.ar\/wp-content\/uploads\/2024\/12\/milkici3254-768x350.png"}},"image_meta":{"aperture":"0","credit":"","camera":"","caption":"","created_timestamp":"0","copyright":"","focal_length":"0","iso":"0","shutter_speed":"0","title":"","orientation":"0","keywords":[]}},"post":10816,"source_url":"https:\/\/nuevodigitaldeescobar.com.ar\/wp-content\/uploads\/2024\/12\/milkici3254.png"},"yoast_head":"<!-- This site is optimized with the Yoast SEO plugin v26.1.1 - https:\/\/yoast.com\/wordpress\/plugins\/seo\/ -->\n<title>\u201cSa\u00f1a en fundir a la Provincia\u201d: Kicillof critica a Milei tras el rechazo al presupuesto - Nuevo Digital de Escobar<\/title>\n<meta name=\"robots\" content=\"index, follow, max-snippet:-1, max-image-preview:large, max-video-preview:-1\" \/>\n<link rel=\"canonical\" href=\"https:\/\/nuevodigitaldeescobar.com.ar\/?p=10816\" \/>\n<meta property=\"og:locale\" content=\"es_ES\" \/>\n<meta property=\"og:type\" content=\"article\" \/>\n<meta property=\"og:title\" content=\"\u201cSa\u00f1a en fundir a la Provincia\u201d: Kicillof critica a Milei tras el rechazo al presupuesto - Nuevo Digital de Escobar\" \/>\n<meta property=\"og:description\" content=\"El gobernador bonaerense, Axel Kicillof, arremeti\u00f3 contra el presidente Javier Milei luego del fracaso en la aprobaci\u00f3n del Presupuesto 2025, la Ley Fiscal Impositiva y [&hellip;]\" \/>\n<meta property=\"og:url\" content=\"https:\/\/nuevodigitaldeescobar.com.ar\/?p=10816\" \/>\n<meta property=\"og:site_name\" content=\"Nuevo Digital de Escobar\" \/>\n<meta property=\"article:publisher\" content=\"https:\/\/www.facebook.com\/NUEVODigitalDeEscobar\" \/>\n<meta property=\"article:published_time\" content=\"2024-12-29T10:10:00+00:00\" \/>\n<meta property=\"og:image\" content=\"https:\/\/nuevodigitaldeescobar.com.ar\/wp-content\/uploads\/2024\/12\/milkici3254.png\" \/>\n\t<meta property=\"og:image:width\" content=\"1136\" \/>\n\t<meta property=\"og:image:height\" content=\"518\" \/>\n\t<meta property=\"og:image:type\" content=\"image\/png\" \/>\n<meta name=\"author\" content=\"Redacci\u00f3n\" \/>\n<meta name=\"twitter:card\" content=\"summary_large_image\" \/>\n<meta name=\"twitter:creator\" content=\"@nuevodigescobar\" \/>\n<meta name=\"twitter:site\" content=\"@nuevodigescobar\" \/>\n<meta name=\"twitter:label1\" content=\"Escrito por\" \/>\n\t<meta name=\"twitter:data1\" content=\"Redacci\u00f3n\" \/>\n\t<meta name=\"twitter:label2\" content=\"Tiempo de lectura\" \/>\n\t<meta name=\"twitter:data2\" content=\"3 minutos\" \/>\n<script type=\"application\/ld+json\" class=\"yoast-schema-graph\">{\"@context\":\"https:\/\/schema.org\",\"@graph\":[{\"@type\":\"Article\",\"@id\":\"https:\/\/nuevodigitaldeescobar.com.ar\/?p=10816#article\",\"isPartOf\":{\"@id\":\"https:\/\/nuevodigitaldeescobar.com.ar\/?p=10816\"},\"author\":{\"name\":\"Redacci\u00f3n\",\"@id\":\"https:\/\/nuevodigitaldeescobar.com.ar\/#\/schema\/person\/035e90a8efe9a80e6eec22656ad6ea4c\"},\"headline\":\"\u201cSa\u00f1a en fundir a la Provincia\u201d: Kicillof critica a Milei tras el rechazo al presupuesto\",\"datePublished\":\"2024-12-29T10:10:00+00:00\",\"mainEntityOfPage\":{\"@id\":\"https:\/\/nuevodigitaldeescobar.com.ar\/?p=10816\"},\"wordCount\":634,\"commentCount\":0,\"publisher\":{\"@id\":\"https:\/\/nuevodigitaldeescobar.com.ar\/#organization\"},\"image\":{\"@id\":\"https:\/\/nuevodigitaldeescobar.com.ar\/?p=10816#primaryimage\"},\"thumbnailUrl\":\"https:\/\/nuevodigitaldeescobar.com.ar\/wp-content\/uploads\/2024\/12\/milkici3254.png\",\"articleSection\":[\"Pol\u00edtica\"],\"inLanguage\":\"es\",\"potentialAction\":[{\"@type\":\"CommentAction\",\"name\":\"Comment\",\"target\":[\"https:\/\/nuevodigitaldeescobar.com.ar\/?p=10816#respond\"]}]},{\"@type\":\"WebPage\",\"@id\":\"https:\/\/nuevodigitaldeescobar.com.ar\/?p=10816\",\"url\":\"https:\/\/nuevodigitaldeescobar.com.ar\/?p=10816\",\"name\":\"\u201cSa\u00f1a en fundir a la Provincia\u201d: Kicillof critica a Milei tras el rechazo al presupuesto - Nuevo Digital de Escobar\",\"isPartOf\":{\"@id\":\"https:\/\/nuevodigitaldeescobar.com.ar\/#website\"},\"primaryImageOfPage\":{\"@id\":\"https:\/\/nuevodigitaldeescobar.com.ar\/?p=10816#primaryimage\"},\"image\":{\"@id\":\"https:\/\/nuevodigitaldeescobar.com.ar\/?p=10816#primaryimage\"},\"thumbnailUrl\":\"https:\/\/nuevodigitaldeescobar.com.ar\/wp-content\/uploads\/2024\/12\/milkici3254.png\",\"datePublished\":\"2024-12-29T10:10:00+00:00\",\"breadcrumb\":{\"@id\":\"https:\/\/nuevodigitaldeescobar.com.ar\/?p=10816#breadcrumb\"},\"inLanguage\":\"es\",\"potentialAction\":[{\"@type\":\"ReadAction\",\"target\":[\"https:\/\/nuevodigitaldeescobar.com.ar\/?p=10816\"]}]},{\"@type\":\"ImageObject\",\"inLanguage\":\"es\",\"@id\":\"https:\/\/nuevodigitaldeescobar.com.ar\/?p=10816#primaryimage\",\"url\":\"https:\/\/nuevodigitaldeescobar.com.ar\/wp-content\/uploads\/2024\/12\/milkici3254.png\",\"contentUrl\":\"https:\/\/nuevodigitaldeescobar.com.ar\/wp-content\/uploads\/2024\/12\/milkici3254.png\",\"width\":1136,\"height\":518},{\"@type\":\"BreadcrumbList\",\"@id\":\"https:\/\/nuevodigitaldeescobar.com.ar\/?p=10816#breadcrumb\",\"itemListElement\":[{\"@type\":\"ListItem\",\"position\":1,\"name\":\"Portada\",\"item\":\"https:\/\/nuevodigitaldeescobar.com.ar\/\"},{\"@type\":\"ListItem\",\"position\":2,\"name\":\"\u201cSa\u00f1a en fundir a la Provincia\u201d: Kicillof critica a Milei tras el rechazo al presupuesto\"}]},{\"@type\":\"WebSite\",\"@id\":\"https:\/\/nuevodigitaldeescobar.com.ar\/#website\",\"url\":\"https:\/\/nuevodigitaldeescobar.com.ar\/\",\"name\":\"Nuevo Digital de Escobar\",\"description\":\"La vida escobarense. Directora: Rosana Brunner\",\"publisher\":{\"@id\":\"https:\/\/nuevodigitaldeescobar.com.ar\/#organization\"},\"potentialAction\":[{\"@type\":\"SearchAction\",\"target\":{\"@type\":\"EntryPoint\",\"urlTemplate\":\"https:\/\/nuevodigitaldeescobar.com.ar\/?s={search_term_string}\"},\"query-input\":{\"@type\":\"PropertyValueSpecification\",\"valueRequired\":true,\"valueName\":\"search_term_string\"}}],\"inLanguage\":\"es\"},{\"@type\":\"Organization\",\"@id\":\"https:\/\/nuevodigitaldeescobar.com.ar\/#organization\",\"name\":\"Nuevo Digital de Escobar\",\"url\":\"https:\/\/nuevodigitaldeescobar.com.ar\/\",\"logo\":{\"@type\":\"ImageObject\",\"inLanguage\":\"es\",\"@id\":\"https:\/\/nuevodigitaldeescobar.com.ar\/#\/schema\/logo\/image\/\",\"url\":\"https:\/\/nuevodigitaldeescobar.com.ar\/wp-content\/uploads\/2025\/05\/cropped-logo-nuevo2.jpg\",\"contentUrl\":\"https:\/\/nuevodigitaldeescobar.com.ar\/wp-content\/uploads\/2025\/05\/cropped-logo-nuevo2.jpg\",\"width\":305,\"height\":305,\"caption\":\"Nuevo Digital de Escobar\"},\"image\":{\"@id\":\"https:\/\/nuevodigitaldeescobar.com.ar\/#\/schema\/logo\/image\/\"},\"sameAs\":[\"https:\/\/www.facebook.com\/NUEVODigitalDeEscobar\",\"https:\/\/x.com\/nuevodigescobar\",\"https:\/\/www.instagram.com\/nuevodigitaldeescobar\"]},{\"@type\":\"Person\",\"@id\":\"https:\/\/nuevodigitaldeescobar.com.ar\/#\/schema\/person\/035e90a8efe9a80e6eec22656ad6ea4c\",\"name\":\"Redacci\u00f3n\",\"image\":{\"@type\":\"ImageObject\",\"inLanguage\":\"es\",\"@id\":\"https:\/\/nuevodigitaldeescobar.com.ar\/#\/schema\/person\/image\/\",\"url\":\"https:\/\/secure.gravatar.com\/avatar\/8af8f40000c24e9eef3034f2be5998a372bb1389e64b1a4a36b3a7979142220d?s=96&d=mm&r=g\",\"contentUrl\":\"https:\/\/secure.gravatar.com\/avatar\/8af8f40000c24e9eef3034f2be5998a372bb1389e64b1a4a36b3a7979142220d?s=96&d=mm&r=g\",\"caption\":\"Redacci\u00f3n\"},\"sameAs\":[\"http:\/\/nuevodigitaldeescobar.com.ar\"],\"url\":\"https:\/\/nuevodigitaldeescobar.com.ar\/?author=1\"}]}<\/script>\n<!-- \/ Yoast SEO plugin. -->","yoast_head_json":{"title":"\u201cSa\u00f1a en fundir a la Provincia\u201d: Kicillof critica a Milei tras el rechazo al presupuesto - Nuevo Digital de Escobar","robots":{"index":"index","follow":"follow","max-snippet":"max-snippet:-1","max-image-preview":"max-image-preview:large","max-video-preview":"max-video-preview:-1"},"canonical":"https:\/\/nuevodigitaldeescobar.com.ar\/?p=10816","og_locale":"es_ES","og_type":"article","og_title":"\u201cSa\u00f1a en fundir a la Provincia\u201d: Kicillof critica a Milei tras el rechazo al presupuesto - Nuevo Digital de Escobar","og_description":"El gobernador bonaerense, Axel Kicillof, arremeti\u00f3 contra el presidente Javier Milei luego del fracaso en la aprobaci\u00f3n del Presupuesto 2025, la Ley Fiscal Impositiva y [&hellip;]","og_url":"https:\/\/nuevodigitaldeescobar.com.ar\/?p=10816","og_site_name":"Nuevo Digital de Escobar","article_publisher":"https:\/\/www.facebook.com\/NUEVODigitalDeEscobar","article_published_time":"2024-12-29T10:10:00+00:00","og_image":[{"width":1136,"height":518,"url":"https:\/\/nuevodigitaldeescobar.com.ar\/wp-content\/uploads\/2024\/12\/milkici3254.png","type":"image\/png"}],"author":"Redacci\u00f3n","twitter_card":"summary_large_image","twitter_creator":"@nuevodigescobar","twitter_site":"@nuevodigescobar","twitter_misc":{"Escrito por":"Redacci\u00f3n","Tiempo de lectura":"3 minutos"},"schema":{"@context":"https:\/\/schema.org","@graph":[{"@type":"Article","@id":"https:\/\/nuevodigitaldeescobar.com.ar\/?p=10816#article","isPartOf":{"@id":"https:\/\/nuevodigitaldeescobar.com.ar\/?p=10816"},"author":{"name":"Redacci\u00f3n","@id":"https:\/\/nuevodigitaldeescobar.com.ar\/#\/schema\/person\/035e90a8efe9a80e6eec22656ad6ea4c"},"headline":"\u201cSa\u00f1a en fundir a la Provincia\u201d: Kicillof critica a Milei tras el rechazo al presupuesto","datePublished":"2024-12-29T10:10:00+00:00","mainEntityOfPage":{"@id":"https:\/\/nuevodigitaldeescobar.com.ar\/?p=10816"},"wordCount":634,"commentCount":0,"publisher":{"@id":"https:\/\/nuevodigitaldeescobar.com.ar\/#organization"},"image":{"@id":"https:\/\/nuevodigitaldeescobar.com.ar\/?p=10816#primaryimage"},"thumbnailUrl":"https:\/\/nuevodigitaldeescobar.com.ar\/wp-content\/uploads\/2024\/12\/milkici3254.png","articleSection":["Pol\u00edtica"],"inLanguage":"es","potentialAction":[{"@type":"CommentAction","name":"Comment","target":["https:\/\/nuevodigitaldeescobar.com.ar\/?p=10816#respond"]}]},{"@type":"WebPage","@id":"https:\/\/nuevodigitaldeescobar.com.ar\/?p=10816","url":"https:\/\/nuevodigitaldeescobar.com.ar\/?p=10816","name":"\u201cSa\u00f1a en fundir a la Provincia\u201d: Kicillof critica a Milei tras el rechazo al presupuesto - Nuevo Digital de Escobar","isPartOf":{"@id":"https:\/\/nuevodigitaldeescobar.com.ar\/#website"},"primaryImageOfPage":{"@id":"https:\/\/nuevodigitaldeescobar.com.ar\/?p=10816#primaryimage"},"image":{"@id":"https:\/\/nuevodigitaldeescobar.com.ar\/?p=10816#primaryimage"},"thumbnailUrl":"https:\/\/nuevodigitaldeescobar.com.ar\/wp-content\/uploads\/2024\/12\/milkici3254.png","datePublished":"2024-12-29T10:10:00+00:00","breadcrumb":{"@id":"https:\/\/nuevodigitaldeescobar.com.ar\/?p=10816#breadcrumb"},"inLanguage":"es","potentialAction":[{"@type":"ReadAction","target":["https:\/\/nuevodigitaldeescobar.com.ar\/?p=10816"]}]},{"@type":"ImageObject","inLanguage":"es","@id":"https:\/\/nuevodigitaldeescobar.com.ar\/?p=10816#primaryimage","url":"https:\/\/nuevodigitaldeescobar.com.ar\/wp-content\/uploads\/2024\/12\/milkici3254.png","contentUrl":"https:\/\/nuevodigitaldeescobar.com.ar\/wp-content\/uploads\/2024\/12\/milkici3254.png","width":1136,"height":518},{"@type":"BreadcrumbList","@id":"https:\/\/nuevodigitaldeescobar.com.ar\/?p=10816#breadcrumb","itemListElement":[{"@type":"ListItem","position":1,"name":"Portada","item":"https:\/\/nuevodigitaldeescobar.com.ar\/"},{"@type":"ListItem","position":2,"name":"\u201cSa\u00f1a en fundir a la Provincia\u201d: Kicillof critica a Milei tras el rechazo al presupuesto"}]},{"@type":"WebSite","@id":"https:\/\/nuevodigitaldeescobar.com.ar\/#website","url":"https:\/\/nuevodigitaldeescobar.com.ar\/","name":"Nuevo Digital de Escobar","description":"La vida escobarense. Directora: Rosana Brunner","publisher":{"@id":"https:\/\/nuevodigitaldeescobar.com.ar\/#organization"},"potentialAction":[{"@type":"SearchAction","target":{"@type":"EntryPoint","urlTemplate":"https:\/\/nuevodigitaldeescobar.com.ar\/?s={search_term_string}"},"query-input":{"@type":"PropertyValueSpecification","valueRequired":true,"valueName":"search_term_string"}}],"inLanguage":"es"},{"@type":"Organization","@id":"https:\/\/nuevodigitaldeescobar.com.ar\/#organization","name":"Nuevo Digital de Escobar","url":"https:\/\/nuevodigitaldeescobar.com.ar\/","logo":{"@type":"ImageObject","inLanguage":"es","@id":"https:\/\/nuevodigitaldeescobar.com.ar\/#\/schema\/logo\/image\/","url":"https:\/\/nuevodigitaldeescobar.com.ar\/wp-content\/uploads\/2025\/05\/cropped-logo-nuevo2.jpg","contentUrl":"https:\/\/nuevodigitaldeescobar.com.ar\/wp-content\/uploads\/2025\/05\/cropped-logo-nuevo2.jpg","width":305,"height":305,"caption":"Nuevo Digital de Escobar"},"image":{"@id":"https:\/\/nuevodigitaldeescobar.com.ar\/#\/schema\/logo\/image\/"},"sameAs":["https:\/\/www.facebook.com\/NUEVODigitalDeEscobar","https:\/\/x.com\/nuevodigescobar","https:\/\/www.instagram.com\/nuevodigitaldeescobar"]},{"@type":"Person","@id":"https:\/\/nuevodigitaldeescobar.com.ar\/#\/schema\/person\/035e90a8efe9a80e6eec22656ad6ea4c","name":"Redacci\u00f3n","image":{"@type":"ImageObject","inLanguage":"es","@id":"https:\/\/nuevodigitaldeescobar.com.ar\/#\/schema\/person\/image\/","url":"https:\/\/secure.gravatar.com\/avatar\/8af8f40000c24e9eef3034f2be5998a372bb1389e64b1a4a36b3a7979142220d?s=96&d=mm&r=g","contentUrl":"https:\/\/secure.gravatar.com\/avatar\/8af8f40000c24e9eef3034f2be5998a372bb1389e64b1a4a36b3a7979142220d?s=96&d=mm&r=g","caption":"Redacci\u00f3n"},"sameAs":["http:\/\/nuevodigitaldeescobar.com.ar"],"url":"https:\/\/nuevodigitaldeescobar.com.ar\/?author=1"}]}},"featured_image_urls":{"full":["https:\/\/nuevodigitaldeescobar.com.ar\/wp-content\/uploads\/2024\/12\/milkici3254.png",1136,518,false],"thumbnail":["https:\/\/nuevodigitaldeescobar.com.ar\/wp-content\/uploads\/2024\/12\/milkici3254-150x150.png",150,150,true],"medium":["https:\/\/nuevodigitaldeescobar.com.ar\/wp-content\/uploads\/2024\/12\/milkici3254-300x137.png",300,137,true],"medium_large":["https:\/\/nuevodigitaldeescobar.com.ar\/wp-content\/uploads\/2024\/12\/milkici3254-768x350.png",640,292,true],"large":["https:\/\/nuevodigitaldeescobar.com.ar\/wp-content\/uploads\/2024\/12\/milkici3254-1024x467.png",640,292,true],"1536x1536":["https:\/\/nuevodigitaldeescobar.com.ar\/wp-content\/uploads\/2024\/12\/milkici3254.png",1136,518,false],"2048x2048":["https:\/\/nuevodigitaldeescobar.com.ar\/wp-content\/uploads\/2024\/12\/milkici3254.png",1136,518,false]},"author_info":{"display_name":"Redacci\u00f3n","author_link":"https:\/\/nuevodigitaldeescobar.com.ar\/?author=1"},"category_info":"<a href=\"https:\/\/nuevodigitaldeescobar.com.ar\/?cat=6\" rel=\"category\">Pol\u00edtica<\/a>","tag_info":"Pol\u00edtica","comment_count":"0","_links":{"self":[{"href":"https:\/\/nuevodigitaldeescobar.com.ar\/index.php?rest_route=\/wp\/v2\/posts\/10816","targetHints":{"allow":["GET"]}}],"collection":[{"href":"https:\/\/nuevodigitaldeescobar.com.ar\/index.php?rest_route=\/wp\/v2\/posts"}],"about":[{"href":"https:\/\/nuevodigitaldeescobar.com.ar\/index.php?rest_route=\/wp\/v2\/types\/post"}],"author":[{"embeddable":true,"href":"https:\/\/nuevodigitaldeescobar.com.ar\/index.php?rest_route=\/wp\/v2\/users\/1"}],"replies":[{"embeddable":true,"href":"https:\/\/nuevodigitaldeescobar.com.ar\/index.php?rest_route=%2Fwp%2Fv2%2Fcomments&post=10816"}],"version-history":[{"count":1,"href":"https:\/\/nuevodigitaldeescobar.com.ar\/index.php?rest_route=\/wp\/v2\/posts\/10816\/revisions"}],"predecessor-version":[{"id":10819,"href":"https:\/\/nuevodigitaldeescobar.com.ar\/index.php?rest_route=\/wp\/v2\/posts\/10816\/revisions\/10819"}],"wp:featuredmedia":[{"embeddable":true,"href":"https:\/\/nuevodigitaldeescobar.com.ar\/index.php?rest_route=\/wp\/v2\/media\/10817"}],"wp:attachment":[{"href":"https:\/\/nuevodigitaldeescobar.com.ar\/index.php?rest_route=%2Fwp%2Fv2%2Fmedia&parent=10816"}],"wp:term":[{"taxonomy":"category","embeddable":true,"href":"https:\/\/nuevodigitaldeescobar.com.ar\/index.php?rest_route=%2Fwp%2Fv2%2Fcategories&post=10816"},{"taxonomy":"post_tag","embeddable":true,"href":"https:\/\/nuevodigitaldeescobar.com.ar\/index.php?rest_route=%2Fwp%2Fv2%2Ftags&post=10816"}],"curies":[{"name":"wp","href":"https:\/\/api.w.org\/{rel}","templated":true}]}}