{"id":10857,"date":"2024-12-31T07:00:00","date_gmt":"2024-12-31T10:00:00","guid":{"rendered":"https:\/\/nuevodigitaldeescobar.com.ar\/?p=10857"},"modified":"2024-12-30T13:11:09","modified_gmt":"2024-12-30T16:11:09","slug":"evo-morales-a-un-paso-de-la-justicia-el-ex-presidente-enfrentara-una-audiencia-crucial-por-acusaciones-de-estupro-y-trata","status":"publish","type":"post","link":"https:\/\/nuevodigitaldeescobar.com.ar\/?p=10857","title":{"rendered":"Evo Morales a un paso de la justicia: el ex presidente enfrentar\u00e1 una audiencia crucial por acusaciones de estupro y trata"},"content":{"rendered":"<p><span style=\"color: #003366;\"><strong><em>El ex presidente de Bolivia Evo Morales deber\u00e1 presentarse el 14 de enero de 2025 a las 9:30 AM en una audiencia de medidas cautelares, en el marco de la investigaci\u00f3n por los delitos de trata de personas y estupro, relacionados con el presunto embarazo de una adolescente de 16 a\u00f1os durante su mandato.<\/em><\/strong><\/span><\/p>\n<p><!--more--><\/p>\n\n\n<p>La notificaci\u00f3n fue realizada por el juzgado de Instrucci\u00f3n Penal, Anticorrupci\u00f3n y Contra la Violencia hacia la Mujer de Tarija, que opt\u00f3 por hacerla a trav\u00e9s de un edicto debido a la ausencia de los implicados, incluido el ex mandatario. En dicha audiencia, se decidir\u00e1 si Morales enfrentar\u00e1 el proceso en libertad o bajo prisi\u00f3n preventiva.<\/p>\n\n\n\n<p>Seg\u00fan la resoluci\u00f3n judicial, <em>\u00abdesconoci\u00e9ndose el paradero actual de los imputados, as\u00ed como el de la v\u00edctima, se emplaza a los acusados a comparecer a este despacho judicial en el plazo de 10 d\u00edas, bajo la advertencia de ser declarados rebeldes\u00bb<\/em>. Adem\u00e1s, se han incluido en la investigaci\u00f3n a los padres de la v\u00edctima, quienes est\u00e1n acusados de complicidad y de haber obtenido beneficios pol\u00edticos gracias a la vinculaci\u00f3n de su hija con el ex presidente. El padre de la menor permanece detenido en la c\u00e1rcel de Morros Blancos, en Tarija.<\/p>\n\n\n\n<p>Morales, quien ya hab\u00eda sido citado a declarar el 10 de octubre, no se present\u00f3 en esa ocasi\u00f3n, enviando en su lugar al ex viceministro Jorge P\u00e9rez, quien justific\u00f3 su ausencia por la falta de garant\u00edas. Tras ese incidente, el ex presidente asegur\u00f3 en diversas entrevistas que no se entregar\u00eda a la justicia por miedo a ser encarcelado, calificando las acusaciones en su contra como parte de una \u201cguerra judicial\u201d del gobierno de Luis Arce para desprestigiarlo y evitar su participaci\u00f3n en las elecciones de 2025.<\/p>\n\n\n\n<p>Aunque no ha desmentido los cargos de estupro y trata, Morales neg\u00f3 haber cometido los delitos y asegur\u00f3 que en su gobierno no se permitieron pr\u00e1cticas que pudieran da\u00f1ar la sociedad. Sin embargo, reconoci\u00f3 que estaba al tanto de las acusaciones de estupro durante su gesti\u00f3n y admiti\u00f3 haber formado parte del Ejecutivo como ministro de Econom\u00eda.<\/p>\n\n\n\n<p>En relaci\u00f3n al caso, se emitieron dos \u00f3rdenes de captura, pero ambas fueron anuladas por una acci\u00f3n de libertad interpuesta en una sala judicial de Santa Cruz. A pesar de ello, permanece vigente una alerta migratoria que le impide salir del pa\u00eds.<\/p>\n\n\n\n<p>Por su parte, seguidores de Morales han reforzado la seguridad en su basti\u00f3n pol\u00edtico en el Tr\u00f3pico de Cochabamba, donde se encuentra desde hace varios meses. El secretario ejecutivo de la Federaci\u00f3n \u00danica de Centrales Unidas, Isidro Auca, expres\u00f3: <em>\u00abLas organizaciones sociales estamos firmes para defender su vida\u00bb<\/em>. El fin de semana, Morales se traslad\u00f3 a una comunidad del Tr\u00f3pico donde se celebr\u00f3 un encuentro con las federaciones cocaleras, escoltado por una caravana de veh\u00edculos y motocicletas, una muestra de la seguridad sindical que lo respalda en su refugio.<\/p>\n","protected":false},"excerpt":{"rendered":"<p>El ex presidente de Bolivia Evo Morales deber\u00e1 presentarse el 14 de enero de 2025 a las 9:30 AM en una audiencia de medidas cautelares, [&hellip;]<\/p>\n","protected":false},"author":1,"featured_media":8454,"comment_status":"open","ping_status":"open","sticky":false,"template":"","format":"standard","meta":{"footnotes":""},"categories":[285],"tags":[],"class_list":["post-10857","post","type-post","status-publish","format-standard","has-post-thumbnail","hentry","category-internacionales"],"better_featured_image":{"id":8454,"alt_text":"","caption":"","description":"","media_type":"image","media_details":{"width":600,"height":478,"file":"2024\/10\/evo-morales-e1727907533406.jpg","filesize":55185,"sizes":{"medium":{"file":"evo-morales-e1727907533406-300x239.jpg","width":300,"height":239,"mime-type":"image\/jpeg","filesize":11730,"source_url":"https:\/\/nuevodigitaldeescobar.com.ar\/wp-content\/uploads\/2024\/10\/evo-morales-e1727907533406-300x239.jpg"},"thumbnail":{"file":"evo-morales-e1727907533406-150x150.jpg","width":150,"height":150,"mime-type":"image\/jpeg","filesize":5314,"source_url":"https:\/\/nuevodigitaldeescobar.com.ar\/wp-content\/uploads\/2024\/10\/evo-morales-e1727907533406-150x150.jpg"}},"image_meta":{"aperture":"0","credit":"","camera":"","caption":"","created_timestamp":"0","copyright":"","focal_length":"0","iso":"0","shutter_speed":"0","title":"","orientation":"0","keywords":[]}},"post":8453,"source_url":"https:\/\/nuevodigitaldeescobar.com.ar\/wp-content\/uploads\/2024\/10\/evo-morales-e1727907533406.jpg"},"yoast_head":"<!-- This site is optimized with the Yoast SEO plugin v26.1.1 - https:\/\/yoast.com\/wordpress\/plugins\/seo\/ -->\n<title>Evo Morales a un paso de la justicia: el ex presidente enfrentar\u00e1 una audiencia crucial por acusaciones de estupro y trata - Nuevo Digital de Escobar<\/title>\n<meta name=\"robots\" content=\"index, follow, max-snippet:-1, max-image-preview:large, max-video-preview:-1\" \/>\n<link rel=\"canonical\" href=\"https:\/\/nuevodigitaldeescobar.com.ar\/?p=10857\" \/>\n<meta property=\"og:locale\" content=\"es_ES\" \/>\n<meta property=\"og:type\" content=\"article\" \/>\n<meta property=\"og:title\" content=\"Evo Morales a un paso de la justicia: el ex presidente enfrentar\u00e1 una audiencia crucial por acusaciones de estupro y trata - Nuevo Digital de Escobar\" \/>\n<meta property=\"og:description\" content=\"El ex presidente de Bolivia Evo Morales deber\u00e1 presentarse el 14 de enero de 2025 a las 9:30 AM en una audiencia de medidas cautelares, [&hellip;]\" \/>\n<meta property=\"og:url\" content=\"https:\/\/nuevodigitaldeescobar.com.ar\/?p=10857\" \/>\n<meta property=\"og:site_name\" content=\"Nuevo Digital de Escobar\" \/>\n<meta property=\"article:publisher\" content=\"https:\/\/www.facebook.com\/NUEVODigitalDeEscobar\" \/>\n<meta property=\"article:published_time\" content=\"2024-12-31T10:00:00+00:00\" \/>\n<meta property=\"og:image\" content=\"https:\/\/nuevodigitaldeescobar.com.ar\/wp-content\/uploads\/2024\/10\/evo-morales-e1727907533406.jpg\" \/>\n\t<meta property=\"og:image:width\" content=\"600\" \/>\n\t<meta property=\"og:image:height\" content=\"478\" \/>\n\t<meta property=\"og:image:type\" content=\"image\/jpeg\" \/>\n<meta name=\"author\" content=\"Redacci\u00f3n\" \/>\n<meta name=\"twitter:card\" content=\"summary_large_image\" \/>\n<meta name=\"twitter:creator\" content=\"@nuevodigescobar\" \/>\n<meta name=\"twitter:site\" content=\"@nuevodigescobar\" \/>\n<meta name=\"twitter:label1\" content=\"Escrito por\" \/>\n\t<meta name=\"twitter:data1\" content=\"Redacci\u00f3n\" \/>\n\t<meta name=\"twitter:label2\" content=\"Tiempo de lectura\" \/>\n\t<meta name=\"twitter:data2\" content=\"3 minutos\" \/>\n<script type=\"application\/ld+json\" class=\"yoast-schema-graph\">{\"@context\":\"https:\/\/schema.org\",\"@graph\":[{\"@type\":\"Article\",\"@id\":\"https:\/\/nuevodigitaldeescobar.com.ar\/?p=10857#article\",\"isPartOf\":{\"@id\":\"https:\/\/nuevodigitaldeescobar.com.ar\/?p=10857\"},\"author\":{\"name\":\"Redacci\u00f3n\",\"@id\":\"https:\/\/nuevodigitaldeescobar.com.ar\/#\/schema\/person\/035e90a8efe9a80e6eec22656ad6ea4c\"},\"headline\":\"Evo Morales a un paso de la justicia: el ex presidente enfrentar\u00e1 una audiencia crucial por acusaciones de estupro y trata\",\"datePublished\":\"2024-12-31T10:00:00+00:00\",\"mainEntityOfPage\":{\"@id\":\"https:\/\/nuevodigitaldeescobar.com.ar\/?p=10857\"},\"wordCount\":527,\"commentCount\":0,\"publisher\":{\"@id\":\"https:\/\/nuevodigitaldeescobar.com.ar\/#organization\"},\"image\":{\"@id\":\"https:\/\/nuevodigitaldeescobar.com.ar\/?p=10857#primaryimage\"},\"thumbnailUrl\":\"https:\/\/nuevodigitaldeescobar.com.ar\/wp-content\/uploads\/2024\/10\/evo-morales-e1727907533406.jpg\",\"articleSection\":[\"Internacionales\"],\"inLanguage\":\"es\",\"potentialAction\":[{\"@type\":\"CommentAction\",\"name\":\"Comment\",\"target\":[\"https:\/\/nuevodigitaldeescobar.com.ar\/?p=10857#respond\"]}]},{\"@type\":\"WebPage\",\"@id\":\"https:\/\/nuevodigitaldeescobar.com.ar\/?p=10857\",\"url\":\"https:\/\/nuevodigitaldeescobar.com.ar\/?p=10857\",\"name\":\"Evo Morales a un paso de la justicia: el ex presidente enfrentar\u00e1 una audiencia crucial por acusaciones de estupro y trata - Nuevo Digital de Escobar\",\"isPartOf\":{\"@id\":\"https:\/\/nuevodigitaldeescobar.com.ar\/#website\"},\"primaryImageOfPage\":{\"@id\":\"https:\/\/nuevodigitaldeescobar.com.ar\/?p=10857#primaryimage\"},\"image\":{\"@id\":\"https:\/\/nuevodigitaldeescobar.com.ar\/?p=10857#primaryimage\"},\"thumbnailUrl\":\"https:\/\/nuevodigitaldeescobar.com.ar\/wp-content\/uploads\/2024\/10\/evo-morales-e1727907533406.jpg\",\"datePublished\":\"2024-12-31T10:00:00+00:00\",\"breadcrumb\":{\"@id\":\"https:\/\/nuevodigitaldeescobar.com.ar\/?p=10857#breadcrumb\"},\"inLanguage\":\"es\",\"potentialAction\":[{\"@type\":\"ReadAction\",\"target\":[\"https:\/\/nuevodigitaldeescobar.com.ar\/?p=10857\"]}]},{\"@type\":\"ImageObject\",\"inLanguage\":\"es\",\"@id\":\"https:\/\/nuevodigitaldeescobar.com.ar\/?p=10857#primaryimage\",\"url\":\"https:\/\/nuevodigitaldeescobar.com.ar\/wp-content\/uploads\/2024\/10\/evo-morales-e1727907533406.jpg\",\"contentUrl\":\"https:\/\/nuevodigitaldeescobar.com.ar\/wp-content\/uploads\/2024\/10\/evo-morales-e1727907533406.jpg\",\"width\":600,\"height\":478},{\"@type\":\"BreadcrumbList\",\"@id\":\"https:\/\/nuevodigitaldeescobar.com.ar\/?p=10857#breadcrumb\",\"itemListElement\":[{\"@type\":\"ListItem\",\"position\":1,\"name\":\"Portada\",\"item\":\"https:\/\/nuevodigitaldeescobar.com.ar\/\"},{\"@type\":\"ListItem\",\"position\":2,\"name\":\"Evo Morales a un paso de la justicia: el ex presidente enfrentar\u00e1 una audiencia crucial por acusaciones de estupro y trata\"}]},{\"@type\":\"WebSite\",\"@id\":\"https:\/\/nuevodigitaldeescobar.com.ar\/#website\",\"url\":\"https:\/\/nuevodigitaldeescobar.com.ar\/\",\"name\":\"Nuevo Digital de Escobar\",\"description\":\"La vida escobarense. Directora: Rosana Brunner\",\"publisher\":{\"@id\":\"https:\/\/nuevodigitaldeescobar.com.ar\/#organization\"},\"potentialAction\":[{\"@type\":\"SearchAction\",\"target\":{\"@type\":\"EntryPoint\",\"urlTemplate\":\"https:\/\/nuevodigitaldeescobar.com.ar\/?s={search_term_string}\"},\"query-input\":{\"@type\":\"PropertyValueSpecification\",\"valueRequired\":true,\"valueName\":\"search_term_string\"}}],\"inLanguage\":\"es\"},{\"@type\":\"Organization\",\"@id\":\"https:\/\/nuevodigitaldeescobar.com.ar\/#organization\",\"name\":\"Nuevo Digital de Escobar\",\"url\":\"https:\/\/nuevodigitaldeescobar.com.ar\/\",\"logo\":{\"@type\":\"ImageObject\",\"inLanguage\":\"es\",\"@id\":\"https:\/\/nuevodigitaldeescobar.com.ar\/#\/schema\/logo\/image\/\",\"url\":\"https:\/\/nuevodigitaldeescobar.com.ar\/wp-content\/uploads\/2025\/05\/cropped-logo-nuevo2.jpg\",\"contentUrl\":\"https:\/\/nuevodigitaldeescobar.com.ar\/wp-content\/uploads\/2025\/05\/cropped-logo-nuevo2.jpg\",\"width\":305,\"height\":305,\"caption\":\"Nuevo Digital de Escobar\"},\"image\":{\"@id\":\"https:\/\/nuevodigitaldeescobar.com.ar\/#\/schema\/logo\/image\/\"},\"sameAs\":[\"https:\/\/www.facebook.com\/NUEVODigitalDeEscobar\",\"https:\/\/x.com\/nuevodigescobar\",\"https:\/\/www.instagram.com\/nuevodigitaldeescobar\"]},{\"@type\":\"Person\",\"@id\":\"https:\/\/nuevodigitaldeescobar.com.ar\/#\/schema\/person\/035e90a8efe9a80e6eec22656ad6ea4c\",\"name\":\"Redacci\u00f3n\",\"image\":{\"@type\":\"ImageObject\",\"inLanguage\":\"es\",\"@id\":\"https:\/\/nuevodigitaldeescobar.com.ar\/#\/schema\/person\/image\/\",\"url\":\"https:\/\/secure.gravatar.com\/avatar\/8af8f40000c24e9eef3034f2be5998a372bb1389e64b1a4a36b3a7979142220d?s=96&d=mm&r=g\",\"contentUrl\":\"https:\/\/secure.gravatar.com\/avatar\/8af8f40000c24e9eef3034f2be5998a372bb1389e64b1a4a36b3a7979142220d?s=96&d=mm&r=g\",\"caption\":\"Redacci\u00f3n\"},\"sameAs\":[\"http:\/\/nuevodigitaldeescobar.com.ar\"],\"url\":\"https:\/\/nuevodigitaldeescobar.com.ar\/?author=1\"}]}<\/script>\n<!-- \/ Yoast SEO plugin. -->","yoast_head_json":{"title":"Evo Morales a un paso de la justicia: el ex presidente enfrentar\u00e1 una audiencia crucial por acusaciones de estupro y trata - Nuevo Digital de Escobar","robots":{"index":"index","follow":"follow","max-snippet":"max-snippet:-1","max-image-preview":"max-image-preview:large","max-video-preview":"max-video-preview:-1"},"canonical":"https:\/\/nuevodigitaldeescobar.com.ar\/?p=10857","og_locale":"es_ES","og_type":"article","og_title":"Evo Morales a un paso de la justicia: el ex presidente enfrentar\u00e1 una audiencia crucial por acusaciones de estupro y trata - Nuevo Digital de Escobar","og_description":"El ex presidente de Bolivia Evo Morales deber\u00e1 presentarse el 14 de enero de 2025 a las 9:30 AM en una audiencia de medidas cautelares, [&hellip;]","og_url":"https:\/\/nuevodigitaldeescobar.com.ar\/?p=10857","og_site_name":"Nuevo Digital de Escobar","article_publisher":"https:\/\/www.facebook.com\/NUEVODigitalDeEscobar","article_published_time":"2024-12-31T10:00:00+00:00","og_image":[{"width":600,"height":478,"url":"https:\/\/nuevodigitaldeescobar.com.ar\/wp-content\/uploads\/2024\/10\/evo-morales-e1727907533406.jpg","type":"image\/jpeg"}],"author":"Redacci\u00f3n","twitter_card":"summary_large_image","twitter_creator":"@nuevodigescobar","twitter_site":"@nuevodigescobar","twitter_misc":{"Escrito por":"Redacci\u00f3n","Tiempo de lectura":"3 minutos"},"schema":{"@context":"https:\/\/schema.org","@graph":[{"@type":"Article","@id":"https:\/\/nuevodigitaldeescobar.com.ar\/?p=10857#article","isPartOf":{"@id":"https:\/\/nuevodigitaldeescobar.com.ar\/?p=10857"},"author":{"name":"Redacci\u00f3n","@id":"https:\/\/nuevodigitaldeescobar.com.ar\/#\/schema\/person\/035e90a8efe9a80e6eec22656ad6ea4c"},"headline":"Evo Morales a un paso de la justicia: el ex presidente enfrentar\u00e1 una audiencia crucial por acusaciones de estupro y trata","datePublished":"2024-12-31T10:00:00+00:00","mainEntityOfPage":{"@id":"https:\/\/nuevodigitaldeescobar.com.ar\/?p=10857"},"wordCount":527,"commentCount":0,"publisher":{"@id":"https:\/\/nuevodigitaldeescobar.com.ar\/#organization"},"image":{"@id":"https:\/\/nuevodigitaldeescobar.com.ar\/?p=10857#primaryimage"},"thumbnailUrl":"https:\/\/nuevodigitaldeescobar.com.ar\/wp-content\/uploads\/2024\/10\/evo-morales-e1727907533406.jpg","articleSection":["Internacionales"],"inLanguage":"es","potentialAction":[{"@type":"CommentAction","name":"Comment","target":["https:\/\/nuevodigitaldeescobar.com.ar\/?p=10857#respond"]}]},{"@type":"WebPage","@id":"https:\/\/nuevodigitaldeescobar.com.ar\/?p=10857","url":"https:\/\/nuevodigitaldeescobar.com.ar\/?p=10857","name":"Evo Morales a un paso de la justicia: el ex presidente enfrentar\u00e1 una audiencia crucial por acusaciones de estupro y trata - Nuevo Digital de Escobar","isPartOf":{"@id":"https:\/\/nuevodigitaldeescobar.com.ar\/#website"},"primaryImageOfPage":{"@id":"https:\/\/nuevodigitaldeescobar.com.ar\/?p=10857#primaryimage"},"image":{"@id":"https:\/\/nuevodigitaldeescobar.com.ar\/?p=10857#primaryimage"},"thumbnailUrl":"https:\/\/nuevodigitaldeescobar.com.ar\/wp-content\/uploads\/2024\/10\/evo-morales-e1727907533406.jpg","datePublished":"2024-12-31T10:00:00+00:00","breadcrumb":{"@id":"https:\/\/nuevodigitaldeescobar.com.ar\/?p=10857#breadcrumb"},"inLanguage":"es","potentialAction":[{"@type":"ReadAction","target":["https:\/\/nuevodigitaldeescobar.com.ar\/?p=10857"]}]},{"@type":"ImageObject","inLanguage":"es","@id":"https:\/\/nuevodigitaldeescobar.com.ar\/?p=10857#primaryimage","url":"https:\/\/nuevodigitaldeescobar.com.ar\/wp-content\/uploads\/2024\/10\/evo-morales-e1727907533406.jpg","contentUrl":"https:\/\/nuevodigitaldeescobar.com.ar\/wp-content\/uploads\/2024\/10\/evo-morales-e1727907533406.jpg","width":600,"height":478},{"@type":"BreadcrumbList","@id":"https:\/\/nuevodigitaldeescobar.com.ar\/?p=10857#breadcrumb","itemListElement":[{"@type":"ListItem","position":1,"name":"Portada","item":"https:\/\/nuevodigitaldeescobar.com.ar\/"},{"@type":"ListItem","position":2,"name":"Evo Morales a un paso de la justicia: el ex presidente enfrentar\u00e1 una audiencia crucial por acusaciones de estupro y trata"}]},{"@type":"WebSite","@id":"https:\/\/nuevodigitaldeescobar.com.ar\/#website","url":"https:\/\/nuevodigitaldeescobar.com.ar\/","name":"Nuevo Digital de Escobar","description":"La vida escobarense. Directora: Rosana Brunner","publisher":{"@id":"https:\/\/nuevodigitaldeescobar.com.ar\/#organization"},"potentialAction":[{"@type":"SearchAction","target":{"@type":"EntryPoint","urlTemplate":"https:\/\/nuevodigitaldeescobar.com.ar\/?s={search_term_string}"},"query-input":{"@type":"PropertyValueSpecification","valueRequired":true,"valueName":"search_term_string"}}],"inLanguage":"es"},{"@type":"Organization","@id":"https:\/\/nuevodigitaldeescobar.com.ar\/#organization","name":"Nuevo Digital de Escobar","url":"https:\/\/nuevodigitaldeescobar.com.ar\/","logo":{"@type":"ImageObject","inLanguage":"es","@id":"https:\/\/nuevodigitaldeescobar.com.ar\/#\/schema\/logo\/image\/","url":"https:\/\/nuevodigitaldeescobar.com.ar\/wp-content\/uploads\/2025\/05\/cropped-logo-nuevo2.jpg","contentUrl":"https:\/\/nuevodigitaldeescobar.com.ar\/wp-content\/uploads\/2025\/05\/cropped-logo-nuevo2.jpg","width":305,"height":305,"caption":"Nuevo Digital de Escobar"},"image":{"@id":"https:\/\/nuevodigitaldeescobar.com.ar\/#\/schema\/logo\/image\/"},"sameAs":["https:\/\/www.facebook.com\/NUEVODigitalDeEscobar","https:\/\/x.com\/nuevodigescobar","https:\/\/www.instagram.com\/nuevodigitaldeescobar"]},{"@type":"Person","@id":"https:\/\/nuevodigitaldeescobar.com.ar\/#\/schema\/person\/035e90a8efe9a80e6eec22656ad6ea4c","name":"Redacci\u00f3n","image":{"@type":"ImageObject","inLanguage":"es","@id":"https:\/\/nuevodigitaldeescobar.com.ar\/#\/schema\/person\/image\/","url":"https:\/\/secure.gravatar.com\/avatar\/8af8f40000c24e9eef3034f2be5998a372bb1389e64b1a4a36b3a7979142220d?s=96&d=mm&r=g","contentUrl":"https:\/\/secure.gravatar.com\/avatar\/8af8f40000c24e9eef3034f2be5998a372bb1389e64b1a4a36b3a7979142220d?s=96&d=mm&r=g","caption":"Redacci\u00f3n"},"sameAs":["http:\/\/nuevodigitaldeescobar.com.ar"],"url":"https:\/\/nuevodigitaldeescobar.com.ar\/?author=1"}]}},"featured_image_urls":{"full":["https:\/\/nuevodigitaldeescobar.com.ar\/wp-content\/uploads\/2024\/10\/evo-morales-e1727907533406.jpg",600,478,false],"thumbnail":["https:\/\/nuevodigitaldeescobar.com.ar\/wp-content\/uploads\/2024\/10\/evo-morales-e1727907533406-150x150.jpg",150,150,true],"medium":["https:\/\/nuevodigitaldeescobar.com.ar\/wp-content\/uploads\/2024\/10\/evo-morales-e1727907533406-300x239.jpg",300,239,true],"medium_large":["https:\/\/nuevodigitaldeescobar.com.ar\/wp-content\/uploads\/2024\/10\/evo-morales-e1727907533406.jpg",600,478,false],"large":["https:\/\/nuevodigitaldeescobar.com.ar\/wp-content\/uploads\/2024\/10\/evo-morales-e1727907533406.jpg",600,478,false],"1536x1536":["https:\/\/nuevodigitaldeescobar.com.ar\/wp-content\/uploads\/2024\/10\/evo-morales-e1727907533406.jpg",600,478,false],"2048x2048":["https:\/\/nuevodigitaldeescobar.com.ar\/wp-content\/uploads\/2024\/10\/evo-morales-e1727907533406.jpg",600,478,false]},"author_info":{"display_name":"Redacci\u00f3n","author_link":"https:\/\/nuevodigitaldeescobar.com.ar\/?author=1"},"category_info":"<a href=\"https:\/\/nuevodigitaldeescobar.com.ar\/?cat=285\" rel=\"category\">Internacionales<\/a>","tag_info":"Internacionales","comment_count":"0","_links":{"self":[{"href":"https:\/\/nuevodigitaldeescobar.com.ar\/index.php?rest_route=\/wp\/v2\/posts\/10857","targetHints":{"allow":["GET"]}}],"collection":[{"href":"https:\/\/nuevodigitaldeescobar.com.ar\/index.php?rest_route=\/wp\/v2\/posts"}],"about":[{"href":"https:\/\/nuevodigitaldeescobar.com.ar\/index.php?rest_route=\/wp\/v2\/types\/post"}],"author":[{"embeddable":true,"href":"https:\/\/nuevodigitaldeescobar.com.ar\/index.php?rest_route=\/wp\/v2\/users\/1"}],"replies":[{"embeddable":true,"href":"https:\/\/nuevodigitaldeescobar.com.ar\/index.php?rest_route=%2Fwp%2Fv2%2Fcomments&post=10857"}],"version-history":[{"count":1,"href":"https:\/\/nuevodigitaldeescobar.com.ar\/index.php?rest_route=\/wp\/v2\/posts\/10857\/revisions"}],"predecessor-version":[{"id":10858,"href":"https:\/\/nuevodigitaldeescobar.com.ar\/index.php?rest_route=\/wp\/v2\/posts\/10857\/revisions\/10858"}],"wp:featuredmedia":[{"embeddable":true,"href":"https:\/\/nuevodigitaldeescobar.com.ar\/index.php?rest_route=\/wp\/v2\/media\/8454"}],"wp:attachment":[{"href":"https:\/\/nuevodigitaldeescobar.com.ar\/index.php?rest_route=%2Fwp%2Fv2%2Fmedia&parent=10857"}],"wp:term":[{"taxonomy":"category","embeddable":true,"href":"https:\/\/nuevodigitaldeescobar.com.ar\/index.php?rest_route=%2Fwp%2Fv2%2Fcategories&post=10857"},{"taxonomy":"post_tag","embeddable":true,"href":"https:\/\/nuevodigitaldeescobar.com.ar\/index.php?rest_route=%2Fwp%2Fv2%2Ftags&post=10857"}],"curies":[{"name":"wp","href":"https:\/\/api.w.org\/{rel}","templated":true}]}}