{"id":10875,"date":"2024-12-30T17:52:23","date_gmt":"2024-12-30T20:52:23","guid":{"rendered":"https:\/\/nuevodigitaldeescobar.com.ar\/?p=10875"},"modified":"2024-12-30T17:52:25","modified_gmt":"2024-12-30T20:52:25","slug":"jorge-lanata-fallecio-el-periodista-que-revoluciono-el-periodismo-argentino","status":"publish","type":"post","link":"https:\/\/nuevodigitaldeescobar.com.ar\/?p=10875","title":{"rendered":"Jorge Lanata: falleci\u00f3 el periodista que revolucion\u00f3 el periodismo argentino"},"content":{"rendered":"<p><span style=\"color: #003366;\"><strong><em>Jorge Ernesto Lanata, uno de los periodistas m\u00e1s influyentes y controversiales de la historia argentina, falleci\u00f3 el lunes 30 de diciembre de 2024 a los 64 a\u00f1os en Buenos Aires. Su partida deja un legado indeleble en el periodismo de investigaci\u00f3n y en el debate p\u00fablico del pa\u00eds.<\/em><\/strong><\/span><\/p>\n<p><!--more--><\/p>\n\n\n<p>Lanata hab\u00eda sido internado en varias oportunidades durante los \u00faltimos a\u00f1os debido a problemas de salud que se agravaron progresivamente. Sufr\u00eda de complicaciones renales, respiratorias y card\u00edacas que lo llevaron a largos per\u00edodos de hospitalizaci\u00f3n. En junio de 2024, su salud hab\u00eda empeorado considerablemente, marcando el inicio de una etapa cr\u00edtica que concluy\u00f3 este lunes en el Hospital Italiano de Buenos Aires.<\/p>\n\n\n<p><\/p>\n<h3><span style=\"color: #003366;\"><em>Una trayectoria inolvidable<\/em><\/span><\/h3>\n<p> <\/p>\n<p>Comenz\u00f3 su carrera period\u00edstica a una edad temprana y se convirti\u00f3 en una figura clave del oficio en los a\u00f1os \u201880 y \u201890. En 1987, fund\u00f3 el diario <em>P\u00e1gina\/12<\/em>, que marc\u00f3 un antes y un despu\u00e9s en el periodismo argentino por su enfoque investigativo y su estilo \u00e1gil. Posteriormente, lider\u00f3 otros proyectos destacados, como el peri\u00f3dico <em>Cr\u00edtica de la Argentina<\/em> y programas televisivos y radiales como <em>Periodismo Para Todos<\/em> (PPT) y <em>Lanata Sin Filtro<\/em>.<\/p>\n<p><\/p>\n\n\n<p>Reconocido por su valent\u00eda para abordar temas espinosos, Lanata denunci\u00f3 casos de corrupci\u00f3n que sacudieron las altas esferas del poder pol\u00edtico y econ\u00f3mico. Este estilo incisivo le vali\u00f3 tanto admiradores como detractores, pero consolid\u00f3 su posici\u00f3n como un referente del periodismo independiente.<\/p>\n\n\n<div class=\"wp-block-image is-style-rounded\">\n<figure class=\"aligncenter size-full is-resized\"><img fetchpriority=\"high\" decoding=\"async\" width=\"992\" height=\"606\" src=\"http:\/\/nuevodigitaldeescobar.com.ar\/wp-content\/uploads\/2024\/12\/jorglan438798.png\" alt=\"\" class=\"wp-image-10877\" style=\"width:742px;height:auto\" srcset=\"https:\/\/nuevodigitaldeescobar.com.ar\/wp-content\/uploads\/2024\/12\/jorglan438798.png 992w, https:\/\/nuevodigitaldeescobar.com.ar\/wp-content\/uploads\/2024\/12\/jorglan438798-300x183.png 300w, https:\/\/nuevodigitaldeescobar.com.ar\/wp-content\/uploads\/2024\/12\/jorglan438798-768x469.png 768w\" sizes=\"(max-width: 992px) 100vw, 992px\" \/><figcaption class=\"wp-element-caption\"><strong><em>26 Mart\u00edn Fierro fueron los que acumul\u00f3 en su carrera<\/em><\/strong><\/figcaption><\/figure><\/div>\n\n<p><\/p>\n<h3><span style=\"color: #003366;\"><em>Un hombre de convicciones fuertes<\/em><\/span><\/h3>\n<p> <\/p>\n<p>A lo largo de su carrera, acumul\u00f3 numerosos premios, incluidos varios Mart\u00edn Fierro, y se convirti\u00f3 en un referente para generaciones de periodistas. Adem\u00e1s de su labor como periodista, tambi\u00e9n se destac\u00f3 como escritor, publicando libros que abordaron tem\u00e1ticas como la pol\u00edtica, la cultura y la historia argentina.<\/p>\n<p><\/p>\n\n\n<p>Sin embargo, su estilo directo y sus cr\u00edticas frecuentes a los gobiernos de turno tambi\u00e9n le trajeron conflictos y controversias. Para muchos, Lanata representaba una voz imprescindible en la lucha contra la corrupci\u00f3n y la hipocres\u00eda. Para otros, sus posturas generaban divisiones y cuestionamientos.<\/p>\n\n\n<div class=\"wp-block-image is-style-rounded\">\n<figure class=\"aligncenter size-full\"><img decoding=\"async\" width=\"989\" height=\"558\" src=\"https:\/\/nuevodigitaldeescobar.com.ar\/wp-content\/uploads\/2024\/12\/jorglan4365.png\" alt=\"\" class=\"wp-image-10878\" srcset=\"https:\/\/nuevodigitaldeescobar.com.ar\/wp-content\/uploads\/2024\/12\/jorglan4365.png 989w, https:\/\/nuevodigitaldeescobar.com.ar\/wp-content\/uploads\/2024\/12\/jorglan4365-300x169.png 300w, https:\/\/nuevodigitaldeescobar.com.ar\/wp-content\/uploads\/2024\/12\/jorglan4365-768x433.png 768w\" sizes=\"(max-width: 989px) 100vw, 989px\" \/><figcaption class=\"wp-element-caption\"><em><strong>Jorge Lanata junto a Nora Hern\u00e1ndez, la se\u00f1ora que le don\u00f3 un ri\u00f1\u00f3n<\/strong><\/em> \/\/ (Redes Sociales)<\/figcaption><\/figure><\/div>\n\n<p><\/p>\n<h3><span style=\"color: #003366;\"><em>Los \u00faltimos a\u00f1os<\/em><\/span><\/h3>\n<p> <\/p>\n<p>En los \u00faltimos tiempos, Lanata hab\u00eda reducido su presencia p\u00fablica debido a su delicado estado de salud. A pesar de ello, continu\u00f3 participando en su programa de radio y colaborando con otros medios hasta que sus condiciones f\u00edsicas se lo impidieron.<\/p>\n<p><\/p>\n\n\n<p>Durante su internaci\u00f3n en 2024, varias figuras del \u00e1mbito pol\u00edtico y cultural expresaron su apoyo y destacaron su contribuci\u00f3n al pa\u00eds. Tras su fallecimiento, las redes sociales y los medios de comunicaci\u00f3n se llenaron de mensajes de despedida y recuerdos emotivos de colegas, pol\u00edticos y seguidores.<\/p>\n\n\n<div class=\"wp-block-image is-style-rounded\">\n<figure class=\"aligncenter size-full\"><img decoding=\"async\" width=\"797\" height=\"515\" src=\"https:\/\/nuevodigitaldeescobar.com.ar\/wp-content\/uploads\/2024\/12\/jorlol656.png\" alt=\"\" class=\"wp-image-10879\" srcset=\"https:\/\/nuevodigitaldeescobar.com.ar\/wp-content\/uploads\/2024\/12\/jorlol656.png 797w, https:\/\/nuevodigitaldeescobar.com.ar\/wp-content\/uploads\/2024\/12\/jorlol656-300x194.png 300w, https:\/\/nuevodigitaldeescobar.com.ar\/wp-content\/uploads\/2024\/12\/jorlol656-768x496.png 768w\" sizes=\"(max-width: 797px) 100vw, 797px\" \/><figcaption class=\"wp-element-caption\"><strong><em>Lola Lanata junto a su padre<\/em><\/strong> \/\/ (Instagram)<\/figcaption><\/figure><\/div>\n\n<p><\/p>\n<h3><span style=\"color: #003366;\"><em>Un legado imborrable<\/em><\/span><\/h3>\n<p> <\/p>\n<p>La partida de Jorge Lanata marca el fin de una era en el periodismo argentino. Su capacidad para incomodar al poder, su compromiso con la verdad y su estilo \u00fanico lo convirtieron en una figura ineludible de la historia reciente del pa\u00eds.<\/p>\n<p><\/p>\n\n\n<p>Sus investigaciones y programas quedaron como testimonio de su labor, inspirando a futuras generaciones de periodistas a seguir explorando la verdad, incluso cuando sea inc\u00f3moda o desafiante. Jorge Lanata no s\u00f3lo cont\u00f3 historias, sino que tambi\u00e9n se convirti\u00f3 en parte de ellas. Su voz y su pluma seguir\u00e1n resonando en la memoria colectiva de la Argentina.<\/p>\n","protected":false},"excerpt":{"rendered":"<p>Jorge Ernesto Lanata, uno de los periodistas m\u00e1s influyentes y controversiales de la historia argentina, falleci\u00f3 el lunes 30 de diciembre de 2024 a los [&hellip;]<\/p>\n","protected":false},"author":1,"featured_media":10876,"comment_status":"open","ping_status":"open","sticky":false,"template":"","format":"standard","meta":{"footnotes":""},"categories":[11],"tags":[],"class_list":["post-10875","post","type-post","status-publish","format-standard","has-post-thumbnail","hentry","category-cultura-arte-y-espectaculos"],"better_featured_image":{"id":10876,"alt_text":"","caption":"","description":"","media_type":"image","media_details":{"width":1024,"height":683,"file":"2024\/12\/jorglan22.webp","filesize":43326,"sizes":{"medium":{"file":"jorglan22-300x200.webp","width":300,"height":200,"mime-type":"image\/webp","filesize":7856,"source_url":"https:\/\/nuevodigitaldeescobar.com.ar\/wp-content\/uploads\/2024\/12\/jorglan22-300x200.webp"},"thumbnail":{"file":"jorglan22-150x150.webp","width":150,"height":150,"mime-type":"image\/webp","filesize":4420,"source_url":"https:\/\/nuevodigitaldeescobar.com.ar\/wp-content\/uploads\/2024\/12\/jorglan22-150x150.webp"},"medium_large":{"file":"jorglan22-768x512.webp","width":768,"height":512,"mime-type":"image\/webp","filesize":30464,"source_url":"https:\/\/nuevodigitaldeescobar.com.ar\/wp-content\/uploads\/2024\/12\/jorglan22-768x512.webp"}},"image_meta":{"aperture":"0","credit":"","camera":"","caption":"","created_timestamp":"0","copyright":"","focal_length":"0","iso":"0","shutter_speed":"0","title":"","orientation":"0","keywords":[]}},"post":10875,"source_url":"https:\/\/nuevodigitaldeescobar.com.ar\/wp-content\/uploads\/2024\/12\/jorglan22.webp"},"yoast_head":"<!-- This site is optimized with the Yoast SEO plugin v26.1.1 - https:\/\/yoast.com\/wordpress\/plugins\/seo\/ -->\n<title>Jorge Lanata: falleci\u00f3 el periodista que revolucion\u00f3 el periodismo argentino - Nuevo Digital de Escobar<\/title>\n<meta name=\"robots\" content=\"index, follow, max-snippet:-1, max-image-preview:large, max-video-preview:-1\" \/>\n<link rel=\"canonical\" href=\"https:\/\/nuevodigitaldeescobar.com.ar\/?p=10875\" \/>\n<meta property=\"og:locale\" content=\"es_ES\" \/>\n<meta property=\"og:type\" content=\"article\" \/>\n<meta property=\"og:title\" content=\"Jorge Lanata: falleci\u00f3 el periodista que revolucion\u00f3 el periodismo argentino - Nuevo Digital de Escobar\" \/>\n<meta property=\"og:description\" content=\"Jorge Ernesto Lanata, uno de los periodistas m\u00e1s influyentes y controversiales de la historia argentina, falleci\u00f3 el lunes 30 de diciembre de 2024 a los [&hellip;]\" \/>\n<meta property=\"og:url\" content=\"https:\/\/nuevodigitaldeescobar.com.ar\/?p=10875\" \/>\n<meta property=\"og:site_name\" content=\"Nuevo Digital de Escobar\" \/>\n<meta property=\"article:publisher\" content=\"https:\/\/www.facebook.com\/NUEVODigitalDeEscobar\" \/>\n<meta property=\"article:published_time\" content=\"2024-12-30T20:52:23+00:00\" \/>\n<meta property=\"article:modified_time\" content=\"2024-12-30T20:52:25+00:00\" \/>\n<meta property=\"og:image\" content=\"https:\/\/nuevodigitaldeescobar.com.ar\/wp-content\/uploads\/2024\/12\/jorglan22.webp\" \/>\n\t<meta property=\"og:image:width\" content=\"1024\" \/>\n\t<meta property=\"og:image:height\" content=\"683\" \/>\n\t<meta property=\"og:image:type\" content=\"image\/webp\" \/>\n<meta name=\"author\" content=\"Redacci\u00f3n\" \/>\n<meta name=\"twitter:card\" content=\"summary_large_image\" \/>\n<meta name=\"twitter:creator\" content=\"@nuevodigescobar\" \/>\n<meta name=\"twitter:site\" content=\"@nuevodigescobar\" \/>\n<meta name=\"twitter:label1\" content=\"Escrito por\" \/>\n\t<meta name=\"twitter:data1\" content=\"Redacci\u00f3n\" \/>\n\t<meta name=\"twitter:label2\" content=\"Tiempo de lectura\" \/>\n\t<meta name=\"twitter:data2\" content=\"3 minutos\" \/>\n<script type=\"application\/ld+json\" class=\"yoast-schema-graph\">{\"@context\":\"https:\/\/schema.org\",\"@graph\":[{\"@type\":\"Article\",\"@id\":\"https:\/\/nuevodigitaldeescobar.com.ar\/?p=10875#article\",\"isPartOf\":{\"@id\":\"https:\/\/nuevodigitaldeescobar.com.ar\/?p=10875\"},\"author\":{\"name\":\"Redacci\u00f3n\",\"@id\":\"https:\/\/nuevodigitaldeescobar.com.ar\/#\/schema\/person\/035e90a8efe9a80e6eec22656ad6ea4c\"},\"headline\":\"Jorge Lanata: falleci\u00f3 el periodista que revolucion\u00f3 el periodismo argentino\",\"datePublished\":\"2024-12-30T20:52:23+00:00\",\"dateModified\":\"2024-12-30T20:52:25+00:00\",\"mainEntityOfPage\":{\"@id\":\"https:\/\/nuevodigitaldeescobar.com.ar\/?p=10875\"},\"wordCount\":602,\"commentCount\":0,\"publisher\":{\"@id\":\"https:\/\/nuevodigitaldeescobar.com.ar\/#organization\"},\"image\":{\"@id\":\"https:\/\/nuevodigitaldeescobar.com.ar\/?p=10875#primaryimage\"},\"thumbnailUrl\":\"https:\/\/nuevodigitaldeescobar.com.ar\/wp-content\/uploads\/2024\/12\/jorglan22.webp\",\"articleSection\":[\"Cultura, Arte y Espect\u00e1culos\"],\"inLanguage\":\"es\",\"potentialAction\":[{\"@type\":\"CommentAction\",\"name\":\"Comment\",\"target\":[\"https:\/\/nuevodigitaldeescobar.com.ar\/?p=10875#respond\"]}]},{\"@type\":\"WebPage\",\"@id\":\"https:\/\/nuevodigitaldeescobar.com.ar\/?p=10875\",\"url\":\"https:\/\/nuevodigitaldeescobar.com.ar\/?p=10875\",\"name\":\"Jorge Lanata: falleci\u00f3 el periodista que revolucion\u00f3 el periodismo argentino - Nuevo Digital de Escobar\",\"isPartOf\":{\"@id\":\"https:\/\/nuevodigitaldeescobar.com.ar\/#website\"},\"primaryImageOfPage\":{\"@id\":\"https:\/\/nuevodigitaldeescobar.com.ar\/?p=10875#primaryimage\"},\"image\":{\"@id\":\"https:\/\/nuevodigitaldeescobar.com.ar\/?p=10875#primaryimage\"},\"thumbnailUrl\":\"https:\/\/nuevodigitaldeescobar.com.ar\/wp-content\/uploads\/2024\/12\/jorglan22.webp\",\"datePublished\":\"2024-12-30T20:52:23+00:00\",\"dateModified\":\"2024-12-30T20:52:25+00:00\",\"breadcrumb\":{\"@id\":\"https:\/\/nuevodigitaldeescobar.com.ar\/?p=10875#breadcrumb\"},\"inLanguage\":\"es\",\"potentialAction\":[{\"@type\":\"ReadAction\",\"target\":[\"https:\/\/nuevodigitaldeescobar.com.ar\/?p=10875\"]}]},{\"@type\":\"ImageObject\",\"inLanguage\":\"es\",\"@id\":\"https:\/\/nuevodigitaldeescobar.com.ar\/?p=10875#primaryimage\",\"url\":\"https:\/\/nuevodigitaldeescobar.com.ar\/wp-content\/uploads\/2024\/12\/jorglan22.webp\",\"contentUrl\":\"https:\/\/nuevodigitaldeescobar.com.ar\/wp-content\/uploads\/2024\/12\/jorglan22.webp\",\"width\":1024,\"height\":683},{\"@type\":\"BreadcrumbList\",\"@id\":\"https:\/\/nuevodigitaldeescobar.com.ar\/?p=10875#breadcrumb\",\"itemListElement\":[{\"@type\":\"ListItem\",\"position\":1,\"name\":\"Portada\",\"item\":\"https:\/\/nuevodigitaldeescobar.com.ar\/\"},{\"@type\":\"ListItem\",\"position\":2,\"name\":\"Jorge Lanata: falleci\u00f3 el periodista que revolucion\u00f3 el periodismo argentino\"}]},{\"@type\":\"WebSite\",\"@id\":\"https:\/\/nuevodigitaldeescobar.com.ar\/#website\",\"url\":\"https:\/\/nuevodigitaldeescobar.com.ar\/\",\"name\":\"Nuevo Digital de Escobar\",\"description\":\"La vida escobarense. Directora: Rosana Brunner\",\"publisher\":{\"@id\":\"https:\/\/nuevodigitaldeescobar.com.ar\/#organization\"},\"potentialAction\":[{\"@type\":\"SearchAction\",\"target\":{\"@type\":\"EntryPoint\",\"urlTemplate\":\"https:\/\/nuevodigitaldeescobar.com.ar\/?s={search_term_string}\"},\"query-input\":{\"@type\":\"PropertyValueSpecification\",\"valueRequired\":true,\"valueName\":\"search_term_string\"}}],\"inLanguage\":\"es\"},{\"@type\":\"Organization\",\"@id\":\"https:\/\/nuevodigitaldeescobar.com.ar\/#organization\",\"name\":\"Nuevo Digital de Escobar\",\"url\":\"https:\/\/nuevodigitaldeescobar.com.ar\/\",\"logo\":{\"@type\":\"ImageObject\",\"inLanguage\":\"es\",\"@id\":\"https:\/\/nuevodigitaldeescobar.com.ar\/#\/schema\/logo\/image\/\",\"url\":\"https:\/\/nuevodigitaldeescobar.com.ar\/wp-content\/uploads\/2025\/05\/cropped-logo-nuevo2.jpg\",\"contentUrl\":\"https:\/\/nuevodigitaldeescobar.com.ar\/wp-content\/uploads\/2025\/05\/cropped-logo-nuevo2.jpg\",\"width\":305,\"height\":305,\"caption\":\"Nuevo Digital de Escobar\"},\"image\":{\"@id\":\"https:\/\/nuevodigitaldeescobar.com.ar\/#\/schema\/logo\/image\/\"},\"sameAs\":[\"https:\/\/www.facebook.com\/NUEVODigitalDeEscobar\",\"https:\/\/x.com\/nuevodigescobar\",\"https:\/\/www.instagram.com\/nuevodigitaldeescobar\"]},{\"@type\":\"Person\",\"@id\":\"https:\/\/nuevodigitaldeescobar.com.ar\/#\/schema\/person\/035e90a8efe9a80e6eec22656ad6ea4c\",\"name\":\"Redacci\u00f3n\",\"image\":{\"@type\":\"ImageObject\",\"inLanguage\":\"es\",\"@id\":\"https:\/\/nuevodigitaldeescobar.com.ar\/#\/schema\/person\/image\/\",\"url\":\"https:\/\/secure.gravatar.com\/avatar\/8af8f40000c24e9eef3034f2be5998a372bb1389e64b1a4a36b3a7979142220d?s=96&d=mm&r=g\",\"contentUrl\":\"https:\/\/secure.gravatar.com\/avatar\/8af8f40000c24e9eef3034f2be5998a372bb1389e64b1a4a36b3a7979142220d?s=96&d=mm&r=g\",\"caption\":\"Redacci\u00f3n\"},\"sameAs\":[\"http:\/\/nuevodigitaldeescobar.com.ar\"],\"url\":\"https:\/\/nuevodigitaldeescobar.com.ar\/?author=1\"}]}<\/script>\n<!-- \/ Yoast SEO plugin. -->","yoast_head_json":{"title":"Jorge Lanata: falleci\u00f3 el periodista que revolucion\u00f3 el periodismo argentino - Nuevo Digital de Escobar","robots":{"index":"index","follow":"follow","max-snippet":"max-snippet:-1","max-image-preview":"max-image-preview:large","max-video-preview":"max-video-preview:-1"},"canonical":"https:\/\/nuevodigitaldeescobar.com.ar\/?p=10875","og_locale":"es_ES","og_type":"article","og_title":"Jorge Lanata: falleci\u00f3 el periodista que revolucion\u00f3 el periodismo argentino - Nuevo Digital de Escobar","og_description":"Jorge Ernesto Lanata, uno de los periodistas m\u00e1s influyentes y controversiales de la historia argentina, falleci\u00f3 el lunes 30 de diciembre de 2024 a los [&hellip;]","og_url":"https:\/\/nuevodigitaldeescobar.com.ar\/?p=10875","og_site_name":"Nuevo Digital de Escobar","article_publisher":"https:\/\/www.facebook.com\/NUEVODigitalDeEscobar","article_published_time":"2024-12-30T20:52:23+00:00","article_modified_time":"2024-12-30T20:52:25+00:00","og_image":[{"width":1024,"height":683,"url":"https:\/\/nuevodigitaldeescobar.com.ar\/wp-content\/uploads\/2024\/12\/jorglan22.webp","type":"image\/webp"}],"author":"Redacci\u00f3n","twitter_card":"summary_large_image","twitter_creator":"@nuevodigescobar","twitter_site":"@nuevodigescobar","twitter_misc":{"Escrito por":"Redacci\u00f3n","Tiempo de lectura":"3 minutos"},"schema":{"@context":"https:\/\/schema.org","@graph":[{"@type":"Article","@id":"https:\/\/nuevodigitaldeescobar.com.ar\/?p=10875#article","isPartOf":{"@id":"https:\/\/nuevodigitaldeescobar.com.ar\/?p=10875"},"author":{"name":"Redacci\u00f3n","@id":"https:\/\/nuevodigitaldeescobar.com.ar\/#\/schema\/person\/035e90a8efe9a80e6eec22656ad6ea4c"},"headline":"Jorge Lanata: falleci\u00f3 el periodista que revolucion\u00f3 el periodismo argentino","datePublished":"2024-12-30T20:52:23+00:00","dateModified":"2024-12-30T20:52:25+00:00","mainEntityOfPage":{"@id":"https:\/\/nuevodigitaldeescobar.com.ar\/?p=10875"},"wordCount":602,"commentCount":0,"publisher":{"@id":"https:\/\/nuevodigitaldeescobar.com.ar\/#organization"},"image":{"@id":"https:\/\/nuevodigitaldeescobar.com.ar\/?p=10875#primaryimage"},"thumbnailUrl":"https:\/\/nuevodigitaldeescobar.com.ar\/wp-content\/uploads\/2024\/12\/jorglan22.webp","articleSection":["Cultura, Arte y Espect\u00e1culos"],"inLanguage":"es","potentialAction":[{"@type":"CommentAction","name":"Comment","target":["https:\/\/nuevodigitaldeescobar.com.ar\/?p=10875#respond"]}]},{"@type":"WebPage","@id":"https:\/\/nuevodigitaldeescobar.com.ar\/?p=10875","url":"https:\/\/nuevodigitaldeescobar.com.ar\/?p=10875","name":"Jorge Lanata: falleci\u00f3 el periodista que revolucion\u00f3 el periodismo argentino - Nuevo Digital de Escobar","isPartOf":{"@id":"https:\/\/nuevodigitaldeescobar.com.ar\/#website"},"primaryImageOfPage":{"@id":"https:\/\/nuevodigitaldeescobar.com.ar\/?p=10875#primaryimage"},"image":{"@id":"https:\/\/nuevodigitaldeescobar.com.ar\/?p=10875#primaryimage"},"thumbnailUrl":"https:\/\/nuevodigitaldeescobar.com.ar\/wp-content\/uploads\/2024\/12\/jorglan22.webp","datePublished":"2024-12-30T20:52:23+00:00","dateModified":"2024-12-30T20:52:25+00:00","breadcrumb":{"@id":"https:\/\/nuevodigitaldeescobar.com.ar\/?p=10875#breadcrumb"},"inLanguage":"es","potentialAction":[{"@type":"ReadAction","target":["https:\/\/nuevodigitaldeescobar.com.ar\/?p=10875"]}]},{"@type":"ImageObject","inLanguage":"es","@id":"https:\/\/nuevodigitaldeescobar.com.ar\/?p=10875#primaryimage","url":"https:\/\/nuevodigitaldeescobar.com.ar\/wp-content\/uploads\/2024\/12\/jorglan22.webp","contentUrl":"https:\/\/nuevodigitaldeescobar.com.ar\/wp-content\/uploads\/2024\/12\/jorglan22.webp","width":1024,"height":683},{"@type":"BreadcrumbList","@id":"https:\/\/nuevodigitaldeescobar.com.ar\/?p=10875#breadcrumb","itemListElement":[{"@type":"ListItem","position":1,"name":"Portada","item":"https:\/\/nuevodigitaldeescobar.com.ar\/"},{"@type":"ListItem","position":2,"name":"Jorge Lanata: falleci\u00f3 el periodista que revolucion\u00f3 el periodismo argentino"}]},{"@type":"WebSite","@id":"https:\/\/nuevodigitaldeescobar.com.ar\/#website","url":"https:\/\/nuevodigitaldeescobar.com.ar\/","name":"Nuevo Digital de Escobar","description":"La vida escobarense. Directora: Rosana Brunner","publisher":{"@id":"https:\/\/nuevodigitaldeescobar.com.ar\/#organization"},"potentialAction":[{"@type":"SearchAction","target":{"@type":"EntryPoint","urlTemplate":"https:\/\/nuevodigitaldeescobar.com.ar\/?s={search_term_string}"},"query-input":{"@type":"PropertyValueSpecification","valueRequired":true,"valueName":"search_term_string"}}],"inLanguage":"es"},{"@type":"Organization","@id":"https:\/\/nuevodigitaldeescobar.com.ar\/#organization","name":"Nuevo Digital de Escobar","url":"https:\/\/nuevodigitaldeescobar.com.ar\/","logo":{"@type":"ImageObject","inLanguage":"es","@id":"https:\/\/nuevodigitaldeescobar.com.ar\/#\/schema\/logo\/image\/","url":"https:\/\/nuevodigitaldeescobar.com.ar\/wp-content\/uploads\/2025\/05\/cropped-logo-nuevo2.jpg","contentUrl":"https:\/\/nuevodigitaldeescobar.com.ar\/wp-content\/uploads\/2025\/05\/cropped-logo-nuevo2.jpg","width":305,"height":305,"caption":"Nuevo Digital de Escobar"},"image":{"@id":"https:\/\/nuevodigitaldeescobar.com.ar\/#\/schema\/logo\/image\/"},"sameAs":["https:\/\/www.facebook.com\/NUEVODigitalDeEscobar","https:\/\/x.com\/nuevodigescobar","https:\/\/www.instagram.com\/nuevodigitaldeescobar"]},{"@type":"Person","@id":"https:\/\/nuevodigitaldeescobar.com.ar\/#\/schema\/person\/035e90a8efe9a80e6eec22656ad6ea4c","name":"Redacci\u00f3n","image":{"@type":"ImageObject","inLanguage":"es","@id":"https:\/\/nuevodigitaldeescobar.com.ar\/#\/schema\/person\/image\/","url":"https:\/\/secure.gravatar.com\/avatar\/8af8f40000c24e9eef3034f2be5998a372bb1389e64b1a4a36b3a7979142220d?s=96&d=mm&r=g","contentUrl":"https:\/\/secure.gravatar.com\/avatar\/8af8f40000c24e9eef3034f2be5998a372bb1389e64b1a4a36b3a7979142220d?s=96&d=mm&r=g","caption":"Redacci\u00f3n"},"sameAs":["http:\/\/nuevodigitaldeescobar.com.ar"],"url":"https:\/\/nuevodigitaldeescobar.com.ar\/?author=1"}]}},"featured_image_urls":{"full":["https:\/\/nuevodigitaldeescobar.com.ar\/wp-content\/uploads\/2024\/12\/jorglan22.webp",1024,683,false],"thumbnail":["https:\/\/nuevodigitaldeescobar.com.ar\/wp-content\/uploads\/2024\/12\/jorglan22-150x150.webp",150,150,true],"medium":["https:\/\/nuevodigitaldeescobar.com.ar\/wp-content\/uploads\/2024\/12\/jorglan22-300x200.webp",300,200,true],"medium_large":["https:\/\/nuevodigitaldeescobar.com.ar\/wp-content\/uploads\/2024\/12\/jorglan22-768x512.webp",640,427,true],"large":["https:\/\/nuevodigitaldeescobar.com.ar\/wp-content\/uploads\/2024\/12\/jorglan22.webp",640,427,false],"1536x1536":["https:\/\/nuevodigitaldeescobar.com.ar\/wp-content\/uploads\/2024\/12\/jorglan22.webp",1024,683,false],"2048x2048":["https:\/\/nuevodigitaldeescobar.com.ar\/wp-content\/uploads\/2024\/12\/jorglan22.webp",1024,683,false]},"author_info":{"display_name":"Redacci\u00f3n","author_link":"https:\/\/nuevodigitaldeescobar.com.ar\/?author=1"},"category_info":"<a href=\"https:\/\/nuevodigitaldeescobar.com.ar\/?cat=11\" rel=\"category\">Cultura, Arte y Espect\u00e1culos<\/a>","tag_info":"Cultura, Arte y Espect\u00e1culos","comment_count":"0","_links":{"self":[{"href":"https:\/\/nuevodigitaldeescobar.com.ar\/index.php?rest_route=\/wp\/v2\/posts\/10875","targetHints":{"allow":["GET"]}}],"collection":[{"href":"https:\/\/nuevodigitaldeescobar.com.ar\/index.php?rest_route=\/wp\/v2\/posts"}],"about":[{"href":"https:\/\/nuevodigitaldeescobar.com.ar\/index.php?rest_route=\/wp\/v2\/types\/post"}],"author":[{"embeddable":true,"href":"https:\/\/nuevodigitaldeescobar.com.ar\/index.php?rest_route=\/wp\/v2\/users\/1"}],"replies":[{"embeddable":true,"href":"https:\/\/nuevodigitaldeescobar.com.ar\/index.php?rest_route=%2Fwp%2Fv2%2Fcomments&post=10875"}],"version-history":[{"count":1,"href":"https:\/\/nuevodigitaldeescobar.com.ar\/index.php?rest_route=\/wp\/v2\/posts\/10875\/revisions"}],"predecessor-version":[{"id":10880,"href":"https:\/\/nuevodigitaldeescobar.com.ar\/index.php?rest_route=\/wp\/v2\/posts\/10875\/revisions\/10880"}],"wp:featuredmedia":[{"embeddable":true,"href":"https:\/\/nuevodigitaldeescobar.com.ar\/index.php?rest_route=\/wp\/v2\/media\/10876"}],"wp:attachment":[{"href":"https:\/\/nuevodigitaldeescobar.com.ar\/index.php?rest_route=%2Fwp%2Fv2%2Fmedia&parent=10875"}],"wp:term":[{"taxonomy":"category","embeddable":true,"href":"https:\/\/nuevodigitaldeescobar.com.ar\/index.php?rest_route=%2Fwp%2Fv2%2Fcategories&post=10875"},{"taxonomy":"post_tag","embeddable":true,"href":"https:\/\/nuevodigitaldeescobar.com.ar\/index.php?rest_route=%2Fwp%2Fv2%2Ftags&post=10875"}],"curies":[{"name":"wp","href":"https:\/\/api.w.org\/{rel}","templated":true}]}}