{"id":1099,"date":"2023-11-21T14:11:26","date_gmt":"2023-11-21T17:11:26","guid":{"rendered":"https:\/\/nuevodigitaldeescobar.com.ar\/?p=1099"},"modified":"2023-11-21T14:12:28","modified_gmt":"2023-11-21T17:12:28","slug":"1099","status":"publish","type":"post","link":"https:\/\/nuevodigitaldeescobar.com.ar\/?p=1099","title":{"rendered":"La DAIA present\u00f3 un amparo ante la Justicia para que se suspenda el recital de Roger Waters"},"content":{"rendered":"<p><span style=\"color: #003366;\"><strong><em>El m\u00fasico brit\u00e1nico dar\u00e1 un concierto esta noche y el mi\u00e9rcoles en el estadio de River Plate. La entidad israelita lo acus\u00f3 de pronunciar declaraciones antisemitas en su \u00faltima presentaci\u00f3n en Montevideo.<\/em><\/strong><\/span><\/p>\n<p><!--more--><\/p>\n<p>La Delegaci\u00f3n de Asociaciones Israelitas Argentinas (DAIA) present\u00f3 un amparo para solicitar la suspensi\u00f3n de los dos shows de Roger Waters en la Argentina, a partir de los dichos antisemitas del ex bajista de Pink Floyd, que se presenta este martes y mi\u00e9rcoles en el estadio de River.<\/p>\n<p><em>\u201cSe present\u00f3 ante la Justicia un amparo con pedido de medida cautelar solicitando la suspensi\u00f3n del recital de Roger Waters programado para realizarse en Buenos Aires en el d\u00eda de hoy por sus expresiones y mensajes antisemitas durante su presentaci\u00f3n en Montevideo, Uruguay, el pasado viernes 17 de noviembre\u201d<\/em>, indic\u00f3 la DAIA en un comunicado.<\/p>\n<p><em>\u201cLa DAIA repudia, condena y considera peligrosos los mensajes antisemitas que el ex l\u00edder de la banda Pink Floyd viene repitiendo en sus presentaciones p\u00fablicas -contin\u00faa el texto-. Adem\u00e1s de poner en duda la masacre terrorista cometida por Hamas el 7 de octubre asegurando que fue un invento de Israel, durante el show en Uruguay insult\u00f3 al presidente de la Comunidad Jud\u00eda de Uruguay y acus\u00f3 a Israel de asesinar al pueblo palestino\u201d<\/em>.<\/p>\n<p><em>\u201cSin lugar a dudas, Roger Waters promueve discursos de odio y su conducta viola la Ley Antidiscriminatoria, una legislaci\u00f3n valiosa que rige en la Rep\u00fablica Argentina y que fue promovida por la DAIA\u201d<\/em>, concluye el mensaje de la entidad israelita.<\/p>\n<p>Durante uno de los shows en Uruguay, el ex Pink Floyd una referencia a una situaci\u00f3n que rode\u00f3 su llegada a Montevideo, donde ya hab\u00eda comenzado la pol\u00e9mica sobre la visita del m\u00fasico. Ese marco, insult\u00f3 al presidente del Comit\u00e9 Central Israelita del Uruguay: <em>\u201cQuiero decirle especiales buenas noches al se\u00f1or Roby Schindler, quien es el l\u00edder de alguna organizaci\u00f3n israel\u00ed de aqu\u00ed y me hizo prohibir en los hermosos hoteles de su ciudad. As\u00ed que Roby, \u00a1fuck you!\u201d<\/em>. El m\u00fasico agreg\u00f3 que, mientras hablaba, <em>\u201cel gobierno de Israel est\u00e1 asesinando al pueblo palestino en Gaza\u201d<\/em>.<\/p>\n<figure id=\"attachment_1100\" aria-describedby=\"caption-attachment-1100\" style=\"width: 720px\" class=\"wp-caption alignnone\"><img fetchpriority=\"high\" decoding=\"async\" class=\"size-full wp-image-1100\" src=\"http:\/\/nuevodigitaldeescobar.com.ar\/wp-content\/uploads\/2023\/11\/comunicado-daia.jpg\" alt=\"\" width=\"720\" height=\"673\" srcset=\"https:\/\/nuevodigitaldeescobar.com.ar\/wp-content\/uploads\/2023\/11\/comunicado-daia.jpg 720w, https:\/\/nuevodigitaldeescobar.com.ar\/wp-content\/uploads\/2023\/11\/comunicado-daia-300x280.jpg 300w\" sizes=\"(max-width: 720px) 100vw, 720px\" \/><figcaption id=\"caption-attachment-1100\" class=\"wp-caption-text\">El comunicado de la DAIA.<\/figcaption><\/figure>\n<p>La presentaci\u00f3n de la DAIA no es la \u00fanica denuncia que se hizo en el pa\u00eds contra el cantante del Reino Unido. El mi\u00e9rcoles pasado, fue denunciado por un abogado en los tribunales de Comodoro Py por discriminaci\u00f3n, incitaci\u00f3n a la violencia y apolog\u00eda del delito por sus declaraciones antisemitas. Tambi\u00e9n se radic\u00f3 otra acusaci\u00f3n por discriminaci\u00f3n en la justicia penal de la Ciudad de Buenos Aires por Sergio Zigelbaum y su padre Carlos Zigelbaum, sobreviviente del Holocausto.<\/p>\n<p>El repudio se desencaden\u00f3 en las \u00faltimas semanas cuando el m\u00fasico se expres\u00f3 p\u00fablicamente diciendo que no cre\u00eda que haya sido cierto el ataque del grupo terrorista Hamas en territorio israel\u00ed. <em>\u201c\u00bfC\u00f3mo demonios no sab\u00edan los israel\u00edes que esto iba a ocurrir? Todav\u00eda estoy un poco en esa madriguera de conejo. Quiero decir, \u00bfno escuch\u00f3 el ej\u00e9rcito israel\u00ed en esos 11, 10 u 11 campos los estallidos cuando explotaron? \u00bfLo que sea que tuvieran que volar para cruzar la frontera? Hay algo muy sospechoso en eso\u201d<\/em>, hab\u00eda declarado el m\u00fasico en una entrevista con el abogado y periodista Glenn Greenwald.<\/p>\n<p>Consultado sobre su cr\u00edtica a Israel y sus habituales dichos, Waters continu\u00f3: <em>\u201cConsideran que las personas que profesan la religi\u00f3n jud\u00eda tienen una serie de derechos completamente diferentes a todos los dem\u00e1s. Esto es fundamentalmente importante. Por eso en mi mensaje digo: \u2018\u00bfSuscribes o no la idea de la igualdad de derechos humanos? Porque en cuanto no lo haces, eres un nazi. Y s\u00e9 que no puedes decir nazi\u2019\u201d<\/em>.<\/p>\n<p>Por sus posturas pol\u00edticas, Roger Waters tuvo serias dificultades para realizar reservas hoteleras en Montevideo y Buenos Aires -concretamente en el hotel Alvear y en el Faena. El m\u00fasico admiti\u00f3 p\u00fablicamente lo ocurrido en una entrevista al diario P\u00e1gina\/12.<\/p>\n<p>Adem\u00e1s de las cancelaciones y presentaciones en la Justicia, un grupo de legisladores opositores presentaron un proyecto en el Congreso para repudiar su visita.<\/p>\n<p><em>(Infobae)<\/em><\/p>\n","protected":false},"excerpt":{"rendered":"<p>El m\u00fasico brit\u00e1nico dar\u00e1 un concierto esta noche y el mi\u00e9rcoles en el estadio de River Plate. La entidad israelita lo acus\u00f3 de pronunciar declaraciones [&hellip;]<\/p>\n","protected":false},"author":1,"featured_media":1101,"comment_status":"open","ping_status":"closed","sticky":false,"template":"","format":"standard","meta":{"footnotes":""},"categories":[11,15],"tags":[],"class_list":["post-1099","post","type-post","status-publish","format-standard","has-post-thumbnail","hentry","category-cultura-arte-y-espectaculos","category-sociedad"],"better_featured_image":{"id":1101,"alt_text":"","caption":"","description":"","media_type":"image","media_details":{"width":720,"height":418,"file":"2023\/11\/roger-waters.jpg","filesize":26457,"sizes":{"medium":{"file":"roger-waters-300x174.jpg","width":300,"height":174,"mime-type":"image\/jpeg","filesize":9917,"source_url":"https:\/\/nuevodigitaldeescobar.com.ar\/wp-content\/uploads\/2023\/11\/roger-waters-300x174.jpg"},"thumbnail":{"file":"roger-waters-150x150.jpg","width":150,"height":150,"mime-type":"image\/jpeg","filesize":7516,"source_url":"https:\/\/nuevodigitaldeescobar.com.ar\/wp-content\/uploads\/2023\/11\/roger-waters-150x150.jpg"},"covernews-medium":{"file":"roger-waters-540x340.jpg","width":540,"height":340,"mime-type":"image\/jpeg","filesize":19581,"source_url":"https:\/\/nuevodigitaldeescobar.com.ar\/wp-content\/uploads\/2023\/11\/roger-waters-540x340.jpg"},"covernews-medium-square":{"file":"roger-waters-400x250.jpg","width":400,"height":250,"mime-type":"image\/jpeg","filesize":13826,"source_url":"https:\/\/nuevodigitaldeescobar.com.ar\/wp-content\/uploads\/2023\/11\/roger-waters-400x250.jpg"}},"image_meta":{"aperture":"0","credit":"","camera":"","caption":"","created_timestamp":"0","copyright":"","focal_length":"0","iso":"0","shutter_speed":"0","title":"","orientation":"0","keywords":[]}},"post":1099,"source_url":"https:\/\/nuevodigitaldeescobar.com.ar\/wp-content\/uploads\/2023\/11\/roger-waters.jpg"},"yoast_head":"<!-- This site is optimized with the Yoast SEO plugin v26.1.1 - https:\/\/yoast.com\/wordpress\/plugins\/seo\/ -->\n<title>La DAIA present\u00f3 un amparo ante la Justicia para que se suspenda el recital de Roger Waters - Nuevo Digital de Escobar<\/title>\n<meta name=\"robots\" content=\"index, follow, max-snippet:-1, max-image-preview:large, max-video-preview:-1\" \/>\n<link rel=\"canonical\" href=\"https:\/\/nuevodigitaldeescobar.com.ar\/?p=1099\" \/>\n<meta property=\"og:locale\" content=\"es_ES\" \/>\n<meta property=\"og:type\" content=\"article\" \/>\n<meta property=\"og:title\" content=\"La DAIA present\u00f3 un amparo ante la Justicia para que se suspenda el recital de Roger Waters - Nuevo Digital de Escobar\" \/>\n<meta property=\"og:description\" content=\"El m\u00fasico brit\u00e1nico dar\u00e1 un concierto esta noche y el mi\u00e9rcoles en el estadio de River Plate. La entidad israelita lo acus\u00f3 de pronunciar declaraciones [&hellip;]\" \/>\n<meta property=\"og:url\" content=\"https:\/\/nuevodigitaldeescobar.com.ar\/?p=1099\" \/>\n<meta property=\"og:site_name\" content=\"Nuevo Digital de Escobar\" \/>\n<meta property=\"article:publisher\" content=\"https:\/\/www.facebook.com\/NUEVODigitalDeEscobar\" \/>\n<meta property=\"article:published_time\" content=\"2023-11-21T17:11:26+00:00\" \/>\n<meta property=\"article:modified_time\" content=\"2023-11-21T17:12:28+00:00\" \/>\n<meta property=\"og:image\" content=\"https:\/\/nuevodigitaldeescobar.com.ar\/wp-content\/uploads\/2023\/11\/roger-waters.jpg\" \/>\n\t<meta property=\"og:image:width\" content=\"720\" \/>\n\t<meta property=\"og:image:height\" content=\"418\" \/>\n\t<meta property=\"og:image:type\" content=\"image\/jpeg\" \/>\n<meta name=\"author\" content=\"Redacci\u00f3n\" \/>\n<meta name=\"twitter:card\" content=\"summary_large_image\" \/>\n<meta name=\"twitter:creator\" content=\"@nuevodigescobar\" \/>\n<meta name=\"twitter:site\" content=\"@nuevodigescobar\" \/>\n<meta name=\"twitter:label1\" content=\"Escrito por\" \/>\n\t<meta name=\"twitter:data1\" content=\"Redacci\u00f3n\" \/>\n\t<meta name=\"twitter:label2\" content=\"Tiempo de lectura\" \/>\n\t<meta name=\"twitter:data2\" content=\"4 minutos\" \/>\n<script type=\"application\/ld+json\" class=\"yoast-schema-graph\">{\"@context\":\"https:\/\/schema.org\",\"@graph\":[{\"@type\":\"Article\",\"@id\":\"https:\/\/nuevodigitaldeescobar.com.ar\/?p=1099#article\",\"isPartOf\":{\"@id\":\"https:\/\/nuevodigitaldeescobar.com.ar\/?p=1099\"},\"author\":{\"name\":\"Redacci\u00f3n\",\"@id\":\"https:\/\/nuevodigitaldeescobar.com.ar\/#\/schema\/person\/035e90a8efe9a80e6eec22656ad6ea4c\"},\"headline\":\"La DAIA present\u00f3 un amparo ante la Justicia para que se suspenda el recital de Roger Waters\",\"datePublished\":\"2023-11-21T17:11:26+00:00\",\"dateModified\":\"2023-11-21T17:12:28+00:00\",\"mainEntityOfPage\":{\"@id\":\"https:\/\/nuevodigitaldeescobar.com.ar\/?p=1099\"},\"wordCount\":732,\"commentCount\":0,\"publisher\":{\"@id\":\"https:\/\/nuevodigitaldeescobar.com.ar\/#organization\"},\"image\":{\"@id\":\"https:\/\/nuevodigitaldeescobar.com.ar\/?p=1099#primaryimage\"},\"thumbnailUrl\":\"https:\/\/nuevodigitaldeescobar.com.ar\/wp-content\/uploads\/2023\/11\/roger-waters.jpg\",\"articleSection\":[\"Cultura, Arte y Espect\u00e1culos\",\"Sociedad\"],\"inLanguage\":\"es\",\"potentialAction\":[{\"@type\":\"CommentAction\",\"name\":\"Comment\",\"target\":[\"https:\/\/nuevodigitaldeescobar.com.ar\/?p=1099#respond\"]}]},{\"@type\":\"WebPage\",\"@id\":\"https:\/\/nuevodigitaldeescobar.com.ar\/?p=1099\",\"url\":\"https:\/\/nuevodigitaldeescobar.com.ar\/?p=1099\",\"name\":\"La DAIA present\u00f3 un amparo ante la Justicia para que se suspenda el recital de Roger Waters - Nuevo Digital de Escobar\",\"isPartOf\":{\"@id\":\"https:\/\/nuevodigitaldeescobar.com.ar\/#website\"},\"primaryImageOfPage\":{\"@id\":\"https:\/\/nuevodigitaldeescobar.com.ar\/?p=1099#primaryimage\"},\"image\":{\"@id\":\"https:\/\/nuevodigitaldeescobar.com.ar\/?p=1099#primaryimage\"},\"thumbnailUrl\":\"https:\/\/nuevodigitaldeescobar.com.ar\/wp-content\/uploads\/2023\/11\/roger-waters.jpg\",\"datePublished\":\"2023-11-21T17:11:26+00:00\",\"dateModified\":\"2023-11-21T17:12:28+00:00\",\"breadcrumb\":{\"@id\":\"https:\/\/nuevodigitaldeescobar.com.ar\/?p=1099#breadcrumb\"},\"inLanguage\":\"es\",\"potentialAction\":[{\"@type\":\"ReadAction\",\"target\":[\"https:\/\/nuevodigitaldeescobar.com.ar\/?p=1099\"]}]},{\"@type\":\"ImageObject\",\"inLanguage\":\"es\",\"@id\":\"https:\/\/nuevodigitaldeescobar.com.ar\/?p=1099#primaryimage\",\"url\":\"https:\/\/nuevodigitaldeescobar.com.ar\/wp-content\/uploads\/2023\/11\/roger-waters.jpg\",\"contentUrl\":\"https:\/\/nuevodigitaldeescobar.com.ar\/wp-content\/uploads\/2023\/11\/roger-waters.jpg\",\"width\":720,\"height\":418},{\"@type\":\"BreadcrumbList\",\"@id\":\"https:\/\/nuevodigitaldeescobar.com.ar\/?p=1099#breadcrumb\",\"itemListElement\":[{\"@type\":\"ListItem\",\"position\":1,\"name\":\"Portada\",\"item\":\"https:\/\/nuevodigitaldeescobar.com.ar\/\"},{\"@type\":\"ListItem\",\"position\":2,\"name\":\"La DAIA present\u00f3 un amparo ante la Justicia para que se suspenda el recital de Roger Waters\"}]},{\"@type\":\"WebSite\",\"@id\":\"https:\/\/nuevodigitaldeescobar.com.ar\/#website\",\"url\":\"https:\/\/nuevodigitaldeescobar.com.ar\/\",\"name\":\"Nuevo Digital de Escobar\",\"description\":\"La vida escobarense. Directora: Rosana Brunner\",\"publisher\":{\"@id\":\"https:\/\/nuevodigitaldeescobar.com.ar\/#organization\"},\"potentialAction\":[{\"@type\":\"SearchAction\",\"target\":{\"@type\":\"EntryPoint\",\"urlTemplate\":\"https:\/\/nuevodigitaldeescobar.com.ar\/?s={search_term_string}\"},\"query-input\":{\"@type\":\"PropertyValueSpecification\",\"valueRequired\":true,\"valueName\":\"search_term_string\"}}],\"inLanguage\":\"es\"},{\"@type\":\"Organization\",\"@id\":\"https:\/\/nuevodigitaldeescobar.com.ar\/#organization\",\"name\":\"Nuevo Digital de Escobar\",\"url\":\"https:\/\/nuevodigitaldeescobar.com.ar\/\",\"logo\":{\"@type\":\"ImageObject\",\"inLanguage\":\"es\",\"@id\":\"https:\/\/nuevodigitaldeescobar.com.ar\/#\/schema\/logo\/image\/\",\"url\":\"https:\/\/nuevodigitaldeescobar.com.ar\/wp-content\/uploads\/2025\/05\/cropped-logo-nuevo2.jpg\",\"contentUrl\":\"https:\/\/nuevodigitaldeescobar.com.ar\/wp-content\/uploads\/2025\/05\/cropped-logo-nuevo2.jpg\",\"width\":305,\"height\":305,\"caption\":\"Nuevo Digital de Escobar\"},\"image\":{\"@id\":\"https:\/\/nuevodigitaldeescobar.com.ar\/#\/schema\/logo\/image\/\"},\"sameAs\":[\"https:\/\/www.facebook.com\/NUEVODigitalDeEscobar\",\"https:\/\/x.com\/nuevodigescobar\",\"https:\/\/www.instagram.com\/nuevodigitaldeescobar\"]},{\"@type\":\"Person\",\"@id\":\"https:\/\/nuevodigitaldeescobar.com.ar\/#\/schema\/person\/035e90a8efe9a80e6eec22656ad6ea4c\",\"name\":\"Redacci\u00f3n\",\"image\":{\"@type\":\"ImageObject\",\"inLanguage\":\"es\",\"@id\":\"https:\/\/nuevodigitaldeescobar.com.ar\/#\/schema\/person\/image\/\",\"url\":\"https:\/\/secure.gravatar.com\/avatar\/8af8f40000c24e9eef3034f2be5998a372bb1389e64b1a4a36b3a7979142220d?s=96&d=mm&r=g\",\"contentUrl\":\"https:\/\/secure.gravatar.com\/avatar\/8af8f40000c24e9eef3034f2be5998a372bb1389e64b1a4a36b3a7979142220d?s=96&d=mm&r=g\",\"caption\":\"Redacci\u00f3n\"},\"sameAs\":[\"http:\/\/nuevodigitaldeescobar.com.ar\"],\"url\":\"https:\/\/nuevodigitaldeescobar.com.ar\/?author=1\"}]}<\/script>\n<!-- \/ Yoast SEO plugin. -->","yoast_head_json":{"title":"La DAIA present\u00f3 un amparo ante la Justicia para que se suspenda el recital de Roger Waters - Nuevo Digital de Escobar","robots":{"index":"index","follow":"follow","max-snippet":"max-snippet:-1","max-image-preview":"max-image-preview:large","max-video-preview":"max-video-preview:-1"},"canonical":"https:\/\/nuevodigitaldeescobar.com.ar\/?p=1099","og_locale":"es_ES","og_type":"article","og_title":"La DAIA present\u00f3 un amparo ante la Justicia para que se suspenda el recital de Roger Waters - Nuevo Digital de Escobar","og_description":"El m\u00fasico brit\u00e1nico dar\u00e1 un concierto esta noche y el mi\u00e9rcoles en el estadio de River Plate. La entidad israelita lo acus\u00f3 de pronunciar declaraciones [&hellip;]","og_url":"https:\/\/nuevodigitaldeescobar.com.ar\/?p=1099","og_site_name":"Nuevo Digital de Escobar","article_publisher":"https:\/\/www.facebook.com\/NUEVODigitalDeEscobar","article_published_time":"2023-11-21T17:11:26+00:00","article_modified_time":"2023-11-21T17:12:28+00:00","og_image":[{"width":720,"height":418,"url":"https:\/\/nuevodigitaldeescobar.com.ar\/wp-content\/uploads\/2023\/11\/roger-waters.jpg","type":"image\/jpeg"}],"author":"Redacci\u00f3n","twitter_card":"summary_large_image","twitter_creator":"@nuevodigescobar","twitter_site":"@nuevodigescobar","twitter_misc":{"Escrito por":"Redacci\u00f3n","Tiempo de lectura":"4 minutos"},"schema":{"@context":"https:\/\/schema.org","@graph":[{"@type":"Article","@id":"https:\/\/nuevodigitaldeescobar.com.ar\/?p=1099#article","isPartOf":{"@id":"https:\/\/nuevodigitaldeescobar.com.ar\/?p=1099"},"author":{"name":"Redacci\u00f3n","@id":"https:\/\/nuevodigitaldeescobar.com.ar\/#\/schema\/person\/035e90a8efe9a80e6eec22656ad6ea4c"},"headline":"La DAIA present\u00f3 un amparo ante la Justicia para que se suspenda el recital de Roger Waters","datePublished":"2023-11-21T17:11:26+00:00","dateModified":"2023-11-21T17:12:28+00:00","mainEntityOfPage":{"@id":"https:\/\/nuevodigitaldeescobar.com.ar\/?p=1099"},"wordCount":732,"commentCount":0,"publisher":{"@id":"https:\/\/nuevodigitaldeescobar.com.ar\/#organization"},"image":{"@id":"https:\/\/nuevodigitaldeescobar.com.ar\/?p=1099#primaryimage"},"thumbnailUrl":"https:\/\/nuevodigitaldeescobar.com.ar\/wp-content\/uploads\/2023\/11\/roger-waters.jpg","articleSection":["Cultura, Arte y Espect\u00e1culos","Sociedad"],"inLanguage":"es","potentialAction":[{"@type":"CommentAction","name":"Comment","target":["https:\/\/nuevodigitaldeescobar.com.ar\/?p=1099#respond"]}]},{"@type":"WebPage","@id":"https:\/\/nuevodigitaldeescobar.com.ar\/?p=1099","url":"https:\/\/nuevodigitaldeescobar.com.ar\/?p=1099","name":"La DAIA present\u00f3 un amparo ante la Justicia para que se suspenda el recital de Roger Waters - Nuevo Digital de Escobar","isPartOf":{"@id":"https:\/\/nuevodigitaldeescobar.com.ar\/#website"},"primaryImageOfPage":{"@id":"https:\/\/nuevodigitaldeescobar.com.ar\/?p=1099#primaryimage"},"image":{"@id":"https:\/\/nuevodigitaldeescobar.com.ar\/?p=1099#primaryimage"},"thumbnailUrl":"https:\/\/nuevodigitaldeescobar.com.ar\/wp-content\/uploads\/2023\/11\/roger-waters.jpg","datePublished":"2023-11-21T17:11:26+00:00","dateModified":"2023-11-21T17:12:28+00:00","breadcrumb":{"@id":"https:\/\/nuevodigitaldeescobar.com.ar\/?p=1099#breadcrumb"},"inLanguage":"es","potentialAction":[{"@type":"ReadAction","target":["https:\/\/nuevodigitaldeescobar.com.ar\/?p=1099"]}]},{"@type":"ImageObject","inLanguage":"es","@id":"https:\/\/nuevodigitaldeescobar.com.ar\/?p=1099#primaryimage","url":"https:\/\/nuevodigitaldeescobar.com.ar\/wp-content\/uploads\/2023\/11\/roger-waters.jpg","contentUrl":"https:\/\/nuevodigitaldeescobar.com.ar\/wp-content\/uploads\/2023\/11\/roger-waters.jpg","width":720,"height":418},{"@type":"BreadcrumbList","@id":"https:\/\/nuevodigitaldeescobar.com.ar\/?p=1099#breadcrumb","itemListElement":[{"@type":"ListItem","position":1,"name":"Portada","item":"https:\/\/nuevodigitaldeescobar.com.ar\/"},{"@type":"ListItem","position":2,"name":"La DAIA present\u00f3 un amparo ante la Justicia para que se suspenda el recital de Roger Waters"}]},{"@type":"WebSite","@id":"https:\/\/nuevodigitaldeescobar.com.ar\/#website","url":"https:\/\/nuevodigitaldeescobar.com.ar\/","name":"Nuevo Digital de Escobar","description":"La vida escobarense. Directora: Rosana Brunner","publisher":{"@id":"https:\/\/nuevodigitaldeescobar.com.ar\/#organization"},"potentialAction":[{"@type":"SearchAction","target":{"@type":"EntryPoint","urlTemplate":"https:\/\/nuevodigitaldeescobar.com.ar\/?s={search_term_string}"},"query-input":{"@type":"PropertyValueSpecification","valueRequired":true,"valueName":"search_term_string"}}],"inLanguage":"es"},{"@type":"Organization","@id":"https:\/\/nuevodigitaldeescobar.com.ar\/#organization","name":"Nuevo Digital de Escobar","url":"https:\/\/nuevodigitaldeescobar.com.ar\/","logo":{"@type":"ImageObject","inLanguage":"es","@id":"https:\/\/nuevodigitaldeescobar.com.ar\/#\/schema\/logo\/image\/","url":"https:\/\/nuevodigitaldeescobar.com.ar\/wp-content\/uploads\/2025\/05\/cropped-logo-nuevo2.jpg","contentUrl":"https:\/\/nuevodigitaldeescobar.com.ar\/wp-content\/uploads\/2025\/05\/cropped-logo-nuevo2.jpg","width":305,"height":305,"caption":"Nuevo Digital de Escobar"},"image":{"@id":"https:\/\/nuevodigitaldeescobar.com.ar\/#\/schema\/logo\/image\/"},"sameAs":["https:\/\/www.facebook.com\/NUEVODigitalDeEscobar","https:\/\/x.com\/nuevodigescobar","https:\/\/www.instagram.com\/nuevodigitaldeescobar"]},{"@type":"Person","@id":"https:\/\/nuevodigitaldeescobar.com.ar\/#\/schema\/person\/035e90a8efe9a80e6eec22656ad6ea4c","name":"Redacci\u00f3n","image":{"@type":"ImageObject","inLanguage":"es","@id":"https:\/\/nuevodigitaldeescobar.com.ar\/#\/schema\/person\/image\/","url":"https:\/\/secure.gravatar.com\/avatar\/8af8f40000c24e9eef3034f2be5998a372bb1389e64b1a4a36b3a7979142220d?s=96&d=mm&r=g","contentUrl":"https:\/\/secure.gravatar.com\/avatar\/8af8f40000c24e9eef3034f2be5998a372bb1389e64b1a4a36b3a7979142220d?s=96&d=mm&r=g","caption":"Redacci\u00f3n"},"sameAs":["http:\/\/nuevodigitaldeescobar.com.ar"],"url":"https:\/\/nuevodigitaldeescobar.com.ar\/?author=1"}]}},"featured_image_urls":{"full":["https:\/\/nuevodigitaldeescobar.com.ar\/wp-content\/uploads\/2023\/11\/roger-waters.jpg",720,418,false],"thumbnail":["https:\/\/nuevodigitaldeescobar.com.ar\/wp-content\/uploads\/2023\/11\/roger-waters-150x150.jpg",150,150,true],"medium":["https:\/\/nuevodigitaldeescobar.com.ar\/wp-content\/uploads\/2023\/11\/roger-waters-300x174.jpg",300,174,true],"medium_large":["https:\/\/nuevodigitaldeescobar.com.ar\/wp-content\/uploads\/2023\/11\/roger-waters.jpg",640,372,false],"large":["https:\/\/nuevodigitaldeescobar.com.ar\/wp-content\/uploads\/2023\/11\/roger-waters.jpg",640,372,false],"1536x1536":["https:\/\/nuevodigitaldeescobar.com.ar\/wp-content\/uploads\/2023\/11\/roger-waters.jpg",720,418,false],"2048x2048":["https:\/\/nuevodigitaldeescobar.com.ar\/wp-content\/uploads\/2023\/11\/roger-waters.jpg",720,418,false]},"author_info":{"display_name":"Redacci\u00f3n","author_link":"https:\/\/nuevodigitaldeescobar.com.ar\/?author=1"},"category_info":"<a href=\"https:\/\/nuevodigitaldeescobar.com.ar\/?cat=11\" rel=\"category\">Cultura, Arte y Espect\u00e1culos<\/a> <a href=\"https:\/\/nuevodigitaldeescobar.com.ar\/?cat=15\" rel=\"category\">Sociedad<\/a>","tag_info":"Sociedad","comment_count":"0","_links":{"self":[{"href":"https:\/\/nuevodigitaldeescobar.com.ar\/index.php?rest_route=\/wp\/v2\/posts\/1099","targetHints":{"allow":["GET"]}}],"collection":[{"href":"https:\/\/nuevodigitaldeescobar.com.ar\/index.php?rest_route=\/wp\/v2\/posts"}],"about":[{"href":"https:\/\/nuevodigitaldeescobar.com.ar\/index.php?rest_route=\/wp\/v2\/types\/post"}],"author":[{"embeddable":true,"href":"https:\/\/nuevodigitaldeescobar.com.ar\/index.php?rest_route=\/wp\/v2\/users\/1"}],"replies":[{"embeddable":true,"href":"https:\/\/nuevodigitaldeescobar.com.ar\/index.php?rest_route=%2Fwp%2Fv2%2Fcomments&post=1099"}],"version-history":[{"count":2,"href":"https:\/\/nuevodigitaldeescobar.com.ar\/index.php?rest_route=\/wp\/v2\/posts\/1099\/revisions"}],"predecessor-version":[{"id":1103,"href":"https:\/\/nuevodigitaldeescobar.com.ar\/index.php?rest_route=\/wp\/v2\/posts\/1099\/revisions\/1103"}],"wp:featuredmedia":[{"embeddable":true,"href":"https:\/\/nuevodigitaldeescobar.com.ar\/index.php?rest_route=\/wp\/v2\/media\/1101"}],"wp:attachment":[{"href":"https:\/\/nuevodigitaldeescobar.com.ar\/index.php?rest_route=%2Fwp%2Fv2%2Fmedia&parent=1099"}],"wp:term":[{"taxonomy":"category","embeddable":true,"href":"https:\/\/nuevodigitaldeescobar.com.ar\/index.php?rest_route=%2Fwp%2Fv2%2Fcategories&post=1099"},{"taxonomy":"post_tag","embeddable":true,"href":"https:\/\/nuevodigitaldeescobar.com.ar\/index.php?rest_route=%2Fwp%2Fv2%2Ftags&post=1099"}],"curies":[{"name":"wp","href":"https:\/\/api.w.org\/{rel}","templated":true}]}}