{"id":11002,"date":"2025-01-06T07:20:00","date_gmt":"2025-01-06T10:20:00","guid":{"rendered":"https:\/\/nuevodigitaldeescobar.com.ar\/?p=11002"},"modified":"2025-01-06T03:35:53","modified_gmt":"2025-01-06T06:35:53","slug":"grabois-y-lemoine-critican-a-villarruel-por-sus-quejas-salariales-si-no-estas-conforme-renuncia","status":"publish","type":"post","link":"https:\/\/nuevodigitaldeescobar.com.ar\/?p=11002","title":{"rendered":"Grabois y Lemoine critican a Villarruel por sus quejas salariales: \u00abSi no est\u00e1s conforme, renunci\u00e1\u00bb"},"content":{"rendered":"<p><span style=\"color: #003366;\"><strong><em>La vicepresidente de la Naci\u00f3n, Victoria Villarruel, qued\u00f3 en el centro de la pol\u00e9mica tras quejarse p\u00fablicamente del salario que percibe como titular del Senado, en el marco del decreto que congela las dietas de los senadores hasta marzo. Sus declaraciones desataron una ola de cr\u00edticas, encabezadas por el dirigente social Juan Grabois y la diputada oficialista Lilia Lemoine, quienes cuestionaron duramente su postura.<\/em><\/strong><\/span><\/p>\n<p><!--more--><\/p>\n\n\n<p>El l\u00edder del Movimiento de Trabajadores Excluidos (MTE) no dud\u00f3 en ironizar sobre la situaci\u00f3n. <em>\u00abDej\u00e1 de llorar y renunci\u00e1, Videlina. Algo vas a conseguir en el sector privado, capaz te pagan tres chirolas\u00bb<\/em>, lanz\u00f3 Grabois en sus redes sociales, utilizando un apodo que alude a las posturas de Villarruel respecto a la \u00faltima dictadura militar. Adem\u00e1s, sugiri\u00f3 posibles ocupaciones para la vicepresidente: <em>\u00abModelo de botas o abogada de genocidas\u00bb<\/em>.<\/p>\n\n\n\n<p>Por su parte, Lemoine, diputada del bloque La Libertad Avanza (LLA), sorprendi\u00f3 al respaldar las cr\u00edticas de Grabois, con quien mantiene marcadas diferencias ideol\u00f3gicas. <em><strong>\u00abNo me obligues a darte like, lpmqtrmp\u00bb<\/strong><\/em>, coment\u00f3 la legisladora en tono jocoso, generando una inesperada coincidencia entre ambos opositores de Villarruel.<\/p>\n\n\n<div class=\"wp-block-image is-style-default\">\n<figure class=\"aligncenter size-full\"><img fetchpriority=\"high\" decoding=\"async\" width=\"593\" height=\"912\" src=\"https:\/\/nuevodigitaldeescobar.com.ar\/wp-content\/uploads\/2025\/01\/juangrab456.png\" alt=\"\" class=\"wp-image-11004\" srcset=\"https:\/\/nuevodigitaldeescobar.com.ar\/wp-content\/uploads\/2025\/01\/juangrab456.png 593w, https:\/\/nuevodigitaldeescobar.com.ar\/wp-content\/uploads\/2025\/01\/juangrab456-195x300.png 195w\" sizes=\"(max-width: 593px) 100vw, 593px\" \/><figcaption class=\"wp-element-caption\">Twit de Grabois<\/figcaption><\/figure><\/div>\n\n\n<p>La controversia se desat\u00f3 tras una publicaci\u00f3n de Villarruel en Instagram, donde inform\u00f3 haber firmado el congelamiento de dietas para los senadores. Sin embargo, sus declaraciones generaron indignaci\u00f3n al afirmar: <em>\u00abGano menos que el Presidente, los diputados, los jueces, y as\u00ed puedo seguir. No alcanza a nadie que viva de su sueldo con honestidad\u00bb<\/em>.<\/p>\n\n\n\n<p>Adem\u00e1s, Villarruel apunt\u00f3 contra el presidente de la C\u00e1mara de Diputados, Mart\u00edn Menem, por haber otorgado un aumento del 70% a los diputados en 2023. <em>\u00abDigamos la verdad, por favor. Mi sueldo est\u00e1 congelado hace un a\u00f1o, en breve me pagan dos chirolas\u00bb<\/em>, asegur\u00f3, en referencia al vocero presidencial Manuel Adorni, quien tambi\u00e9n fue mencionado en sus cr\u00edticas.<\/p>\n\n\n<div class=\"wp-block-image\">\n<figure class=\"aligncenter size-full\"><img decoding=\"async\" width=\"532\" height=\"707\" src=\"https:\/\/nuevodigitaldeescobar.com.ar\/wp-content\/uploads\/2025\/01\/juangrab4666.png\" alt=\"\" class=\"wp-image-11005\" srcset=\"https:\/\/nuevodigitaldeescobar.com.ar\/wp-content\/uploads\/2025\/01\/juangrab4666.png 532w, https:\/\/nuevodigitaldeescobar.com.ar\/wp-content\/uploads\/2025\/01\/juangrab4666-226x300.png 226w\" sizes=\"(max-width: 532px) 100vw, 532px\" \/><figcaption class=\"wp-element-caption\">La pol\u00e9mica respuesta de Lemoine, entre otras<\/figcaption><\/figure><\/div>\n\n\n<p>Lemoine, sin embargo, no dej\u00f3 pasar la oportunidad de exponer una aparente contradicci\u00f3n en las palabras de Villarruel. <em>\u00abMart\u00edn y yo cobramos lo mismo\u00bb<\/em>, asegur\u00f3, adjuntando un recibo de sueldo donde figura un monto cercano a los 4 millones de pesos. <em>\u00abNo puedo creer que la vice se queje por ganar lo mismo que Menem o Adorni. Qu\u00e9 verg\u00fcenza\u00bb<\/em>, agreg\u00f3.<\/p>\n\n\n\n<p>Por el momento, tanto Mart\u00edn Menem como Manuel Adorni evitaron pronunciarse al respecto. Mientras tanto, la disputa dentro del oficialismo y las cr\u00edticas desde la oposici\u00f3n mantienen en el ojo de la tormenta a la vicepresidente, cuyas quejas salariales contin\u00faan alimentando un encendido debate p\u00fablico.<\/p>\n","protected":false},"excerpt":{"rendered":"<p>La vicepresidente de la Naci\u00f3n, Victoria Villarruel, qued\u00f3 en el centro de la pol\u00e9mica tras quejarse p\u00fablicamente del salario que percibe como titular del Senado, [&hellip;]<\/p>\n","protected":false},"author":1,"featured_media":11003,"comment_status":"open","ping_status":"open","sticky":false,"template":"","format":"standard","meta":{"footnotes":""},"categories":[6],"tags":[],"class_list":["post-11002","post","type-post","status-publish","format-standard","has-post-thumbnail","hentry","category-politica"],"better_featured_image":{"id":11003,"alt_text":"","caption":"","description":"","media_type":"image","media_details":{"width":1392,"height":490,"file":"2025\/01\/grabviclem436.png","filesize":1362396,"sizes":{"medium":{"file":"grabviclem436-300x106.png","width":300,"height":106,"mime-type":"image\/png","filesize":53730,"source_url":"https:\/\/nuevodigitaldeescobar.com.ar\/wp-content\/uploads\/2025\/01\/grabviclem436-300x106.png"},"large":{"file":"grabviclem436-1024x360.png","width":1024,"height":360,"mime-type":"image\/png","filesize":538951,"source_url":"https:\/\/nuevodigitaldeescobar.com.ar\/wp-content\/uploads\/2025\/01\/grabviclem436-1024x360.png"},"thumbnail":{"file":"grabviclem436-150x150.png","width":150,"height":150,"mime-type":"image\/png","filesize":34836,"source_url":"https:\/\/nuevodigitaldeescobar.com.ar\/wp-content\/uploads\/2025\/01\/grabviclem436-150x150.png"},"medium_large":{"file":"grabviclem436-768x270.png","width":768,"height":270,"mime-type":"image\/png","filesize":313397,"source_url":"https:\/\/nuevodigitaldeescobar.com.ar\/wp-content\/uploads\/2025\/01\/grabviclem436-768x270.png"}},"image_meta":{"aperture":"0","credit":"","camera":"","caption":"","created_timestamp":"0","copyright":"","focal_length":"0","iso":"0","shutter_speed":"0","title":"","orientation":"0","keywords":[]}},"post":11002,"source_url":"https:\/\/nuevodigitaldeescobar.com.ar\/wp-content\/uploads\/2025\/01\/grabviclem436.png"},"yoast_head":"<!-- This site is optimized with the Yoast SEO plugin v26.1.1 - https:\/\/yoast.com\/wordpress\/plugins\/seo\/ -->\n<title>Grabois y Lemoine critican a Villarruel por sus quejas salariales: &quot;Si no est\u00e1s conforme, renunci\u00e1&quot; - Nuevo Digital de Escobar<\/title>\n<meta name=\"robots\" content=\"index, follow, max-snippet:-1, max-image-preview:large, max-video-preview:-1\" \/>\n<link rel=\"canonical\" href=\"https:\/\/nuevodigitaldeescobar.com.ar\/?p=11002\" \/>\n<meta property=\"og:locale\" content=\"es_ES\" \/>\n<meta property=\"og:type\" content=\"article\" \/>\n<meta property=\"og:title\" content=\"Grabois y Lemoine critican a Villarruel por sus quejas salariales: &quot;Si no est\u00e1s conforme, renunci\u00e1&quot; - Nuevo Digital de Escobar\" \/>\n<meta property=\"og:description\" content=\"La vicepresidente de la Naci\u00f3n, Victoria Villarruel, qued\u00f3 en el centro de la pol\u00e9mica tras quejarse p\u00fablicamente del salario que percibe como titular del Senado, [&hellip;]\" \/>\n<meta property=\"og:url\" content=\"https:\/\/nuevodigitaldeescobar.com.ar\/?p=11002\" \/>\n<meta property=\"og:site_name\" content=\"Nuevo Digital de Escobar\" \/>\n<meta property=\"article:publisher\" content=\"https:\/\/www.facebook.com\/NUEVODigitalDeEscobar\" \/>\n<meta property=\"article:published_time\" content=\"2025-01-06T10:20:00+00:00\" \/>\n<meta property=\"og:image\" content=\"https:\/\/nuevodigitaldeescobar.com.ar\/wp-content\/uploads\/2025\/01\/grabviclem436.png\" \/>\n\t<meta property=\"og:image:width\" content=\"1392\" \/>\n\t<meta property=\"og:image:height\" content=\"490\" \/>\n\t<meta property=\"og:image:type\" content=\"image\/png\" \/>\n<meta name=\"author\" content=\"Redacci\u00f3n\" \/>\n<meta name=\"twitter:card\" content=\"summary_large_image\" \/>\n<meta name=\"twitter:creator\" content=\"@nuevodigescobar\" \/>\n<meta name=\"twitter:site\" content=\"@nuevodigescobar\" \/>\n<meta name=\"twitter:label1\" content=\"Escrito por\" \/>\n\t<meta name=\"twitter:data1\" content=\"Redacci\u00f3n\" \/>\n\t<meta name=\"twitter:label2\" content=\"Tiempo de lectura\" \/>\n\t<meta name=\"twitter:data2\" content=\"2 minutos\" \/>\n<script type=\"application\/ld+json\" class=\"yoast-schema-graph\">{\"@context\":\"https:\/\/schema.org\",\"@graph\":[{\"@type\":\"Article\",\"@id\":\"https:\/\/nuevodigitaldeescobar.com.ar\/?p=11002#article\",\"isPartOf\":{\"@id\":\"https:\/\/nuevodigitaldeescobar.com.ar\/?p=11002\"},\"author\":{\"name\":\"Redacci\u00f3n\",\"@id\":\"https:\/\/nuevodigitaldeescobar.com.ar\/#\/schema\/person\/035e90a8efe9a80e6eec22656ad6ea4c\"},\"headline\":\"Grabois y Lemoine critican a Villarruel por sus quejas salariales: \u00abSi no est\u00e1s conforme, renunci\u00e1\u00bb\",\"datePublished\":\"2025-01-06T10:20:00+00:00\",\"mainEntityOfPage\":{\"@id\":\"https:\/\/nuevodigitaldeescobar.com.ar\/?p=11002\"},\"wordCount\":446,\"commentCount\":0,\"publisher\":{\"@id\":\"https:\/\/nuevodigitaldeescobar.com.ar\/#organization\"},\"image\":{\"@id\":\"https:\/\/nuevodigitaldeescobar.com.ar\/?p=11002#primaryimage\"},\"thumbnailUrl\":\"https:\/\/nuevodigitaldeescobar.com.ar\/wp-content\/uploads\/2025\/01\/grabviclem436.png\",\"articleSection\":[\"Pol\u00edtica\"],\"inLanguage\":\"es\",\"potentialAction\":[{\"@type\":\"CommentAction\",\"name\":\"Comment\",\"target\":[\"https:\/\/nuevodigitaldeescobar.com.ar\/?p=11002#respond\"]}]},{\"@type\":\"WebPage\",\"@id\":\"https:\/\/nuevodigitaldeescobar.com.ar\/?p=11002\",\"url\":\"https:\/\/nuevodigitaldeescobar.com.ar\/?p=11002\",\"name\":\"Grabois y Lemoine critican a Villarruel por sus quejas salariales: \\\"Si no est\u00e1s conforme, renunci\u00e1\\\" - Nuevo Digital de Escobar\",\"isPartOf\":{\"@id\":\"https:\/\/nuevodigitaldeescobar.com.ar\/#website\"},\"primaryImageOfPage\":{\"@id\":\"https:\/\/nuevodigitaldeescobar.com.ar\/?p=11002#primaryimage\"},\"image\":{\"@id\":\"https:\/\/nuevodigitaldeescobar.com.ar\/?p=11002#primaryimage\"},\"thumbnailUrl\":\"https:\/\/nuevodigitaldeescobar.com.ar\/wp-content\/uploads\/2025\/01\/grabviclem436.png\",\"datePublished\":\"2025-01-06T10:20:00+00:00\",\"breadcrumb\":{\"@id\":\"https:\/\/nuevodigitaldeescobar.com.ar\/?p=11002#breadcrumb\"},\"inLanguage\":\"es\",\"potentialAction\":[{\"@type\":\"ReadAction\",\"target\":[\"https:\/\/nuevodigitaldeescobar.com.ar\/?p=11002\"]}]},{\"@type\":\"ImageObject\",\"inLanguage\":\"es\",\"@id\":\"https:\/\/nuevodigitaldeescobar.com.ar\/?p=11002#primaryimage\",\"url\":\"https:\/\/nuevodigitaldeescobar.com.ar\/wp-content\/uploads\/2025\/01\/grabviclem436.png\",\"contentUrl\":\"https:\/\/nuevodigitaldeescobar.com.ar\/wp-content\/uploads\/2025\/01\/grabviclem436.png\",\"width\":1392,\"height\":490},{\"@type\":\"BreadcrumbList\",\"@id\":\"https:\/\/nuevodigitaldeescobar.com.ar\/?p=11002#breadcrumb\",\"itemListElement\":[{\"@type\":\"ListItem\",\"position\":1,\"name\":\"Portada\",\"item\":\"https:\/\/nuevodigitaldeescobar.com.ar\/\"},{\"@type\":\"ListItem\",\"position\":2,\"name\":\"Grabois y Lemoine critican a Villarruel por sus quejas salariales: \u00abSi no est\u00e1s conforme, renunci\u00e1\u00bb\"}]},{\"@type\":\"WebSite\",\"@id\":\"https:\/\/nuevodigitaldeescobar.com.ar\/#website\",\"url\":\"https:\/\/nuevodigitaldeescobar.com.ar\/\",\"name\":\"Nuevo Digital de Escobar\",\"description\":\"La vida escobarense. Directora: Rosana Brunner\",\"publisher\":{\"@id\":\"https:\/\/nuevodigitaldeescobar.com.ar\/#organization\"},\"potentialAction\":[{\"@type\":\"SearchAction\",\"target\":{\"@type\":\"EntryPoint\",\"urlTemplate\":\"https:\/\/nuevodigitaldeescobar.com.ar\/?s={search_term_string}\"},\"query-input\":{\"@type\":\"PropertyValueSpecification\",\"valueRequired\":true,\"valueName\":\"search_term_string\"}}],\"inLanguage\":\"es\"},{\"@type\":\"Organization\",\"@id\":\"https:\/\/nuevodigitaldeescobar.com.ar\/#organization\",\"name\":\"Nuevo Digital de Escobar\",\"url\":\"https:\/\/nuevodigitaldeescobar.com.ar\/\",\"logo\":{\"@type\":\"ImageObject\",\"inLanguage\":\"es\",\"@id\":\"https:\/\/nuevodigitaldeescobar.com.ar\/#\/schema\/logo\/image\/\",\"url\":\"https:\/\/nuevodigitaldeescobar.com.ar\/wp-content\/uploads\/2025\/05\/cropped-logo-nuevo2.jpg\",\"contentUrl\":\"https:\/\/nuevodigitaldeescobar.com.ar\/wp-content\/uploads\/2025\/05\/cropped-logo-nuevo2.jpg\",\"width\":305,\"height\":305,\"caption\":\"Nuevo Digital de Escobar\"},\"image\":{\"@id\":\"https:\/\/nuevodigitaldeescobar.com.ar\/#\/schema\/logo\/image\/\"},\"sameAs\":[\"https:\/\/www.facebook.com\/NUEVODigitalDeEscobar\",\"https:\/\/x.com\/nuevodigescobar\",\"https:\/\/www.instagram.com\/nuevodigitaldeescobar\"]},{\"@type\":\"Person\",\"@id\":\"https:\/\/nuevodigitaldeescobar.com.ar\/#\/schema\/person\/035e90a8efe9a80e6eec22656ad6ea4c\",\"name\":\"Redacci\u00f3n\",\"image\":{\"@type\":\"ImageObject\",\"inLanguage\":\"es\",\"@id\":\"https:\/\/nuevodigitaldeescobar.com.ar\/#\/schema\/person\/image\/\",\"url\":\"https:\/\/secure.gravatar.com\/avatar\/8af8f40000c24e9eef3034f2be5998a372bb1389e64b1a4a36b3a7979142220d?s=96&d=mm&r=g\",\"contentUrl\":\"https:\/\/secure.gravatar.com\/avatar\/8af8f40000c24e9eef3034f2be5998a372bb1389e64b1a4a36b3a7979142220d?s=96&d=mm&r=g\",\"caption\":\"Redacci\u00f3n\"},\"sameAs\":[\"http:\/\/nuevodigitaldeescobar.com.ar\"],\"url\":\"https:\/\/nuevodigitaldeescobar.com.ar\/?author=1\"}]}<\/script>\n<!-- \/ Yoast SEO plugin. -->","yoast_head_json":{"title":"Grabois y Lemoine critican a Villarruel por sus quejas salariales: \"Si no est\u00e1s conforme, renunci\u00e1\" - Nuevo Digital de Escobar","robots":{"index":"index","follow":"follow","max-snippet":"max-snippet:-1","max-image-preview":"max-image-preview:large","max-video-preview":"max-video-preview:-1"},"canonical":"https:\/\/nuevodigitaldeescobar.com.ar\/?p=11002","og_locale":"es_ES","og_type":"article","og_title":"Grabois y Lemoine critican a Villarruel por sus quejas salariales: \"Si no est\u00e1s conforme, renunci\u00e1\" - Nuevo Digital de Escobar","og_description":"La vicepresidente de la Naci\u00f3n, Victoria Villarruel, qued\u00f3 en el centro de la pol\u00e9mica tras quejarse p\u00fablicamente del salario que percibe como titular del Senado, [&hellip;]","og_url":"https:\/\/nuevodigitaldeescobar.com.ar\/?p=11002","og_site_name":"Nuevo Digital de Escobar","article_publisher":"https:\/\/www.facebook.com\/NUEVODigitalDeEscobar","article_published_time":"2025-01-06T10:20:00+00:00","og_image":[{"width":1392,"height":490,"url":"https:\/\/nuevodigitaldeescobar.com.ar\/wp-content\/uploads\/2025\/01\/grabviclem436.png","type":"image\/png"}],"author":"Redacci\u00f3n","twitter_card":"summary_large_image","twitter_creator":"@nuevodigescobar","twitter_site":"@nuevodigescobar","twitter_misc":{"Escrito por":"Redacci\u00f3n","Tiempo de lectura":"2 minutos"},"schema":{"@context":"https:\/\/schema.org","@graph":[{"@type":"Article","@id":"https:\/\/nuevodigitaldeescobar.com.ar\/?p=11002#article","isPartOf":{"@id":"https:\/\/nuevodigitaldeescobar.com.ar\/?p=11002"},"author":{"name":"Redacci\u00f3n","@id":"https:\/\/nuevodigitaldeescobar.com.ar\/#\/schema\/person\/035e90a8efe9a80e6eec22656ad6ea4c"},"headline":"Grabois y Lemoine critican a Villarruel por sus quejas salariales: \u00abSi no est\u00e1s conforme, renunci\u00e1\u00bb","datePublished":"2025-01-06T10:20:00+00:00","mainEntityOfPage":{"@id":"https:\/\/nuevodigitaldeescobar.com.ar\/?p=11002"},"wordCount":446,"commentCount":0,"publisher":{"@id":"https:\/\/nuevodigitaldeescobar.com.ar\/#organization"},"image":{"@id":"https:\/\/nuevodigitaldeescobar.com.ar\/?p=11002#primaryimage"},"thumbnailUrl":"https:\/\/nuevodigitaldeescobar.com.ar\/wp-content\/uploads\/2025\/01\/grabviclem436.png","articleSection":["Pol\u00edtica"],"inLanguage":"es","potentialAction":[{"@type":"CommentAction","name":"Comment","target":["https:\/\/nuevodigitaldeescobar.com.ar\/?p=11002#respond"]}]},{"@type":"WebPage","@id":"https:\/\/nuevodigitaldeescobar.com.ar\/?p=11002","url":"https:\/\/nuevodigitaldeescobar.com.ar\/?p=11002","name":"Grabois y Lemoine critican a Villarruel por sus quejas salariales: \"Si no est\u00e1s conforme, renunci\u00e1\" - Nuevo Digital de Escobar","isPartOf":{"@id":"https:\/\/nuevodigitaldeescobar.com.ar\/#website"},"primaryImageOfPage":{"@id":"https:\/\/nuevodigitaldeescobar.com.ar\/?p=11002#primaryimage"},"image":{"@id":"https:\/\/nuevodigitaldeescobar.com.ar\/?p=11002#primaryimage"},"thumbnailUrl":"https:\/\/nuevodigitaldeescobar.com.ar\/wp-content\/uploads\/2025\/01\/grabviclem436.png","datePublished":"2025-01-06T10:20:00+00:00","breadcrumb":{"@id":"https:\/\/nuevodigitaldeescobar.com.ar\/?p=11002#breadcrumb"},"inLanguage":"es","potentialAction":[{"@type":"ReadAction","target":["https:\/\/nuevodigitaldeescobar.com.ar\/?p=11002"]}]},{"@type":"ImageObject","inLanguage":"es","@id":"https:\/\/nuevodigitaldeescobar.com.ar\/?p=11002#primaryimage","url":"https:\/\/nuevodigitaldeescobar.com.ar\/wp-content\/uploads\/2025\/01\/grabviclem436.png","contentUrl":"https:\/\/nuevodigitaldeescobar.com.ar\/wp-content\/uploads\/2025\/01\/grabviclem436.png","width":1392,"height":490},{"@type":"BreadcrumbList","@id":"https:\/\/nuevodigitaldeescobar.com.ar\/?p=11002#breadcrumb","itemListElement":[{"@type":"ListItem","position":1,"name":"Portada","item":"https:\/\/nuevodigitaldeescobar.com.ar\/"},{"@type":"ListItem","position":2,"name":"Grabois y Lemoine critican a Villarruel por sus quejas salariales: \u00abSi no est\u00e1s conforme, renunci\u00e1\u00bb"}]},{"@type":"WebSite","@id":"https:\/\/nuevodigitaldeescobar.com.ar\/#website","url":"https:\/\/nuevodigitaldeescobar.com.ar\/","name":"Nuevo Digital de Escobar","description":"La vida escobarense. Directora: Rosana Brunner","publisher":{"@id":"https:\/\/nuevodigitaldeescobar.com.ar\/#organization"},"potentialAction":[{"@type":"SearchAction","target":{"@type":"EntryPoint","urlTemplate":"https:\/\/nuevodigitaldeescobar.com.ar\/?s={search_term_string}"},"query-input":{"@type":"PropertyValueSpecification","valueRequired":true,"valueName":"search_term_string"}}],"inLanguage":"es"},{"@type":"Organization","@id":"https:\/\/nuevodigitaldeescobar.com.ar\/#organization","name":"Nuevo Digital de Escobar","url":"https:\/\/nuevodigitaldeescobar.com.ar\/","logo":{"@type":"ImageObject","inLanguage":"es","@id":"https:\/\/nuevodigitaldeescobar.com.ar\/#\/schema\/logo\/image\/","url":"https:\/\/nuevodigitaldeescobar.com.ar\/wp-content\/uploads\/2025\/05\/cropped-logo-nuevo2.jpg","contentUrl":"https:\/\/nuevodigitaldeescobar.com.ar\/wp-content\/uploads\/2025\/05\/cropped-logo-nuevo2.jpg","width":305,"height":305,"caption":"Nuevo Digital de Escobar"},"image":{"@id":"https:\/\/nuevodigitaldeescobar.com.ar\/#\/schema\/logo\/image\/"},"sameAs":["https:\/\/www.facebook.com\/NUEVODigitalDeEscobar","https:\/\/x.com\/nuevodigescobar","https:\/\/www.instagram.com\/nuevodigitaldeescobar"]},{"@type":"Person","@id":"https:\/\/nuevodigitaldeescobar.com.ar\/#\/schema\/person\/035e90a8efe9a80e6eec22656ad6ea4c","name":"Redacci\u00f3n","image":{"@type":"ImageObject","inLanguage":"es","@id":"https:\/\/nuevodigitaldeescobar.com.ar\/#\/schema\/person\/image\/","url":"https:\/\/secure.gravatar.com\/avatar\/8af8f40000c24e9eef3034f2be5998a372bb1389e64b1a4a36b3a7979142220d?s=96&d=mm&r=g","contentUrl":"https:\/\/secure.gravatar.com\/avatar\/8af8f40000c24e9eef3034f2be5998a372bb1389e64b1a4a36b3a7979142220d?s=96&d=mm&r=g","caption":"Redacci\u00f3n"},"sameAs":["http:\/\/nuevodigitaldeescobar.com.ar"],"url":"https:\/\/nuevodigitaldeescobar.com.ar\/?author=1"}]}},"featured_image_urls":{"full":["https:\/\/nuevodigitaldeescobar.com.ar\/wp-content\/uploads\/2025\/01\/grabviclem436.png",1392,490,false],"thumbnail":["https:\/\/nuevodigitaldeescobar.com.ar\/wp-content\/uploads\/2025\/01\/grabviclem436-150x150.png",150,150,true],"medium":["https:\/\/nuevodigitaldeescobar.com.ar\/wp-content\/uploads\/2025\/01\/grabviclem436-300x106.png",300,106,true],"medium_large":["https:\/\/nuevodigitaldeescobar.com.ar\/wp-content\/uploads\/2025\/01\/grabviclem436-768x270.png",640,225,true],"large":["https:\/\/nuevodigitaldeescobar.com.ar\/wp-content\/uploads\/2025\/01\/grabviclem436-1024x360.png",640,225,true],"1536x1536":["https:\/\/nuevodigitaldeescobar.com.ar\/wp-content\/uploads\/2025\/01\/grabviclem436.png",1392,490,false],"2048x2048":["https:\/\/nuevodigitaldeescobar.com.ar\/wp-content\/uploads\/2025\/01\/grabviclem436.png",1392,490,false]},"author_info":{"display_name":"Redacci\u00f3n","author_link":"https:\/\/nuevodigitaldeescobar.com.ar\/?author=1"},"category_info":"<a href=\"https:\/\/nuevodigitaldeescobar.com.ar\/?cat=6\" rel=\"category\">Pol\u00edtica<\/a>","tag_info":"Pol\u00edtica","comment_count":"0","_links":{"self":[{"href":"https:\/\/nuevodigitaldeescobar.com.ar\/index.php?rest_route=\/wp\/v2\/posts\/11002","targetHints":{"allow":["GET"]}}],"collection":[{"href":"https:\/\/nuevodigitaldeescobar.com.ar\/index.php?rest_route=\/wp\/v2\/posts"}],"about":[{"href":"https:\/\/nuevodigitaldeescobar.com.ar\/index.php?rest_route=\/wp\/v2\/types\/post"}],"author":[{"embeddable":true,"href":"https:\/\/nuevodigitaldeescobar.com.ar\/index.php?rest_route=\/wp\/v2\/users\/1"}],"replies":[{"embeddable":true,"href":"https:\/\/nuevodigitaldeescobar.com.ar\/index.php?rest_route=%2Fwp%2Fv2%2Fcomments&post=11002"}],"version-history":[{"count":1,"href":"https:\/\/nuevodigitaldeescobar.com.ar\/index.php?rest_route=\/wp\/v2\/posts\/11002\/revisions"}],"predecessor-version":[{"id":11006,"href":"https:\/\/nuevodigitaldeescobar.com.ar\/index.php?rest_route=\/wp\/v2\/posts\/11002\/revisions\/11006"}],"wp:featuredmedia":[{"embeddable":true,"href":"https:\/\/nuevodigitaldeescobar.com.ar\/index.php?rest_route=\/wp\/v2\/media\/11003"}],"wp:attachment":[{"href":"https:\/\/nuevodigitaldeescobar.com.ar\/index.php?rest_route=%2Fwp%2Fv2%2Fmedia&parent=11002"}],"wp:term":[{"taxonomy":"category","embeddable":true,"href":"https:\/\/nuevodigitaldeescobar.com.ar\/index.php?rest_route=%2Fwp%2Fv2%2Fcategories&post=11002"},{"taxonomy":"post_tag","embeddable":true,"href":"https:\/\/nuevodigitaldeescobar.com.ar\/index.php?rest_route=%2Fwp%2Fv2%2Ftags&post=11002"}],"curies":[{"name":"wp","href":"https:\/\/api.w.org\/{rel}","templated":true}]}}