{"id":11014,"date":"2025-01-06T13:52:00","date_gmt":"2025-01-06T16:52:00","guid":{"rendered":"https:\/\/nuevodigitaldeescobar.com.ar\/?p=11014"},"modified":"2025-01-06T13:52:12","modified_gmt":"2025-01-06T16:52:12","slug":"brote-de-gastroenterocolitis-en-brasil-alarma-en-san-pablo-y-florianopolis-por-el-aumento-de-casos","status":"publish","type":"post","link":"https:\/\/nuevodigitaldeescobar.com.ar\/?p=11014","title":{"rendered":"Brote de gastroenterocolitis en Brasil: alarma en San Pablo y Florian\u00f3polis por el aumento de casos"},"content":{"rendered":"<p><span style=\"color: #003366;\"><strong><em>Las autoridades sanitarias de Brasil han declarado un brote de gastroenterocolitis en las playas del estado de San Pablo, mientras crecen los reportes de casos similares en Florian\u00f3polis y otras localidades tur\u00edsticas del estado de Santa Catarina. Aunque a\u00fan no se ha determinado la causa exacta, se sospecha que el brote podr\u00eda estar relacionado con el contacto con aguas contaminadas o el consumo de alimentos preparados sin las medidas de higiene adecuadas.<\/em><\/strong><\/span><\/p>\n<p><!--more--><\/p>\n\n\n<p><strong>M\u00e1s de 2.000 casos en Guaruj\u00e1<\/strong><\/p>\n\n\n\n<p>En Guaruj\u00e1, uno de los destinos m\u00e1s concurridos del litoral paulista, el brote ha afectado a m\u00e1s de 2.000 personas durante diciembre, obligando a las autoridades locales a reforzar el sistema de salud con personal m\u00e9dico y enfermeros adicionales. Seg\u00fan Alessandra Lucchesi, directora t\u00e9cnica de la Divisi\u00f3n de Enfermedades Transmitidas por Agua y Alimentos de la Secretar\u00eda de Salud de San Pablo, el brote se considera confirmado en esta regi\u00f3n. Sin embargo, se espera la recopilaci\u00f3n de datos adicionales para determinar si la problem\u00e1tica afecta a toda la ciudad o se limita a ciertos barrios.<\/p>\n\n\n\n<p>Lucchesi tambi\u00e9n mencion\u00f3 que se est\u00e1n investigando posibles brotes en Playa Grande, otro municipio que ha mostrado un aumento en los casos de diarrea aguda. <em>\u201cEstamos monitoreando la situaci\u00f3n para confirmar si se trata de un brote o de casos aislados\u201d<\/em>, agreg\u00f3.<\/p>\n\n\n\n<p><strong>Preocupaci\u00f3n en Santa Catarina<\/strong><\/p>\n\n\n\n<p>El brote no se limita al estado de San Pablo. En Santa Catarina, localidades como Florian\u00f3polis e Itaja\u00ed tambi\u00e9n han reportado un incremento significativo de casos de gastroenteritis desde el inicio de 2024. Las autoridades locales est\u00e1n trabajando en conjunto con las agencias de salud para evaluar la gravedad de la situaci\u00f3n y establecer medidas preventivas.<\/p>\n\n\n<div class=\"wp-block-image is-style-rounded\">\n<figure class=\"aligncenter size-full\"><img fetchpriority=\"high\" decoding=\"async\" width=\"609\" height=\"412\" src=\"https:\/\/nuevodigitaldeescobar.com.ar\/wp-content\/uploads\/2025\/01\/brasilvir2234.png\" alt=\"\" class=\"wp-image-11016\" srcset=\"https:\/\/nuevodigitaldeescobar.com.ar\/wp-content\/uploads\/2025\/01\/brasilvir2234.png 609w, https:\/\/nuevodigitaldeescobar.com.ar\/wp-content\/uploads\/2025\/01\/brasilvir2234-300x203.png 300w\" sizes=\"(max-width: 609px) 100vw, 609px\" \/><\/figure><\/div>\n\n\n<p><strong>Aguas contaminadas y advertencias previas<\/strong><\/p>\n\n\n\n<p>A fines de 2024, el Instituto Estatal de Ambiente (INEA) ya hab\u00eda emitido alertas sobre la presencia de enterococos en varias playas de R\u00edo de Janeiro, una bacteria que puede causar infecciones graves. Este antecedente refuerza la hip\u00f3tesis de que la calidad del agua podr\u00eda estar vinculada al brote actual en el sur de Brasil.<\/p>\n\n\n\n<p><strong>Recomendaciones para turistas y residentes<\/strong><\/p>\n\n\n\n<p>Ante el aumento de casos, las autoridades recomiendan extremar las medidas de higiene personal y alimentaria. Entre las principales sugerencias se incluyen:<\/p>\n\n\n\n<ul class=\"wp-block-list\">\n<li>Lavarse las manos frecuentemente, especialmente antes de comer o preparar alimentos.<\/li>\n\n\n\n<li>Evitar consumir alimentos crudos o poco cocidos.<\/li>\n\n\n\n<li>Verificar las condiciones de higiene en los establecimientos donde se consuman alimentos fuera del hogar.<\/li>\n\n\n\n<li>Utilizar agua potable o tratada para beber, preparar alimentos o fabricar hielo.<\/li>\n\n\n\n<li>Asegurarse de que los alimentos est\u00e9n correctamente refrigerados, especialmente durante los d\u00edas de altas temperaturas.<\/li>\n<\/ul>\n\n\n\n<p>Adem\u00e1s, se alienta a los turistas a consultar el estado de las playas a trav\u00e9s de plataformas en l\u00ednea. Por ejemplo, en San Pablo, la Compa\u00f1\u00eda Ambiental del Estado monitorea la calidad del agua de 175 playas, de las cuales 38 han sido declaradas no aptas para ba\u00f1istas. En Santa Catarina, el Instituto de Medio Ambiente ofrece informaci\u00f3n actualizada sobre las playas del estado.<\/p>\n\n\n\n<p><strong>Impacto en el turismo<\/strong><\/p>\n\n\n\n<p>El brote ha generado preocupaci\u00f3n entre los turistas que visitan estas zonas durante la temporada alta de verano, un periodo cr\u00edtico para el sector tur\u00edstico en Brasil. Mientras las autoridades trabajan para contener la situaci\u00f3n, se espera que el cumplimiento de las recomendaciones sanitarias ayude a minimizar el riesgo de nuevos casos.<\/p>\n","protected":false},"excerpt":{"rendered":"<p>Las autoridades sanitarias de Brasil han declarado un brote de gastroenterocolitis en las playas del estado de San Pablo, mientras crecen los reportes de casos [&hellip;]<\/p>\n","protected":false},"author":1,"featured_media":11015,"comment_status":"open","ping_status":"open","sticky":false,"template":"","format":"standard","meta":{"footnotes":""},"categories":[7,285,3],"tags":[],"class_list":["post-11014","post","type-post","status-publish","format-standard","has-post-thumbnail","hentry","category-interes-general","category-internacionales","category-nutricion"],"better_featured_image":{"id":11015,"alt_text":"","caption":"","description":"","media_type":"image","media_details":{"width":625,"height":416,"file":"2025\/01\/brasilvir134.png","filesize":549115,"sizes":{"medium":{"file":"brasilvir134-300x200.png","width":300,"height":200,"mime-type":"image\/png","filesize":103098,"source_url":"https:\/\/nuevodigitaldeescobar.com.ar\/wp-content\/uploads\/2025\/01\/brasilvir134-300x200.png"},"thumbnail":{"file":"brasilvir134-150x150.png","width":150,"height":150,"mime-type":"image\/png","filesize":40190,"source_url":"https:\/\/nuevodigitaldeescobar.com.ar\/wp-content\/uploads\/2025\/01\/brasilvir134-150x150.png"}},"image_meta":{"aperture":"0","credit":"","camera":"","caption":"","created_timestamp":"0","copyright":"","focal_length":"0","iso":"0","shutter_speed":"0","title":"","orientation":"0","keywords":[]}},"post":11014,"source_url":"https:\/\/nuevodigitaldeescobar.com.ar\/wp-content\/uploads\/2025\/01\/brasilvir134.png"},"yoast_head":"<!-- This site is optimized with the Yoast SEO plugin v26.1.1 - https:\/\/yoast.com\/wordpress\/plugins\/seo\/ -->\n<title>Brote de gastroenterocolitis en Brasil: alarma en San Pablo y Florian\u00f3polis por el aumento de casos - Nuevo Digital de Escobar<\/title>\n<meta name=\"robots\" content=\"index, follow, max-snippet:-1, max-image-preview:large, max-video-preview:-1\" \/>\n<link rel=\"canonical\" href=\"https:\/\/nuevodigitaldeescobar.com.ar\/?p=11014\" \/>\n<meta property=\"og:locale\" content=\"es_ES\" \/>\n<meta property=\"og:type\" content=\"article\" \/>\n<meta property=\"og:title\" content=\"Brote de gastroenterocolitis en Brasil: alarma en San Pablo y Florian\u00f3polis por el aumento de casos - Nuevo Digital de Escobar\" \/>\n<meta property=\"og:description\" content=\"Las autoridades sanitarias de Brasil han declarado un brote de gastroenterocolitis en las playas del estado de San Pablo, mientras crecen los reportes de casos [&hellip;]\" \/>\n<meta property=\"og:url\" content=\"https:\/\/nuevodigitaldeescobar.com.ar\/?p=11014\" \/>\n<meta property=\"og:site_name\" content=\"Nuevo Digital de Escobar\" \/>\n<meta property=\"article:publisher\" content=\"https:\/\/www.facebook.com\/NUEVODigitalDeEscobar\" \/>\n<meta property=\"article:published_time\" content=\"2025-01-06T16:52:00+00:00\" \/>\n<meta property=\"article:modified_time\" content=\"2025-01-06T16:52:12+00:00\" \/>\n<meta property=\"og:image\" content=\"https:\/\/nuevodigitaldeescobar.com.ar\/wp-content\/uploads\/2025\/01\/brasilvir134.png\" \/>\n\t<meta property=\"og:image:width\" content=\"625\" \/>\n\t<meta property=\"og:image:height\" content=\"416\" \/>\n\t<meta property=\"og:image:type\" content=\"image\/png\" \/>\n<meta name=\"author\" content=\"Redacci\u00f3n\" \/>\n<meta name=\"twitter:card\" content=\"summary_large_image\" \/>\n<meta name=\"twitter:creator\" content=\"@nuevodigescobar\" \/>\n<meta name=\"twitter:site\" content=\"@nuevodigescobar\" \/>\n<meta name=\"twitter:label1\" content=\"Escrito por\" \/>\n\t<meta name=\"twitter:data1\" content=\"Redacci\u00f3n\" \/>\n\t<meta name=\"twitter:label2\" content=\"Tiempo de lectura\" \/>\n\t<meta name=\"twitter:data2\" content=\"3 minutos\" \/>\n<script type=\"application\/ld+json\" class=\"yoast-schema-graph\">{\"@context\":\"https:\/\/schema.org\",\"@graph\":[{\"@type\":\"Article\",\"@id\":\"https:\/\/nuevodigitaldeescobar.com.ar\/?p=11014#article\",\"isPartOf\":{\"@id\":\"https:\/\/nuevodigitaldeescobar.com.ar\/?p=11014\"},\"author\":{\"name\":\"Redacci\u00f3n\",\"@id\":\"https:\/\/nuevodigitaldeescobar.com.ar\/#\/schema\/person\/035e90a8efe9a80e6eec22656ad6ea4c\"},\"headline\":\"Brote de gastroenterocolitis en Brasil: alarma en San Pablo y Florian\u00f3polis por el aumento de casos\",\"datePublished\":\"2025-01-06T16:52:00+00:00\",\"dateModified\":\"2025-01-06T16:52:12+00:00\",\"mainEntityOfPage\":{\"@id\":\"https:\/\/nuevodigitaldeescobar.com.ar\/?p=11014\"},\"wordCount\":592,\"commentCount\":0,\"publisher\":{\"@id\":\"https:\/\/nuevodigitaldeescobar.com.ar\/#organization\"},\"image\":{\"@id\":\"https:\/\/nuevodigitaldeescobar.com.ar\/?p=11014#primaryimage\"},\"thumbnailUrl\":\"https:\/\/nuevodigitaldeescobar.com.ar\/wp-content\/uploads\/2025\/01\/brasilvir134.png\",\"articleSection\":[\"Inter\u00e9s general\",\"Internacionales\",\"Salud y Nutrici\u00f3n\"],\"inLanguage\":\"es\",\"potentialAction\":[{\"@type\":\"CommentAction\",\"name\":\"Comment\",\"target\":[\"https:\/\/nuevodigitaldeescobar.com.ar\/?p=11014#respond\"]}]},{\"@type\":\"WebPage\",\"@id\":\"https:\/\/nuevodigitaldeescobar.com.ar\/?p=11014\",\"url\":\"https:\/\/nuevodigitaldeescobar.com.ar\/?p=11014\",\"name\":\"Brote de gastroenterocolitis en Brasil: alarma en San Pablo y Florian\u00f3polis por el aumento de casos - Nuevo Digital de Escobar\",\"isPartOf\":{\"@id\":\"https:\/\/nuevodigitaldeescobar.com.ar\/#website\"},\"primaryImageOfPage\":{\"@id\":\"https:\/\/nuevodigitaldeescobar.com.ar\/?p=11014#primaryimage\"},\"image\":{\"@id\":\"https:\/\/nuevodigitaldeescobar.com.ar\/?p=11014#primaryimage\"},\"thumbnailUrl\":\"https:\/\/nuevodigitaldeescobar.com.ar\/wp-content\/uploads\/2025\/01\/brasilvir134.png\",\"datePublished\":\"2025-01-06T16:52:00+00:00\",\"dateModified\":\"2025-01-06T16:52:12+00:00\",\"breadcrumb\":{\"@id\":\"https:\/\/nuevodigitaldeescobar.com.ar\/?p=11014#breadcrumb\"},\"inLanguage\":\"es\",\"potentialAction\":[{\"@type\":\"ReadAction\",\"target\":[\"https:\/\/nuevodigitaldeescobar.com.ar\/?p=11014\"]}]},{\"@type\":\"ImageObject\",\"inLanguage\":\"es\",\"@id\":\"https:\/\/nuevodigitaldeescobar.com.ar\/?p=11014#primaryimage\",\"url\":\"https:\/\/nuevodigitaldeescobar.com.ar\/wp-content\/uploads\/2025\/01\/brasilvir134.png\",\"contentUrl\":\"https:\/\/nuevodigitaldeescobar.com.ar\/wp-content\/uploads\/2025\/01\/brasilvir134.png\",\"width\":625,\"height\":416},{\"@type\":\"BreadcrumbList\",\"@id\":\"https:\/\/nuevodigitaldeescobar.com.ar\/?p=11014#breadcrumb\",\"itemListElement\":[{\"@type\":\"ListItem\",\"position\":1,\"name\":\"Portada\",\"item\":\"https:\/\/nuevodigitaldeescobar.com.ar\/\"},{\"@type\":\"ListItem\",\"position\":2,\"name\":\"Brote de gastroenterocolitis en Brasil: alarma en San Pablo y Florian\u00f3polis por el aumento de casos\"}]},{\"@type\":\"WebSite\",\"@id\":\"https:\/\/nuevodigitaldeescobar.com.ar\/#website\",\"url\":\"https:\/\/nuevodigitaldeescobar.com.ar\/\",\"name\":\"Nuevo Digital de Escobar\",\"description\":\"La vida escobarense. Directora: Rosana Brunner\",\"publisher\":{\"@id\":\"https:\/\/nuevodigitaldeescobar.com.ar\/#organization\"},\"potentialAction\":[{\"@type\":\"SearchAction\",\"target\":{\"@type\":\"EntryPoint\",\"urlTemplate\":\"https:\/\/nuevodigitaldeescobar.com.ar\/?s={search_term_string}\"},\"query-input\":{\"@type\":\"PropertyValueSpecification\",\"valueRequired\":true,\"valueName\":\"search_term_string\"}}],\"inLanguage\":\"es\"},{\"@type\":\"Organization\",\"@id\":\"https:\/\/nuevodigitaldeescobar.com.ar\/#organization\",\"name\":\"Nuevo Digital de Escobar\",\"url\":\"https:\/\/nuevodigitaldeescobar.com.ar\/\",\"logo\":{\"@type\":\"ImageObject\",\"inLanguage\":\"es\",\"@id\":\"https:\/\/nuevodigitaldeescobar.com.ar\/#\/schema\/logo\/image\/\",\"url\":\"https:\/\/nuevodigitaldeescobar.com.ar\/wp-content\/uploads\/2025\/05\/cropped-logo-nuevo2.jpg\",\"contentUrl\":\"https:\/\/nuevodigitaldeescobar.com.ar\/wp-content\/uploads\/2025\/05\/cropped-logo-nuevo2.jpg\",\"width\":305,\"height\":305,\"caption\":\"Nuevo Digital de Escobar\"},\"image\":{\"@id\":\"https:\/\/nuevodigitaldeescobar.com.ar\/#\/schema\/logo\/image\/\"},\"sameAs\":[\"https:\/\/www.facebook.com\/NUEVODigitalDeEscobar\",\"https:\/\/x.com\/nuevodigescobar\",\"https:\/\/www.instagram.com\/nuevodigitaldeescobar\"]},{\"@type\":\"Person\",\"@id\":\"https:\/\/nuevodigitaldeescobar.com.ar\/#\/schema\/person\/035e90a8efe9a80e6eec22656ad6ea4c\",\"name\":\"Redacci\u00f3n\",\"image\":{\"@type\":\"ImageObject\",\"inLanguage\":\"es\",\"@id\":\"https:\/\/nuevodigitaldeescobar.com.ar\/#\/schema\/person\/image\/\",\"url\":\"https:\/\/secure.gravatar.com\/avatar\/8af8f40000c24e9eef3034f2be5998a372bb1389e64b1a4a36b3a7979142220d?s=96&d=mm&r=g\",\"contentUrl\":\"https:\/\/secure.gravatar.com\/avatar\/8af8f40000c24e9eef3034f2be5998a372bb1389e64b1a4a36b3a7979142220d?s=96&d=mm&r=g\",\"caption\":\"Redacci\u00f3n\"},\"sameAs\":[\"http:\/\/nuevodigitaldeescobar.com.ar\"],\"url\":\"https:\/\/nuevodigitaldeescobar.com.ar\/?author=1\"}]}<\/script>\n<!-- \/ Yoast SEO plugin. -->","yoast_head_json":{"title":"Brote de gastroenterocolitis en Brasil: alarma en San Pablo y Florian\u00f3polis por el aumento de casos - Nuevo Digital de Escobar","robots":{"index":"index","follow":"follow","max-snippet":"max-snippet:-1","max-image-preview":"max-image-preview:large","max-video-preview":"max-video-preview:-1"},"canonical":"https:\/\/nuevodigitaldeescobar.com.ar\/?p=11014","og_locale":"es_ES","og_type":"article","og_title":"Brote de gastroenterocolitis en Brasil: alarma en San Pablo y Florian\u00f3polis por el aumento de casos - Nuevo Digital de Escobar","og_description":"Las autoridades sanitarias de Brasil han declarado un brote de gastroenterocolitis en las playas del estado de San Pablo, mientras crecen los reportes de casos [&hellip;]","og_url":"https:\/\/nuevodigitaldeescobar.com.ar\/?p=11014","og_site_name":"Nuevo Digital de Escobar","article_publisher":"https:\/\/www.facebook.com\/NUEVODigitalDeEscobar","article_published_time":"2025-01-06T16:52:00+00:00","article_modified_time":"2025-01-06T16:52:12+00:00","og_image":[{"width":625,"height":416,"url":"https:\/\/nuevodigitaldeescobar.com.ar\/wp-content\/uploads\/2025\/01\/brasilvir134.png","type":"image\/png"}],"author":"Redacci\u00f3n","twitter_card":"summary_large_image","twitter_creator":"@nuevodigescobar","twitter_site":"@nuevodigescobar","twitter_misc":{"Escrito por":"Redacci\u00f3n","Tiempo de lectura":"3 minutos"},"schema":{"@context":"https:\/\/schema.org","@graph":[{"@type":"Article","@id":"https:\/\/nuevodigitaldeescobar.com.ar\/?p=11014#article","isPartOf":{"@id":"https:\/\/nuevodigitaldeescobar.com.ar\/?p=11014"},"author":{"name":"Redacci\u00f3n","@id":"https:\/\/nuevodigitaldeescobar.com.ar\/#\/schema\/person\/035e90a8efe9a80e6eec22656ad6ea4c"},"headline":"Brote de gastroenterocolitis en Brasil: alarma en San Pablo y Florian\u00f3polis por el aumento de casos","datePublished":"2025-01-06T16:52:00+00:00","dateModified":"2025-01-06T16:52:12+00:00","mainEntityOfPage":{"@id":"https:\/\/nuevodigitaldeescobar.com.ar\/?p=11014"},"wordCount":592,"commentCount":0,"publisher":{"@id":"https:\/\/nuevodigitaldeescobar.com.ar\/#organization"},"image":{"@id":"https:\/\/nuevodigitaldeescobar.com.ar\/?p=11014#primaryimage"},"thumbnailUrl":"https:\/\/nuevodigitaldeescobar.com.ar\/wp-content\/uploads\/2025\/01\/brasilvir134.png","articleSection":["Inter\u00e9s general","Internacionales","Salud y Nutrici\u00f3n"],"inLanguage":"es","potentialAction":[{"@type":"CommentAction","name":"Comment","target":["https:\/\/nuevodigitaldeescobar.com.ar\/?p=11014#respond"]}]},{"@type":"WebPage","@id":"https:\/\/nuevodigitaldeescobar.com.ar\/?p=11014","url":"https:\/\/nuevodigitaldeescobar.com.ar\/?p=11014","name":"Brote de gastroenterocolitis en Brasil: alarma en San Pablo y Florian\u00f3polis por el aumento de casos - Nuevo Digital de Escobar","isPartOf":{"@id":"https:\/\/nuevodigitaldeescobar.com.ar\/#website"},"primaryImageOfPage":{"@id":"https:\/\/nuevodigitaldeescobar.com.ar\/?p=11014#primaryimage"},"image":{"@id":"https:\/\/nuevodigitaldeescobar.com.ar\/?p=11014#primaryimage"},"thumbnailUrl":"https:\/\/nuevodigitaldeescobar.com.ar\/wp-content\/uploads\/2025\/01\/brasilvir134.png","datePublished":"2025-01-06T16:52:00+00:00","dateModified":"2025-01-06T16:52:12+00:00","breadcrumb":{"@id":"https:\/\/nuevodigitaldeescobar.com.ar\/?p=11014#breadcrumb"},"inLanguage":"es","potentialAction":[{"@type":"ReadAction","target":["https:\/\/nuevodigitaldeescobar.com.ar\/?p=11014"]}]},{"@type":"ImageObject","inLanguage":"es","@id":"https:\/\/nuevodigitaldeescobar.com.ar\/?p=11014#primaryimage","url":"https:\/\/nuevodigitaldeescobar.com.ar\/wp-content\/uploads\/2025\/01\/brasilvir134.png","contentUrl":"https:\/\/nuevodigitaldeescobar.com.ar\/wp-content\/uploads\/2025\/01\/brasilvir134.png","width":625,"height":416},{"@type":"BreadcrumbList","@id":"https:\/\/nuevodigitaldeescobar.com.ar\/?p=11014#breadcrumb","itemListElement":[{"@type":"ListItem","position":1,"name":"Portada","item":"https:\/\/nuevodigitaldeescobar.com.ar\/"},{"@type":"ListItem","position":2,"name":"Brote de gastroenterocolitis en Brasil: alarma en San Pablo y Florian\u00f3polis por el aumento de casos"}]},{"@type":"WebSite","@id":"https:\/\/nuevodigitaldeescobar.com.ar\/#website","url":"https:\/\/nuevodigitaldeescobar.com.ar\/","name":"Nuevo Digital de Escobar","description":"La vida escobarense. Directora: Rosana Brunner","publisher":{"@id":"https:\/\/nuevodigitaldeescobar.com.ar\/#organization"},"potentialAction":[{"@type":"SearchAction","target":{"@type":"EntryPoint","urlTemplate":"https:\/\/nuevodigitaldeescobar.com.ar\/?s={search_term_string}"},"query-input":{"@type":"PropertyValueSpecification","valueRequired":true,"valueName":"search_term_string"}}],"inLanguage":"es"},{"@type":"Organization","@id":"https:\/\/nuevodigitaldeescobar.com.ar\/#organization","name":"Nuevo Digital de Escobar","url":"https:\/\/nuevodigitaldeescobar.com.ar\/","logo":{"@type":"ImageObject","inLanguage":"es","@id":"https:\/\/nuevodigitaldeescobar.com.ar\/#\/schema\/logo\/image\/","url":"https:\/\/nuevodigitaldeescobar.com.ar\/wp-content\/uploads\/2025\/05\/cropped-logo-nuevo2.jpg","contentUrl":"https:\/\/nuevodigitaldeescobar.com.ar\/wp-content\/uploads\/2025\/05\/cropped-logo-nuevo2.jpg","width":305,"height":305,"caption":"Nuevo Digital de Escobar"},"image":{"@id":"https:\/\/nuevodigitaldeescobar.com.ar\/#\/schema\/logo\/image\/"},"sameAs":["https:\/\/www.facebook.com\/NUEVODigitalDeEscobar","https:\/\/x.com\/nuevodigescobar","https:\/\/www.instagram.com\/nuevodigitaldeescobar"]},{"@type":"Person","@id":"https:\/\/nuevodigitaldeescobar.com.ar\/#\/schema\/person\/035e90a8efe9a80e6eec22656ad6ea4c","name":"Redacci\u00f3n","image":{"@type":"ImageObject","inLanguage":"es","@id":"https:\/\/nuevodigitaldeescobar.com.ar\/#\/schema\/person\/image\/","url":"https:\/\/secure.gravatar.com\/avatar\/8af8f40000c24e9eef3034f2be5998a372bb1389e64b1a4a36b3a7979142220d?s=96&d=mm&r=g","contentUrl":"https:\/\/secure.gravatar.com\/avatar\/8af8f40000c24e9eef3034f2be5998a372bb1389e64b1a4a36b3a7979142220d?s=96&d=mm&r=g","caption":"Redacci\u00f3n"},"sameAs":["http:\/\/nuevodigitaldeescobar.com.ar"],"url":"https:\/\/nuevodigitaldeescobar.com.ar\/?author=1"}]}},"featured_image_urls":{"full":["https:\/\/nuevodigitaldeescobar.com.ar\/wp-content\/uploads\/2025\/01\/brasilvir134.png",625,416,false],"thumbnail":["https:\/\/nuevodigitaldeescobar.com.ar\/wp-content\/uploads\/2025\/01\/brasilvir134-150x150.png",150,150,true],"medium":["https:\/\/nuevodigitaldeescobar.com.ar\/wp-content\/uploads\/2025\/01\/brasilvir134-300x200.png",300,200,true],"medium_large":["https:\/\/nuevodigitaldeescobar.com.ar\/wp-content\/uploads\/2025\/01\/brasilvir134.png",625,416,false],"large":["https:\/\/nuevodigitaldeescobar.com.ar\/wp-content\/uploads\/2025\/01\/brasilvir134.png",625,416,false],"1536x1536":["https:\/\/nuevodigitaldeescobar.com.ar\/wp-content\/uploads\/2025\/01\/brasilvir134.png",625,416,false],"2048x2048":["https:\/\/nuevodigitaldeescobar.com.ar\/wp-content\/uploads\/2025\/01\/brasilvir134.png",625,416,false]},"author_info":{"display_name":"Redacci\u00f3n","author_link":"https:\/\/nuevodigitaldeescobar.com.ar\/?author=1"},"category_info":"<a href=\"https:\/\/nuevodigitaldeescobar.com.ar\/?cat=7\" rel=\"category\">Inter\u00e9s general<\/a> <a href=\"https:\/\/nuevodigitaldeescobar.com.ar\/?cat=285\" rel=\"category\">Internacionales<\/a> <a href=\"https:\/\/nuevodigitaldeescobar.com.ar\/?cat=3\" rel=\"category\">Salud y Nutrici\u00f3n<\/a>","tag_info":"Salud y Nutrici\u00f3n","comment_count":"0","_links":{"self":[{"href":"https:\/\/nuevodigitaldeescobar.com.ar\/index.php?rest_route=\/wp\/v2\/posts\/11014","targetHints":{"allow":["GET"]}}],"collection":[{"href":"https:\/\/nuevodigitaldeescobar.com.ar\/index.php?rest_route=\/wp\/v2\/posts"}],"about":[{"href":"https:\/\/nuevodigitaldeescobar.com.ar\/index.php?rest_route=\/wp\/v2\/types\/post"}],"author":[{"embeddable":true,"href":"https:\/\/nuevodigitaldeescobar.com.ar\/index.php?rest_route=\/wp\/v2\/users\/1"}],"replies":[{"embeddable":true,"href":"https:\/\/nuevodigitaldeescobar.com.ar\/index.php?rest_route=%2Fwp%2Fv2%2Fcomments&post=11014"}],"version-history":[{"count":1,"href":"https:\/\/nuevodigitaldeescobar.com.ar\/index.php?rest_route=\/wp\/v2\/posts\/11014\/revisions"}],"predecessor-version":[{"id":11017,"href":"https:\/\/nuevodigitaldeescobar.com.ar\/index.php?rest_route=\/wp\/v2\/posts\/11014\/revisions\/11017"}],"wp:featuredmedia":[{"embeddable":true,"href":"https:\/\/nuevodigitaldeescobar.com.ar\/index.php?rest_route=\/wp\/v2\/media\/11015"}],"wp:attachment":[{"href":"https:\/\/nuevodigitaldeescobar.com.ar\/index.php?rest_route=%2Fwp%2Fv2%2Fmedia&parent=11014"}],"wp:term":[{"taxonomy":"category","embeddable":true,"href":"https:\/\/nuevodigitaldeescobar.com.ar\/index.php?rest_route=%2Fwp%2Fv2%2Fcategories&post=11014"},{"taxonomy":"post_tag","embeddable":true,"href":"https:\/\/nuevodigitaldeescobar.com.ar\/index.php?rest_route=%2Fwp%2Fv2%2Ftags&post=11014"}],"curies":[{"name":"wp","href":"https:\/\/api.w.org\/{rel}","templated":true}]}}