{"id":1104,"date":"2023-11-21T15:09:07","date_gmt":"2023-11-21T18:09:07","guid":{"rendered":"https:\/\/nuevodigitaldeescobar.com.ar\/?p=1104"},"modified":"2023-11-21T15:09:18","modified_gmt":"2023-11-21T18:09:18","slug":"caso-chocolate-la-justicia-ordeno-detener-al-concejal-facundo-albini-y-a-su-padre","status":"publish","type":"post","link":"https:\/\/nuevodigitaldeescobar.com.ar\/?p=1104","title":{"rendered":"Caso \u201cChocolate\u201d: la Justicia orden\u00f3 detener al concejal Facundo Albini y a su padre"},"content":{"rendered":"<p><span style=\"color: #003366;\"><strong><em>El juez Guillermo Atencio tambi\u00e9n decidi\u00f3 arrestar a otras 16 personas. La fiscal Betina Lacki y Poder Ciudadano hab\u00edan reclamado las detenciones.<\/em><\/strong><\/span><\/p>\n<p><!--more--><\/p>\n<p>El juez platense Guillermo Atencio orden\u00f3 hoy detener a un total de 18 personas por el caso de Julio <em>\u201cChocolate\u201d<\/em> Rigau. Entre los detenidos se destacan el concejal platense Facundo Albini y de su padre, Claudio Albini, que durante a\u00f1os se desempe\u00f1\u00f3 como subjefe en la Direcci\u00f3n de Personal de la C\u00e1mara de Diputados bonaerense.<\/p>\n<p>La detenci\u00f3n de los Albini, acusados de los delitos de fraude y asociaci\u00f3n il\u00edcita, hab\u00eda sido pedida por la fiscal Betina Lacki y luego por la Fundaci\u00f3n Poder Ciudadano.<\/p>\n<p>Seg\u00fan se desprende de los mensajes que se extrajeron del celular del puntero, los Albini eran los <em>\u201cjefes\u201d<\/em> de Rigau. De hecho, Rigau ten\u00eda intercambios con Facundo, que estaba agendado como <em>\u201cFacu\u201d<\/em>.<\/p>\n<p>El informe preliminar sobre el tel\u00e9fono muestra una conversaci\u00f3n del 27 de agosto pasado, dos semanas antes de la detenci\u00f3n, donde <em>\u201cFacu\u201d<\/em> le envi\u0301a varios mensajes reclama\u0301ndole que si Rigau no quiere trabajar ma\u0301s con e\u0301l que se lo diga y quedan en buenas relaciones. Ante la falta de respuesta, Albini le habla de dinero: <em>\u201cTe llevas 200 por mes hace 3 an\u0303os y, cuando te necesito, no est\u00e1s. Siento que me est\u00e1s faltando el respeto a m\u00ed y a la amistad que tenemos y no quiero terminar mal con vos\u201d<\/em>.<\/p>\n<p>Hay m\u00e1s. El 5 de septiembre, apenas cuatro d\u00edas antes de su detenci\u00f3n, Rigau le mand\u00f3 a Albini una foto de un comprobante de movimientos bancarios. Ese mismo comprobante estaba entre los tickets secuestrados a <em>\u201cChocolate\u201d<\/em> el d\u00eda de su detenci\u00f3n.<\/p>\n<p>Facundo Albini acaba de renovar su banca como concejal de La Plata, en la lista que encabez\u00f3 Julio Alak, y fue director de Control y Gesti\u00f3n de la Secretar\u00eda Administrativa de la Legislatura.<\/p>\n<p>Cuando pidi\u00f3 la detenci\u00f3n de los Albini, la fiscal destac\u00f3 varias conversaciones entre Rigau y otras personas donde se menciona expl\u00edcitamente a Claudio Albini, ex funcionario de la Legislatura bonaerense.<\/p>\n<p>El 28 de julio, el puntero le manda un mensaje de voz a una mujer agendada como <em>\u201cCarmen\u201d<\/em> en el que habla de <em>\u201crendir\u201d<\/em> parte de la recaudaci\u00f3n: <em>\u201cBueno, bueno, si ayer nos dijeron que bueno, que&#8230; en el horario de visita, once y media, entre once y media y doce ehh&#8230; la&#8230; ten\u00eda el alta, yo tengo que ir a rendir, ahora estoy por llamar a Claudio tratar de rendir lo m\u00e1s temprano posible y llegar por lo menos a las doce\u201d<\/em>.<\/p>\n<p>El 18 de agosto, en una conversaci\u00f3n con un hombre agendado como <em>\u201cChispa\u201d<\/em>, Rigau vuelve a mencionar a Albini. <em>\u201cNegro, negro, negro, negro, negro, escuchame una cosa, ehhh&#8230; que quedaste con el gordo porqueee Claudio hoy me pregunto\u0301 si, c\u00f3mo veni\u0301a&#8230; c\u00f3mo veni\u0301a eso y para el lunes, tengo que tener finiquitado ese tema\u201d<\/em>.<\/p>\n<p>Albini padre no s\u00f3lo es aludido en los chats, sino que su firma, como subdirector de Personal de la Ca\u0301mara de Diputados, aparece en varios partes de recepci\u00f3n de las tarjetas de d\u00e9bito.<\/p>\n<p>El juez Atencio ya hab\u00eda rechazado un pedido de eximici\u00f3n de prisi\u00f3n presentado por la abogada de los Albini. En esa resoluci\u00f3n, el magistrado detall\u00f3 que hasta ahora la suma total del fraude ser\u00eda de 800 millones de pesos. <em>\u201cTengo para m\u00ed que la decisio\u0301n respecto del otorgamiento de este beneficio, debe supeditarse en el caso a valoracio\u0301n de la modalidad del hecho. En efecto, la extensio\u0301n del dan\u0303o causado, y las caracteri\u0301sticas de la conducta aqui\u0301 investigada, resultan pautas significativas para vislumbrar que, de recaer sentencia condenatoria, habra\u0301 de ser de cumplimiento efectivo\u201d<\/em>, dijo.<\/p>\n<p><img fetchpriority=\"high\" decoding=\"async\" class=\"alignnone size-full wp-image-1105\" src=\"http:\/\/nuevodigitaldeescobar.com.ar\/wp-content\/uploads\/2023\/11\/cajeros.jpg\" alt=\"\" width=\"720\" height=\"402\" srcset=\"https:\/\/nuevodigitaldeescobar.com.ar\/wp-content\/uploads\/2023\/11\/cajeros.jpg 720w, https:\/\/nuevodigitaldeescobar.com.ar\/wp-content\/uploads\/2023\/11\/cajeros-300x168.jpg 300w\" sizes=\"(max-width: 720px) 100vw, 720px\" \/><\/p>\n<p>El viernes pasado, Atencio dict\u00f3 la prisi\u00f3n preventiva del puntero peronista Julio <em>\u201cChocolate\u201d<\/em> Rigau en la causa en la que se investiga el fraude a la Legislatura bonaerense con las tarjetas de d\u00e9bito. El magistrado convirti\u00f3 la detenci\u00f3n del acusado en prisi\u00f3n preventiva al considerar que hay riesgos procesales si el imputado queda en libertad.<\/p>\n<p>La trama de corrupci\u00f3n por ahora sigue restringida a Rigau. Pero la Fiscal\u00eda ya tiene pruebas que el entramado de corrupci\u00f3n con fondos y contratos de la Legislatura bonaerense tiene otros protagonistas. Hay m\u00e1s Chocolates.<\/p>\n<p>Seg\u00fan las c\u00e1maras de seguridad del Banco Provincia, el 18 de agosto pasado, a las 5:30 de la madrugada, Rigau se cruz\u00f3 en el cajero de Plaza San Mart\u00edn con un hombre y una mujer que tambi\u00e9n se dedicaban a retirar dinero con tarjetas ajenas. Ten\u00edan 17 y 16 tarjetas en su poder. De las im\u00e1genes de las c\u00e1maras de seguridad se infiere que se conoc\u00edan con el puntero. <em>\u201cPasados un minuto del inicio del video se advierte que arriba al lugar Julio Segundo Rigau, circunstancia ante la cual el sujeto del sexo masculino se inclina haci\u0301a atra\u0301s y mira hacia el nombrado, en un gesto que puede interpretarse como un saludo\u201d<\/em>, detall\u00f3 la fiscal Lacki.<\/p>\n<p>No fue la \u00fanica vez que se cruzaron en los cajeros de la calle 47. Tambi\u00e9n hay registros del 17 de agosto y del 11 de agosto. En todos los casos hay un intercambio de miradas y de gestos.<\/p>\n<p>El \u00faltimo encuentro fue el 5 de septiembre, cuatro d\u00edas antes de la detenci\u00f3n.<\/p>\n<p>La fiscal Lacki quiere identificar a ese hombre y a esa mujer cuanto antes para saber si eran parte de la misma banda o si hab\u00eda otras bandas operando en paralelo.<\/p>\n<p><em>(Infobae)<\/em><\/p>\n","protected":false},"excerpt":{"rendered":"<p>El juez Guillermo Atencio tambi\u00e9n decidi\u00f3 arrestar a otras 16 personas. La fiscal Betina Lacki y Poder Ciudadano hab\u00edan reclamado las detenciones.<\/p>\n","protected":false},"author":1,"featured_media":1106,"comment_status":"open","ping_status":"closed","sticky":false,"template":"","format":"standard","meta":{"footnotes":""},"categories":[13],"tags":[],"class_list":["post-1104","post","type-post","status-publish","format-standard","has-post-thumbnail","hentry","category-policiales"],"better_featured_image":{"id":1106,"alt_text":"","caption":"","description":"","media_type":"image","media_details":{"width":720,"height":398,"file":"2023\/11\/facundo-albini.jpg","filesize":44082,"sizes":{"medium":{"file":"facundo-albini-300x166.jpg","width":300,"height":166,"mime-type":"image\/jpeg","filesize":15132,"source_url":"https:\/\/nuevodigitaldeescobar.com.ar\/wp-content\/uploads\/2023\/11\/facundo-albini-300x166.jpg"},"thumbnail":{"file":"facundo-albini-150x150.jpg","width":150,"height":150,"mime-type":"image\/jpeg","filesize":9910,"source_url":"https:\/\/nuevodigitaldeescobar.com.ar\/wp-content\/uploads\/2023\/11\/facundo-albini-150x150.jpg"},"covernews-medium":{"file":"facundo-albini-540x340.jpg","width":540,"height":340,"mime-type":"image\/jpeg","filesize":33797,"source_url":"https:\/\/nuevodigitaldeescobar.com.ar\/wp-content\/uploads\/2023\/11\/facundo-albini-540x340.jpg"},"covernews-medium-square":{"file":"facundo-albini-400x250.jpg","width":400,"height":250,"mime-type":"image\/jpeg","filesize":22886,"source_url":"https:\/\/nuevodigitaldeescobar.com.ar\/wp-content\/uploads\/2023\/11\/facundo-albini-400x250.jpg"}},"image_meta":{"aperture":"0","credit":"","camera":"","caption":"","created_timestamp":"0","copyright":"","focal_length":"0","iso":"0","shutter_speed":"0","title":"","orientation":"0","keywords":[]}},"post":1104,"source_url":"https:\/\/nuevodigitaldeescobar.com.ar\/wp-content\/uploads\/2023\/11\/facundo-albini.jpg"},"yoast_head":"<!-- This site is optimized with the Yoast SEO plugin v26.1.1 - https:\/\/yoast.com\/wordpress\/plugins\/seo\/ -->\n<title>Caso \u201cChocolate\u201d: la Justicia orden\u00f3 detener al concejal Facundo Albini y a su padre - Nuevo Digital de Escobar<\/title>\n<meta name=\"robots\" content=\"index, follow, max-snippet:-1, max-image-preview:large, max-video-preview:-1\" \/>\n<link rel=\"canonical\" href=\"https:\/\/nuevodigitaldeescobar.com.ar\/?p=1104\" \/>\n<meta property=\"og:locale\" content=\"es_ES\" \/>\n<meta property=\"og:type\" content=\"article\" \/>\n<meta property=\"og:title\" content=\"Caso \u201cChocolate\u201d: la Justicia orden\u00f3 detener al concejal Facundo Albini y a su padre - Nuevo Digital de Escobar\" \/>\n<meta property=\"og:description\" content=\"El juez Guillermo Atencio tambi\u00e9n decidi\u00f3 arrestar a otras 16 personas. La fiscal Betina Lacki y Poder Ciudadano hab\u00edan reclamado las detenciones.\" \/>\n<meta property=\"og:url\" content=\"https:\/\/nuevodigitaldeescobar.com.ar\/?p=1104\" \/>\n<meta property=\"og:site_name\" content=\"Nuevo Digital de Escobar\" \/>\n<meta property=\"article:publisher\" content=\"https:\/\/www.facebook.com\/NUEVODigitalDeEscobar\" \/>\n<meta property=\"article:published_time\" content=\"2023-11-21T18:09:07+00:00\" \/>\n<meta property=\"article:modified_time\" content=\"2023-11-21T18:09:18+00:00\" \/>\n<meta property=\"og:image\" content=\"https:\/\/nuevodigitaldeescobar.com.ar\/wp-content\/uploads\/2023\/11\/facundo-albini.jpg\" \/>\n\t<meta property=\"og:image:width\" content=\"720\" \/>\n\t<meta property=\"og:image:height\" content=\"398\" \/>\n\t<meta property=\"og:image:type\" content=\"image\/jpeg\" \/>\n<meta name=\"author\" content=\"Redacci\u00f3n\" \/>\n<meta name=\"twitter:card\" content=\"summary_large_image\" \/>\n<meta name=\"twitter:creator\" content=\"@nuevodigescobar\" \/>\n<meta name=\"twitter:site\" content=\"@nuevodigescobar\" \/>\n<meta name=\"twitter:label1\" content=\"Escrito por\" \/>\n\t<meta name=\"twitter:data1\" content=\"Redacci\u00f3n\" \/>\n\t<meta name=\"twitter:label2\" content=\"Tiempo de lectura\" \/>\n\t<meta name=\"twitter:data2\" content=\"5 minutos\" \/>\n<script type=\"application\/ld+json\" class=\"yoast-schema-graph\">{\"@context\":\"https:\/\/schema.org\",\"@graph\":[{\"@type\":\"Article\",\"@id\":\"https:\/\/nuevodigitaldeescobar.com.ar\/?p=1104#article\",\"isPartOf\":{\"@id\":\"https:\/\/nuevodigitaldeescobar.com.ar\/?p=1104\"},\"author\":{\"name\":\"Redacci\u00f3n\",\"@id\":\"https:\/\/nuevodigitaldeescobar.com.ar\/#\/schema\/person\/035e90a8efe9a80e6eec22656ad6ea4c\"},\"headline\":\"Caso \u201cChocolate\u201d: la Justicia orden\u00f3 detener al concejal Facundo Albini y a su padre\",\"datePublished\":\"2023-11-21T18:09:07+00:00\",\"dateModified\":\"2023-11-21T18:09:18+00:00\",\"mainEntityOfPage\":{\"@id\":\"https:\/\/nuevodigitaldeescobar.com.ar\/?p=1104\"},\"wordCount\":961,\"commentCount\":0,\"publisher\":{\"@id\":\"https:\/\/nuevodigitaldeescobar.com.ar\/#organization\"},\"image\":{\"@id\":\"https:\/\/nuevodigitaldeescobar.com.ar\/?p=1104#primaryimage\"},\"thumbnailUrl\":\"https:\/\/nuevodigitaldeescobar.com.ar\/wp-content\/uploads\/2023\/11\/facundo-albini.jpg\",\"articleSection\":[\"Policiales\"],\"inLanguage\":\"es\",\"potentialAction\":[{\"@type\":\"CommentAction\",\"name\":\"Comment\",\"target\":[\"https:\/\/nuevodigitaldeescobar.com.ar\/?p=1104#respond\"]}]},{\"@type\":\"WebPage\",\"@id\":\"https:\/\/nuevodigitaldeescobar.com.ar\/?p=1104\",\"url\":\"https:\/\/nuevodigitaldeescobar.com.ar\/?p=1104\",\"name\":\"Caso \u201cChocolate\u201d: la Justicia orden\u00f3 detener al concejal Facundo Albini y a su padre - Nuevo Digital de Escobar\",\"isPartOf\":{\"@id\":\"https:\/\/nuevodigitaldeescobar.com.ar\/#website\"},\"primaryImageOfPage\":{\"@id\":\"https:\/\/nuevodigitaldeescobar.com.ar\/?p=1104#primaryimage\"},\"image\":{\"@id\":\"https:\/\/nuevodigitaldeescobar.com.ar\/?p=1104#primaryimage\"},\"thumbnailUrl\":\"https:\/\/nuevodigitaldeescobar.com.ar\/wp-content\/uploads\/2023\/11\/facundo-albini.jpg\",\"datePublished\":\"2023-11-21T18:09:07+00:00\",\"dateModified\":\"2023-11-21T18:09:18+00:00\",\"breadcrumb\":{\"@id\":\"https:\/\/nuevodigitaldeescobar.com.ar\/?p=1104#breadcrumb\"},\"inLanguage\":\"es\",\"potentialAction\":[{\"@type\":\"ReadAction\",\"target\":[\"https:\/\/nuevodigitaldeescobar.com.ar\/?p=1104\"]}]},{\"@type\":\"ImageObject\",\"inLanguage\":\"es\",\"@id\":\"https:\/\/nuevodigitaldeescobar.com.ar\/?p=1104#primaryimage\",\"url\":\"https:\/\/nuevodigitaldeescobar.com.ar\/wp-content\/uploads\/2023\/11\/facundo-albini.jpg\",\"contentUrl\":\"https:\/\/nuevodigitaldeescobar.com.ar\/wp-content\/uploads\/2023\/11\/facundo-albini.jpg\",\"width\":720,\"height\":398},{\"@type\":\"BreadcrumbList\",\"@id\":\"https:\/\/nuevodigitaldeescobar.com.ar\/?p=1104#breadcrumb\",\"itemListElement\":[{\"@type\":\"ListItem\",\"position\":1,\"name\":\"Portada\",\"item\":\"https:\/\/nuevodigitaldeescobar.com.ar\/\"},{\"@type\":\"ListItem\",\"position\":2,\"name\":\"Caso \u201cChocolate\u201d: la Justicia orden\u00f3 detener al concejal Facundo Albini y a su padre\"}]},{\"@type\":\"WebSite\",\"@id\":\"https:\/\/nuevodigitaldeescobar.com.ar\/#website\",\"url\":\"https:\/\/nuevodigitaldeescobar.com.ar\/\",\"name\":\"Nuevo Digital de Escobar\",\"description\":\"La vida escobarense. Directora: Rosana Brunner\",\"publisher\":{\"@id\":\"https:\/\/nuevodigitaldeescobar.com.ar\/#organization\"},\"potentialAction\":[{\"@type\":\"SearchAction\",\"target\":{\"@type\":\"EntryPoint\",\"urlTemplate\":\"https:\/\/nuevodigitaldeescobar.com.ar\/?s={search_term_string}\"},\"query-input\":{\"@type\":\"PropertyValueSpecification\",\"valueRequired\":true,\"valueName\":\"search_term_string\"}}],\"inLanguage\":\"es\"},{\"@type\":\"Organization\",\"@id\":\"https:\/\/nuevodigitaldeescobar.com.ar\/#organization\",\"name\":\"Nuevo Digital de Escobar\",\"url\":\"https:\/\/nuevodigitaldeescobar.com.ar\/\",\"logo\":{\"@type\":\"ImageObject\",\"inLanguage\":\"es\",\"@id\":\"https:\/\/nuevodigitaldeescobar.com.ar\/#\/schema\/logo\/image\/\",\"url\":\"https:\/\/nuevodigitaldeescobar.com.ar\/wp-content\/uploads\/2025\/05\/cropped-logo-nuevo2.jpg\",\"contentUrl\":\"https:\/\/nuevodigitaldeescobar.com.ar\/wp-content\/uploads\/2025\/05\/cropped-logo-nuevo2.jpg\",\"width\":305,\"height\":305,\"caption\":\"Nuevo Digital de Escobar\"},\"image\":{\"@id\":\"https:\/\/nuevodigitaldeescobar.com.ar\/#\/schema\/logo\/image\/\"},\"sameAs\":[\"https:\/\/www.facebook.com\/NUEVODigitalDeEscobar\",\"https:\/\/x.com\/nuevodigescobar\",\"https:\/\/www.instagram.com\/nuevodigitaldeescobar\"]},{\"@type\":\"Person\",\"@id\":\"https:\/\/nuevodigitaldeescobar.com.ar\/#\/schema\/person\/035e90a8efe9a80e6eec22656ad6ea4c\",\"name\":\"Redacci\u00f3n\",\"image\":{\"@type\":\"ImageObject\",\"inLanguage\":\"es\",\"@id\":\"https:\/\/nuevodigitaldeescobar.com.ar\/#\/schema\/person\/image\/\",\"url\":\"https:\/\/secure.gravatar.com\/avatar\/8af8f40000c24e9eef3034f2be5998a372bb1389e64b1a4a36b3a7979142220d?s=96&d=mm&r=g\",\"contentUrl\":\"https:\/\/secure.gravatar.com\/avatar\/8af8f40000c24e9eef3034f2be5998a372bb1389e64b1a4a36b3a7979142220d?s=96&d=mm&r=g\",\"caption\":\"Redacci\u00f3n\"},\"sameAs\":[\"http:\/\/nuevodigitaldeescobar.com.ar\"],\"url\":\"https:\/\/nuevodigitaldeescobar.com.ar\/?author=1\"}]}<\/script>\n<!-- \/ Yoast SEO plugin. -->","yoast_head_json":{"title":"Caso \u201cChocolate\u201d: la Justicia orden\u00f3 detener al concejal Facundo Albini y a su padre - Nuevo Digital de Escobar","robots":{"index":"index","follow":"follow","max-snippet":"max-snippet:-1","max-image-preview":"max-image-preview:large","max-video-preview":"max-video-preview:-1"},"canonical":"https:\/\/nuevodigitaldeescobar.com.ar\/?p=1104","og_locale":"es_ES","og_type":"article","og_title":"Caso \u201cChocolate\u201d: la Justicia orden\u00f3 detener al concejal Facundo Albini y a su padre - Nuevo Digital de Escobar","og_description":"El juez Guillermo Atencio tambi\u00e9n decidi\u00f3 arrestar a otras 16 personas. La fiscal Betina Lacki y Poder Ciudadano hab\u00edan reclamado las detenciones.","og_url":"https:\/\/nuevodigitaldeescobar.com.ar\/?p=1104","og_site_name":"Nuevo Digital de Escobar","article_publisher":"https:\/\/www.facebook.com\/NUEVODigitalDeEscobar","article_published_time":"2023-11-21T18:09:07+00:00","article_modified_time":"2023-11-21T18:09:18+00:00","og_image":[{"width":720,"height":398,"url":"https:\/\/nuevodigitaldeescobar.com.ar\/wp-content\/uploads\/2023\/11\/facundo-albini.jpg","type":"image\/jpeg"}],"author":"Redacci\u00f3n","twitter_card":"summary_large_image","twitter_creator":"@nuevodigescobar","twitter_site":"@nuevodigescobar","twitter_misc":{"Escrito por":"Redacci\u00f3n","Tiempo de lectura":"5 minutos"},"schema":{"@context":"https:\/\/schema.org","@graph":[{"@type":"Article","@id":"https:\/\/nuevodigitaldeescobar.com.ar\/?p=1104#article","isPartOf":{"@id":"https:\/\/nuevodigitaldeescobar.com.ar\/?p=1104"},"author":{"name":"Redacci\u00f3n","@id":"https:\/\/nuevodigitaldeescobar.com.ar\/#\/schema\/person\/035e90a8efe9a80e6eec22656ad6ea4c"},"headline":"Caso \u201cChocolate\u201d: la Justicia orden\u00f3 detener al concejal Facundo Albini y a su padre","datePublished":"2023-11-21T18:09:07+00:00","dateModified":"2023-11-21T18:09:18+00:00","mainEntityOfPage":{"@id":"https:\/\/nuevodigitaldeescobar.com.ar\/?p=1104"},"wordCount":961,"commentCount":0,"publisher":{"@id":"https:\/\/nuevodigitaldeescobar.com.ar\/#organization"},"image":{"@id":"https:\/\/nuevodigitaldeescobar.com.ar\/?p=1104#primaryimage"},"thumbnailUrl":"https:\/\/nuevodigitaldeescobar.com.ar\/wp-content\/uploads\/2023\/11\/facundo-albini.jpg","articleSection":["Policiales"],"inLanguage":"es","potentialAction":[{"@type":"CommentAction","name":"Comment","target":["https:\/\/nuevodigitaldeescobar.com.ar\/?p=1104#respond"]}]},{"@type":"WebPage","@id":"https:\/\/nuevodigitaldeescobar.com.ar\/?p=1104","url":"https:\/\/nuevodigitaldeescobar.com.ar\/?p=1104","name":"Caso \u201cChocolate\u201d: la Justicia orden\u00f3 detener al concejal Facundo Albini y a su padre - Nuevo Digital de Escobar","isPartOf":{"@id":"https:\/\/nuevodigitaldeescobar.com.ar\/#website"},"primaryImageOfPage":{"@id":"https:\/\/nuevodigitaldeescobar.com.ar\/?p=1104#primaryimage"},"image":{"@id":"https:\/\/nuevodigitaldeescobar.com.ar\/?p=1104#primaryimage"},"thumbnailUrl":"https:\/\/nuevodigitaldeescobar.com.ar\/wp-content\/uploads\/2023\/11\/facundo-albini.jpg","datePublished":"2023-11-21T18:09:07+00:00","dateModified":"2023-11-21T18:09:18+00:00","breadcrumb":{"@id":"https:\/\/nuevodigitaldeescobar.com.ar\/?p=1104#breadcrumb"},"inLanguage":"es","potentialAction":[{"@type":"ReadAction","target":["https:\/\/nuevodigitaldeescobar.com.ar\/?p=1104"]}]},{"@type":"ImageObject","inLanguage":"es","@id":"https:\/\/nuevodigitaldeescobar.com.ar\/?p=1104#primaryimage","url":"https:\/\/nuevodigitaldeescobar.com.ar\/wp-content\/uploads\/2023\/11\/facundo-albini.jpg","contentUrl":"https:\/\/nuevodigitaldeescobar.com.ar\/wp-content\/uploads\/2023\/11\/facundo-albini.jpg","width":720,"height":398},{"@type":"BreadcrumbList","@id":"https:\/\/nuevodigitaldeescobar.com.ar\/?p=1104#breadcrumb","itemListElement":[{"@type":"ListItem","position":1,"name":"Portada","item":"https:\/\/nuevodigitaldeescobar.com.ar\/"},{"@type":"ListItem","position":2,"name":"Caso \u201cChocolate\u201d: la Justicia orden\u00f3 detener al concejal Facundo Albini y a su padre"}]},{"@type":"WebSite","@id":"https:\/\/nuevodigitaldeescobar.com.ar\/#website","url":"https:\/\/nuevodigitaldeescobar.com.ar\/","name":"Nuevo Digital de Escobar","description":"La vida escobarense. Directora: Rosana Brunner","publisher":{"@id":"https:\/\/nuevodigitaldeescobar.com.ar\/#organization"},"potentialAction":[{"@type":"SearchAction","target":{"@type":"EntryPoint","urlTemplate":"https:\/\/nuevodigitaldeescobar.com.ar\/?s={search_term_string}"},"query-input":{"@type":"PropertyValueSpecification","valueRequired":true,"valueName":"search_term_string"}}],"inLanguage":"es"},{"@type":"Organization","@id":"https:\/\/nuevodigitaldeescobar.com.ar\/#organization","name":"Nuevo Digital de Escobar","url":"https:\/\/nuevodigitaldeescobar.com.ar\/","logo":{"@type":"ImageObject","inLanguage":"es","@id":"https:\/\/nuevodigitaldeescobar.com.ar\/#\/schema\/logo\/image\/","url":"https:\/\/nuevodigitaldeescobar.com.ar\/wp-content\/uploads\/2025\/05\/cropped-logo-nuevo2.jpg","contentUrl":"https:\/\/nuevodigitaldeescobar.com.ar\/wp-content\/uploads\/2025\/05\/cropped-logo-nuevo2.jpg","width":305,"height":305,"caption":"Nuevo Digital de Escobar"},"image":{"@id":"https:\/\/nuevodigitaldeescobar.com.ar\/#\/schema\/logo\/image\/"},"sameAs":["https:\/\/www.facebook.com\/NUEVODigitalDeEscobar","https:\/\/x.com\/nuevodigescobar","https:\/\/www.instagram.com\/nuevodigitaldeescobar"]},{"@type":"Person","@id":"https:\/\/nuevodigitaldeescobar.com.ar\/#\/schema\/person\/035e90a8efe9a80e6eec22656ad6ea4c","name":"Redacci\u00f3n","image":{"@type":"ImageObject","inLanguage":"es","@id":"https:\/\/nuevodigitaldeescobar.com.ar\/#\/schema\/person\/image\/","url":"https:\/\/secure.gravatar.com\/avatar\/8af8f40000c24e9eef3034f2be5998a372bb1389e64b1a4a36b3a7979142220d?s=96&d=mm&r=g","contentUrl":"https:\/\/secure.gravatar.com\/avatar\/8af8f40000c24e9eef3034f2be5998a372bb1389e64b1a4a36b3a7979142220d?s=96&d=mm&r=g","caption":"Redacci\u00f3n"},"sameAs":["http:\/\/nuevodigitaldeescobar.com.ar"],"url":"https:\/\/nuevodigitaldeescobar.com.ar\/?author=1"}]}},"featured_image_urls":{"full":["https:\/\/nuevodigitaldeescobar.com.ar\/wp-content\/uploads\/2023\/11\/facundo-albini.jpg",720,398,false],"thumbnail":["https:\/\/nuevodigitaldeescobar.com.ar\/wp-content\/uploads\/2023\/11\/facundo-albini-150x150.jpg",150,150,true],"medium":["https:\/\/nuevodigitaldeescobar.com.ar\/wp-content\/uploads\/2023\/11\/facundo-albini-300x166.jpg",300,166,true],"medium_large":["https:\/\/nuevodigitaldeescobar.com.ar\/wp-content\/uploads\/2023\/11\/facundo-albini.jpg",640,354,false],"large":["https:\/\/nuevodigitaldeescobar.com.ar\/wp-content\/uploads\/2023\/11\/facundo-albini.jpg",640,354,false],"1536x1536":["https:\/\/nuevodigitaldeescobar.com.ar\/wp-content\/uploads\/2023\/11\/facundo-albini.jpg",720,398,false],"2048x2048":["https:\/\/nuevodigitaldeescobar.com.ar\/wp-content\/uploads\/2023\/11\/facundo-albini.jpg",720,398,false]},"author_info":{"display_name":"Redacci\u00f3n","author_link":"https:\/\/nuevodigitaldeescobar.com.ar\/?author=1"},"category_info":"<a href=\"https:\/\/nuevodigitaldeescobar.com.ar\/?cat=13\" rel=\"category\">Policiales<\/a>","tag_info":"Policiales","comment_count":"0","_links":{"self":[{"href":"https:\/\/nuevodigitaldeescobar.com.ar\/index.php?rest_route=\/wp\/v2\/posts\/1104","targetHints":{"allow":["GET"]}}],"collection":[{"href":"https:\/\/nuevodigitaldeescobar.com.ar\/index.php?rest_route=\/wp\/v2\/posts"}],"about":[{"href":"https:\/\/nuevodigitaldeescobar.com.ar\/index.php?rest_route=\/wp\/v2\/types\/post"}],"author":[{"embeddable":true,"href":"https:\/\/nuevodigitaldeescobar.com.ar\/index.php?rest_route=\/wp\/v2\/users\/1"}],"replies":[{"embeddable":true,"href":"https:\/\/nuevodigitaldeescobar.com.ar\/index.php?rest_route=%2Fwp%2Fv2%2Fcomments&post=1104"}],"version-history":[{"count":1,"href":"https:\/\/nuevodigitaldeescobar.com.ar\/index.php?rest_route=\/wp\/v2\/posts\/1104\/revisions"}],"predecessor-version":[{"id":1107,"href":"https:\/\/nuevodigitaldeescobar.com.ar\/index.php?rest_route=\/wp\/v2\/posts\/1104\/revisions\/1107"}],"wp:featuredmedia":[{"embeddable":true,"href":"https:\/\/nuevodigitaldeescobar.com.ar\/index.php?rest_route=\/wp\/v2\/media\/1106"}],"wp:attachment":[{"href":"https:\/\/nuevodigitaldeescobar.com.ar\/index.php?rest_route=%2Fwp%2Fv2%2Fmedia&parent=1104"}],"wp:term":[{"taxonomy":"category","embeddable":true,"href":"https:\/\/nuevodigitaldeescobar.com.ar\/index.php?rest_route=%2Fwp%2Fv2%2Fcategories&post=1104"},{"taxonomy":"post_tag","embeddable":true,"href":"https:\/\/nuevodigitaldeescobar.com.ar\/index.php?rest_route=%2Fwp%2Fv2%2Ftags&post=1104"}],"curies":[{"name":"wp","href":"https:\/\/api.w.org\/{rel}","templated":true}]}}