{"id":11081,"date":"2025-01-08T07:20:57","date_gmt":"2025-01-08T10:20:57","guid":{"rendered":"https:\/\/nuevodigitaldeescobar.com.ar\/?p=11081"},"modified":"2025-01-08T08:24:06","modified_gmt":"2025-01-08T11:24:06","slug":"mercado-de-pases-altas-bajas-y-rumores-de-boca-river-y-el-resto-de-los-grandes","status":"publish","type":"post","link":"https:\/\/nuevodigitaldeescobar.com.ar\/?p=11081","title":{"rendered":"Mercado de pases: altas, bajas y rumores de Boca, River y el resto de los grandes"},"content":{"rendered":"\n<p>A poco m\u00e1s de dos semanas para el inicio de la <strong>Liga Profesional<\/strong> y para los primeros encuentros de la <strong>Copa Argentina<\/strong> y las fases previas de los <a href=\"https:\/\/derechadiario.com.ar\/deportes\/uno-por-uno-los-elegidos-por-fifa-para-promocionar-mundial-clubes-2025\" title=\"Uno por uno los elegidos por la FIFA para promocionar el Mundial de Clubes 2025\">cert\u00e1menes internacionales<\/a>, los clubes buscan reforzarse de la mejor manera en el mercado de pases de verano, y <strong>los denominados \u00abcinco grandes\u00bb no son la excepci\u00f3n.<\/strong><\/p>\n<p>Con la mira puesta en la pretemporada, \u00a0<strong>River, Boca, Independiente, Racing y San Lorenzo\u00a0ya concretaron incorporaciones de cara a la temporada 2025<\/strong>, sin embargo tambi\u00e9n sufrieron algunas bajas, unas m\u00e1s sensibles que otras. Es por esto que, para tener un panorama m\u00e1s claro de la situaci\u00f3n actual de cada club, repasaremos las altas y bajas en los planteles, as\u00ed\u00a0como tambi\u00e9n de los rumores que existen hoy en d\u00eda.<\/p>\n<h2><strong>Mercado de pases de los cinco grandes del f\u00fatbol argentino<\/strong><\/h2>\n<h2><strong>River Plate<\/strong><\/h2>\n<p><strong>Altas<\/strong>:<\/p>\n<p>\u2b06\ufe0f <strong>Gonzalo Tapia<\/strong>: el delantero chileno lleg\u00f3 libre de la Universidad Cat\u00f3lica de Chile, donde gan\u00f3 dos ligas y una recopa, y ya fue presentado como nuevo jugador de River. Si bien es polifusional en el ataque, su principal posici\u00f3n es extremo derecho.<\/p>\n<p>\u2b06\ufe0f <strong>Mat\u00edas Rojas<\/strong>: viene de jugar nada m\u00e1s ni nada menos que con Lionel Messi en el Inter Miami, club del cual se fue libre. Anteriormente el paraguayo ya hab\u00eda jugado en Argentina, m\u00e1s precisamente en Racing, Lan\u00fas y Defensa y Justicia.<\/p>\n<p>\u2b06\ufe0f <strong>Enzo P\u00e9rez<\/strong>: luego de su breve paso por Estudiantes de La Plata, el experimentado mediocampista vuelve al club de sus amores. En medio de la b\u00fasqueda de la figura de un capit\u00e1n para el vestuario, el oriundo de Maip\u00fa llega como agente libre y por pedido de Marcelo Gallardo.<\/p>\n<p>\u2b06\ufe0f <strong>Giulano Galoppo<\/strong>: proveniente del Sao Pablo,\u00a0es un refuerzo que River le rob\u00f3 a Boca. Aunque llega a pr\u00e9stamo sin cargo, el Millonario tiene una obligaci\u00f3n de comprar de\u00a03.2 millones de d\u00f3lares por el 50% de la ficha del futbolista.<\/p>\n<p>\u2b06\ufe0f <strong>Lucas Mart\u00ednez Quarta<\/strong>: la vuelta del\u00a0\u00ab<em>Chino<\/em>\u00bb fue oficializada hoy por el club. River debi\u00f3 pagar\u00a07 millones de d\u00f3lares por el 100% de su pase a la Fiorentina. Ya se encuentra realizando la pretemporada con el equipo en San Mart\u00edn de los Andes.<\/p>\n<p>\u2b06\ufe0f <a href=\"https:\/\/derechadiario.com.ar\/deportes\/gonzalo-montiel-fue-sobreseido-causa-por-presunto-abuso-sexual\" title=\"Gonzalo Montiel fue sobrese\u00eddo en la causa por presunto abuso sexual: \u00bfllega a River?\"><strong>Gonzalo Montiel<\/strong><\/a>: lo que parec\u00eda un simple rumor est\u00e1 a una firma de ser realidad. \u00ab<em>Cachete<\/em>\u00ab, en muy alta estima de Marcelo Gallardo, va a volver al club que lo vio nacer. El precio final que River le deber\u00e1 pagar a Sevilla ser\u00e1 de alrededor de 5 millones de d\u00f3lares<\/p>\n<p>Tambi\u00e9n vuelven de sus respectivos pr\u00e9stamos <strong>Tom\u00e1s Galv\u00e1n<\/strong> (desde Tigre), <strong>Franco Paredes<\/strong> (desde Sarmiento de Jun\u00edn),\u00a0<strong>Tom\u00e1s Castro Ponce<\/strong> (desde Atl\u00e9tico Tucum\u00e1n), <strong>Franco Alfonso<\/strong> (desde Hurac\u00e1n) y <strong>Esteban Fern\u00e1ndez<\/strong> (desde Newell\u00b4s Old Boys).<\/p>\n<div class=\"inter_image image_horizontal\">\n<div>\n<span class=\"img_footer\">Los refuerzos de River <\/span>| <span \n<\/div>\n<p><strong>Bajas<\/strong>:<\/p>\n<p>\u2b07\ufe0f <strong>Claudio Echeverri<\/strong>: el juvenil millonario emigr\u00e1 al viejo continente luego de permanecer un a\u00f1o a pr\u00e9stamo desde el Manchester City. Hace justo un a\u00f1o, el conjunto citizen puso sobre la mesa una cifra cercana a los 19 millones de euros brutos por el pase del \u00ab<em>Diablito<\/em>\u00bb y lo dej\u00f3 quedarse en el club\u00a0hasta finales de 2024 con un pr\u00e9stamo sin cargo.<\/p>\n<p>\u2b07\ufe0f <strong>Enzo D\u00edaz<\/strong>: el lateral izquierdo se despidi\u00f3 hoy de River con algo de bronca por la manera en la que se va. Seg\u00fan argument\u00f3, deja el club en busca de mayor continuidad. Luego de su paso de dos a\u00f1os en el club, el ex Talleres de C\u00f3rdoba ser\u00e1 nuevo refuerzo del Sao Pablo.<\/p>\n<p>\u2b07\ufe0f <strong>Robert Rojas<\/strong>: el paraguayo, quien supo brillar en el primer ciclo de Gallardo, viene de tener unas temporadas muy flojas en Tigre y Vasco da Gama, al punto que el conjunto brasile\u00f1o decidi\u00f3 no hacer uso de la opci\u00f3n de compra que ten\u00eda por incumplimiento de objetivos. Es por esto que, a pesar de que ten\u00eda que retornar al conjunto millonario,\u00a0fue vendido en 2 millones de d\u00f3lares a Olimpia de Mart\u00edn Palermo.<\/p>\n<p>\u2b07\ufe0f \u00a0<strong>Jos\u00e9 Paradela<\/strong>: el delantero deb\u00eda volver a River luego de su pr\u00e9stamo en Necaxa, sin embargo, el club mexicano le compr\u00f3 la ficha al club millonario en una cifra cercana a los 2 millones de d\u00f3lares, por lo que seguir\u00e1 su carrera en el pa\u00eds azteca.<\/p>\n<p><strong>Rumores<\/strong>:<\/p>\n<p><em>Incorporaciones<\/em><\/p>\n<p>\ud83d\udd3a <strong>Sebast\u00edan Driussi<\/strong> (desde Austin FC): es uno de los mayores anhelos del \u00ab<em>Mu\u00f1eco<\/em>\u00ab, sin embargo, de momento la vuelta de \u00abEl Gordo\u00bb\u00a0al Millonario es muy complicada debido al alto precio de su pase (9 millones de d\u00f3lares).<\/p>\n<p>\ud83d\udd3a <strong>Kevin Casta\u00f1o<\/strong> (desde Krasnodar): el mediocampista colombiano, finalista de la Copa Am\u00e9rica 2024, est\u00e1 en carpeta de conjunto riverplatense. Su llegada se ve complicada, ya que solo se ir\u00eda del club a trav\u00e9s de una venta (por no menos de 10 millones de d\u00f3lares) y River deber\u00eda\u00a0liberar un cupo de extranjero.<\/p>\n<p>\ud83d\udd3a <strong>Gabriel Suazo<\/strong> (desde Toulouse): el lateral izquierdo es otro de los nombres que suena para reforzar la defensa de River y reemplazar el hueco que deja Enzo D\u00edaz. El precio del jugador chileno es de alrededor de 3 millones de d\u00f3lares.<\/p>\n<p>\ud83d\udd3a <strong>Ger\u00f3nimo Rivera<\/strong> (desde Banfield): a\u00fan no hubo ofertas formales por el jugador, pero si se iniciaron consultas con intenci\u00f3n\u00a0de avanzar en caso de que el Taladro le ponga un precio acorde.<\/p>\n<p>Otros nombres que est\u00e1n en carpeta, pero que son m\u00e1s d\u00edf\u00edciles que lleguen a River, son <strong>Nicol\u00e1s Tagliafico<\/strong> (Lyon), <strong>Christian Ord\u00f3nez<\/strong> (V\u00e9lez), <strong>Jonathan Calleri<\/strong> (Sao Pablo) y <strong>Rodrigo Battaglia<\/strong> (Atl\u00e9tico Mineiro)<\/p>\n<p><em>Salidas<\/em><\/p>\n<p>\ud83d\udd3b <strong>Nicol\u00e1s Fonseca<\/strong> (a RB Bragantino): de un paso discreto por la entidad millonario, recordado principalmente por su golazo ante Deportivo T\u00e1chira por Copa Libertadores y por su memorable patada a Zen\u00f3n en el Supercl\u00e1sico, el uruguayo tiene pie y medio en Brasil. En las \u00faltimas horas c\u00edrculo el inter\u00e9s del conjunto de la marca de energizantes, que ya tendr\u00edan todo encaminado para incorporarlo en los siguientes d\u00edas.<\/p>\n<p>\ud83d\udd3b <strong>Leandro Gonz\u00e1lez Pirez<\/strong> (a Estudiantes de LP): Si bien no hay nada concreto en cuanto a su salida, el defensa tiene el inter\u00e9s del conjunto de\u00a0La Plata, por donde ya pas\u00f3 en 2016.<\/p>\n<p>\ud83d\udd3b <strong>Adam Bareiro<\/strong>: en la movida de River para liberar un cupo de extranjero, el paraguayo entra entre los candidatos para dejar el club. De momento, el ex San Lorenzo, tiene el inter\u00e9s\u00a0de Nacional de Montevideo.<\/p>\n<p>Por otra parte, est\u00e1n bajo revisi\u00f3n algunos jugadores para ser transferibles o negociables, entre ellos <strong>Ramiro Funes Mori<\/strong>, <strong>Federico Gattoni<\/strong> y\u00a0<strong>Milton Casco<\/strong>.<\/p>\n<h2><strong>Boca Juniors<\/strong><\/h2>\n<p><strong>Altas<\/strong>:<\/p>\n<p>\u2b06\ufe0f <strong>Carlos Palacios<\/strong>: de momento es el \u00fanico refuerzo que ya se encuentra entrenando con el plantel de Boca en la pretemporada. El club de la Ribera tuvo que pagar una suma de 4.8 millones de d\u00f3lares por su pase a Colo-Colo.<\/p>\n<p>\u2b06\ufe0f <strong>Ayrton Costa<\/strong>: en el d\u00eda de ayer, el Xeneize oficializ\u00f3 la incorporaci\u00f3n del ex Independiente, por el cual pag\u00f3 3.5 millones de d\u00f3lares al Royal Antwerp de B\u00e9lgica. El defensor llega el jueves para realizarse la revisi\u00f3n m\u00e9dica y empezar lo antes posible a entrenarse con el primer equipo.<\/p>\n<p>Tambi\u00e9n vuelven de sus respectivos pr\u00e9stamos <strong>Lucas Brochero<\/strong>, <strong>Federico Aguirre<\/strong>, <strong>Maximiliano Zalazar<\/strong> y <strong>Pedro Verlutas<\/strong> (todos desde Barracas Central), <strong>Esteban Rol\u00f3n<\/strong> (desde Belgrano), <strong>Nicol\u00e1s Orsini<\/strong> (desde Uni\u00f3n de Santa Fe), <strong>Gabriel Aranda<\/strong> (desde Banfield), <strong>Rodrigo Montes<\/strong> (desde Gimnasia de Jujuy), <strong>Ramiro Garc\u00eda<\/strong> (desde Defensa y Justicia), <strong>Agust\u00edn Lastra<\/strong> (desde Independiente Rivadavia), <strong>Agust\u00edn Heredia<\/strong> y <strong>Tom\u00e1s Fern\u00e1ndez<\/strong> (estos \u00faltimos desde San Mart\u00edn de San Juan).<\/p>\n<p><strong>Bajas<\/strong>:<\/p>\n<p>\u2b07\ufe0f <strong>Nicol\u00e1s Valentini<\/strong>: se fue de Boca luego de quedar libre y ya fue presentado como refuerzo de la Fiorentina. Su \u00faltimo tiempo en Boca no fue el m\u00e1s grato, ya que estuvo colgado desde abril de 2024 por las diferencias entre sus representantes\u00a0y el Consejo de F\u00fatbol. Tiene contrato hasta julio de 2029 con el club italiano.<\/p>\n<p>\u2b07\ufe0f <strong>Guillermo \u00ab<em>Pol<\/em>\u00bb Fern\u00e1ndez<\/strong>: al igual que Valentini, el mediocampista se fue del conjunto Xeneize con el pase en su poder, en su caso, al Fortaleza de Brasil, donde ya fue presentado. Firm\u00f3 contrato hasta diciembre de 2026.<\/p>\n<p>\u2b07\ufe0f <strong>Aar\u00f3n Alselmino<\/strong>: el central fue vendido en 21 millones de d\u00f3lares al Chelsea. Si bien se quedaba a pr\u00e9stamo hasta mediados de 2025, el club londinense decidi\u00f3 repescarlo antes de tiempo, apagando la ilusi\u00f3n xeneize de tenerlo para la Copa Libertadores y el Mundial de Clubes.<\/p>\n<p>\u2b07\ufe0f <strong>Gary Medel<\/strong>: el \u00ab<em>Pitbull<\/em>\u00bb decidi\u00f3 poner punto final a su segundo ciclo en Boca luego de no sumar los minutos esperados y pr\u00e1cticamente no ser tenido en cuenta por Fernando Gago. Todo parece indcar que continuara su carrera en la Universidad Cat\u00f3lica, club de donde surgi\u00f3. Su salida es clave, ya que se libera otro cupo de extranjero que Boca busca llenar con Ander Herrera.<\/p>\n<p>\u2b07\ufe0f <strong>Cristian Medina<\/strong>: sin duda una de las salidas m\u00e1s pol\u00e9micas de este mercado. El mediocampista hab\u00eda sido borrado luego de varios encontronazos con la dirigencia por su pase fallido al Fenerbahce de Turqu\u00eda.<\/p>\n<p>Finalmente fue vendido a Estudiantes de la Plata, m\u00e1s precisamente al grupo del que forma parte, Foster Gillet, y el pago se realiz\u00f3 desde una cuenta del grupo, algo ins\u00f3litamente prohibido por las pol\u00edticas de la AFA. Por suerte para el jugador y para el club, toda la situaci\u00f3n se pudo destrabar y Medina ser\u00e1\u00a0\u00ab<em>pincharrata<\/em>\u00ab.<\/p>\n<p>\u2b07\ufe0f <strong>Alexis Alvari\u00f1o<\/strong>: vuelve de su pr\u00e9stamo en Amazonas, pero se vuelve a ir de Boca, esta vez sin costo alguno, a Remo, club de la tercera divisi\u00f3n de Brasil.<\/p>\n<p>\u2b07\ufe0f <strong>Gonzalo Morales<\/strong>: vuelve de su pr\u00e9stamo de Uni\u00f3n de Santa Fe, pero se va cedido a Barracas Central hasta el 31 de diciembre de este a\u00f1o.<\/p>\n<p>\u2b07\ufe0f <strong>Bruno Valdez<\/strong>: ten\u00eda que volver a Boca luego de que su pr\u00e9stamo en Cerro Porte\u00f1o finalizara, sin embargo, el paraguayo fue notificado que no ser\u00eda tenido en cuenta, por lo que va a prolongar su estad\u00eda en el \u00ab<em>Cicl\u00f3n de Barrio Obrero<\/em>\u00ab, liberando as\u00ed un cupo de extranjero.<\/p>\n<p>\u2b07\ufe0f <strong>Nazareno Sol\u00eds<\/strong>: volv\u00eda de su cesi\u00f3n en Gimnasia de Mendoza, pero fue nuevamente cedido, esta vez a Deportivo Madryn por dos temporadas.<\/p>\n<p>\u2b07\ufe0f <strong>O<\/strong><strong>scar Sal\u00f3mon<\/strong>: vuelve de su pr\u00e9stamo en Platense, pero se marcha cedido a Quilmes para disputar la Primera Nacional.<\/p>\n<p>\u2b07\ufe0f \u00a0<strong>Gabriel Vega<\/strong>: retorna de su pr\u00e9stamo en Atlanta, pero se va otra vez de pr\u00e9stamo, en esta ocasi\u00f3n a Banfield hasta final de a\u00f1o.<\/p>\n<p><strong>Rumores<\/strong>:<\/p>\n<p><em>Incorporaciones<\/em><\/p>\n<p>\ud83d\udd3a <strong>Santiago Ascacibar<\/strong>\u00a0 (desde Estudiantes de LP)\u00a0el DT Fernando Gago lo tiene en la mira desde hace rato, no obstante, a\u00fan no hay ninguna oferta concreta y desde el entorno del jugador parecen indicar que el jugador va a continuar en Estudiantes.<\/p>\n<p>\ud83d\udd3a <strong>Rodrigo Battaglia<\/strong>\u00a0 (desde Atl\u00e9tico Mineiro): tambi\u00e9n es pretendido por River, sin embargo, Boca ya hizo grandes avances para sumarlo a sus filas para este 2025. El club estar\u00eda dispuesto a pagar el 100% de la ficha por el ex Racing.<\/p>\n<p>\ud83d\udd3a <strong>Ander Herrera<\/strong>\u00a0 (desde Athletic Bilbao): muchos son los rumores que vinculan al vasco con el club de La Ribera, pero todav\u00eda no hay ning\u00fan indicador claro de que vaya a ser jugador xeneize. Desde Bilbao consideran que es una pieza fundamental para su equipo, a pesar de eso, no descartan una posible salida del futbolista.<\/p>\n<p>\ud83d\udd3a <strong>Anibal Moreno<\/strong>\u00a0 (desde Palmeiras): el ex Racing est\u00e1 dentro de la lista de deseos de \u00ab<em>Pintita<\/em>\u00ab. El DT ya lo dirigi\u00f3 en su paso por la Academia y sabe de primera mano la calidad que tiene, sin embargo, desde el club no presentaron ninguna oferta formal por \u00e9l. Por otra parte, su llegada se ve muy lejana por el elevado precio que deber\u00edan pagar por su ficha, entre 12 y 15 millones de d\u00f3lares.<\/p>\n<p>\ud83d\udd3a <strong>Lucas Robertone<\/strong>\u00a0(desde Almer\u00eda): Boca ya mostr\u00f3 inter\u00e9s por el ex V\u00e9lez\u00a0pero su llegada en el corto plazo se ve casi imposible debido a su cl\u00e1usula de rescisi\u00f3n, fijada en 40 millones de euros. Si bien se puede dar la situaci\u00f3n de que el jugador presione al club para dejarlo ir por una cifra menor, su futuro parece seguir en Espa\u00f1a.<\/p>\n<p>\ud83d\udd3a <strong>Alan Velasco<\/strong>\u00a0 (desde FC Dallas): el club lo quiere a como d\u00e9 lugar, pero el FC Dallas no le deja las cosas f\u00e1ciles. El club estadounidense rechaz\u00f3 la primera oferta por el mediocampista y fijar\u00eda en 11,8 millones de d\u00f3lares el 85% de su pase. Ante esto, Boca decidi\u00f3 mejorar su oferta a 10 millones por la totalidad de la ficha y a\u00fan espera respuesta del equipo de la MLS.<\/p>\n<p>Otros nombres que est\u00e1n en carpeta de Boca son\u00a0<strong>Gonzalo Piovi<\/strong> (Cruz Azul), <strong>Washington Aguerre<\/strong> (Pe\u00f1arol), <strong>Valent\u00edn G\u00f3mez<\/strong> (V\u00e9lez), <strong>Lautaro Gianetti<\/strong> (Udinese) y <strong>L\u00e9o Pereira<\/strong> (Flamengo),\u00a0<strong>Felipe Loyola<\/strong> y\u00a0<strong>Rodrigo Rey<\/strong> (ambos\u00a0de Independiente).<\/p>\n<p><em>Salidas<\/em><\/p>\n<p>\ud83d\udd3b <strong>Javier Garc\u00eda<\/strong>: el arquero suplente\u00a0estuvo en el radar de las posibles salidas, no obstante, Boca decidi\u00f3 renovarle el contrato por un a\u00f1o m\u00e1s.<\/p>\n<h2><strong>Club Atl\u00e9tico Independiente<\/strong><\/h2>\n<p><strong>Altas<\/strong>:<\/p>\n<p>\u2b06\ufe0f <strong>Luciano Cabral<\/strong>: el nuevo n\u00famero 10 de los Diablos Rojos proveniente del L\u00e9on de M\u00e9xico. El nacionalizado chileno, quien ya tuvo un paso por el f\u00fatbol argentino en AAAJ,\u00a0firm\u00f3 contrato por tres a\u00f1os, hasta diciembre de 2027.<\/p>\n<p>\u2b06\ufe0f <strong>Pablo Galdames<\/strong>: el chileno viene libre desde el Vasco Da Gama. El DT Julio Vaccari fue clave para la llegada del volante al club, ya que fue quien personalmente lo convenci\u00f3 de ir a Independiente, donde ya se hizo la revisi\u00f3n m\u00e9dica y est\u00e1 a disposici\u00f3n del entrenador.<\/p>\n<p>\u2b06\ufe0f <strong>Sebast\u00ed\u00e1n Vald\u00e9z<\/strong>: el campe\u00f3n de la Copa Argentina con Central C\u00f3rdoba llega con el pase en su poder y firm\u00f3 contrato hasta fines de 2027.<\/p>\n<p>\u2b06\ufe0f <strong>Nicol\u00e1s Freire<\/strong>: el excompa\u00f1ero de Messi en Inter Miami llega a pr\u00e9stamo por un a\u00f1o con opci\u00f3n de compra. La curiosidad de su pase es que el club empezar\u00e1 a pagar su sueldo reci\u00e9n a partir de mitad de a\u00f1o por una rotura de ligamentos cruzados anteriores de su rodilla derecha el 20 de mayo pasado.<\/p>\n<p>\u2b06\ufe0f\u00a0<strong>Kevin L\u00f3monaco<\/strong>: el club decidi\u00f3 comprar su pase luego de los buenos resultados vistos en su pr\u00e9stamo desde RB Bragantino. El conjunto de Avellaneda tuvo que pagar alrededor de 3 millones de d\u00f3lares para poder retenerlo.<\/p>\n<p>\u2b06\ufe0f\u00a0<strong>Ignacio Maestro Puch<\/strong>: si bien no cont\u00f3 con muchos minutos en la temporada pasada, Vaccari apuesta por \u00e9l ante la posible venta de Gabriel \u00c1valos o Santiago Hidalgo y la posible salida de Alexis Canelo.<\/p>\n<p>Tambi\u00e9n vuelven de sus respectivos pr\u00e9stamos <strong>Rodrigo Atencio<\/strong> (desde Central C\u00f3rdoba de SdE), <strong>Brian Mart\u00ednez<\/strong> (desde Everton de Chile) y\u00a0<strong>Kevin L\u00f3pez<\/strong> (desde Defensa y Justicia).<\/p>\n<p><strong>Bajas<\/strong>:<\/p>\n<p>\u2b07\ufe0f \u00a0<strong>Joaqu\u00edn Laso<\/strong>: se fue del Rojo como agente libre entre pol\u00e9micas internas con el club que involucran malos manejos de ciertos dirigentes y salarios impagos. Este \u00faltimo punto es especialmente importante, ya que inhibieron al club para incorporar m\u00e1s jugadores hasta que se paguen los 83 mil d\u00f3lares que le deben al defensa.<\/p>\n<p>\u2b07\ufe0f <strong>Julio Buffarini<\/strong>: finaliz\u00f3 su contrato con el club de Avellaneda y es agente libre. Su pr\u00f3ximo destino es incierto.<\/p>\n<p>\u2b07\ufe0f <strong>Juan Rom\u00e1n Zarza<\/strong>: ten\u00eda contrato hasta diciembre de 2024, pero fue desvinculado antes de tiempo por disputar la Copa Potrero\u00a0cuando estaba a pr\u00e9stamo en Excursionistas.<\/p>\n<p>\u2b07\ufe0f <strong>Alex Luna<\/strong>: Independiente no har\u00e1 uso de la opci\u00f3n de compra del delantero y deber\u00e1 volver a Atl\u00e9tico de Rafeala.<\/p>\n<p>\u2b07\ufe0f <strong>Thomas Ortega<\/strong>: el lateral izquierdo qued\u00f3 libre luego de la finalizaci\u00f3n de su pr\u00e9stamo en Trist\u00e1n Su\u00e1rez.<\/p>\n<p>\u2b07\ufe0f <strong>Dami\u00e1n P\u00e9rez<\/strong>: el lateral izquierdo qued\u00f3 con el pase en su poder y ser\u00e1 nuevo refuerzo de Defensa y Justicia.<\/p>\n<p>\u2b07\ufe0f <strong>Patricio Ostachuk<\/strong>: luego de finalizar su pr\u00e9stamo en Deportivo Maip\u00fa, el defensa se volver\u00e1 a ir cedido, esta vez a Trist\u00e1n Su\u00e1rez hasta diciembre de este a\u00f1o.<\/p>\n<p>\u2b07\ufe0f <strong>Nicol\u00e1s Messinti<\/strong>: luego de su paso por el Delf\u00edn de Ecuador en calidad de cedido, el delantero deb\u00eda volver al Rojo, pero el club decidi\u00f3 no renovarle el contrato.<\/p>\n<p><strong>Rumores<\/strong>:<\/p>\n<p><em>Incorporaciones<\/em><\/p>\n<p>\ud83d\udd3a <strong>Walter Mazzanti<\/strong>\u00a0 (desde Hurac\u00e1n): Independiente est\u00e1 en plena puja por el extremo con su cl\u00e1sico rival. La propuesta es de 2 millones de d\u00f3lares por el 50% del pase y sin trueque de jugadores de por medio.<\/p>\n<p>\ud83d\udd3a <strong>Joaqu\u00edn Bl\u00e1squez<\/strong>\u00a0 (desde Talleres de C\u00f3rdoba): si bien Rodrigo Rey tiene el puesto de arquero asegurado, el Rojo est\u00e1 en la b\u00fasqueda de un suplente ante la inminente salida de Diego Segovia. El guardameta fue suplente de Guido Herrera en el conjunto c\u00f3rdobes.<\/p>\n<p>\ud83d\udd3a <strong>Franco Paredes<\/strong>\u00a0 (desde River Plate): luego de que Sarmiento de Jun\u00edn no hiciera uso de la opci\u00f3n de compra, el lateral vuelve al conjunto millonario sin mucho margen para formar parte de los planes de Gallardo. Desde River buscan desvincularse definitivamente del jugador y Vaccari ve con buenos ojos su incorporaci\u00f3n para reforzar la defensa.<\/p>\n<p>\ud83d\udd3a <strong>Rodrigo Fern\u00e1ndez Cedr\u00e9s<\/strong>\u00a0 (Santos): fue una de las figuras de Newell\u00b4s en la temporada pasada. Con su pr\u00e9stamo finalizado, va a estar de vuelta en Santos, aunque su futuro all\u00ed no es asegurado. Adem\u00e1s del Rojo, tambi\u00e9n hay interesados de la MLS.<\/p>\n<p>\ud83d\udd3a <strong>Imanol Machuca<\/strong>\u00a0 (Fortaleza): ya se iniciaron charlas con el club brasilero, sin embargo, no es el \u00fanico interesado, ya que tambi\u00e9n lo tienen en la mira Estudiantes, Talleres y Hurac\u00e1n.<\/p>\n<p>\ud83d\udd3a <strong>Malcom Braida<\/strong> (San Lorenzo): si bien un acuerdo por el traspaso del jugador el posible, lo m\u00e1s problem\u00e1tico para Independiente ser\u00eda poder ofrecerle un salario similar al que percibe en el Cuervo.<\/p>\n<p>Otros nombres que est\u00e1n en carpeta de Independiente son <strong>Walter Kannermann<\/strong> (Gremio), \u00a0<strong>Nehuen Paz<\/strong> (Tigre),\u00a0<strong>Ger\u00f3nimo Rivera<\/strong>\u00a0(Banfield),\u00a0<strong>Rom\u00e1n Vega<\/strong> (Argentinos Juniors), <strong>Santiago Ramos Mingo<\/strong> (Defensa y Justicia)\u00a0y\u00a0<strong>Emiliano Rigoni<\/strong>\u00a0 (libre de MLS pool).<\/p>\n<p><em>Salidas<\/em><\/p>\n<p>\ud83d\udd3b <strong>Diego Segovia<\/strong>: el arquero tiene todo listo para dejar a los Diablos Rojos y sumarse a Deportivo Maldonado de Uruguay. Aunque no hay nada oficial, el club est\u00e1 armando un pr\u00e9stamo por 1 a\u00f1o sin cargo y con una opci\u00f3n de compra por un porcentaje del pase.<\/p>\n<p>\ud83d\udd3b\u00a0<strong>Gabriel \u00c1valos<\/strong>: si bien nada hace ver una salida del goleador paraguayo, hay inter\u00e9s de Olimpia para hacerse con sus servicios para la siguiente temporada. No obstante, la principal barrera para el conjunto dirigido por Mart\u00edn Palermo son los 4 millones de d\u00f3lares brutos que deber\u00edan poner para obtener su pase.<\/p>\n<p>\ud83d\udd3b <strong>Alexis Canelo<\/strong>: es del inter\u00e9s\u00a0Banfield, con quien ya inici\u00f3 charlas formales para contratarlo para esta temporada.<\/p>\n<h2><strong>Racing Club de Avellaneda<\/strong><\/h2>\n<p><strong>Altas<\/strong>:<\/p>\n<p>\u2b06\ufe0f <strong>Santiago Sosa<\/strong>: luego de un a\u00f1o a pr\u00e9stamo so\u00f1ado para el volante central, con niveles muy altos y la obtenci\u00f3n de la Copa Sudamericana como cereza del pastel, el conjunto de Avellaneda decidi\u00f3 comprarle el 80% del pase a Atlanta United por 4 millones de d\u00f3lares.<\/p>\n<p>\u2b06\ufe0f <strong>Maximiliano Salas<\/strong>: al igual que Sosa, el delantero tuvo una muy buena temporada en Racing siendo un jugador de pr\u00e9stamo, raz\u00f3n por la cual el club decidi\u00f3 comprar su ficha a Palestino por 1.5 millones\u00a0de d\u00f3lares.<\/p>\n<p>Tambi\u00e9n vuelven de sus respectivos pr\u00e9stamos <strong>H\u00e9ctor Fertoli<\/strong>\u00a0 (desde Hurac\u00e1n), <strong>Gast\u00f3n G\u00f3mez<\/strong> (desde San Lorenzo), <strong>Nicol\u00e1s Kozlovsky<\/strong> (desde Atl\u00e9tico de Rafaela), <strong>Juan Jos\u00e9 Caceres<\/strong> (desde Lan\u00fas), <strong>Mat\u00edas Tagliamonte<\/strong> (desde Gimnasia de Mendoza), <strong>Evelio Cardozo<\/strong> (desde Nueva Chicago), <strong>Fabi\u00e1n S\u00e1nchez<\/strong> (desde Defensores de Belgrano),\u00a0<strong>Emiliano Saliadarre<\/strong> (desde Temperley), <strong>Tiago Banega<\/strong> y\u00a0<strong>Patricio Tanda<\/strong> (ambos desde Uni\u00f3n de Santa Fe).<\/p>\n<p><strong>Bajas<\/strong>:<\/p>\n<p>\u2b07\ufe0f <strong>Leonardo Sigali<\/strong>: luego de muchos a\u00f1os en la instituci\u00f3n, el jugador decidi\u00f3 por<em> motu\u00a0propio\u00a0<\/em>irse de Racing. En su paso por el club cosech\u00f3 10 goles y obtuvo una liga, dos copas de campeones, una supercopa y la Copa Sudamericana. Todav\u00eda se desconoce lo que har\u00e1 con su carrera.<\/p>\n<p>\u2b07\ufe0f <strong>Juan Fernando Quintero<\/strong>\u00a0(a Am\u00e9rica de Cali): el jugador ya manifest\u00f3 su intenci\u00f3n de jugar en su pa\u00eds para estar m\u00e1s cerca de su familia.\u00a0Su postura es tal que incluso rechaz\u00f3 ofertas para volver a River, club donde alcanzo \u00ab<em>La Gloria Eterna<\/em>\u00bb y est\u00e1 su \u00abpadre\u00bb futbol\u00edstico Marcelo Gallardo.<\/p>\n<p>\u2b07\ufe0f <strong>Roger Mart\u00ednez<\/strong>: el club no logr\u00f3 alcanzar las pretenciones del goleador colombiano y todo parece indicar que continuar\u00eda\u00a0su carrera en el f\u00fatbol de Arabia Saudita.<\/p>\n<p>\u2b07\ufe0f <strong>Catriel Cabellos<\/strong>: si bien vuelve de su pr\u00e9stamo en Alianza Lima, Sporting Cristal compr\u00f3 la mitad del pase en 500 mil d\u00f3lares, por lo que su carrera seguir\u00e1, de momento, en Per\u00fa.<\/p>\n<p>\u2b07\ufe0f <strong>Iv\u00e1n Maggi<\/strong>: luego de su buen desempe\u00f1o en su pr\u00e9stamo en Nueva Chicago, El Torito de Mataderos decidi\u00f3 contratarlo y no tuvo que poner plata, ya que se convirti\u00f3 en jugador libre con el cambio de a\u00f1o.<\/p>\n<p>\u2b07\ufe0f <strong>Juan Elordi<\/strong>: fue cedido a Rosario Central, convirti\u00e9ndose en el primer refuerzo del conjunto canalla de esta temporada.<\/p>\n<p>\u2b07\ufe0f <strong>Nicol\u00e1s Reniero<\/strong>:desde el inicio de 2025 se convirti\u00f3 en jugador libre. De momento solo est\u00e1 sobre la mesa el inter\u00e9s del Club Deportivo\u00a0Lugo, de Galicia, Espa\u00f1a.<\/p>\n<p>\u2b07\ufe0f <strong>Agust\u00edn Urzi<\/strong>: termina su pr\u00e9stamo de 10 meses en la Academia y debe volver a FC Ju\u00e1rez de M\u00e9xico.<\/p>\n<p><strong>Rumores<\/strong>:<\/p>\n<p><em>Incoporaciones<\/em><\/p>\n<p>\ud83d\udd3a <strong>Mat\u00edas Zaracho<\/strong>\u00a0 (desde Atl\u00e9tico Mineiro): el club tiene negociaciones avanzadas para repatriar al mediocampista, incluso mejor\u00f3 su oferta al club brasile\u00f1o. Hay mucho optimismo en que se concrete la operaci\u00f3n.<\/p>\n<p>\ud83d\udd3a <strong>Josef Mart\u00ednez<\/strong>:(libre desde Inter Miami): es una de las opciones que le gusta al DT campe\u00f3n de Sudamericana para reemplazar a Roger Mart\u00ednez y\/o a Maravilla Mart\u00ednez.<\/p>\n<p>\ud83d\udd3a <strong>Facundo Far\u00edas<\/strong>\u00a0 (desde Inter Miami): Racing inici\u00f3 charlas con el club de David Beckham para fichar al ex Col\u00f3n. En la negociaci\u00f3n estar\u00eda involucrado el juvenil Baltasar Rodr\u00edguez, qui\u00e9n ir\u00eda a jugar con Lionel Messi de hacerse realidad el fichaje.<\/p>\n<p>\ud83d\udd3a <strong>Adri\u00e1n Balboa<\/strong>\u00a0 (desde Uni\u00f3n de Santa Fe): es un pedido de Gustavo Costas al cual intentaron contratar v\u00eda pr\u00e9stamo, sin embargo, el Tatengue solo aceptar\u00eda dejarlo ir si es una venta.<\/p>\n<p>\ud83d\udd3a <strong>Walter Mazzanti<\/strong>\u00a0 (desde Hurac\u00e1n): es de inter\u00e9s del club, pero a\u00fan no se envi\u00f3 ninguna oferta formal. Adem\u00e1s, Independiente tambi\u00e9n est\u00e1 interesado en contar con el extremo derecho.<\/p>\n<p>\ud83d\udd3a <strong>Ignacio Rodr\u00edguez<\/strong>\u00a0 (desde Banfield): la Academia hizo una oferta formal para comprar el 50% del pase del mediocampista, la otra mitad le pertenece al jugador.<\/p>\n<p>\ud83d\udd3a <strong>Carlos Gruezo<\/strong> (desde San Jos\u00e9 Earthquakes): desde mediados de 2024 Racing est\u00e1 con la mira en este jugador. El conjunto estadounidense le puso un valor de 4 millones de d\u00f3lares a su ficha, sin embargo, este termina en diciembre de este a\u00f1o, por lo que la Academia buscar\u00e1 sacarlo antes de tiempo por un monto menor.<\/p>\n<p><em>Salidas<\/em><\/p>\n<p>\ud83d\udd3b <strong>Adri\u00e1n \u00ab<em>Maravilla<\/em>\u00bb Mart\u00ednez<\/strong>\u00a0 (a Am\u00e9rica de Cali): si bien el equipo colombiano present\u00f3 una oferta por 4.5 millones de d\u00f3lares por el pase del delantero, la Academia la rechaz\u00f3, a\u00fan con esperanzas de negociar la continuidad de una las figuras clave para la obtenci\u00f3n de la Copa Sudamericana.<\/p>\n<p>\ud83d\udd3b <strong>Johan Carbonero<\/strong>\u00a0 (a Inter de Porto Alegre): el club brasile\u00f1o le ofreci\u00f3\u00a0un pr\u00e9stamo con cargo, no obstante, la oferta no convence al club de Avellaneda.<\/p>\n<h2><strong>San Lorenzo de Almagro<\/strong><\/h2>\n<p><strong>Altas<\/strong>:<\/p>\n<p>\u2b06\ufe0f <strong>Alexis Cuello<\/strong>: si bien ya hab\u00eda sido comprado en noviembre a Almagro, reci\u00e9n se hizo efectivo el traspaso definitivo del jugador ni bien comenz\u00f3 el a\u00f1o. La operaci\u00f3n fue por 1 mill\u00f3n de d\u00f3lares por el 60% del pase y tendr\u00e1 contrato hasta diciembre de 2027.<\/p>\n<p>\u2b06\ufe0f <strong>Emanuel Cecchini<\/strong>: el mediocampista ven\u00eda de quedar libre en Audax Italiano de Chile. Su contrato ser\u00e1 hasta diciembre de 2025<\/p>\n<p>Tambi\u00e9n vuelven de sus respectivos pr\u00e9stamos <strong>Jos\u00e9 Devecchi<\/strong> (desde Banfield), <strong>Diego Calcaterra<\/strong> (desde Sarmiento de Jun\u00edn),\u00a0<strong>Agust\u00edn Lamosa<\/strong> (desde San Telmo), \u00a0<strong>Ignacio Vallejos<\/strong>\u00a0 (desde Estudiantes de Caseros),\u00a0<strong>Juan Ignacio Goyenche<\/strong> (desde Sportivo Italiano),\u00a0<strong>Franco Lorenzon<\/strong> (desde Deportivo Merlo), <strong>Francisco Flores<\/strong>\u00a0 (desde Atl\u00e9tico Tucum\u00e1n), <strong>Ezequiel Herrera<\/strong> (desde Col\u00f3n)\u00a0y <strong>M\u00e1ximo Masimo<\/strong> (desde San Mart\u00edn de San Juan).<\/p>\n<p><strong>Bajas<\/strong>:<\/p>\n<p>\u2b07\ufe0f <strong>Santiago Sosa<\/strong>\u00a0y\u00a0<strong>Agust\u00edn Hausch<\/strong>: ambos jugadores se fueron a Defensa y Justicia y su salida fue muy pol\u00e9mica. Los futbolistas fueron vendidos justo el mismo d\u00eda que el plantel de San Lorenzo le hab\u00eda dado un ultim\u00e1tum al presidente Marcelo Moretti por los salarios impagos. Si bien el mismo Moretti sali\u00f3 a desmentir que hab\u00edan rematado a los jugadores, tiempo despu\u00e9s la Comisi\u00f3n Directiva sali\u00f3 a confirmar su venta por 1.5 millones de d\u00f3lares por el 50% de sus fichas.<\/p>\n<p>\u2b07\ufe0f <strong>Carlos S\u00e1nchez<\/strong>: el defensa colombiano se retir\u00f3\u00a0del f\u00fatbol profesional\u00a0a sus 38 a\u00f1os en Barracas Central y pas\u00f3 a ser el director deportivo de la instituci\u00f3n azulgrana en medio del rearme del club.<\/p>\n<p>\u2b07\ufe0f <strong>Nahuel Barrios<\/strong>: a pedido de Rub\u00e9n Dario Insua, DT de Barracas Central,\u00a0el \u00ab<em>Perrito<\/em>\u00bb se va a pr\u00e9stamo por un a\u00f1o al Guapo.<\/p>\n<p>\u2b07\ufe0f <strong>Alexis Sabella<\/strong>: ven\u00eda de estar a pr\u00e9stamo en Col\u00f3n de Santa Fe, sin embargo, se vuelve a ir cedido, en esta oportunidad a Atlanta.<\/p>\n<p>\u2b07\ufe0f <strong>Eric Remedi<\/strong>: ser\u00eda baja para esta temporada por el alto salario que pidi\u00f3 para renovar su contrato. De momento no surgieron ofertas por \u00e9l.<\/p>\n<p>\u2b07\ufe0f <strong>Francisco Fydriszewski<\/strong>: finaliz\u00f3 su contrato y se volvi\u00f3 agente libre. Tiene sondeos de equipos de la Liga Pro de Ecuador, competici\u00f3n que ya jug\u00f3 con los colores del Barcelona de Guayaquil y Aucas, as\u00ed como tambi\u00e9n del Cear\u00e1 y el Atheltico Paranense de Brasil y la Universidad de Chile.<\/p>\n<p>\u2b07\ufe0f <strong>Gast\u00f3n Campi<\/strong>: se convirti\u00f3 en jugador libre y tiene el inter\u00e9s de Barcelona SC de Ecuador para reemplazar a Luca Sosa.<\/p>\n<p>\u2b07\ufe0f <strong>Sebasti\u00e1n Blanco<\/strong>: termin\u00f3 su contrato en San Lorenzo y, de momento, no recibi\u00f3 ofertas de otros clubes.<\/p>\n<p>\u2b07\ufe0f\u00a0<strong>Iv\u00e1n Leguizam\u00f3n<\/strong>: el extremo derecho fue vendido a Olimpia. El club paraguayo pagar\u00e1 cerca de 2 millones de d\u00f3lares brutos por el 50% del pase (CASLA solo ten\u00eda el 70%). De ese monto, cerca de 650 mil d\u00f3lares se van a descontar de la segunda cuota que el club deb\u00eda pagar por Facundo Bruera, jugador que casi no jug\u00f3 en el Cicl\u00f3n y que actualmente est\u00e1 en Barracas Central.<\/p>\n<p>\u2b07\ufe0f <strong>Nahuel Bustos<\/strong>: volvi\u00f3\u00a0a Talleres de C\u00f3rdoba despu\u00e9s de su pr\u00e9stamo en CASLA.<\/p>\n<p>\u2b07\ufe0f <strong>Gast\u00f3n G\u00f3mez<\/strong>: el Chila vuelve a Racing despu\u00e9s de su pr\u00e9stamo en San Lorenzo. Supo ser titular en varios partidos luego de la floja actuaci\u00f3n de Facundo Altamirano. El Cicl\u00f3n deber\u00e1 ir en busca de un reemplazo para asegurar un buen arquero suplente.<\/p>\n<p>\u2b07\ufe0f <strong>Gonzalo Luj\u00e1n<\/strong>: ser\u00e1 nuevo jugador del Inter Miami de Lionel Messi. Las Garzas acordaron\u00a0abonar $600 mil d\u00f3lares por el 40% del pase del jugador. Por otra parte, el lateral derecho decidi\u00f3 no empezar la pretemporada en el Cicl\u00f3n, ya que ven\u00eda reclamando una deuda de primas de 200 mil d\u00f3lares.<\/p>\n<p>\u2b07\ufe0f <strong>Tom\u00e1s Silva<\/strong>: volvi\u00f3 de su pr\u00e9stamo en Atlanta para volver a irse, esta vez a Platense.<\/p>\n<p>\u2b07\ufe0f <strong>Juli\u00e1n Palacios<\/strong>: volvi\u00f3 de su pr\u00e9stamo en\u00a0Asteras Aktor de Grecia y volver\u00e1 a ser cedido, en esta ocasi\u00f3n a Uni\u00f3n de Santa Fe.<\/p>\n<p>\u2b07\ufe0f <strong>Diego Perea<\/strong>: volvi\u00f3 de su pr\u00e9stamo en C\u00facuta Deportivo U20 y se va a otra vez de pr\u00e9stamo, esta vez a Almirante Brown.<\/p>\n<p><strong>Rumores<\/strong>:<\/p>\n<p><em>Incorporaciones<\/em><\/p>\n<p>\ud83d\udd3a <strong>Washington Aguerre<\/strong> (desde Pe\u00f1arol): ante la salida del Chila G\u00f3mez, el arquero del carbonero est\u00e1 entre los principales candidatos para tomar su lugar y asegurar los tres palos. Tambi\u00e9n est\u00e1 interesado Newell\u00a8s.<\/p>\n<p>\ud83d\udd3a <strong>Renzo Tesuri<\/strong>\u00a0 (desde Atl\u00e9tico Tucum\u00e1n): si bien el jugador declar\u00f3 que su mente est\u00e1 puesta en el Decano, afirm\u00f3 que est\u00e1 \u00ababierto a propuestas\u00bb. Si San Lorenzo quiere al mediocampista, confeso hincha del Cicl\u00f3n, deber\u00e1 pagar 600 mil d\u00f3lares por su pase.<\/p>\n<p>\ud83d\udd3a <strong>Ever Banega<\/strong> (desde Newell\u00b4s Old Boys): a pesar de que hubo conversaciones con el futbolista, el ex Sevilla todav\u00eda tiene contrato vigente con la Lepra y, adem\u00e1s, surge el problema sobre el contrato que podr\u00eda ofrecer el Cicl\u00f3n en medio la crisis econ\u00f3mica que atraviesa.<\/p>\n<p>\ud83d\udd3a <strong>Rodrigo Aliendro<\/strong> (desde River Plate): el inter\u00e9s por el ex Col\u00f3n es real, sin embargo, al club millonario no le lleg\u00f3 ninguna oferta formal, por lo que de momento es solo un deseo del club.<\/p>\n<p>\ud83d\udd3a <strong>Edwuin Cetr\u00e9<\/strong> (desde Estudiantes de LP): el Cuervo ofreci\u00f3 un pr\u00e9stamo con cargo de 300 mil d\u00f3lares con opci\u00f3n de compra. El club de La Plata responder\u00eda en los pr\u00f3ximos d\u00edas, ya que tiene varias ofertas por el colombiano.<\/p>\n<p><em>Salidas<\/em><\/p>\n<p>\ud83d\udd3b Agust\u00edn Lamosa (a Ferro o Chaco Forever): luego de su pr\u00e9stamo en Sal Telmo, el juvenil retorna a San Lorenzo, sin embargo no va a ser tenido en consideraci\u00f3n por Miguel \u00c1ngel Russo, por lo que no ser\u00eda raro verlo irse de nuevo a pr\u00e9stamo.<\/p>\n","protected":false},"excerpt":{"rendered":"<p>A poco m\u00e1s de dos semanas para el inicio de la Liga Profesional y para los primeros encuentros de la Copa Argentina y las fases [&hellip;]<\/p>\n","protected":false},"author":1,"featured_media":11082,"comment_status":"open","ping_status":"open","sticky":false,"template":"","format":"standard","meta":{"footnotes":""},"categories":[8],"tags":[],"class_list":["post-11081","post","type-post","status-publish","format-standard","has-post-thumbnail","hentry","category-deportes"],"better_featured_image":{"id":11082,"alt_text":"","caption":"","description":"","media_type":"image","media_details":{"width":1600,"height":1067,"file":"2025\/01\/5-grandes_1600_1067-Sk3gNa.jpeg","filesize":72696,"sizes":{"medium":{"file":"5-grandes_1600_1067-Sk3gNa-300x200.jpeg","width":300,"height":200,"mime-type":"image\/jpeg","filesize":9891,"source_url":"https:\/\/nuevodigitaldeescobar.com.ar\/wp-content\/uploads\/2025\/01\/5-grandes_1600_1067-Sk3gNa-300x200.jpeg"},"large":{"file":"5-grandes_1600_1067-Sk3gNa-1024x683.jpeg","width":1024,"height":683,"mime-type":"image\/jpeg","filesize":48253,"source_url":"https:\/\/nuevodigitaldeescobar.com.ar\/wp-content\/uploads\/2025\/01\/5-grandes_1600_1067-Sk3gNa-1024x683.jpeg"},"thumbnail":{"file":"5-grandes_1600_1067-Sk3gNa-150x150.jpeg","width":150,"height":150,"mime-type":"image\/jpeg","filesize":4658,"source_url":"https:\/\/nuevodigitaldeescobar.com.ar\/wp-content\/uploads\/2025\/01\/5-grandes_1600_1067-Sk3gNa-150x150.jpeg"},"medium_large":{"file":"5-grandes_1600_1067-Sk3gNa-768x512.jpeg","width":768,"height":512,"mime-type":"image\/jpeg","filesize":32361,"source_url":"https:\/\/nuevodigitaldeescobar.com.ar\/wp-content\/uploads\/2025\/01\/5-grandes_1600_1067-Sk3gNa-768x512.jpeg"},"1536x1536":{"file":"5-grandes_1600_1067-Sk3gNa-1536x1024.jpeg","width":1536,"height":1024,"mime-type":"image\/jpeg","filesize":85264,"source_url":"https:\/\/nuevodigitaldeescobar.com.ar\/wp-content\/uploads\/2025\/01\/5-grandes_1600_1067-Sk3gNa-1536x1024.jpeg"}},"image_meta":{"aperture":"0","credit":"","camera":"","caption":"","created_timestamp":"0","copyright":"","focal_length":"0","iso":"0","shutter_speed":"0","title":"","orientation":"0","keywords":[]}},"post":11081,"source_url":"https:\/\/nuevodigitaldeescobar.com.ar\/wp-content\/uploads\/2025\/01\/5-grandes_1600_1067-Sk3gNa.jpeg"},"yoast_head":"<!-- This site is optimized with the Yoast SEO plugin v26.1.1 - https:\/\/yoast.com\/wordpress\/plugins\/seo\/ -->\n<title>Mercado de pases: altas, bajas y rumores de Boca, River y el resto de los grandes - Nuevo Digital de Escobar<\/title>\n<meta name=\"robots\" content=\"index, follow, max-snippet:-1, max-image-preview:large, max-video-preview:-1\" \/>\n<link rel=\"canonical\" href=\"https:\/\/nuevodigitaldeescobar.com.ar\/?p=11081\" \/>\n<meta property=\"og:locale\" content=\"es_ES\" \/>\n<meta property=\"og:type\" content=\"article\" \/>\n<meta property=\"og:title\" content=\"Mercado de pases: altas, bajas y rumores de Boca, River y el resto de los grandes - Nuevo Digital de Escobar\" \/>\n<meta property=\"og:description\" content=\"A poco m\u00e1s de dos semanas para el inicio de la Liga Profesional y para los primeros encuentros de la Copa Argentina y las fases [&hellip;]\" \/>\n<meta property=\"og:url\" content=\"https:\/\/nuevodigitaldeescobar.com.ar\/?p=11081\" \/>\n<meta property=\"og:site_name\" content=\"Nuevo Digital de Escobar\" \/>\n<meta property=\"article:publisher\" content=\"https:\/\/www.facebook.com\/NUEVODigitalDeEscobar\" \/>\n<meta property=\"article:published_time\" content=\"2025-01-08T10:20:57+00:00\" \/>\n<meta property=\"article:modified_time\" content=\"2025-01-08T11:24:06+00:00\" \/>\n<meta property=\"og:image\" content=\"https:\/\/nuevodigitaldeescobar.com.ar\/wp-content\/uploads\/2025\/01\/5-grandes_1600_1067-Sk3gNa.jpeg\" \/>\n\t<meta property=\"og:image:width\" content=\"1600\" \/>\n\t<meta property=\"og:image:height\" content=\"1067\" \/>\n\t<meta property=\"og:image:type\" content=\"image\/jpeg\" \/>\n<meta name=\"author\" content=\"Redacci\u00f3n\" \/>\n<meta name=\"twitter:card\" content=\"summary_large_image\" \/>\n<meta name=\"twitter:creator\" content=\"@nuevodigescobar\" \/>\n<meta name=\"twitter:site\" content=\"@nuevodigescobar\" \/>\n<meta name=\"twitter:label1\" content=\"Escrito por\" \/>\n\t<meta name=\"twitter:data1\" content=\"Redacci\u00f3n\" \/>\n\t<meta name=\"twitter:label2\" content=\"Tiempo de lectura\" \/>\n\t<meta name=\"twitter:data2\" content=\"2 minutos\" \/>\n<script type=\"application\/ld+json\" class=\"yoast-schema-graph\">{\"@context\":\"https:\/\/schema.org\",\"@graph\":[{\"@type\":\"Article\",\"@id\":\"https:\/\/nuevodigitaldeescobar.com.ar\/?p=11081#article\",\"isPartOf\":{\"@id\":\"https:\/\/nuevodigitaldeescobar.com.ar\/?p=11081\"},\"author\":{\"name\":\"Redacci\u00f3n\",\"@id\":\"https:\/\/nuevodigitaldeescobar.com.ar\/#\/schema\/person\/035e90a8efe9a80e6eec22656ad6ea4c\"},\"headline\":\"Mercado de pases: altas, bajas y rumores de Boca, River y el resto de los grandes\",\"datePublished\":\"2025-01-08T10:20:57+00:00\",\"dateModified\":\"2025-01-08T11:24:06+00:00\",\"mainEntityOfPage\":{\"@id\":\"https:\/\/nuevodigitaldeescobar.com.ar\/?p=11081\"},\"wordCount\":490,\"commentCount\":0,\"publisher\":{\"@id\":\"https:\/\/nuevodigitaldeescobar.com.ar\/#organization\"},\"image\":{\"@id\":\"https:\/\/nuevodigitaldeescobar.com.ar\/?p=11081#primaryimage\"},\"thumbnailUrl\":\"https:\/\/nuevodigitaldeescobar.com.ar\/wp-content\/uploads\/2025\/01\/5-grandes_1600_1067-Sk3gNa.jpeg\",\"articleSection\":[\"Deportes\"],\"inLanguage\":\"es\",\"potentialAction\":[{\"@type\":\"CommentAction\",\"name\":\"Comment\",\"target\":[\"https:\/\/nuevodigitaldeescobar.com.ar\/?p=11081#respond\"]}]},{\"@type\":\"WebPage\",\"@id\":\"https:\/\/nuevodigitaldeescobar.com.ar\/?p=11081\",\"url\":\"https:\/\/nuevodigitaldeescobar.com.ar\/?p=11081\",\"name\":\"Mercado de pases: altas, bajas y rumores de Boca, River y el resto de los grandes - Nuevo Digital de Escobar\",\"isPartOf\":{\"@id\":\"https:\/\/nuevodigitaldeescobar.com.ar\/#website\"},\"primaryImageOfPage\":{\"@id\":\"https:\/\/nuevodigitaldeescobar.com.ar\/?p=11081#primaryimage\"},\"image\":{\"@id\":\"https:\/\/nuevodigitaldeescobar.com.ar\/?p=11081#primaryimage\"},\"thumbnailUrl\":\"https:\/\/nuevodigitaldeescobar.com.ar\/wp-content\/uploads\/2025\/01\/5-grandes_1600_1067-Sk3gNa.jpeg\",\"datePublished\":\"2025-01-08T10:20:57+00:00\",\"dateModified\":\"2025-01-08T11:24:06+00:00\",\"breadcrumb\":{\"@id\":\"https:\/\/nuevodigitaldeescobar.com.ar\/?p=11081#breadcrumb\"},\"inLanguage\":\"es\",\"potentialAction\":[{\"@type\":\"ReadAction\",\"target\":[\"https:\/\/nuevodigitaldeescobar.com.ar\/?p=11081\"]}]},{\"@type\":\"ImageObject\",\"inLanguage\":\"es\",\"@id\":\"https:\/\/nuevodigitaldeescobar.com.ar\/?p=11081#primaryimage\",\"url\":\"https:\/\/nuevodigitaldeescobar.com.ar\/wp-content\/uploads\/2025\/01\/5-grandes_1600_1067-Sk3gNa.jpeg\",\"contentUrl\":\"https:\/\/nuevodigitaldeescobar.com.ar\/wp-content\/uploads\/2025\/01\/5-grandes_1600_1067-Sk3gNa.jpeg\",\"width\":1600,\"height\":1067},{\"@type\":\"BreadcrumbList\",\"@id\":\"https:\/\/nuevodigitaldeescobar.com.ar\/?p=11081#breadcrumb\",\"itemListElement\":[{\"@type\":\"ListItem\",\"position\":1,\"name\":\"Portada\",\"item\":\"https:\/\/nuevodigitaldeescobar.com.ar\/\"},{\"@type\":\"ListItem\",\"position\":2,\"name\":\"Mercado de pases: altas, bajas y rumores de Boca, River y el resto de los grandes\"}]},{\"@type\":\"WebSite\",\"@id\":\"https:\/\/nuevodigitaldeescobar.com.ar\/#website\",\"url\":\"https:\/\/nuevodigitaldeescobar.com.ar\/\",\"name\":\"Nuevo Digital de Escobar\",\"description\":\"La vida escobarense. Directora: Rosana Brunner\",\"publisher\":{\"@id\":\"https:\/\/nuevodigitaldeescobar.com.ar\/#organization\"},\"potentialAction\":[{\"@type\":\"SearchAction\",\"target\":{\"@type\":\"EntryPoint\",\"urlTemplate\":\"https:\/\/nuevodigitaldeescobar.com.ar\/?s={search_term_string}\"},\"query-input\":{\"@type\":\"PropertyValueSpecification\",\"valueRequired\":true,\"valueName\":\"search_term_string\"}}],\"inLanguage\":\"es\"},{\"@type\":\"Organization\",\"@id\":\"https:\/\/nuevodigitaldeescobar.com.ar\/#organization\",\"name\":\"Nuevo Digital de Escobar\",\"url\":\"https:\/\/nuevodigitaldeescobar.com.ar\/\",\"logo\":{\"@type\":\"ImageObject\",\"inLanguage\":\"es\",\"@id\":\"https:\/\/nuevodigitaldeescobar.com.ar\/#\/schema\/logo\/image\/\",\"url\":\"https:\/\/nuevodigitaldeescobar.com.ar\/wp-content\/uploads\/2025\/05\/cropped-logo-nuevo2.jpg\",\"contentUrl\":\"https:\/\/nuevodigitaldeescobar.com.ar\/wp-content\/uploads\/2025\/05\/cropped-logo-nuevo2.jpg\",\"width\":305,\"height\":305,\"caption\":\"Nuevo Digital de Escobar\"},\"image\":{\"@id\":\"https:\/\/nuevodigitaldeescobar.com.ar\/#\/schema\/logo\/image\/\"},\"sameAs\":[\"https:\/\/www.facebook.com\/NUEVODigitalDeEscobar\",\"https:\/\/x.com\/nuevodigescobar\",\"https:\/\/www.instagram.com\/nuevodigitaldeescobar\"]},{\"@type\":\"Person\",\"@id\":\"https:\/\/nuevodigitaldeescobar.com.ar\/#\/schema\/person\/035e90a8efe9a80e6eec22656ad6ea4c\",\"name\":\"Redacci\u00f3n\",\"image\":{\"@type\":\"ImageObject\",\"inLanguage\":\"es\",\"@id\":\"https:\/\/nuevodigitaldeescobar.com.ar\/#\/schema\/person\/image\/\",\"url\":\"https:\/\/secure.gravatar.com\/avatar\/8af8f40000c24e9eef3034f2be5998a372bb1389e64b1a4a36b3a7979142220d?s=96&d=mm&r=g\",\"contentUrl\":\"https:\/\/secure.gravatar.com\/avatar\/8af8f40000c24e9eef3034f2be5998a372bb1389e64b1a4a36b3a7979142220d?s=96&d=mm&r=g\",\"caption\":\"Redacci\u00f3n\"},\"sameAs\":[\"http:\/\/nuevodigitaldeescobar.com.ar\"],\"url\":\"https:\/\/nuevodigitaldeescobar.com.ar\/?author=1\"}]}<\/script>\n<!-- \/ Yoast SEO plugin. -->","yoast_head_json":{"title":"Mercado de pases: altas, bajas y rumores de Boca, River y el resto de los grandes - Nuevo Digital de Escobar","robots":{"index":"index","follow":"follow","max-snippet":"max-snippet:-1","max-image-preview":"max-image-preview:large","max-video-preview":"max-video-preview:-1"},"canonical":"https:\/\/nuevodigitaldeescobar.com.ar\/?p=11081","og_locale":"es_ES","og_type":"article","og_title":"Mercado de pases: altas, bajas y rumores de Boca, River y el resto de los grandes - Nuevo Digital de Escobar","og_description":"A poco m\u00e1s de dos semanas para el inicio de la Liga Profesional y para los primeros encuentros de la Copa Argentina y las fases [&hellip;]","og_url":"https:\/\/nuevodigitaldeescobar.com.ar\/?p=11081","og_site_name":"Nuevo Digital de Escobar","article_publisher":"https:\/\/www.facebook.com\/NUEVODigitalDeEscobar","article_published_time":"2025-01-08T10:20:57+00:00","article_modified_time":"2025-01-08T11:24:06+00:00","og_image":[{"width":1600,"height":1067,"url":"https:\/\/nuevodigitaldeescobar.com.ar\/wp-content\/uploads\/2025\/01\/5-grandes_1600_1067-Sk3gNa.jpeg","type":"image\/jpeg"}],"author":"Redacci\u00f3n","twitter_card":"summary_large_image","twitter_creator":"@nuevodigescobar","twitter_site":"@nuevodigescobar","twitter_misc":{"Escrito por":"Redacci\u00f3n","Tiempo de lectura":"2 minutos"},"schema":{"@context":"https:\/\/schema.org","@graph":[{"@type":"Article","@id":"https:\/\/nuevodigitaldeescobar.com.ar\/?p=11081#article","isPartOf":{"@id":"https:\/\/nuevodigitaldeescobar.com.ar\/?p=11081"},"author":{"name":"Redacci\u00f3n","@id":"https:\/\/nuevodigitaldeescobar.com.ar\/#\/schema\/person\/035e90a8efe9a80e6eec22656ad6ea4c"},"headline":"Mercado de pases: altas, bajas y rumores de Boca, River y el resto de los grandes","datePublished":"2025-01-08T10:20:57+00:00","dateModified":"2025-01-08T11:24:06+00:00","mainEntityOfPage":{"@id":"https:\/\/nuevodigitaldeescobar.com.ar\/?p=11081"},"wordCount":490,"commentCount":0,"publisher":{"@id":"https:\/\/nuevodigitaldeescobar.com.ar\/#organization"},"image":{"@id":"https:\/\/nuevodigitaldeescobar.com.ar\/?p=11081#primaryimage"},"thumbnailUrl":"https:\/\/nuevodigitaldeescobar.com.ar\/wp-content\/uploads\/2025\/01\/5-grandes_1600_1067-Sk3gNa.jpeg","articleSection":["Deportes"],"inLanguage":"es","potentialAction":[{"@type":"CommentAction","name":"Comment","target":["https:\/\/nuevodigitaldeescobar.com.ar\/?p=11081#respond"]}]},{"@type":"WebPage","@id":"https:\/\/nuevodigitaldeescobar.com.ar\/?p=11081","url":"https:\/\/nuevodigitaldeescobar.com.ar\/?p=11081","name":"Mercado de pases: altas, bajas y rumores de Boca, River y el resto de los grandes - Nuevo Digital de Escobar","isPartOf":{"@id":"https:\/\/nuevodigitaldeescobar.com.ar\/#website"},"primaryImageOfPage":{"@id":"https:\/\/nuevodigitaldeescobar.com.ar\/?p=11081#primaryimage"},"image":{"@id":"https:\/\/nuevodigitaldeescobar.com.ar\/?p=11081#primaryimage"},"thumbnailUrl":"https:\/\/nuevodigitaldeescobar.com.ar\/wp-content\/uploads\/2025\/01\/5-grandes_1600_1067-Sk3gNa.jpeg","datePublished":"2025-01-08T10:20:57+00:00","dateModified":"2025-01-08T11:24:06+00:00","breadcrumb":{"@id":"https:\/\/nuevodigitaldeescobar.com.ar\/?p=11081#breadcrumb"},"inLanguage":"es","potentialAction":[{"@type":"ReadAction","target":["https:\/\/nuevodigitaldeescobar.com.ar\/?p=11081"]}]},{"@type":"ImageObject","inLanguage":"es","@id":"https:\/\/nuevodigitaldeescobar.com.ar\/?p=11081#primaryimage","url":"https:\/\/nuevodigitaldeescobar.com.ar\/wp-content\/uploads\/2025\/01\/5-grandes_1600_1067-Sk3gNa.jpeg","contentUrl":"https:\/\/nuevodigitaldeescobar.com.ar\/wp-content\/uploads\/2025\/01\/5-grandes_1600_1067-Sk3gNa.jpeg","width":1600,"height":1067},{"@type":"BreadcrumbList","@id":"https:\/\/nuevodigitaldeescobar.com.ar\/?p=11081#breadcrumb","itemListElement":[{"@type":"ListItem","position":1,"name":"Portada","item":"https:\/\/nuevodigitaldeescobar.com.ar\/"},{"@type":"ListItem","position":2,"name":"Mercado de pases: altas, bajas y rumores de Boca, River y el resto de los grandes"}]},{"@type":"WebSite","@id":"https:\/\/nuevodigitaldeescobar.com.ar\/#website","url":"https:\/\/nuevodigitaldeescobar.com.ar\/","name":"Nuevo Digital de Escobar","description":"La vida escobarense. Directora: Rosana Brunner","publisher":{"@id":"https:\/\/nuevodigitaldeescobar.com.ar\/#organization"},"potentialAction":[{"@type":"SearchAction","target":{"@type":"EntryPoint","urlTemplate":"https:\/\/nuevodigitaldeescobar.com.ar\/?s={search_term_string}"},"query-input":{"@type":"PropertyValueSpecification","valueRequired":true,"valueName":"search_term_string"}}],"inLanguage":"es"},{"@type":"Organization","@id":"https:\/\/nuevodigitaldeescobar.com.ar\/#organization","name":"Nuevo Digital de Escobar","url":"https:\/\/nuevodigitaldeescobar.com.ar\/","logo":{"@type":"ImageObject","inLanguage":"es","@id":"https:\/\/nuevodigitaldeescobar.com.ar\/#\/schema\/logo\/image\/","url":"https:\/\/nuevodigitaldeescobar.com.ar\/wp-content\/uploads\/2025\/05\/cropped-logo-nuevo2.jpg","contentUrl":"https:\/\/nuevodigitaldeescobar.com.ar\/wp-content\/uploads\/2025\/05\/cropped-logo-nuevo2.jpg","width":305,"height":305,"caption":"Nuevo Digital de Escobar"},"image":{"@id":"https:\/\/nuevodigitaldeescobar.com.ar\/#\/schema\/logo\/image\/"},"sameAs":["https:\/\/www.facebook.com\/NUEVODigitalDeEscobar","https:\/\/x.com\/nuevodigescobar","https:\/\/www.instagram.com\/nuevodigitaldeescobar"]},{"@type":"Person","@id":"https:\/\/nuevodigitaldeescobar.com.ar\/#\/schema\/person\/035e90a8efe9a80e6eec22656ad6ea4c","name":"Redacci\u00f3n","image":{"@type":"ImageObject","inLanguage":"es","@id":"https:\/\/nuevodigitaldeescobar.com.ar\/#\/schema\/person\/image\/","url":"https:\/\/secure.gravatar.com\/avatar\/8af8f40000c24e9eef3034f2be5998a372bb1389e64b1a4a36b3a7979142220d?s=96&d=mm&r=g","contentUrl":"https:\/\/secure.gravatar.com\/avatar\/8af8f40000c24e9eef3034f2be5998a372bb1389e64b1a4a36b3a7979142220d?s=96&d=mm&r=g","caption":"Redacci\u00f3n"},"sameAs":["http:\/\/nuevodigitaldeescobar.com.ar"],"url":"https:\/\/nuevodigitaldeescobar.com.ar\/?author=1"}]}},"featured_image_urls":{"full":["https:\/\/nuevodigitaldeescobar.com.ar\/wp-content\/uploads\/2025\/01\/5-grandes_1600_1067-Sk3gNa.jpeg",1600,1067,false],"thumbnail":["https:\/\/nuevodigitaldeescobar.com.ar\/wp-content\/uploads\/2025\/01\/5-grandes_1600_1067-Sk3gNa-150x150.jpeg",150,150,true],"medium":["https:\/\/nuevodigitaldeescobar.com.ar\/wp-content\/uploads\/2025\/01\/5-grandes_1600_1067-Sk3gNa-300x200.jpeg",300,200,true],"medium_large":["https:\/\/nuevodigitaldeescobar.com.ar\/wp-content\/uploads\/2025\/01\/5-grandes_1600_1067-Sk3gNa-768x512.jpeg",640,427,true],"large":["https:\/\/nuevodigitaldeescobar.com.ar\/wp-content\/uploads\/2025\/01\/5-grandes_1600_1067-Sk3gNa-1024x683.jpeg",640,427,true],"1536x1536":["https:\/\/nuevodigitaldeescobar.com.ar\/wp-content\/uploads\/2025\/01\/5-grandes_1600_1067-Sk3gNa-1536x1024.jpeg",1536,1024,true],"2048x2048":["https:\/\/nuevodigitaldeescobar.com.ar\/wp-content\/uploads\/2025\/01\/5-grandes_1600_1067-Sk3gNa.jpeg",1600,1067,false]},"author_info":{"display_name":"Redacci\u00f3n","author_link":"https:\/\/nuevodigitaldeescobar.com.ar\/?author=1"},"category_info":"<a href=\"https:\/\/nuevodigitaldeescobar.com.ar\/?cat=8\" rel=\"category\">Deportes<\/a>","tag_info":"Deportes","comment_count":"0","_links":{"self":[{"href":"https:\/\/nuevodigitaldeescobar.com.ar\/index.php?rest_route=\/wp\/v2\/posts\/11081","targetHints":{"allow":["GET"]}}],"collection":[{"href":"https:\/\/nuevodigitaldeescobar.com.ar\/index.php?rest_route=\/wp\/v2\/posts"}],"about":[{"href":"https:\/\/nuevodigitaldeescobar.com.ar\/index.php?rest_route=\/wp\/v2\/types\/post"}],"author":[{"embeddable":true,"href":"https:\/\/nuevodigitaldeescobar.com.ar\/index.php?rest_route=\/wp\/v2\/users\/1"}],"replies":[{"embeddable":true,"href":"https:\/\/nuevodigitaldeescobar.com.ar\/index.php?rest_route=%2Fwp%2Fv2%2Fcomments&post=11081"}],"version-history":[{"count":1,"href":"https:\/\/nuevodigitaldeescobar.com.ar\/index.php?rest_route=\/wp\/v2\/posts\/11081\/revisions"}],"predecessor-version":[{"id":11084,"href":"https:\/\/nuevodigitaldeescobar.com.ar\/index.php?rest_route=\/wp\/v2\/posts\/11081\/revisions\/11084"}],"wp:featuredmedia":[{"embeddable":true,"href":"https:\/\/nuevodigitaldeescobar.com.ar\/index.php?rest_route=\/wp\/v2\/media\/11082"}],"wp:attachment":[{"href":"https:\/\/nuevodigitaldeescobar.com.ar\/index.php?rest_route=%2Fwp%2Fv2%2Fmedia&parent=11081"}],"wp:term":[{"taxonomy":"category","embeddable":true,"href":"https:\/\/nuevodigitaldeescobar.com.ar\/index.php?rest_route=%2Fwp%2Fv2%2Fcategories&post=11081"},{"taxonomy":"post_tag","embeddable":true,"href":"https:\/\/nuevodigitaldeescobar.com.ar\/index.php?rest_route=%2Fwp%2Fv2%2Ftags&post=11081"}],"curies":[{"name":"wp","href":"https:\/\/api.w.org\/{rel}","templated":true}]}}