{"id":11088,"date":"2025-01-08T11:50:59","date_gmt":"2025-01-08T14:50:59","guid":{"rendered":"https:\/\/nuevodigitaldeescobar.com.ar\/?p=11088"},"modified":"2025-01-08T11:51:10","modified_gmt":"2025-01-08T14:51:10","slug":"represion-en-venezuela-el-dictador-maduro-centraliza-el-poder-y-lanza-una-advertencia-a-la-oposicion","status":"publish","type":"post","link":"https:\/\/nuevodigitaldeescobar.com.ar\/?p=11088","title":{"rendered":"Represi\u00f3n en Venezuela: El dictador Maduro centraliza el poder y lanza una advertencia a la oposici\u00f3n"},"content":{"rendered":"<p><span style=\"color: #003366;\"><strong><em>En los d\u00edas previos al 10 de enero, fecha clave para el panorama pol\u00edtico de Venezuela, Nicol\u00e1s Maduro anunci\u00f3 la creaci\u00f3n de los \u201c\u00d3rganos de Direcci\u00f3n Integral\u201d (ODIS), una estructura que unifica a las Fuerzas Armadas, la Milicia Nacional Bolivariana, cuerpos policiales y grupos comunitarios bajo su mando directo. Seg\u00fan el l\u00edder del r\u00e9gimen chavista, el objetivo de esta medida es \u201cdefender la paz\u201d, aunque los analistas la interpretan como un nuevo paso hacia la centralizaci\u00f3n del poder y la represi\u00f3n de las protestas opositoras.<\/em><\/strong><\/span><\/p>\n<p><!--more--><\/p>\n\n<p><\/p>\n<h3 class=\"wp-block-heading\"><span style=\"color: #003366;\"><em>Una herramienta de control territorial<\/em><\/span><\/h3>\n<p> <\/p>\n<p>Maduro present\u00f3 los ODIS en un acto realizado en el Palacio de Miraflores, donde visti\u00f3 uniforme militar en un intento por reforzar su autoridad. Seg\u00fan sus palabras, estas unidades se desplegar\u00e1n en los 355 municipios del pa\u00eds y en miles de comunidades, extendiendo lo que defini\u00f3 como <em>\u201cun \u00f3rgano superior de defensa integral\u201d<\/em>.<\/p>\n<p><\/p>\n\n\n<p><em>\u201cLa activaci\u00f3n de los ODIS garantizar\u00e1 la victoria ejemplar de la paz\u201d<\/em>, declar\u00f3. Sin embargo, esta estructura parece destinada a controlar cualquier manifestaci\u00f3n de disidencia, especialmente ante la cercan\u00eda del 10 de enero, fecha en la que el presidente electo, Edmundo Gonz\u00e1lez Urrutia, deber\u00eda asumir el poder tras haber obtenido m\u00e1s del 60% de los votos en los comicios del 28 de julio.<\/p>\n\n\n<div class=\"wp-block-image is-style-rounded\">\n<figure class=\"aligncenter size-full\"><img fetchpriority=\"high\" decoding=\"async\" width=\"992\" height=\"558\" src=\"http:\/\/nuevodigitaldeescobar.com.ar\/wp-content\/uploads\/2025\/01\/dicta54.png\" alt=\"\" class=\"wp-image-11089\" srcset=\"https:\/\/nuevodigitaldeescobar.com.ar\/wp-content\/uploads\/2025\/01\/dicta54.png 992w, https:\/\/nuevodigitaldeescobar.com.ar\/wp-content\/uploads\/2025\/01\/dicta54-300x169.png 300w, https:\/\/nuevodigitaldeescobar.com.ar\/wp-content\/uploads\/2025\/01\/dicta54-768x432.png 768w\" sizes=\"(max-width: 992px) 100vw, 992px\" \/><figcaption class=\"wp-element-caption\"><em>Rafael Tudares, yerno del presidente electo, Edmundo Gonz\u00e1lez Urrutia, de Venezuela, secuestrado por el r\u00e9gimen de Maduro en las \u00faltimas horas<\/em><\/figcaption><\/figure><\/div>\n\n\n<p>Durante el anuncio, se llev\u00f3 a cabo una demostraci\u00f3n de fuerza con la participaci\u00f3n de milicianos armados y empleados de empresas estatales, obligados a marchar desde el Cuartel de la Monta\u00f1a, donde descansan los restos de Hugo Ch\u00e1vez, hasta Miraflores.<\/p>\n\n\n\n<p>Orlando Romero, comandante general de la Milicia Nacional Bolivariana, expres\u00f3 su respaldo a Maduro: <em>\u201cGracias a la perfecta integraci\u00f3n y fusi\u00f3n popular-militar-policial, nuestra naci\u00f3n est\u00e1 organizada para defenderse de todas las amenazas\u201d<\/em>.<\/p>\n\n\n<p><\/p>\n<h3 class=\"wp-block-heading\"><span style=\"color: #003366;\"><em>Declaraciones y represi\u00f3n<\/em><\/span><\/h3>\n<p> <\/p>\n<p>En su discurso, Maduro advirti\u00f3 a la oposici\u00f3n con un contundente <em>\u201cNo se equivoquen\u201d<\/em>. La creaci\u00f3n de los ODIS coincide con un contexto de creciente represi\u00f3n en Venezuela, donde los opositores enfrentan persecuci\u00f3n, encarcelamiento y desapariciones forzadas. Entre los casos recientes figura el de Enrique M\u00e1rquez, exvicepresidente del Consejo Nacional Electoral, cuyo paradero sigue siendo desconocido.<\/p>\n<p><\/p>\n\n\n<p>El anuncio tambi\u00e9n ocurre mientras la oposici\u00f3n, liderada por Mar\u00eda Corina Machado, convoca a manifestaciones para este jueves. En respuesta, el r\u00e9gimen ha desplegado fuertes operativos de seguridad, con agentes encapuchados en los accesos a Caracas y estaciones del metro fuertemente custodiadas.<\/p>\n\n\n<div class=\"wp-block-image is-style-rounded\">\n<figure class=\"aligncenter size-full\"><img decoding=\"async\" width=\"992\" height=\"661\" src=\"http:\/\/nuevodigitaldeescobar.com.ar\/wp-content\/uploads\/2025\/01\/dictadura322.png\" alt=\"\" class=\"wp-image-11091\" srcset=\"https:\/\/nuevodigitaldeescobar.com.ar\/wp-content\/uploads\/2025\/01\/dictadura322.png 992w, https:\/\/nuevodigitaldeescobar.com.ar\/wp-content\/uploads\/2025\/01\/dictadura322-300x200.png 300w, https:\/\/nuevodigitaldeescobar.com.ar\/wp-content\/uploads\/2025\/01\/dictadura322-768x512.png 768w\" sizes=\"(max-width: 992px) 100vw, 992px\" \/><\/figure><\/div>\n\n<p><\/p>\n<h3 class=\"wp-block-heading\"><span style=\"color: #003366;\"><em>Captura de supuestos mercenarios<\/em><\/span><\/h3>\n<p> <\/p>\n<p>En paralelo, Maduro inform\u00f3 sobre la captura de siete presuntos <em>\u201cmercenarios extranjeros\u201d<\/em>, incluidos dos estadounidenses, dos colombianos y tres ucranianos. Seg\u00fan el mandatario, planeaban <em>\u201cacciones terroristas contra la paz\u201d<\/em>.<\/p>\n<p><\/p>\n\n\n<p><em>\u201cSolamente el d\u00eda de hoy hemos capturado a siete mercenarios extranjeros\u201d<\/em>, asegur\u00f3. Tambi\u00e9n mencion\u00f3 la detenci\u00f3n de 125 personas en operativos previos, advirtiendo que estas acciones continuar\u00e1n.<\/p>\n\n\n<p><\/p>\n<h3 class=\"wp-block-heading\"><span style=\"color: #003366;\"><em>Protestas bajo vigilancia<\/em><\/span><\/h3>\n<p> <\/p>\n<p>Desde que Maduro proclam\u00f3 su reelecci\u00f3n en un proceso ampliamente cuestionado, las protestas se han intensificado. Hasta el momento, se registran 28 muertos, m\u00e1s de 200 heridos y 2.400 detenidos, incluidos menores de edad acusados de terrorismo.<\/p>\n<p><\/p>\n\n\n<p>La implementaci\u00f3n de los ODIS y las acciones represivas ponen en evidencia el endurecimiento de la postura del r\u00e9gimen en un momento cr\u00edtico, mientras la comunidad internacional sigue observando con preocupaci\u00f3n el desarrollo de los acontecimientos en Venezuela.<\/p>\n","protected":false},"excerpt":{"rendered":"<p>En los d\u00edas previos al 10 de enero, fecha clave para el panorama pol\u00edtico de Venezuela, Nicol\u00e1s Maduro anunci\u00f3 la creaci\u00f3n de los \u201c\u00d3rganos de [&hellip;]<\/p>\n","protected":false},"author":1,"featured_media":11090,"comment_status":"open","ping_status":"open","sticky":false,"template":"","format":"standard","meta":{"footnotes":""},"categories":[285],"tags":[],"class_list":["post-11088","post","type-post","status-publish","format-standard","has-post-thumbnail","hentry","category-internacionales"],"better_featured_image":{"id":11090,"alt_text":"","caption":"","description":"","media_type":"image","media_details":{"width":736,"height":555,"file":"2025\/01\/dicta436.png","filesize":671778,"sizes":{"medium":{"file":"dicta436-300x226.png","width":300,"height":226,"mime-type":"image\/png","filesize":108327,"source_url":"https:\/\/nuevodigitaldeescobar.com.ar\/wp-content\/uploads\/2025\/01\/dicta436-300x226.png"},"thumbnail":{"file":"dicta436-150x150.png","width":150,"height":150,"mime-type":"image\/png","filesize":42312,"source_url":"https:\/\/nuevodigitaldeescobar.com.ar\/wp-content\/uploads\/2025\/01\/dicta436-150x150.png"}},"image_meta":{"aperture":"0","credit":"","camera":"","caption":"","created_timestamp":"0","copyright":"","focal_length":"0","iso":"0","shutter_speed":"0","title":"","orientation":"0","keywords":[]}},"post":11088,"source_url":"https:\/\/nuevodigitaldeescobar.com.ar\/wp-content\/uploads\/2025\/01\/dicta436.png"},"yoast_head":"<!-- This site is optimized with the Yoast SEO plugin v26.1.1 - https:\/\/yoast.com\/wordpress\/plugins\/seo\/ -->\n<title>Represi\u00f3n en Venezuela: El dictador Maduro centraliza el poder y lanza una advertencia a la oposici\u00f3n - Nuevo Digital de Escobar<\/title>\n<meta name=\"robots\" content=\"index, follow, max-snippet:-1, max-image-preview:large, max-video-preview:-1\" \/>\n<link rel=\"canonical\" href=\"https:\/\/nuevodigitaldeescobar.com.ar\/?p=11088\" \/>\n<meta property=\"og:locale\" content=\"es_ES\" \/>\n<meta property=\"og:type\" content=\"article\" \/>\n<meta property=\"og:title\" content=\"Represi\u00f3n en Venezuela: El dictador Maduro centraliza el poder y lanza una advertencia a la oposici\u00f3n - Nuevo Digital de Escobar\" \/>\n<meta property=\"og:description\" content=\"En los d\u00edas previos al 10 de enero, fecha clave para el panorama pol\u00edtico de Venezuela, Nicol\u00e1s Maduro anunci\u00f3 la creaci\u00f3n de los \u201c\u00d3rganos de [&hellip;]\" \/>\n<meta property=\"og:url\" content=\"https:\/\/nuevodigitaldeescobar.com.ar\/?p=11088\" \/>\n<meta property=\"og:site_name\" content=\"Nuevo Digital de Escobar\" \/>\n<meta property=\"article:publisher\" content=\"https:\/\/www.facebook.com\/NUEVODigitalDeEscobar\" \/>\n<meta property=\"article:published_time\" content=\"2025-01-08T14:50:59+00:00\" \/>\n<meta property=\"article:modified_time\" content=\"2025-01-08T14:51:10+00:00\" \/>\n<meta property=\"og:image\" content=\"https:\/\/nuevodigitaldeescobar.com.ar\/wp-content\/uploads\/2025\/01\/dicta436.png\" \/>\n\t<meta property=\"og:image:width\" content=\"736\" \/>\n\t<meta property=\"og:image:height\" content=\"555\" \/>\n\t<meta property=\"og:image:type\" content=\"image\/png\" \/>\n<meta name=\"author\" content=\"Redacci\u00f3n\" \/>\n<meta name=\"twitter:card\" content=\"summary_large_image\" \/>\n<meta name=\"twitter:creator\" content=\"@nuevodigescobar\" \/>\n<meta name=\"twitter:site\" content=\"@nuevodigescobar\" \/>\n<meta name=\"twitter:label1\" content=\"Escrito por\" \/>\n\t<meta name=\"twitter:data1\" content=\"Redacci\u00f3n\" \/>\n\t<meta name=\"twitter:label2\" content=\"Tiempo de lectura\" \/>\n\t<meta name=\"twitter:data2\" content=\"3 minutos\" \/>\n<script type=\"application\/ld+json\" class=\"yoast-schema-graph\">{\"@context\":\"https:\/\/schema.org\",\"@graph\":[{\"@type\":\"Article\",\"@id\":\"https:\/\/nuevodigitaldeescobar.com.ar\/?p=11088#article\",\"isPartOf\":{\"@id\":\"https:\/\/nuevodigitaldeescobar.com.ar\/?p=11088\"},\"author\":{\"name\":\"Redacci\u00f3n\",\"@id\":\"https:\/\/nuevodigitaldeescobar.com.ar\/#\/schema\/person\/035e90a8efe9a80e6eec22656ad6ea4c\"},\"headline\":\"Represi\u00f3n en Venezuela: El dictador Maduro centraliza el poder y lanza una advertencia a la oposici\u00f3n\",\"datePublished\":\"2025-01-08T14:50:59+00:00\",\"dateModified\":\"2025-01-08T14:51:10+00:00\",\"mainEntityOfPage\":{\"@id\":\"https:\/\/nuevodigitaldeescobar.com.ar\/?p=11088\"},\"wordCount\":596,\"commentCount\":0,\"publisher\":{\"@id\":\"https:\/\/nuevodigitaldeescobar.com.ar\/#organization\"},\"image\":{\"@id\":\"https:\/\/nuevodigitaldeescobar.com.ar\/?p=11088#primaryimage\"},\"thumbnailUrl\":\"https:\/\/nuevodigitaldeescobar.com.ar\/wp-content\/uploads\/2025\/01\/dicta436.png\",\"articleSection\":[\"Internacionales\"],\"inLanguage\":\"es\",\"potentialAction\":[{\"@type\":\"CommentAction\",\"name\":\"Comment\",\"target\":[\"https:\/\/nuevodigitaldeescobar.com.ar\/?p=11088#respond\"]}]},{\"@type\":\"WebPage\",\"@id\":\"https:\/\/nuevodigitaldeescobar.com.ar\/?p=11088\",\"url\":\"https:\/\/nuevodigitaldeescobar.com.ar\/?p=11088\",\"name\":\"Represi\u00f3n en Venezuela: El dictador Maduro centraliza el poder y lanza una advertencia a la oposici\u00f3n - Nuevo Digital de Escobar\",\"isPartOf\":{\"@id\":\"https:\/\/nuevodigitaldeescobar.com.ar\/#website\"},\"primaryImageOfPage\":{\"@id\":\"https:\/\/nuevodigitaldeescobar.com.ar\/?p=11088#primaryimage\"},\"image\":{\"@id\":\"https:\/\/nuevodigitaldeescobar.com.ar\/?p=11088#primaryimage\"},\"thumbnailUrl\":\"https:\/\/nuevodigitaldeescobar.com.ar\/wp-content\/uploads\/2025\/01\/dicta436.png\",\"datePublished\":\"2025-01-08T14:50:59+00:00\",\"dateModified\":\"2025-01-08T14:51:10+00:00\",\"breadcrumb\":{\"@id\":\"https:\/\/nuevodigitaldeescobar.com.ar\/?p=11088#breadcrumb\"},\"inLanguage\":\"es\",\"potentialAction\":[{\"@type\":\"ReadAction\",\"target\":[\"https:\/\/nuevodigitaldeescobar.com.ar\/?p=11088\"]}]},{\"@type\":\"ImageObject\",\"inLanguage\":\"es\",\"@id\":\"https:\/\/nuevodigitaldeescobar.com.ar\/?p=11088#primaryimage\",\"url\":\"https:\/\/nuevodigitaldeescobar.com.ar\/wp-content\/uploads\/2025\/01\/dicta436.png\",\"contentUrl\":\"https:\/\/nuevodigitaldeescobar.com.ar\/wp-content\/uploads\/2025\/01\/dicta436.png\",\"width\":736,\"height\":555},{\"@type\":\"BreadcrumbList\",\"@id\":\"https:\/\/nuevodigitaldeescobar.com.ar\/?p=11088#breadcrumb\",\"itemListElement\":[{\"@type\":\"ListItem\",\"position\":1,\"name\":\"Portada\",\"item\":\"https:\/\/nuevodigitaldeescobar.com.ar\/\"},{\"@type\":\"ListItem\",\"position\":2,\"name\":\"Represi\u00f3n en Venezuela: El dictador Maduro centraliza el poder y lanza una advertencia a la oposici\u00f3n\"}]},{\"@type\":\"WebSite\",\"@id\":\"https:\/\/nuevodigitaldeescobar.com.ar\/#website\",\"url\":\"https:\/\/nuevodigitaldeescobar.com.ar\/\",\"name\":\"Nuevo Digital de Escobar\",\"description\":\"La vida escobarense. Directora: Rosana Brunner\",\"publisher\":{\"@id\":\"https:\/\/nuevodigitaldeescobar.com.ar\/#organization\"},\"potentialAction\":[{\"@type\":\"SearchAction\",\"target\":{\"@type\":\"EntryPoint\",\"urlTemplate\":\"https:\/\/nuevodigitaldeescobar.com.ar\/?s={search_term_string}\"},\"query-input\":{\"@type\":\"PropertyValueSpecification\",\"valueRequired\":true,\"valueName\":\"search_term_string\"}}],\"inLanguage\":\"es\"},{\"@type\":\"Organization\",\"@id\":\"https:\/\/nuevodigitaldeescobar.com.ar\/#organization\",\"name\":\"Nuevo Digital de Escobar\",\"url\":\"https:\/\/nuevodigitaldeescobar.com.ar\/\",\"logo\":{\"@type\":\"ImageObject\",\"inLanguage\":\"es\",\"@id\":\"https:\/\/nuevodigitaldeescobar.com.ar\/#\/schema\/logo\/image\/\",\"url\":\"https:\/\/nuevodigitaldeescobar.com.ar\/wp-content\/uploads\/2025\/05\/cropped-logo-nuevo2.jpg\",\"contentUrl\":\"https:\/\/nuevodigitaldeescobar.com.ar\/wp-content\/uploads\/2025\/05\/cropped-logo-nuevo2.jpg\",\"width\":305,\"height\":305,\"caption\":\"Nuevo Digital de Escobar\"},\"image\":{\"@id\":\"https:\/\/nuevodigitaldeescobar.com.ar\/#\/schema\/logo\/image\/\"},\"sameAs\":[\"https:\/\/www.facebook.com\/NUEVODigitalDeEscobar\",\"https:\/\/x.com\/nuevodigescobar\",\"https:\/\/www.instagram.com\/nuevodigitaldeescobar\"]},{\"@type\":\"Person\",\"@id\":\"https:\/\/nuevodigitaldeescobar.com.ar\/#\/schema\/person\/035e90a8efe9a80e6eec22656ad6ea4c\",\"name\":\"Redacci\u00f3n\",\"image\":{\"@type\":\"ImageObject\",\"inLanguage\":\"es\",\"@id\":\"https:\/\/nuevodigitaldeescobar.com.ar\/#\/schema\/person\/image\/\",\"url\":\"https:\/\/secure.gravatar.com\/avatar\/8af8f40000c24e9eef3034f2be5998a372bb1389e64b1a4a36b3a7979142220d?s=96&d=mm&r=g\",\"contentUrl\":\"https:\/\/secure.gravatar.com\/avatar\/8af8f40000c24e9eef3034f2be5998a372bb1389e64b1a4a36b3a7979142220d?s=96&d=mm&r=g\",\"caption\":\"Redacci\u00f3n\"},\"sameAs\":[\"http:\/\/nuevodigitaldeescobar.com.ar\"],\"url\":\"https:\/\/nuevodigitaldeescobar.com.ar\/?author=1\"}]}<\/script>\n<!-- \/ Yoast SEO plugin. -->","yoast_head_json":{"title":"Represi\u00f3n en Venezuela: El dictador Maduro centraliza el poder y lanza una advertencia a la oposici\u00f3n - Nuevo Digital de Escobar","robots":{"index":"index","follow":"follow","max-snippet":"max-snippet:-1","max-image-preview":"max-image-preview:large","max-video-preview":"max-video-preview:-1"},"canonical":"https:\/\/nuevodigitaldeescobar.com.ar\/?p=11088","og_locale":"es_ES","og_type":"article","og_title":"Represi\u00f3n en Venezuela: El dictador Maduro centraliza el poder y lanza una advertencia a la oposici\u00f3n - Nuevo Digital de Escobar","og_description":"En los d\u00edas previos al 10 de enero, fecha clave para el panorama pol\u00edtico de Venezuela, Nicol\u00e1s Maduro anunci\u00f3 la creaci\u00f3n de los \u201c\u00d3rganos de [&hellip;]","og_url":"https:\/\/nuevodigitaldeescobar.com.ar\/?p=11088","og_site_name":"Nuevo Digital de Escobar","article_publisher":"https:\/\/www.facebook.com\/NUEVODigitalDeEscobar","article_published_time":"2025-01-08T14:50:59+00:00","article_modified_time":"2025-01-08T14:51:10+00:00","og_image":[{"width":736,"height":555,"url":"https:\/\/nuevodigitaldeescobar.com.ar\/wp-content\/uploads\/2025\/01\/dicta436.png","type":"image\/png"}],"author":"Redacci\u00f3n","twitter_card":"summary_large_image","twitter_creator":"@nuevodigescobar","twitter_site":"@nuevodigescobar","twitter_misc":{"Escrito por":"Redacci\u00f3n","Tiempo de lectura":"3 minutos"},"schema":{"@context":"https:\/\/schema.org","@graph":[{"@type":"Article","@id":"https:\/\/nuevodigitaldeescobar.com.ar\/?p=11088#article","isPartOf":{"@id":"https:\/\/nuevodigitaldeescobar.com.ar\/?p=11088"},"author":{"name":"Redacci\u00f3n","@id":"https:\/\/nuevodigitaldeescobar.com.ar\/#\/schema\/person\/035e90a8efe9a80e6eec22656ad6ea4c"},"headline":"Represi\u00f3n en Venezuela: El dictador Maduro centraliza el poder y lanza una advertencia a la oposici\u00f3n","datePublished":"2025-01-08T14:50:59+00:00","dateModified":"2025-01-08T14:51:10+00:00","mainEntityOfPage":{"@id":"https:\/\/nuevodigitaldeescobar.com.ar\/?p=11088"},"wordCount":596,"commentCount":0,"publisher":{"@id":"https:\/\/nuevodigitaldeescobar.com.ar\/#organization"},"image":{"@id":"https:\/\/nuevodigitaldeescobar.com.ar\/?p=11088#primaryimage"},"thumbnailUrl":"https:\/\/nuevodigitaldeescobar.com.ar\/wp-content\/uploads\/2025\/01\/dicta436.png","articleSection":["Internacionales"],"inLanguage":"es","potentialAction":[{"@type":"CommentAction","name":"Comment","target":["https:\/\/nuevodigitaldeescobar.com.ar\/?p=11088#respond"]}]},{"@type":"WebPage","@id":"https:\/\/nuevodigitaldeescobar.com.ar\/?p=11088","url":"https:\/\/nuevodigitaldeescobar.com.ar\/?p=11088","name":"Represi\u00f3n en Venezuela: El dictador Maduro centraliza el poder y lanza una advertencia a la oposici\u00f3n - Nuevo Digital de Escobar","isPartOf":{"@id":"https:\/\/nuevodigitaldeescobar.com.ar\/#website"},"primaryImageOfPage":{"@id":"https:\/\/nuevodigitaldeescobar.com.ar\/?p=11088#primaryimage"},"image":{"@id":"https:\/\/nuevodigitaldeescobar.com.ar\/?p=11088#primaryimage"},"thumbnailUrl":"https:\/\/nuevodigitaldeescobar.com.ar\/wp-content\/uploads\/2025\/01\/dicta436.png","datePublished":"2025-01-08T14:50:59+00:00","dateModified":"2025-01-08T14:51:10+00:00","breadcrumb":{"@id":"https:\/\/nuevodigitaldeescobar.com.ar\/?p=11088#breadcrumb"},"inLanguage":"es","potentialAction":[{"@type":"ReadAction","target":["https:\/\/nuevodigitaldeescobar.com.ar\/?p=11088"]}]},{"@type":"ImageObject","inLanguage":"es","@id":"https:\/\/nuevodigitaldeescobar.com.ar\/?p=11088#primaryimage","url":"https:\/\/nuevodigitaldeescobar.com.ar\/wp-content\/uploads\/2025\/01\/dicta436.png","contentUrl":"https:\/\/nuevodigitaldeescobar.com.ar\/wp-content\/uploads\/2025\/01\/dicta436.png","width":736,"height":555},{"@type":"BreadcrumbList","@id":"https:\/\/nuevodigitaldeescobar.com.ar\/?p=11088#breadcrumb","itemListElement":[{"@type":"ListItem","position":1,"name":"Portada","item":"https:\/\/nuevodigitaldeescobar.com.ar\/"},{"@type":"ListItem","position":2,"name":"Represi\u00f3n en Venezuela: El dictador Maduro centraliza el poder y lanza una advertencia a la oposici\u00f3n"}]},{"@type":"WebSite","@id":"https:\/\/nuevodigitaldeescobar.com.ar\/#website","url":"https:\/\/nuevodigitaldeescobar.com.ar\/","name":"Nuevo Digital de Escobar","description":"La vida escobarense. Directora: Rosana Brunner","publisher":{"@id":"https:\/\/nuevodigitaldeescobar.com.ar\/#organization"},"potentialAction":[{"@type":"SearchAction","target":{"@type":"EntryPoint","urlTemplate":"https:\/\/nuevodigitaldeescobar.com.ar\/?s={search_term_string}"},"query-input":{"@type":"PropertyValueSpecification","valueRequired":true,"valueName":"search_term_string"}}],"inLanguage":"es"},{"@type":"Organization","@id":"https:\/\/nuevodigitaldeescobar.com.ar\/#organization","name":"Nuevo Digital de Escobar","url":"https:\/\/nuevodigitaldeescobar.com.ar\/","logo":{"@type":"ImageObject","inLanguage":"es","@id":"https:\/\/nuevodigitaldeescobar.com.ar\/#\/schema\/logo\/image\/","url":"https:\/\/nuevodigitaldeescobar.com.ar\/wp-content\/uploads\/2025\/05\/cropped-logo-nuevo2.jpg","contentUrl":"https:\/\/nuevodigitaldeescobar.com.ar\/wp-content\/uploads\/2025\/05\/cropped-logo-nuevo2.jpg","width":305,"height":305,"caption":"Nuevo Digital de Escobar"},"image":{"@id":"https:\/\/nuevodigitaldeescobar.com.ar\/#\/schema\/logo\/image\/"},"sameAs":["https:\/\/www.facebook.com\/NUEVODigitalDeEscobar","https:\/\/x.com\/nuevodigescobar","https:\/\/www.instagram.com\/nuevodigitaldeescobar"]},{"@type":"Person","@id":"https:\/\/nuevodigitaldeescobar.com.ar\/#\/schema\/person\/035e90a8efe9a80e6eec22656ad6ea4c","name":"Redacci\u00f3n","image":{"@type":"ImageObject","inLanguage":"es","@id":"https:\/\/nuevodigitaldeescobar.com.ar\/#\/schema\/person\/image\/","url":"https:\/\/secure.gravatar.com\/avatar\/8af8f40000c24e9eef3034f2be5998a372bb1389e64b1a4a36b3a7979142220d?s=96&d=mm&r=g","contentUrl":"https:\/\/secure.gravatar.com\/avatar\/8af8f40000c24e9eef3034f2be5998a372bb1389e64b1a4a36b3a7979142220d?s=96&d=mm&r=g","caption":"Redacci\u00f3n"},"sameAs":["http:\/\/nuevodigitaldeescobar.com.ar"],"url":"https:\/\/nuevodigitaldeescobar.com.ar\/?author=1"}]}},"featured_image_urls":{"full":["https:\/\/nuevodigitaldeescobar.com.ar\/wp-content\/uploads\/2025\/01\/dicta436.png",736,555,false],"thumbnail":["https:\/\/nuevodigitaldeescobar.com.ar\/wp-content\/uploads\/2025\/01\/dicta436-150x150.png",150,150,true],"medium":["https:\/\/nuevodigitaldeescobar.com.ar\/wp-content\/uploads\/2025\/01\/dicta436-300x226.png",300,226,true],"medium_large":["https:\/\/nuevodigitaldeescobar.com.ar\/wp-content\/uploads\/2025\/01\/dicta436.png",640,483,false],"large":["https:\/\/nuevodigitaldeescobar.com.ar\/wp-content\/uploads\/2025\/01\/dicta436.png",640,483,false],"1536x1536":["https:\/\/nuevodigitaldeescobar.com.ar\/wp-content\/uploads\/2025\/01\/dicta436.png",736,555,false],"2048x2048":["https:\/\/nuevodigitaldeescobar.com.ar\/wp-content\/uploads\/2025\/01\/dicta436.png",736,555,false]},"author_info":{"display_name":"Redacci\u00f3n","author_link":"https:\/\/nuevodigitaldeescobar.com.ar\/?author=1"},"category_info":"<a href=\"https:\/\/nuevodigitaldeescobar.com.ar\/?cat=285\" rel=\"category\">Internacionales<\/a>","tag_info":"Internacionales","comment_count":"0","_links":{"self":[{"href":"https:\/\/nuevodigitaldeescobar.com.ar\/index.php?rest_route=\/wp\/v2\/posts\/11088","targetHints":{"allow":["GET"]}}],"collection":[{"href":"https:\/\/nuevodigitaldeescobar.com.ar\/index.php?rest_route=\/wp\/v2\/posts"}],"about":[{"href":"https:\/\/nuevodigitaldeescobar.com.ar\/index.php?rest_route=\/wp\/v2\/types\/post"}],"author":[{"embeddable":true,"href":"https:\/\/nuevodigitaldeescobar.com.ar\/index.php?rest_route=\/wp\/v2\/users\/1"}],"replies":[{"embeddable":true,"href":"https:\/\/nuevodigitaldeescobar.com.ar\/index.php?rest_route=%2Fwp%2Fv2%2Fcomments&post=11088"}],"version-history":[{"count":1,"href":"https:\/\/nuevodigitaldeescobar.com.ar\/index.php?rest_route=\/wp\/v2\/posts\/11088\/revisions"}],"predecessor-version":[{"id":11092,"href":"https:\/\/nuevodigitaldeescobar.com.ar\/index.php?rest_route=\/wp\/v2\/posts\/11088\/revisions\/11092"}],"wp:featuredmedia":[{"embeddable":true,"href":"https:\/\/nuevodigitaldeescobar.com.ar\/index.php?rest_route=\/wp\/v2\/media\/11090"}],"wp:attachment":[{"href":"https:\/\/nuevodigitaldeescobar.com.ar\/index.php?rest_route=%2Fwp%2Fv2%2Fmedia&parent=11088"}],"wp:term":[{"taxonomy":"category","embeddable":true,"href":"https:\/\/nuevodigitaldeescobar.com.ar\/index.php?rest_route=%2Fwp%2Fv2%2Fcategories&post=11088"},{"taxonomy":"post_tag","embeddable":true,"href":"https:\/\/nuevodigitaldeescobar.com.ar\/index.php?rest_route=%2Fwp%2Fv2%2Ftags&post=11088"}],"curies":[{"name":"wp","href":"https:\/\/api.w.org\/{rel}","templated":true}]}}