{"id":11259,"date":"2025-01-13T12:12:44","date_gmt":"2025-01-13T15:12:44","guid":{"rendered":"https:\/\/nuevodigitaldeescobar.com.ar\/?p=11259"},"modified":"2025-01-13T12:28:16","modified_gmt":"2025-01-13T15:28:16","slug":"impactante-choque-tras-persecucion-policial-en-quilmes-dos-oficiales-fallecidos-y-delincuentes-profugos","status":"publish","type":"post","link":"https:\/\/nuevodigitaldeescobar.com.ar\/?p=11259","title":{"rendered":"Impactante choque tras persecuci\u00f3n policial en Quilmes: dos oficiales fallecidos y delincuentes pr\u00f3fugos"},"content":{"rendered":"\n<p class=\"has-vivid-cyan-blue-color has-text-color has-link-color wp-elements-fe53f85ae69a868d92cf7ce438602428\"><em><strong>Este lunes se difundieron im\u00e1genes del fatal choque ocurrido el domingo por la ma\u00f1ana en el partido bonaerense de Quilmes. El accidente, registrado por una c\u00e1mara de seguridad municipal, muestra el momento en que dos oficiales de la Polic\u00eda Bonaerense, en plena persecuci\u00f3n de delincuentes, colisionaron con una camioneta Jeep Renegade, resultando en su fallecimiento instant\u00e1neo.<\/strong><\/em><\/p>\n\n\n\n<!--more-->\n\n\n\n<h3 class=\"wp-block-heading has-text-color has-link-color wp-elements-36bc5c201579137b66c93f262e8ba278\" style=\"color:#0a2a9b\"><em>El choque mortal<\/em><\/h3>\n\n\n\n<p>El incidente tuvo lugar alrededor de las 9:25 en la intersecci\u00f3n de la avenida Mozart y la calle Guido, mientras los oficiales Ezequiel Fordelledo y Brian Ezequiel De Vicenci se desplazaban a alta velocidad en su motocicleta oficial. Ambos pertenec\u00edan al Grupo de Prevenci\u00f3n Motorizada (GPM) y estaban realizando un operativo en la zona de La Rivera.<\/p>\n\n\n\n<p>En las im\u00e1genes se observa c\u00f3mo la motocicleta impacta violentamente contra el lateral delantero de la camioneta, ocupada por un matrimonio y su hija de 8 a\u00f1os. Producto del impacto, ambos veh\u00edculos se desplazaron hasta chocar contra un sem\u00e1foro. La moto se incendi\u00f3 pocos segundos despu\u00e9s, mientras los oficiales salieron despedidos y quedaron tendidos en el asfalto.<\/p>\n\n\n\n<figure class=\"wp-block-video aligncenter\"><video controls src=\"https:\/\/nuevodigitaldeescobar.com.ar\/wp-content\/uploads\/2025\/01\/quilmeschoque354.mp4\"><\/video><\/figure>\n\n\n\n<h3 class=\"wp-block-heading has-text-color has-link-color wp-elements-631b0fb92f3b36bb5a60eb65dc6380d2\" style=\"color:#0a2a9b\"><em>Heridos y v\u00edctimas fatales<\/em><\/h3>\n\n\n\n<p>A pesar de la violencia del choque, los ocupantes de la camioneta lograron sobrevivir. La ni\u00f1a sali\u00f3 ilesa, mientras que su madre sufri\u00f3 heridas de consideraci\u00f3n y fue trasladada al hospital Isidoro Iriarte.<\/p>\n\n\n\n<p>Los oficiales Fordelledo y De Vicenci, de 30 y 33 a\u00f1os respectivamente, no corrieron la misma suerte. Seg\u00fan testigos, los polic\u00edas estaban muertos al momento de ser asistidos por vecinos y automovilistas que se detuvieron tras el accidente.<\/p>\n\n\n\n<h3 class=\"wp-block-heading has-text-color has-link-color wp-elements-26c90e6a61c67bbc9dc65fbf5a968000\" style=\"color:#0a2a9b\"><em>La persecuci\u00f3n y los pr\u00f3fugos<\/em><\/h3>\n\n\n\n<p>Los oficiales se encontraban en medio de una persecuci\u00f3n cuando ocurri\u00f3 el choque. <em>\u00abEscuch\u00e9 las sirenas. Ven\u00edan persiguiendo a unos delincuentes y la camioneta los embisti\u00f3. Los polic\u00edas quedaron contra la pared\u00bb,<\/em> relat\u00f3 un vecino que presenci\u00f3 el hecho.<\/p>\n\n\n\n<p>Hasta el momento, los delincuentes que eran perseguidos por los oficiales contin\u00faan pr\u00f3fugos, y la investigaci\u00f3n para dar con ellos sigue en curso.<\/p>\n\n\n\n<h3 class=\"wp-block-heading has-text-color has-link-color wp-elements-f807894f5dac95667ac4ec23aa87eb3e\" style=\"color:#0a2a9b\"><em>Luto policial<\/em><\/h3>\n\n\n\n<p>El Ministerio de Seguridad bonaerense decret\u00f3 48 horas de luto en honor a los oficiales fallecidos. Los restos de ambos comenzaron a ser velados este lunes, en un acto al que asistieron altos mandos de la Polic\u00eda Bonaerense.<\/p>\n\n\n\n<p>Efectivos de la Superintendencia AMBA Sur 1 y la Divisi\u00f3n Cient\u00edfica trabajaron en la escena para esclarecer las circunstancias del accidente, mientras que contin\u00faa la b\u00fasqueda de los responsables perseguidos por las v\u00edctimas.<\/p>\n\n\n\n<p>La tragedia deja una profunda marca en Quilmes y pone de relieve los riesgos a los que se enfrentan diariamente los oficiales en el cumplimiento de su deber.<\/p>\n","protected":false},"excerpt":{"rendered":"<p>Este lunes se difundieron im\u00e1genes del fatal choque ocurrido el domingo por la ma\u00f1ana en el partido bonaerense de Quilmes. El accidente, registrado por una [&hellip;]<\/p>\n","protected":false},"author":1,"featured_media":11261,"comment_status":"open","ping_status":"open","sticky":false,"template":"","format":"standard","meta":{"footnotes":""},"categories":[13],"tags":[],"class_list":["post-11259","post","type-post","status-publish","format-standard","has-post-thumbnail","hentry","category-policiales"],"better_featured_image":{"id":11261,"alt_text":"","caption":"","description":"","media_type":"image","media_details":{"width":992,"height":551,"file":"2025\/01\/quilmescho1234.png","filesize":1156336,"sizes":{"medium":{"file":"quilmescho1234-300x167.png","width":300,"height":167,"mime-type":"image\/png","filesize":91926,"source_url":"https:\/\/nuevodigitaldeescobar.com.ar\/wp-content\/uploads\/2025\/01\/quilmescho1234-300x167.png"},"thumbnail":{"file":"quilmescho1234-150x150.png","width":150,"height":150,"mime-type":"image\/png","filesize":44294,"source_url":"https:\/\/nuevodigitaldeescobar.com.ar\/wp-content\/uploads\/2025\/01\/quilmescho1234-150x150.png"},"medium_large":{"file":"quilmescho1234-768x427.png","width":768,"height":427,"mime-type":"image\/png","filesize":517008,"source_url":"https:\/\/nuevodigitaldeescobar.com.ar\/wp-content\/uploads\/2025\/01\/quilmescho1234-768x427.png"}},"image_meta":{"aperture":"0","credit":"","camera":"","caption":"","created_timestamp":"0","copyright":"","focal_length":"0","iso":"0","shutter_speed":"0","title":"","orientation":"0","keywords":[]}},"post":11259,"source_url":"https:\/\/nuevodigitaldeescobar.com.ar\/wp-content\/uploads\/2025\/01\/quilmescho1234.png"},"yoast_head":"<!-- This site is optimized with the Yoast SEO plugin v26.1.1 - https:\/\/yoast.com\/wordpress\/plugins\/seo\/ -->\n<title>Impactante choque tras persecuci\u00f3n policial en Quilmes: dos oficiales fallecidos y delincuentes pr\u00f3fugos - Nuevo Digital de Escobar<\/title>\n<meta name=\"robots\" content=\"index, follow, max-snippet:-1, max-image-preview:large, max-video-preview:-1\" \/>\n<link rel=\"canonical\" href=\"https:\/\/nuevodigitaldeescobar.com.ar\/?p=11259\" \/>\n<meta property=\"og:locale\" content=\"es_ES\" \/>\n<meta property=\"og:type\" content=\"article\" \/>\n<meta property=\"og:title\" content=\"Impactante choque tras persecuci\u00f3n policial en Quilmes: dos oficiales fallecidos y delincuentes pr\u00f3fugos - Nuevo Digital de Escobar\" \/>\n<meta property=\"og:description\" content=\"Este lunes se difundieron im\u00e1genes del fatal choque ocurrido el domingo por la ma\u00f1ana en el partido bonaerense de Quilmes. El accidente, registrado por una [&hellip;]\" \/>\n<meta property=\"og:url\" content=\"https:\/\/nuevodigitaldeescobar.com.ar\/?p=11259\" \/>\n<meta property=\"og:site_name\" content=\"Nuevo Digital de Escobar\" \/>\n<meta property=\"article:publisher\" content=\"https:\/\/www.facebook.com\/NUEVODigitalDeEscobar\" \/>\n<meta property=\"article:published_time\" content=\"2025-01-13T15:12:44+00:00\" \/>\n<meta property=\"article:modified_time\" content=\"2025-01-13T15:28:16+00:00\" \/>\n<meta property=\"og:image\" content=\"https:\/\/nuevodigitaldeescobar.com.ar\/wp-content\/uploads\/2025\/01\/quilmescho1234.png\" \/>\n\t<meta property=\"og:image:width\" content=\"992\" \/>\n\t<meta property=\"og:image:height\" content=\"551\" \/>\n\t<meta property=\"og:image:type\" content=\"image\/png\" \/>\n<meta name=\"author\" content=\"Redacci\u00f3n\" \/>\n<meta name=\"twitter:card\" content=\"summary_large_image\" \/>\n<meta name=\"twitter:creator\" content=\"@nuevodigescobar\" \/>\n<meta name=\"twitter:site\" content=\"@nuevodigescobar\" \/>\n<meta name=\"twitter:label1\" content=\"Escrito por\" \/>\n\t<meta name=\"twitter:data1\" content=\"Redacci\u00f3n\" \/>\n\t<meta name=\"twitter:label2\" content=\"Tiempo de lectura\" \/>\n\t<meta name=\"twitter:data2\" content=\"2 minutos\" \/>\n<script type=\"application\/ld+json\" class=\"yoast-schema-graph\">{\"@context\":\"https:\/\/schema.org\",\"@graph\":[{\"@type\":\"Article\",\"@id\":\"https:\/\/nuevodigitaldeescobar.com.ar\/?p=11259#article\",\"isPartOf\":{\"@id\":\"https:\/\/nuevodigitaldeescobar.com.ar\/?p=11259\"},\"author\":{\"name\":\"Redacci\u00f3n\",\"@id\":\"https:\/\/nuevodigitaldeescobar.com.ar\/#\/schema\/person\/035e90a8efe9a80e6eec22656ad6ea4c\"},\"headline\":\"Impactante choque tras persecuci\u00f3n policial en Quilmes: dos oficiales fallecidos y delincuentes pr\u00f3fugos\",\"datePublished\":\"2025-01-13T15:12:44+00:00\",\"dateModified\":\"2025-01-13T15:28:16+00:00\",\"mainEntityOfPage\":{\"@id\":\"https:\/\/nuevodigitaldeescobar.com.ar\/?p=11259\"},\"wordCount\":460,\"commentCount\":0,\"publisher\":{\"@id\":\"https:\/\/nuevodigitaldeescobar.com.ar\/#organization\"},\"image\":{\"@id\":\"https:\/\/nuevodigitaldeescobar.com.ar\/?p=11259#primaryimage\"},\"thumbnailUrl\":\"https:\/\/nuevodigitaldeescobar.com.ar\/wp-content\/uploads\/2025\/01\/quilmescho1234.png\",\"articleSection\":[\"Policiales\"],\"inLanguage\":\"es\",\"potentialAction\":[{\"@type\":\"CommentAction\",\"name\":\"Comment\",\"target\":[\"https:\/\/nuevodigitaldeescobar.com.ar\/?p=11259#respond\"]}]},{\"@type\":\"WebPage\",\"@id\":\"https:\/\/nuevodigitaldeescobar.com.ar\/?p=11259\",\"url\":\"https:\/\/nuevodigitaldeescobar.com.ar\/?p=11259\",\"name\":\"Impactante choque tras persecuci\u00f3n policial en Quilmes: dos oficiales fallecidos y delincuentes pr\u00f3fugos - Nuevo Digital de Escobar\",\"isPartOf\":{\"@id\":\"https:\/\/nuevodigitaldeescobar.com.ar\/#website\"},\"primaryImageOfPage\":{\"@id\":\"https:\/\/nuevodigitaldeescobar.com.ar\/?p=11259#primaryimage\"},\"image\":{\"@id\":\"https:\/\/nuevodigitaldeescobar.com.ar\/?p=11259#primaryimage\"},\"thumbnailUrl\":\"https:\/\/nuevodigitaldeescobar.com.ar\/wp-content\/uploads\/2025\/01\/quilmescho1234.png\",\"datePublished\":\"2025-01-13T15:12:44+00:00\",\"dateModified\":\"2025-01-13T15:28:16+00:00\",\"breadcrumb\":{\"@id\":\"https:\/\/nuevodigitaldeescobar.com.ar\/?p=11259#breadcrumb\"},\"inLanguage\":\"es\",\"potentialAction\":[{\"@type\":\"ReadAction\",\"target\":[\"https:\/\/nuevodigitaldeescobar.com.ar\/?p=11259\"]}]},{\"@type\":\"ImageObject\",\"inLanguage\":\"es\",\"@id\":\"https:\/\/nuevodigitaldeescobar.com.ar\/?p=11259#primaryimage\",\"url\":\"https:\/\/nuevodigitaldeescobar.com.ar\/wp-content\/uploads\/2025\/01\/quilmescho1234.png\",\"contentUrl\":\"https:\/\/nuevodigitaldeescobar.com.ar\/wp-content\/uploads\/2025\/01\/quilmescho1234.png\",\"width\":992,\"height\":551},{\"@type\":\"BreadcrumbList\",\"@id\":\"https:\/\/nuevodigitaldeescobar.com.ar\/?p=11259#breadcrumb\",\"itemListElement\":[{\"@type\":\"ListItem\",\"position\":1,\"name\":\"Portada\",\"item\":\"https:\/\/nuevodigitaldeescobar.com.ar\/\"},{\"@type\":\"ListItem\",\"position\":2,\"name\":\"Impactante choque tras persecuci\u00f3n policial en Quilmes: dos oficiales fallecidos y delincuentes pr\u00f3fugos\"}]},{\"@type\":\"WebSite\",\"@id\":\"https:\/\/nuevodigitaldeescobar.com.ar\/#website\",\"url\":\"https:\/\/nuevodigitaldeescobar.com.ar\/\",\"name\":\"Nuevo Digital de Escobar\",\"description\":\"La vida escobarense. Directora: Rosana Brunner\",\"publisher\":{\"@id\":\"https:\/\/nuevodigitaldeescobar.com.ar\/#organization\"},\"potentialAction\":[{\"@type\":\"SearchAction\",\"target\":{\"@type\":\"EntryPoint\",\"urlTemplate\":\"https:\/\/nuevodigitaldeescobar.com.ar\/?s={search_term_string}\"},\"query-input\":{\"@type\":\"PropertyValueSpecification\",\"valueRequired\":true,\"valueName\":\"search_term_string\"}}],\"inLanguage\":\"es\"},{\"@type\":\"Organization\",\"@id\":\"https:\/\/nuevodigitaldeescobar.com.ar\/#organization\",\"name\":\"Nuevo Digital de Escobar\",\"url\":\"https:\/\/nuevodigitaldeescobar.com.ar\/\",\"logo\":{\"@type\":\"ImageObject\",\"inLanguage\":\"es\",\"@id\":\"https:\/\/nuevodigitaldeescobar.com.ar\/#\/schema\/logo\/image\/\",\"url\":\"https:\/\/nuevodigitaldeescobar.com.ar\/wp-content\/uploads\/2025\/05\/cropped-logo-nuevo2.jpg\",\"contentUrl\":\"https:\/\/nuevodigitaldeescobar.com.ar\/wp-content\/uploads\/2025\/05\/cropped-logo-nuevo2.jpg\",\"width\":305,\"height\":305,\"caption\":\"Nuevo Digital de Escobar\"},\"image\":{\"@id\":\"https:\/\/nuevodigitaldeescobar.com.ar\/#\/schema\/logo\/image\/\"},\"sameAs\":[\"https:\/\/www.facebook.com\/NUEVODigitalDeEscobar\",\"https:\/\/x.com\/nuevodigescobar\",\"https:\/\/www.instagram.com\/nuevodigitaldeescobar\"]},{\"@type\":\"Person\",\"@id\":\"https:\/\/nuevodigitaldeescobar.com.ar\/#\/schema\/person\/035e90a8efe9a80e6eec22656ad6ea4c\",\"name\":\"Redacci\u00f3n\",\"image\":{\"@type\":\"ImageObject\",\"inLanguage\":\"es\",\"@id\":\"https:\/\/nuevodigitaldeescobar.com.ar\/#\/schema\/person\/image\/\",\"url\":\"https:\/\/secure.gravatar.com\/avatar\/8af8f40000c24e9eef3034f2be5998a372bb1389e64b1a4a36b3a7979142220d?s=96&d=mm&r=g\",\"contentUrl\":\"https:\/\/secure.gravatar.com\/avatar\/8af8f40000c24e9eef3034f2be5998a372bb1389e64b1a4a36b3a7979142220d?s=96&d=mm&r=g\",\"caption\":\"Redacci\u00f3n\"},\"sameAs\":[\"http:\/\/nuevodigitaldeescobar.com.ar\"],\"url\":\"https:\/\/nuevodigitaldeescobar.com.ar\/?author=1\"}]}<\/script>\n<!-- \/ Yoast SEO plugin. -->","yoast_head_json":{"title":"Impactante choque tras persecuci\u00f3n policial en Quilmes: dos oficiales fallecidos y delincuentes pr\u00f3fugos - Nuevo Digital de Escobar","robots":{"index":"index","follow":"follow","max-snippet":"max-snippet:-1","max-image-preview":"max-image-preview:large","max-video-preview":"max-video-preview:-1"},"canonical":"https:\/\/nuevodigitaldeescobar.com.ar\/?p=11259","og_locale":"es_ES","og_type":"article","og_title":"Impactante choque tras persecuci\u00f3n policial en Quilmes: dos oficiales fallecidos y delincuentes pr\u00f3fugos - Nuevo Digital de Escobar","og_description":"Este lunes se difundieron im\u00e1genes del fatal choque ocurrido el domingo por la ma\u00f1ana en el partido bonaerense de Quilmes. El accidente, registrado por una [&hellip;]","og_url":"https:\/\/nuevodigitaldeescobar.com.ar\/?p=11259","og_site_name":"Nuevo Digital de Escobar","article_publisher":"https:\/\/www.facebook.com\/NUEVODigitalDeEscobar","article_published_time":"2025-01-13T15:12:44+00:00","article_modified_time":"2025-01-13T15:28:16+00:00","og_image":[{"width":992,"height":551,"url":"https:\/\/nuevodigitaldeescobar.com.ar\/wp-content\/uploads\/2025\/01\/quilmescho1234.png","type":"image\/png"}],"author":"Redacci\u00f3n","twitter_card":"summary_large_image","twitter_creator":"@nuevodigescobar","twitter_site":"@nuevodigescobar","twitter_misc":{"Escrito por":"Redacci\u00f3n","Tiempo de lectura":"2 minutos"},"schema":{"@context":"https:\/\/schema.org","@graph":[{"@type":"Article","@id":"https:\/\/nuevodigitaldeescobar.com.ar\/?p=11259#article","isPartOf":{"@id":"https:\/\/nuevodigitaldeescobar.com.ar\/?p=11259"},"author":{"name":"Redacci\u00f3n","@id":"https:\/\/nuevodigitaldeescobar.com.ar\/#\/schema\/person\/035e90a8efe9a80e6eec22656ad6ea4c"},"headline":"Impactante choque tras persecuci\u00f3n policial en Quilmes: dos oficiales fallecidos y delincuentes pr\u00f3fugos","datePublished":"2025-01-13T15:12:44+00:00","dateModified":"2025-01-13T15:28:16+00:00","mainEntityOfPage":{"@id":"https:\/\/nuevodigitaldeescobar.com.ar\/?p=11259"},"wordCount":460,"commentCount":0,"publisher":{"@id":"https:\/\/nuevodigitaldeescobar.com.ar\/#organization"},"image":{"@id":"https:\/\/nuevodigitaldeescobar.com.ar\/?p=11259#primaryimage"},"thumbnailUrl":"https:\/\/nuevodigitaldeescobar.com.ar\/wp-content\/uploads\/2025\/01\/quilmescho1234.png","articleSection":["Policiales"],"inLanguage":"es","potentialAction":[{"@type":"CommentAction","name":"Comment","target":["https:\/\/nuevodigitaldeescobar.com.ar\/?p=11259#respond"]}]},{"@type":"WebPage","@id":"https:\/\/nuevodigitaldeescobar.com.ar\/?p=11259","url":"https:\/\/nuevodigitaldeescobar.com.ar\/?p=11259","name":"Impactante choque tras persecuci\u00f3n policial en Quilmes: dos oficiales fallecidos y delincuentes pr\u00f3fugos - Nuevo Digital de Escobar","isPartOf":{"@id":"https:\/\/nuevodigitaldeescobar.com.ar\/#website"},"primaryImageOfPage":{"@id":"https:\/\/nuevodigitaldeescobar.com.ar\/?p=11259#primaryimage"},"image":{"@id":"https:\/\/nuevodigitaldeescobar.com.ar\/?p=11259#primaryimage"},"thumbnailUrl":"https:\/\/nuevodigitaldeescobar.com.ar\/wp-content\/uploads\/2025\/01\/quilmescho1234.png","datePublished":"2025-01-13T15:12:44+00:00","dateModified":"2025-01-13T15:28:16+00:00","breadcrumb":{"@id":"https:\/\/nuevodigitaldeescobar.com.ar\/?p=11259#breadcrumb"},"inLanguage":"es","potentialAction":[{"@type":"ReadAction","target":["https:\/\/nuevodigitaldeescobar.com.ar\/?p=11259"]}]},{"@type":"ImageObject","inLanguage":"es","@id":"https:\/\/nuevodigitaldeescobar.com.ar\/?p=11259#primaryimage","url":"https:\/\/nuevodigitaldeescobar.com.ar\/wp-content\/uploads\/2025\/01\/quilmescho1234.png","contentUrl":"https:\/\/nuevodigitaldeescobar.com.ar\/wp-content\/uploads\/2025\/01\/quilmescho1234.png","width":992,"height":551},{"@type":"BreadcrumbList","@id":"https:\/\/nuevodigitaldeescobar.com.ar\/?p=11259#breadcrumb","itemListElement":[{"@type":"ListItem","position":1,"name":"Portada","item":"https:\/\/nuevodigitaldeescobar.com.ar\/"},{"@type":"ListItem","position":2,"name":"Impactante choque tras persecuci\u00f3n policial en Quilmes: dos oficiales fallecidos y delincuentes pr\u00f3fugos"}]},{"@type":"WebSite","@id":"https:\/\/nuevodigitaldeescobar.com.ar\/#website","url":"https:\/\/nuevodigitaldeescobar.com.ar\/","name":"Nuevo Digital de Escobar","description":"La vida escobarense. Directora: Rosana Brunner","publisher":{"@id":"https:\/\/nuevodigitaldeescobar.com.ar\/#organization"},"potentialAction":[{"@type":"SearchAction","target":{"@type":"EntryPoint","urlTemplate":"https:\/\/nuevodigitaldeescobar.com.ar\/?s={search_term_string}"},"query-input":{"@type":"PropertyValueSpecification","valueRequired":true,"valueName":"search_term_string"}}],"inLanguage":"es"},{"@type":"Organization","@id":"https:\/\/nuevodigitaldeescobar.com.ar\/#organization","name":"Nuevo Digital de Escobar","url":"https:\/\/nuevodigitaldeescobar.com.ar\/","logo":{"@type":"ImageObject","inLanguage":"es","@id":"https:\/\/nuevodigitaldeescobar.com.ar\/#\/schema\/logo\/image\/","url":"https:\/\/nuevodigitaldeescobar.com.ar\/wp-content\/uploads\/2025\/05\/cropped-logo-nuevo2.jpg","contentUrl":"https:\/\/nuevodigitaldeescobar.com.ar\/wp-content\/uploads\/2025\/05\/cropped-logo-nuevo2.jpg","width":305,"height":305,"caption":"Nuevo Digital de Escobar"},"image":{"@id":"https:\/\/nuevodigitaldeescobar.com.ar\/#\/schema\/logo\/image\/"},"sameAs":["https:\/\/www.facebook.com\/NUEVODigitalDeEscobar","https:\/\/x.com\/nuevodigescobar","https:\/\/www.instagram.com\/nuevodigitaldeescobar"]},{"@type":"Person","@id":"https:\/\/nuevodigitaldeescobar.com.ar\/#\/schema\/person\/035e90a8efe9a80e6eec22656ad6ea4c","name":"Redacci\u00f3n","image":{"@type":"ImageObject","inLanguage":"es","@id":"https:\/\/nuevodigitaldeescobar.com.ar\/#\/schema\/person\/image\/","url":"https:\/\/secure.gravatar.com\/avatar\/8af8f40000c24e9eef3034f2be5998a372bb1389e64b1a4a36b3a7979142220d?s=96&d=mm&r=g","contentUrl":"https:\/\/secure.gravatar.com\/avatar\/8af8f40000c24e9eef3034f2be5998a372bb1389e64b1a4a36b3a7979142220d?s=96&d=mm&r=g","caption":"Redacci\u00f3n"},"sameAs":["http:\/\/nuevodigitaldeescobar.com.ar"],"url":"https:\/\/nuevodigitaldeescobar.com.ar\/?author=1"}]}},"featured_image_urls":{"full":["https:\/\/nuevodigitaldeescobar.com.ar\/wp-content\/uploads\/2025\/01\/quilmescho1234.png",992,551,false],"thumbnail":["https:\/\/nuevodigitaldeescobar.com.ar\/wp-content\/uploads\/2025\/01\/quilmescho1234-150x150.png",150,150,true],"medium":["https:\/\/nuevodigitaldeescobar.com.ar\/wp-content\/uploads\/2025\/01\/quilmescho1234-300x167.png",300,167,true],"medium_large":["https:\/\/nuevodigitaldeescobar.com.ar\/wp-content\/uploads\/2025\/01\/quilmescho1234-768x427.png",640,356,true],"large":["https:\/\/nuevodigitaldeescobar.com.ar\/wp-content\/uploads\/2025\/01\/quilmescho1234.png",640,355,false],"1536x1536":["https:\/\/nuevodigitaldeescobar.com.ar\/wp-content\/uploads\/2025\/01\/quilmescho1234.png",992,551,false],"2048x2048":["https:\/\/nuevodigitaldeescobar.com.ar\/wp-content\/uploads\/2025\/01\/quilmescho1234.png",992,551,false]},"author_info":{"display_name":"Redacci\u00f3n","author_link":"https:\/\/nuevodigitaldeescobar.com.ar\/?author=1"},"category_info":"<a href=\"https:\/\/nuevodigitaldeescobar.com.ar\/?cat=13\" rel=\"category\">Policiales<\/a>","tag_info":"Policiales","comment_count":"0","_links":{"self":[{"href":"https:\/\/nuevodigitaldeescobar.com.ar\/index.php?rest_route=\/wp\/v2\/posts\/11259","targetHints":{"allow":["GET"]}}],"collection":[{"href":"https:\/\/nuevodigitaldeescobar.com.ar\/index.php?rest_route=\/wp\/v2\/posts"}],"about":[{"href":"https:\/\/nuevodigitaldeescobar.com.ar\/index.php?rest_route=\/wp\/v2\/types\/post"}],"author":[{"embeddable":true,"href":"https:\/\/nuevodigitaldeescobar.com.ar\/index.php?rest_route=\/wp\/v2\/users\/1"}],"replies":[{"embeddable":true,"href":"https:\/\/nuevodigitaldeescobar.com.ar\/index.php?rest_route=%2Fwp%2Fv2%2Fcomments&post=11259"}],"version-history":[{"count":1,"href":"https:\/\/nuevodigitaldeescobar.com.ar\/index.php?rest_route=\/wp\/v2\/posts\/11259\/revisions"}],"predecessor-version":[{"id":11262,"href":"https:\/\/nuevodigitaldeescobar.com.ar\/index.php?rest_route=\/wp\/v2\/posts\/11259\/revisions\/11262"}],"wp:featuredmedia":[{"embeddable":true,"href":"https:\/\/nuevodigitaldeescobar.com.ar\/index.php?rest_route=\/wp\/v2\/media\/11261"}],"wp:attachment":[{"href":"https:\/\/nuevodigitaldeescobar.com.ar\/index.php?rest_route=%2Fwp%2Fv2%2Fmedia&parent=11259"}],"wp:term":[{"taxonomy":"category","embeddable":true,"href":"https:\/\/nuevodigitaldeescobar.com.ar\/index.php?rest_route=%2Fwp%2Fv2%2Fcategories&post=11259"},{"taxonomy":"post_tag","embeddable":true,"href":"https:\/\/nuevodigitaldeescobar.com.ar\/index.php?rest_route=%2Fwp%2Fv2%2Ftags&post=11259"}],"curies":[{"name":"wp","href":"https:\/\/api.w.org\/{rel}","templated":true}]}}