{"id":11338,"date":"2025-01-15T12:55:54","date_gmt":"2025-01-15T15:55:54","guid":{"rendered":"https:\/\/nuevodigitaldeescobar.com.ar\/?p=11338"},"modified":"2025-01-15T12:55:58","modified_gmt":"2025-01-15T15:55:58","slug":"pes-escobar-abren-las-inscripciones-para-la-oferta-academica-2025","status":"publish","type":"post","link":"https:\/\/nuevodigitaldeescobar.com.ar\/?p=11338","title":{"rendered":"PES Escobar: abren las inscripciones para la oferta acad\u00e9mica 2025"},"content":{"rendered":"\n<p>El Polo de Educaci\u00f3n Superior (PES) de Escobar abri\u00f3 las inscripciones para la oferta acad\u00e9mica 2025, que incluye una variedad de tecnicaturas, ciclos complementarios de licenciaturas y cursos gratuitos y arancelados que se dictan de manera presencial en el predio de Ingeniero Maschwitz (Sucre 1550) y tambi\u00e9n bajo modalidad virtual. <\/p>\n\n\n\n<!--more-->\n\n\n\n<p>Las preinscripciones y los correspondientes requisitos de cada propuesta est\u00e1n disponibles en www.escobar360.gob.ar, ingresando a la solapa \u201cInscripciones PES\u201d.<\/p>\n\n\n\n<p>Entre las propuestas no aranceladas, el Ciclo B\u00e1sico Com\u00fan (CBC) de la UBA abrir\u00e1 la inscripci\u00f3n del 3 al 17 de febrero para cursar durante el primer cuatrimestre . Tambi\u00e9n est\u00e1 habilitada la inscripci\u00f3n para el Ciclo de Complementaci\u00f3n Curricular de la Licenciatura en Enfermer\u00eda de la Facultad de Ciencias M\u00e9dicas de la UBA. Este ciclo, que comienza en marzo con inscripci\u00f3n desde el 10 febrero al 14 de marzo, tiene una duraci\u00f3n de dos a\u00f1os. &nbsp;A su vez, del 12 al 24 de febrero, abrir\u00e1 la inscripci\u00f3n a las materias de UBA XXI.<\/p>\n\n\n\n<p>Adem\u00e1s, las personas interesadas se podr\u00e1n anotar en las siguientes tecnicaturas de la Facultad de Agronom\u00eda de la UBA: Tecnicatura Universitaria en Jardiner\u00eda, Tecnicatura Universitaria en Producci\u00f3n Vegetal Org\u00e1nica y Tecnicatura Universitaria en Florihorticultura. Quienes deseen ingresar a estas carreras deben inscribirse del 17 al 21 de febrero y haber aprobado previamente las siguientes materias del Ciclo B\u00e1sico Com\u00fan (CBC): Trabajo y Sociedad, Biolog\u00eda y Qu\u00edmica. Para completar la inscripci\u00f3n, es necesario presentar un formulario firmado (descargable en www.agro.uba.ar\/ingresantes) junto con la documentaci\u00f3n requerida. Los estudiantes del PES podr\u00e1n entregar la documentaci\u00f3n all\u00ed, en las oficinas de la FAUBA, del 10 al 21 de febrero. Para consultas, se puede enviar un correo electr\u00f3nico a delegacionesescobar@agro.uba.ar.<\/p>\n\n\n\n<p>Entre las propuestas aranceladas, ya se encuentra abierta la preinscripci\u00f3n para los siguientes cursos en <a href=\"http:\/\/www.escobar360.gob.ar:\" target=\"_blank\" rel=\"noreferrer noopener\">www.escobar360.gob.ar:<\/a><\/p>\n\n\n\n<p>Curso de Preparador F\u00edsico Deportivo (CEDAR): comienza en marzo, tiene una duraci\u00f3n de dos cuatrimestres (marzo a noviembre) y se dicta los jueves de 18 a 21 horas.<\/p>\n\n\n\n<p>Curso de Asistente de Adultos Mayores especializado en Trastornos Neurocognitivos: inicia en marzo, con una duraci\u00f3n de cinco meses. Cuenta con clases virtuales sincr\u00f3nicas los martes de 18:30 a 21 horas y encuentros presenciales un s\u00e1bado al mes.<\/p>\n\n\n\n<p>Curso de Asistente Gerontol\u00f3gico: comienza en marzo, dura cinco meses y se dicta los mi\u00e9rcoles de 13 a 16 horas.<\/p>\n\n\n\n<p>Curso de Acompa\u00f1ante Terap\u00e9utico: tambi\u00e9n inicia en marzo, con una duraci\u00f3n de 1 cuatrimestre, y se dicta los jueves de 18:30 a 21:30 horas. Para este curso, es necesario aprobar un examen de ingreso.<\/p>\n\n\n\n<p>Ciclo Complementario para Licenciatura en Educaci\u00f3n F\u00edsica: con inicio a confirmar, tiene una duraci\u00f3n de 2 a\u00f1os y medio, con clases virtuales y encuentros presenciales cada 15 d\u00edas.<\/p>\n","protected":false},"excerpt":{"rendered":"<p>El Polo de Educaci\u00f3n Superior (PES) de Escobar abri\u00f3 las inscripciones para la oferta acad\u00e9mica 2025, que incluye una variedad de tecnicaturas, ciclos complementarios de [&hellip;]<\/p>\n","protected":false},"author":1,"featured_media":11339,"comment_status":"open","ping_status":"open","sticky":false,"template":"","format":"standard","meta":{"footnotes":""},"categories":[4],"tags":[],"class_list":["post-11338","post","type-post","status-publish","format-standard","has-post-thumbnail","hentry","category-educacion"],"better_featured_image":{"id":11339,"alt_text":"","caption":"","description":"","media_type":"image","media_details":{"width":800,"height":450,"file":"2025\/01\/pes_aula.jpeg","filesize":61661,"sizes":{"medium":{"file":"pes_aula-300x169.jpeg","width":300,"height":169,"mime-type":"image\/jpeg","filesize":13035,"source_url":"https:\/\/nuevodigitaldeescobar.com.ar\/wp-content\/uploads\/2025\/01\/pes_aula-300x169.jpeg"},"thumbnail":{"file":"pes_aula-150x150.jpeg","width":150,"height":150,"mime-type":"image\/jpeg","filesize":6462,"source_url":"https:\/\/nuevodigitaldeescobar.com.ar\/wp-content\/uploads\/2025\/01\/pes_aula-150x150.jpeg"},"medium_large":{"file":"pes_aula-768x432.jpeg","width":768,"height":432,"mime-type":"image\/jpeg","filesize":54815,"source_url":"https:\/\/nuevodigitaldeescobar.com.ar\/wp-content\/uploads\/2025\/01\/pes_aula-768x432.jpeg"}},"image_meta":{"aperture":"0","credit":"","camera":"","caption":"","created_timestamp":"0","copyright":"","focal_length":"0","iso":"0","shutter_speed":"0","title":"","orientation":"0","keywords":[]}},"post":11338,"source_url":"https:\/\/nuevodigitaldeescobar.com.ar\/wp-content\/uploads\/2025\/01\/pes_aula.jpeg"},"yoast_head":"<!-- This site is optimized with the Yoast SEO plugin v26.1.1 - https:\/\/yoast.com\/wordpress\/plugins\/seo\/ -->\n<title>PES Escobar: abren las inscripciones para la oferta acad\u00e9mica 2025 - Nuevo Digital de Escobar<\/title>\n<meta name=\"robots\" content=\"index, follow, max-snippet:-1, max-image-preview:large, max-video-preview:-1\" \/>\n<link rel=\"canonical\" href=\"https:\/\/nuevodigitaldeescobar.com.ar\/?p=11338\" \/>\n<meta property=\"og:locale\" content=\"es_ES\" \/>\n<meta property=\"og:type\" content=\"article\" \/>\n<meta property=\"og:title\" content=\"PES Escobar: abren las inscripciones para la oferta acad\u00e9mica 2025 - Nuevo Digital de Escobar\" \/>\n<meta property=\"og:description\" content=\"El Polo de Educaci\u00f3n Superior (PES) de Escobar abri\u00f3 las inscripciones para la oferta acad\u00e9mica 2025, que incluye una variedad de tecnicaturas, ciclos complementarios de [&hellip;]\" \/>\n<meta property=\"og:url\" content=\"https:\/\/nuevodigitaldeescobar.com.ar\/?p=11338\" \/>\n<meta property=\"og:site_name\" content=\"Nuevo Digital de Escobar\" \/>\n<meta property=\"article:publisher\" content=\"https:\/\/www.facebook.com\/NUEVODigitalDeEscobar\" \/>\n<meta property=\"article:published_time\" content=\"2025-01-15T15:55:54+00:00\" \/>\n<meta property=\"article:modified_time\" content=\"2025-01-15T15:55:58+00:00\" \/>\n<meta property=\"og:image\" content=\"https:\/\/nuevodigitaldeescobar.com.ar\/wp-content\/uploads\/2025\/01\/pes_aula.jpeg\" \/>\n\t<meta property=\"og:image:width\" content=\"800\" \/>\n\t<meta property=\"og:image:height\" content=\"450\" \/>\n\t<meta property=\"og:image:type\" content=\"image\/jpeg\" \/>\n<meta name=\"author\" content=\"Redacci\u00f3n\" \/>\n<meta name=\"twitter:card\" content=\"summary_large_image\" \/>\n<meta name=\"twitter:creator\" content=\"@nuevodigescobar\" \/>\n<meta name=\"twitter:site\" content=\"@nuevodigescobar\" \/>\n<meta name=\"twitter:label1\" content=\"Escrito por\" \/>\n\t<meta name=\"twitter:data1\" content=\"Redacci\u00f3n\" \/>\n\t<meta name=\"twitter:label2\" content=\"Tiempo de lectura\" \/>\n\t<meta name=\"twitter:data2\" content=\"2 minutos\" \/>\n<script type=\"application\/ld+json\" class=\"yoast-schema-graph\">{\"@context\":\"https:\/\/schema.org\",\"@graph\":[{\"@type\":\"Article\",\"@id\":\"https:\/\/nuevodigitaldeescobar.com.ar\/?p=11338#article\",\"isPartOf\":{\"@id\":\"https:\/\/nuevodigitaldeescobar.com.ar\/?p=11338\"},\"author\":{\"name\":\"Redacci\u00f3n\",\"@id\":\"https:\/\/nuevodigitaldeescobar.com.ar\/#\/schema\/person\/035e90a8efe9a80e6eec22656ad6ea4c\"},\"headline\":\"PES Escobar: abren las inscripciones para la oferta acad\u00e9mica 2025\",\"datePublished\":\"2025-01-15T15:55:54+00:00\",\"dateModified\":\"2025-01-15T15:55:58+00:00\",\"mainEntityOfPage\":{\"@id\":\"https:\/\/nuevodigitaldeescobar.com.ar\/?p=11338\"},\"wordCount\":490,\"commentCount\":0,\"publisher\":{\"@id\":\"https:\/\/nuevodigitaldeescobar.com.ar\/#organization\"},\"image\":{\"@id\":\"https:\/\/nuevodigitaldeescobar.com.ar\/?p=11338#primaryimage\"},\"thumbnailUrl\":\"https:\/\/nuevodigitaldeescobar.com.ar\/wp-content\/uploads\/2025\/01\/pes_aula.jpeg\",\"articleSection\":[\"Educaci\u00f3n\"],\"inLanguage\":\"es\",\"potentialAction\":[{\"@type\":\"CommentAction\",\"name\":\"Comment\",\"target\":[\"https:\/\/nuevodigitaldeescobar.com.ar\/?p=11338#respond\"]}]},{\"@type\":\"WebPage\",\"@id\":\"https:\/\/nuevodigitaldeescobar.com.ar\/?p=11338\",\"url\":\"https:\/\/nuevodigitaldeescobar.com.ar\/?p=11338\",\"name\":\"PES Escobar: abren las inscripciones para la oferta acad\u00e9mica 2025 - Nuevo Digital de Escobar\",\"isPartOf\":{\"@id\":\"https:\/\/nuevodigitaldeescobar.com.ar\/#website\"},\"primaryImageOfPage\":{\"@id\":\"https:\/\/nuevodigitaldeescobar.com.ar\/?p=11338#primaryimage\"},\"image\":{\"@id\":\"https:\/\/nuevodigitaldeescobar.com.ar\/?p=11338#primaryimage\"},\"thumbnailUrl\":\"https:\/\/nuevodigitaldeescobar.com.ar\/wp-content\/uploads\/2025\/01\/pes_aula.jpeg\",\"datePublished\":\"2025-01-15T15:55:54+00:00\",\"dateModified\":\"2025-01-15T15:55:58+00:00\",\"breadcrumb\":{\"@id\":\"https:\/\/nuevodigitaldeescobar.com.ar\/?p=11338#breadcrumb\"},\"inLanguage\":\"es\",\"potentialAction\":[{\"@type\":\"ReadAction\",\"target\":[\"https:\/\/nuevodigitaldeescobar.com.ar\/?p=11338\"]}]},{\"@type\":\"ImageObject\",\"inLanguage\":\"es\",\"@id\":\"https:\/\/nuevodigitaldeescobar.com.ar\/?p=11338#primaryimage\",\"url\":\"https:\/\/nuevodigitaldeescobar.com.ar\/wp-content\/uploads\/2025\/01\/pes_aula.jpeg\",\"contentUrl\":\"https:\/\/nuevodigitaldeescobar.com.ar\/wp-content\/uploads\/2025\/01\/pes_aula.jpeg\",\"width\":800,\"height\":450},{\"@type\":\"BreadcrumbList\",\"@id\":\"https:\/\/nuevodigitaldeescobar.com.ar\/?p=11338#breadcrumb\",\"itemListElement\":[{\"@type\":\"ListItem\",\"position\":1,\"name\":\"Portada\",\"item\":\"https:\/\/nuevodigitaldeescobar.com.ar\/\"},{\"@type\":\"ListItem\",\"position\":2,\"name\":\"PES Escobar: abren las inscripciones para la oferta acad\u00e9mica 2025\"}]},{\"@type\":\"WebSite\",\"@id\":\"https:\/\/nuevodigitaldeescobar.com.ar\/#website\",\"url\":\"https:\/\/nuevodigitaldeescobar.com.ar\/\",\"name\":\"Nuevo Digital de Escobar\",\"description\":\"La vida escobarense. Directora: Rosana Brunner\",\"publisher\":{\"@id\":\"https:\/\/nuevodigitaldeescobar.com.ar\/#organization\"},\"potentialAction\":[{\"@type\":\"SearchAction\",\"target\":{\"@type\":\"EntryPoint\",\"urlTemplate\":\"https:\/\/nuevodigitaldeescobar.com.ar\/?s={search_term_string}\"},\"query-input\":{\"@type\":\"PropertyValueSpecification\",\"valueRequired\":true,\"valueName\":\"search_term_string\"}}],\"inLanguage\":\"es\"},{\"@type\":\"Organization\",\"@id\":\"https:\/\/nuevodigitaldeescobar.com.ar\/#organization\",\"name\":\"Nuevo Digital de Escobar\",\"url\":\"https:\/\/nuevodigitaldeescobar.com.ar\/\",\"logo\":{\"@type\":\"ImageObject\",\"inLanguage\":\"es\",\"@id\":\"https:\/\/nuevodigitaldeescobar.com.ar\/#\/schema\/logo\/image\/\",\"url\":\"https:\/\/nuevodigitaldeescobar.com.ar\/wp-content\/uploads\/2025\/05\/cropped-logo-nuevo2.jpg\",\"contentUrl\":\"https:\/\/nuevodigitaldeescobar.com.ar\/wp-content\/uploads\/2025\/05\/cropped-logo-nuevo2.jpg\",\"width\":305,\"height\":305,\"caption\":\"Nuevo Digital de Escobar\"},\"image\":{\"@id\":\"https:\/\/nuevodigitaldeescobar.com.ar\/#\/schema\/logo\/image\/\"},\"sameAs\":[\"https:\/\/www.facebook.com\/NUEVODigitalDeEscobar\",\"https:\/\/x.com\/nuevodigescobar\",\"https:\/\/www.instagram.com\/nuevodigitaldeescobar\"]},{\"@type\":\"Person\",\"@id\":\"https:\/\/nuevodigitaldeescobar.com.ar\/#\/schema\/person\/035e90a8efe9a80e6eec22656ad6ea4c\",\"name\":\"Redacci\u00f3n\",\"image\":{\"@type\":\"ImageObject\",\"inLanguage\":\"es\",\"@id\":\"https:\/\/nuevodigitaldeescobar.com.ar\/#\/schema\/person\/image\/\",\"url\":\"https:\/\/secure.gravatar.com\/avatar\/8af8f40000c24e9eef3034f2be5998a372bb1389e64b1a4a36b3a7979142220d?s=96&d=mm&r=g\",\"contentUrl\":\"https:\/\/secure.gravatar.com\/avatar\/8af8f40000c24e9eef3034f2be5998a372bb1389e64b1a4a36b3a7979142220d?s=96&d=mm&r=g\",\"caption\":\"Redacci\u00f3n\"},\"sameAs\":[\"http:\/\/nuevodigitaldeescobar.com.ar\"],\"url\":\"https:\/\/nuevodigitaldeescobar.com.ar\/?author=1\"}]}<\/script>\n<!-- \/ Yoast SEO plugin. -->","yoast_head_json":{"title":"PES Escobar: abren las inscripciones para la oferta acad\u00e9mica 2025 - Nuevo Digital de Escobar","robots":{"index":"index","follow":"follow","max-snippet":"max-snippet:-1","max-image-preview":"max-image-preview:large","max-video-preview":"max-video-preview:-1"},"canonical":"https:\/\/nuevodigitaldeescobar.com.ar\/?p=11338","og_locale":"es_ES","og_type":"article","og_title":"PES Escobar: abren las inscripciones para la oferta acad\u00e9mica 2025 - Nuevo Digital de Escobar","og_description":"El Polo de Educaci\u00f3n Superior (PES) de Escobar abri\u00f3 las inscripciones para la oferta acad\u00e9mica 2025, que incluye una variedad de tecnicaturas, ciclos complementarios de [&hellip;]","og_url":"https:\/\/nuevodigitaldeescobar.com.ar\/?p=11338","og_site_name":"Nuevo Digital de Escobar","article_publisher":"https:\/\/www.facebook.com\/NUEVODigitalDeEscobar","article_published_time":"2025-01-15T15:55:54+00:00","article_modified_time":"2025-01-15T15:55:58+00:00","og_image":[{"width":800,"height":450,"url":"https:\/\/nuevodigitaldeescobar.com.ar\/wp-content\/uploads\/2025\/01\/pes_aula.jpeg","type":"image\/jpeg"}],"author":"Redacci\u00f3n","twitter_card":"summary_large_image","twitter_creator":"@nuevodigescobar","twitter_site":"@nuevodigescobar","twitter_misc":{"Escrito por":"Redacci\u00f3n","Tiempo de lectura":"2 minutos"},"schema":{"@context":"https:\/\/schema.org","@graph":[{"@type":"Article","@id":"https:\/\/nuevodigitaldeescobar.com.ar\/?p=11338#article","isPartOf":{"@id":"https:\/\/nuevodigitaldeescobar.com.ar\/?p=11338"},"author":{"name":"Redacci\u00f3n","@id":"https:\/\/nuevodigitaldeescobar.com.ar\/#\/schema\/person\/035e90a8efe9a80e6eec22656ad6ea4c"},"headline":"PES Escobar: abren las inscripciones para la oferta acad\u00e9mica 2025","datePublished":"2025-01-15T15:55:54+00:00","dateModified":"2025-01-15T15:55:58+00:00","mainEntityOfPage":{"@id":"https:\/\/nuevodigitaldeescobar.com.ar\/?p=11338"},"wordCount":490,"commentCount":0,"publisher":{"@id":"https:\/\/nuevodigitaldeescobar.com.ar\/#organization"},"image":{"@id":"https:\/\/nuevodigitaldeescobar.com.ar\/?p=11338#primaryimage"},"thumbnailUrl":"https:\/\/nuevodigitaldeescobar.com.ar\/wp-content\/uploads\/2025\/01\/pes_aula.jpeg","articleSection":["Educaci\u00f3n"],"inLanguage":"es","potentialAction":[{"@type":"CommentAction","name":"Comment","target":["https:\/\/nuevodigitaldeescobar.com.ar\/?p=11338#respond"]}]},{"@type":"WebPage","@id":"https:\/\/nuevodigitaldeescobar.com.ar\/?p=11338","url":"https:\/\/nuevodigitaldeescobar.com.ar\/?p=11338","name":"PES Escobar: abren las inscripciones para la oferta acad\u00e9mica 2025 - Nuevo Digital de Escobar","isPartOf":{"@id":"https:\/\/nuevodigitaldeescobar.com.ar\/#website"},"primaryImageOfPage":{"@id":"https:\/\/nuevodigitaldeescobar.com.ar\/?p=11338#primaryimage"},"image":{"@id":"https:\/\/nuevodigitaldeescobar.com.ar\/?p=11338#primaryimage"},"thumbnailUrl":"https:\/\/nuevodigitaldeescobar.com.ar\/wp-content\/uploads\/2025\/01\/pes_aula.jpeg","datePublished":"2025-01-15T15:55:54+00:00","dateModified":"2025-01-15T15:55:58+00:00","breadcrumb":{"@id":"https:\/\/nuevodigitaldeescobar.com.ar\/?p=11338#breadcrumb"},"inLanguage":"es","potentialAction":[{"@type":"ReadAction","target":["https:\/\/nuevodigitaldeescobar.com.ar\/?p=11338"]}]},{"@type":"ImageObject","inLanguage":"es","@id":"https:\/\/nuevodigitaldeescobar.com.ar\/?p=11338#primaryimage","url":"https:\/\/nuevodigitaldeescobar.com.ar\/wp-content\/uploads\/2025\/01\/pes_aula.jpeg","contentUrl":"https:\/\/nuevodigitaldeescobar.com.ar\/wp-content\/uploads\/2025\/01\/pes_aula.jpeg","width":800,"height":450},{"@type":"BreadcrumbList","@id":"https:\/\/nuevodigitaldeescobar.com.ar\/?p=11338#breadcrumb","itemListElement":[{"@type":"ListItem","position":1,"name":"Portada","item":"https:\/\/nuevodigitaldeescobar.com.ar\/"},{"@type":"ListItem","position":2,"name":"PES Escobar: abren las inscripciones para la oferta acad\u00e9mica 2025"}]},{"@type":"WebSite","@id":"https:\/\/nuevodigitaldeescobar.com.ar\/#website","url":"https:\/\/nuevodigitaldeescobar.com.ar\/","name":"Nuevo Digital de Escobar","description":"La vida escobarense. Directora: Rosana Brunner","publisher":{"@id":"https:\/\/nuevodigitaldeescobar.com.ar\/#organization"},"potentialAction":[{"@type":"SearchAction","target":{"@type":"EntryPoint","urlTemplate":"https:\/\/nuevodigitaldeescobar.com.ar\/?s={search_term_string}"},"query-input":{"@type":"PropertyValueSpecification","valueRequired":true,"valueName":"search_term_string"}}],"inLanguage":"es"},{"@type":"Organization","@id":"https:\/\/nuevodigitaldeescobar.com.ar\/#organization","name":"Nuevo Digital de Escobar","url":"https:\/\/nuevodigitaldeescobar.com.ar\/","logo":{"@type":"ImageObject","inLanguage":"es","@id":"https:\/\/nuevodigitaldeescobar.com.ar\/#\/schema\/logo\/image\/","url":"https:\/\/nuevodigitaldeescobar.com.ar\/wp-content\/uploads\/2025\/05\/cropped-logo-nuevo2.jpg","contentUrl":"https:\/\/nuevodigitaldeescobar.com.ar\/wp-content\/uploads\/2025\/05\/cropped-logo-nuevo2.jpg","width":305,"height":305,"caption":"Nuevo Digital de Escobar"},"image":{"@id":"https:\/\/nuevodigitaldeescobar.com.ar\/#\/schema\/logo\/image\/"},"sameAs":["https:\/\/www.facebook.com\/NUEVODigitalDeEscobar","https:\/\/x.com\/nuevodigescobar","https:\/\/www.instagram.com\/nuevodigitaldeescobar"]},{"@type":"Person","@id":"https:\/\/nuevodigitaldeescobar.com.ar\/#\/schema\/person\/035e90a8efe9a80e6eec22656ad6ea4c","name":"Redacci\u00f3n","image":{"@type":"ImageObject","inLanguage":"es","@id":"https:\/\/nuevodigitaldeescobar.com.ar\/#\/schema\/person\/image\/","url":"https:\/\/secure.gravatar.com\/avatar\/8af8f40000c24e9eef3034f2be5998a372bb1389e64b1a4a36b3a7979142220d?s=96&d=mm&r=g","contentUrl":"https:\/\/secure.gravatar.com\/avatar\/8af8f40000c24e9eef3034f2be5998a372bb1389e64b1a4a36b3a7979142220d?s=96&d=mm&r=g","caption":"Redacci\u00f3n"},"sameAs":["http:\/\/nuevodigitaldeescobar.com.ar"],"url":"https:\/\/nuevodigitaldeescobar.com.ar\/?author=1"}]}},"featured_image_urls":{"full":["https:\/\/nuevodigitaldeescobar.com.ar\/wp-content\/uploads\/2025\/01\/pes_aula.jpeg",800,450,false],"thumbnail":["https:\/\/nuevodigitaldeescobar.com.ar\/wp-content\/uploads\/2025\/01\/pes_aula-150x150.jpeg",150,150,true],"medium":["https:\/\/nuevodigitaldeescobar.com.ar\/wp-content\/uploads\/2025\/01\/pes_aula-300x169.jpeg",300,169,true],"medium_large":["https:\/\/nuevodigitaldeescobar.com.ar\/wp-content\/uploads\/2025\/01\/pes_aula-768x432.jpeg",640,360,true],"large":["https:\/\/nuevodigitaldeescobar.com.ar\/wp-content\/uploads\/2025\/01\/pes_aula.jpeg",640,360,false],"1536x1536":["https:\/\/nuevodigitaldeescobar.com.ar\/wp-content\/uploads\/2025\/01\/pes_aula.jpeg",800,450,false],"2048x2048":["https:\/\/nuevodigitaldeescobar.com.ar\/wp-content\/uploads\/2025\/01\/pes_aula.jpeg",800,450,false]},"author_info":{"display_name":"Redacci\u00f3n","author_link":"https:\/\/nuevodigitaldeescobar.com.ar\/?author=1"},"category_info":"<a href=\"https:\/\/nuevodigitaldeescobar.com.ar\/?cat=4\" rel=\"category\">Educaci\u00f3n<\/a>","tag_info":"Educaci\u00f3n","comment_count":"0","_links":{"self":[{"href":"https:\/\/nuevodigitaldeescobar.com.ar\/index.php?rest_route=\/wp\/v2\/posts\/11338","targetHints":{"allow":["GET"]}}],"collection":[{"href":"https:\/\/nuevodigitaldeescobar.com.ar\/index.php?rest_route=\/wp\/v2\/posts"}],"about":[{"href":"https:\/\/nuevodigitaldeescobar.com.ar\/index.php?rest_route=\/wp\/v2\/types\/post"}],"author":[{"embeddable":true,"href":"https:\/\/nuevodigitaldeescobar.com.ar\/index.php?rest_route=\/wp\/v2\/users\/1"}],"replies":[{"embeddable":true,"href":"https:\/\/nuevodigitaldeescobar.com.ar\/index.php?rest_route=%2Fwp%2Fv2%2Fcomments&post=11338"}],"version-history":[{"count":1,"href":"https:\/\/nuevodigitaldeescobar.com.ar\/index.php?rest_route=\/wp\/v2\/posts\/11338\/revisions"}],"predecessor-version":[{"id":11340,"href":"https:\/\/nuevodigitaldeescobar.com.ar\/index.php?rest_route=\/wp\/v2\/posts\/11338\/revisions\/11340"}],"wp:featuredmedia":[{"embeddable":true,"href":"https:\/\/nuevodigitaldeescobar.com.ar\/index.php?rest_route=\/wp\/v2\/media\/11339"}],"wp:attachment":[{"href":"https:\/\/nuevodigitaldeescobar.com.ar\/index.php?rest_route=%2Fwp%2Fv2%2Fmedia&parent=11338"}],"wp:term":[{"taxonomy":"category","embeddable":true,"href":"https:\/\/nuevodigitaldeescobar.com.ar\/index.php?rest_route=%2Fwp%2Fv2%2Fcategories&post=11338"},{"taxonomy":"post_tag","embeddable":true,"href":"https:\/\/nuevodigitaldeescobar.com.ar\/index.php?rest_route=%2Fwp%2Fv2%2Ftags&post=11338"}],"curies":[{"name":"wp","href":"https:\/\/api.w.org\/{rel}","templated":true}]}}