{"id":11345,"date":"2025-01-15T13:42:06","date_gmt":"2025-01-15T16:42:06","guid":{"rendered":"https:\/\/nuevodigitaldeescobar.com.ar\/?p=11345"},"modified":"2025-01-15T13:42:38","modified_gmt":"2025-01-15T16:42:38","slug":"paro-de-colectivos-mas-de-100-lineas-en-el-conurbano-bonaerense-sin-servicio-este-jueves-por-falta-de-subsidios","status":"publish","type":"post","link":"https:\/\/nuevodigitaldeescobar.com.ar\/?p=11345","title":{"rendered":"Paro de colectivos: m\u00e1s de 100 l\u00edneas en el Conurbano bonaerense sin servicio este jueves por falta de subsidios"},"content":{"rendered":"\n<p class=\"has-vivid-cyan-blue-color has-text-color has-link-color wp-elements-6d7f0cbbdaf1b817dd6233f2c98ded89\"><em><strong>Las tres c\u00e1maras empresarias que agrupan al transporte de pasajeros en la provincia de Buenos Aires anunciaron un paro de actividades para este jueves 16 de enero, afectando a m\u00e1s de 100 l\u00edneas de colectivos provinciales y municipales. La medida, que se extender\u00e1 por 24 horas, se debe a un reclamo por la falta de pago de subsidios por un monto que asciende a 39 mil millones de pesos.<\/strong><\/em><\/p>\n\n\n\n<!--more-->\n\n\n\n<p>En un comunicado conjunto, la C\u00e1mara Empresaria del Autotransporte de Pasajeros (CEAP), la C\u00e1mara del Transporte de la Provincia de Buenos Aires (CTPBA) y la C\u00e1mara de Empresarios Unidos del Transporte Urbano de Pasajeros de Buenos Aires (CEUTUPBA) advirtieron: <em>\u00abLa provincia de Buenos Aires quedar\u00e1 paralizada por la falta de colectivos. Miles de personas deber\u00e1n buscar alternativas para llegar a sus destinos\u00bb<\/em>.<\/p>\n\n\n\n<h3 class=\"wp-block-heading has-text-color has-link-color wp-elements-661be23ca74f94f50c822c06a4eb608f\" style=\"color:#131a98\"><em>L\u00edneas afectadas y motivos del conflicto<\/em><\/h3>\n\n\n\n<p>El paro incluye exclusivamente a l\u00edneas que operan dentro del territorio bonaerense, sin ingresar a la Ciudad Aut\u00f3noma de Buenos Aires. Seg\u00fan las empresas, la administraci\u00f3n nacional transfiri\u00f3 los fondos a la provincia la semana pasada, pero las autoridades bonaerenses a\u00fan no completaron el pago a las compa\u00f1\u00edas. Adem\u00e1s, las c\u00e1maras denuncian una deuda remanente de septiembre que tampoco fue saldada.<\/p>\n\n\n\n<p>Desde la gobernaci\u00f3n provincial, por su parte, desmienten que Naci\u00f3n haya realizado el env\u00edo de fondos y aseguran que el retraso obedece a cuestiones administrativas internas. Fuentes oficiales se\u00f1alaron que el proceso de pago est\u00e1 en marcha y que los fondos podr\u00edan acreditarse en las pr\u00f3ximas horas, lo que abrir\u00eda la posibilidad de desactivar la medida.<\/p>\n\n\n\n<h3 class=\"wp-block-heading has-text-color has-link-color wp-elements-f5ac590e7ac935c47585d0343cef6979\" style=\"color:#131a98\"><em>Impacto en el servicio y antecedentes<\/em><\/h3>\n\n\n\n<p>Esta no es la primera vez que los pasajeros enfrentan inconvenientes por conflictos econ\u00f3micos en el sector. A principios de enero, 10 l\u00edneas de la empresa Transporte Ideal San Justo interrumpieron sus servicios debido a retrasos en el pago de salarios y aguinaldos.<\/p>\n\n\n\n<p>Desde las c\u00e1maras empresarias advierten que el congelamiento de tarifas desde agosto, combinado con la falta de ajustes en los subsidios, ha llevado a una crisis financiera sin precedentes. Seg\u00fan afirman, la situaci\u00f3n compromete no solo el pago de salarios, sino tambi\u00e9n la compra de combustible y el mantenimiento de las unidades.<\/p>\n\n\n\n<h3 class=\"wp-block-heading has-text-color has-link-color wp-elements-4ac6a85986ee605e1a45f8cb84d35088\" style=\"color:#131a98\"><em>Reclamos salariales y medidas pendientes<\/em><\/h3>\n\n\n\n<p>Las dificultades para abonar el Sueldo Anual Complementario (SAC) en diciembre obligaron a las empresas a proponer el pago en cuotas, una soluci\u00f3n que logr\u00f3 evitar mayores conflictos pero que sigue generando tensiones en el sector.<\/p>\n\n\n\n<p>En una carta dirigida al secretario de Transporte, Franco Mogetta, las c\u00e1maras empresarias solicitaron una reuni\u00f3n urgente para discutir la actualizaci\u00f3n de costos operativos y salariales. <em>\u00abNunca antes se hab\u00eda llegado a un punto en el que un acuerdo salarial homologado no estuviera acompa\u00f1ado de los ajustes necesarios\u00bb<\/em>, remarcaron.<\/p>\n\n\n\n<h3 class=\"wp-block-heading has-text-color has-link-color wp-elements-c6136a950c80ba814968c65e2cab228e\" style=\"color:#131a98\"><em>Posibles resoluciones<\/em><\/h3>\n\n\n\n<p>Aunque el panorama es incierto, fuentes provinciales afirmaron que el dinero podr\u00eda depositarse en las pr\u00f3ximas horas, gracias a la firma de una adenda que hab\u00eda demorado el proceso administrativo. De concretarse, el paro podr\u00eda quedar sin efecto antes de finalizar el jueves.<\/p>\n\n\n\n<p>En tanto, miles de usuarios del transporte p\u00fablico deber\u00e1n buscar alternativas para trasladarse en un d\u00eda que promete ser complicado en el Conurbano bonaerense.<\/p>\n","protected":false},"excerpt":{"rendered":"<p>Las tres c\u00e1maras empresarias que agrupan al transporte de pasajeros en la provincia de Buenos Aires anunciaron un paro de actividades para este jueves 16 [&hellip;]<\/p>\n","protected":false},"author":1,"featured_media":6992,"comment_status":"open","ping_status":"open","sticky":false,"template":"","format":"standard","meta":{"footnotes":""},"categories":[7],"tags":[],"class_list":["post-11345","post","type-post","status-publish","format-standard","has-post-thumbnail","hentry","category-interes-general"],"better_featured_image":{"id":6992,"alt_text":"","caption":"","description":"","media_type":"image","media_details":{"width":720,"height":462,"file":"2024\/07\/colectivo-transporte-e1721864258782.jpg","filesize":151659,"sizes":{"medium":{"file":"colectivo-transporte-300x193.jpg","width":300,"height":193,"mime-type":"image\/jpeg","filesize":13438,"source_url":"https:\/\/nuevodigitaldeescobar.com.ar\/wp-content\/uploads\/2024\/07\/colectivo-transporte-300x193.jpg"},"large":{"file":"colectivo-transporte-1024x657.jpg","width":1024,"height":657,"mime-type":"image\/jpeg","filesize":90191,"source_url":"https:\/\/nuevodigitaldeescobar.com.ar\/wp-content\/uploads\/2024\/07\/colectivo-transporte-1024x657.jpg"},"thumbnail":{"file":"colectivo-transporte-150x150.jpg","width":150,"height":150,"mime-type":"image\/jpeg","filesize":6621,"source_url":"https:\/\/nuevodigitaldeescobar.com.ar\/wp-content\/uploads\/2024\/07\/colectivo-transporte-150x150.jpg"},"medium_large":{"file":"colectivo-transporte-768x493.jpg","width":768,"height":493,"mime-type":"image\/jpeg","filesize":57941,"source_url":"https:\/\/nuevodigitaldeescobar.com.ar\/wp-content\/uploads\/2024\/07\/colectivo-transporte-768x493.jpg"}},"image_meta":{"aperture":"0","credit":"","camera":"","caption":"","created_timestamp":"0","copyright":"","focal_length":"0","iso":"0","shutter_speed":"0","title":"","orientation":"0","keywords":[]}},"post":6991,"source_url":"https:\/\/nuevodigitaldeescobar.com.ar\/wp-content\/uploads\/2024\/07\/colectivo-transporte-e1721864258782.jpg"},"yoast_head":"<!-- This site is optimized with the Yoast SEO plugin v26.1.1 - https:\/\/yoast.com\/wordpress\/plugins\/seo\/ -->\n<title>Paro de colectivos: m\u00e1s de 100 l\u00edneas en el Conurbano bonaerense sin servicio este jueves por falta de subsidios - Nuevo Digital de Escobar<\/title>\n<meta name=\"robots\" content=\"index, follow, max-snippet:-1, max-image-preview:large, max-video-preview:-1\" \/>\n<link rel=\"canonical\" href=\"https:\/\/nuevodigitaldeescobar.com.ar\/?p=11345\" \/>\n<meta property=\"og:locale\" content=\"es_ES\" \/>\n<meta property=\"og:type\" content=\"article\" \/>\n<meta property=\"og:title\" content=\"Paro de colectivos: m\u00e1s de 100 l\u00edneas en el Conurbano bonaerense sin servicio este jueves por falta de subsidios - Nuevo Digital de Escobar\" \/>\n<meta property=\"og:description\" content=\"Las tres c\u00e1maras empresarias que agrupan al transporte de pasajeros en la provincia de Buenos Aires anunciaron un paro de actividades para este jueves 16 [&hellip;]\" \/>\n<meta property=\"og:url\" content=\"https:\/\/nuevodigitaldeescobar.com.ar\/?p=11345\" \/>\n<meta property=\"og:site_name\" content=\"Nuevo Digital de Escobar\" \/>\n<meta property=\"article:publisher\" content=\"https:\/\/www.facebook.com\/NUEVODigitalDeEscobar\" \/>\n<meta property=\"article:published_time\" content=\"2025-01-15T16:42:06+00:00\" \/>\n<meta property=\"article:modified_time\" content=\"2025-01-15T16:42:38+00:00\" \/>\n<meta property=\"og:image\" content=\"https:\/\/nuevodigitaldeescobar.com.ar\/wp-content\/uploads\/2024\/07\/colectivo-transporte-e1721864258782.jpg\" \/>\n\t<meta property=\"og:image:width\" content=\"720\" \/>\n\t<meta property=\"og:image:height\" content=\"462\" \/>\n\t<meta property=\"og:image:type\" content=\"image\/jpeg\" \/>\n<meta name=\"author\" content=\"Redacci\u00f3n\" \/>\n<meta name=\"twitter:card\" content=\"summary_large_image\" \/>\n<meta name=\"twitter:creator\" content=\"@nuevodigescobar\" \/>\n<meta name=\"twitter:site\" content=\"@nuevodigescobar\" \/>\n<meta name=\"twitter:label1\" content=\"Escrito por\" \/>\n\t<meta name=\"twitter:data1\" content=\"Redacci\u00f3n\" \/>\n\t<meta name=\"twitter:label2\" content=\"Tiempo de lectura\" \/>\n\t<meta name=\"twitter:data2\" content=\"3 minutos\" \/>\n<script type=\"application\/ld+json\" class=\"yoast-schema-graph\">{\"@context\":\"https:\/\/schema.org\",\"@graph\":[{\"@type\":\"Article\",\"@id\":\"https:\/\/nuevodigitaldeescobar.com.ar\/?p=11345#article\",\"isPartOf\":{\"@id\":\"https:\/\/nuevodigitaldeescobar.com.ar\/?p=11345\"},\"author\":{\"name\":\"Redacci\u00f3n\",\"@id\":\"https:\/\/nuevodigitaldeescobar.com.ar\/#\/schema\/person\/035e90a8efe9a80e6eec22656ad6ea4c\"},\"headline\":\"Paro de colectivos: m\u00e1s de 100 l\u00edneas en el Conurbano bonaerense sin servicio este jueves por falta de subsidios\",\"datePublished\":\"2025-01-15T16:42:06+00:00\",\"dateModified\":\"2025-01-15T16:42:38+00:00\",\"mainEntityOfPage\":{\"@id\":\"https:\/\/nuevodigitaldeescobar.com.ar\/?p=11345\"},\"wordCount\":571,\"commentCount\":0,\"publisher\":{\"@id\":\"https:\/\/nuevodigitaldeescobar.com.ar\/#organization\"},\"image\":{\"@id\":\"https:\/\/nuevodigitaldeescobar.com.ar\/?p=11345#primaryimage\"},\"thumbnailUrl\":\"https:\/\/nuevodigitaldeescobar.com.ar\/wp-content\/uploads\/2024\/07\/colectivo-transporte-e1721864258782.jpg\",\"articleSection\":[\"Inter\u00e9s general\"],\"inLanguage\":\"es\",\"potentialAction\":[{\"@type\":\"CommentAction\",\"name\":\"Comment\",\"target\":[\"https:\/\/nuevodigitaldeescobar.com.ar\/?p=11345#respond\"]}]},{\"@type\":\"WebPage\",\"@id\":\"https:\/\/nuevodigitaldeescobar.com.ar\/?p=11345\",\"url\":\"https:\/\/nuevodigitaldeescobar.com.ar\/?p=11345\",\"name\":\"Paro de colectivos: m\u00e1s de 100 l\u00edneas en el Conurbano bonaerense sin servicio este jueves por falta de subsidios - Nuevo Digital de Escobar\",\"isPartOf\":{\"@id\":\"https:\/\/nuevodigitaldeescobar.com.ar\/#website\"},\"primaryImageOfPage\":{\"@id\":\"https:\/\/nuevodigitaldeescobar.com.ar\/?p=11345#primaryimage\"},\"image\":{\"@id\":\"https:\/\/nuevodigitaldeescobar.com.ar\/?p=11345#primaryimage\"},\"thumbnailUrl\":\"https:\/\/nuevodigitaldeescobar.com.ar\/wp-content\/uploads\/2024\/07\/colectivo-transporte-e1721864258782.jpg\",\"datePublished\":\"2025-01-15T16:42:06+00:00\",\"dateModified\":\"2025-01-15T16:42:38+00:00\",\"breadcrumb\":{\"@id\":\"https:\/\/nuevodigitaldeescobar.com.ar\/?p=11345#breadcrumb\"},\"inLanguage\":\"es\",\"potentialAction\":[{\"@type\":\"ReadAction\",\"target\":[\"https:\/\/nuevodigitaldeescobar.com.ar\/?p=11345\"]}]},{\"@type\":\"ImageObject\",\"inLanguage\":\"es\",\"@id\":\"https:\/\/nuevodigitaldeescobar.com.ar\/?p=11345#primaryimage\",\"url\":\"https:\/\/nuevodigitaldeescobar.com.ar\/wp-content\/uploads\/2024\/07\/colectivo-transporte-e1721864258782.jpg\",\"contentUrl\":\"https:\/\/nuevodigitaldeescobar.com.ar\/wp-content\/uploads\/2024\/07\/colectivo-transporte-e1721864258782.jpg\",\"width\":720,\"height\":462},{\"@type\":\"BreadcrumbList\",\"@id\":\"https:\/\/nuevodigitaldeescobar.com.ar\/?p=11345#breadcrumb\",\"itemListElement\":[{\"@type\":\"ListItem\",\"position\":1,\"name\":\"Portada\",\"item\":\"https:\/\/nuevodigitaldeescobar.com.ar\/\"},{\"@type\":\"ListItem\",\"position\":2,\"name\":\"Paro de colectivos: m\u00e1s de 100 l\u00edneas en el Conurbano bonaerense sin servicio este jueves por falta de subsidios\"}]},{\"@type\":\"WebSite\",\"@id\":\"https:\/\/nuevodigitaldeescobar.com.ar\/#website\",\"url\":\"https:\/\/nuevodigitaldeescobar.com.ar\/\",\"name\":\"Nuevo Digital de Escobar\",\"description\":\"La vida escobarense. Directora: Rosana Brunner\",\"publisher\":{\"@id\":\"https:\/\/nuevodigitaldeescobar.com.ar\/#organization\"},\"potentialAction\":[{\"@type\":\"SearchAction\",\"target\":{\"@type\":\"EntryPoint\",\"urlTemplate\":\"https:\/\/nuevodigitaldeescobar.com.ar\/?s={search_term_string}\"},\"query-input\":{\"@type\":\"PropertyValueSpecification\",\"valueRequired\":true,\"valueName\":\"search_term_string\"}}],\"inLanguage\":\"es\"},{\"@type\":\"Organization\",\"@id\":\"https:\/\/nuevodigitaldeescobar.com.ar\/#organization\",\"name\":\"Nuevo Digital de Escobar\",\"url\":\"https:\/\/nuevodigitaldeescobar.com.ar\/\",\"logo\":{\"@type\":\"ImageObject\",\"inLanguage\":\"es\",\"@id\":\"https:\/\/nuevodigitaldeescobar.com.ar\/#\/schema\/logo\/image\/\",\"url\":\"https:\/\/nuevodigitaldeescobar.com.ar\/wp-content\/uploads\/2025\/05\/cropped-logo-nuevo2.jpg\",\"contentUrl\":\"https:\/\/nuevodigitaldeescobar.com.ar\/wp-content\/uploads\/2025\/05\/cropped-logo-nuevo2.jpg\",\"width\":305,\"height\":305,\"caption\":\"Nuevo Digital de Escobar\"},\"image\":{\"@id\":\"https:\/\/nuevodigitaldeescobar.com.ar\/#\/schema\/logo\/image\/\"},\"sameAs\":[\"https:\/\/www.facebook.com\/NUEVODigitalDeEscobar\",\"https:\/\/x.com\/nuevodigescobar\",\"https:\/\/www.instagram.com\/nuevodigitaldeescobar\"]},{\"@type\":\"Person\",\"@id\":\"https:\/\/nuevodigitaldeescobar.com.ar\/#\/schema\/person\/035e90a8efe9a80e6eec22656ad6ea4c\",\"name\":\"Redacci\u00f3n\",\"image\":{\"@type\":\"ImageObject\",\"inLanguage\":\"es\",\"@id\":\"https:\/\/nuevodigitaldeescobar.com.ar\/#\/schema\/person\/image\/\",\"url\":\"https:\/\/secure.gravatar.com\/avatar\/8af8f40000c24e9eef3034f2be5998a372bb1389e64b1a4a36b3a7979142220d?s=96&d=mm&r=g\",\"contentUrl\":\"https:\/\/secure.gravatar.com\/avatar\/8af8f40000c24e9eef3034f2be5998a372bb1389e64b1a4a36b3a7979142220d?s=96&d=mm&r=g\",\"caption\":\"Redacci\u00f3n\"},\"sameAs\":[\"http:\/\/nuevodigitaldeescobar.com.ar\"],\"url\":\"https:\/\/nuevodigitaldeescobar.com.ar\/?author=1\"}]}<\/script>\n<!-- \/ Yoast SEO plugin. -->","yoast_head_json":{"title":"Paro de colectivos: m\u00e1s de 100 l\u00edneas en el Conurbano bonaerense sin servicio este jueves por falta de subsidios - Nuevo Digital de Escobar","robots":{"index":"index","follow":"follow","max-snippet":"max-snippet:-1","max-image-preview":"max-image-preview:large","max-video-preview":"max-video-preview:-1"},"canonical":"https:\/\/nuevodigitaldeescobar.com.ar\/?p=11345","og_locale":"es_ES","og_type":"article","og_title":"Paro de colectivos: m\u00e1s de 100 l\u00edneas en el Conurbano bonaerense sin servicio este jueves por falta de subsidios - Nuevo Digital de Escobar","og_description":"Las tres c\u00e1maras empresarias que agrupan al transporte de pasajeros en la provincia de Buenos Aires anunciaron un paro de actividades para este jueves 16 [&hellip;]","og_url":"https:\/\/nuevodigitaldeescobar.com.ar\/?p=11345","og_site_name":"Nuevo Digital de Escobar","article_publisher":"https:\/\/www.facebook.com\/NUEVODigitalDeEscobar","article_published_time":"2025-01-15T16:42:06+00:00","article_modified_time":"2025-01-15T16:42:38+00:00","og_image":[{"width":720,"height":462,"url":"https:\/\/nuevodigitaldeescobar.com.ar\/wp-content\/uploads\/2024\/07\/colectivo-transporte-e1721864258782.jpg","type":"image\/jpeg"}],"author":"Redacci\u00f3n","twitter_card":"summary_large_image","twitter_creator":"@nuevodigescobar","twitter_site":"@nuevodigescobar","twitter_misc":{"Escrito por":"Redacci\u00f3n","Tiempo de lectura":"3 minutos"},"schema":{"@context":"https:\/\/schema.org","@graph":[{"@type":"Article","@id":"https:\/\/nuevodigitaldeescobar.com.ar\/?p=11345#article","isPartOf":{"@id":"https:\/\/nuevodigitaldeescobar.com.ar\/?p=11345"},"author":{"name":"Redacci\u00f3n","@id":"https:\/\/nuevodigitaldeescobar.com.ar\/#\/schema\/person\/035e90a8efe9a80e6eec22656ad6ea4c"},"headline":"Paro de colectivos: m\u00e1s de 100 l\u00edneas en el Conurbano bonaerense sin servicio este jueves por falta de subsidios","datePublished":"2025-01-15T16:42:06+00:00","dateModified":"2025-01-15T16:42:38+00:00","mainEntityOfPage":{"@id":"https:\/\/nuevodigitaldeescobar.com.ar\/?p=11345"},"wordCount":571,"commentCount":0,"publisher":{"@id":"https:\/\/nuevodigitaldeescobar.com.ar\/#organization"},"image":{"@id":"https:\/\/nuevodigitaldeescobar.com.ar\/?p=11345#primaryimage"},"thumbnailUrl":"https:\/\/nuevodigitaldeescobar.com.ar\/wp-content\/uploads\/2024\/07\/colectivo-transporte-e1721864258782.jpg","articleSection":["Inter\u00e9s general"],"inLanguage":"es","potentialAction":[{"@type":"CommentAction","name":"Comment","target":["https:\/\/nuevodigitaldeescobar.com.ar\/?p=11345#respond"]}]},{"@type":"WebPage","@id":"https:\/\/nuevodigitaldeescobar.com.ar\/?p=11345","url":"https:\/\/nuevodigitaldeescobar.com.ar\/?p=11345","name":"Paro de colectivos: m\u00e1s de 100 l\u00edneas en el Conurbano bonaerense sin servicio este jueves por falta de subsidios - Nuevo Digital de Escobar","isPartOf":{"@id":"https:\/\/nuevodigitaldeescobar.com.ar\/#website"},"primaryImageOfPage":{"@id":"https:\/\/nuevodigitaldeescobar.com.ar\/?p=11345#primaryimage"},"image":{"@id":"https:\/\/nuevodigitaldeescobar.com.ar\/?p=11345#primaryimage"},"thumbnailUrl":"https:\/\/nuevodigitaldeescobar.com.ar\/wp-content\/uploads\/2024\/07\/colectivo-transporte-e1721864258782.jpg","datePublished":"2025-01-15T16:42:06+00:00","dateModified":"2025-01-15T16:42:38+00:00","breadcrumb":{"@id":"https:\/\/nuevodigitaldeescobar.com.ar\/?p=11345#breadcrumb"},"inLanguage":"es","potentialAction":[{"@type":"ReadAction","target":["https:\/\/nuevodigitaldeescobar.com.ar\/?p=11345"]}]},{"@type":"ImageObject","inLanguage":"es","@id":"https:\/\/nuevodigitaldeescobar.com.ar\/?p=11345#primaryimage","url":"https:\/\/nuevodigitaldeescobar.com.ar\/wp-content\/uploads\/2024\/07\/colectivo-transporte-e1721864258782.jpg","contentUrl":"https:\/\/nuevodigitaldeescobar.com.ar\/wp-content\/uploads\/2024\/07\/colectivo-transporte-e1721864258782.jpg","width":720,"height":462},{"@type":"BreadcrumbList","@id":"https:\/\/nuevodigitaldeescobar.com.ar\/?p=11345#breadcrumb","itemListElement":[{"@type":"ListItem","position":1,"name":"Portada","item":"https:\/\/nuevodigitaldeescobar.com.ar\/"},{"@type":"ListItem","position":2,"name":"Paro de colectivos: m\u00e1s de 100 l\u00edneas en el Conurbano bonaerense sin servicio este jueves por falta de subsidios"}]},{"@type":"WebSite","@id":"https:\/\/nuevodigitaldeescobar.com.ar\/#website","url":"https:\/\/nuevodigitaldeescobar.com.ar\/","name":"Nuevo Digital de Escobar","description":"La vida escobarense. Directora: Rosana Brunner","publisher":{"@id":"https:\/\/nuevodigitaldeescobar.com.ar\/#organization"},"potentialAction":[{"@type":"SearchAction","target":{"@type":"EntryPoint","urlTemplate":"https:\/\/nuevodigitaldeescobar.com.ar\/?s={search_term_string}"},"query-input":{"@type":"PropertyValueSpecification","valueRequired":true,"valueName":"search_term_string"}}],"inLanguage":"es"},{"@type":"Organization","@id":"https:\/\/nuevodigitaldeescobar.com.ar\/#organization","name":"Nuevo Digital de Escobar","url":"https:\/\/nuevodigitaldeescobar.com.ar\/","logo":{"@type":"ImageObject","inLanguage":"es","@id":"https:\/\/nuevodigitaldeescobar.com.ar\/#\/schema\/logo\/image\/","url":"https:\/\/nuevodigitaldeescobar.com.ar\/wp-content\/uploads\/2025\/05\/cropped-logo-nuevo2.jpg","contentUrl":"https:\/\/nuevodigitaldeescobar.com.ar\/wp-content\/uploads\/2025\/05\/cropped-logo-nuevo2.jpg","width":305,"height":305,"caption":"Nuevo Digital de Escobar"},"image":{"@id":"https:\/\/nuevodigitaldeescobar.com.ar\/#\/schema\/logo\/image\/"},"sameAs":["https:\/\/www.facebook.com\/NUEVODigitalDeEscobar","https:\/\/x.com\/nuevodigescobar","https:\/\/www.instagram.com\/nuevodigitaldeescobar"]},{"@type":"Person","@id":"https:\/\/nuevodigitaldeescobar.com.ar\/#\/schema\/person\/035e90a8efe9a80e6eec22656ad6ea4c","name":"Redacci\u00f3n","image":{"@type":"ImageObject","inLanguage":"es","@id":"https:\/\/nuevodigitaldeescobar.com.ar\/#\/schema\/person\/image\/","url":"https:\/\/secure.gravatar.com\/avatar\/8af8f40000c24e9eef3034f2be5998a372bb1389e64b1a4a36b3a7979142220d?s=96&d=mm&r=g","contentUrl":"https:\/\/secure.gravatar.com\/avatar\/8af8f40000c24e9eef3034f2be5998a372bb1389e64b1a4a36b3a7979142220d?s=96&d=mm&r=g","caption":"Redacci\u00f3n"},"sameAs":["http:\/\/nuevodigitaldeescobar.com.ar"],"url":"https:\/\/nuevodigitaldeescobar.com.ar\/?author=1"}]}},"featured_image_urls":{"full":["https:\/\/nuevodigitaldeescobar.com.ar\/wp-content\/uploads\/2024\/07\/colectivo-transporte-e1721864258782.jpg",720,462,false],"thumbnail":["https:\/\/nuevodigitaldeescobar.com.ar\/wp-content\/uploads\/2024\/07\/colectivo-transporte-150x150.jpg",150,150,true],"medium":["https:\/\/nuevodigitaldeescobar.com.ar\/wp-content\/uploads\/2024\/07\/colectivo-transporte-300x193.jpg",300,193,true],"medium_large":["https:\/\/nuevodigitaldeescobar.com.ar\/wp-content\/uploads\/2024\/07\/colectivo-transporte-768x493.jpg",640,411,true],"large":["https:\/\/nuevodigitaldeescobar.com.ar\/wp-content\/uploads\/2024\/07\/colectivo-transporte-1024x657.jpg",640,411,true],"1536x1536":["https:\/\/nuevodigitaldeescobar.com.ar\/wp-content\/uploads\/2024\/07\/colectivo-transporte-e1721864258782.jpg",720,462,false],"2048x2048":["https:\/\/nuevodigitaldeescobar.com.ar\/wp-content\/uploads\/2024\/07\/colectivo-transporte-e1721864258782.jpg",720,462,false]},"author_info":{"display_name":"Redacci\u00f3n","author_link":"https:\/\/nuevodigitaldeescobar.com.ar\/?author=1"},"category_info":"<a href=\"https:\/\/nuevodigitaldeescobar.com.ar\/?cat=7\" rel=\"category\">Inter\u00e9s general<\/a>","tag_info":"Inter\u00e9s general","comment_count":"0","_links":{"self":[{"href":"https:\/\/nuevodigitaldeescobar.com.ar\/index.php?rest_route=\/wp\/v2\/posts\/11345","targetHints":{"allow":["GET"]}}],"collection":[{"href":"https:\/\/nuevodigitaldeescobar.com.ar\/index.php?rest_route=\/wp\/v2\/posts"}],"about":[{"href":"https:\/\/nuevodigitaldeescobar.com.ar\/index.php?rest_route=\/wp\/v2\/types\/post"}],"author":[{"embeddable":true,"href":"https:\/\/nuevodigitaldeescobar.com.ar\/index.php?rest_route=\/wp\/v2\/users\/1"}],"replies":[{"embeddable":true,"href":"https:\/\/nuevodigitaldeescobar.com.ar\/index.php?rest_route=%2Fwp%2Fv2%2Fcomments&post=11345"}],"version-history":[{"count":2,"href":"https:\/\/nuevodigitaldeescobar.com.ar\/index.php?rest_route=\/wp\/v2\/posts\/11345\/revisions"}],"predecessor-version":[{"id":11347,"href":"https:\/\/nuevodigitaldeescobar.com.ar\/index.php?rest_route=\/wp\/v2\/posts\/11345\/revisions\/11347"}],"wp:featuredmedia":[{"embeddable":true,"href":"https:\/\/nuevodigitaldeescobar.com.ar\/index.php?rest_route=\/wp\/v2\/media\/6992"}],"wp:attachment":[{"href":"https:\/\/nuevodigitaldeescobar.com.ar\/index.php?rest_route=%2Fwp%2Fv2%2Fmedia&parent=11345"}],"wp:term":[{"taxonomy":"category","embeddable":true,"href":"https:\/\/nuevodigitaldeescobar.com.ar\/index.php?rest_route=%2Fwp%2Fv2%2Fcategories&post=11345"},{"taxonomy":"post_tag","embeddable":true,"href":"https:\/\/nuevodigitaldeescobar.com.ar\/index.php?rest_route=%2Fwp%2Fv2%2Ftags&post=11345"}],"curies":[{"name":"wp","href":"https:\/\/api.w.org\/{rel}","templated":true}]}}