{"id":11428,"date":"2025-01-19T09:17:31","date_gmt":"2025-01-19T12:17:31","guid":{"rendered":"https:\/\/nuevodigitaldeescobar.com.ar\/?p=11428"},"modified":"2025-01-19T09:17:43","modified_gmt":"2025-01-19T12:17:43","slug":"vecinos-de-ingeniero-maschwitz-marcharon-por-la-inseguridad-en-el-barrio-las-glorias","status":"publish","type":"post","link":"https:\/\/nuevodigitaldeescobar.com.ar\/?p=11428","title":{"rendered":"Vecinos de Ingeniero Maschwitz marcharon por la inseguridad en el barrio Las Glorias"},"content":{"rendered":"\n<p class=\"has-vivid-cyan-blue-color has-text-color has-link-color wp-elements-56b8453fde91346b59fb9ba75eb5b38f\"><strong><em>Movilizaci\u00f3n hacia la comisar\u00eda local para exigir m\u00e1s seguridad. Mientras se hac\u00eda la marcha, un sujeto quiso robar en una vivienda del barrio pero fue detenido.<\/em><\/strong><\/p>\n\n\n\n<!--more-->\n\n\n\n<p><\/p>\n\n\n\n<p>El pasado viernes, un numeroso grupo de vecinos de Ingeniero Maschwitz se congreg\u00f3 en el barrio Las Glorias para manifestar su preocupaci\u00f3n por la creciente inseguridad en la zona. La movilizaci\u00f3n, que se realiz\u00f3 pac\u00edficamente, culmin\u00f3 con una marcha hacia la comisar\u00eda local, donde los residentes entregaron un petitorio exigiendo medidas urgentes para frenar los delitos en el \u00e1rea.<\/p>\n\n\n\n<p>Los manifestantes, que en su mayor\u00eda son familias que residen desde hace a\u00f1os en el barrio, expresaron su temor ante los recientes robos, asaltos y hechos de violencia que se han registrado en el \u00faltimo tiempo. Muchos de ellos denuncian que la falta de patrullaje policial y la presencia de veh\u00edculos de seguridad en las calles contribuyen al aumento de la criminalidad en el vecindario.<\/p>\n\n\n\n<p>\u201cYa no podemos vivir tranquilos, cada vez m\u00e1s robos y hechos violentos ocurren en pleno d\u00eda. La polic\u00eda no alcanza a llegar y los delincuentes siguen actuando con total impunidad\u201d, coment\u00f3 una de las vecinas, quien prefiri\u00f3 no revelar su identidad por temor a represalias. \u201cNecesitamos m\u00e1s controles, m\u00e1s presencia de la polic\u00eda y, sobre todo, m\u00e1s respuestas de las autoridades\u201d, agreg\u00f3 con indignaci\u00f3n.<\/p>\n\n\n\n<p>La marcha comenz\u00f3 en la plaza Las Glorias, un punto central del barrio. Los participantes, en su mayor\u00eda familias con ni\u00f1os, portaban pancartas y carteles con consignas como \u00abBasta de inseguridad\u00bb, \u00abQueremos vivir en paz\u00bb y \u00abM\u00e1s seguridad para Las Glorias\u00bb. A medida que avanzaba la manifestaci\u00f3n, se sumaron m\u00e1s vecinos y algunos comerciantes de la zona que tambi\u00e9n comparten la preocupaci\u00f3n por los robos en sus establecimientos.<\/p>\n\n\n\n<p>El trayecto hacia la comisar\u00eda local, ubicada a unos 15 minutos a pie, estuvo marcado por una gran carga de tensi\u00f3n, pero sin incidentes. Los manifestantes hicieron una breve parada frente a la sede policial, donde fueron recibidos por el jefe de la comisar\u00eda, quien escuch\u00f3 sus demandas y asegur\u00f3 que se intensificar\u00edan los operativos de patrullaje en la zona.<\/p>\n\n\n\n<p><strong>La respuesta de las autoridades<\/strong><br>Durante el encuentro con los manifestantes, el comisario local destac\u00f3 que en las \u00faltimas semanas se hab\u00eda reforzado la presencia policial en el barrio y que, a partir de la denuncia vecinal, se coordinar\u00edan nuevas estrategias para mejorar la seguridad. Sin embargo, algunos residentes expresaron que la respuesta de las autoridades ha sido insuficiente.<\/p>\n\n\n\n<p>\u201cEs un paso positivo que reconozcan el problema, pero necesitamos ver m\u00e1s acci\u00f3n en las calles, m\u00e1s patrullajes nocturnos y que la polic\u00eda no se quede solo en promesas. Ya no aguantamos m\u00e1s\u201d, se\u00f1al\u00f3 otro vecino, que particip\u00f3 activamente en la marcha.<\/p>\n\n\n\n<p>A pesar de las promesas oficiales, los habitantes de Ingeniero Maschwitz no est\u00e1n convencidos de que la situaci\u00f3n cambie de inmediato. Muchos temen que, como en ocasiones anteriores, las autoridades tomen medidas que no se traduzcan en una mejora real de la seguridad.<\/p>\n\n\n\n<p><\/p>\n\n\n\n<p><strong>Detuvieron a un hombre que hab\u00eda intentado robar en una casa<\/strong><\/p>\n\n\n\n<p>La Polic\u00eda detuvo a un hombre de 37 a\u00f1os en el momento en el que quiso ingresar a robar a una casa del barrio Las Glorias, en momentos que se llevaba adelante la marcha. La aprehensi\u00f3n se dio gracias a un operativo del Comando Patrullas de Escobar, en conjunto con el Centro de Monitoreo del Municipio.\u00a0<\/p>\n\n\n<div class=\"wp-block-image\">\n<figure class=\"aligncenter size-full\"><img fetchpriority=\"high\" decoding=\"async\" width=\"344\" height=\"747\" src=\"https:\/\/nuevodigitaldeescobar.com.ar\/wp-content\/uploads\/2025\/01\/whatsapp_image_2025_01_17_at_22_02_02.jpeg\" alt=\"\" class=\"wp-image-11429\" srcset=\"https:\/\/nuevodigitaldeescobar.com.ar\/wp-content\/uploads\/2025\/01\/whatsapp_image_2025_01_17_at_22_02_02.jpeg 344w, https:\/\/nuevodigitaldeescobar.com.ar\/wp-content\/uploads\/2025\/01\/whatsapp_image_2025_01_17_at_22_02_02-138x300.jpeg 138w\" sizes=\"(max-width: 344px) 100vw, 344px\" \/><\/figure><\/div>\n\n\n<p><br><br>El detenido hab\u00eda violentado el alambrado de una casa y, ya en propiedad privada, se encontraba dispuesto a robar, pero el r\u00e1pido accionar policial impidi\u00f3 el hecho. Al imputado se le secuestr\u00f3 un cuchillo tipo tramontina y luego fue trasladado a la comisar\u00eda Escobar 2da para labrar las actuaciones de rigor.<\/p>\n\n\n\n<p><\/p>\n","protected":false},"excerpt":{"rendered":"<p>Movilizaci\u00f3n hacia la comisar\u00eda local para exigir m\u00e1s seguridad. Mientras se hac\u00eda la marcha, un sujeto quiso robar en una vivienda del barrio pero fue [&hellip;]<\/p>\n","protected":false},"author":1,"featured_media":11430,"comment_status":"open","ping_status":"open","sticky":false,"template":"","format":"standard","meta":{"footnotes":""},"categories":[7],"tags":[133,193,307],"class_list":["post-11428","post","type-post","status-publish","format-standard","has-post-thumbnail","hentry","category-interes-general","tag-ingeniero-maschwitz","tag-inseguridad","tag-marcha"],"better_featured_image":{"id":11430,"alt_text":"","caption":"","description":"","media_type":"image","media_details":{"width":825,"height":500,"file":"2025\/01\/marcha-1.jpg","filesize":158889,"sizes":{"medium":{"file":"marcha-1-300x182.jpg","width":300,"height":182,"mime-type":"image\/jpeg","filesize":16559,"source_url":"https:\/\/nuevodigitaldeescobar.com.ar\/wp-content\/uploads\/2025\/01\/marcha-1-300x182.jpg"},"thumbnail":{"file":"marcha-1-150x150.jpg","width":150,"height":150,"mime-type":"image\/jpeg","filesize":7183,"source_url":"https:\/\/nuevodigitaldeescobar.com.ar\/wp-content\/uploads\/2025\/01\/marcha-1-150x150.jpg"},"medium_large":{"file":"marcha-1-768x465.jpg","width":768,"height":465,"mime-type":"image\/jpeg","filesize":77106,"source_url":"https:\/\/nuevodigitaldeescobar.com.ar\/wp-content\/uploads\/2025\/01\/marcha-1-768x465.jpg"}},"image_meta":{"aperture":"0","credit":"","camera":"","caption":"","created_timestamp":"0","copyright":"","focal_length":"0","iso":"0","shutter_speed":"0","title":"","orientation":"1","keywords":[]}},"post":11428,"source_url":"https:\/\/nuevodigitaldeescobar.com.ar\/wp-content\/uploads\/2025\/01\/marcha-1.jpg"},"yoast_head":"<!-- This site is optimized with the Yoast SEO plugin v26.1.1 - https:\/\/yoast.com\/wordpress\/plugins\/seo\/ -->\n<title>Vecinos de Ingeniero Maschwitz marcharon por la inseguridad en el barrio Las Glorias - Nuevo Digital de Escobar<\/title>\n<meta name=\"robots\" content=\"index, follow, max-snippet:-1, max-image-preview:large, max-video-preview:-1\" \/>\n<link rel=\"canonical\" href=\"https:\/\/nuevodigitaldeescobar.com.ar\/?p=11428\" \/>\n<meta property=\"og:locale\" content=\"es_ES\" \/>\n<meta property=\"og:type\" content=\"article\" \/>\n<meta property=\"og:title\" content=\"Vecinos de Ingeniero Maschwitz marcharon por la inseguridad en el barrio Las Glorias - Nuevo Digital de Escobar\" \/>\n<meta property=\"og:description\" content=\"Movilizaci\u00f3n hacia la comisar\u00eda local para exigir m\u00e1s seguridad. Mientras se hac\u00eda la marcha, un sujeto quiso robar en una vivienda del barrio pero fue [&hellip;]\" \/>\n<meta property=\"og:url\" content=\"https:\/\/nuevodigitaldeescobar.com.ar\/?p=11428\" \/>\n<meta property=\"og:site_name\" content=\"Nuevo Digital de Escobar\" \/>\n<meta property=\"article:publisher\" content=\"https:\/\/www.facebook.com\/NUEVODigitalDeEscobar\" \/>\n<meta property=\"article:published_time\" content=\"2025-01-19T12:17:31+00:00\" \/>\n<meta property=\"article:modified_time\" content=\"2025-01-19T12:17:43+00:00\" \/>\n<meta property=\"og:image\" content=\"https:\/\/nuevodigitaldeescobar.com.ar\/wp-content\/uploads\/2025\/01\/marcha-1.jpg\" \/>\n\t<meta property=\"og:image:width\" content=\"825\" \/>\n\t<meta property=\"og:image:height\" content=\"500\" \/>\n\t<meta property=\"og:image:type\" content=\"image\/jpeg\" \/>\n<meta name=\"author\" content=\"Redacci\u00f3n\" \/>\n<meta name=\"twitter:card\" content=\"summary_large_image\" \/>\n<meta name=\"twitter:creator\" content=\"@nuevodigescobar\" \/>\n<meta name=\"twitter:site\" content=\"@nuevodigescobar\" \/>\n<meta name=\"twitter:label1\" content=\"Escrito por\" \/>\n\t<meta name=\"twitter:data1\" content=\"Redacci\u00f3n\" \/>\n\t<meta name=\"twitter:label2\" content=\"Tiempo de lectura\" \/>\n\t<meta name=\"twitter:data2\" content=\"3 minutos\" \/>\n<script type=\"application\/ld+json\" class=\"yoast-schema-graph\">{\"@context\":\"https:\/\/schema.org\",\"@graph\":[{\"@type\":\"Article\",\"@id\":\"https:\/\/nuevodigitaldeescobar.com.ar\/?p=11428#article\",\"isPartOf\":{\"@id\":\"https:\/\/nuevodigitaldeescobar.com.ar\/?p=11428\"},\"author\":{\"name\":\"Redacci\u00f3n\",\"@id\":\"https:\/\/nuevodigitaldeescobar.com.ar\/#\/schema\/person\/035e90a8efe9a80e6eec22656ad6ea4c\"},\"headline\":\"Vecinos de Ingeniero Maschwitz marcharon por la inseguridad en el barrio Las Glorias\",\"datePublished\":\"2025-01-19T12:17:31+00:00\",\"dateModified\":\"2025-01-19T12:17:43+00:00\",\"mainEntityOfPage\":{\"@id\":\"https:\/\/nuevodigitaldeescobar.com.ar\/?p=11428\"},\"wordCount\":662,\"commentCount\":0,\"publisher\":{\"@id\":\"https:\/\/nuevodigitaldeescobar.com.ar\/#organization\"},\"image\":{\"@id\":\"https:\/\/nuevodigitaldeescobar.com.ar\/?p=11428#primaryimage\"},\"thumbnailUrl\":\"https:\/\/nuevodigitaldeescobar.com.ar\/wp-content\/uploads\/2025\/01\/marcha-1.jpg\",\"keywords\":[\"Ingeniero Maschwitz\",\"inseguridad\",\"Marcha\"],\"articleSection\":[\"Inter\u00e9s general\"],\"inLanguage\":\"es\",\"potentialAction\":[{\"@type\":\"CommentAction\",\"name\":\"Comment\",\"target\":[\"https:\/\/nuevodigitaldeescobar.com.ar\/?p=11428#respond\"]}]},{\"@type\":\"WebPage\",\"@id\":\"https:\/\/nuevodigitaldeescobar.com.ar\/?p=11428\",\"url\":\"https:\/\/nuevodigitaldeescobar.com.ar\/?p=11428\",\"name\":\"Vecinos de Ingeniero Maschwitz marcharon por la inseguridad en el barrio Las Glorias - Nuevo Digital de Escobar\",\"isPartOf\":{\"@id\":\"https:\/\/nuevodigitaldeescobar.com.ar\/#website\"},\"primaryImageOfPage\":{\"@id\":\"https:\/\/nuevodigitaldeescobar.com.ar\/?p=11428#primaryimage\"},\"image\":{\"@id\":\"https:\/\/nuevodigitaldeescobar.com.ar\/?p=11428#primaryimage\"},\"thumbnailUrl\":\"https:\/\/nuevodigitaldeescobar.com.ar\/wp-content\/uploads\/2025\/01\/marcha-1.jpg\",\"datePublished\":\"2025-01-19T12:17:31+00:00\",\"dateModified\":\"2025-01-19T12:17:43+00:00\",\"breadcrumb\":{\"@id\":\"https:\/\/nuevodigitaldeescobar.com.ar\/?p=11428#breadcrumb\"},\"inLanguage\":\"es\",\"potentialAction\":[{\"@type\":\"ReadAction\",\"target\":[\"https:\/\/nuevodigitaldeescobar.com.ar\/?p=11428\"]}]},{\"@type\":\"ImageObject\",\"inLanguage\":\"es\",\"@id\":\"https:\/\/nuevodigitaldeescobar.com.ar\/?p=11428#primaryimage\",\"url\":\"https:\/\/nuevodigitaldeescobar.com.ar\/wp-content\/uploads\/2025\/01\/marcha-1.jpg\",\"contentUrl\":\"https:\/\/nuevodigitaldeescobar.com.ar\/wp-content\/uploads\/2025\/01\/marcha-1.jpg\",\"width\":825,\"height\":500},{\"@type\":\"BreadcrumbList\",\"@id\":\"https:\/\/nuevodigitaldeescobar.com.ar\/?p=11428#breadcrumb\",\"itemListElement\":[{\"@type\":\"ListItem\",\"position\":1,\"name\":\"Portada\",\"item\":\"https:\/\/nuevodigitaldeescobar.com.ar\/\"},{\"@type\":\"ListItem\",\"position\":2,\"name\":\"Vecinos de Ingeniero Maschwitz marcharon por la inseguridad en el barrio Las Glorias\"}]},{\"@type\":\"WebSite\",\"@id\":\"https:\/\/nuevodigitaldeescobar.com.ar\/#website\",\"url\":\"https:\/\/nuevodigitaldeescobar.com.ar\/\",\"name\":\"Nuevo Digital de Escobar\",\"description\":\"La vida escobarense. Directora: Rosana Brunner\",\"publisher\":{\"@id\":\"https:\/\/nuevodigitaldeescobar.com.ar\/#organization\"},\"potentialAction\":[{\"@type\":\"SearchAction\",\"target\":{\"@type\":\"EntryPoint\",\"urlTemplate\":\"https:\/\/nuevodigitaldeescobar.com.ar\/?s={search_term_string}\"},\"query-input\":{\"@type\":\"PropertyValueSpecification\",\"valueRequired\":true,\"valueName\":\"search_term_string\"}}],\"inLanguage\":\"es\"},{\"@type\":\"Organization\",\"@id\":\"https:\/\/nuevodigitaldeescobar.com.ar\/#organization\",\"name\":\"Nuevo Digital de Escobar\",\"url\":\"https:\/\/nuevodigitaldeescobar.com.ar\/\",\"logo\":{\"@type\":\"ImageObject\",\"inLanguage\":\"es\",\"@id\":\"https:\/\/nuevodigitaldeescobar.com.ar\/#\/schema\/logo\/image\/\",\"url\":\"https:\/\/nuevodigitaldeescobar.com.ar\/wp-content\/uploads\/2025\/05\/cropped-logo-nuevo2.jpg\",\"contentUrl\":\"https:\/\/nuevodigitaldeescobar.com.ar\/wp-content\/uploads\/2025\/05\/cropped-logo-nuevo2.jpg\",\"width\":305,\"height\":305,\"caption\":\"Nuevo Digital de Escobar\"},\"image\":{\"@id\":\"https:\/\/nuevodigitaldeescobar.com.ar\/#\/schema\/logo\/image\/\"},\"sameAs\":[\"https:\/\/www.facebook.com\/NUEVODigitalDeEscobar\",\"https:\/\/x.com\/nuevodigescobar\",\"https:\/\/www.instagram.com\/nuevodigitaldeescobar\"]},{\"@type\":\"Person\",\"@id\":\"https:\/\/nuevodigitaldeescobar.com.ar\/#\/schema\/person\/035e90a8efe9a80e6eec22656ad6ea4c\",\"name\":\"Redacci\u00f3n\",\"image\":{\"@type\":\"ImageObject\",\"inLanguage\":\"es\",\"@id\":\"https:\/\/nuevodigitaldeescobar.com.ar\/#\/schema\/person\/image\/\",\"url\":\"https:\/\/secure.gravatar.com\/avatar\/8af8f40000c24e9eef3034f2be5998a372bb1389e64b1a4a36b3a7979142220d?s=96&d=mm&r=g\",\"contentUrl\":\"https:\/\/secure.gravatar.com\/avatar\/8af8f40000c24e9eef3034f2be5998a372bb1389e64b1a4a36b3a7979142220d?s=96&d=mm&r=g\",\"caption\":\"Redacci\u00f3n\"},\"sameAs\":[\"http:\/\/nuevodigitaldeescobar.com.ar\"],\"url\":\"https:\/\/nuevodigitaldeescobar.com.ar\/?author=1\"}]}<\/script>\n<!-- \/ Yoast SEO plugin. -->","yoast_head_json":{"title":"Vecinos de Ingeniero Maschwitz marcharon por la inseguridad en el barrio Las Glorias - Nuevo Digital de Escobar","robots":{"index":"index","follow":"follow","max-snippet":"max-snippet:-1","max-image-preview":"max-image-preview:large","max-video-preview":"max-video-preview:-1"},"canonical":"https:\/\/nuevodigitaldeescobar.com.ar\/?p=11428","og_locale":"es_ES","og_type":"article","og_title":"Vecinos de Ingeniero Maschwitz marcharon por la inseguridad en el barrio Las Glorias - Nuevo Digital de Escobar","og_description":"Movilizaci\u00f3n hacia la comisar\u00eda local para exigir m\u00e1s seguridad. Mientras se hac\u00eda la marcha, un sujeto quiso robar en una vivienda del barrio pero fue [&hellip;]","og_url":"https:\/\/nuevodigitaldeescobar.com.ar\/?p=11428","og_site_name":"Nuevo Digital de Escobar","article_publisher":"https:\/\/www.facebook.com\/NUEVODigitalDeEscobar","article_published_time":"2025-01-19T12:17:31+00:00","article_modified_time":"2025-01-19T12:17:43+00:00","og_image":[{"width":825,"height":500,"url":"https:\/\/nuevodigitaldeescobar.com.ar\/wp-content\/uploads\/2025\/01\/marcha-1.jpg","type":"image\/jpeg"}],"author":"Redacci\u00f3n","twitter_card":"summary_large_image","twitter_creator":"@nuevodigescobar","twitter_site":"@nuevodigescobar","twitter_misc":{"Escrito por":"Redacci\u00f3n","Tiempo de lectura":"3 minutos"},"schema":{"@context":"https:\/\/schema.org","@graph":[{"@type":"Article","@id":"https:\/\/nuevodigitaldeescobar.com.ar\/?p=11428#article","isPartOf":{"@id":"https:\/\/nuevodigitaldeescobar.com.ar\/?p=11428"},"author":{"name":"Redacci\u00f3n","@id":"https:\/\/nuevodigitaldeescobar.com.ar\/#\/schema\/person\/035e90a8efe9a80e6eec22656ad6ea4c"},"headline":"Vecinos de Ingeniero Maschwitz marcharon por la inseguridad en el barrio Las Glorias","datePublished":"2025-01-19T12:17:31+00:00","dateModified":"2025-01-19T12:17:43+00:00","mainEntityOfPage":{"@id":"https:\/\/nuevodigitaldeescobar.com.ar\/?p=11428"},"wordCount":662,"commentCount":0,"publisher":{"@id":"https:\/\/nuevodigitaldeescobar.com.ar\/#organization"},"image":{"@id":"https:\/\/nuevodigitaldeescobar.com.ar\/?p=11428#primaryimage"},"thumbnailUrl":"https:\/\/nuevodigitaldeescobar.com.ar\/wp-content\/uploads\/2025\/01\/marcha-1.jpg","keywords":["Ingeniero Maschwitz","inseguridad","Marcha"],"articleSection":["Inter\u00e9s general"],"inLanguage":"es","potentialAction":[{"@type":"CommentAction","name":"Comment","target":["https:\/\/nuevodigitaldeescobar.com.ar\/?p=11428#respond"]}]},{"@type":"WebPage","@id":"https:\/\/nuevodigitaldeescobar.com.ar\/?p=11428","url":"https:\/\/nuevodigitaldeescobar.com.ar\/?p=11428","name":"Vecinos de Ingeniero Maschwitz marcharon por la inseguridad en el barrio Las Glorias - Nuevo Digital de Escobar","isPartOf":{"@id":"https:\/\/nuevodigitaldeescobar.com.ar\/#website"},"primaryImageOfPage":{"@id":"https:\/\/nuevodigitaldeescobar.com.ar\/?p=11428#primaryimage"},"image":{"@id":"https:\/\/nuevodigitaldeescobar.com.ar\/?p=11428#primaryimage"},"thumbnailUrl":"https:\/\/nuevodigitaldeescobar.com.ar\/wp-content\/uploads\/2025\/01\/marcha-1.jpg","datePublished":"2025-01-19T12:17:31+00:00","dateModified":"2025-01-19T12:17:43+00:00","breadcrumb":{"@id":"https:\/\/nuevodigitaldeescobar.com.ar\/?p=11428#breadcrumb"},"inLanguage":"es","potentialAction":[{"@type":"ReadAction","target":["https:\/\/nuevodigitaldeescobar.com.ar\/?p=11428"]}]},{"@type":"ImageObject","inLanguage":"es","@id":"https:\/\/nuevodigitaldeescobar.com.ar\/?p=11428#primaryimage","url":"https:\/\/nuevodigitaldeescobar.com.ar\/wp-content\/uploads\/2025\/01\/marcha-1.jpg","contentUrl":"https:\/\/nuevodigitaldeescobar.com.ar\/wp-content\/uploads\/2025\/01\/marcha-1.jpg","width":825,"height":500},{"@type":"BreadcrumbList","@id":"https:\/\/nuevodigitaldeescobar.com.ar\/?p=11428#breadcrumb","itemListElement":[{"@type":"ListItem","position":1,"name":"Portada","item":"https:\/\/nuevodigitaldeescobar.com.ar\/"},{"@type":"ListItem","position":2,"name":"Vecinos de Ingeniero Maschwitz marcharon por la inseguridad en el barrio Las Glorias"}]},{"@type":"WebSite","@id":"https:\/\/nuevodigitaldeescobar.com.ar\/#website","url":"https:\/\/nuevodigitaldeescobar.com.ar\/","name":"Nuevo Digital de Escobar","description":"La vida escobarense. Directora: Rosana Brunner","publisher":{"@id":"https:\/\/nuevodigitaldeescobar.com.ar\/#organization"},"potentialAction":[{"@type":"SearchAction","target":{"@type":"EntryPoint","urlTemplate":"https:\/\/nuevodigitaldeescobar.com.ar\/?s={search_term_string}"},"query-input":{"@type":"PropertyValueSpecification","valueRequired":true,"valueName":"search_term_string"}}],"inLanguage":"es"},{"@type":"Organization","@id":"https:\/\/nuevodigitaldeescobar.com.ar\/#organization","name":"Nuevo Digital de Escobar","url":"https:\/\/nuevodigitaldeescobar.com.ar\/","logo":{"@type":"ImageObject","inLanguage":"es","@id":"https:\/\/nuevodigitaldeescobar.com.ar\/#\/schema\/logo\/image\/","url":"https:\/\/nuevodigitaldeescobar.com.ar\/wp-content\/uploads\/2025\/05\/cropped-logo-nuevo2.jpg","contentUrl":"https:\/\/nuevodigitaldeescobar.com.ar\/wp-content\/uploads\/2025\/05\/cropped-logo-nuevo2.jpg","width":305,"height":305,"caption":"Nuevo Digital de Escobar"},"image":{"@id":"https:\/\/nuevodigitaldeescobar.com.ar\/#\/schema\/logo\/image\/"},"sameAs":["https:\/\/www.facebook.com\/NUEVODigitalDeEscobar","https:\/\/x.com\/nuevodigescobar","https:\/\/www.instagram.com\/nuevodigitaldeescobar"]},{"@type":"Person","@id":"https:\/\/nuevodigitaldeescobar.com.ar\/#\/schema\/person\/035e90a8efe9a80e6eec22656ad6ea4c","name":"Redacci\u00f3n","image":{"@type":"ImageObject","inLanguage":"es","@id":"https:\/\/nuevodigitaldeescobar.com.ar\/#\/schema\/person\/image\/","url":"https:\/\/secure.gravatar.com\/avatar\/8af8f40000c24e9eef3034f2be5998a372bb1389e64b1a4a36b3a7979142220d?s=96&d=mm&r=g","contentUrl":"https:\/\/secure.gravatar.com\/avatar\/8af8f40000c24e9eef3034f2be5998a372bb1389e64b1a4a36b3a7979142220d?s=96&d=mm&r=g","caption":"Redacci\u00f3n"},"sameAs":["http:\/\/nuevodigitaldeescobar.com.ar"],"url":"https:\/\/nuevodigitaldeescobar.com.ar\/?author=1"}]}},"featured_image_urls":{"full":["https:\/\/nuevodigitaldeescobar.com.ar\/wp-content\/uploads\/2025\/01\/marcha-1.jpg",825,500,false],"thumbnail":["https:\/\/nuevodigitaldeescobar.com.ar\/wp-content\/uploads\/2025\/01\/marcha-1-150x150.jpg",150,150,true],"medium":["https:\/\/nuevodigitaldeescobar.com.ar\/wp-content\/uploads\/2025\/01\/marcha-1-300x182.jpg",300,182,true],"medium_large":["https:\/\/nuevodigitaldeescobar.com.ar\/wp-content\/uploads\/2025\/01\/marcha-1-768x465.jpg",640,388,true],"large":["https:\/\/nuevodigitaldeescobar.com.ar\/wp-content\/uploads\/2025\/01\/marcha-1.jpg",640,388,false],"1536x1536":["https:\/\/nuevodigitaldeescobar.com.ar\/wp-content\/uploads\/2025\/01\/marcha-1.jpg",825,500,false],"2048x2048":["https:\/\/nuevodigitaldeescobar.com.ar\/wp-content\/uploads\/2025\/01\/marcha-1.jpg",825,500,false]},"author_info":{"display_name":"Redacci\u00f3n","author_link":"https:\/\/nuevodigitaldeescobar.com.ar\/?author=1"},"category_info":"<a href=\"https:\/\/nuevodigitaldeescobar.com.ar\/?cat=7\" rel=\"category\">Inter\u00e9s general<\/a>","tag_info":"Inter\u00e9s general","comment_count":"0","_links":{"self":[{"href":"https:\/\/nuevodigitaldeescobar.com.ar\/index.php?rest_route=\/wp\/v2\/posts\/11428","targetHints":{"allow":["GET"]}}],"collection":[{"href":"https:\/\/nuevodigitaldeescobar.com.ar\/index.php?rest_route=\/wp\/v2\/posts"}],"about":[{"href":"https:\/\/nuevodigitaldeescobar.com.ar\/index.php?rest_route=\/wp\/v2\/types\/post"}],"author":[{"embeddable":true,"href":"https:\/\/nuevodigitaldeescobar.com.ar\/index.php?rest_route=\/wp\/v2\/users\/1"}],"replies":[{"embeddable":true,"href":"https:\/\/nuevodigitaldeescobar.com.ar\/index.php?rest_route=%2Fwp%2Fv2%2Fcomments&post=11428"}],"version-history":[{"count":1,"href":"https:\/\/nuevodigitaldeescobar.com.ar\/index.php?rest_route=\/wp\/v2\/posts\/11428\/revisions"}],"predecessor-version":[{"id":11431,"href":"https:\/\/nuevodigitaldeescobar.com.ar\/index.php?rest_route=\/wp\/v2\/posts\/11428\/revisions\/11431"}],"wp:featuredmedia":[{"embeddable":true,"href":"https:\/\/nuevodigitaldeescobar.com.ar\/index.php?rest_route=\/wp\/v2\/media\/11430"}],"wp:attachment":[{"href":"https:\/\/nuevodigitaldeescobar.com.ar\/index.php?rest_route=%2Fwp%2Fv2%2Fmedia&parent=11428"}],"wp:term":[{"taxonomy":"category","embeddable":true,"href":"https:\/\/nuevodigitaldeescobar.com.ar\/index.php?rest_route=%2Fwp%2Fv2%2Fcategories&post=11428"},{"taxonomy":"post_tag","embeddable":true,"href":"https:\/\/nuevodigitaldeescobar.com.ar\/index.php?rest_route=%2Fwp%2Fv2%2Ftags&post=11428"}],"curies":[{"name":"wp","href":"https:\/\/api.w.org\/{rel}","templated":true}]}}