{"id":11557,"date":"2025-01-22T22:12:33","date_gmt":"2025-01-23T01:12:33","guid":{"rendered":"https:\/\/nuevodigitaldeescobar.com.ar\/?p=11557"},"modified":"2025-01-22T22:12:37","modified_gmt":"2025-01-23T01:12:37","slug":"moreno-un-pasajero-apunalo-a-un-colectivero-tras-una-discusion-que-escalo-a-una-violenta-pelea","status":"publish","type":"post","link":"https:\/\/nuevodigitaldeescobar.com.ar\/?p=11557","title":{"rendered":"Moreno: un pasajero apu\u00f1al\u00f3 a un colectivero tras una discusi\u00f3n que escal\u00f3 a una violenta pelea"},"content":{"rendered":"\n<p class=\"has-text-color has-link-color wp-elements-462472057eaea05d12625a63057ed69c\" style=\"color:#07099f\"><em><strong>Un violento episodio sacudi\u00f3 este mi\u00e9rcoles a Moreno, cuando un pasajero atac\u00f3 con un cuchillo a un colectivero de la l\u00ednea 410 tras un enfrentamiento que comenz\u00f3 dentro del colectivo y culmin\u00f3 en la calle. En medio del caos, apareci\u00f3 un hombre armado, lo que intensific\u00f3 la tensi\u00f3n en la escena.<\/strong><\/em><\/p>\n\n\n\n<!--more-->\n\n\n\n<p>El incidente ocurri\u00f3 en las inmediaciones de Ruta 23 y Lisandro de la Torre. Seg\u00fan los testigos, el conflicto comenz\u00f3 cuando un joven intent\u00f3 viajar sin saldo en su tarjeta SUBE. Una pasajera le prest\u00f3 su tarjeta para que pudiera abonar el boleto, pero, pese a resolver el problema inicial, se desat\u00f3 una discusi\u00f3n con uno de los choferes.<\/p>\n\n\n\n<p><em>\u00abAl parecer, hubo un intercambio de palabras cuando el joven caminaba hacia el fondo del colectivo, lo que provoc\u00f3 que el chofer que estaba parado se acercara y comenzaran a pelearse\u00bb<\/em>, relat\u00f3 Jonatan, un pasajero que presenci\u00f3 los hechos y grab\u00f3 parte del incidente. La pelea escal\u00f3 r\u00e1pidamente hasta que los dos conductores lograron bajar al pasajero de la unidad.<\/p>\n\n\n\n<figure class=\"wp-block-video aligncenter\"><video controls src=\"https:\/\/nuevodigitaldeescobar.com.ar\/wp-content\/uploads\/2025\/01\/morenocolect534.mp4\"><\/video><\/figure>\n\n\n\n<p>El conflicto no termin\u00f3 all\u00ed. Desde la vereda, el joven comenz\u00f3 a arrojar piedras contra el colectivo, lo que llev\u00f3 a que ambos choferes descendieran nuevamente para enfrentarlo. Fue entonces cuando el agresor sac\u00f3 un cuchillo y atac\u00f3 a uno de los conductores, hiri\u00e9ndolo en el antebrazo derecho.<\/p>\n\n\n\n<p>En medio de la trifulca, otro hombre ingres\u00f3 en la escena con un arma de fuego. Seg\u00fan se observa en las im\u00e1genes captadas por Jonatan, el desconocido apunt\u00f3 al agresor, exigi\u00e9ndole que se detuviera y se tirara al suelo. Intimidado, el joven guard\u00f3 el cuchillo, tom\u00f3 sus pertenencias y huy\u00f3 corriendo.<\/p>\n\n\n\n<h3 class=\"wp-block-heading has-text-color has-link-color wp-elements-b4f5180fc01f15e56a3557b1d7fc3b56\" style=\"color:#07099f\"><em>Traslado de emergencia y testimonios<\/em><\/h3>\n\n\n\n<p>Mientras el agresor escapaba, los choferes volvieron al colectivo. El conductor herido no pod\u00eda seguir al volante, por lo que su compa\u00f1ero asumi\u00f3 la conducci\u00f3n para llevar a los pasajeros hasta el Hospital de Moreno, donde el lesionado fue atendido.<\/p>\n\n\n\n<p>Gabriela Pereira, esposa de uno de los choferes involucrados, aclar\u00f3 que su marido estaba viajando como pasajero y no pertenece a la misma empresa que el colectivero apu\u00f1alado. Seg\u00fan su relato, el joven atac\u00f3 a ambos conductores antes de que lograran bajarlo del colectivo.<\/p>\n\n\n\n<p>Las im\u00e1genes del enfrentamiento, que se viralizaron en redes sociales, muestran la pelea en la vereda, la presencia del hombre armado y el momento en que el atacante decide escapar. Hasta el momento, las autoridades no han identificado al hombre que portaba el arma ni su relaci\u00f3n con los colectiveros.<\/p>\n\n\n\n<h3 class=\"wp-block-heading has-text-color has-link-color wp-elements-87acd82ac853ca8afcbfa674761165eb\" style=\"color:#07099f\"><em>Inseguridad en el transporte p\u00fablico<\/em><\/h3>\n\n\n\n<p>Este caso expone, una vez m\u00e1s, la creciente inseguridad que enfrentan trabajadores y pasajeros del transporte p\u00fablico en el conurbano bonaerense. Los choferes, frecuentemente expuestos a situaciones de riesgo, reclaman mayor presencia de fuerzas de seguridad y medidas concretas que permitan evitar hechos violentos como el ocurrido en Moreno.<\/p>\n","protected":false},"excerpt":{"rendered":"<p>Un violento episodio sacudi\u00f3 este mi\u00e9rcoles a Moreno, cuando un pasajero atac\u00f3 con un cuchillo a un colectivero de la l\u00ednea 410 tras un enfrentamiento [&hellip;]<\/p>\n","protected":false},"author":1,"featured_media":11559,"comment_status":"open","ping_status":"open","sticky":false,"template":"","format":"standard","meta":{"footnotes":""},"categories":[13],"tags":[],"class_list":["post-11557","post","type-post","status-publish","format-standard","has-post-thumbnail","hentry","category-policiales"],"better_featured_image":{"id":11559,"alt_text":"","caption":"","description":"","media_type":"image","media_details":{"width":336,"height":526,"file":"2025\/01\/morenocole34.png","filesize":326961,"sizes":{"medium":{"file":"morenocole34-192x300.png","width":192,"height":300,"mime-type":"image\/png","filesize":76747,"source_url":"https:\/\/nuevodigitaldeescobar.com.ar\/wp-content\/uploads\/2025\/01\/morenocole34-192x300.png"},"thumbnail":{"file":"morenocole34-150x150.png","width":150,"height":150,"mime-type":"image\/png","filesize":33925,"source_url":"https:\/\/nuevodigitaldeescobar.com.ar\/wp-content\/uploads\/2025\/01\/morenocole34-150x150.png"}},"image_meta":{"aperture":"0","credit":"","camera":"","caption":"","created_timestamp":"0","copyright":"","focal_length":"0","iso":"0","shutter_speed":"0","title":"","orientation":"0","keywords":[]}},"post":11557,"source_url":"https:\/\/nuevodigitaldeescobar.com.ar\/wp-content\/uploads\/2025\/01\/morenocole34.png"},"yoast_head":"<!-- This site is optimized with the Yoast SEO plugin v26.1.1 - https:\/\/yoast.com\/wordpress\/plugins\/seo\/ -->\n<title>Moreno: un pasajero apu\u00f1al\u00f3 a un colectivero tras una discusi\u00f3n que escal\u00f3 a una violenta pelea - Nuevo Digital de Escobar<\/title>\n<meta name=\"robots\" content=\"index, follow, max-snippet:-1, max-image-preview:large, max-video-preview:-1\" \/>\n<link rel=\"canonical\" href=\"https:\/\/nuevodigitaldeescobar.com.ar\/?p=11557\" \/>\n<meta property=\"og:locale\" content=\"es_ES\" \/>\n<meta property=\"og:type\" content=\"article\" \/>\n<meta property=\"og:title\" content=\"Moreno: un pasajero apu\u00f1al\u00f3 a un colectivero tras una discusi\u00f3n que escal\u00f3 a una violenta pelea - Nuevo Digital de Escobar\" \/>\n<meta property=\"og:description\" content=\"Un violento episodio sacudi\u00f3 este mi\u00e9rcoles a Moreno, cuando un pasajero atac\u00f3 con un cuchillo a un colectivero de la l\u00ednea 410 tras un enfrentamiento [&hellip;]\" \/>\n<meta property=\"og:url\" content=\"https:\/\/nuevodigitaldeescobar.com.ar\/?p=11557\" \/>\n<meta property=\"og:site_name\" content=\"Nuevo Digital de Escobar\" \/>\n<meta property=\"article:publisher\" content=\"https:\/\/www.facebook.com\/NUEVODigitalDeEscobar\" \/>\n<meta property=\"article:published_time\" content=\"2025-01-23T01:12:33+00:00\" \/>\n<meta property=\"article:modified_time\" content=\"2025-01-23T01:12:37+00:00\" \/>\n<meta property=\"og:image\" content=\"https:\/\/nuevodigitaldeescobar.com.ar\/wp-content\/uploads\/2025\/01\/morenocole34.png\" \/>\n\t<meta property=\"og:image:width\" content=\"336\" \/>\n\t<meta property=\"og:image:height\" content=\"526\" \/>\n\t<meta property=\"og:image:type\" content=\"image\/png\" \/>\n<meta name=\"author\" content=\"Redacci\u00f3n\" \/>\n<meta name=\"twitter:card\" content=\"summary_large_image\" \/>\n<meta name=\"twitter:creator\" content=\"@nuevodigescobar\" \/>\n<meta name=\"twitter:site\" content=\"@nuevodigescobar\" \/>\n<meta name=\"twitter:label1\" content=\"Escrito por\" \/>\n\t<meta name=\"twitter:data1\" content=\"Redacci\u00f3n\" \/>\n\t<meta name=\"twitter:label2\" content=\"Tiempo de lectura\" \/>\n\t<meta name=\"twitter:data2\" content=\"2 minutos\" \/>\n<script type=\"application\/ld+json\" class=\"yoast-schema-graph\">{\"@context\":\"https:\/\/schema.org\",\"@graph\":[{\"@type\":\"Article\",\"@id\":\"https:\/\/nuevodigitaldeescobar.com.ar\/?p=11557#article\",\"isPartOf\":{\"@id\":\"https:\/\/nuevodigitaldeescobar.com.ar\/?p=11557\"},\"author\":{\"name\":\"Redacci\u00f3n\",\"@id\":\"https:\/\/nuevodigitaldeescobar.com.ar\/#\/schema\/person\/035e90a8efe9a80e6eec22656ad6ea4c\"},\"headline\":\"Moreno: un pasajero apu\u00f1al\u00f3 a un colectivero tras una discusi\u00f3n que escal\u00f3 a una violenta pelea\",\"datePublished\":\"2025-01-23T01:12:33+00:00\",\"dateModified\":\"2025-01-23T01:12:37+00:00\",\"mainEntityOfPage\":{\"@id\":\"https:\/\/nuevodigitaldeescobar.com.ar\/?p=11557\"},\"wordCount\":498,\"commentCount\":0,\"publisher\":{\"@id\":\"https:\/\/nuevodigitaldeescobar.com.ar\/#organization\"},\"image\":{\"@id\":\"https:\/\/nuevodigitaldeescobar.com.ar\/?p=11557#primaryimage\"},\"thumbnailUrl\":\"https:\/\/nuevodigitaldeescobar.com.ar\/wp-content\/uploads\/2025\/01\/morenocole34.png\",\"articleSection\":[\"Policiales\"],\"inLanguage\":\"es\",\"potentialAction\":[{\"@type\":\"CommentAction\",\"name\":\"Comment\",\"target\":[\"https:\/\/nuevodigitaldeescobar.com.ar\/?p=11557#respond\"]}]},{\"@type\":\"WebPage\",\"@id\":\"https:\/\/nuevodigitaldeescobar.com.ar\/?p=11557\",\"url\":\"https:\/\/nuevodigitaldeescobar.com.ar\/?p=11557\",\"name\":\"Moreno: un pasajero apu\u00f1al\u00f3 a un colectivero tras una discusi\u00f3n que escal\u00f3 a una violenta pelea - Nuevo Digital de Escobar\",\"isPartOf\":{\"@id\":\"https:\/\/nuevodigitaldeescobar.com.ar\/#website\"},\"primaryImageOfPage\":{\"@id\":\"https:\/\/nuevodigitaldeescobar.com.ar\/?p=11557#primaryimage\"},\"image\":{\"@id\":\"https:\/\/nuevodigitaldeescobar.com.ar\/?p=11557#primaryimage\"},\"thumbnailUrl\":\"https:\/\/nuevodigitaldeescobar.com.ar\/wp-content\/uploads\/2025\/01\/morenocole34.png\",\"datePublished\":\"2025-01-23T01:12:33+00:00\",\"dateModified\":\"2025-01-23T01:12:37+00:00\",\"breadcrumb\":{\"@id\":\"https:\/\/nuevodigitaldeescobar.com.ar\/?p=11557#breadcrumb\"},\"inLanguage\":\"es\",\"potentialAction\":[{\"@type\":\"ReadAction\",\"target\":[\"https:\/\/nuevodigitaldeescobar.com.ar\/?p=11557\"]}]},{\"@type\":\"ImageObject\",\"inLanguage\":\"es\",\"@id\":\"https:\/\/nuevodigitaldeescobar.com.ar\/?p=11557#primaryimage\",\"url\":\"https:\/\/nuevodigitaldeescobar.com.ar\/wp-content\/uploads\/2025\/01\/morenocole34.png\",\"contentUrl\":\"https:\/\/nuevodigitaldeescobar.com.ar\/wp-content\/uploads\/2025\/01\/morenocole34.png\",\"width\":336,\"height\":526},{\"@type\":\"BreadcrumbList\",\"@id\":\"https:\/\/nuevodigitaldeescobar.com.ar\/?p=11557#breadcrumb\",\"itemListElement\":[{\"@type\":\"ListItem\",\"position\":1,\"name\":\"Portada\",\"item\":\"https:\/\/nuevodigitaldeescobar.com.ar\/\"},{\"@type\":\"ListItem\",\"position\":2,\"name\":\"Moreno: un pasajero apu\u00f1al\u00f3 a un colectivero tras una discusi\u00f3n que escal\u00f3 a una violenta pelea\"}]},{\"@type\":\"WebSite\",\"@id\":\"https:\/\/nuevodigitaldeescobar.com.ar\/#website\",\"url\":\"https:\/\/nuevodigitaldeescobar.com.ar\/\",\"name\":\"Nuevo Digital de Escobar\",\"description\":\"La vida escobarense. Directora: Rosana Brunner\",\"publisher\":{\"@id\":\"https:\/\/nuevodigitaldeescobar.com.ar\/#organization\"},\"potentialAction\":[{\"@type\":\"SearchAction\",\"target\":{\"@type\":\"EntryPoint\",\"urlTemplate\":\"https:\/\/nuevodigitaldeescobar.com.ar\/?s={search_term_string}\"},\"query-input\":{\"@type\":\"PropertyValueSpecification\",\"valueRequired\":true,\"valueName\":\"search_term_string\"}}],\"inLanguage\":\"es\"},{\"@type\":\"Organization\",\"@id\":\"https:\/\/nuevodigitaldeescobar.com.ar\/#organization\",\"name\":\"Nuevo Digital de Escobar\",\"url\":\"https:\/\/nuevodigitaldeescobar.com.ar\/\",\"logo\":{\"@type\":\"ImageObject\",\"inLanguage\":\"es\",\"@id\":\"https:\/\/nuevodigitaldeescobar.com.ar\/#\/schema\/logo\/image\/\",\"url\":\"https:\/\/nuevodigitaldeescobar.com.ar\/wp-content\/uploads\/2025\/05\/cropped-logo-nuevo2.jpg\",\"contentUrl\":\"https:\/\/nuevodigitaldeescobar.com.ar\/wp-content\/uploads\/2025\/05\/cropped-logo-nuevo2.jpg\",\"width\":305,\"height\":305,\"caption\":\"Nuevo Digital de Escobar\"},\"image\":{\"@id\":\"https:\/\/nuevodigitaldeescobar.com.ar\/#\/schema\/logo\/image\/\"},\"sameAs\":[\"https:\/\/www.facebook.com\/NUEVODigitalDeEscobar\",\"https:\/\/x.com\/nuevodigescobar\",\"https:\/\/www.instagram.com\/nuevodigitaldeescobar\"]},{\"@type\":\"Person\",\"@id\":\"https:\/\/nuevodigitaldeescobar.com.ar\/#\/schema\/person\/035e90a8efe9a80e6eec22656ad6ea4c\",\"name\":\"Redacci\u00f3n\",\"image\":{\"@type\":\"ImageObject\",\"inLanguage\":\"es\",\"@id\":\"https:\/\/nuevodigitaldeescobar.com.ar\/#\/schema\/person\/image\/\",\"url\":\"https:\/\/secure.gravatar.com\/avatar\/8af8f40000c24e9eef3034f2be5998a372bb1389e64b1a4a36b3a7979142220d?s=96&d=mm&r=g\",\"contentUrl\":\"https:\/\/secure.gravatar.com\/avatar\/8af8f40000c24e9eef3034f2be5998a372bb1389e64b1a4a36b3a7979142220d?s=96&d=mm&r=g\",\"caption\":\"Redacci\u00f3n\"},\"sameAs\":[\"http:\/\/nuevodigitaldeescobar.com.ar\"],\"url\":\"https:\/\/nuevodigitaldeescobar.com.ar\/?author=1\"}]}<\/script>\n<!-- \/ Yoast SEO plugin. -->","yoast_head_json":{"title":"Moreno: un pasajero apu\u00f1al\u00f3 a un colectivero tras una discusi\u00f3n que escal\u00f3 a una violenta pelea - Nuevo Digital de Escobar","robots":{"index":"index","follow":"follow","max-snippet":"max-snippet:-1","max-image-preview":"max-image-preview:large","max-video-preview":"max-video-preview:-1"},"canonical":"https:\/\/nuevodigitaldeescobar.com.ar\/?p=11557","og_locale":"es_ES","og_type":"article","og_title":"Moreno: un pasajero apu\u00f1al\u00f3 a un colectivero tras una discusi\u00f3n que escal\u00f3 a una violenta pelea - Nuevo Digital de Escobar","og_description":"Un violento episodio sacudi\u00f3 este mi\u00e9rcoles a Moreno, cuando un pasajero atac\u00f3 con un cuchillo a un colectivero de la l\u00ednea 410 tras un enfrentamiento [&hellip;]","og_url":"https:\/\/nuevodigitaldeescobar.com.ar\/?p=11557","og_site_name":"Nuevo Digital de Escobar","article_publisher":"https:\/\/www.facebook.com\/NUEVODigitalDeEscobar","article_published_time":"2025-01-23T01:12:33+00:00","article_modified_time":"2025-01-23T01:12:37+00:00","og_image":[{"width":336,"height":526,"url":"https:\/\/nuevodigitaldeescobar.com.ar\/wp-content\/uploads\/2025\/01\/morenocole34.png","type":"image\/png"}],"author":"Redacci\u00f3n","twitter_card":"summary_large_image","twitter_creator":"@nuevodigescobar","twitter_site":"@nuevodigescobar","twitter_misc":{"Escrito por":"Redacci\u00f3n","Tiempo de lectura":"2 minutos"},"schema":{"@context":"https:\/\/schema.org","@graph":[{"@type":"Article","@id":"https:\/\/nuevodigitaldeescobar.com.ar\/?p=11557#article","isPartOf":{"@id":"https:\/\/nuevodigitaldeescobar.com.ar\/?p=11557"},"author":{"name":"Redacci\u00f3n","@id":"https:\/\/nuevodigitaldeescobar.com.ar\/#\/schema\/person\/035e90a8efe9a80e6eec22656ad6ea4c"},"headline":"Moreno: un pasajero apu\u00f1al\u00f3 a un colectivero tras una discusi\u00f3n que escal\u00f3 a una violenta pelea","datePublished":"2025-01-23T01:12:33+00:00","dateModified":"2025-01-23T01:12:37+00:00","mainEntityOfPage":{"@id":"https:\/\/nuevodigitaldeescobar.com.ar\/?p=11557"},"wordCount":498,"commentCount":0,"publisher":{"@id":"https:\/\/nuevodigitaldeescobar.com.ar\/#organization"},"image":{"@id":"https:\/\/nuevodigitaldeescobar.com.ar\/?p=11557#primaryimage"},"thumbnailUrl":"https:\/\/nuevodigitaldeescobar.com.ar\/wp-content\/uploads\/2025\/01\/morenocole34.png","articleSection":["Policiales"],"inLanguage":"es","potentialAction":[{"@type":"CommentAction","name":"Comment","target":["https:\/\/nuevodigitaldeescobar.com.ar\/?p=11557#respond"]}]},{"@type":"WebPage","@id":"https:\/\/nuevodigitaldeescobar.com.ar\/?p=11557","url":"https:\/\/nuevodigitaldeescobar.com.ar\/?p=11557","name":"Moreno: un pasajero apu\u00f1al\u00f3 a un colectivero tras una discusi\u00f3n que escal\u00f3 a una violenta pelea - Nuevo Digital de Escobar","isPartOf":{"@id":"https:\/\/nuevodigitaldeescobar.com.ar\/#website"},"primaryImageOfPage":{"@id":"https:\/\/nuevodigitaldeescobar.com.ar\/?p=11557#primaryimage"},"image":{"@id":"https:\/\/nuevodigitaldeescobar.com.ar\/?p=11557#primaryimage"},"thumbnailUrl":"https:\/\/nuevodigitaldeescobar.com.ar\/wp-content\/uploads\/2025\/01\/morenocole34.png","datePublished":"2025-01-23T01:12:33+00:00","dateModified":"2025-01-23T01:12:37+00:00","breadcrumb":{"@id":"https:\/\/nuevodigitaldeescobar.com.ar\/?p=11557#breadcrumb"},"inLanguage":"es","potentialAction":[{"@type":"ReadAction","target":["https:\/\/nuevodigitaldeescobar.com.ar\/?p=11557"]}]},{"@type":"ImageObject","inLanguage":"es","@id":"https:\/\/nuevodigitaldeescobar.com.ar\/?p=11557#primaryimage","url":"https:\/\/nuevodigitaldeescobar.com.ar\/wp-content\/uploads\/2025\/01\/morenocole34.png","contentUrl":"https:\/\/nuevodigitaldeescobar.com.ar\/wp-content\/uploads\/2025\/01\/morenocole34.png","width":336,"height":526},{"@type":"BreadcrumbList","@id":"https:\/\/nuevodigitaldeescobar.com.ar\/?p=11557#breadcrumb","itemListElement":[{"@type":"ListItem","position":1,"name":"Portada","item":"https:\/\/nuevodigitaldeescobar.com.ar\/"},{"@type":"ListItem","position":2,"name":"Moreno: un pasajero apu\u00f1al\u00f3 a un colectivero tras una discusi\u00f3n que escal\u00f3 a una violenta pelea"}]},{"@type":"WebSite","@id":"https:\/\/nuevodigitaldeescobar.com.ar\/#website","url":"https:\/\/nuevodigitaldeescobar.com.ar\/","name":"Nuevo Digital de Escobar","description":"La vida escobarense. Directora: Rosana Brunner","publisher":{"@id":"https:\/\/nuevodigitaldeescobar.com.ar\/#organization"},"potentialAction":[{"@type":"SearchAction","target":{"@type":"EntryPoint","urlTemplate":"https:\/\/nuevodigitaldeescobar.com.ar\/?s={search_term_string}"},"query-input":{"@type":"PropertyValueSpecification","valueRequired":true,"valueName":"search_term_string"}}],"inLanguage":"es"},{"@type":"Organization","@id":"https:\/\/nuevodigitaldeescobar.com.ar\/#organization","name":"Nuevo Digital de Escobar","url":"https:\/\/nuevodigitaldeescobar.com.ar\/","logo":{"@type":"ImageObject","inLanguage":"es","@id":"https:\/\/nuevodigitaldeescobar.com.ar\/#\/schema\/logo\/image\/","url":"https:\/\/nuevodigitaldeescobar.com.ar\/wp-content\/uploads\/2025\/05\/cropped-logo-nuevo2.jpg","contentUrl":"https:\/\/nuevodigitaldeescobar.com.ar\/wp-content\/uploads\/2025\/05\/cropped-logo-nuevo2.jpg","width":305,"height":305,"caption":"Nuevo Digital de Escobar"},"image":{"@id":"https:\/\/nuevodigitaldeescobar.com.ar\/#\/schema\/logo\/image\/"},"sameAs":["https:\/\/www.facebook.com\/NUEVODigitalDeEscobar","https:\/\/x.com\/nuevodigescobar","https:\/\/www.instagram.com\/nuevodigitaldeescobar"]},{"@type":"Person","@id":"https:\/\/nuevodigitaldeescobar.com.ar\/#\/schema\/person\/035e90a8efe9a80e6eec22656ad6ea4c","name":"Redacci\u00f3n","image":{"@type":"ImageObject","inLanguage":"es","@id":"https:\/\/nuevodigitaldeescobar.com.ar\/#\/schema\/person\/image\/","url":"https:\/\/secure.gravatar.com\/avatar\/8af8f40000c24e9eef3034f2be5998a372bb1389e64b1a4a36b3a7979142220d?s=96&d=mm&r=g","contentUrl":"https:\/\/secure.gravatar.com\/avatar\/8af8f40000c24e9eef3034f2be5998a372bb1389e64b1a4a36b3a7979142220d?s=96&d=mm&r=g","caption":"Redacci\u00f3n"},"sameAs":["http:\/\/nuevodigitaldeescobar.com.ar"],"url":"https:\/\/nuevodigitaldeescobar.com.ar\/?author=1"}]}},"featured_image_urls":{"full":["https:\/\/nuevodigitaldeescobar.com.ar\/wp-content\/uploads\/2025\/01\/morenocole34.png",336,526,false],"thumbnail":["https:\/\/nuevodigitaldeescobar.com.ar\/wp-content\/uploads\/2025\/01\/morenocole34-150x150.png",150,150,true],"medium":["https:\/\/nuevodigitaldeescobar.com.ar\/wp-content\/uploads\/2025\/01\/morenocole34-192x300.png",192,300,true],"medium_large":["https:\/\/nuevodigitaldeescobar.com.ar\/wp-content\/uploads\/2025\/01\/morenocole34.png",336,526,false],"large":["https:\/\/nuevodigitaldeescobar.com.ar\/wp-content\/uploads\/2025\/01\/morenocole34.png",336,526,false],"1536x1536":["https:\/\/nuevodigitaldeescobar.com.ar\/wp-content\/uploads\/2025\/01\/morenocole34.png",336,526,false],"2048x2048":["https:\/\/nuevodigitaldeescobar.com.ar\/wp-content\/uploads\/2025\/01\/morenocole34.png",336,526,false]},"author_info":{"display_name":"Redacci\u00f3n","author_link":"https:\/\/nuevodigitaldeescobar.com.ar\/?author=1"},"category_info":"<a href=\"https:\/\/nuevodigitaldeescobar.com.ar\/?cat=13\" rel=\"category\">Policiales<\/a>","tag_info":"Policiales","comment_count":"0","_links":{"self":[{"href":"https:\/\/nuevodigitaldeescobar.com.ar\/index.php?rest_route=\/wp\/v2\/posts\/11557","targetHints":{"allow":["GET"]}}],"collection":[{"href":"https:\/\/nuevodigitaldeescobar.com.ar\/index.php?rest_route=\/wp\/v2\/posts"}],"about":[{"href":"https:\/\/nuevodigitaldeescobar.com.ar\/index.php?rest_route=\/wp\/v2\/types\/post"}],"author":[{"embeddable":true,"href":"https:\/\/nuevodigitaldeescobar.com.ar\/index.php?rest_route=\/wp\/v2\/users\/1"}],"replies":[{"embeddable":true,"href":"https:\/\/nuevodigitaldeescobar.com.ar\/index.php?rest_route=%2Fwp%2Fv2%2Fcomments&post=11557"}],"version-history":[{"count":1,"href":"https:\/\/nuevodigitaldeescobar.com.ar\/index.php?rest_route=\/wp\/v2\/posts\/11557\/revisions"}],"predecessor-version":[{"id":11560,"href":"https:\/\/nuevodigitaldeescobar.com.ar\/index.php?rest_route=\/wp\/v2\/posts\/11557\/revisions\/11560"}],"wp:featuredmedia":[{"embeddable":true,"href":"https:\/\/nuevodigitaldeescobar.com.ar\/index.php?rest_route=\/wp\/v2\/media\/11559"}],"wp:attachment":[{"href":"https:\/\/nuevodigitaldeescobar.com.ar\/index.php?rest_route=%2Fwp%2Fv2%2Fmedia&parent=11557"}],"wp:term":[{"taxonomy":"category","embeddable":true,"href":"https:\/\/nuevodigitaldeescobar.com.ar\/index.php?rest_route=%2Fwp%2Fv2%2Fcategories&post=11557"},{"taxonomy":"post_tag","embeddable":true,"href":"https:\/\/nuevodigitaldeescobar.com.ar\/index.php?rest_route=%2Fwp%2Fv2%2Ftags&post=11557"}],"curies":[{"name":"wp","href":"https:\/\/api.w.org\/{rel}","templated":true}]}}