{"id":11710,"date":"2025-01-28T12:27:38","date_gmt":"2025-01-28T15:27:38","guid":{"rendered":"https:\/\/nuevodigitaldeescobar.com.ar\/?p=11710"},"modified":"2025-01-28T12:27:50","modified_gmt":"2025-01-28T15:27:50","slug":"comienza-a-regir-la-baja-de-retenciones-medidas-clave-para-economias-regionales-y-productores","status":"publish","type":"post","link":"https:\/\/nuevodigitaldeescobar.com.ar\/?p=11710","title":{"rendered":"Comienza a regir la baja de retenciones: medidas clave para econom\u00edas regionales y productores"},"content":{"rendered":"\n<p class=\"has-vivid-cyan-blue-color has-text-color has-link-color wp-elements-75a99ab44c53ffcaca7c9665d56a3007\"><em><strong>Desde este lunes, la reducci\u00f3n de retenciones para productos agr\u00edcolas y la eliminaci\u00f3n de aranceles para las econom\u00edas regionales entraron en vigencia tras la publicaci\u00f3n del Decreto 38\/25 en el Bolet\u00edn Oficial. La normativa lleva las firmas del presidente Javier Milei, el jefe de Gabinete Guillermo Francos y el ministro de Econom\u00eda Luis Caputo, y estar\u00e1 vigente hasta el 30 de junio.<\/strong><\/em><\/p>\n\n\n\n<!--more-->\n\n\n\n<p>La medida busca potenciar las exportaciones, mejorar los ingresos de los productores y fomentar el desarrollo de las econom\u00edas regionales. Seg\u00fan el Decreto, para acceder al beneficio, los exportadores deber\u00e1n liquidar el 95% de lo declarado en los \u00faltimos 15 d\u00edas en la Declaraci\u00f3n Jurada de Venta al Exterior (DJVE). En caso de incumplimiento, se aplicar\u00e1 la al\u00edcuota anterior. La Agencia de Recaudaci\u00f3n y Control Aduanero (ARCA) y el Banco Central ser\u00e1n responsables de monitorear el correcto funcionamiento del mecanismo.<\/p>\n\n\n\n<h3 class=\"wp-block-heading has-text-color has-link-color wp-elements-bfcf76c4dd3eff78aaee55ccdf099b80\" style=\"color:#0703a6\"><em>Impacto en los principales cultivos y econom\u00edas regionales<\/em><\/h3>\n\n\n\n<p>El anuncio incluye una reducci\u00f3n temporal del 20% en los derechos de exportaci\u00f3n de productos clave, con el objetivo de aliviar la presi\u00f3n fiscal sobre el sector agroindustrial en un contexto de sequ\u00eda que afecta al pa\u00eds. Los nuevos aranceles ser\u00e1n:<\/p>\n\n\n\n<ul class=\"wp-block-list\">\n<li><strong>Soja (poroto):<\/strong> del 33% al 26%.<\/li>\n\n\n\n<li><strong>Soja (aceite y harina):<\/strong> del 31% al 24,5%.<\/li>\n\n\n\n<li><strong>Trigo, cebada, sorgo y ma\u00edz:<\/strong> del 12% al 9,5%.<\/li>\n\n\n\n<li><strong>Girasol:<\/strong> del 7% al 5,5%.<\/li>\n<\/ul>\n\n\n\n<p>Asimismo, se eliminaron las retenciones para productos de econom\u00edas regionales, beneficiando a sectores como az\u00facar, tabaco, cuero bovino, forestoindustria, algod\u00f3n, arroz, man\u00ed y bebidas, entre otros. Seg\u00fan datos oficiales, estos bienes representaron m\u00e1s de 1.100 millones de d\u00f3lares en exportaciones durante 2024.<\/p>\n\n\n\n<h3 class=\"wp-block-heading has-text-color has-link-color wp-elements-e72cbc81c8f167675a01039d8cd1add9\" style=\"color:#0703a6\"><em>Declaraciones oficiales<\/em><\/h3>\n\n\n\n<p>La Secretar\u00eda de Comercio destac\u00f3 que esta medida refleja la intenci\u00f3n del Gobierno de <em>\u00abreducir el peso del Estado sobre los sectores productivos\u00bb<\/em> y colaborar con el sector agr\u00edcola en un contexto econ\u00f3mico adverso.<\/p>\n\n\n\n<p>Adem\u00e1s, el comunicado oficial subray\u00f3 que estas modificaciones tienen como meta <em>\u00abfortalecer el arraigo y desarrollo de las econom\u00edas regionales, mejorar los ingresos de los productores y elevar la calidad de los productos destinados al mercado externo\u00bb<\/em>.<\/p>\n\n\n\n<h3 class=\"wp-block-heading has-text-color has-link-color wp-elements-4e625466a901c69d64507e120876cba8\" style=\"color:#0703a6\"><em>Beneficio temporal y supervisi\u00f3n estricta<\/em><\/h3>\n\n\n\n<p>La vigencia de esta reducci\u00f3n de retenciones es temporal y estar\u00e1 sujeta al cumplimiento estricto de la liquidaci\u00f3n de exportaciones. La implementaci\u00f3n de estos cambios ser\u00e1 monitoreada cuidadosamente por las autoridades aduaneras y financieras, que buscan garantizar el cumplimiento de las nuevas disposiciones.<\/p>\n\n\n\n<p>De este modo, el Gobierno apuesta a reactivar la econom\u00eda a trav\u00e9s del campo, incentivando las exportaciones y promoviendo el desarrollo regional como un motor clave para la recuperaci\u00f3n econ\u00f3mica del pa\u00eds.<\/p>\n","protected":false},"excerpt":{"rendered":"<p>Desde este lunes, la reducci\u00f3n de retenciones para productos agr\u00edcolas y la eliminaci\u00f3n de aranceles para las econom\u00edas regionales entraron en vigencia tras la publicaci\u00f3n [&hellip;]<\/p>\n","protected":false},"author":1,"featured_media":11711,"comment_status":"open","ping_status":"open","sticky":false,"template":"","format":"standard","meta":{"footnotes":""},"categories":[10],"tags":[],"class_list":["post-11710","post","type-post","status-publish","format-standard","has-post-thumbnail","hentry","category-economia"],"better_featured_image":{"id":11711,"alt_text":"","caption":"","description":"","media_type":"image","media_details":{"width":960,"height":540,"file":"2025\/01\/campo4544.webp","filesize":59604,"sizes":{"medium":{"file":"campo4544-300x169.webp","width":300,"height":169,"mime-type":"image\/webp","filesize":11328,"source_url":"https:\/\/nuevodigitaldeescobar.com.ar\/wp-content\/uploads\/2025\/01\/campo4544-300x169.webp"},"thumbnail":{"file":"campo4544-150x150.webp","width":150,"height":150,"mime-type":"image\/webp","filesize":5836,"source_url":"https:\/\/nuevodigitaldeescobar.com.ar\/wp-content\/uploads\/2025\/01\/campo4544-150x150.webp"},"medium_large":{"file":"campo4544-768x432.webp","width":768,"height":432,"mime-type":"image\/webp","filesize":53318,"source_url":"https:\/\/nuevodigitaldeescobar.com.ar\/wp-content\/uploads\/2025\/01\/campo4544-768x432.webp"}},"image_meta":{"aperture":"0","credit":"","camera":"","caption":"","created_timestamp":"0","copyright":"","focal_length":"0","iso":"0","shutter_speed":"0","title":"","orientation":"0","keywords":[]}},"post":11710,"source_url":"https:\/\/nuevodigitaldeescobar.com.ar\/wp-content\/uploads\/2025\/01\/campo4544.webp"},"yoast_head":"<!-- This site is optimized with the Yoast SEO plugin v26.1.1 - https:\/\/yoast.com\/wordpress\/plugins\/seo\/ -->\n<title>Comienza a regir la baja de retenciones: medidas clave para econom\u00edas regionales y productores - Nuevo Digital de Escobar<\/title>\n<meta name=\"robots\" content=\"index, follow, max-snippet:-1, max-image-preview:large, max-video-preview:-1\" \/>\n<link rel=\"canonical\" href=\"https:\/\/nuevodigitaldeescobar.com.ar\/?p=11710\" \/>\n<meta property=\"og:locale\" content=\"es_ES\" \/>\n<meta property=\"og:type\" content=\"article\" \/>\n<meta property=\"og:title\" content=\"Comienza a regir la baja de retenciones: medidas clave para econom\u00edas regionales y productores - Nuevo Digital de Escobar\" \/>\n<meta property=\"og:description\" content=\"Desde este lunes, la reducci\u00f3n de retenciones para productos agr\u00edcolas y la eliminaci\u00f3n de aranceles para las econom\u00edas regionales entraron en vigencia tras la publicaci\u00f3n [&hellip;]\" \/>\n<meta property=\"og:url\" content=\"https:\/\/nuevodigitaldeescobar.com.ar\/?p=11710\" \/>\n<meta property=\"og:site_name\" content=\"Nuevo Digital de Escobar\" \/>\n<meta property=\"article:publisher\" content=\"https:\/\/www.facebook.com\/NUEVODigitalDeEscobar\" \/>\n<meta property=\"article:published_time\" content=\"2025-01-28T15:27:38+00:00\" \/>\n<meta property=\"article:modified_time\" content=\"2025-01-28T15:27:50+00:00\" \/>\n<meta property=\"og:image\" content=\"https:\/\/nuevodigitaldeescobar.com.ar\/wp-content\/uploads\/2025\/01\/campo4544.webp\" \/>\n\t<meta property=\"og:image:width\" content=\"960\" \/>\n\t<meta property=\"og:image:height\" content=\"540\" \/>\n\t<meta property=\"og:image:type\" content=\"image\/webp\" \/>\n<meta name=\"author\" content=\"Redacci\u00f3n\" \/>\n<meta name=\"twitter:card\" content=\"summary_large_image\" \/>\n<meta name=\"twitter:creator\" content=\"@nuevodigescobar\" \/>\n<meta name=\"twitter:site\" content=\"@nuevodigescobar\" \/>\n<meta name=\"twitter:label1\" content=\"Escrito por\" \/>\n\t<meta name=\"twitter:data1\" content=\"Redacci\u00f3n\" \/>\n\t<meta name=\"twitter:label2\" content=\"Tiempo de lectura\" \/>\n\t<meta name=\"twitter:data2\" content=\"2 minutos\" \/>\n<script type=\"application\/ld+json\" class=\"yoast-schema-graph\">{\"@context\":\"https:\/\/schema.org\",\"@graph\":[{\"@type\":\"Article\",\"@id\":\"https:\/\/nuevodigitaldeescobar.com.ar\/?p=11710#article\",\"isPartOf\":{\"@id\":\"https:\/\/nuevodigitaldeescobar.com.ar\/?p=11710\"},\"author\":{\"name\":\"Redacci\u00f3n\",\"@id\":\"https:\/\/nuevodigitaldeescobar.com.ar\/#\/schema\/person\/035e90a8efe9a80e6eec22656ad6ea4c\"},\"headline\":\"Comienza a regir la baja de retenciones: medidas clave para econom\u00edas regionales y productores\",\"datePublished\":\"2025-01-28T15:27:38+00:00\",\"dateModified\":\"2025-01-28T15:27:50+00:00\",\"mainEntityOfPage\":{\"@id\":\"https:\/\/nuevodigitaldeescobar.com.ar\/?p=11710\"},\"wordCount\":458,\"commentCount\":0,\"publisher\":{\"@id\":\"https:\/\/nuevodigitaldeescobar.com.ar\/#organization\"},\"image\":{\"@id\":\"https:\/\/nuevodigitaldeescobar.com.ar\/?p=11710#primaryimage\"},\"thumbnailUrl\":\"https:\/\/nuevodigitaldeescobar.com.ar\/wp-content\/uploads\/2025\/01\/campo4544.webp\",\"articleSection\":[\"Econom\u00eda\"],\"inLanguage\":\"es\",\"potentialAction\":[{\"@type\":\"CommentAction\",\"name\":\"Comment\",\"target\":[\"https:\/\/nuevodigitaldeescobar.com.ar\/?p=11710#respond\"]}]},{\"@type\":\"WebPage\",\"@id\":\"https:\/\/nuevodigitaldeescobar.com.ar\/?p=11710\",\"url\":\"https:\/\/nuevodigitaldeescobar.com.ar\/?p=11710\",\"name\":\"Comienza a regir la baja de retenciones: medidas clave para econom\u00edas regionales y productores - Nuevo Digital de Escobar\",\"isPartOf\":{\"@id\":\"https:\/\/nuevodigitaldeescobar.com.ar\/#website\"},\"primaryImageOfPage\":{\"@id\":\"https:\/\/nuevodigitaldeescobar.com.ar\/?p=11710#primaryimage\"},\"image\":{\"@id\":\"https:\/\/nuevodigitaldeescobar.com.ar\/?p=11710#primaryimage\"},\"thumbnailUrl\":\"https:\/\/nuevodigitaldeescobar.com.ar\/wp-content\/uploads\/2025\/01\/campo4544.webp\",\"datePublished\":\"2025-01-28T15:27:38+00:00\",\"dateModified\":\"2025-01-28T15:27:50+00:00\",\"breadcrumb\":{\"@id\":\"https:\/\/nuevodigitaldeescobar.com.ar\/?p=11710#breadcrumb\"},\"inLanguage\":\"es\",\"potentialAction\":[{\"@type\":\"ReadAction\",\"target\":[\"https:\/\/nuevodigitaldeescobar.com.ar\/?p=11710\"]}]},{\"@type\":\"ImageObject\",\"inLanguage\":\"es\",\"@id\":\"https:\/\/nuevodigitaldeescobar.com.ar\/?p=11710#primaryimage\",\"url\":\"https:\/\/nuevodigitaldeescobar.com.ar\/wp-content\/uploads\/2025\/01\/campo4544.webp\",\"contentUrl\":\"https:\/\/nuevodigitaldeescobar.com.ar\/wp-content\/uploads\/2025\/01\/campo4544.webp\",\"width\":960,\"height\":540},{\"@type\":\"BreadcrumbList\",\"@id\":\"https:\/\/nuevodigitaldeescobar.com.ar\/?p=11710#breadcrumb\",\"itemListElement\":[{\"@type\":\"ListItem\",\"position\":1,\"name\":\"Portada\",\"item\":\"https:\/\/nuevodigitaldeescobar.com.ar\/\"},{\"@type\":\"ListItem\",\"position\":2,\"name\":\"Comienza a regir la baja de retenciones: medidas clave para econom\u00edas regionales y productores\"}]},{\"@type\":\"WebSite\",\"@id\":\"https:\/\/nuevodigitaldeescobar.com.ar\/#website\",\"url\":\"https:\/\/nuevodigitaldeescobar.com.ar\/\",\"name\":\"Nuevo Digital de Escobar\",\"description\":\"La vida escobarense. Directora: Rosana Brunner\",\"publisher\":{\"@id\":\"https:\/\/nuevodigitaldeescobar.com.ar\/#organization\"},\"potentialAction\":[{\"@type\":\"SearchAction\",\"target\":{\"@type\":\"EntryPoint\",\"urlTemplate\":\"https:\/\/nuevodigitaldeescobar.com.ar\/?s={search_term_string}\"},\"query-input\":{\"@type\":\"PropertyValueSpecification\",\"valueRequired\":true,\"valueName\":\"search_term_string\"}}],\"inLanguage\":\"es\"},{\"@type\":\"Organization\",\"@id\":\"https:\/\/nuevodigitaldeescobar.com.ar\/#organization\",\"name\":\"Nuevo Digital de Escobar\",\"url\":\"https:\/\/nuevodigitaldeescobar.com.ar\/\",\"logo\":{\"@type\":\"ImageObject\",\"inLanguage\":\"es\",\"@id\":\"https:\/\/nuevodigitaldeescobar.com.ar\/#\/schema\/logo\/image\/\",\"url\":\"https:\/\/nuevodigitaldeescobar.com.ar\/wp-content\/uploads\/2025\/05\/cropped-logo-nuevo2.jpg\",\"contentUrl\":\"https:\/\/nuevodigitaldeescobar.com.ar\/wp-content\/uploads\/2025\/05\/cropped-logo-nuevo2.jpg\",\"width\":305,\"height\":305,\"caption\":\"Nuevo Digital de Escobar\"},\"image\":{\"@id\":\"https:\/\/nuevodigitaldeescobar.com.ar\/#\/schema\/logo\/image\/\"},\"sameAs\":[\"https:\/\/www.facebook.com\/NUEVODigitalDeEscobar\",\"https:\/\/x.com\/nuevodigescobar\",\"https:\/\/www.instagram.com\/nuevodigitaldeescobar\"]},{\"@type\":\"Person\",\"@id\":\"https:\/\/nuevodigitaldeescobar.com.ar\/#\/schema\/person\/035e90a8efe9a80e6eec22656ad6ea4c\",\"name\":\"Redacci\u00f3n\",\"image\":{\"@type\":\"ImageObject\",\"inLanguage\":\"es\",\"@id\":\"https:\/\/nuevodigitaldeescobar.com.ar\/#\/schema\/person\/image\/\",\"url\":\"https:\/\/secure.gravatar.com\/avatar\/8af8f40000c24e9eef3034f2be5998a372bb1389e64b1a4a36b3a7979142220d?s=96&d=mm&r=g\",\"contentUrl\":\"https:\/\/secure.gravatar.com\/avatar\/8af8f40000c24e9eef3034f2be5998a372bb1389e64b1a4a36b3a7979142220d?s=96&d=mm&r=g\",\"caption\":\"Redacci\u00f3n\"},\"sameAs\":[\"http:\/\/nuevodigitaldeescobar.com.ar\"],\"url\":\"https:\/\/nuevodigitaldeescobar.com.ar\/?author=1\"}]}<\/script>\n<!-- \/ Yoast SEO plugin. -->","yoast_head_json":{"title":"Comienza a regir la baja de retenciones: medidas clave para econom\u00edas regionales y productores - Nuevo Digital de Escobar","robots":{"index":"index","follow":"follow","max-snippet":"max-snippet:-1","max-image-preview":"max-image-preview:large","max-video-preview":"max-video-preview:-1"},"canonical":"https:\/\/nuevodigitaldeescobar.com.ar\/?p=11710","og_locale":"es_ES","og_type":"article","og_title":"Comienza a regir la baja de retenciones: medidas clave para econom\u00edas regionales y productores - Nuevo Digital de Escobar","og_description":"Desde este lunes, la reducci\u00f3n de retenciones para productos agr\u00edcolas y la eliminaci\u00f3n de aranceles para las econom\u00edas regionales entraron en vigencia tras la publicaci\u00f3n [&hellip;]","og_url":"https:\/\/nuevodigitaldeescobar.com.ar\/?p=11710","og_site_name":"Nuevo Digital de Escobar","article_publisher":"https:\/\/www.facebook.com\/NUEVODigitalDeEscobar","article_published_time":"2025-01-28T15:27:38+00:00","article_modified_time":"2025-01-28T15:27:50+00:00","og_image":[{"width":960,"height":540,"url":"https:\/\/nuevodigitaldeescobar.com.ar\/wp-content\/uploads\/2025\/01\/campo4544.webp","type":"image\/webp"}],"author":"Redacci\u00f3n","twitter_card":"summary_large_image","twitter_creator":"@nuevodigescobar","twitter_site":"@nuevodigescobar","twitter_misc":{"Escrito por":"Redacci\u00f3n","Tiempo de lectura":"2 minutos"},"schema":{"@context":"https:\/\/schema.org","@graph":[{"@type":"Article","@id":"https:\/\/nuevodigitaldeescobar.com.ar\/?p=11710#article","isPartOf":{"@id":"https:\/\/nuevodigitaldeescobar.com.ar\/?p=11710"},"author":{"name":"Redacci\u00f3n","@id":"https:\/\/nuevodigitaldeescobar.com.ar\/#\/schema\/person\/035e90a8efe9a80e6eec22656ad6ea4c"},"headline":"Comienza a regir la baja de retenciones: medidas clave para econom\u00edas regionales y productores","datePublished":"2025-01-28T15:27:38+00:00","dateModified":"2025-01-28T15:27:50+00:00","mainEntityOfPage":{"@id":"https:\/\/nuevodigitaldeescobar.com.ar\/?p=11710"},"wordCount":458,"commentCount":0,"publisher":{"@id":"https:\/\/nuevodigitaldeescobar.com.ar\/#organization"},"image":{"@id":"https:\/\/nuevodigitaldeescobar.com.ar\/?p=11710#primaryimage"},"thumbnailUrl":"https:\/\/nuevodigitaldeescobar.com.ar\/wp-content\/uploads\/2025\/01\/campo4544.webp","articleSection":["Econom\u00eda"],"inLanguage":"es","potentialAction":[{"@type":"CommentAction","name":"Comment","target":["https:\/\/nuevodigitaldeescobar.com.ar\/?p=11710#respond"]}]},{"@type":"WebPage","@id":"https:\/\/nuevodigitaldeescobar.com.ar\/?p=11710","url":"https:\/\/nuevodigitaldeescobar.com.ar\/?p=11710","name":"Comienza a regir la baja de retenciones: medidas clave para econom\u00edas regionales y productores - Nuevo Digital de Escobar","isPartOf":{"@id":"https:\/\/nuevodigitaldeescobar.com.ar\/#website"},"primaryImageOfPage":{"@id":"https:\/\/nuevodigitaldeescobar.com.ar\/?p=11710#primaryimage"},"image":{"@id":"https:\/\/nuevodigitaldeescobar.com.ar\/?p=11710#primaryimage"},"thumbnailUrl":"https:\/\/nuevodigitaldeescobar.com.ar\/wp-content\/uploads\/2025\/01\/campo4544.webp","datePublished":"2025-01-28T15:27:38+00:00","dateModified":"2025-01-28T15:27:50+00:00","breadcrumb":{"@id":"https:\/\/nuevodigitaldeescobar.com.ar\/?p=11710#breadcrumb"},"inLanguage":"es","potentialAction":[{"@type":"ReadAction","target":["https:\/\/nuevodigitaldeescobar.com.ar\/?p=11710"]}]},{"@type":"ImageObject","inLanguage":"es","@id":"https:\/\/nuevodigitaldeescobar.com.ar\/?p=11710#primaryimage","url":"https:\/\/nuevodigitaldeescobar.com.ar\/wp-content\/uploads\/2025\/01\/campo4544.webp","contentUrl":"https:\/\/nuevodigitaldeescobar.com.ar\/wp-content\/uploads\/2025\/01\/campo4544.webp","width":960,"height":540},{"@type":"BreadcrumbList","@id":"https:\/\/nuevodigitaldeescobar.com.ar\/?p=11710#breadcrumb","itemListElement":[{"@type":"ListItem","position":1,"name":"Portada","item":"https:\/\/nuevodigitaldeescobar.com.ar\/"},{"@type":"ListItem","position":2,"name":"Comienza a regir la baja de retenciones: medidas clave para econom\u00edas regionales y productores"}]},{"@type":"WebSite","@id":"https:\/\/nuevodigitaldeescobar.com.ar\/#website","url":"https:\/\/nuevodigitaldeescobar.com.ar\/","name":"Nuevo Digital de Escobar","description":"La vida escobarense. Directora: Rosana Brunner","publisher":{"@id":"https:\/\/nuevodigitaldeescobar.com.ar\/#organization"},"potentialAction":[{"@type":"SearchAction","target":{"@type":"EntryPoint","urlTemplate":"https:\/\/nuevodigitaldeescobar.com.ar\/?s={search_term_string}"},"query-input":{"@type":"PropertyValueSpecification","valueRequired":true,"valueName":"search_term_string"}}],"inLanguage":"es"},{"@type":"Organization","@id":"https:\/\/nuevodigitaldeescobar.com.ar\/#organization","name":"Nuevo Digital de Escobar","url":"https:\/\/nuevodigitaldeescobar.com.ar\/","logo":{"@type":"ImageObject","inLanguage":"es","@id":"https:\/\/nuevodigitaldeescobar.com.ar\/#\/schema\/logo\/image\/","url":"https:\/\/nuevodigitaldeescobar.com.ar\/wp-content\/uploads\/2025\/05\/cropped-logo-nuevo2.jpg","contentUrl":"https:\/\/nuevodigitaldeescobar.com.ar\/wp-content\/uploads\/2025\/05\/cropped-logo-nuevo2.jpg","width":305,"height":305,"caption":"Nuevo Digital de Escobar"},"image":{"@id":"https:\/\/nuevodigitaldeescobar.com.ar\/#\/schema\/logo\/image\/"},"sameAs":["https:\/\/www.facebook.com\/NUEVODigitalDeEscobar","https:\/\/x.com\/nuevodigescobar","https:\/\/www.instagram.com\/nuevodigitaldeescobar"]},{"@type":"Person","@id":"https:\/\/nuevodigitaldeescobar.com.ar\/#\/schema\/person\/035e90a8efe9a80e6eec22656ad6ea4c","name":"Redacci\u00f3n","image":{"@type":"ImageObject","inLanguage":"es","@id":"https:\/\/nuevodigitaldeescobar.com.ar\/#\/schema\/person\/image\/","url":"https:\/\/secure.gravatar.com\/avatar\/8af8f40000c24e9eef3034f2be5998a372bb1389e64b1a4a36b3a7979142220d?s=96&d=mm&r=g","contentUrl":"https:\/\/secure.gravatar.com\/avatar\/8af8f40000c24e9eef3034f2be5998a372bb1389e64b1a4a36b3a7979142220d?s=96&d=mm&r=g","caption":"Redacci\u00f3n"},"sameAs":["http:\/\/nuevodigitaldeescobar.com.ar"],"url":"https:\/\/nuevodigitaldeescobar.com.ar\/?author=1"}]}},"featured_image_urls":{"full":["https:\/\/nuevodigitaldeescobar.com.ar\/wp-content\/uploads\/2025\/01\/campo4544.webp",960,540,false],"thumbnail":["https:\/\/nuevodigitaldeescobar.com.ar\/wp-content\/uploads\/2025\/01\/campo4544-150x150.webp",150,150,true],"medium":["https:\/\/nuevodigitaldeescobar.com.ar\/wp-content\/uploads\/2025\/01\/campo4544-300x169.webp",300,169,true],"medium_large":["https:\/\/nuevodigitaldeescobar.com.ar\/wp-content\/uploads\/2025\/01\/campo4544-768x432.webp",640,360,true],"large":["https:\/\/nuevodigitaldeescobar.com.ar\/wp-content\/uploads\/2025\/01\/campo4544.webp",640,360,false],"1536x1536":["https:\/\/nuevodigitaldeescobar.com.ar\/wp-content\/uploads\/2025\/01\/campo4544.webp",960,540,false],"2048x2048":["https:\/\/nuevodigitaldeescobar.com.ar\/wp-content\/uploads\/2025\/01\/campo4544.webp",960,540,false]},"author_info":{"display_name":"Redacci\u00f3n","author_link":"https:\/\/nuevodigitaldeescobar.com.ar\/?author=1"},"category_info":"<a href=\"https:\/\/nuevodigitaldeescobar.com.ar\/?cat=10\" rel=\"category\">Econom\u00eda<\/a>","tag_info":"Econom\u00eda","comment_count":"0","_links":{"self":[{"href":"https:\/\/nuevodigitaldeescobar.com.ar\/index.php?rest_route=\/wp\/v2\/posts\/11710","targetHints":{"allow":["GET"]}}],"collection":[{"href":"https:\/\/nuevodigitaldeescobar.com.ar\/index.php?rest_route=\/wp\/v2\/posts"}],"about":[{"href":"https:\/\/nuevodigitaldeescobar.com.ar\/index.php?rest_route=\/wp\/v2\/types\/post"}],"author":[{"embeddable":true,"href":"https:\/\/nuevodigitaldeescobar.com.ar\/index.php?rest_route=\/wp\/v2\/users\/1"}],"replies":[{"embeddable":true,"href":"https:\/\/nuevodigitaldeescobar.com.ar\/index.php?rest_route=%2Fwp%2Fv2%2Fcomments&post=11710"}],"version-history":[{"count":1,"href":"https:\/\/nuevodigitaldeescobar.com.ar\/index.php?rest_route=\/wp\/v2\/posts\/11710\/revisions"}],"predecessor-version":[{"id":11712,"href":"https:\/\/nuevodigitaldeescobar.com.ar\/index.php?rest_route=\/wp\/v2\/posts\/11710\/revisions\/11712"}],"wp:featuredmedia":[{"embeddable":true,"href":"https:\/\/nuevodigitaldeescobar.com.ar\/index.php?rest_route=\/wp\/v2\/media\/11711"}],"wp:attachment":[{"href":"https:\/\/nuevodigitaldeescobar.com.ar\/index.php?rest_route=%2Fwp%2Fv2%2Fmedia&parent=11710"}],"wp:term":[{"taxonomy":"category","embeddable":true,"href":"https:\/\/nuevodigitaldeescobar.com.ar\/index.php?rest_route=%2Fwp%2Fv2%2Fcategories&post=11710"},{"taxonomy":"post_tag","embeddable":true,"href":"https:\/\/nuevodigitaldeescobar.com.ar\/index.php?rest_route=%2Fwp%2Fv2%2Ftags&post=11710"}],"curies":[{"name":"wp","href":"https:\/\/api.w.org\/{rel}","templated":true}]}}