{"id":11789,"date":"2025-01-31T14:05:05","date_gmt":"2025-01-31T17:05:05","guid":{"rendered":"https:\/\/nuevodigitaldeescobar.com.ar\/?p=11789"},"modified":"2025-01-31T14:05:08","modified_gmt":"2025-01-31T17:05:08","slug":"juveactiva-verano-en-el-parana-y-experiencia-inmersiva-van-gogh-son-los-eventos-destacados-del-finde","status":"publish","type":"post","link":"https:\/\/nuevodigitaldeescobar.com.ar\/?p=11789","title":{"rendered":"JuveActiva, Verano en el Paran\u00e1 y Experiencia Inmersiva Van Gogh son los eventos destacados del finde"},"content":{"rendered":"\n<p>Este fin de semana, la Municipalidad de Escobar ofrece distintas actividades para disfrutar con amigos o en familia, entre las que se destacan la jornada JuveActiva, \u201cVerano en el Paran\u00e1\u201d y el cierre de la Experiencia Inmersiva Van Gogh, entre otras propuestas culturales.<\/p>\n\n\n\n<!--more-->\n\n\n\n<p>Las actividades comienzan hoy, a las 18 horas, en el anfiteatro de la Plaza Lambertuchi (Col\u00f3n y Ameghino, Bel\u00e9n de Escobar) con la jornada cultural JuveActiva que contar\u00e1 con una exhibici\u00f3n de freestyle, sorteos, radio abierta, food trucks y m\u00fasica en vivo a cargo de Cuatro M\u00e1s Uno y Denchulita.<\/p>\n\n\n<div class=\"wp-block-image\">\n<figure class=\"aligncenter size-full\"><img fetchpriority=\"high\" decoding=\"async\" width=\"800\" height=\"534\" src=\"http:\/\/nuevodigitaldeescobar.com.ar\/wp-content\/uploads\/2025\/01\/van_gogh_1_1738331825.jpg\" alt=\"\" class=\"wp-image-11791\" srcset=\"https:\/\/nuevodigitaldeescobar.com.ar\/wp-content\/uploads\/2025\/01\/van_gogh_1_1738331825.jpg 800w, https:\/\/nuevodigitaldeescobar.com.ar\/wp-content\/uploads\/2025\/01\/van_gogh_1_1738331825-300x200.jpg 300w, https:\/\/nuevodigitaldeescobar.com.ar\/wp-content\/uploads\/2025\/01\/van_gogh_1_1738331825-768x513.jpg 768w\" sizes=\"(max-width: 800px) 100vw, 800px\" \/><\/figure><\/div>\n\n\n<p>El s\u00e1bado, el Teatro Seminari Cine Italia (Mitre 451, Bel\u00e9n de Escobar) proyectar\u00e1 las pel\u00edculas \u201cSonic 3\u201d a las 15:30 horas, \u201cOne Direction: As\u00ed Somos\u201d a las 18 horas (con entrada libre y gratuita), \u201cMufasa: El Rey Le\u00f3n\u201d en 3D a las 20 horas y \u201cHombre Lobo\u201d a las 22:30 horas. Adem\u00e1s, a las 20 y 22 horas se presentar\u00e1 el grupo Maninka con un show de percusi\u00f3n, canto y danza en el Mercado Circular (Mendoza y Entre R\u00edos, Ingeniero Maschwitz).<\/p>\n\n\n\n<p>El domingo, a partir de las 16 horas en el Paran\u00e1 de las Palmas (Ruta 25 y Camino de Los Pescadores, Bel\u00e9n de Escobar), se realizar\u00e1 la jornada Verano en el Paran\u00e1 con m\u00faltiples actividades y shows en vivo para toda la familia. M\u00e1s tarde, a las 18 horas en el Predio Floral (Mateo Gelves 1050, Bel\u00e9n de Escobar), tendr\u00e1 lugar el cierre de la Experiencia Inmersiva Van Gogh, con la participaci\u00f3n de artistas pl\u00e1sticos y m\u00fasicos locales que realizar\u00e1n shows en vivo inspirados en la vida y obra del famoso artista neerland\u00e9s.<\/p>\n\n\n<div class=\"wp-block-image\">\n<figure class=\"aligncenter size-large\"><img decoding=\"async\" width=\"1024\" height=\"683\" src=\"http:\/\/nuevodigitaldeescobar.com.ar\/wp-content\/uploads\/2025\/01\/juve_activa-1024x683.jpg\" alt=\"\" class=\"wp-image-11792\" srcset=\"https:\/\/nuevodigitaldeescobar.com.ar\/wp-content\/uploads\/2025\/01\/juve_activa-1024x683.jpg 1024w, https:\/\/nuevodigitaldeescobar.com.ar\/wp-content\/uploads\/2025\/01\/juve_activa-300x200.jpg 300w, https:\/\/nuevodigitaldeescobar.com.ar\/wp-content\/uploads\/2025\/01\/juve_activa-768x512.jpg 768w, https:\/\/nuevodigitaldeescobar.com.ar\/wp-content\/uploads\/2025\/01\/juve_activa.jpg 1440w\" sizes=\"(max-width: 1024px) 100vw, 1024px\" \/><\/figure><\/div>\n\n\n<p>Las entradas se pueden adquirir a trav\u00e9s de tuentrada.com, en las boleter\u00edas del Teatro Seminari o en el mismo Predio Floral. Los tickets seguir\u00e1n siendo populares y sobre su valor se aplicar\u00e1 la promoci\u00f3n de 2&#215;1: general $8000, vecinos del distrito $6000, menores (de 4 a 10 a\u00f1os) y jubilados $4000. Por \u00faltimo, chicos y chicas menores de tres a\u00f1os ingresan de manera gratuita.<\/p>\n","protected":false},"excerpt":{"rendered":"<p>Este fin de semana, la Municipalidad de Escobar ofrece distintas actividades para disfrutar con amigos o en familia, entre las que se destacan la jornada [&hellip;]<\/p>\n","protected":false},"author":1,"featured_media":11790,"comment_status":"open","ping_status":"open","sticky":false,"template":"","format":"standard","meta":{"footnotes":""},"categories":[11],"tags":[],"class_list":["post-11789","post","type-post","status-publish","format-standard","has-post-thumbnail","hentry","category-cultura-arte-y-espectaculos"],"better_featured_image":{"id":11790,"alt_text":"","caption":"","description":"","media_type":"image","media_details":{"width":1920,"height":1280,"file":"2025\/01\/parana.jpeg","filesize":322949,"sizes":{"medium":{"file":"parana-300x200.jpeg","width":300,"height":200,"mime-type":"image\/jpeg","filesize":15787,"source_url":"https:\/\/nuevodigitaldeescobar.com.ar\/wp-content\/uploads\/2025\/01\/parana-300x200.jpeg"},"large":{"file":"parana-1024x683.jpeg","width":1024,"height":683,"mime-type":"image\/jpeg","filesize":129229,"source_url":"https:\/\/nuevodigitaldeescobar.com.ar\/wp-content\/uploads\/2025\/01\/parana-1024x683.jpeg"},"thumbnail":{"file":"parana-150x150.jpeg","width":150,"height":150,"mime-type":"image\/jpeg","filesize":6856,"source_url":"https:\/\/nuevodigitaldeescobar.com.ar\/wp-content\/uploads\/2025\/01\/parana-150x150.jpeg"},"medium_large":{"file":"parana-768x512.jpeg","width":768,"height":512,"mime-type":"image\/jpeg","filesize":77941,"source_url":"https:\/\/nuevodigitaldeescobar.com.ar\/wp-content\/uploads\/2025\/01\/parana-768x512.jpeg"},"1536x1536":{"file":"parana-1536x1024.jpeg","width":1536,"height":1024,"mime-type":"image\/jpeg","filesize":249628,"source_url":"https:\/\/nuevodigitaldeescobar.com.ar\/wp-content\/uploads\/2025\/01\/parana-1536x1024.jpeg"}},"image_meta":{"aperture":"0","credit":"","camera":"","caption":"","created_timestamp":"0","copyright":"","focal_length":"0","iso":"0","shutter_speed":"0","title":"","orientation":"0","keywords":[]}},"post":11789,"source_url":"https:\/\/nuevodigitaldeescobar.com.ar\/wp-content\/uploads\/2025\/01\/parana.jpeg"},"yoast_head":"<!-- This site is optimized with the Yoast SEO plugin v26.1.1 - https:\/\/yoast.com\/wordpress\/plugins\/seo\/ -->\n<title>JuveActiva, Verano en el Paran\u00e1 y Experiencia Inmersiva Van Gogh son los eventos destacados del finde - Nuevo Digital de Escobar<\/title>\n<meta name=\"robots\" content=\"index, follow, max-snippet:-1, max-image-preview:large, max-video-preview:-1\" \/>\n<link rel=\"canonical\" href=\"https:\/\/nuevodigitaldeescobar.com.ar\/?p=11789\" \/>\n<meta property=\"og:locale\" content=\"es_ES\" \/>\n<meta property=\"og:type\" content=\"article\" \/>\n<meta property=\"og:title\" content=\"JuveActiva, Verano en el Paran\u00e1 y Experiencia Inmersiva Van Gogh son los eventos destacados del finde - Nuevo Digital de Escobar\" \/>\n<meta property=\"og:description\" content=\"Este fin de semana, la Municipalidad de Escobar ofrece distintas actividades para disfrutar con amigos o en familia, entre las que se destacan la jornada [&hellip;]\" \/>\n<meta property=\"og:url\" content=\"https:\/\/nuevodigitaldeescobar.com.ar\/?p=11789\" \/>\n<meta property=\"og:site_name\" content=\"Nuevo Digital de Escobar\" \/>\n<meta property=\"article:publisher\" content=\"https:\/\/www.facebook.com\/NUEVODigitalDeEscobar\" \/>\n<meta property=\"article:published_time\" content=\"2025-01-31T17:05:05+00:00\" \/>\n<meta property=\"article:modified_time\" content=\"2025-01-31T17:05:08+00:00\" \/>\n<meta property=\"og:image\" content=\"https:\/\/nuevodigitaldeescobar.com.ar\/wp-content\/uploads\/2025\/01\/parana.jpeg\" \/>\n\t<meta property=\"og:image:width\" content=\"1920\" \/>\n\t<meta property=\"og:image:height\" content=\"1280\" \/>\n\t<meta property=\"og:image:type\" content=\"image\/jpeg\" \/>\n<meta name=\"author\" content=\"Redacci\u00f3n\" \/>\n<meta name=\"twitter:card\" content=\"summary_large_image\" \/>\n<meta name=\"twitter:creator\" content=\"@nuevodigescobar\" \/>\n<meta name=\"twitter:site\" content=\"@nuevodigescobar\" \/>\n<meta name=\"twitter:label1\" content=\"Escrito por\" \/>\n\t<meta name=\"twitter:data1\" content=\"Redacci\u00f3n\" \/>\n\t<meta name=\"twitter:label2\" content=\"Tiempo de lectura\" \/>\n\t<meta name=\"twitter:data2\" content=\"2 minutos\" \/>\n<script type=\"application\/ld+json\" class=\"yoast-schema-graph\">{\"@context\":\"https:\/\/schema.org\",\"@graph\":[{\"@type\":\"Article\",\"@id\":\"https:\/\/nuevodigitaldeescobar.com.ar\/?p=11789#article\",\"isPartOf\":{\"@id\":\"https:\/\/nuevodigitaldeescobar.com.ar\/?p=11789\"},\"author\":{\"name\":\"Redacci\u00f3n\",\"@id\":\"https:\/\/nuevodigitaldeescobar.com.ar\/#\/schema\/person\/035e90a8efe9a80e6eec22656ad6ea4c\"},\"headline\":\"JuveActiva, Verano en el Paran\u00e1 y Experiencia Inmersiva Van Gogh son los eventos destacados del finde\",\"datePublished\":\"2025-01-31T17:05:05+00:00\",\"dateModified\":\"2025-01-31T17:05:08+00:00\",\"mainEntityOfPage\":{\"@id\":\"https:\/\/nuevodigitaldeescobar.com.ar\/?p=11789\"},\"wordCount\":357,\"commentCount\":0,\"publisher\":{\"@id\":\"https:\/\/nuevodigitaldeescobar.com.ar\/#organization\"},\"image\":{\"@id\":\"https:\/\/nuevodigitaldeescobar.com.ar\/?p=11789#primaryimage\"},\"thumbnailUrl\":\"https:\/\/nuevodigitaldeescobar.com.ar\/wp-content\/uploads\/2025\/01\/parana.jpeg\",\"articleSection\":[\"Cultura, Arte y Espect\u00e1culos\"],\"inLanguage\":\"es\",\"potentialAction\":[{\"@type\":\"CommentAction\",\"name\":\"Comment\",\"target\":[\"https:\/\/nuevodigitaldeescobar.com.ar\/?p=11789#respond\"]}]},{\"@type\":\"WebPage\",\"@id\":\"https:\/\/nuevodigitaldeescobar.com.ar\/?p=11789\",\"url\":\"https:\/\/nuevodigitaldeescobar.com.ar\/?p=11789\",\"name\":\"JuveActiva, Verano en el Paran\u00e1 y Experiencia Inmersiva Van Gogh son los eventos destacados del finde - Nuevo Digital de Escobar\",\"isPartOf\":{\"@id\":\"https:\/\/nuevodigitaldeescobar.com.ar\/#website\"},\"primaryImageOfPage\":{\"@id\":\"https:\/\/nuevodigitaldeescobar.com.ar\/?p=11789#primaryimage\"},\"image\":{\"@id\":\"https:\/\/nuevodigitaldeescobar.com.ar\/?p=11789#primaryimage\"},\"thumbnailUrl\":\"https:\/\/nuevodigitaldeescobar.com.ar\/wp-content\/uploads\/2025\/01\/parana.jpeg\",\"datePublished\":\"2025-01-31T17:05:05+00:00\",\"dateModified\":\"2025-01-31T17:05:08+00:00\",\"breadcrumb\":{\"@id\":\"https:\/\/nuevodigitaldeescobar.com.ar\/?p=11789#breadcrumb\"},\"inLanguage\":\"es\",\"potentialAction\":[{\"@type\":\"ReadAction\",\"target\":[\"https:\/\/nuevodigitaldeescobar.com.ar\/?p=11789\"]}]},{\"@type\":\"ImageObject\",\"inLanguage\":\"es\",\"@id\":\"https:\/\/nuevodigitaldeescobar.com.ar\/?p=11789#primaryimage\",\"url\":\"https:\/\/nuevodigitaldeescobar.com.ar\/wp-content\/uploads\/2025\/01\/parana.jpeg\",\"contentUrl\":\"https:\/\/nuevodigitaldeescobar.com.ar\/wp-content\/uploads\/2025\/01\/parana.jpeg\",\"width\":1920,\"height\":1280},{\"@type\":\"BreadcrumbList\",\"@id\":\"https:\/\/nuevodigitaldeescobar.com.ar\/?p=11789#breadcrumb\",\"itemListElement\":[{\"@type\":\"ListItem\",\"position\":1,\"name\":\"Portada\",\"item\":\"https:\/\/nuevodigitaldeescobar.com.ar\/\"},{\"@type\":\"ListItem\",\"position\":2,\"name\":\"JuveActiva, Verano en el Paran\u00e1 y Experiencia Inmersiva Van Gogh son los eventos destacados del finde\"}]},{\"@type\":\"WebSite\",\"@id\":\"https:\/\/nuevodigitaldeescobar.com.ar\/#website\",\"url\":\"https:\/\/nuevodigitaldeescobar.com.ar\/\",\"name\":\"Nuevo Digital de Escobar\",\"description\":\"La vida escobarense. Directora: Rosana Brunner\",\"publisher\":{\"@id\":\"https:\/\/nuevodigitaldeescobar.com.ar\/#organization\"},\"potentialAction\":[{\"@type\":\"SearchAction\",\"target\":{\"@type\":\"EntryPoint\",\"urlTemplate\":\"https:\/\/nuevodigitaldeescobar.com.ar\/?s={search_term_string}\"},\"query-input\":{\"@type\":\"PropertyValueSpecification\",\"valueRequired\":true,\"valueName\":\"search_term_string\"}}],\"inLanguage\":\"es\"},{\"@type\":\"Organization\",\"@id\":\"https:\/\/nuevodigitaldeescobar.com.ar\/#organization\",\"name\":\"Nuevo Digital de Escobar\",\"url\":\"https:\/\/nuevodigitaldeescobar.com.ar\/\",\"logo\":{\"@type\":\"ImageObject\",\"inLanguage\":\"es\",\"@id\":\"https:\/\/nuevodigitaldeescobar.com.ar\/#\/schema\/logo\/image\/\",\"url\":\"https:\/\/nuevodigitaldeescobar.com.ar\/wp-content\/uploads\/2025\/05\/cropped-logo-nuevo2.jpg\",\"contentUrl\":\"https:\/\/nuevodigitaldeescobar.com.ar\/wp-content\/uploads\/2025\/05\/cropped-logo-nuevo2.jpg\",\"width\":305,\"height\":305,\"caption\":\"Nuevo Digital de Escobar\"},\"image\":{\"@id\":\"https:\/\/nuevodigitaldeescobar.com.ar\/#\/schema\/logo\/image\/\"},\"sameAs\":[\"https:\/\/www.facebook.com\/NUEVODigitalDeEscobar\",\"https:\/\/x.com\/nuevodigescobar\",\"https:\/\/www.instagram.com\/nuevodigitaldeescobar\"]},{\"@type\":\"Person\",\"@id\":\"https:\/\/nuevodigitaldeescobar.com.ar\/#\/schema\/person\/035e90a8efe9a80e6eec22656ad6ea4c\",\"name\":\"Redacci\u00f3n\",\"image\":{\"@type\":\"ImageObject\",\"inLanguage\":\"es\",\"@id\":\"https:\/\/nuevodigitaldeescobar.com.ar\/#\/schema\/person\/image\/\",\"url\":\"https:\/\/secure.gravatar.com\/avatar\/8af8f40000c24e9eef3034f2be5998a372bb1389e64b1a4a36b3a7979142220d?s=96&d=mm&r=g\",\"contentUrl\":\"https:\/\/secure.gravatar.com\/avatar\/8af8f40000c24e9eef3034f2be5998a372bb1389e64b1a4a36b3a7979142220d?s=96&d=mm&r=g\",\"caption\":\"Redacci\u00f3n\"},\"sameAs\":[\"http:\/\/nuevodigitaldeescobar.com.ar\"],\"url\":\"https:\/\/nuevodigitaldeescobar.com.ar\/?author=1\"}]}<\/script>\n<!-- \/ Yoast SEO plugin. -->","yoast_head_json":{"title":"JuveActiva, Verano en el Paran\u00e1 y Experiencia Inmersiva Van Gogh son los eventos destacados del finde - Nuevo Digital de Escobar","robots":{"index":"index","follow":"follow","max-snippet":"max-snippet:-1","max-image-preview":"max-image-preview:large","max-video-preview":"max-video-preview:-1"},"canonical":"https:\/\/nuevodigitaldeescobar.com.ar\/?p=11789","og_locale":"es_ES","og_type":"article","og_title":"JuveActiva, Verano en el Paran\u00e1 y Experiencia Inmersiva Van Gogh son los eventos destacados del finde - Nuevo Digital de Escobar","og_description":"Este fin de semana, la Municipalidad de Escobar ofrece distintas actividades para disfrutar con amigos o en familia, entre las que se destacan la jornada [&hellip;]","og_url":"https:\/\/nuevodigitaldeescobar.com.ar\/?p=11789","og_site_name":"Nuevo Digital de Escobar","article_publisher":"https:\/\/www.facebook.com\/NUEVODigitalDeEscobar","article_published_time":"2025-01-31T17:05:05+00:00","article_modified_time":"2025-01-31T17:05:08+00:00","og_image":[{"width":1920,"height":1280,"url":"https:\/\/nuevodigitaldeescobar.com.ar\/wp-content\/uploads\/2025\/01\/parana.jpeg","type":"image\/jpeg"}],"author":"Redacci\u00f3n","twitter_card":"summary_large_image","twitter_creator":"@nuevodigescobar","twitter_site":"@nuevodigescobar","twitter_misc":{"Escrito por":"Redacci\u00f3n","Tiempo de lectura":"2 minutos"},"schema":{"@context":"https:\/\/schema.org","@graph":[{"@type":"Article","@id":"https:\/\/nuevodigitaldeescobar.com.ar\/?p=11789#article","isPartOf":{"@id":"https:\/\/nuevodigitaldeescobar.com.ar\/?p=11789"},"author":{"name":"Redacci\u00f3n","@id":"https:\/\/nuevodigitaldeescobar.com.ar\/#\/schema\/person\/035e90a8efe9a80e6eec22656ad6ea4c"},"headline":"JuveActiva, Verano en el Paran\u00e1 y Experiencia Inmersiva Van Gogh son los eventos destacados del finde","datePublished":"2025-01-31T17:05:05+00:00","dateModified":"2025-01-31T17:05:08+00:00","mainEntityOfPage":{"@id":"https:\/\/nuevodigitaldeescobar.com.ar\/?p=11789"},"wordCount":357,"commentCount":0,"publisher":{"@id":"https:\/\/nuevodigitaldeescobar.com.ar\/#organization"},"image":{"@id":"https:\/\/nuevodigitaldeescobar.com.ar\/?p=11789#primaryimage"},"thumbnailUrl":"https:\/\/nuevodigitaldeescobar.com.ar\/wp-content\/uploads\/2025\/01\/parana.jpeg","articleSection":["Cultura, Arte y Espect\u00e1culos"],"inLanguage":"es","potentialAction":[{"@type":"CommentAction","name":"Comment","target":["https:\/\/nuevodigitaldeescobar.com.ar\/?p=11789#respond"]}]},{"@type":"WebPage","@id":"https:\/\/nuevodigitaldeescobar.com.ar\/?p=11789","url":"https:\/\/nuevodigitaldeescobar.com.ar\/?p=11789","name":"JuveActiva, Verano en el Paran\u00e1 y Experiencia Inmersiva Van Gogh son los eventos destacados del finde - Nuevo Digital de Escobar","isPartOf":{"@id":"https:\/\/nuevodigitaldeescobar.com.ar\/#website"},"primaryImageOfPage":{"@id":"https:\/\/nuevodigitaldeescobar.com.ar\/?p=11789#primaryimage"},"image":{"@id":"https:\/\/nuevodigitaldeescobar.com.ar\/?p=11789#primaryimage"},"thumbnailUrl":"https:\/\/nuevodigitaldeescobar.com.ar\/wp-content\/uploads\/2025\/01\/parana.jpeg","datePublished":"2025-01-31T17:05:05+00:00","dateModified":"2025-01-31T17:05:08+00:00","breadcrumb":{"@id":"https:\/\/nuevodigitaldeescobar.com.ar\/?p=11789#breadcrumb"},"inLanguage":"es","potentialAction":[{"@type":"ReadAction","target":["https:\/\/nuevodigitaldeescobar.com.ar\/?p=11789"]}]},{"@type":"ImageObject","inLanguage":"es","@id":"https:\/\/nuevodigitaldeescobar.com.ar\/?p=11789#primaryimage","url":"https:\/\/nuevodigitaldeescobar.com.ar\/wp-content\/uploads\/2025\/01\/parana.jpeg","contentUrl":"https:\/\/nuevodigitaldeescobar.com.ar\/wp-content\/uploads\/2025\/01\/parana.jpeg","width":1920,"height":1280},{"@type":"BreadcrumbList","@id":"https:\/\/nuevodigitaldeescobar.com.ar\/?p=11789#breadcrumb","itemListElement":[{"@type":"ListItem","position":1,"name":"Portada","item":"https:\/\/nuevodigitaldeescobar.com.ar\/"},{"@type":"ListItem","position":2,"name":"JuveActiva, Verano en el Paran\u00e1 y Experiencia Inmersiva Van Gogh son los eventos destacados del finde"}]},{"@type":"WebSite","@id":"https:\/\/nuevodigitaldeescobar.com.ar\/#website","url":"https:\/\/nuevodigitaldeescobar.com.ar\/","name":"Nuevo Digital de Escobar","description":"La vida escobarense. Directora: Rosana Brunner","publisher":{"@id":"https:\/\/nuevodigitaldeescobar.com.ar\/#organization"},"potentialAction":[{"@type":"SearchAction","target":{"@type":"EntryPoint","urlTemplate":"https:\/\/nuevodigitaldeescobar.com.ar\/?s={search_term_string}"},"query-input":{"@type":"PropertyValueSpecification","valueRequired":true,"valueName":"search_term_string"}}],"inLanguage":"es"},{"@type":"Organization","@id":"https:\/\/nuevodigitaldeescobar.com.ar\/#organization","name":"Nuevo Digital de Escobar","url":"https:\/\/nuevodigitaldeescobar.com.ar\/","logo":{"@type":"ImageObject","inLanguage":"es","@id":"https:\/\/nuevodigitaldeescobar.com.ar\/#\/schema\/logo\/image\/","url":"https:\/\/nuevodigitaldeescobar.com.ar\/wp-content\/uploads\/2025\/05\/cropped-logo-nuevo2.jpg","contentUrl":"https:\/\/nuevodigitaldeescobar.com.ar\/wp-content\/uploads\/2025\/05\/cropped-logo-nuevo2.jpg","width":305,"height":305,"caption":"Nuevo Digital de Escobar"},"image":{"@id":"https:\/\/nuevodigitaldeescobar.com.ar\/#\/schema\/logo\/image\/"},"sameAs":["https:\/\/www.facebook.com\/NUEVODigitalDeEscobar","https:\/\/x.com\/nuevodigescobar","https:\/\/www.instagram.com\/nuevodigitaldeescobar"]},{"@type":"Person","@id":"https:\/\/nuevodigitaldeescobar.com.ar\/#\/schema\/person\/035e90a8efe9a80e6eec22656ad6ea4c","name":"Redacci\u00f3n","image":{"@type":"ImageObject","inLanguage":"es","@id":"https:\/\/nuevodigitaldeescobar.com.ar\/#\/schema\/person\/image\/","url":"https:\/\/secure.gravatar.com\/avatar\/8af8f40000c24e9eef3034f2be5998a372bb1389e64b1a4a36b3a7979142220d?s=96&d=mm&r=g","contentUrl":"https:\/\/secure.gravatar.com\/avatar\/8af8f40000c24e9eef3034f2be5998a372bb1389e64b1a4a36b3a7979142220d?s=96&d=mm&r=g","caption":"Redacci\u00f3n"},"sameAs":["http:\/\/nuevodigitaldeescobar.com.ar"],"url":"https:\/\/nuevodigitaldeescobar.com.ar\/?author=1"}]}},"featured_image_urls":{"full":["https:\/\/nuevodigitaldeescobar.com.ar\/wp-content\/uploads\/2025\/01\/parana.jpeg",1920,1280,false],"thumbnail":["https:\/\/nuevodigitaldeescobar.com.ar\/wp-content\/uploads\/2025\/01\/parana-150x150.jpeg",150,150,true],"medium":["https:\/\/nuevodigitaldeescobar.com.ar\/wp-content\/uploads\/2025\/01\/parana-300x200.jpeg",300,200,true],"medium_large":["https:\/\/nuevodigitaldeescobar.com.ar\/wp-content\/uploads\/2025\/01\/parana-768x512.jpeg",640,427,true],"large":["https:\/\/nuevodigitaldeescobar.com.ar\/wp-content\/uploads\/2025\/01\/parana-1024x683.jpeg",640,427,true],"1536x1536":["https:\/\/nuevodigitaldeescobar.com.ar\/wp-content\/uploads\/2025\/01\/parana-1536x1024.jpeg",1536,1024,true],"2048x2048":["https:\/\/nuevodigitaldeescobar.com.ar\/wp-content\/uploads\/2025\/01\/parana.jpeg",1920,1280,false]},"author_info":{"display_name":"Redacci\u00f3n","author_link":"https:\/\/nuevodigitaldeescobar.com.ar\/?author=1"},"category_info":"<a href=\"https:\/\/nuevodigitaldeescobar.com.ar\/?cat=11\" rel=\"category\">Cultura, Arte y Espect\u00e1culos<\/a>","tag_info":"Cultura, Arte y Espect\u00e1culos","comment_count":"0","_links":{"self":[{"href":"https:\/\/nuevodigitaldeescobar.com.ar\/index.php?rest_route=\/wp\/v2\/posts\/11789","targetHints":{"allow":["GET"]}}],"collection":[{"href":"https:\/\/nuevodigitaldeescobar.com.ar\/index.php?rest_route=\/wp\/v2\/posts"}],"about":[{"href":"https:\/\/nuevodigitaldeescobar.com.ar\/index.php?rest_route=\/wp\/v2\/types\/post"}],"author":[{"embeddable":true,"href":"https:\/\/nuevodigitaldeescobar.com.ar\/index.php?rest_route=\/wp\/v2\/users\/1"}],"replies":[{"embeddable":true,"href":"https:\/\/nuevodigitaldeescobar.com.ar\/index.php?rest_route=%2Fwp%2Fv2%2Fcomments&post=11789"}],"version-history":[{"count":1,"href":"https:\/\/nuevodigitaldeescobar.com.ar\/index.php?rest_route=\/wp\/v2\/posts\/11789\/revisions"}],"predecessor-version":[{"id":11793,"href":"https:\/\/nuevodigitaldeescobar.com.ar\/index.php?rest_route=\/wp\/v2\/posts\/11789\/revisions\/11793"}],"wp:featuredmedia":[{"embeddable":true,"href":"https:\/\/nuevodigitaldeescobar.com.ar\/index.php?rest_route=\/wp\/v2\/media\/11790"}],"wp:attachment":[{"href":"https:\/\/nuevodigitaldeescobar.com.ar\/index.php?rest_route=%2Fwp%2Fv2%2Fmedia&parent=11789"}],"wp:term":[{"taxonomy":"category","embeddable":true,"href":"https:\/\/nuevodigitaldeescobar.com.ar\/index.php?rest_route=%2Fwp%2Fv2%2Fcategories&post=11789"},{"taxonomy":"post_tag","embeddable":true,"href":"https:\/\/nuevodigitaldeescobar.com.ar\/index.php?rest_route=%2Fwp%2Fv2%2Ftags&post=11789"}],"curies":[{"name":"wp","href":"https:\/\/api.w.org\/{rel}","templated":true}]}}