{"id":11807,"date":"2025-02-01T07:15:00","date_gmt":"2025-02-01T10:15:00","guid":{"rendered":"https:\/\/nuevodigitaldeescobar.com.ar\/?p=11807"},"modified":"2025-02-01T00:46:18","modified_gmt":"2025-02-01T03:46:18","slug":"angustia-por-un-argentino-desaparecido-en-brasil-su-familia-llego-a-florianopolis-para-intensificar-la-busqueda","status":"publish","type":"post","link":"https:\/\/nuevodigitaldeescobar.com.ar\/?p=11807","title":{"rendered":"Angustia por un argentino desaparecido en Brasil: su familia lleg\u00f3 a Florian\u00f3polis para intensificar la b\u00fasqueda"},"content":{"rendered":"\n<p class=\"has-vivid-cyan-blue-color has-text-color has-link-color wp-elements-73c1d820e1666af654c503e8174d7c12\"><em><strong>Federico Bruni, un joven de 32 a\u00f1os oriundo de Munro, desapareci\u00f3 el pasado 27 de enero en una zona selv\u00e1tica de S\u00e3o Bonif\u00e1cio, en el estado de Santa Catarina, Brasil. Desde entonces, su familia y las autoridades locales llevan adelante una intensa b\u00fasqueda para dar con su paradero.<\/strong><\/em><\/p>\n\n\n\n<!--more-->\n\n\n\n<p>Su \u00faltima comunicaci\u00f3n con sus allegados fue el lunes 27, cuando les inform\u00f3 que se encontraba en un camping cercano a Florian\u00f3polis y que posiblemente no podr\u00eda comunicarse con frecuencia debido a la escasa se\u00f1al en la zona. Sin embargo, la preocupaci\u00f3n creci\u00f3 cuando, d\u00edas despu\u00e9s, la polic\u00eda brasile\u00f1a encontr\u00f3 su camioneta con todas sus pertenencias y su mascota en el interior, pero sin rastros de \u00e9l.<\/p>\n\n\n<div class=\"wp-block-image\">\n<figure class=\"aligncenter size-large is-resized\"><img fetchpriority=\"high\" decoding=\"async\" width=\"576\" height=\"1024\" src=\"http:\/\/nuevodigitaldeescobar.com.ar\/wp-content\/uploads\/2025\/02\/fedebruni232-576x1024.png\" alt=\"\" class=\"wp-image-11810\" style=\"width:440px;height:auto\" srcset=\"https:\/\/nuevodigitaldeescobar.com.ar\/wp-content\/uploads\/2025\/02\/fedebruni232-576x1024.png 576w, https:\/\/nuevodigitaldeescobar.com.ar\/wp-content\/uploads\/2025\/02\/fedebruni232-169x300.png 169w, https:\/\/nuevodigitaldeescobar.com.ar\/wp-content\/uploads\/2025\/02\/fedebruni232-768x1366.png 768w, https:\/\/nuevodigitaldeescobar.com.ar\/wp-content\/uploads\/2025\/02\/fedebruni232-864x1536.png 864w, https:\/\/nuevodigitaldeescobar.com.ar\/wp-content\/uploads\/2025\/02\/fedebruni232.png 992w\" sizes=\"(max-width: 576px) 100vw, 576px\" \/><\/figure><\/div>\n\n\n<h3 class=\"wp-block-heading has-text-color has-link-color wp-elements-7a06473c5d6e7809f7d42899d38d28e8\" style=\"color:#0835a6\"><em>La b\u00fasqueda en la selva<\/em><\/h3>\n\n\n\n<p>De acuerdo con el testimonio de su hermana Daniela, la \u00faltima vez que alguien vio a Federico fue el mi\u00e9rcoles 29 en Cachoeira do Sony, un \u00e1rea rodeada de vegetaci\u00f3n densa y con acceso a cursos de agua. Tres bomberos y un polic\u00eda est\u00e1n abocados a la tarea de b\u00fasqueda en la zona, aunque las intensas lluvias han dificultado los operativos.<\/p>\n\n\n\n<p>Las hip\u00f3tesis sobre su desaparici\u00f3n incluyen la posibilidad de que haya ca\u00eddo a un r\u00edo y sido arrastrado por la corriente, o que, tras un accidente, haya logrado salir del agua pero se haya perdido en la selva. Su hermana insiste en la necesidad de reforzar los esfuerzos: <em>\u00abNecesitamos un equipo especializado que pueda adentrarse en la selva. Es una situaci\u00f3n alarmante, porque podr\u00eda estar herido\u00bb<\/em>.<\/p>\n\n\n<div class=\"wp-block-image is-style-rounded\">\n<figure class=\"aligncenter size-full\"><img decoding=\"async\" width=\"821\" height=\"575\" src=\"http:\/\/nuevodigitaldeescobar.com.ar\/wp-content\/uploads\/2025\/02\/fedebruni230.png\" alt=\"\" class=\"wp-image-11809\" srcset=\"https:\/\/nuevodigitaldeescobar.com.ar\/wp-content\/uploads\/2025\/02\/fedebruni230.png 821w, https:\/\/nuevodigitaldeescobar.com.ar\/wp-content\/uploads\/2025\/02\/fedebruni230-300x210.png 300w, https:\/\/nuevodigitaldeescobar.com.ar\/wp-content\/uploads\/2025\/02\/fedebruni230-768x538.png 768w\" sizes=\"(max-width: 821px) 100vw, 821px\" \/><\/figure><\/div>\n\n\n<h3 class=\"wp-block-heading has-text-color has-link-color wp-elements-f0de279df863eb1b2ed685e7c42064db\" style=\"color:#0835a6\"><em>Un viajero experimentado<\/em><\/h3>\n\n\n\n<p>La familia de Federico descarta que su desaparici\u00f3n est\u00e9 relacionada con una falta de experiencia, ya que acostumbraba a realizar este tipo de viajes y conoc\u00eda la zona. <em>\u00ab\u00c9l ya hizo viajes as\u00ed y sabe moverse, pero si se golpe\u00f3 en el r\u00edo o en la selva, necesitamos encontrarlo cuanto antes\u00bb<\/em>, explic\u00f3 su hermana.<\/p>\n\n\n\n<p>Los rescatistas han utilizado drones para sobrevolar el \u00e1rea, pero la densa vegetaci\u00f3n impide detectar si el joven se encuentra en el suelo. Ante esta limitaci\u00f3n, la familia pide la intervenci\u00f3n de m\u00e1s equipos especializados.<\/p>\n\n\n\n<h3 class=\"wp-block-heading has-text-color has-link-color wp-elements-d5529e1ed4e3a2426799729fc33ef845\" style=\"color:#0835a6\"><em>C\u00f3mo ayudar<\/em><\/h3>\n\n\n\n<p>Federico Bruni mide 1.80 metros, tiene cabello casta\u00f1o y dos tatuajes distintivos: el escudo de la Rep\u00fablica Argentina en un brazo y la imagen de un caballo con alas en una de sus piernas.<\/p>\n\n\n\n<p>Quienes puedan aportar informaci\u00f3n sobre su paradero pueden comunicarse a los tel\u00e9fonos <strong>11-3447-1508<\/strong> y <strong>11-3090-9666<\/strong>. Adem\u00e1s, su familia solicita m\u00e1xima difusi\u00f3n para presionar a las autoridades brasile\u00f1as y acelerar la b\u00fasqueda. <em>\u00abEstamos desesperados, necesitamos hacer m\u00e1s\u00bb<\/em> remarcaron sus allegados.<\/p>\n","protected":false},"excerpt":{"rendered":"<p>Federico Bruni, un joven de 32 a\u00f1os oriundo de Munro, desapareci\u00f3 el pasado 27 de enero en una zona selv\u00e1tica de S\u00e3o Bonif\u00e1cio, en el [&hellip;]<\/p>\n","protected":false},"author":1,"featured_media":11808,"comment_status":"open","ping_status":"open","sticky":false,"template":"","format":"standard","meta":{"footnotes":""},"categories":[15],"tags":[],"class_list":["post-11807","post","type-post","status-publish","format-standard","has-post-thumbnail","hentry","category-sociedad"],"better_featured_image":{"id":11808,"alt_text":"","caption":"","description":"","media_type":"image","media_details":{"width":767,"height":430,"file":"2025\/02\/fedebruni220.png","filesize":816589,"sizes":{"medium":{"file":"fedebruni220-300x168.png","width":300,"height":168,"mime-type":"image\/png","filesize":102744,"source_url":"https:\/\/nuevodigitaldeescobar.com.ar\/wp-content\/uploads\/2025\/02\/fedebruni220-300x168.png"},"thumbnail":{"file":"fedebruni220-150x150.png","width":150,"height":150,"mime-type":"image\/png","filesize":46687,"source_url":"https:\/\/nuevodigitaldeescobar.com.ar\/wp-content\/uploads\/2025\/02\/fedebruni220-150x150.png"}},"image_meta":{"aperture":"0","credit":"","camera":"","caption":"","created_timestamp":"0","copyright":"","focal_length":"0","iso":"0","shutter_speed":"0","title":"","orientation":"0","keywords":[]}},"post":11807,"source_url":"https:\/\/nuevodigitaldeescobar.com.ar\/wp-content\/uploads\/2025\/02\/fedebruni220.png"},"yoast_head":"<!-- This site is optimized with the Yoast SEO plugin v26.1.1 - https:\/\/yoast.com\/wordpress\/plugins\/seo\/ -->\n<title>Angustia por un argentino desaparecido en Brasil: su familia lleg\u00f3 a Florian\u00f3polis para intensificar la b\u00fasqueda - Nuevo Digital de Escobar<\/title>\n<meta name=\"robots\" content=\"index, follow, max-snippet:-1, max-image-preview:large, max-video-preview:-1\" \/>\n<link rel=\"canonical\" href=\"https:\/\/nuevodigitaldeescobar.com.ar\/?p=11807\" \/>\n<meta property=\"og:locale\" content=\"es_ES\" \/>\n<meta property=\"og:type\" content=\"article\" \/>\n<meta property=\"og:title\" content=\"Angustia por un argentino desaparecido en Brasil: su familia lleg\u00f3 a Florian\u00f3polis para intensificar la b\u00fasqueda - Nuevo Digital de Escobar\" \/>\n<meta property=\"og:description\" content=\"Federico Bruni, un joven de 32 a\u00f1os oriundo de Munro, desapareci\u00f3 el pasado 27 de enero en una zona selv\u00e1tica de S\u00e3o Bonif\u00e1cio, en el [&hellip;]\" \/>\n<meta property=\"og:url\" content=\"https:\/\/nuevodigitaldeescobar.com.ar\/?p=11807\" \/>\n<meta property=\"og:site_name\" content=\"Nuevo Digital de Escobar\" \/>\n<meta property=\"article:publisher\" content=\"https:\/\/www.facebook.com\/NUEVODigitalDeEscobar\" \/>\n<meta property=\"article:published_time\" content=\"2025-02-01T10:15:00+00:00\" \/>\n<meta property=\"og:image\" content=\"https:\/\/nuevodigitaldeescobar.com.ar\/wp-content\/uploads\/2025\/02\/fedebruni220.png\" \/>\n\t<meta property=\"og:image:width\" content=\"767\" \/>\n\t<meta property=\"og:image:height\" content=\"430\" \/>\n\t<meta property=\"og:image:type\" content=\"image\/png\" \/>\n<meta name=\"author\" content=\"Redacci\u00f3n\" \/>\n<meta name=\"twitter:card\" content=\"summary_large_image\" \/>\n<meta name=\"twitter:creator\" content=\"@nuevodigescobar\" \/>\n<meta name=\"twitter:site\" content=\"@nuevodigescobar\" \/>\n<meta name=\"twitter:label1\" content=\"Escrito por\" \/>\n\t<meta name=\"twitter:data1\" content=\"Redacci\u00f3n\" \/>\n\t<meta name=\"twitter:label2\" content=\"Tiempo de lectura\" \/>\n\t<meta name=\"twitter:data2\" content=\"2 minutos\" \/>\n<script type=\"application\/ld+json\" class=\"yoast-schema-graph\">{\"@context\":\"https:\/\/schema.org\",\"@graph\":[{\"@type\":\"Article\",\"@id\":\"https:\/\/nuevodigitaldeescobar.com.ar\/?p=11807#article\",\"isPartOf\":{\"@id\":\"https:\/\/nuevodigitaldeescobar.com.ar\/?p=11807\"},\"author\":{\"name\":\"Redacci\u00f3n\",\"@id\":\"https:\/\/nuevodigitaldeescobar.com.ar\/#\/schema\/person\/035e90a8efe9a80e6eec22656ad6ea4c\"},\"headline\":\"Angustia por un argentino desaparecido en Brasil: su familia lleg\u00f3 a Florian\u00f3polis para intensificar la b\u00fasqueda\",\"datePublished\":\"2025-02-01T10:15:00+00:00\",\"mainEntityOfPage\":{\"@id\":\"https:\/\/nuevodigitaldeescobar.com.ar\/?p=11807\"},\"wordCount\":473,\"commentCount\":0,\"publisher\":{\"@id\":\"https:\/\/nuevodigitaldeescobar.com.ar\/#organization\"},\"image\":{\"@id\":\"https:\/\/nuevodigitaldeescobar.com.ar\/?p=11807#primaryimage\"},\"thumbnailUrl\":\"https:\/\/nuevodigitaldeescobar.com.ar\/wp-content\/uploads\/2025\/02\/fedebruni220.png\",\"articleSection\":[\"Sociedad\"],\"inLanguage\":\"es\",\"potentialAction\":[{\"@type\":\"CommentAction\",\"name\":\"Comment\",\"target\":[\"https:\/\/nuevodigitaldeescobar.com.ar\/?p=11807#respond\"]}]},{\"@type\":\"WebPage\",\"@id\":\"https:\/\/nuevodigitaldeescobar.com.ar\/?p=11807\",\"url\":\"https:\/\/nuevodigitaldeescobar.com.ar\/?p=11807\",\"name\":\"Angustia por un argentino desaparecido en Brasil: su familia lleg\u00f3 a Florian\u00f3polis para intensificar la b\u00fasqueda - Nuevo Digital de Escobar\",\"isPartOf\":{\"@id\":\"https:\/\/nuevodigitaldeescobar.com.ar\/#website\"},\"primaryImageOfPage\":{\"@id\":\"https:\/\/nuevodigitaldeescobar.com.ar\/?p=11807#primaryimage\"},\"image\":{\"@id\":\"https:\/\/nuevodigitaldeescobar.com.ar\/?p=11807#primaryimage\"},\"thumbnailUrl\":\"https:\/\/nuevodigitaldeescobar.com.ar\/wp-content\/uploads\/2025\/02\/fedebruni220.png\",\"datePublished\":\"2025-02-01T10:15:00+00:00\",\"breadcrumb\":{\"@id\":\"https:\/\/nuevodigitaldeescobar.com.ar\/?p=11807#breadcrumb\"},\"inLanguage\":\"es\",\"potentialAction\":[{\"@type\":\"ReadAction\",\"target\":[\"https:\/\/nuevodigitaldeescobar.com.ar\/?p=11807\"]}]},{\"@type\":\"ImageObject\",\"inLanguage\":\"es\",\"@id\":\"https:\/\/nuevodigitaldeescobar.com.ar\/?p=11807#primaryimage\",\"url\":\"https:\/\/nuevodigitaldeescobar.com.ar\/wp-content\/uploads\/2025\/02\/fedebruni220.png\",\"contentUrl\":\"https:\/\/nuevodigitaldeescobar.com.ar\/wp-content\/uploads\/2025\/02\/fedebruni220.png\",\"width\":767,\"height\":430},{\"@type\":\"BreadcrumbList\",\"@id\":\"https:\/\/nuevodigitaldeescobar.com.ar\/?p=11807#breadcrumb\",\"itemListElement\":[{\"@type\":\"ListItem\",\"position\":1,\"name\":\"Portada\",\"item\":\"https:\/\/nuevodigitaldeescobar.com.ar\/\"},{\"@type\":\"ListItem\",\"position\":2,\"name\":\"Angustia por un argentino desaparecido en Brasil: su familia lleg\u00f3 a Florian\u00f3polis para intensificar la b\u00fasqueda\"}]},{\"@type\":\"WebSite\",\"@id\":\"https:\/\/nuevodigitaldeescobar.com.ar\/#website\",\"url\":\"https:\/\/nuevodigitaldeescobar.com.ar\/\",\"name\":\"Nuevo Digital de Escobar\",\"description\":\"La vida escobarense. Directora: Rosana Brunner\",\"publisher\":{\"@id\":\"https:\/\/nuevodigitaldeescobar.com.ar\/#organization\"},\"potentialAction\":[{\"@type\":\"SearchAction\",\"target\":{\"@type\":\"EntryPoint\",\"urlTemplate\":\"https:\/\/nuevodigitaldeescobar.com.ar\/?s={search_term_string}\"},\"query-input\":{\"@type\":\"PropertyValueSpecification\",\"valueRequired\":true,\"valueName\":\"search_term_string\"}}],\"inLanguage\":\"es\"},{\"@type\":\"Organization\",\"@id\":\"https:\/\/nuevodigitaldeescobar.com.ar\/#organization\",\"name\":\"Nuevo Digital de Escobar\",\"url\":\"https:\/\/nuevodigitaldeescobar.com.ar\/\",\"logo\":{\"@type\":\"ImageObject\",\"inLanguage\":\"es\",\"@id\":\"https:\/\/nuevodigitaldeescobar.com.ar\/#\/schema\/logo\/image\/\",\"url\":\"https:\/\/nuevodigitaldeescobar.com.ar\/wp-content\/uploads\/2025\/05\/cropped-logo-nuevo2.jpg\",\"contentUrl\":\"https:\/\/nuevodigitaldeescobar.com.ar\/wp-content\/uploads\/2025\/05\/cropped-logo-nuevo2.jpg\",\"width\":305,\"height\":305,\"caption\":\"Nuevo Digital de Escobar\"},\"image\":{\"@id\":\"https:\/\/nuevodigitaldeescobar.com.ar\/#\/schema\/logo\/image\/\"},\"sameAs\":[\"https:\/\/www.facebook.com\/NUEVODigitalDeEscobar\",\"https:\/\/x.com\/nuevodigescobar\",\"https:\/\/www.instagram.com\/nuevodigitaldeescobar\"]},{\"@type\":\"Person\",\"@id\":\"https:\/\/nuevodigitaldeescobar.com.ar\/#\/schema\/person\/035e90a8efe9a80e6eec22656ad6ea4c\",\"name\":\"Redacci\u00f3n\",\"image\":{\"@type\":\"ImageObject\",\"inLanguage\":\"es\",\"@id\":\"https:\/\/nuevodigitaldeescobar.com.ar\/#\/schema\/person\/image\/\",\"url\":\"https:\/\/secure.gravatar.com\/avatar\/8af8f40000c24e9eef3034f2be5998a372bb1389e64b1a4a36b3a7979142220d?s=96&d=mm&r=g\",\"contentUrl\":\"https:\/\/secure.gravatar.com\/avatar\/8af8f40000c24e9eef3034f2be5998a372bb1389e64b1a4a36b3a7979142220d?s=96&d=mm&r=g\",\"caption\":\"Redacci\u00f3n\"},\"sameAs\":[\"http:\/\/nuevodigitaldeescobar.com.ar\"],\"url\":\"https:\/\/nuevodigitaldeescobar.com.ar\/?author=1\"}]}<\/script>\n<!-- \/ Yoast SEO plugin. -->","yoast_head_json":{"title":"Angustia por un argentino desaparecido en Brasil: su familia lleg\u00f3 a Florian\u00f3polis para intensificar la b\u00fasqueda - Nuevo Digital de Escobar","robots":{"index":"index","follow":"follow","max-snippet":"max-snippet:-1","max-image-preview":"max-image-preview:large","max-video-preview":"max-video-preview:-1"},"canonical":"https:\/\/nuevodigitaldeescobar.com.ar\/?p=11807","og_locale":"es_ES","og_type":"article","og_title":"Angustia por un argentino desaparecido en Brasil: su familia lleg\u00f3 a Florian\u00f3polis para intensificar la b\u00fasqueda - Nuevo Digital de Escobar","og_description":"Federico Bruni, un joven de 32 a\u00f1os oriundo de Munro, desapareci\u00f3 el pasado 27 de enero en una zona selv\u00e1tica de S\u00e3o Bonif\u00e1cio, en el [&hellip;]","og_url":"https:\/\/nuevodigitaldeescobar.com.ar\/?p=11807","og_site_name":"Nuevo Digital de Escobar","article_publisher":"https:\/\/www.facebook.com\/NUEVODigitalDeEscobar","article_published_time":"2025-02-01T10:15:00+00:00","og_image":[{"width":767,"height":430,"url":"https:\/\/nuevodigitaldeescobar.com.ar\/wp-content\/uploads\/2025\/02\/fedebruni220.png","type":"image\/png"}],"author":"Redacci\u00f3n","twitter_card":"summary_large_image","twitter_creator":"@nuevodigescobar","twitter_site":"@nuevodigescobar","twitter_misc":{"Escrito por":"Redacci\u00f3n","Tiempo de lectura":"2 minutos"},"schema":{"@context":"https:\/\/schema.org","@graph":[{"@type":"Article","@id":"https:\/\/nuevodigitaldeescobar.com.ar\/?p=11807#article","isPartOf":{"@id":"https:\/\/nuevodigitaldeescobar.com.ar\/?p=11807"},"author":{"name":"Redacci\u00f3n","@id":"https:\/\/nuevodigitaldeescobar.com.ar\/#\/schema\/person\/035e90a8efe9a80e6eec22656ad6ea4c"},"headline":"Angustia por un argentino desaparecido en Brasil: su familia lleg\u00f3 a Florian\u00f3polis para intensificar la b\u00fasqueda","datePublished":"2025-02-01T10:15:00+00:00","mainEntityOfPage":{"@id":"https:\/\/nuevodigitaldeescobar.com.ar\/?p=11807"},"wordCount":473,"commentCount":0,"publisher":{"@id":"https:\/\/nuevodigitaldeescobar.com.ar\/#organization"},"image":{"@id":"https:\/\/nuevodigitaldeescobar.com.ar\/?p=11807#primaryimage"},"thumbnailUrl":"https:\/\/nuevodigitaldeescobar.com.ar\/wp-content\/uploads\/2025\/02\/fedebruni220.png","articleSection":["Sociedad"],"inLanguage":"es","potentialAction":[{"@type":"CommentAction","name":"Comment","target":["https:\/\/nuevodigitaldeescobar.com.ar\/?p=11807#respond"]}]},{"@type":"WebPage","@id":"https:\/\/nuevodigitaldeescobar.com.ar\/?p=11807","url":"https:\/\/nuevodigitaldeescobar.com.ar\/?p=11807","name":"Angustia por un argentino desaparecido en Brasil: su familia lleg\u00f3 a Florian\u00f3polis para intensificar la b\u00fasqueda - Nuevo Digital de Escobar","isPartOf":{"@id":"https:\/\/nuevodigitaldeescobar.com.ar\/#website"},"primaryImageOfPage":{"@id":"https:\/\/nuevodigitaldeescobar.com.ar\/?p=11807#primaryimage"},"image":{"@id":"https:\/\/nuevodigitaldeescobar.com.ar\/?p=11807#primaryimage"},"thumbnailUrl":"https:\/\/nuevodigitaldeescobar.com.ar\/wp-content\/uploads\/2025\/02\/fedebruni220.png","datePublished":"2025-02-01T10:15:00+00:00","breadcrumb":{"@id":"https:\/\/nuevodigitaldeescobar.com.ar\/?p=11807#breadcrumb"},"inLanguage":"es","potentialAction":[{"@type":"ReadAction","target":["https:\/\/nuevodigitaldeescobar.com.ar\/?p=11807"]}]},{"@type":"ImageObject","inLanguage":"es","@id":"https:\/\/nuevodigitaldeescobar.com.ar\/?p=11807#primaryimage","url":"https:\/\/nuevodigitaldeescobar.com.ar\/wp-content\/uploads\/2025\/02\/fedebruni220.png","contentUrl":"https:\/\/nuevodigitaldeescobar.com.ar\/wp-content\/uploads\/2025\/02\/fedebruni220.png","width":767,"height":430},{"@type":"BreadcrumbList","@id":"https:\/\/nuevodigitaldeescobar.com.ar\/?p=11807#breadcrumb","itemListElement":[{"@type":"ListItem","position":1,"name":"Portada","item":"https:\/\/nuevodigitaldeescobar.com.ar\/"},{"@type":"ListItem","position":2,"name":"Angustia por un argentino desaparecido en Brasil: su familia lleg\u00f3 a Florian\u00f3polis para intensificar la b\u00fasqueda"}]},{"@type":"WebSite","@id":"https:\/\/nuevodigitaldeescobar.com.ar\/#website","url":"https:\/\/nuevodigitaldeescobar.com.ar\/","name":"Nuevo Digital de Escobar","description":"La vida escobarense. Directora: Rosana Brunner","publisher":{"@id":"https:\/\/nuevodigitaldeescobar.com.ar\/#organization"},"potentialAction":[{"@type":"SearchAction","target":{"@type":"EntryPoint","urlTemplate":"https:\/\/nuevodigitaldeescobar.com.ar\/?s={search_term_string}"},"query-input":{"@type":"PropertyValueSpecification","valueRequired":true,"valueName":"search_term_string"}}],"inLanguage":"es"},{"@type":"Organization","@id":"https:\/\/nuevodigitaldeescobar.com.ar\/#organization","name":"Nuevo Digital de Escobar","url":"https:\/\/nuevodigitaldeescobar.com.ar\/","logo":{"@type":"ImageObject","inLanguage":"es","@id":"https:\/\/nuevodigitaldeescobar.com.ar\/#\/schema\/logo\/image\/","url":"https:\/\/nuevodigitaldeescobar.com.ar\/wp-content\/uploads\/2025\/05\/cropped-logo-nuevo2.jpg","contentUrl":"https:\/\/nuevodigitaldeescobar.com.ar\/wp-content\/uploads\/2025\/05\/cropped-logo-nuevo2.jpg","width":305,"height":305,"caption":"Nuevo Digital de Escobar"},"image":{"@id":"https:\/\/nuevodigitaldeescobar.com.ar\/#\/schema\/logo\/image\/"},"sameAs":["https:\/\/www.facebook.com\/NUEVODigitalDeEscobar","https:\/\/x.com\/nuevodigescobar","https:\/\/www.instagram.com\/nuevodigitaldeescobar"]},{"@type":"Person","@id":"https:\/\/nuevodigitaldeescobar.com.ar\/#\/schema\/person\/035e90a8efe9a80e6eec22656ad6ea4c","name":"Redacci\u00f3n","image":{"@type":"ImageObject","inLanguage":"es","@id":"https:\/\/nuevodigitaldeescobar.com.ar\/#\/schema\/person\/image\/","url":"https:\/\/secure.gravatar.com\/avatar\/8af8f40000c24e9eef3034f2be5998a372bb1389e64b1a4a36b3a7979142220d?s=96&d=mm&r=g","contentUrl":"https:\/\/secure.gravatar.com\/avatar\/8af8f40000c24e9eef3034f2be5998a372bb1389e64b1a4a36b3a7979142220d?s=96&d=mm&r=g","caption":"Redacci\u00f3n"},"sameAs":["http:\/\/nuevodigitaldeescobar.com.ar"],"url":"https:\/\/nuevodigitaldeescobar.com.ar\/?author=1"}]}},"featured_image_urls":{"full":["https:\/\/nuevodigitaldeescobar.com.ar\/wp-content\/uploads\/2025\/02\/fedebruni220.png",767,430,false],"thumbnail":["https:\/\/nuevodigitaldeescobar.com.ar\/wp-content\/uploads\/2025\/02\/fedebruni220-150x150.png",150,150,true],"medium":["https:\/\/nuevodigitaldeescobar.com.ar\/wp-content\/uploads\/2025\/02\/fedebruni220-300x168.png",300,168,true],"medium_large":["https:\/\/nuevodigitaldeescobar.com.ar\/wp-content\/uploads\/2025\/02\/fedebruni220.png",640,359,false],"large":["https:\/\/nuevodigitaldeescobar.com.ar\/wp-content\/uploads\/2025\/02\/fedebruni220.png",640,359,false],"1536x1536":["https:\/\/nuevodigitaldeescobar.com.ar\/wp-content\/uploads\/2025\/02\/fedebruni220.png",767,430,false],"2048x2048":["https:\/\/nuevodigitaldeescobar.com.ar\/wp-content\/uploads\/2025\/02\/fedebruni220.png",767,430,false]},"author_info":{"display_name":"Redacci\u00f3n","author_link":"https:\/\/nuevodigitaldeescobar.com.ar\/?author=1"},"category_info":"<a href=\"https:\/\/nuevodigitaldeescobar.com.ar\/?cat=15\" rel=\"category\">Sociedad<\/a>","tag_info":"Sociedad","comment_count":"0","_links":{"self":[{"href":"https:\/\/nuevodigitaldeescobar.com.ar\/index.php?rest_route=\/wp\/v2\/posts\/11807","targetHints":{"allow":["GET"]}}],"collection":[{"href":"https:\/\/nuevodigitaldeescobar.com.ar\/index.php?rest_route=\/wp\/v2\/posts"}],"about":[{"href":"https:\/\/nuevodigitaldeescobar.com.ar\/index.php?rest_route=\/wp\/v2\/types\/post"}],"author":[{"embeddable":true,"href":"https:\/\/nuevodigitaldeescobar.com.ar\/index.php?rest_route=\/wp\/v2\/users\/1"}],"replies":[{"embeddable":true,"href":"https:\/\/nuevodigitaldeescobar.com.ar\/index.php?rest_route=%2Fwp%2Fv2%2Fcomments&post=11807"}],"version-history":[{"count":1,"href":"https:\/\/nuevodigitaldeescobar.com.ar\/index.php?rest_route=\/wp\/v2\/posts\/11807\/revisions"}],"predecessor-version":[{"id":11811,"href":"https:\/\/nuevodigitaldeescobar.com.ar\/index.php?rest_route=\/wp\/v2\/posts\/11807\/revisions\/11811"}],"wp:featuredmedia":[{"embeddable":true,"href":"https:\/\/nuevodigitaldeescobar.com.ar\/index.php?rest_route=\/wp\/v2\/media\/11808"}],"wp:attachment":[{"href":"https:\/\/nuevodigitaldeescobar.com.ar\/index.php?rest_route=%2Fwp%2Fv2%2Fmedia&parent=11807"}],"wp:term":[{"taxonomy":"category","embeddable":true,"href":"https:\/\/nuevodigitaldeescobar.com.ar\/index.php?rest_route=%2Fwp%2Fv2%2Fcategories&post=11807"},{"taxonomy":"post_tag","embeddable":true,"href":"https:\/\/nuevodigitaldeescobar.com.ar\/index.php?rest_route=%2Fwp%2Fv2%2Ftags&post=11807"}],"curies":[{"name":"wp","href":"https:\/\/api.w.org\/{rel}","templated":true}]}}