{"id":1186,"date":"2023-11-24T14:49:40","date_gmt":"2023-11-24T17:49:40","guid":{"rendered":"https:\/\/nuevodigitaldeescobar.com.ar\/?p=1186"},"modified":"2023-11-24T14:50:30","modified_gmt":"2023-11-24T17:50:30","slug":"quien-es-osvaldo-giordano-el-elegido-por-javier-milei-la-anses","status":"publish","type":"post","link":"https:\/\/nuevodigitaldeescobar.com.ar\/?p=1186","title":{"rendered":"\u00bfQui\u00e9n es Osvaldo Giordano, el elegido por Javier Milei para ANSES?"},"content":{"rendered":"<p><span style=\"color: #003366;\"><strong><em>Hombre de Juan Schiaretti, es el actual ministro de Finanzas de C\u00f3rdoba y fue clave en las negociaciones con el organismo nacional por las deudas con la Caja de Jubilaciones de esa provincia.<\/em><\/strong><\/span><\/p>\n<p><!--more--><\/p>\n<p>A poco de asumir como Presidente de la Naci\u00f3n, el gabinete de Javier Milei ya va tomando forma. En las \u00faltimas horas, se conoci\u00f3 que Carolina P\u00edparo, quien se present\u00f3 como candidata a gobernadora bonaerense por La Libertad Avanza, finalmente no estar\u00e1 a cargo de Anses, como se hab\u00eda confirmado inicialmente. El lugar finalmente ser\u00e1 ocupado por Osvaldo Giordano, actual ministro de Finanzas de C\u00f3rdoba.<\/p>\n<p>La Oficina del Presidente Electo confirm\u00f3 la designaci\u00f3n esta ma\u00f1ana, a trav\u00e9s de un comunicado en su cuenta de X, la red social anteriormente conocida como Twitter. <em>\u201cEl economista Osvaldo Giordano ser\u00e1 el titular de la Anses\u201d<\/em>, resumi\u00f3 el texto que, adem\u00e1s, reafirm\u00f3 la ya conocida selecci\u00f3n de Horacio Mar\u00edn al frente de YPF.<\/p>\n<p>Giordano es una figura pol\u00edtica de renombre en su provincia y con un pasado importante en diferentes negociaciones llevadas a cabo entre C\u00f3rdoba y el Gobierno nacional. Se trata de un funcionario de cercan\u00eda pol\u00edtica con el gobernador cordob\u00e9s y ex candidato presidencial Juan Schiaretti.<\/p>\n<figure id=\"attachment_1187\" aria-describedby=\"caption-attachment-1187\" style=\"width: 531px\" class=\"wp-caption alignnone\"><img fetchpriority=\"high\" decoding=\"async\" class=\"size-full wp-image-1187\" src=\"http:\/\/nuevodigitaldeescobar.com.ar\/wp-content\/uploads\/2023\/11\/epi-comunicado.jpg\" alt=\"\" width=\"531\" height=\"720\" srcset=\"https:\/\/nuevodigitaldeescobar.com.ar\/wp-content\/uploads\/2023\/11\/epi-comunicado.jpg 531w, https:\/\/nuevodigitaldeescobar.com.ar\/wp-content\/uploads\/2023\/11\/epi-comunicado-221x300.jpg 221w\" sizes=\"(max-width: 531px) 100vw, 531px\" \/><figcaption id=\"caption-attachment-1187\" class=\"wp-caption-text\">El comunicado de la Oficina del Presidente Electo.<\/figcaption><\/figure>\n<p>Licenciado en Econom\u00eda de la Universidad Nacional de C\u00f3rdoba (UNC), se desempe\u00f1\u00f3 como docente e investigador de la Universidad Cat\u00f3lica Argentina (UCA). En sus inicios, trabaj\u00f3 como investigador en Fundaci\u00f3n Mediterr\u00e1nea y en Fundaci\u00f3n Novum Millenium. Adem\u00e1s, fue presidente del Instituto para el Desarrollo Social Argentino (Idesa) y consultor del Banco Interamericano de Desarrollo (BID) durante m\u00e1s de 20 a\u00f1os (1992 a 2014). En esa entidad trabaj\u00f3 en temas de pol\u00edticas p\u00fablicas en varios pa\u00edses latinoamericanos.<\/p>\n<p>El candidato a ser director del Anses, fue Secretario de Previsi\u00f3n Social de la Provincia de C\u00f3rdoba entre 2007 y 2015. Justo despu\u00e9s, asumi\u00f3 como ministro de Finanzas de esa provincia, puesto que ocupa hasta hoy.<\/p>\n<p>Tambi\u00e9n fue Director General de la Direcci\u00f3n Nacional de Recursos de la Seguridad Social de AFIP, Superintendente de Riesgos del Trabajo, Secretario de Empleo de la Naci\u00f3n y Director de la Administraci\u00f3n Nacional del Seguro de Salud.<\/p>\n<h3><span style=\"color: #003366;\"><strong>El rol en la pol\u00edtica<\/strong><\/span><\/h3>\n<p>Giordano estuvo a cargo de las gestiones en favor de la Caja de Jubilaciones de C\u00f3rdoba. De hecho, su rol fue clave en los reiterados reclamos del gobernador Juan Schiaretti por los fondos adeudados por la Naci\u00f3n a la Caja de Jubilaciones de C\u00f3rdoba.<\/p>\n<figure id=\"attachment_1188\" aria-describedby=\"caption-attachment-1188\" style=\"width: 720px\" class=\"wp-caption alignnone\"><img decoding=\"async\" class=\"size-full wp-image-1188\" src=\"http:\/\/nuevodigitaldeescobar.com.ar\/wp-content\/uploads\/2023\/11\/epi-giordano-anses.jpg\" alt=\"\" width=\"720\" height=\"405\" srcset=\"https:\/\/nuevodigitaldeescobar.com.ar\/wp-content\/uploads\/2023\/11\/epi-giordano-anses.jpg 720w, https:\/\/nuevodigitaldeescobar.com.ar\/wp-content\/uploads\/2023\/11\/epi-giordano-anses-300x169.jpg 300w\" sizes=\"(max-width: 720px) 100vw, 720px\" \/><figcaption id=\"caption-attachment-1188\" class=\"wp-caption-text\">Giordano fue Secretario de Previsi\u00f3n Social de la Provincia de C\u00f3rdoba entre 2007 y 2015.<\/figcaption><\/figure>\n<p>Hacia el 2017, Giordano sosten\u00eda que la deuda que la Administraci\u00f3n Nacional de la Seguridad Social (Anses) manten\u00eda con la provincia alcanzaba los $4.500 millones (a pesos de 2017). Esa cifra, aseguraba, representaba el acumulado de fondos que la Naci\u00f3n hab\u00eda dejado de girarle desde enero de 2011.<\/p>\n<p><em>\u201cLa Caja achic\u00f3 su d\u00e9ficit, producto de varias medidas que hemos ido tomando, pero el principal problema es que la Naci\u00f3n persiste en el incumplimiento\u201d<\/em>, explicaba el candidato de Milei para dirigir Anses.<\/p>\n<p>Osvaldo Giordano fue protagonista tambi\u00e9n de los debates por el Consenso Fiscal, durante el gobierno de Mauricio Macri. El ministro de Finanzas de C\u00f3rdoba hab\u00eda explicado que uno de los objetivos del consenso era aprovechar el crecimiento de la econom\u00eda para bajar la presi\u00f3n impositiva. <em>\u201cEse supuesto no se cumpli\u00f3\u201d<\/em>, lament\u00f3 durante una entrevista realizada en el final del gobierno de Macri.<\/p>\n<p>Pese a esto, Giordano se segu\u00eda mostrando a favor de una reforma impositiva generalizada. <em>\u201cEs un tema a rediscutir en el marco de cu\u00e1l ser\u00e1 la estrategia del gobierno nacional, en t\u00e9rminos de c\u00f3mo se imagina la salida de la crisis y cu\u00e1l es su estrategia de pol\u00edtica tributaria, y en ese plano habr\u00e1 que rediscutir el Consenso Fiscal\u201d<\/em>, hab\u00eda declarado.<\/p>\n<p>Asimismo, en varias oportunidades el actual ministro de Finanzas de C\u00f3rdoba se mostr\u00f3 cr\u00edtico con el Gobierno de Alberto Fern\u00e1ndez y su manejo de las cuentas p\u00fablicas. El a\u00f1o pasado, por ejemplo, el funcionario que responde al gobernador Juan Schiaretti, defini\u00f3 al Estado nacional como <em>\u201cdesorganizado\u201d<\/em> y advirti\u00f3 que <em>\u201crecauda y gasta muy mal\u201d<\/em>.<\/p>\n<p>A su vez, calific\u00f3 como <em>\u201cun error sistem\u00e1tico\u201d<\/em> que haya <em>\u201cuna serie de consensos bastante compartidos en el sistema pol\u00edtico de que gastar de m\u00e1s no est\u00e1 mal o que gastar mal no est\u00e1 mal\u201d<\/em>, algo que -asegur\u00f3- genera que la Argentina est\u00e9 <em>\u201csistem\u00e1ticamente en decadencia o en un ciclo involutivo del que pareciera imposible salir\u201d<\/em>.<\/p>\n<p><em>(Infobae)<\/em><\/p>\n","protected":false},"excerpt":{"rendered":"<p>Hombre de Juan Schiaretti, es el actual ministro de Finanzas de C\u00f3rdoba y fue clave en las negociaciones con el organismo nacional por las deudas [&hellip;]<\/p>\n","protected":false},"author":1,"featured_media":1189,"comment_status":"open","ping_status":"closed","sticky":false,"template":"","format":"standard","meta":{"footnotes":""},"categories":[10,6],"tags":[],"class_list":["post-1186","post","type-post","status-publish","format-standard","has-post-thumbnail","hentry","category-economia","category-politica"],"better_featured_image":{"id":1189,"alt_text":"","caption":"","description":"","media_type":"image","media_details":{"width":720,"height":400,"file":"2023\/11\/osvaldo-giordano-anses.jpg","filesize":29224,"sizes":{"medium":{"file":"osvaldo-giordano-anses-300x167.jpg","width":300,"height":167,"mime-type":"image\/jpeg","filesize":9496,"source_url":"https:\/\/nuevodigitaldeescobar.com.ar\/wp-content\/uploads\/2023\/11\/osvaldo-giordano-anses-300x167.jpg"},"thumbnail":{"file":"osvaldo-giordano-anses-150x150.jpg","width":150,"height":150,"mime-type":"image\/jpeg","filesize":7050,"source_url":"https:\/\/nuevodigitaldeescobar.com.ar\/wp-content\/uploads\/2023\/11\/osvaldo-giordano-anses-150x150.jpg"},"covernews-medium":{"file":"osvaldo-giordano-anses-540x340.jpg","width":540,"height":340,"mime-type":"image\/jpeg","filesize":22172,"source_url":"https:\/\/nuevodigitaldeescobar.com.ar\/wp-content\/uploads\/2023\/11\/osvaldo-giordano-anses-540x340.jpg"},"covernews-medium-square":{"file":"osvaldo-giordano-anses-400x250.jpg","width":400,"height":250,"mime-type":"image\/jpeg","filesize":14450,"source_url":"https:\/\/nuevodigitaldeescobar.com.ar\/wp-content\/uploads\/2023\/11\/osvaldo-giordano-anses-400x250.jpg"}},"image_meta":{"aperture":"0","credit":"","camera":"","caption":"","created_timestamp":"0","copyright":"","focal_length":"0","iso":"0","shutter_speed":"0","title":"","orientation":"0","keywords":[]}},"post":1186,"source_url":"https:\/\/nuevodigitaldeescobar.com.ar\/wp-content\/uploads\/2023\/11\/osvaldo-giordano-anses.jpg"},"yoast_head":"<!-- This site is optimized with the Yoast SEO plugin v26.1.1 - https:\/\/yoast.com\/wordpress\/plugins\/seo\/ -->\n<title>\u00bfQui\u00e9n es Osvaldo Giordano, el elegido por Javier Milei para ANSES? - Nuevo Digital de Escobar<\/title>\n<meta name=\"robots\" content=\"index, follow, max-snippet:-1, max-image-preview:large, max-video-preview:-1\" \/>\n<link rel=\"canonical\" href=\"https:\/\/nuevodigitaldeescobar.com.ar\/?p=1186\" \/>\n<meta property=\"og:locale\" content=\"es_ES\" \/>\n<meta property=\"og:type\" content=\"article\" \/>\n<meta property=\"og:title\" content=\"\u00bfQui\u00e9n es Osvaldo Giordano, el elegido por Javier Milei para ANSES? - Nuevo Digital de Escobar\" \/>\n<meta property=\"og:description\" content=\"Hombre de Juan Schiaretti, es el actual ministro de Finanzas de C\u00f3rdoba y fue clave en las negociaciones con el organismo nacional por las deudas [&hellip;]\" \/>\n<meta property=\"og:url\" content=\"https:\/\/nuevodigitaldeescobar.com.ar\/?p=1186\" \/>\n<meta property=\"og:site_name\" content=\"Nuevo Digital de Escobar\" \/>\n<meta property=\"article:publisher\" content=\"https:\/\/www.facebook.com\/NUEVODigitalDeEscobar\" \/>\n<meta property=\"article:published_time\" content=\"2023-11-24T17:49:40+00:00\" \/>\n<meta property=\"article:modified_time\" content=\"2023-11-24T17:50:30+00:00\" \/>\n<meta property=\"og:image\" content=\"https:\/\/nuevodigitaldeescobar.com.ar\/wp-content\/uploads\/2023\/11\/osvaldo-giordano-anses.jpg\" \/>\n\t<meta property=\"og:image:width\" content=\"720\" \/>\n\t<meta property=\"og:image:height\" content=\"400\" \/>\n\t<meta property=\"og:image:type\" content=\"image\/jpeg\" \/>\n<meta name=\"author\" content=\"Redacci\u00f3n\" \/>\n<meta name=\"twitter:card\" content=\"summary_large_image\" \/>\n<meta name=\"twitter:creator\" content=\"@nuevodigescobar\" \/>\n<meta name=\"twitter:site\" content=\"@nuevodigescobar\" \/>\n<meta name=\"twitter:label1\" content=\"Escrito por\" \/>\n\t<meta name=\"twitter:data1\" content=\"Redacci\u00f3n\" \/>\n\t<meta name=\"twitter:label2\" content=\"Tiempo de lectura\" \/>\n\t<meta name=\"twitter:data2\" content=\"4 minutos\" \/>\n<script type=\"application\/ld+json\" class=\"yoast-schema-graph\">{\"@context\":\"https:\/\/schema.org\",\"@graph\":[{\"@type\":\"Article\",\"@id\":\"https:\/\/nuevodigitaldeescobar.com.ar\/?p=1186#article\",\"isPartOf\":{\"@id\":\"https:\/\/nuevodigitaldeescobar.com.ar\/?p=1186\"},\"author\":{\"name\":\"Redacci\u00f3n\",\"@id\":\"https:\/\/nuevodigitaldeescobar.com.ar\/#\/schema\/person\/035e90a8efe9a80e6eec22656ad6ea4c\"},\"headline\":\"\u00bfQui\u00e9n es Osvaldo Giordano, el elegido por Javier Milei para ANSES?\",\"datePublished\":\"2023-11-24T17:49:40+00:00\",\"dateModified\":\"2023-11-24T17:50:30+00:00\",\"mainEntityOfPage\":{\"@id\":\"https:\/\/nuevodigitaldeescobar.com.ar\/?p=1186\"},\"wordCount\":818,\"commentCount\":0,\"publisher\":{\"@id\":\"https:\/\/nuevodigitaldeescobar.com.ar\/#organization\"},\"image\":{\"@id\":\"https:\/\/nuevodigitaldeescobar.com.ar\/?p=1186#primaryimage\"},\"thumbnailUrl\":\"https:\/\/nuevodigitaldeescobar.com.ar\/wp-content\/uploads\/2023\/11\/osvaldo-giordano-anses.jpg\",\"articleSection\":[\"Econom\u00eda\",\"Pol\u00edtica\"],\"inLanguage\":\"es\",\"potentialAction\":[{\"@type\":\"CommentAction\",\"name\":\"Comment\",\"target\":[\"https:\/\/nuevodigitaldeescobar.com.ar\/?p=1186#respond\"]}]},{\"@type\":\"WebPage\",\"@id\":\"https:\/\/nuevodigitaldeescobar.com.ar\/?p=1186\",\"url\":\"https:\/\/nuevodigitaldeescobar.com.ar\/?p=1186\",\"name\":\"\u00bfQui\u00e9n es Osvaldo Giordano, el elegido por Javier Milei para ANSES? - Nuevo Digital de Escobar\",\"isPartOf\":{\"@id\":\"https:\/\/nuevodigitaldeescobar.com.ar\/#website\"},\"primaryImageOfPage\":{\"@id\":\"https:\/\/nuevodigitaldeescobar.com.ar\/?p=1186#primaryimage\"},\"image\":{\"@id\":\"https:\/\/nuevodigitaldeescobar.com.ar\/?p=1186#primaryimage\"},\"thumbnailUrl\":\"https:\/\/nuevodigitaldeescobar.com.ar\/wp-content\/uploads\/2023\/11\/osvaldo-giordano-anses.jpg\",\"datePublished\":\"2023-11-24T17:49:40+00:00\",\"dateModified\":\"2023-11-24T17:50:30+00:00\",\"breadcrumb\":{\"@id\":\"https:\/\/nuevodigitaldeescobar.com.ar\/?p=1186#breadcrumb\"},\"inLanguage\":\"es\",\"potentialAction\":[{\"@type\":\"ReadAction\",\"target\":[\"https:\/\/nuevodigitaldeescobar.com.ar\/?p=1186\"]}]},{\"@type\":\"ImageObject\",\"inLanguage\":\"es\",\"@id\":\"https:\/\/nuevodigitaldeescobar.com.ar\/?p=1186#primaryimage\",\"url\":\"https:\/\/nuevodigitaldeescobar.com.ar\/wp-content\/uploads\/2023\/11\/osvaldo-giordano-anses.jpg\",\"contentUrl\":\"https:\/\/nuevodigitaldeescobar.com.ar\/wp-content\/uploads\/2023\/11\/osvaldo-giordano-anses.jpg\",\"width\":720,\"height\":400},{\"@type\":\"BreadcrumbList\",\"@id\":\"https:\/\/nuevodigitaldeescobar.com.ar\/?p=1186#breadcrumb\",\"itemListElement\":[{\"@type\":\"ListItem\",\"position\":1,\"name\":\"Portada\",\"item\":\"https:\/\/nuevodigitaldeescobar.com.ar\/\"},{\"@type\":\"ListItem\",\"position\":2,\"name\":\"\u00bfQui\u00e9n es Osvaldo Giordano, el elegido por Javier Milei para ANSES?\"}]},{\"@type\":\"WebSite\",\"@id\":\"https:\/\/nuevodigitaldeescobar.com.ar\/#website\",\"url\":\"https:\/\/nuevodigitaldeescobar.com.ar\/\",\"name\":\"Nuevo Digital de Escobar\",\"description\":\"La vida escobarense. Directora: Rosana Brunner\",\"publisher\":{\"@id\":\"https:\/\/nuevodigitaldeescobar.com.ar\/#organization\"},\"potentialAction\":[{\"@type\":\"SearchAction\",\"target\":{\"@type\":\"EntryPoint\",\"urlTemplate\":\"https:\/\/nuevodigitaldeescobar.com.ar\/?s={search_term_string}\"},\"query-input\":{\"@type\":\"PropertyValueSpecification\",\"valueRequired\":true,\"valueName\":\"search_term_string\"}}],\"inLanguage\":\"es\"},{\"@type\":\"Organization\",\"@id\":\"https:\/\/nuevodigitaldeescobar.com.ar\/#organization\",\"name\":\"Nuevo Digital de Escobar\",\"url\":\"https:\/\/nuevodigitaldeescobar.com.ar\/\",\"logo\":{\"@type\":\"ImageObject\",\"inLanguage\":\"es\",\"@id\":\"https:\/\/nuevodigitaldeescobar.com.ar\/#\/schema\/logo\/image\/\",\"url\":\"https:\/\/nuevodigitaldeescobar.com.ar\/wp-content\/uploads\/2025\/05\/cropped-logo-nuevo2.jpg\",\"contentUrl\":\"https:\/\/nuevodigitaldeescobar.com.ar\/wp-content\/uploads\/2025\/05\/cropped-logo-nuevo2.jpg\",\"width\":305,\"height\":305,\"caption\":\"Nuevo Digital de Escobar\"},\"image\":{\"@id\":\"https:\/\/nuevodigitaldeescobar.com.ar\/#\/schema\/logo\/image\/\"},\"sameAs\":[\"https:\/\/www.facebook.com\/NUEVODigitalDeEscobar\",\"https:\/\/x.com\/nuevodigescobar\",\"https:\/\/www.instagram.com\/nuevodigitaldeescobar\"]},{\"@type\":\"Person\",\"@id\":\"https:\/\/nuevodigitaldeescobar.com.ar\/#\/schema\/person\/035e90a8efe9a80e6eec22656ad6ea4c\",\"name\":\"Redacci\u00f3n\",\"image\":{\"@type\":\"ImageObject\",\"inLanguage\":\"es\",\"@id\":\"https:\/\/nuevodigitaldeescobar.com.ar\/#\/schema\/person\/image\/\",\"url\":\"https:\/\/secure.gravatar.com\/avatar\/8af8f40000c24e9eef3034f2be5998a372bb1389e64b1a4a36b3a7979142220d?s=96&d=mm&r=g\",\"contentUrl\":\"https:\/\/secure.gravatar.com\/avatar\/8af8f40000c24e9eef3034f2be5998a372bb1389e64b1a4a36b3a7979142220d?s=96&d=mm&r=g\",\"caption\":\"Redacci\u00f3n\"},\"sameAs\":[\"http:\/\/nuevodigitaldeescobar.com.ar\"],\"url\":\"https:\/\/nuevodigitaldeescobar.com.ar\/?author=1\"}]}<\/script>\n<!-- \/ Yoast SEO plugin. -->","yoast_head_json":{"title":"\u00bfQui\u00e9n es Osvaldo Giordano, el elegido por Javier Milei para ANSES? - Nuevo Digital de Escobar","robots":{"index":"index","follow":"follow","max-snippet":"max-snippet:-1","max-image-preview":"max-image-preview:large","max-video-preview":"max-video-preview:-1"},"canonical":"https:\/\/nuevodigitaldeescobar.com.ar\/?p=1186","og_locale":"es_ES","og_type":"article","og_title":"\u00bfQui\u00e9n es Osvaldo Giordano, el elegido por Javier Milei para ANSES? - Nuevo Digital de Escobar","og_description":"Hombre de Juan Schiaretti, es el actual ministro de Finanzas de C\u00f3rdoba y fue clave en las negociaciones con el organismo nacional por las deudas [&hellip;]","og_url":"https:\/\/nuevodigitaldeescobar.com.ar\/?p=1186","og_site_name":"Nuevo Digital de Escobar","article_publisher":"https:\/\/www.facebook.com\/NUEVODigitalDeEscobar","article_published_time":"2023-11-24T17:49:40+00:00","article_modified_time":"2023-11-24T17:50:30+00:00","og_image":[{"width":720,"height":400,"url":"https:\/\/nuevodigitaldeescobar.com.ar\/wp-content\/uploads\/2023\/11\/osvaldo-giordano-anses.jpg","type":"image\/jpeg"}],"author":"Redacci\u00f3n","twitter_card":"summary_large_image","twitter_creator":"@nuevodigescobar","twitter_site":"@nuevodigescobar","twitter_misc":{"Escrito por":"Redacci\u00f3n","Tiempo de lectura":"4 minutos"},"schema":{"@context":"https:\/\/schema.org","@graph":[{"@type":"Article","@id":"https:\/\/nuevodigitaldeescobar.com.ar\/?p=1186#article","isPartOf":{"@id":"https:\/\/nuevodigitaldeescobar.com.ar\/?p=1186"},"author":{"name":"Redacci\u00f3n","@id":"https:\/\/nuevodigitaldeescobar.com.ar\/#\/schema\/person\/035e90a8efe9a80e6eec22656ad6ea4c"},"headline":"\u00bfQui\u00e9n es Osvaldo Giordano, el elegido por Javier Milei para ANSES?","datePublished":"2023-11-24T17:49:40+00:00","dateModified":"2023-11-24T17:50:30+00:00","mainEntityOfPage":{"@id":"https:\/\/nuevodigitaldeescobar.com.ar\/?p=1186"},"wordCount":818,"commentCount":0,"publisher":{"@id":"https:\/\/nuevodigitaldeescobar.com.ar\/#organization"},"image":{"@id":"https:\/\/nuevodigitaldeescobar.com.ar\/?p=1186#primaryimage"},"thumbnailUrl":"https:\/\/nuevodigitaldeescobar.com.ar\/wp-content\/uploads\/2023\/11\/osvaldo-giordano-anses.jpg","articleSection":["Econom\u00eda","Pol\u00edtica"],"inLanguage":"es","potentialAction":[{"@type":"CommentAction","name":"Comment","target":["https:\/\/nuevodigitaldeescobar.com.ar\/?p=1186#respond"]}]},{"@type":"WebPage","@id":"https:\/\/nuevodigitaldeescobar.com.ar\/?p=1186","url":"https:\/\/nuevodigitaldeescobar.com.ar\/?p=1186","name":"\u00bfQui\u00e9n es Osvaldo Giordano, el elegido por Javier Milei para ANSES? - Nuevo Digital de Escobar","isPartOf":{"@id":"https:\/\/nuevodigitaldeescobar.com.ar\/#website"},"primaryImageOfPage":{"@id":"https:\/\/nuevodigitaldeescobar.com.ar\/?p=1186#primaryimage"},"image":{"@id":"https:\/\/nuevodigitaldeescobar.com.ar\/?p=1186#primaryimage"},"thumbnailUrl":"https:\/\/nuevodigitaldeescobar.com.ar\/wp-content\/uploads\/2023\/11\/osvaldo-giordano-anses.jpg","datePublished":"2023-11-24T17:49:40+00:00","dateModified":"2023-11-24T17:50:30+00:00","breadcrumb":{"@id":"https:\/\/nuevodigitaldeescobar.com.ar\/?p=1186#breadcrumb"},"inLanguage":"es","potentialAction":[{"@type":"ReadAction","target":["https:\/\/nuevodigitaldeescobar.com.ar\/?p=1186"]}]},{"@type":"ImageObject","inLanguage":"es","@id":"https:\/\/nuevodigitaldeescobar.com.ar\/?p=1186#primaryimage","url":"https:\/\/nuevodigitaldeescobar.com.ar\/wp-content\/uploads\/2023\/11\/osvaldo-giordano-anses.jpg","contentUrl":"https:\/\/nuevodigitaldeescobar.com.ar\/wp-content\/uploads\/2023\/11\/osvaldo-giordano-anses.jpg","width":720,"height":400},{"@type":"BreadcrumbList","@id":"https:\/\/nuevodigitaldeescobar.com.ar\/?p=1186#breadcrumb","itemListElement":[{"@type":"ListItem","position":1,"name":"Portada","item":"https:\/\/nuevodigitaldeescobar.com.ar\/"},{"@type":"ListItem","position":2,"name":"\u00bfQui\u00e9n es Osvaldo Giordano, el elegido por Javier Milei para ANSES?"}]},{"@type":"WebSite","@id":"https:\/\/nuevodigitaldeescobar.com.ar\/#website","url":"https:\/\/nuevodigitaldeescobar.com.ar\/","name":"Nuevo Digital de Escobar","description":"La vida escobarense. Directora: Rosana Brunner","publisher":{"@id":"https:\/\/nuevodigitaldeescobar.com.ar\/#organization"},"potentialAction":[{"@type":"SearchAction","target":{"@type":"EntryPoint","urlTemplate":"https:\/\/nuevodigitaldeescobar.com.ar\/?s={search_term_string}"},"query-input":{"@type":"PropertyValueSpecification","valueRequired":true,"valueName":"search_term_string"}}],"inLanguage":"es"},{"@type":"Organization","@id":"https:\/\/nuevodigitaldeescobar.com.ar\/#organization","name":"Nuevo Digital de Escobar","url":"https:\/\/nuevodigitaldeescobar.com.ar\/","logo":{"@type":"ImageObject","inLanguage":"es","@id":"https:\/\/nuevodigitaldeescobar.com.ar\/#\/schema\/logo\/image\/","url":"https:\/\/nuevodigitaldeescobar.com.ar\/wp-content\/uploads\/2025\/05\/cropped-logo-nuevo2.jpg","contentUrl":"https:\/\/nuevodigitaldeescobar.com.ar\/wp-content\/uploads\/2025\/05\/cropped-logo-nuevo2.jpg","width":305,"height":305,"caption":"Nuevo Digital de Escobar"},"image":{"@id":"https:\/\/nuevodigitaldeescobar.com.ar\/#\/schema\/logo\/image\/"},"sameAs":["https:\/\/www.facebook.com\/NUEVODigitalDeEscobar","https:\/\/x.com\/nuevodigescobar","https:\/\/www.instagram.com\/nuevodigitaldeescobar"]},{"@type":"Person","@id":"https:\/\/nuevodigitaldeescobar.com.ar\/#\/schema\/person\/035e90a8efe9a80e6eec22656ad6ea4c","name":"Redacci\u00f3n","image":{"@type":"ImageObject","inLanguage":"es","@id":"https:\/\/nuevodigitaldeescobar.com.ar\/#\/schema\/person\/image\/","url":"https:\/\/secure.gravatar.com\/avatar\/8af8f40000c24e9eef3034f2be5998a372bb1389e64b1a4a36b3a7979142220d?s=96&d=mm&r=g","contentUrl":"https:\/\/secure.gravatar.com\/avatar\/8af8f40000c24e9eef3034f2be5998a372bb1389e64b1a4a36b3a7979142220d?s=96&d=mm&r=g","caption":"Redacci\u00f3n"},"sameAs":["http:\/\/nuevodigitaldeescobar.com.ar"],"url":"https:\/\/nuevodigitaldeescobar.com.ar\/?author=1"}]}},"featured_image_urls":{"full":["https:\/\/nuevodigitaldeescobar.com.ar\/wp-content\/uploads\/2023\/11\/osvaldo-giordano-anses.jpg",720,400,false],"thumbnail":["https:\/\/nuevodigitaldeescobar.com.ar\/wp-content\/uploads\/2023\/11\/osvaldo-giordano-anses-150x150.jpg",150,150,true],"medium":["https:\/\/nuevodigitaldeescobar.com.ar\/wp-content\/uploads\/2023\/11\/osvaldo-giordano-anses-300x167.jpg",300,167,true],"medium_large":["https:\/\/nuevodigitaldeescobar.com.ar\/wp-content\/uploads\/2023\/11\/osvaldo-giordano-anses.jpg",640,356,false],"large":["https:\/\/nuevodigitaldeescobar.com.ar\/wp-content\/uploads\/2023\/11\/osvaldo-giordano-anses.jpg",640,356,false],"1536x1536":["https:\/\/nuevodigitaldeescobar.com.ar\/wp-content\/uploads\/2023\/11\/osvaldo-giordano-anses.jpg",720,400,false],"2048x2048":["https:\/\/nuevodigitaldeescobar.com.ar\/wp-content\/uploads\/2023\/11\/osvaldo-giordano-anses.jpg",720,400,false]},"author_info":{"display_name":"Redacci\u00f3n","author_link":"https:\/\/nuevodigitaldeescobar.com.ar\/?author=1"},"category_info":"<a href=\"https:\/\/nuevodigitaldeescobar.com.ar\/?cat=10\" rel=\"category\">Econom\u00eda<\/a> <a href=\"https:\/\/nuevodigitaldeescobar.com.ar\/?cat=6\" rel=\"category\">Pol\u00edtica<\/a>","tag_info":"Pol\u00edtica","comment_count":"0","_links":{"self":[{"href":"https:\/\/nuevodigitaldeescobar.com.ar\/index.php?rest_route=\/wp\/v2\/posts\/1186","targetHints":{"allow":["GET"]}}],"collection":[{"href":"https:\/\/nuevodigitaldeescobar.com.ar\/index.php?rest_route=\/wp\/v2\/posts"}],"about":[{"href":"https:\/\/nuevodigitaldeescobar.com.ar\/index.php?rest_route=\/wp\/v2\/types\/post"}],"author":[{"embeddable":true,"href":"https:\/\/nuevodigitaldeescobar.com.ar\/index.php?rest_route=\/wp\/v2\/users\/1"}],"replies":[{"embeddable":true,"href":"https:\/\/nuevodigitaldeescobar.com.ar\/index.php?rest_route=%2Fwp%2Fv2%2Fcomments&post=1186"}],"version-history":[{"count":2,"href":"https:\/\/nuevodigitaldeescobar.com.ar\/index.php?rest_route=\/wp\/v2\/posts\/1186\/revisions"}],"predecessor-version":[{"id":1191,"href":"https:\/\/nuevodigitaldeescobar.com.ar\/index.php?rest_route=\/wp\/v2\/posts\/1186\/revisions\/1191"}],"wp:featuredmedia":[{"embeddable":true,"href":"https:\/\/nuevodigitaldeescobar.com.ar\/index.php?rest_route=\/wp\/v2\/media\/1189"}],"wp:attachment":[{"href":"https:\/\/nuevodigitaldeescobar.com.ar\/index.php?rest_route=%2Fwp%2Fv2%2Fmedia&parent=1186"}],"wp:term":[{"taxonomy":"category","embeddable":true,"href":"https:\/\/nuevodigitaldeescobar.com.ar\/index.php?rest_route=%2Fwp%2Fv2%2Fcategories&post=1186"},{"taxonomy":"post_tag","embeddable":true,"href":"https:\/\/nuevodigitaldeescobar.com.ar\/index.php?rest_route=%2Fwp%2Fv2%2Ftags&post=1186"}],"curies":[{"name":"wp","href":"https:\/\/api.w.org\/{rel}","templated":true}]}}