{"id":12030,"date":"2025-02-09T07:10:00","date_gmt":"2025-02-09T10:10:00","guid":{"rendered":"https:\/\/nuevodigitaldeescobar.com.ar\/?p=12030"},"modified":"2025-02-09T04:13:27","modified_gmt":"2025-02-09T07:13:27","slug":"el-gobierno-avanza-con-la-privatizacion-total-de-belgrano-cargas","status":"publish","type":"post","link":"https:\/\/nuevodigitaldeescobar.com.ar\/?p=12030","title":{"rendered":"El Gobierno avanza con la privatizaci\u00f3n total de Belgrano Cargas"},"content":{"rendered":"\n<p class=\"has-vivid-cyan-blue-color has-text-color has-link-color wp-elements-2d3f413636a52f3114d4eb563e9261ae\"><em><strong>El presidente Javier Milei firm\u00f3 un decreto que pone en marcha la privatizaci\u00f3n total de la empresa estatal Belgrano Cargas y Log\u00edstica S.A., encargada del transporte ferroviario de carga. La medida, que hab\u00eda sido anunciada en octubre de 2024, busca transferir la operaci\u00f3n y la infraestructura de la compa\u00f1\u00eda al sector privado.<\/strong><\/em><\/p>\n\n\n\n<!--more-->\n\n\n\n<p>Seg\u00fan inform\u00f3 el vocero presidencial, Manuel Adorni, la decisi\u00f3n implica que, una vez concretado el proceso de venta, el Estado dejar\u00e1 de gestionar los servicios ferroviarios de carga y toda su infraestructura, incluyendo material rodante, v\u00edas, talleres e inmuebles. El decreto ser\u00e1 publicado en los pr\u00f3ximos d\u00edas en el Bolet\u00edn Oficial.<\/p>\n\n\n\n<h3 class=\"wp-block-heading has-text-color has-link-color wp-elements-6aafa79a68c5dc76df5afe6d4451414d\" style=\"color:#0816b5\"><em>Una medida enmarcada en la Ley de Bases<\/em><\/h3>\n\n\n\n<p>Belgrano Cargas y Log\u00edstica S.A. es una de las ocho empresas estatales incluidas en el listado de privatizaci\u00f3n aprobado en la <em>\u00abLey de Bases\u00bb<\/em>. En su momento, el Gobierno argument\u00f3 que la empresa requer\u00eda un financiamiento estatal de 112 millones de d\u00f3lares anuales para operar y que, a pesar de esa inversi\u00f3n, la distancia media transportada de carga se mantuvo en 500 km, la misma cifra que hace 50 a\u00f1os.<\/p>\n\n\n\n<p>Desde la administraci\u00f3n de Milei cuestionan la eficiencia de la compa\u00f1\u00eda y se\u00f1alan que el l\u00edmite de toneladas transportadas no ha aumentado desde 2009, mientras que la producci\u00f3n agr\u00edcola \u2014principal carga transportada\u2014 se quintuplic\u00f3 en las \u00faltimas cinco d\u00e9cadas.<\/p>\n\n\n\n<h3 class=\"wp-block-heading has-text-color has-link-color wp-elements-d8ab033a9e101ebe39d383ea2bcfcd18\" style=\"color:#0816b5\"><em>Esquema de privatizaci\u00f3n y nuevas concesiones<\/em><\/h3>\n\n\n\n<p>El plan del Ejecutivo contempla dividir la privatizaci\u00f3n en siete procesos de concesi\u00f3n:<\/p>\n\n\n\n<ul class=\"wp-block-list\">\n<li>Una concesi\u00f3n para la v\u00eda, con derecho a cobro de peaje.<\/li>\n\n\n\n<li>Dos concesiones de locomotoras, que incluir\u00e1n a sus respectivos conductores.<\/li>\n\n\n\n<li>Dos concesiones de vagones.<\/li>\n\n\n\n<li>Dos concesiones de talleres, con el personal correspondiente.<\/li>\n<\/ul>\n\n\n\n<p>El proceso estar\u00e1 a cargo de la Agencia de Transformaci\u00f3n de Empresas P\u00fablicas, dirigida por Diego Chaher, y se realizar\u00e1 bajo un esquema de <em>\u00abinfraestructura de acceso abierto\u00bb<\/em>. Esto significa que el concesionario deber\u00e1 permitir el uso de las v\u00edas a todos los operadores interesados en transportar carga, con el fin de evitar monopolios.<\/p>\n\n\n\n<p>No obstante, el Estado conservar\u00e1 la propiedad de las tierras y v\u00edas ferroviarias, asegur\u00f3 Adorni.<\/p>\n\n\n\n<h3 class=\"wp-block-heading has-text-color has-link-color wp-elements-6be30aef5bd5a57f58f0b31f2689225e\" style=\"color:#0816b5\"><em>El rol de Belgrano Cargas en el transporte nacional<\/em><\/h3>\n\n\n\n<p>Belgrano Cargas y Log\u00edstica S.A. fue creada en junio de 2013 durante la gesti\u00f3n de Cristina Kirchner para unificar las principales l\u00edneas ferroviarias de carga del pa\u00eds: Belgrano, San Mart\u00edn y Urquiza. La red abarca 17 provincias del centro y noroeste de Argentina y es clave para el transporte de granos con destino a la exportaci\u00f3n.<\/p>\n\n\n\n<p>Adem\u00e1s del Belgrano Cargas, el Gobierno incluy\u00f3 en la <em>\u00abLey de Bases\u00bb<\/em> la posibilidad de privatizar otras empresas estatales, como Intercargo SAU, Energ\u00eda Argentina S.A. (Enarsa), Agua y Saneamientos Argentinos S.A. (AYSA), Sociedad Operadora Ferroviaria S.E. (SOFSE) y Corredores Viales S.A.<\/p>\n\n\n\n<p>Con esta medida, la administraci\u00f3n Milei da el primer paso en su plan de reducir la participaci\u00f3n del Estado en la econom\u00eda. <em>\u00abTodo lo que se pueda privatizar se va a privatizar\u00bb<\/em>, asegur\u00f3 el vocero presidencial en conferencias previas.<\/p>\n","protected":false},"excerpt":{"rendered":"<p>El presidente Javier Milei firm\u00f3 un decreto que pone en marcha la privatizaci\u00f3n total de la empresa estatal Belgrano Cargas y Log\u00edstica S.A., encargada del [&hellip;]<\/p>\n","protected":false},"author":1,"featured_media":12031,"comment_status":"open","ping_status":"open","sticky":false,"template":"","format":"standard","meta":{"footnotes":""},"categories":[61],"tags":[],"class_list":["post-12030","post","type-post","status-publish","format-standard","has-post-thumbnail","hentry","category-nacionales"],"better_featured_image":{"id":12031,"alt_text":"","caption":"","description":"","media_type":"image","media_details":{"width":1200,"height":675,"file":"2025\/02\/trencargargent22.png","filesize":1298401,"sizes":{"medium":{"file":"trencargargent22-300x169.png","width":300,"height":169,"mime-type":"image\/png","filesize":83003,"source_url":"https:\/\/nuevodigitaldeescobar.com.ar\/wp-content\/uploads\/2025\/02\/trencargargent22-300x169.png"},"large":{"file":"trencargargent22-1024x576.png","width":1024,"height":576,"mime-type":"image\/png","filesize":732202,"source_url":"https:\/\/nuevodigitaldeescobar.com.ar\/wp-content\/uploads\/2025\/02\/trencargargent22-1024x576.png"},"thumbnail":{"file":"trencargargent22-150x150.png","width":150,"height":150,"mime-type":"image\/png","filesize":38064,"source_url":"https:\/\/nuevodigitaldeescobar.com.ar\/wp-content\/uploads\/2025\/02\/trencargargent22-150x150.png"},"medium_large":{"file":"trencargargent22-768x432.png","width":768,"height":432,"mime-type":"image\/png","filesize":449267,"source_url":"https:\/\/nuevodigitaldeescobar.com.ar\/wp-content\/uploads\/2025\/02\/trencargargent22-768x432.png"}},"image_meta":{"aperture":"0","credit":"","camera":"","caption":"","created_timestamp":"0","copyright":"","focal_length":"0","iso":"0","shutter_speed":"0","title":"","orientation":"0","keywords":[]}},"post":12030,"source_url":"https:\/\/nuevodigitaldeescobar.com.ar\/wp-content\/uploads\/2025\/02\/trencargargent22.png"},"yoast_head":"<!-- This site is optimized with the Yoast SEO plugin v26.1.1 - https:\/\/yoast.com\/wordpress\/plugins\/seo\/ -->\n<title>El Gobierno avanza con la privatizaci\u00f3n total de Belgrano Cargas - Nuevo Digital de Escobar<\/title>\n<meta name=\"robots\" content=\"index, follow, max-snippet:-1, max-image-preview:large, max-video-preview:-1\" \/>\n<link rel=\"canonical\" href=\"https:\/\/nuevodigitaldeescobar.com.ar\/?p=12030\" \/>\n<meta property=\"og:locale\" content=\"es_ES\" \/>\n<meta property=\"og:type\" content=\"article\" \/>\n<meta property=\"og:title\" content=\"El Gobierno avanza con la privatizaci\u00f3n total de Belgrano Cargas - Nuevo Digital de Escobar\" \/>\n<meta property=\"og:description\" content=\"El presidente Javier Milei firm\u00f3 un decreto que pone en marcha la privatizaci\u00f3n total de la empresa estatal Belgrano Cargas y Log\u00edstica S.A., encargada del [&hellip;]\" \/>\n<meta property=\"og:url\" content=\"https:\/\/nuevodigitaldeescobar.com.ar\/?p=12030\" \/>\n<meta property=\"og:site_name\" content=\"Nuevo Digital de Escobar\" \/>\n<meta property=\"article:publisher\" content=\"https:\/\/www.facebook.com\/NUEVODigitalDeEscobar\" \/>\n<meta property=\"article:published_time\" content=\"2025-02-09T10:10:00+00:00\" \/>\n<meta property=\"og:image\" content=\"https:\/\/nuevodigitaldeescobar.com.ar\/wp-content\/uploads\/2025\/02\/trencargargent22.png\" \/>\n\t<meta property=\"og:image:width\" content=\"1200\" \/>\n\t<meta property=\"og:image:height\" content=\"675\" \/>\n\t<meta property=\"og:image:type\" content=\"image\/png\" \/>\n<meta name=\"author\" content=\"Redacci\u00f3n\" \/>\n<meta name=\"twitter:card\" content=\"summary_large_image\" \/>\n<meta name=\"twitter:creator\" content=\"@nuevodigescobar\" \/>\n<meta name=\"twitter:site\" content=\"@nuevodigescobar\" \/>\n<meta name=\"twitter:label1\" content=\"Escrito por\" \/>\n\t<meta name=\"twitter:data1\" content=\"Redacci\u00f3n\" \/>\n\t<meta name=\"twitter:label2\" content=\"Tiempo de lectura\" \/>\n\t<meta name=\"twitter:data2\" content=\"3 minutos\" \/>\n<script type=\"application\/ld+json\" class=\"yoast-schema-graph\">{\"@context\":\"https:\/\/schema.org\",\"@graph\":[{\"@type\":\"Article\",\"@id\":\"https:\/\/nuevodigitaldeescobar.com.ar\/?p=12030#article\",\"isPartOf\":{\"@id\":\"https:\/\/nuevodigitaldeescobar.com.ar\/?p=12030\"},\"author\":{\"name\":\"Redacci\u00f3n\",\"@id\":\"https:\/\/nuevodigitaldeescobar.com.ar\/#\/schema\/person\/035e90a8efe9a80e6eec22656ad6ea4c\"},\"headline\":\"El Gobierno avanza con la privatizaci\u00f3n total de Belgrano Cargas\",\"datePublished\":\"2025-02-09T10:10:00+00:00\",\"mainEntityOfPage\":{\"@id\":\"https:\/\/nuevodigitaldeescobar.com.ar\/?p=12030\"},\"wordCount\":542,\"commentCount\":0,\"publisher\":{\"@id\":\"https:\/\/nuevodigitaldeescobar.com.ar\/#organization\"},\"image\":{\"@id\":\"https:\/\/nuevodigitaldeescobar.com.ar\/?p=12030#primaryimage\"},\"thumbnailUrl\":\"https:\/\/nuevodigitaldeescobar.com.ar\/wp-content\/uploads\/2025\/02\/trencargargent22.png\",\"articleSection\":[\"Nacionales\"],\"inLanguage\":\"es\",\"potentialAction\":[{\"@type\":\"CommentAction\",\"name\":\"Comment\",\"target\":[\"https:\/\/nuevodigitaldeescobar.com.ar\/?p=12030#respond\"]}]},{\"@type\":\"WebPage\",\"@id\":\"https:\/\/nuevodigitaldeescobar.com.ar\/?p=12030\",\"url\":\"https:\/\/nuevodigitaldeescobar.com.ar\/?p=12030\",\"name\":\"El Gobierno avanza con la privatizaci\u00f3n total de Belgrano Cargas - Nuevo Digital de Escobar\",\"isPartOf\":{\"@id\":\"https:\/\/nuevodigitaldeescobar.com.ar\/#website\"},\"primaryImageOfPage\":{\"@id\":\"https:\/\/nuevodigitaldeescobar.com.ar\/?p=12030#primaryimage\"},\"image\":{\"@id\":\"https:\/\/nuevodigitaldeescobar.com.ar\/?p=12030#primaryimage\"},\"thumbnailUrl\":\"https:\/\/nuevodigitaldeescobar.com.ar\/wp-content\/uploads\/2025\/02\/trencargargent22.png\",\"datePublished\":\"2025-02-09T10:10:00+00:00\",\"breadcrumb\":{\"@id\":\"https:\/\/nuevodigitaldeescobar.com.ar\/?p=12030#breadcrumb\"},\"inLanguage\":\"es\",\"potentialAction\":[{\"@type\":\"ReadAction\",\"target\":[\"https:\/\/nuevodigitaldeescobar.com.ar\/?p=12030\"]}]},{\"@type\":\"ImageObject\",\"inLanguage\":\"es\",\"@id\":\"https:\/\/nuevodigitaldeescobar.com.ar\/?p=12030#primaryimage\",\"url\":\"https:\/\/nuevodigitaldeescobar.com.ar\/wp-content\/uploads\/2025\/02\/trencargargent22.png\",\"contentUrl\":\"https:\/\/nuevodigitaldeescobar.com.ar\/wp-content\/uploads\/2025\/02\/trencargargent22.png\",\"width\":1200,\"height\":675},{\"@type\":\"BreadcrumbList\",\"@id\":\"https:\/\/nuevodigitaldeescobar.com.ar\/?p=12030#breadcrumb\",\"itemListElement\":[{\"@type\":\"ListItem\",\"position\":1,\"name\":\"Portada\",\"item\":\"https:\/\/nuevodigitaldeescobar.com.ar\/\"},{\"@type\":\"ListItem\",\"position\":2,\"name\":\"El Gobierno avanza con la privatizaci\u00f3n total de Belgrano Cargas\"}]},{\"@type\":\"WebSite\",\"@id\":\"https:\/\/nuevodigitaldeescobar.com.ar\/#website\",\"url\":\"https:\/\/nuevodigitaldeescobar.com.ar\/\",\"name\":\"Nuevo Digital de Escobar\",\"description\":\"La vida escobarense. Directora: Rosana Brunner\",\"publisher\":{\"@id\":\"https:\/\/nuevodigitaldeescobar.com.ar\/#organization\"},\"potentialAction\":[{\"@type\":\"SearchAction\",\"target\":{\"@type\":\"EntryPoint\",\"urlTemplate\":\"https:\/\/nuevodigitaldeescobar.com.ar\/?s={search_term_string}\"},\"query-input\":{\"@type\":\"PropertyValueSpecification\",\"valueRequired\":true,\"valueName\":\"search_term_string\"}}],\"inLanguage\":\"es\"},{\"@type\":\"Organization\",\"@id\":\"https:\/\/nuevodigitaldeescobar.com.ar\/#organization\",\"name\":\"Nuevo Digital de Escobar\",\"url\":\"https:\/\/nuevodigitaldeescobar.com.ar\/\",\"logo\":{\"@type\":\"ImageObject\",\"inLanguage\":\"es\",\"@id\":\"https:\/\/nuevodigitaldeescobar.com.ar\/#\/schema\/logo\/image\/\",\"url\":\"https:\/\/nuevodigitaldeescobar.com.ar\/wp-content\/uploads\/2025\/05\/cropped-logo-nuevo2.jpg\",\"contentUrl\":\"https:\/\/nuevodigitaldeescobar.com.ar\/wp-content\/uploads\/2025\/05\/cropped-logo-nuevo2.jpg\",\"width\":305,\"height\":305,\"caption\":\"Nuevo Digital de Escobar\"},\"image\":{\"@id\":\"https:\/\/nuevodigitaldeescobar.com.ar\/#\/schema\/logo\/image\/\"},\"sameAs\":[\"https:\/\/www.facebook.com\/NUEVODigitalDeEscobar\",\"https:\/\/x.com\/nuevodigescobar\",\"https:\/\/www.instagram.com\/nuevodigitaldeescobar\"]},{\"@type\":\"Person\",\"@id\":\"https:\/\/nuevodigitaldeescobar.com.ar\/#\/schema\/person\/035e90a8efe9a80e6eec22656ad6ea4c\",\"name\":\"Redacci\u00f3n\",\"image\":{\"@type\":\"ImageObject\",\"inLanguage\":\"es\",\"@id\":\"https:\/\/nuevodigitaldeescobar.com.ar\/#\/schema\/person\/image\/\",\"url\":\"https:\/\/secure.gravatar.com\/avatar\/8af8f40000c24e9eef3034f2be5998a372bb1389e64b1a4a36b3a7979142220d?s=96&d=mm&r=g\",\"contentUrl\":\"https:\/\/secure.gravatar.com\/avatar\/8af8f40000c24e9eef3034f2be5998a372bb1389e64b1a4a36b3a7979142220d?s=96&d=mm&r=g\",\"caption\":\"Redacci\u00f3n\"},\"sameAs\":[\"http:\/\/nuevodigitaldeescobar.com.ar\"],\"url\":\"https:\/\/nuevodigitaldeescobar.com.ar\/?author=1\"}]}<\/script>\n<!-- \/ Yoast SEO plugin. -->","yoast_head_json":{"title":"El Gobierno avanza con la privatizaci\u00f3n total de Belgrano Cargas - Nuevo Digital de Escobar","robots":{"index":"index","follow":"follow","max-snippet":"max-snippet:-1","max-image-preview":"max-image-preview:large","max-video-preview":"max-video-preview:-1"},"canonical":"https:\/\/nuevodigitaldeescobar.com.ar\/?p=12030","og_locale":"es_ES","og_type":"article","og_title":"El Gobierno avanza con la privatizaci\u00f3n total de Belgrano Cargas - Nuevo Digital de Escobar","og_description":"El presidente Javier Milei firm\u00f3 un decreto que pone en marcha la privatizaci\u00f3n total de la empresa estatal Belgrano Cargas y Log\u00edstica S.A., encargada del [&hellip;]","og_url":"https:\/\/nuevodigitaldeescobar.com.ar\/?p=12030","og_site_name":"Nuevo Digital de Escobar","article_publisher":"https:\/\/www.facebook.com\/NUEVODigitalDeEscobar","article_published_time":"2025-02-09T10:10:00+00:00","og_image":[{"width":1200,"height":675,"url":"https:\/\/nuevodigitaldeescobar.com.ar\/wp-content\/uploads\/2025\/02\/trencargargent22.png","type":"image\/png"}],"author":"Redacci\u00f3n","twitter_card":"summary_large_image","twitter_creator":"@nuevodigescobar","twitter_site":"@nuevodigescobar","twitter_misc":{"Escrito por":"Redacci\u00f3n","Tiempo de lectura":"3 minutos"},"schema":{"@context":"https:\/\/schema.org","@graph":[{"@type":"Article","@id":"https:\/\/nuevodigitaldeescobar.com.ar\/?p=12030#article","isPartOf":{"@id":"https:\/\/nuevodigitaldeescobar.com.ar\/?p=12030"},"author":{"name":"Redacci\u00f3n","@id":"https:\/\/nuevodigitaldeescobar.com.ar\/#\/schema\/person\/035e90a8efe9a80e6eec22656ad6ea4c"},"headline":"El Gobierno avanza con la privatizaci\u00f3n total de Belgrano Cargas","datePublished":"2025-02-09T10:10:00+00:00","mainEntityOfPage":{"@id":"https:\/\/nuevodigitaldeescobar.com.ar\/?p=12030"},"wordCount":542,"commentCount":0,"publisher":{"@id":"https:\/\/nuevodigitaldeescobar.com.ar\/#organization"},"image":{"@id":"https:\/\/nuevodigitaldeescobar.com.ar\/?p=12030#primaryimage"},"thumbnailUrl":"https:\/\/nuevodigitaldeescobar.com.ar\/wp-content\/uploads\/2025\/02\/trencargargent22.png","articleSection":["Nacionales"],"inLanguage":"es","potentialAction":[{"@type":"CommentAction","name":"Comment","target":["https:\/\/nuevodigitaldeescobar.com.ar\/?p=12030#respond"]}]},{"@type":"WebPage","@id":"https:\/\/nuevodigitaldeescobar.com.ar\/?p=12030","url":"https:\/\/nuevodigitaldeescobar.com.ar\/?p=12030","name":"El Gobierno avanza con la privatizaci\u00f3n total de Belgrano Cargas - Nuevo Digital de Escobar","isPartOf":{"@id":"https:\/\/nuevodigitaldeescobar.com.ar\/#website"},"primaryImageOfPage":{"@id":"https:\/\/nuevodigitaldeescobar.com.ar\/?p=12030#primaryimage"},"image":{"@id":"https:\/\/nuevodigitaldeescobar.com.ar\/?p=12030#primaryimage"},"thumbnailUrl":"https:\/\/nuevodigitaldeescobar.com.ar\/wp-content\/uploads\/2025\/02\/trencargargent22.png","datePublished":"2025-02-09T10:10:00+00:00","breadcrumb":{"@id":"https:\/\/nuevodigitaldeescobar.com.ar\/?p=12030#breadcrumb"},"inLanguage":"es","potentialAction":[{"@type":"ReadAction","target":["https:\/\/nuevodigitaldeescobar.com.ar\/?p=12030"]}]},{"@type":"ImageObject","inLanguage":"es","@id":"https:\/\/nuevodigitaldeescobar.com.ar\/?p=12030#primaryimage","url":"https:\/\/nuevodigitaldeescobar.com.ar\/wp-content\/uploads\/2025\/02\/trencargargent22.png","contentUrl":"https:\/\/nuevodigitaldeescobar.com.ar\/wp-content\/uploads\/2025\/02\/trencargargent22.png","width":1200,"height":675},{"@type":"BreadcrumbList","@id":"https:\/\/nuevodigitaldeescobar.com.ar\/?p=12030#breadcrumb","itemListElement":[{"@type":"ListItem","position":1,"name":"Portada","item":"https:\/\/nuevodigitaldeescobar.com.ar\/"},{"@type":"ListItem","position":2,"name":"El Gobierno avanza con la privatizaci\u00f3n total de Belgrano Cargas"}]},{"@type":"WebSite","@id":"https:\/\/nuevodigitaldeescobar.com.ar\/#website","url":"https:\/\/nuevodigitaldeescobar.com.ar\/","name":"Nuevo Digital de Escobar","description":"La vida escobarense. Directora: Rosana Brunner","publisher":{"@id":"https:\/\/nuevodigitaldeescobar.com.ar\/#organization"},"potentialAction":[{"@type":"SearchAction","target":{"@type":"EntryPoint","urlTemplate":"https:\/\/nuevodigitaldeescobar.com.ar\/?s={search_term_string}"},"query-input":{"@type":"PropertyValueSpecification","valueRequired":true,"valueName":"search_term_string"}}],"inLanguage":"es"},{"@type":"Organization","@id":"https:\/\/nuevodigitaldeescobar.com.ar\/#organization","name":"Nuevo Digital de Escobar","url":"https:\/\/nuevodigitaldeescobar.com.ar\/","logo":{"@type":"ImageObject","inLanguage":"es","@id":"https:\/\/nuevodigitaldeescobar.com.ar\/#\/schema\/logo\/image\/","url":"https:\/\/nuevodigitaldeescobar.com.ar\/wp-content\/uploads\/2025\/05\/cropped-logo-nuevo2.jpg","contentUrl":"https:\/\/nuevodigitaldeescobar.com.ar\/wp-content\/uploads\/2025\/05\/cropped-logo-nuevo2.jpg","width":305,"height":305,"caption":"Nuevo Digital de Escobar"},"image":{"@id":"https:\/\/nuevodigitaldeescobar.com.ar\/#\/schema\/logo\/image\/"},"sameAs":["https:\/\/www.facebook.com\/NUEVODigitalDeEscobar","https:\/\/x.com\/nuevodigescobar","https:\/\/www.instagram.com\/nuevodigitaldeescobar"]},{"@type":"Person","@id":"https:\/\/nuevodigitaldeescobar.com.ar\/#\/schema\/person\/035e90a8efe9a80e6eec22656ad6ea4c","name":"Redacci\u00f3n","image":{"@type":"ImageObject","inLanguage":"es","@id":"https:\/\/nuevodigitaldeescobar.com.ar\/#\/schema\/person\/image\/","url":"https:\/\/secure.gravatar.com\/avatar\/8af8f40000c24e9eef3034f2be5998a372bb1389e64b1a4a36b3a7979142220d?s=96&d=mm&r=g","contentUrl":"https:\/\/secure.gravatar.com\/avatar\/8af8f40000c24e9eef3034f2be5998a372bb1389e64b1a4a36b3a7979142220d?s=96&d=mm&r=g","caption":"Redacci\u00f3n"},"sameAs":["http:\/\/nuevodigitaldeescobar.com.ar"],"url":"https:\/\/nuevodigitaldeescobar.com.ar\/?author=1"}]}},"featured_image_urls":{"full":["https:\/\/nuevodigitaldeescobar.com.ar\/wp-content\/uploads\/2025\/02\/trencargargent22.png",1200,675,false],"thumbnail":["https:\/\/nuevodigitaldeescobar.com.ar\/wp-content\/uploads\/2025\/02\/trencargargent22-150x150.png",150,150,true],"medium":["https:\/\/nuevodigitaldeescobar.com.ar\/wp-content\/uploads\/2025\/02\/trencargargent22-300x169.png",300,169,true],"medium_large":["https:\/\/nuevodigitaldeescobar.com.ar\/wp-content\/uploads\/2025\/02\/trencargargent22-768x432.png",640,360,true],"large":["https:\/\/nuevodigitaldeescobar.com.ar\/wp-content\/uploads\/2025\/02\/trencargargent22-1024x576.png",640,360,true],"1536x1536":["https:\/\/nuevodigitaldeescobar.com.ar\/wp-content\/uploads\/2025\/02\/trencargargent22.png",1200,675,false],"2048x2048":["https:\/\/nuevodigitaldeescobar.com.ar\/wp-content\/uploads\/2025\/02\/trencargargent22.png",1200,675,false]},"author_info":{"display_name":"Redacci\u00f3n","author_link":"https:\/\/nuevodigitaldeescobar.com.ar\/?author=1"},"category_info":"<a href=\"https:\/\/nuevodigitaldeescobar.com.ar\/?cat=61\" rel=\"category\">Nacionales<\/a>","tag_info":"Nacionales","comment_count":"0","_links":{"self":[{"href":"https:\/\/nuevodigitaldeescobar.com.ar\/index.php?rest_route=\/wp\/v2\/posts\/12030","targetHints":{"allow":["GET"]}}],"collection":[{"href":"https:\/\/nuevodigitaldeescobar.com.ar\/index.php?rest_route=\/wp\/v2\/posts"}],"about":[{"href":"https:\/\/nuevodigitaldeescobar.com.ar\/index.php?rest_route=\/wp\/v2\/types\/post"}],"author":[{"embeddable":true,"href":"https:\/\/nuevodigitaldeescobar.com.ar\/index.php?rest_route=\/wp\/v2\/users\/1"}],"replies":[{"embeddable":true,"href":"https:\/\/nuevodigitaldeescobar.com.ar\/index.php?rest_route=%2Fwp%2Fv2%2Fcomments&post=12030"}],"version-history":[{"count":1,"href":"https:\/\/nuevodigitaldeescobar.com.ar\/index.php?rest_route=\/wp\/v2\/posts\/12030\/revisions"}],"predecessor-version":[{"id":12032,"href":"https:\/\/nuevodigitaldeescobar.com.ar\/index.php?rest_route=\/wp\/v2\/posts\/12030\/revisions\/12032"}],"wp:featuredmedia":[{"embeddable":true,"href":"https:\/\/nuevodigitaldeescobar.com.ar\/index.php?rest_route=\/wp\/v2\/media\/12031"}],"wp:attachment":[{"href":"https:\/\/nuevodigitaldeescobar.com.ar\/index.php?rest_route=%2Fwp%2Fv2%2Fmedia&parent=12030"}],"wp:term":[{"taxonomy":"category","embeddable":true,"href":"https:\/\/nuevodigitaldeescobar.com.ar\/index.php?rest_route=%2Fwp%2Fv2%2Fcategories&post=12030"},{"taxonomy":"post_tag","embeddable":true,"href":"https:\/\/nuevodigitaldeescobar.com.ar\/index.php?rest_route=%2Fwp%2Fv2%2Ftags&post=12030"}],"curies":[{"name":"wp","href":"https:\/\/api.w.org\/{rel}","templated":true}]}}