{"id":1209,"date":"2023-11-25T07:00:00","date_gmt":"2023-11-25T10:00:00","guid":{"rendered":"https:\/\/nuevodigitaldeescobar.com.ar\/?p=1209"},"modified":"2023-11-24T23:15:25","modified_gmt":"2023-11-25T02:15:25","slug":"para-que-sirve-la-vitamina-b12-y-cuales-son-sus-beneficios-para-la-salud","status":"publish","type":"post","link":"https:\/\/nuevodigitaldeescobar.com.ar\/?p=1209","title":{"rendered":"Para qu\u00e9 sirve la vitamina B12 y cu\u00e1les son sus beneficios para la salud"},"content":{"rendered":"<p><span style=\"color: #003366;\"><strong><em>Fundamental para el metabolismo de las prote\u00ednas del cuerpo, es tambi\u00e9n un actor clave en la funci\u00f3n y el desarrollo del cerebro y las c\u00e9lulas nerviosas. Los problemas de su deficiencia.<\/em><\/strong><\/span><\/p>\n<p><!--more--><\/p>\n<p>La vitamina B12, al igual que las otras vitaminas del complejo B, es importante para el metabolismo de prote\u00ednas en nuestro organismo, ya que ayuda a la formaci\u00f3n de gl\u00f3bulos rojos, al ADN y al mantenimiento del sistema nervioso.<\/p>\n<p>La tiamina desempe\u00f1ando un papel vital en la producci\u00f3n de energ\u00eda, adem\u00e1s promueve una salud integral y vitalidad.<\/p>\n<p>Llamada tambi\u00e9n cobalamina, se encuentra naturalmente en los alimentos de origen animal y tambi\u00e9n se la puede agregar a alimentos o suplementos. Es un actor clave en la funci\u00f3n y el desarrollo del cerebro y las c\u00e9lulas nerviosas.<\/p>\n<h3><span style=\"color: #003366;\"><strong>\u00bfQu\u00e9 es la vitamina B12?<\/strong><\/span><\/h3>\n<figure id=\"attachment_1210\" aria-describedby=\"caption-attachment-1210\" style=\"width: 720px\" class=\"wp-caption alignnone\"><img fetchpriority=\"high\" decoding=\"async\" class=\"size-full wp-image-1210\" src=\"http:\/\/nuevodigitaldeescobar.com.ar\/wp-content\/uploads\/2023\/11\/sallud-epi-1.jpg\" alt=\"\" width=\"720\" height=\"404\" srcset=\"https:\/\/nuevodigitaldeescobar.com.ar\/wp-content\/uploads\/2023\/11\/sallud-epi-1.jpg 720w, https:\/\/nuevodigitaldeescobar.com.ar\/wp-content\/uploads\/2023\/11\/sallud-epi-1-300x168.jpg 300w\" sizes=\"(max-width: 720px) 100vw, 720px\" \/><figcaption id=\"caption-attachment-1210\" class=\"wp-caption-text\">Al igual que otras vitaminas del complejo B, la vitamina B12 es clave para el metabolismo de las prote\u00ednas.<\/figcaption><\/figure>\n<p>Seg\u00fan la Escuela de Medicina de Harvard, se trata de una vitamina hidrosoluble, es decir que se disuelve en el agua y que al igual que otras vitaminas del complejo B, es importante para el metabolismo de las prote\u00ednas y es un actor clave en la funci\u00f3n y el desarrollo del cerebro y las c\u00e9lulas nerviosas.<\/p>\n<p>La vitamina B12 se une a las prote\u00ednas de los alimentos que comemos. En el est\u00f3mago, el \u00e1cido clorh\u00eddrico y las enzimas liberan la vitamina B12 y la devuelven a su forma libre. A partir de ah\u00ed, la vitamina B12 se combina con una prote\u00edna llamada factor intr\u00ednseco para que pueda absorberse m\u00e1s abajo en el intestino delgado.<\/p>\n<p>Los suplementos y alimentos enriquecidos contienen B12 en su forma libre, por lo que pueden absorberse m\u00e1s f\u00e1cilmente. Existe una variedad de suplementos de vitamina B12 disponibles. Aunque se afirma que ciertas formas, como las tabletas sublinguales o los l\u00edquidos que se colocan debajo de la lengua para ser absorbidos a trav\u00e9s de los tejidos de la boca, tienen una mejor absorci\u00f3n que las tabletas tradicionales, los estudios no han demostrado una diferencia importante.<\/p>\n<figure id=\"attachment_1211\" aria-describedby=\"caption-attachment-1211\" style=\"width: 720px\" class=\"wp-caption alignnone\"><img decoding=\"async\" class=\"size-full wp-image-1211\" src=\"http:\/\/nuevodigitaldeescobar.com.ar\/wp-content\/uploads\/2023\/11\/salud-epi-2-1.jpg\" alt=\"\" width=\"720\" height=\"402\" srcset=\"https:\/\/nuevodigitaldeescobar.com.ar\/wp-content\/uploads\/2023\/11\/salud-epi-2-1.jpg 720w, https:\/\/nuevodigitaldeescobar.com.ar\/wp-content\/uploads\/2023\/11\/salud-epi-2-1-300x168.jpg 300w\" sizes=\"(max-width: 720px) 100vw, 720px\" \/><figcaption id=\"caption-attachment-1211\" class=\"wp-caption-text\">La vitamina B12 tambi\u00e9n se consigue en tabletas, aunque deben las mismas deber\u00edan recetarse por m\u00e9dicos para obtener la dosis correcta de consumo.<\/figcaption><\/figure>\n<p>Las tabletas de vitamina B12 est\u00e1n disponibles en dosis altas muy por encima de la cantidad diaria recomendada, pero estas cantidades altas no son necesariamente la cantidad que se absorber\u00e1 porque tambi\u00e9n se necesita una cantidad adecuada de factor intr\u00ednseco. En casos de deficiencia grave de vitamina B12 debido a un factor intr\u00ednseco inadecuado (anemia perniciosa), los m\u00e9dicos pueden recetar inyecciones de B12 en el m\u00fasculo.<\/p>\n<p>Un reciente estudio cient\u00edfico revel\u00f3 que la vitamina B12 tiene un papel fundamental en la reprogramaci\u00f3n celular y la regeneraci\u00f3n de los tejidos, un nutriente que se consigue de alimentos como pescados, carne roja, carne blanca, huevos, leche y otros productos l\u00e1cteos.<\/p>\n<p>Ese es el resultado de un estudio liderado por el instituto IRB Barcelona de investigaci\u00f3n biom\u00e9dica (noreste de Espa\u00f1a) y publicado en la revista Nature Metabolism, que se centr\u00f3 en investigar el papel de la B12 en la reprogramaci\u00f3n celular, un proceso que se considera que imita las primeras fases de la reparaci\u00f3n de los tejidos.<\/p>\n<figure id=\"attachment_1212\" aria-describedby=\"caption-attachment-1212\" style=\"width: 720px\" class=\"wp-caption alignnone\"><img decoding=\"async\" class=\"size-full wp-image-1212\" src=\"http:\/\/nuevodigitaldeescobar.com.ar\/wp-content\/uploads\/2023\/11\/salud-epi-3-1.jpg\" alt=\"\" width=\"720\" height=\"434\" srcset=\"https:\/\/nuevodigitaldeescobar.com.ar\/wp-content\/uploads\/2023\/11\/salud-epi-3-1.jpg 720w, https:\/\/nuevodigitaldeescobar.com.ar\/wp-content\/uploads\/2023\/11\/salud-epi-3-1-300x181.jpg 300w\" sizes=\"(max-width: 720px) 100vw, 720px\" \/><figcaption id=\"caption-attachment-1212\" class=\"wp-caption-text\">La vitamina B12 ayuda al fortalecimiento muscular.<\/figcaption><\/figure>\n<h3><span style=\"color: #003366;\"><strong>\u00bfQu\u00e9 cantidad de vitamina B12 es recomendable?<\/strong><\/span><\/h3>\n<p>La cantidad diaria recomendada para hombres y mujeres de 14 a\u00f1os o m\u00e1s es de 2,4 microgramos (mcg) al d\u00eda. Para el embarazo y la lactancia, la cantidad aumenta a 2,6 mcg y 2,8 mcg diarios, respectivamente. Un nivel m\u00e1ximo de ingesta tolerable (UL) es la dosis diaria m\u00e1xima que probablemente no cause efectos secundarios adversos en la poblaci\u00f3n general. No se ha establecido ning\u00fan l\u00edmite superior para la vitamina B12, ya que no existe un nivel t\u00f3xico establecido. Sin embargo, alguna evidencia sugiere que los suplementos de 25 mcg por d\u00eda o m\u00e1s pueden aumentar el riesgo de fracturas \u00f3seas.<\/p>\n<h3><span style=\"color: #003366;\"><strong>\u00bfQu\u00e9 pasa en el cuerpo cuando hay deficiencia de vitamina B12?<\/strong><\/span><\/h3>\n<p>La vitamina B-12 est\u00e1 estrechamente relacionada con el \u00e1cido f\u00f3lico (vitamina B-9). La vitamina B-12 y el \u00e1cido f\u00f3lico son necesarios para producir purinas y pirimidinas en el cuerpo. Estos son los componentes b\u00e1sicos del ADN.<\/p>\n<figure id=\"attachment_1213\" aria-describedby=\"caption-attachment-1213\" style=\"width: 720px\" class=\"wp-caption alignnone\"><img loading=\"lazy\" decoding=\"async\" class=\"size-full wp-image-1213\" src=\"http:\/\/nuevodigitaldeescobar.com.ar\/wp-content\/uploads\/2023\/11\/salud-epi-4.jpg\" alt=\"\" width=\"720\" height=\"435\" srcset=\"https:\/\/nuevodigitaldeescobar.com.ar\/wp-content\/uploads\/2023\/11\/salud-epi-4.jpg 720w, https:\/\/nuevodigitaldeescobar.com.ar\/wp-content\/uploads\/2023\/11\/salud-epi-4-300x181.jpg 300w\" sizes=\"(max-width: 720px) 100vw, 720px\" \/><figcaption id=\"caption-attachment-1213\" class=\"wp-caption-text\">Los vasos sangu\u00edneos y los m\u00fasculos se desarrollan en gran parte gracias a la vitamina B12.<\/figcaption><\/figure>\n<p>La deficiencia de vitamina B-12, al igual que la deficiencia de \u00e1cido f\u00f3lico, causa anemia megalobl\u00e1stica. Esto ocurre cuando tiene gl\u00f3bulos rojos anormalmente grandes y gl\u00f3bulos blancos anormales e inmaduros. Esto tambi\u00e9n se llama anemia perniciosa y tiene lugar cuando el cuerpo no puede absorber la vitamina B-12 de la dieta. Esto se debe a que no hay suficiente cantidad de prote\u00edna (factor intr\u00ednseco) en el est\u00f3mago. Este problema suele ser hereditario.<\/p>\n<p>La vitamina B-12 tambi\u00e9n ayuda a convertir la homociste\u00edna en metionina en el cuerpo. Estos son tipos de amino\u00e1cidos. Esto evita que se acumule homociste\u00edna que, a niveles altos, aumenta el riesgo de ciertas enfermedades cardiovasculares.<\/p>\n<p>La vitamina B-12 mantiene la cubierta protectora llamada vaina de mielina alrededor de los nervios. No tener suficiente B-12 puede causar da\u00f1o a los nervios (neuropat\u00eda). Esto provoca entumecimiento y sensaciones anormales en la piel. La vitamina B-12 tambi\u00e9n influye en c\u00f3mo se utilizan los carbohidratos en el cuerpo.<\/p>\n<p><img loading=\"lazy\" decoding=\"async\" class=\"alignnone size-full wp-image-1214\" src=\"http:\/\/nuevodigitaldeescobar.com.ar\/wp-content\/uploads\/2023\/11\/salud-sin-epi-5.jpg\" alt=\"\" width=\"529\" height=\"720\" srcset=\"https:\/\/nuevodigitaldeescobar.com.ar\/wp-content\/uploads\/2023\/11\/salud-sin-epi-5.jpg 529w, https:\/\/nuevodigitaldeescobar.com.ar\/wp-content\/uploads\/2023\/11\/salud-sin-epi-5-220x300.jpg 220w\" sizes=\"(max-width: 529px) 100vw, 529px\" \/><\/p>\n<h3><span style=\"color: #003366;\"><strong>Factores que pueden causar deficiencia de vitamina B12:<\/strong><\/span><\/h3>\n<p><strong>Evitar los productos animales.<\/strong> Las personas que no comen carne, pescado, aves o l\u00e1cteos corren el riesgo de sufrir una deficiencia de vitamina B12, ya que s\u00f3lo se encuentra de forma natural en los productos animales. Los estudios han demostrado que los vegetarianos tienen niveles bajos de vitamina B en sangre. [5] Por esta raz\u00f3n, quienes siguen una dieta vegetariana o vegana deben incluir alimentos fortificados con B12 o un suplemento de B12 en su dieta. Esto es particularmente importante para las mujeres embarazadas, ya que el feto requiere una cantidad adecuada de vitamina B12 para el desarrollo neurol\u00f3gico y su deficiencia puede provocar da\u00f1o neurol\u00f3gico permanente.<\/p>\n<p><strong>Falta de factor intr\u00ednseco.<\/strong> La anemia perniciosa es una enfermedad autoinmune que ataca y potencialmente destruye las c\u00e9lulas intestinales, de modo que el factor intr\u00ednseco no est\u00e1 presente, que es crucial para que se absorba la vitamina B12. Si se produce una deficiencia de vitamina B12, pueden producirse otros tipos de anemia y da\u00f1o neurol\u00f3gico. Incluso el uso de un suplemento de B12 en dosis altas no resolver\u00e1 el problema, ya que el factor intr\u00ednseco no est\u00e1 disponible para absorberlo.<\/p>\n<p><strong>\u00c1cido estomacal inadecuado o medicamentos que causan una disminuci\u00f3n del \u00e1cido estomacal.<\/strong> Una causa mucho m\u00e1s com\u00fan de deficiencia de B12, especialmente en personas mayores, es la falta de \u00e1cido del est\u00f3mago, porque el \u00e1cido del est\u00f3mago es necesario para liberar la vitamina B12 de los alimentos. Se estima que entre el 10 y el 30 % de los adultos mayores de 50 a\u00f1os tienen dificultades para absorber la vitamina B12 de los alimentos. Las personas que toman regularmente medicamentos que suprimen el \u00e1cido del est\u00f3mago para afecciones como la enfermedad por reflujo gastroesof\u00e1gico (ERGE) o la \u00falcera p\u00e9ptica, como inhibidores de la bomba de protones, bloqueadores H2 u otros anti\u00e1cidos, pueden tener dificultades para absorber la vitamina B12 de los alimentos.<\/p>\n<figure id=\"attachment_1215\" aria-describedby=\"caption-attachment-1215\" style=\"width: 720px\" class=\"wp-caption alignnone\"><img loading=\"lazy\" decoding=\"async\" class=\"size-full wp-image-1215\" src=\"http:\/\/nuevodigitaldeescobar.com.ar\/wp-content\/uploads\/2023\/11\/salud-epi-6.jpg\" alt=\"\" width=\"720\" height=\"365\" srcset=\"https:\/\/nuevodigitaldeescobar.com.ar\/wp-content\/uploads\/2023\/11\/salud-epi-6.jpg 720w, https:\/\/nuevodigitaldeescobar.com.ar\/wp-content\/uploads\/2023\/11\/salud-epi-6-300x152.jpg 300w\" sizes=\"(max-width: 720px) 100vw, 720px\" \/><figcaption id=\"caption-attachment-1215\" class=\"wp-caption-text\">Una gran variedad de alimentos que promueven la salud y el bienestar contienen vitamina B12.<\/figcaption><\/figure>\n<p>Estos medicamentos pueden retardar la liberaci\u00f3n o disminuir la producci\u00f3n de \u00e1cido estomacal. En teor\u00eda, esto puede impedir que la vitamina se libere en su forma libre y utilizable en el est\u00f3mago; sin embargo, las investigaciones no han demostrado una mayor prevalencia de una deficiencia en personas que usan estos medicamentos. Cualquier persona que use estos medicamentos durante un tiempo prolongado y que est\u00e9 en riesgo de sufrir una deficiencia de vitamina B12 por otros motivos debe ser supervisada de cerca por su m\u00e9dico. Tambi\u00e9n pueden optar por utilizar alimentos fortificados o suplementos con vitamina B12, ya que estas formas normalmente se absorben bien y no requieren \u00e1cido estomacal.<\/p>\n<p><strong>Cirug\u00edas intestinales o trastornos digestivos que provoquen malabsorci\u00f3n.<\/strong> Las cirug\u00edas que afectan el est\u00f3mago, donde se produce el factor intr\u00ednseco, o el \u00edleon (la \u00faltima porci\u00f3n del intestino delgado) donde se absorbe la vitamina B12, pueden aumentar el riesgo de una deficiencia. Ciertas enfermedades, como la enfermedad de Crohn y la enfermedad cel\u00edaca, que afectan negativamente al tracto digestivo, tambi\u00e9n aumentan el riesgo de deficiencia.<\/p>\n<p><strong>Medicamentos que interfieren con la absorci\u00f3n.<\/strong> El uso prolongado de metformina, un f\u00e1rmaco com\u00fanmente recetado para la diabetes tipo 2, est\u00e1 fuertemente asociado con la deficiencia de vitamina B12 y niveles m\u00e1s bajos de \u00e1cido f\u00f3lico, ya que puede bloquear la absorci\u00f3n, lo que puede provocar un aumento de los niveles de homociste\u00edna y un riesgo de enfermedad cardiovascular. Los inhibidores de la bomba de protones y los bloqueadores de histamina recetados para reducir el \u00e1cido del est\u00f3mago tambi\u00e9n se asocian con niveles m\u00e1s bajos de vitamina B12.<\/p>\n<figure id=\"attachment_1216\" aria-describedby=\"caption-attachment-1216\" style=\"width: 720px\" class=\"wp-caption alignnone\"><img loading=\"lazy\" decoding=\"async\" class=\"size-full wp-image-1216\" src=\"http:\/\/nuevodigitaldeescobar.com.ar\/wp-content\/uploads\/2023\/11\/salud-epi-7.jpg\" alt=\"\" width=\"720\" height=\"447\" srcset=\"https:\/\/nuevodigitaldeescobar.com.ar\/wp-content\/uploads\/2023\/11\/salud-epi-7.jpg 720w, https:\/\/nuevodigitaldeescobar.com.ar\/wp-content\/uploads\/2023\/11\/salud-epi-7-300x186.jpg 300w\" sizes=\"(max-width: 720px) 100vw, 720px\" \/><figcaption id=\"caption-attachment-1216\" class=\"wp-caption-text\">La vitamina B12 tambi\u00e9n ayuda a prevenir enfermedades.<\/figcaption><\/figure>\n<h3><span style=\"color: #003366;\"><strong>\u00bfQu\u00e9 s\u00edntomas tiene una persona con deficiencia de vitamina B12?<\/strong><\/span><\/h3>\n<ul>\n<li>Anemia megalobl\u00e1stica: una afecci\u00f3n en la que los gl\u00f3bulos rojos son m\u00e1s grandes de lo normal y en una cantidad menor de lo normal; Esto ocurre porque no hay suficiente vitamina B12 en la dieta o porque no se absorbe bien.<\/li>\n<li>Anemia perniciosa: un tipo de anemia megalobl\u00e1stica causada por la falta de factor intr\u00ednseco, por lo que la vitamina B12 no se absorbe.<\/li>\n<li>Fatiga, debilidad.<\/li>\n<li>Da\u00f1o a los nervios con entumecimiento, hormigueo en las manos y piernas.<\/li>\n<li>P\u00e9rdida de memoria, confusi\u00f3n.<\/li>\n<li>Depresi\u00f3n.<\/li>\n<\/ul>\n<figure id=\"attachment_1217\" aria-describedby=\"caption-attachment-1217\" style=\"width: 720px\" class=\"wp-caption alignnone\"><img loading=\"lazy\" decoding=\"async\" class=\"size-full wp-image-1217\" src=\"http:\/\/nuevodigitaldeescobar.com.ar\/wp-content\/uploads\/2023\/11\/salud-epi-8.jpg\" alt=\"\" width=\"720\" height=\"407\" srcset=\"https:\/\/nuevodigitaldeescobar.com.ar\/wp-content\/uploads\/2023\/11\/salud-epi-8.jpg 720w, https:\/\/nuevodigitaldeescobar.com.ar\/wp-content\/uploads\/2023\/11\/salud-epi-8-300x170.jpg 300w\" sizes=\"(max-width: 720px) 100vw, 720px\" \/><figcaption id=\"caption-attachment-1217\" class=\"wp-caption-text\">Un coraz\u00f3n fuerte y sano tambi\u00e9n es gracias a la incorporaci\u00f3n de vitamina B12.<\/figcaption><\/figure>\n<h3><span style=\"color: #003366;\"><strong>Los alimentos que contienen vitamina B12<\/strong><\/span><\/h3>\n<p>La vitamina B12 se encuentra naturalmente en alimentos de origen animal, como pescado, carne, aves, huevos, leche y productos l\u00e1cteos. Generalmente no est\u00e1 presente en los alimentos vegetales. Los cereales fortificados para el desayuno son una fuente disponible de vitamina B12. Para los vegetarianos, hay m\u00e1s disponibilidad de esta vitamina para el cuerpo en estos cereales. Algunos productos nutricionales de levadura tambi\u00e9n contienen vitamina B12.<\/p>\n<p>As\u00ed, una variedad de alimentos, la incluyen: v\u00edsceras (h\u00edgado de res), los mariscos (almejas), la carne de res, carne de aves, huevos, leche y otros productos l\u00e1cteos, algunos cereales fortificados y levaduras nutricionales para el desayuno. El cuerpo absorbe mucho mejor la vitamina B12 de las fuentes animales que de las fuentes vegetales.<\/p>\n<figure id=\"attachment_1218\" aria-describedby=\"caption-attachment-1218\" style=\"width: 720px\" class=\"wp-caption alignnone\"><img loading=\"lazy\" decoding=\"async\" class=\"size-full wp-image-1218\" src=\"http:\/\/nuevodigitaldeescobar.com.ar\/wp-content\/uploads\/2023\/11\/salud-epi-9.jpg\" alt=\"\" width=\"720\" height=\"400\" srcset=\"https:\/\/nuevodigitaldeescobar.com.ar\/wp-content\/uploads\/2023\/11\/salud-epi-9.jpg 720w, https:\/\/nuevodigitaldeescobar.com.ar\/wp-content\/uploads\/2023\/11\/salud-epi-9-300x167.jpg 300w\" sizes=\"(max-width: 720px) 100vw, 720px\" \/><figcaption id=\"caption-attachment-1218\" class=\"wp-caption-text\">El metabolismo del cuerpo se produce en gran parte gracias a la incorporaci\u00f3n de vitaminas y nutrientes.<\/figcaption><\/figure>\n<h3><span style=\"color: #003366;\"><strong>\u00bfLa vitamina B12 interfiere con medicamentos o suplementos diet\u00e9ticos?<\/strong><\/span><\/h3>\n<p>De acuerdo con el portal de National Institudes of Health, el B12 s\u00ed interact\u00faa con algunos medicamentos, por ejemplo:<\/p>\n<ul>\n<li><strong>Inhibidores de acidez g\u00e1strica:<\/strong> estos f\u00e1rmacos pueden interferir con la absorci\u00f3n de la vitamina ya que te retarda la liberaci\u00f3n de \u00e1cido clorh\u00eddrico en el est\u00f3mago y eso ocasiona una deficiencia de la misma. Algunos inhibidores de acidez populares son; omeprazol, omeprazol y cimetidina.<\/li>\n<li><strong>Metformina: <\/strong>dicho medicamento podr\u00eda llegar a reducir la absorci\u00f3n de la vitamina y a disminuir sus niveles en la sangre.<\/li>\n<\/ul>\n<p><em>(Infobae)<\/em><\/p>\n","protected":false},"excerpt":{"rendered":"<p>Fundamental para el metabolismo de las prote\u00ednas del cuerpo, es tambi\u00e9n un actor clave en la funci\u00f3n y el desarrollo del cerebro y las c\u00e9lulas [&hellip;]<\/p>\n","protected":false},"author":1,"featured_media":1219,"comment_status":"open","ping_status":"closed","sticky":false,"template":"","format":"standard","meta":{"footnotes":""},"categories":[3],"tags":[],"class_list":["post-1209","post","type-post","status-publish","format-standard","has-post-thumbnail","hentry","category-nutricion"],"better_featured_image":{"id":1219,"alt_text":"","caption":"","description":"","media_type":"image","media_details":{"width":720,"height":440,"file":"2023\/11\/salud-1.jpg","filesize":36129,"sizes":{"medium":{"file":"salud-1-300x183.jpg","width":300,"height":183,"mime-type":"image\/jpeg","filesize":12506,"source_url":"https:\/\/nuevodigitaldeescobar.com.ar\/wp-content\/uploads\/2023\/11\/salud-1-300x183.jpg"},"thumbnail":{"file":"salud-1-150x150.jpg","width":150,"height":150,"mime-type":"image\/jpeg","filesize":8170,"source_url":"https:\/\/nuevodigitaldeescobar.com.ar\/wp-content\/uploads\/2023\/11\/salud-1-150x150.jpg"},"covernews-medium":{"file":"salud-1-540x340.jpg","width":540,"height":340,"mime-type":"image\/jpeg","filesize":26409,"source_url":"https:\/\/nuevodigitaldeescobar.com.ar\/wp-content\/uploads\/2023\/11\/salud-1-540x340.jpg"},"covernews-medium-square":{"file":"salud-1-400x250.jpg","width":400,"height":250,"mime-type":"image\/jpeg","filesize":17987,"source_url":"https:\/\/nuevodigitaldeescobar.com.ar\/wp-content\/uploads\/2023\/11\/salud-1-400x250.jpg"}},"image_meta":{"aperture":"0","credit":"","camera":"","caption":"","created_timestamp":"0","copyright":"","focal_length":"0","iso":"0","shutter_speed":"0","title":"","orientation":"0","keywords":[]}},"post":1209,"source_url":"https:\/\/nuevodigitaldeescobar.com.ar\/wp-content\/uploads\/2023\/11\/salud-1.jpg"},"yoast_head":"<!-- This site is optimized with the Yoast SEO plugin v26.1.1 - https:\/\/yoast.com\/wordpress\/plugins\/seo\/ -->\n<title>Para qu\u00e9 sirve la vitamina B12 y cu\u00e1les son sus beneficios para la salud - Nuevo Digital de Escobar<\/title>\n<meta name=\"robots\" content=\"index, follow, max-snippet:-1, max-image-preview:large, max-video-preview:-1\" \/>\n<link rel=\"canonical\" href=\"https:\/\/nuevodigitaldeescobar.com.ar\/?p=1209\" \/>\n<meta property=\"og:locale\" content=\"es_ES\" \/>\n<meta property=\"og:type\" content=\"article\" \/>\n<meta property=\"og:title\" content=\"Para qu\u00e9 sirve la vitamina B12 y cu\u00e1les son sus beneficios para la salud - Nuevo Digital de Escobar\" \/>\n<meta property=\"og:description\" content=\"Fundamental para el metabolismo de las prote\u00ednas del cuerpo, es tambi\u00e9n un actor clave en la funci\u00f3n y el desarrollo del cerebro y las c\u00e9lulas [&hellip;]\" \/>\n<meta property=\"og:url\" content=\"https:\/\/nuevodigitaldeescobar.com.ar\/?p=1209\" \/>\n<meta property=\"og:site_name\" content=\"Nuevo Digital de Escobar\" \/>\n<meta property=\"article:publisher\" content=\"https:\/\/www.facebook.com\/NUEVODigitalDeEscobar\" \/>\n<meta property=\"article:published_time\" content=\"2023-11-25T10:00:00+00:00\" \/>\n<meta property=\"og:image\" content=\"https:\/\/nuevodigitaldeescobar.com.ar\/wp-content\/uploads\/2023\/11\/salud-1.jpg\" \/>\n\t<meta property=\"og:image:width\" content=\"720\" \/>\n\t<meta property=\"og:image:height\" content=\"440\" \/>\n\t<meta property=\"og:image:type\" content=\"image\/jpeg\" \/>\n<meta name=\"author\" content=\"Redacci\u00f3n\" \/>\n<meta name=\"twitter:card\" content=\"summary_large_image\" \/>\n<meta name=\"twitter:creator\" content=\"@nuevodigescobar\" \/>\n<meta name=\"twitter:site\" content=\"@nuevodigescobar\" \/>\n<meta name=\"twitter:label1\" content=\"Escrito por\" \/>\n\t<meta name=\"twitter:data1\" content=\"Redacci\u00f3n\" \/>\n\t<meta name=\"twitter:label2\" content=\"Tiempo de lectura\" \/>\n\t<meta name=\"twitter:data2\" content=\"10 minutos\" \/>\n<script type=\"application\/ld+json\" class=\"yoast-schema-graph\">{\"@context\":\"https:\/\/schema.org\",\"@graph\":[{\"@type\":\"Article\",\"@id\":\"https:\/\/nuevodigitaldeescobar.com.ar\/?p=1209#article\",\"isPartOf\":{\"@id\":\"https:\/\/nuevodigitaldeescobar.com.ar\/?p=1209\"},\"author\":{\"name\":\"Redacci\u00f3n\",\"@id\":\"https:\/\/nuevodigitaldeescobar.com.ar\/#\/schema\/person\/035e90a8efe9a80e6eec22656ad6ea4c\"},\"headline\":\"Para qu\u00e9 sirve la vitamina B12 y cu\u00e1les son sus beneficios para la salud\",\"datePublished\":\"2023-11-25T10:00:00+00:00\",\"mainEntityOfPage\":{\"@id\":\"https:\/\/nuevodigitaldeescobar.com.ar\/?p=1209\"},\"wordCount\":2022,\"commentCount\":0,\"publisher\":{\"@id\":\"https:\/\/nuevodigitaldeescobar.com.ar\/#organization\"},\"image\":{\"@id\":\"https:\/\/nuevodigitaldeescobar.com.ar\/?p=1209#primaryimage\"},\"thumbnailUrl\":\"https:\/\/nuevodigitaldeescobar.com.ar\/wp-content\/uploads\/2023\/11\/salud-1.jpg\",\"articleSection\":[\"Salud y Nutrici\u00f3n\"],\"inLanguage\":\"es\",\"potentialAction\":[{\"@type\":\"CommentAction\",\"name\":\"Comment\",\"target\":[\"https:\/\/nuevodigitaldeescobar.com.ar\/?p=1209#respond\"]}]},{\"@type\":\"WebPage\",\"@id\":\"https:\/\/nuevodigitaldeescobar.com.ar\/?p=1209\",\"url\":\"https:\/\/nuevodigitaldeescobar.com.ar\/?p=1209\",\"name\":\"Para qu\u00e9 sirve la vitamina B12 y cu\u00e1les son sus beneficios para la salud - Nuevo Digital de Escobar\",\"isPartOf\":{\"@id\":\"https:\/\/nuevodigitaldeescobar.com.ar\/#website\"},\"primaryImageOfPage\":{\"@id\":\"https:\/\/nuevodigitaldeescobar.com.ar\/?p=1209#primaryimage\"},\"image\":{\"@id\":\"https:\/\/nuevodigitaldeescobar.com.ar\/?p=1209#primaryimage\"},\"thumbnailUrl\":\"https:\/\/nuevodigitaldeescobar.com.ar\/wp-content\/uploads\/2023\/11\/salud-1.jpg\",\"datePublished\":\"2023-11-25T10:00:00+00:00\",\"breadcrumb\":{\"@id\":\"https:\/\/nuevodigitaldeescobar.com.ar\/?p=1209#breadcrumb\"},\"inLanguage\":\"es\",\"potentialAction\":[{\"@type\":\"ReadAction\",\"target\":[\"https:\/\/nuevodigitaldeescobar.com.ar\/?p=1209\"]}]},{\"@type\":\"ImageObject\",\"inLanguage\":\"es\",\"@id\":\"https:\/\/nuevodigitaldeescobar.com.ar\/?p=1209#primaryimage\",\"url\":\"https:\/\/nuevodigitaldeescobar.com.ar\/wp-content\/uploads\/2023\/11\/salud-1.jpg\",\"contentUrl\":\"https:\/\/nuevodigitaldeescobar.com.ar\/wp-content\/uploads\/2023\/11\/salud-1.jpg\",\"width\":720,\"height\":440},{\"@type\":\"BreadcrumbList\",\"@id\":\"https:\/\/nuevodigitaldeescobar.com.ar\/?p=1209#breadcrumb\",\"itemListElement\":[{\"@type\":\"ListItem\",\"position\":1,\"name\":\"Portada\",\"item\":\"https:\/\/nuevodigitaldeescobar.com.ar\/\"},{\"@type\":\"ListItem\",\"position\":2,\"name\":\"Para qu\u00e9 sirve la vitamina B12 y cu\u00e1les son sus beneficios para la salud\"}]},{\"@type\":\"WebSite\",\"@id\":\"https:\/\/nuevodigitaldeescobar.com.ar\/#website\",\"url\":\"https:\/\/nuevodigitaldeescobar.com.ar\/\",\"name\":\"Nuevo Digital de Escobar\",\"description\":\"La vida escobarense. Directora: Rosana Brunner\",\"publisher\":{\"@id\":\"https:\/\/nuevodigitaldeescobar.com.ar\/#organization\"},\"potentialAction\":[{\"@type\":\"SearchAction\",\"target\":{\"@type\":\"EntryPoint\",\"urlTemplate\":\"https:\/\/nuevodigitaldeescobar.com.ar\/?s={search_term_string}\"},\"query-input\":{\"@type\":\"PropertyValueSpecification\",\"valueRequired\":true,\"valueName\":\"search_term_string\"}}],\"inLanguage\":\"es\"},{\"@type\":\"Organization\",\"@id\":\"https:\/\/nuevodigitaldeescobar.com.ar\/#organization\",\"name\":\"Nuevo Digital de Escobar\",\"url\":\"https:\/\/nuevodigitaldeescobar.com.ar\/\",\"logo\":{\"@type\":\"ImageObject\",\"inLanguage\":\"es\",\"@id\":\"https:\/\/nuevodigitaldeescobar.com.ar\/#\/schema\/logo\/image\/\",\"url\":\"https:\/\/nuevodigitaldeescobar.com.ar\/wp-content\/uploads\/2025\/05\/cropped-logo-nuevo2.jpg\",\"contentUrl\":\"https:\/\/nuevodigitaldeescobar.com.ar\/wp-content\/uploads\/2025\/05\/cropped-logo-nuevo2.jpg\",\"width\":305,\"height\":305,\"caption\":\"Nuevo Digital de Escobar\"},\"image\":{\"@id\":\"https:\/\/nuevodigitaldeescobar.com.ar\/#\/schema\/logo\/image\/\"},\"sameAs\":[\"https:\/\/www.facebook.com\/NUEVODigitalDeEscobar\",\"https:\/\/x.com\/nuevodigescobar\",\"https:\/\/www.instagram.com\/nuevodigitaldeescobar\"]},{\"@type\":\"Person\",\"@id\":\"https:\/\/nuevodigitaldeescobar.com.ar\/#\/schema\/person\/035e90a8efe9a80e6eec22656ad6ea4c\",\"name\":\"Redacci\u00f3n\",\"image\":{\"@type\":\"ImageObject\",\"inLanguage\":\"es\",\"@id\":\"https:\/\/nuevodigitaldeescobar.com.ar\/#\/schema\/person\/image\/\",\"url\":\"https:\/\/secure.gravatar.com\/avatar\/8af8f40000c24e9eef3034f2be5998a372bb1389e64b1a4a36b3a7979142220d?s=96&d=mm&r=g\",\"contentUrl\":\"https:\/\/secure.gravatar.com\/avatar\/8af8f40000c24e9eef3034f2be5998a372bb1389e64b1a4a36b3a7979142220d?s=96&d=mm&r=g\",\"caption\":\"Redacci\u00f3n\"},\"sameAs\":[\"http:\/\/nuevodigitaldeescobar.com.ar\"],\"url\":\"https:\/\/nuevodigitaldeescobar.com.ar\/?author=1\"}]}<\/script>\n<!-- \/ Yoast SEO plugin. -->","yoast_head_json":{"title":"Para qu\u00e9 sirve la vitamina B12 y cu\u00e1les son sus beneficios para la salud - Nuevo Digital de Escobar","robots":{"index":"index","follow":"follow","max-snippet":"max-snippet:-1","max-image-preview":"max-image-preview:large","max-video-preview":"max-video-preview:-1"},"canonical":"https:\/\/nuevodigitaldeescobar.com.ar\/?p=1209","og_locale":"es_ES","og_type":"article","og_title":"Para qu\u00e9 sirve la vitamina B12 y cu\u00e1les son sus beneficios para la salud - Nuevo Digital de Escobar","og_description":"Fundamental para el metabolismo de las prote\u00ednas del cuerpo, es tambi\u00e9n un actor clave en la funci\u00f3n y el desarrollo del cerebro y las c\u00e9lulas [&hellip;]","og_url":"https:\/\/nuevodigitaldeescobar.com.ar\/?p=1209","og_site_name":"Nuevo Digital de Escobar","article_publisher":"https:\/\/www.facebook.com\/NUEVODigitalDeEscobar","article_published_time":"2023-11-25T10:00:00+00:00","og_image":[{"width":720,"height":440,"url":"https:\/\/nuevodigitaldeescobar.com.ar\/wp-content\/uploads\/2023\/11\/salud-1.jpg","type":"image\/jpeg"}],"author":"Redacci\u00f3n","twitter_card":"summary_large_image","twitter_creator":"@nuevodigescobar","twitter_site":"@nuevodigescobar","twitter_misc":{"Escrito por":"Redacci\u00f3n","Tiempo de lectura":"10 minutos"},"schema":{"@context":"https:\/\/schema.org","@graph":[{"@type":"Article","@id":"https:\/\/nuevodigitaldeescobar.com.ar\/?p=1209#article","isPartOf":{"@id":"https:\/\/nuevodigitaldeescobar.com.ar\/?p=1209"},"author":{"name":"Redacci\u00f3n","@id":"https:\/\/nuevodigitaldeescobar.com.ar\/#\/schema\/person\/035e90a8efe9a80e6eec22656ad6ea4c"},"headline":"Para qu\u00e9 sirve la vitamina B12 y cu\u00e1les son sus beneficios para la salud","datePublished":"2023-11-25T10:00:00+00:00","mainEntityOfPage":{"@id":"https:\/\/nuevodigitaldeescobar.com.ar\/?p=1209"},"wordCount":2022,"commentCount":0,"publisher":{"@id":"https:\/\/nuevodigitaldeescobar.com.ar\/#organization"},"image":{"@id":"https:\/\/nuevodigitaldeescobar.com.ar\/?p=1209#primaryimage"},"thumbnailUrl":"https:\/\/nuevodigitaldeescobar.com.ar\/wp-content\/uploads\/2023\/11\/salud-1.jpg","articleSection":["Salud y Nutrici\u00f3n"],"inLanguage":"es","potentialAction":[{"@type":"CommentAction","name":"Comment","target":["https:\/\/nuevodigitaldeescobar.com.ar\/?p=1209#respond"]}]},{"@type":"WebPage","@id":"https:\/\/nuevodigitaldeescobar.com.ar\/?p=1209","url":"https:\/\/nuevodigitaldeescobar.com.ar\/?p=1209","name":"Para qu\u00e9 sirve la vitamina B12 y cu\u00e1les son sus beneficios para la salud - Nuevo Digital de Escobar","isPartOf":{"@id":"https:\/\/nuevodigitaldeescobar.com.ar\/#website"},"primaryImageOfPage":{"@id":"https:\/\/nuevodigitaldeescobar.com.ar\/?p=1209#primaryimage"},"image":{"@id":"https:\/\/nuevodigitaldeescobar.com.ar\/?p=1209#primaryimage"},"thumbnailUrl":"https:\/\/nuevodigitaldeescobar.com.ar\/wp-content\/uploads\/2023\/11\/salud-1.jpg","datePublished":"2023-11-25T10:00:00+00:00","breadcrumb":{"@id":"https:\/\/nuevodigitaldeescobar.com.ar\/?p=1209#breadcrumb"},"inLanguage":"es","potentialAction":[{"@type":"ReadAction","target":["https:\/\/nuevodigitaldeescobar.com.ar\/?p=1209"]}]},{"@type":"ImageObject","inLanguage":"es","@id":"https:\/\/nuevodigitaldeescobar.com.ar\/?p=1209#primaryimage","url":"https:\/\/nuevodigitaldeescobar.com.ar\/wp-content\/uploads\/2023\/11\/salud-1.jpg","contentUrl":"https:\/\/nuevodigitaldeescobar.com.ar\/wp-content\/uploads\/2023\/11\/salud-1.jpg","width":720,"height":440},{"@type":"BreadcrumbList","@id":"https:\/\/nuevodigitaldeescobar.com.ar\/?p=1209#breadcrumb","itemListElement":[{"@type":"ListItem","position":1,"name":"Portada","item":"https:\/\/nuevodigitaldeescobar.com.ar\/"},{"@type":"ListItem","position":2,"name":"Para qu\u00e9 sirve la vitamina B12 y cu\u00e1les son sus beneficios para la salud"}]},{"@type":"WebSite","@id":"https:\/\/nuevodigitaldeescobar.com.ar\/#website","url":"https:\/\/nuevodigitaldeescobar.com.ar\/","name":"Nuevo Digital de Escobar","description":"La vida escobarense. Directora: Rosana Brunner","publisher":{"@id":"https:\/\/nuevodigitaldeescobar.com.ar\/#organization"},"potentialAction":[{"@type":"SearchAction","target":{"@type":"EntryPoint","urlTemplate":"https:\/\/nuevodigitaldeescobar.com.ar\/?s={search_term_string}"},"query-input":{"@type":"PropertyValueSpecification","valueRequired":true,"valueName":"search_term_string"}}],"inLanguage":"es"},{"@type":"Organization","@id":"https:\/\/nuevodigitaldeescobar.com.ar\/#organization","name":"Nuevo Digital de Escobar","url":"https:\/\/nuevodigitaldeescobar.com.ar\/","logo":{"@type":"ImageObject","inLanguage":"es","@id":"https:\/\/nuevodigitaldeescobar.com.ar\/#\/schema\/logo\/image\/","url":"https:\/\/nuevodigitaldeescobar.com.ar\/wp-content\/uploads\/2025\/05\/cropped-logo-nuevo2.jpg","contentUrl":"https:\/\/nuevodigitaldeescobar.com.ar\/wp-content\/uploads\/2025\/05\/cropped-logo-nuevo2.jpg","width":305,"height":305,"caption":"Nuevo Digital de Escobar"},"image":{"@id":"https:\/\/nuevodigitaldeescobar.com.ar\/#\/schema\/logo\/image\/"},"sameAs":["https:\/\/www.facebook.com\/NUEVODigitalDeEscobar","https:\/\/x.com\/nuevodigescobar","https:\/\/www.instagram.com\/nuevodigitaldeescobar"]},{"@type":"Person","@id":"https:\/\/nuevodigitaldeescobar.com.ar\/#\/schema\/person\/035e90a8efe9a80e6eec22656ad6ea4c","name":"Redacci\u00f3n","image":{"@type":"ImageObject","inLanguage":"es","@id":"https:\/\/nuevodigitaldeescobar.com.ar\/#\/schema\/person\/image\/","url":"https:\/\/secure.gravatar.com\/avatar\/8af8f40000c24e9eef3034f2be5998a372bb1389e64b1a4a36b3a7979142220d?s=96&d=mm&r=g","contentUrl":"https:\/\/secure.gravatar.com\/avatar\/8af8f40000c24e9eef3034f2be5998a372bb1389e64b1a4a36b3a7979142220d?s=96&d=mm&r=g","caption":"Redacci\u00f3n"},"sameAs":["http:\/\/nuevodigitaldeescobar.com.ar"],"url":"https:\/\/nuevodigitaldeescobar.com.ar\/?author=1"}]}},"featured_image_urls":{"full":["https:\/\/nuevodigitaldeescobar.com.ar\/wp-content\/uploads\/2023\/11\/salud-1.jpg",720,440,false],"thumbnail":["https:\/\/nuevodigitaldeescobar.com.ar\/wp-content\/uploads\/2023\/11\/salud-1-150x150.jpg",150,150,true],"medium":["https:\/\/nuevodigitaldeescobar.com.ar\/wp-content\/uploads\/2023\/11\/salud-1-300x183.jpg",300,183,true],"medium_large":["https:\/\/nuevodigitaldeescobar.com.ar\/wp-content\/uploads\/2023\/11\/salud-1.jpg",640,391,false],"large":["https:\/\/nuevodigitaldeescobar.com.ar\/wp-content\/uploads\/2023\/11\/salud-1.jpg",640,391,false],"1536x1536":["https:\/\/nuevodigitaldeescobar.com.ar\/wp-content\/uploads\/2023\/11\/salud-1.jpg",720,440,false],"2048x2048":["https:\/\/nuevodigitaldeescobar.com.ar\/wp-content\/uploads\/2023\/11\/salud-1.jpg",720,440,false]},"author_info":{"display_name":"Redacci\u00f3n","author_link":"https:\/\/nuevodigitaldeescobar.com.ar\/?author=1"},"category_info":"<a href=\"https:\/\/nuevodigitaldeescobar.com.ar\/?cat=3\" rel=\"category\">Salud y Nutrici\u00f3n<\/a>","tag_info":"Salud y Nutrici\u00f3n","comment_count":"0","_links":{"self":[{"href":"https:\/\/nuevodigitaldeescobar.com.ar\/index.php?rest_route=\/wp\/v2\/posts\/1209","targetHints":{"allow":["GET"]}}],"collection":[{"href":"https:\/\/nuevodigitaldeescobar.com.ar\/index.php?rest_route=\/wp\/v2\/posts"}],"about":[{"href":"https:\/\/nuevodigitaldeescobar.com.ar\/index.php?rest_route=\/wp\/v2\/types\/post"}],"author":[{"embeddable":true,"href":"https:\/\/nuevodigitaldeescobar.com.ar\/index.php?rest_route=\/wp\/v2\/users\/1"}],"replies":[{"embeddable":true,"href":"https:\/\/nuevodigitaldeescobar.com.ar\/index.php?rest_route=%2Fwp%2Fv2%2Fcomments&post=1209"}],"version-history":[{"count":1,"href":"https:\/\/nuevodigitaldeescobar.com.ar\/index.php?rest_route=\/wp\/v2\/posts\/1209\/revisions"}],"predecessor-version":[{"id":1220,"href":"https:\/\/nuevodigitaldeescobar.com.ar\/index.php?rest_route=\/wp\/v2\/posts\/1209\/revisions\/1220"}],"wp:featuredmedia":[{"embeddable":true,"href":"https:\/\/nuevodigitaldeescobar.com.ar\/index.php?rest_route=\/wp\/v2\/media\/1219"}],"wp:attachment":[{"href":"https:\/\/nuevodigitaldeescobar.com.ar\/index.php?rest_route=%2Fwp%2Fv2%2Fmedia&parent=1209"}],"wp:term":[{"taxonomy":"category","embeddable":true,"href":"https:\/\/nuevodigitaldeescobar.com.ar\/index.php?rest_route=%2Fwp%2Fv2%2Fcategories&post=1209"},{"taxonomy":"post_tag","embeddable":true,"href":"https:\/\/nuevodigitaldeescobar.com.ar\/index.php?rest_route=%2Fwp%2Fv2%2Ftags&post=1209"}],"curies":[{"name":"wp","href":"https:\/\/api.w.org\/{rel}","templated":true}]}}