{"id":12094,"date":"2025-02-12T07:00:00","date_gmt":"2025-02-12T10:00:00","guid":{"rendered":"https:\/\/nuevodigitaldeescobar.com.ar\/?p=12094"},"modified":"2025-02-11T17:41:13","modified_gmt":"2025-02-11T20:41:13","slug":"ataques-de-panico-nocturnos-por-que-ocurren-y-como-tratarlos","status":"publish","type":"post","link":"https:\/\/nuevodigitaldeescobar.com.ar\/?p=12094","title":{"rendered":"El temor que irrumpe en la noche: qu\u00e9 hacer ante un ataque de p\u00e1nico nocturno"},"content":{"rendered":"\n<p class=\"has-vivid-cyan-blue-color has-text-color has-link-color wp-elements-6ba0174f84bf2d171572d62c4c98f5a3\"><em><strong>Los ataques de p\u00e1nico son episodios s\u00fabitos de miedo intenso que pueden ocurrir en cualquier momento del d\u00eda. Sin embargo, cuando se presentan durante la noche, interrumpen el sue\u00f1o y generan un profundo malestar en quienes los padecen. Estos episodios pueden despertar abruptamente a la persona, con s\u00edntomas como sudoraci\u00f3n, taquicardia, temblores, sensaci\u00f3n de falta de aire y una intensa angustia que se percibe como una inminente amenaza de muerte.<\/strong><\/em><\/p>\n\n\n\n<!--more-->\n\n\n\n<h3 class=\"wp-block-heading has-text-color has-link-color wp-elements-e5ae8cc0a985b4dd1188176ffdeac2eb\" style=\"color:#0512a1\"><em>\u00bfPor qu\u00e9 ocurren los ataques de p\u00e1nico nocturnos?<\/em><\/h3>\n\n\n\n<p>Seg\u00fan el doctor Craig N. Sawchuk, de la Cl\u00ednica Mayo en Estados Unidos, los ataques de p\u00e1nico nocturnos comparten caracter\u00edsticas con los diurnos, aunque se presentan sin un desencadenante aparente. <em>\u00abAl igual que en los episodios de p\u00e1nico diurnos, la persona puede experimentar palpitaciones, hiperventilaci\u00f3n, escalofr\u00edos y la sensaci\u00f3n de que algo terrible va a suceder\u00bb<\/em>, explica el especialista. Aunque pueden confundirse con problemas card\u00edacos u otras afecciones m\u00e9dicas, los ataques de p\u00e1nico no son peligrosos en s\u00ed mismos.<\/p>\n\n\n\n<p>Si bien no existe una causa \u00fanica, los expertos coinciden en que ciertos factores pueden predisponer a una persona a sufrir estos episodios. Entre ellos se encuentran el estr\u00e9s, la predisposici\u00f3n gen\u00e9tica y alteraciones en la actividad cerebral. Adem\u00e1s, algunas condiciones m\u00e9dicas, como trastornos del sue\u00f1o o disfunciones tiroideas, pueden generar s\u00edntomas similares.<\/p>\n\n\n<div class=\"wp-block-image is-style-rounded\">\n<figure class=\"aligncenter size-full is-resized\"><img fetchpriority=\"high\" decoding=\"async\" width=\"1000\" height=\"667\" src=\"https:\/\/nuevodigitaldeescobar.com.ar\/wp-content\/uploads\/2025\/02\/ataquedep32.webp\" alt=\"\" class=\"wp-image-12096\" style=\"width:705px;height:auto\" srcset=\"https:\/\/nuevodigitaldeescobar.com.ar\/wp-content\/uploads\/2025\/02\/ataquedep32.webp 1000w, https:\/\/nuevodigitaldeescobar.com.ar\/wp-content\/uploads\/2025\/02\/ataquedep32-300x200.webp 300w, https:\/\/nuevodigitaldeescobar.com.ar\/wp-content\/uploads\/2025\/02\/ataquedep32-768x512.webp 768w\" sizes=\"(max-width: 1000px) 100vw, 1000px\" \/><\/figure><\/div>\n\n\n<h3 class=\"wp-block-heading has-text-color has-link-color wp-elements-78dd5626ee3cbef36fdba8fd3c4333a1\" style=\"color:#0512a1\"><em>La vulnerabilidad del sue\u00f1o y el miedo a la noche<\/em><\/h3>\n\n\n\n<p>El psicoanalista Juan Eduardo Tesone, profesor de la Universidad del Salvador y la Universidad de Par\u00eds-Nanterre, se\u00f1ala que el sue\u00f1o representa un estado de vulnerabilidad para muchas personas. <em>\u00abPara dormir, la persona debe desprenderse de la armadura ps\u00edquica con la que enfrenta el mundo exterior durante el d\u00eda. En ese proceso, quienes sufren ansiedad pueden sentirse particularmente indefensos, lo que facilita la aparici\u00f3n de ataques de angustia nocturnos\u00bb<\/em>, explica.<\/p>\n\n\n\n<p>Por esta raz\u00f3n, quienes padecen ataques de p\u00e1nico nocturnos pueden desarrollar un temor anticipatorio a dormirse, lo que genera un c\u00edrculo vicioso en el que la ansiedad por la posibilidad de un nuevo episodio dificulta a\u00fan m\u00e1s el descanso.<\/p>\n\n\n\n<h3 class=\"wp-block-heading has-text-color has-link-color wp-elements-e6b132b9184962e72709165240e78127\" style=\"color:#0512a1\"><em>\u00bfC\u00f3mo actuar ante un ataque de p\u00e1nico nocturno?<\/em><\/h3>\n\n\n\n<p>Cuando una persona atraviesa una crisis de p\u00e1nico nocturna, los especialistas recomiendan seguir ciertos pasos:<\/p>\n\n\n\n<ol class=\"wp-block-list\" start=\"1\">\n<li><strong>Buscar asistencia m\u00e9dica<\/strong>: Es fundamental descartar causas org\u00e1nicas, ya que algunos problemas card\u00edacos, hep\u00e1ticos o incluso trastornos auditivos pueden generar s\u00edntomas similares.<\/li>\n\n\n\n<li><strong>Controlar la respiraci\u00f3n<\/strong>: Practicar ejercicios de respiraci\u00f3n profunda y consciente puede ayudar a reducir la hiperventilaci\u00f3n y recuperar la calma.<\/li>\n\n\n\n<li><strong>No luchar contra el miedo<\/strong>: Tratar de resistirse al episodio puede intensificar la sensaci\u00f3n de angustia. Aceptar que el ataque pasar\u00e1 y que no representa un peligro real puede facilitar su resoluci\u00f3n.<\/li>\n\n\n\n<li><strong>Evitar la automedicaci\u00f3n<\/strong>: Aunque algunos ansiol\u00edticos pueden ser indicados por profesionales de la salud, su uso debe ser supervisado por un m\u00e9dico para evitar dependencia.<\/li>\n\n\n\n<li><strong>Consultar a un especialista<\/strong>: La terapia cognitivo-conductual ha demostrado ser efectiva en el tratamiento de los trastornos de p\u00e1nico, ayudando a la persona a identificar y modificar pensamientos que alimentan la ansiedad.<\/li>\n<\/ol>\n\n\n\n<h3 class=\"wp-block-heading has-text-color has-link-color wp-elements-673ced8e4459c78923bf67af202887cc\" style=\"color:#0512a1\"><em>Tratamientos y prevenci\u00f3n<\/em><\/h3>\n\n\n\n<p>El doctor Marcelo Toyos, secretario cient\u00edfico de la Asociaci\u00f3n Psicoanal\u00edtica Argentina, enfatiza que los ataques de p\u00e1nico nocturnos deben abordarse desde un enfoque integral. <em>\u00abEl tratamiento puede incluir medicaci\u00f3n ansiol\u00edtica en casos puntuales, pero es fundamental contar con un seguimiento psiqui\u00e1trico y psicoterap\u00e9utico para abordar las causas subyacentes\u00bb<\/em>, se\u00f1ala.<\/p>\n\n\n\n<p>Asimismo, mantener h\u00e1bitos saludables, como reducir el consumo de cafe\u00edna y alcohol, realizar actividad f\u00edsica regular y practicar t\u00e9cnicas de relajaci\u00f3n, puede contribuir a disminuir la frecuencia e intensidad de estos episodios.<\/p>\n\n\n\n<p>En conclusi\u00f3n, si bien los ataques de p\u00e1nico nocturnos pueden ser aterradores y generar una sensaci\u00f3n de p\u00e9rdida de control, existen estrategias y tratamientos efectivos para manejarlos. La clave est\u00e1 en buscar ayuda profesional y adoptar medidas para reducir el impacto de la ansiedad en la vida cotidiana.<\/p>\n\n\n\n<p><em>(Infobae)<\/em><\/p>\n","protected":false},"excerpt":{"rendered":"<p>Los ataques de p\u00e1nico son episodios s\u00fabitos de miedo intenso que pueden ocurrir en cualquier momento del d\u00eda. Sin embargo, cuando se presentan durante la [&hellip;]<\/p>\n","protected":false},"author":1,"featured_media":12095,"comment_status":"open","ping_status":"open","sticky":false,"template":"","format":"standard","meta":{"footnotes":""},"categories":[3],"tags":[],"class_list":["post-12094","post","type-post","status-publish","format-standard","has-post-thumbnail","hentry","category-nutricion"],"better_featured_image":{"id":12095,"alt_text":"","caption":"","description":"","media_type":"image","media_details":{"width":1200,"height":675,"file":"2025\/02\/ataquedep34.png","filesize":1025427,"sizes":{"medium":{"file":"ataquedep34-300x169.png","width":300,"height":169,"mime-type":"image\/png","filesize":68097,"source_url":"https:\/\/nuevodigitaldeescobar.com.ar\/wp-content\/uploads\/2025\/02\/ataquedep34-300x169.png"},"large":{"file":"ataquedep34-1024x576.png","width":1024,"height":576,"mime-type":"image\/png","filesize":475311,"source_url":"https:\/\/nuevodigitaldeescobar.com.ar\/wp-content\/uploads\/2025\/02\/ataquedep34-1024x576.png"},"thumbnail":{"file":"ataquedep34-150x150.png","width":150,"height":150,"mime-type":"image\/png","filesize":37700,"source_url":"https:\/\/nuevodigitaldeescobar.com.ar\/wp-content\/uploads\/2025\/02\/ataquedep34-150x150.png"},"medium_large":{"file":"ataquedep34-768x432.png","width":768,"height":432,"mime-type":"image\/png","filesize":306674,"source_url":"https:\/\/nuevodigitaldeescobar.com.ar\/wp-content\/uploads\/2025\/02\/ataquedep34-768x432.png"}},"image_meta":{"aperture":"0","credit":"","camera":"","caption":"","created_timestamp":"0","copyright":"","focal_length":"0","iso":"0","shutter_speed":"0","title":"","orientation":"0","keywords":[]}},"post":12094,"source_url":"https:\/\/nuevodigitaldeescobar.com.ar\/wp-content\/uploads\/2025\/02\/ataquedep34.png"},"yoast_head":"<!-- This site is optimized with the Yoast SEO plugin v26.1.1 - https:\/\/yoast.com\/wordpress\/plugins\/seo\/ -->\n<title>El temor que irrumpe en la noche: qu\u00e9 hacer ante un ataque de p\u00e1nico nocturno - Nuevo Digital de Escobar<\/title>\n<meta name=\"robots\" content=\"index, follow, max-snippet:-1, max-image-preview:large, max-video-preview:-1\" \/>\n<link rel=\"canonical\" href=\"https:\/\/nuevodigitaldeescobar.com.ar\/?p=12094\" \/>\n<meta property=\"og:locale\" content=\"es_ES\" \/>\n<meta property=\"og:type\" content=\"article\" \/>\n<meta property=\"og:title\" content=\"El temor que irrumpe en la noche: qu\u00e9 hacer ante un ataque de p\u00e1nico nocturno - Nuevo Digital de Escobar\" \/>\n<meta property=\"og:description\" content=\"Los ataques de p\u00e1nico son episodios s\u00fabitos de miedo intenso que pueden ocurrir en cualquier momento del d\u00eda. Sin embargo, cuando se presentan durante la [&hellip;]\" \/>\n<meta property=\"og:url\" content=\"https:\/\/nuevodigitaldeescobar.com.ar\/?p=12094\" \/>\n<meta property=\"og:site_name\" content=\"Nuevo Digital de Escobar\" \/>\n<meta property=\"article:publisher\" content=\"https:\/\/www.facebook.com\/NUEVODigitalDeEscobar\" \/>\n<meta property=\"article:published_time\" content=\"2025-02-12T10:00:00+00:00\" \/>\n<meta property=\"og:image\" content=\"https:\/\/nuevodigitaldeescobar.com.ar\/wp-content\/uploads\/2025\/02\/ataquedep34.png\" \/>\n\t<meta property=\"og:image:width\" content=\"1200\" \/>\n\t<meta property=\"og:image:height\" content=\"675\" \/>\n\t<meta property=\"og:image:type\" content=\"image\/png\" \/>\n<meta name=\"author\" content=\"Redacci\u00f3n\" \/>\n<meta name=\"twitter:card\" content=\"summary_large_image\" \/>\n<meta name=\"twitter:creator\" content=\"@nuevodigescobar\" \/>\n<meta name=\"twitter:site\" content=\"@nuevodigescobar\" \/>\n<meta name=\"twitter:label1\" content=\"Escrito por\" \/>\n\t<meta name=\"twitter:data1\" content=\"Redacci\u00f3n\" \/>\n\t<meta name=\"twitter:label2\" content=\"Tiempo de lectura\" \/>\n\t<meta name=\"twitter:data2\" content=\"3 minutos\" \/>\n<script type=\"application\/ld+json\" class=\"yoast-schema-graph\">{\"@context\":\"https:\/\/schema.org\",\"@graph\":[{\"@type\":\"Article\",\"@id\":\"https:\/\/nuevodigitaldeescobar.com.ar\/?p=12094#article\",\"isPartOf\":{\"@id\":\"https:\/\/nuevodigitaldeescobar.com.ar\/?p=12094\"},\"author\":{\"name\":\"Redacci\u00f3n\",\"@id\":\"https:\/\/nuevodigitaldeescobar.com.ar\/#\/schema\/person\/035e90a8efe9a80e6eec22656ad6ea4c\"},\"headline\":\"El temor que irrumpe en la noche: qu\u00e9 hacer ante un ataque de p\u00e1nico nocturno\",\"datePublished\":\"2025-02-12T10:00:00+00:00\",\"mainEntityOfPage\":{\"@id\":\"https:\/\/nuevodigitaldeescobar.com.ar\/?p=12094\"},\"wordCount\":705,\"commentCount\":0,\"publisher\":{\"@id\":\"https:\/\/nuevodigitaldeescobar.com.ar\/#organization\"},\"image\":{\"@id\":\"https:\/\/nuevodigitaldeescobar.com.ar\/?p=12094#primaryimage\"},\"thumbnailUrl\":\"https:\/\/nuevodigitaldeescobar.com.ar\/wp-content\/uploads\/2025\/02\/ataquedep34.png\",\"articleSection\":[\"Salud y Nutrici\u00f3n\"],\"inLanguage\":\"es\",\"potentialAction\":[{\"@type\":\"CommentAction\",\"name\":\"Comment\",\"target\":[\"https:\/\/nuevodigitaldeescobar.com.ar\/?p=12094#respond\"]}]},{\"@type\":\"WebPage\",\"@id\":\"https:\/\/nuevodigitaldeescobar.com.ar\/?p=12094\",\"url\":\"https:\/\/nuevodigitaldeescobar.com.ar\/?p=12094\",\"name\":\"El temor que irrumpe en la noche: qu\u00e9 hacer ante un ataque de p\u00e1nico nocturno - Nuevo Digital de Escobar\",\"isPartOf\":{\"@id\":\"https:\/\/nuevodigitaldeescobar.com.ar\/#website\"},\"primaryImageOfPage\":{\"@id\":\"https:\/\/nuevodigitaldeescobar.com.ar\/?p=12094#primaryimage\"},\"image\":{\"@id\":\"https:\/\/nuevodigitaldeescobar.com.ar\/?p=12094#primaryimage\"},\"thumbnailUrl\":\"https:\/\/nuevodigitaldeescobar.com.ar\/wp-content\/uploads\/2025\/02\/ataquedep34.png\",\"datePublished\":\"2025-02-12T10:00:00+00:00\",\"breadcrumb\":{\"@id\":\"https:\/\/nuevodigitaldeescobar.com.ar\/?p=12094#breadcrumb\"},\"inLanguage\":\"es\",\"potentialAction\":[{\"@type\":\"ReadAction\",\"target\":[\"https:\/\/nuevodigitaldeescobar.com.ar\/?p=12094\"]}]},{\"@type\":\"ImageObject\",\"inLanguage\":\"es\",\"@id\":\"https:\/\/nuevodigitaldeescobar.com.ar\/?p=12094#primaryimage\",\"url\":\"https:\/\/nuevodigitaldeescobar.com.ar\/wp-content\/uploads\/2025\/02\/ataquedep34.png\",\"contentUrl\":\"https:\/\/nuevodigitaldeescobar.com.ar\/wp-content\/uploads\/2025\/02\/ataquedep34.png\",\"width\":1200,\"height\":675},{\"@type\":\"BreadcrumbList\",\"@id\":\"https:\/\/nuevodigitaldeescobar.com.ar\/?p=12094#breadcrumb\",\"itemListElement\":[{\"@type\":\"ListItem\",\"position\":1,\"name\":\"Portada\",\"item\":\"https:\/\/nuevodigitaldeescobar.com.ar\/\"},{\"@type\":\"ListItem\",\"position\":2,\"name\":\"El temor que irrumpe en la noche: qu\u00e9 hacer ante un ataque de p\u00e1nico nocturno\"}]},{\"@type\":\"WebSite\",\"@id\":\"https:\/\/nuevodigitaldeescobar.com.ar\/#website\",\"url\":\"https:\/\/nuevodigitaldeescobar.com.ar\/\",\"name\":\"Nuevo Digital de Escobar\",\"description\":\"La vida escobarense. Directora: Rosana Brunner\",\"publisher\":{\"@id\":\"https:\/\/nuevodigitaldeescobar.com.ar\/#organization\"},\"potentialAction\":[{\"@type\":\"SearchAction\",\"target\":{\"@type\":\"EntryPoint\",\"urlTemplate\":\"https:\/\/nuevodigitaldeescobar.com.ar\/?s={search_term_string}\"},\"query-input\":{\"@type\":\"PropertyValueSpecification\",\"valueRequired\":true,\"valueName\":\"search_term_string\"}}],\"inLanguage\":\"es\"},{\"@type\":\"Organization\",\"@id\":\"https:\/\/nuevodigitaldeescobar.com.ar\/#organization\",\"name\":\"Nuevo Digital de Escobar\",\"url\":\"https:\/\/nuevodigitaldeescobar.com.ar\/\",\"logo\":{\"@type\":\"ImageObject\",\"inLanguage\":\"es\",\"@id\":\"https:\/\/nuevodigitaldeescobar.com.ar\/#\/schema\/logo\/image\/\",\"url\":\"https:\/\/nuevodigitaldeescobar.com.ar\/wp-content\/uploads\/2025\/05\/cropped-logo-nuevo2.jpg\",\"contentUrl\":\"https:\/\/nuevodigitaldeescobar.com.ar\/wp-content\/uploads\/2025\/05\/cropped-logo-nuevo2.jpg\",\"width\":305,\"height\":305,\"caption\":\"Nuevo Digital de Escobar\"},\"image\":{\"@id\":\"https:\/\/nuevodigitaldeescobar.com.ar\/#\/schema\/logo\/image\/\"},\"sameAs\":[\"https:\/\/www.facebook.com\/NUEVODigitalDeEscobar\",\"https:\/\/x.com\/nuevodigescobar\",\"https:\/\/www.instagram.com\/nuevodigitaldeescobar\"]},{\"@type\":\"Person\",\"@id\":\"https:\/\/nuevodigitaldeescobar.com.ar\/#\/schema\/person\/035e90a8efe9a80e6eec22656ad6ea4c\",\"name\":\"Redacci\u00f3n\",\"image\":{\"@type\":\"ImageObject\",\"inLanguage\":\"es\",\"@id\":\"https:\/\/nuevodigitaldeescobar.com.ar\/#\/schema\/person\/image\/\",\"url\":\"https:\/\/secure.gravatar.com\/avatar\/8af8f40000c24e9eef3034f2be5998a372bb1389e64b1a4a36b3a7979142220d?s=96&d=mm&r=g\",\"contentUrl\":\"https:\/\/secure.gravatar.com\/avatar\/8af8f40000c24e9eef3034f2be5998a372bb1389e64b1a4a36b3a7979142220d?s=96&d=mm&r=g\",\"caption\":\"Redacci\u00f3n\"},\"sameAs\":[\"http:\/\/nuevodigitaldeescobar.com.ar\"],\"url\":\"https:\/\/nuevodigitaldeescobar.com.ar\/?author=1\"}]}<\/script>\n<!-- \/ Yoast SEO plugin. -->","yoast_head_json":{"title":"El temor que irrumpe en la noche: qu\u00e9 hacer ante un ataque de p\u00e1nico nocturno - Nuevo Digital de Escobar","robots":{"index":"index","follow":"follow","max-snippet":"max-snippet:-1","max-image-preview":"max-image-preview:large","max-video-preview":"max-video-preview:-1"},"canonical":"https:\/\/nuevodigitaldeescobar.com.ar\/?p=12094","og_locale":"es_ES","og_type":"article","og_title":"El temor que irrumpe en la noche: qu\u00e9 hacer ante un ataque de p\u00e1nico nocturno - Nuevo Digital de Escobar","og_description":"Los ataques de p\u00e1nico son episodios s\u00fabitos de miedo intenso que pueden ocurrir en cualquier momento del d\u00eda. Sin embargo, cuando se presentan durante la [&hellip;]","og_url":"https:\/\/nuevodigitaldeescobar.com.ar\/?p=12094","og_site_name":"Nuevo Digital de Escobar","article_publisher":"https:\/\/www.facebook.com\/NUEVODigitalDeEscobar","article_published_time":"2025-02-12T10:00:00+00:00","og_image":[{"width":1200,"height":675,"url":"https:\/\/nuevodigitaldeescobar.com.ar\/wp-content\/uploads\/2025\/02\/ataquedep34.png","type":"image\/png"}],"author":"Redacci\u00f3n","twitter_card":"summary_large_image","twitter_creator":"@nuevodigescobar","twitter_site":"@nuevodigescobar","twitter_misc":{"Escrito por":"Redacci\u00f3n","Tiempo de lectura":"3 minutos"},"schema":{"@context":"https:\/\/schema.org","@graph":[{"@type":"Article","@id":"https:\/\/nuevodigitaldeescobar.com.ar\/?p=12094#article","isPartOf":{"@id":"https:\/\/nuevodigitaldeescobar.com.ar\/?p=12094"},"author":{"name":"Redacci\u00f3n","@id":"https:\/\/nuevodigitaldeescobar.com.ar\/#\/schema\/person\/035e90a8efe9a80e6eec22656ad6ea4c"},"headline":"El temor que irrumpe en la noche: qu\u00e9 hacer ante un ataque de p\u00e1nico nocturno","datePublished":"2025-02-12T10:00:00+00:00","mainEntityOfPage":{"@id":"https:\/\/nuevodigitaldeescobar.com.ar\/?p=12094"},"wordCount":705,"commentCount":0,"publisher":{"@id":"https:\/\/nuevodigitaldeescobar.com.ar\/#organization"},"image":{"@id":"https:\/\/nuevodigitaldeescobar.com.ar\/?p=12094#primaryimage"},"thumbnailUrl":"https:\/\/nuevodigitaldeescobar.com.ar\/wp-content\/uploads\/2025\/02\/ataquedep34.png","articleSection":["Salud y Nutrici\u00f3n"],"inLanguage":"es","potentialAction":[{"@type":"CommentAction","name":"Comment","target":["https:\/\/nuevodigitaldeescobar.com.ar\/?p=12094#respond"]}]},{"@type":"WebPage","@id":"https:\/\/nuevodigitaldeescobar.com.ar\/?p=12094","url":"https:\/\/nuevodigitaldeescobar.com.ar\/?p=12094","name":"El temor que irrumpe en la noche: qu\u00e9 hacer ante un ataque de p\u00e1nico nocturno - Nuevo Digital de Escobar","isPartOf":{"@id":"https:\/\/nuevodigitaldeescobar.com.ar\/#website"},"primaryImageOfPage":{"@id":"https:\/\/nuevodigitaldeescobar.com.ar\/?p=12094#primaryimage"},"image":{"@id":"https:\/\/nuevodigitaldeescobar.com.ar\/?p=12094#primaryimage"},"thumbnailUrl":"https:\/\/nuevodigitaldeescobar.com.ar\/wp-content\/uploads\/2025\/02\/ataquedep34.png","datePublished":"2025-02-12T10:00:00+00:00","breadcrumb":{"@id":"https:\/\/nuevodigitaldeescobar.com.ar\/?p=12094#breadcrumb"},"inLanguage":"es","potentialAction":[{"@type":"ReadAction","target":["https:\/\/nuevodigitaldeescobar.com.ar\/?p=12094"]}]},{"@type":"ImageObject","inLanguage":"es","@id":"https:\/\/nuevodigitaldeescobar.com.ar\/?p=12094#primaryimage","url":"https:\/\/nuevodigitaldeescobar.com.ar\/wp-content\/uploads\/2025\/02\/ataquedep34.png","contentUrl":"https:\/\/nuevodigitaldeescobar.com.ar\/wp-content\/uploads\/2025\/02\/ataquedep34.png","width":1200,"height":675},{"@type":"BreadcrumbList","@id":"https:\/\/nuevodigitaldeescobar.com.ar\/?p=12094#breadcrumb","itemListElement":[{"@type":"ListItem","position":1,"name":"Portada","item":"https:\/\/nuevodigitaldeescobar.com.ar\/"},{"@type":"ListItem","position":2,"name":"El temor que irrumpe en la noche: qu\u00e9 hacer ante un ataque de p\u00e1nico nocturno"}]},{"@type":"WebSite","@id":"https:\/\/nuevodigitaldeescobar.com.ar\/#website","url":"https:\/\/nuevodigitaldeescobar.com.ar\/","name":"Nuevo Digital de Escobar","description":"La vida escobarense. Directora: Rosana Brunner","publisher":{"@id":"https:\/\/nuevodigitaldeescobar.com.ar\/#organization"},"potentialAction":[{"@type":"SearchAction","target":{"@type":"EntryPoint","urlTemplate":"https:\/\/nuevodigitaldeescobar.com.ar\/?s={search_term_string}"},"query-input":{"@type":"PropertyValueSpecification","valueRequired":true,"valueName":"search_term_string"}}],"inLanguage":"es"},{"@type":"Organization","@id":"https:\/\/nuevodigitaldeescobar.com.ar\/#organization","name":"Nuevo Digital de Escobar","url":"https:\/\/nuevodigitaldeescobar.com.ar\/","logo":{"@type":"ImageObject","inLanguage":"es","@id":"https:\/\/nuevodigitaldeescobar.com.ar\/#\/schema\/logo\/image\/","url":"https:\/\/nuevodigitaldeescobar.com.ar\/wp-content\/uploads\/2025\/05\/cropped-logo-nuevo2.jpg","contentUrl":"https:\/\/nuevodigitaldeescobar.com.ar\/wp-content\/uploads\/2025\/05\/cropped-logo-nuevo2.jpg","width":305,"height":305,"caption":"Nuevo Digital de Escobar"},"image":{"@id":"https:\/\/nuevodigitaldeescobar.com.ar\/#\/schema\/logo\/image\/"},"sameAs":["https:\/\/www.facebook.com\/NUEVODigitalDeEscobar","https:\/\/x.com\/nuevodigescobar","https:\/\/www.instagram.com\/nuevodigitaldeescobar"]},{"@type":"Person","@id":"https:\/\/nuevodigitaldeescobar.com.ar\/#\/schema\/person\/035e90a8efe9a80e6eec22656ad6ea4c","name":"Redacci\u00f3n","image":{"@type":"ImageObject","inLanguage":"es","@id":"https:\/\/nuevodigitaldeescobar.com.ar\/#\/schema\/person\/image\/","url":"https:\/\/secure.gravatar.com\/avatar\/8af8f40000c24e9eef3034f2be5998a372bb1389e64b1a4a36b3a7979142220d?s=96&d=mm&r=g","contentUrl":"https:\/\/secure.gravatar.com\/avatar\/8af8f40000c24e9eef3034f2be5998a372bb1389e64b1a4a36b3a7979142220d?s=96&d=mm&r=g","caption":"Redacci\u00f3n"},"sameAs":["http:\/\/nuevodigitaldeescobar.com.ar"],"url":"https:\/\/nuevodigitaldeescobar.com.ar\/?author=1"}]}},"featured_image_urls":{"full":["https:\/\/nuevodigitaldeescobar.com.ar\/wp-content\/uploads\/2025\/02\/ataquedep34.png",1200,675,false],"thumbnail":["https:\/\/nuevodigitaldeescobar.com.ar\/wp-content\/uploads\/2025\/02\/ataquedep34-150x150.png",150,150,true],"medium":["https:\/\/nuevodigitaldeescobar.com.ar\/wp-content\/uploads\/2025\/02\/ataquedep34-300x169.png",300,169,true],"medium_large":["https:\/\/nuevodigitaldeescobar.com.ar\/wp-content\/uploads\/2025\/02\/ataquedep34-768x432.png",640,360,true],"large":["https:\/\/nuevodigitaldeescobar.com.ar\/wp-content\/uploads\/2025\/02\/ataquedep34-1024x576.png",640,360,true],"1536x1536":["https:\/\/nuevodigitaldeescobar.com.ar\/wp-content\/uploads\/2025\/02\/ataquedep34.png",1200,675,false],"2048x2048":["https:\/\/nuevodigitaldeescobar.com.ar\/wp-content\/uploads\/2025\/02\/ataquedep34.png",1200,675,false]},"author_info":{"display_name":"Redacci\u00f3n","author_link":"https:\/\/nuevodigitaldeescobar.com.ar\/?author=1"},"category_info":"<a href=\"https:\/\/nuevodigitaldeescobar.com.ar\/?cat=3\" rel=\"category\">Salud y Nutrici\u00f3n<\/a>","tag_info":"Salud y Nutrici\u00f3n","comment_count":"0","_links":{"self":[{"href":"https:\/\/nuevodigitaldeescobar.com.ar\/index.php?rest_route=\/wp\/v2\/posts\/12094","targetHints":{"allow":["GET"]}}],"collection":[{"href":"https:\/\/nuevodigitaldeescobar.com.ar\/index.php?rest_route=\/wp\/v2\/posts"}],"about":[{"href":"https:\/\/nuevodigitaldeescobar.com.ar\/index.php?rest_route=\/wp\/v2\/types\/post"}],"author":[{"embeddable":true,"href":"https:\/\/nuevodigitaldeescobar.com.ar\/index.php?rest_route=\/wp\/v2\/users\/1"}],"replies":[{"embeddable":true,"href":"https:\/\/nuevodigitaldeescobar.com.ar\/index.php?rest_route=%2Fwp%2Fv2%2Fcomments&post=12094"}],"version-history":[{"count":2,"href":"https:\/\/nuevodigitaldeescobar.com.ar\/index.php?rest_route=\/wp\/v2\/posts\/12094\/revisions"}],"predecessor-version":[{"id":12098,"href":"https:\/\/nuevodigitaldeescobar.com.ar\/index.php?rest_route=\/wp\/v2\/posts\/12094\/revisions\/12098"}],"wp:featuredmedia":[{"embeddable":true,"href":"https:\/\/nuevodigitaldeescobar.com.ar\/index.php?rest_route=\/wp\/v2\/media\/12095"}],"wp:attachment":[{"href":"https:\/\/nuevodigitaldeescobar.com.ar\/index.php?rest_route=%2Fwp%2Fv2%2Fmedia&parent=12094"}],"wp:term":[{"taxonomy":"category","embeddable":true,"href":"https:\/\/nuevodigitaldeescobar.com.ar\/index.php?rest_route=%2Fwp%2Fv2%2Fcategories&post=12094"},{"taxonomy":"post_tag","embeddable":true,"href":"https:\/\/nuevodigitaldeescobar.com.ar\/index.php?rest_route=%2Fwp%2Fv2%2Ftags&post=12094"}],"curies":[{"name":"wp","href":"https:\/\/api.w.org\/{rel}","templated":true}]}}