{"id":12146,"date":"2025-02-13T01:59:22","date_gmt":"2025-02-13T04:59:22","guid":{"rendered":"https:\/\/nuevodigitaldeescobar.com.ar\/?p=12146"},"modified":"2025-02-13T01:59:34","modified_gmt":"2025-02-13T04:59:34","slug":"ejecutado-por-una-deuda-le-debia-cinco-meses-de-alquiler-discutieron-y-lo-mato-a-tiros","status":"publish","type":"post","link":"https:\/\/nuevodigitaldeescobar.com.ar\/?p=12146","title":{"rendered":"Ejecutado por una deuda: le deb\u00eda cinco meses de alquiler, discutieron y lo mat\u00f3 a tiros"},"content":{"rendered":"\n<p class=\"has-vivid-cyan-blue-color has-text-color has-link-color wp-elements-70dfee4a56ea561e6eeabdb746efdf8f\"><strong><em>Un hombre de 30 a\u00f1os fue detenido en Mar del Plata tras permanecer varias semanas pr\u00f3fugo, acusado del homicidio de su inquilino, Pablo Dami\u00e1n Oporto. El hecho ocurri\u00f3 en el marco de una disputa por una deuda de alquiler de cinco meses. La captura del sospechoso se llev\u00f3 a cabo en plena v\u00eda p\u00fablica, a escasa distancia del lugar donde ocurri\u00f3 el crimen. Tras su aprehensi\u00f3n, se orden\u00f3 su traslado a la Unidad Penal N\u00b0 44 de Bat\u00e1n.<\/em><\/strong><\/p>\n\n\n\n<!--more-->\n\n\n\n<p>El acusado, identificado como Federico Fabi\u00e1n Saralegui, fue interceptado por personal del Gabinete de Homicidios de la DDI de Mar del Plata. La investigaci\u00f3n, que qued\u00f3 a cargo de la UFI N\u00b0 7 bajo la direcci\u00f3n del fiscal Carlos Russo, est\u00e1 caratulada como homicidio agravado y portaci\u00f3n de arma de guerra.<\/p>\n\n\n\n<h3 class=\"wp-block-heading has-text-color has-link-color wp-elements-e89dc3f9c4d9158b9b1f4518573a0e48\" style=\"color:#0412b2\"><em>Los hechos<\/em><\/h3>\n\n\n\n<p>El crimen ocurri\u00f3 el pasado 19 de enero en un domicilio ubicado en la calle Los Naranjos, entre Ringuelet y Cabrera, en la zona de Parque Pe\u00f1a. Seg\u00fan la reconstrucci\u00f3n de los hechos, una discusi\u00f3n entre Saralegui y Oporto habr\u00eda derivado en el ataque fatal. Un llamado an\u00f3nimo al 911 alert\u00f3 sobre la presencia de un veh\u00edculo desde el cual se habr\u00edan efectuado varios disparos.<\/p>\n\n\n\n<p>Al arribar al lugar, efectivos de la Comisar\u00eda 15\u00aa encontraron a Oporto gravemente herido. De inmediato, fue trasladado al Hospital Interzonal General de Agudos Dr. Oscar E. Alende, donde se confirm\u00f3 que presentaba una herida de bala en el abdomen, con orificio de entrada y salida. A pesar de haber sido sometido a una cirug\u00eda, falleci\u00f3 horas m\u00e1s tarde.<\/p>\n\n\n\n<p>Las primeras averiguaciones revelaron que la v\u00edctima se hab\u00eda negado a abandonar la propiedad que alquilaba debido a la deuda de alquiler acumulada. Adem\u00e1s, se determin\u00f3 que Oporto ten\u00eda antecedentes penales por diversos delitos, incluyendo robo, violaci\u00f3n de arresto domiciliario, encubrimiento y tenencia de arma en infracci\u00f3n a la Ley 23.737.<\/p>\n\n\n\n<h3 class=\"wp-block-heading has-text-color has-link-color wp-elements-e0c1a304a3d1558d4723da983ac39b18\" style=\"color:#0412b2\"><em>Investigaci\u00f3n y detenci\u00f3n<\/em><\/h3>\n\n\n\n<p>El caso dio un giro cuando se confirm\u00f3 la muerte de Oporto y la fiscal\u00eda orden\u00f3 la detenci\u00f3n de Saralegui, quien logr\u00f3 evadir a las autoridades hasta el 12 de febrero, cuando fue identificado y arrestado en la v\u00eda p\u00fablica, a solo una cuadra del lugar del crimen. No se confirm\u00f3 si el arma utilizada en el ataque fue hallada.<\/p>\n\n\n\n<p>En paralelo, la fiscal\u00eda convoc\u00f3 a testigos para esclarecer los detalles del homicidio y solicit\u00f3 el an\u00e1lisis de las c\u00e1maras de seguridad de la zona, con el objetivo de obtener registros del momento del ataque y la posterior fuga del sospechoso.<\/p>\n\n\n\n<p>Adem\u00e1s, en el marco de la investigaci\u00f3n, el hermano de la v\u00edctima, Mauricio Oporto, fue imputado por tenencia de arma de uso civil, luego de que se encontraran dos cargadores y una cuchilla en el asiento del acompa\u00f1ante del veh\u00edculo en el que traslad\u00f3 a su hermano al hospital.<\/p>\n\n\n\n<p>Con la detenci\u00f3n de Saralegui, la causa avanza hacia la etapa judicial en la que se determinar\u00e1 su situaci\u00f3n procesal y se establecer\u00e1n responsabilidades en torno al crimen.<\/p>\n","protected":false},"excerpt":{"rendered":"<p>Un hombre de 30 a\u00f1os fue detenido en Mar del Plata tras permanecer varias semanas pr\u00f3fugo, acusado del homicidio de su inquilino, Pablo Dami\u00e1n Oporto. [&hellip;]<\/p>\n","protected":false},"author":1,"featured_media":12147,"comment_status":"open","ping_status":"open","sticky":false,"template":"","format":"standard","meta":{"footnotes":""},"categories":[13],"tags":[],"class_list":["post-12146","post","type-post","status-publish","format-standard","has-post-thumbnail","hentry","category-policiales"],"better_featured_image":{"id":12147,"alt_text":"","caption":"","description":"","media_type":"image","media_details":{"width":1155,"height":657,"file":"2025\/02\/mdpalquil238.png","filesize":1510861,"sizes":{"medium":{"file":"mdpalquil238-300x171.png","width":300,"height":171,"mime-type":"image\/png","filesize":79231,"source_url":"https:\/\/nuevodigitaldeescobar.com.ar\/wp-content\/uploads\/2025\/02\/mdpalquil238-300x171.png"},"large":{"file":"mdpalquil238-1024x582.png","width":1024,"height":582,"mime-type":"image\/png","filesize":718629,"source_url":"https:\/\/nuevodigitaldeescobar.com.ar\/wp-content\/uploads\/2025\/02\/mdpalquil238-1024x582.png"},"thumbnail":{"file":"mdpalquil238-150x150.png","width":150,"height":150,"mime-type":"image\/png","filesize":37312,"source_url":"https:\/\/nuevodigitaldeescobar.com.ar\/wp-content\/uploads\/2025\/02\/mdpalquil238-150x150.png"},"medium_large":{"file":"mdpalquil238-768x437.png","width":768,"height":437,"mime-type":"image\/png","filesize":415512,"source_url":"https:\/\/nuevodigitaldeescobar.com.ar\/wp-content\/uploads\/2025\/02\/mdpalquil238-768x437.png"}},"image_meta":{"aperture":"0","credit":"","camera":"","caption":"","created_timestamp":"0","copyright":"","focal_length":"0","iso":"0","shutter_speed":"0","title":"","orientation":"0","keywords":[]}},"post":12146,"source_url":"https:\/\/nuevodigitaldeescobar.com.ar\/wp-content\/uploads\/2025\/02\/mdpalquil238.png"},"yoast_head":"<!-- This site is optimized with the Yoast SEO plugin v26.1.1 - https:\/\/yoast.com\/wordpress\/plugins\/seo\/ -->\n<title>Ejecutado por una deuda: le deb\u00eda cinco meses de alquiler, discutieron y lo mat\u00f3 a tiros - Nuevo Digital de Escobar<\/title>\n<meta name=\"robots\" content=\"index, follow, max-snippet:-1, max-image-preview:large, max-video-preview:-1\" \/>\n<link rel=\"canonical\" href=\"https:\/\/nuevodigitaldeescobar.com.ar\/?p=12146\" \/>\n<meta property=\"og:locale\" content=\"es_ES\" \/>\n<meta property=\"og:type\" content=\"article\" \/>\n<meta property=\"og:title\" content=\"Ejecutado por una deuda: le deb\u00eda cinco meses de alquiler, discutieron y lo mat\u00f3 a tiros - Nuevo Digital de Escobar\" \/>\n<meta property=\"og:description\" content=\"Un hombre de 30 a\u00f1os fue detenido en Mar del Plata tras permanecer varias semanas pr\u00f3fugo, acusado del homicidio de su inquilino, Pablo Dami\u00e1n Oporto. [&hellip;]\" \/>\n<meta property=\"og:url\" content=\"https:\/\/nuevodigitaldeescobar.com.ar\/?p=12146\" \/>\n<meta property=\"og:site_name\" content=\"Nuevo Digital de Escobar\" \/>\n<meta property=\"article:publisher\" content=\"https:\/\/www.facebook.com\/NUEVODigitalDeEscobar\" \/>\n<meta property=\"article:published_time\" content=\"2025-02-13T04:59:22+00:00\" \/>\n<meta property=\"article:modified_time\" content=\"2025-02-13T04:59:34+00:00\" \/>\n<meta property=\"og:image\" content=\"https:\/\/nuevodigitaldeescobar.com.ar\/wp-content\/uploads\/2025\/02\/mdpalquil238.png\" \/>\n\t<meta property=\"og:image:width\" content=\"1155\" \/>\n\t<meta property=\"og:image:height\" content=\"657\" \/>\n\t<meta property=\"og:image:type\" content=\"image\/png\" \/>\n<meta name=\"author\" content=\"Redacci\u00f3n\" \/>\n<meta name=\"twitter:card\" content=\"summary_large_image\" \/>\n<meta name=\"twitter:creator\" content=\"@nuevodigescobar\" \/>\n<meta name=\"twitter:site\" content=\"@nuevodigescobar\" \/>\n<meta name=\"twitter:label1\" content=\"Escrito por\" \/>\n\t<meta name=\"twitter:data1\" content=\"Redacci\u00f3n\" \/>\n\t<meta name=\"twitter:label2\" content=\"Tiempo de lectura\" \/>\n\t<meta name=\"twitter:data2\" content=\"3 minutos\" \/>\n<script type=\"application\/ld+json\" class=\"yoast-schema-graph\">{\"@context\":\"https:\/\/schema.org\",\"@graph\":[{\"@type\":\"Article\",\"@id\":\"https:\/\/nuevodigitaldeescobar.com.ar\/?p=12146#article\",\"isPartOf\":{\"@id\":\"https:\/\/nuevodigitaldeescobar.com.ar\/?p=12146\"},\"author\":{\"name\":\"Redacci\u00f3n\",\"@id\":\"https:\/\/nuevodigitaldeescobar.com.ar\/#\/schema\/person\/035e90a8efe9a80e6eec22656ad6ea4c\"},\"headline\":\"Ejecutado por una deuda: le deb\u00eda cinco meses de alquiler, discutieron y lo mat\u00f3 a tiros\",\"datePublished\":\"2025-02-13T04:59:22+00:00\",\"dateModified\":\"2025-02-13T04:59:34+00:00\",\"mainEntityOfPage\":{\"@id\":\"https:\/\/nuevodigitaldeescobar.com.ar\/?p=12146\"},\"wordCount\":541,\"commentCount\":0,\"publisher\":{\"@id\":\"https:\/\/nuevodigitaldeescobar.com.ar\/#organization\"},\"image\":{\"@id\":\"https:\/\/nuevodigitaldeescobar.com.ar\/?p=12146#primaryimage\"},\"thumbnailUrl\":\"https:\/\/nuevodigitaldeescobar.com.ar\/wp-content\/uploads\/2025\/02\/mdpalquil238.png\",\"articleSection\":[\"Policiales\"],\"inLanguage\":\"es\",\"potentialAction\":[{\"@type\":\"CommentAction\",\"name\":\"Comment\",\"target\":[\"https:\/\/nuevodigitaldeescobar.com.ar\/?p=12146#respond\"]}]},{\"@type\":\"WebPage\",\"@id\":\"https:\/\/nuevodigitaldeescobar.com.ar\/?p=12146\",\"url\":\"https:\/\/nuevodigitaldeescobar.com.ar\/?p=12146\",\"name\":\"Ejecutado por una deuda: le deb\u00eda cinco meses de alquiler, discutieron y lo mat\u00f3 a tiros - Nuevo Digital de Escobar\",\"isPartOf\":{\"@id\":\"https:\/\/nuevodigitaldeescobar.com.ar\/#website\"},\"primaryImageOfPage\":{\"@id\":\"https:\/\/nuevodigitaldeescobar.com.ar\/?p=12146#primaryimage\"},\"image\":{\"@id\":\"https:\/\/nuevodigitaldeescobar.com.ar\/?p=12146#primaryimage\"},\"thumbnailUrl\":\"https:\/\/nuevodigitaldeescobar.com.ar\/wp-content\/uploads\/2025\/02\/mdpalquil238.png\",\"datePublished\":\"2025-02-13T04:59:22+00:00\",\"dateModified\":\"2025-02-13T04:59:34+00:00\",\"breadcrumb\":{\"@id\":\"https:\/\/nuevodigitaldeescobar.com.ar\/?p=12146#breadcrumb\"},\"inLanguage\":\"es\",\"potentialAction\":[{\"@type\":\"ReadAction\",\"target\":[\"https:\/\/nuevodigitaldeescobar.com.ar\/?p=12146\"]}]},{\"@type\":\"ImageObject\",\"inLanguage\":\"es\",\"@id\":\"https:\/\/nuevodigitaldeescobar.com.ar\/?p=12146#primaryimage\",\"url\":\"https:\/\/nuevodigitaldeescobar.com.ar\/wp-content\/uploads\/2025\/02\/mdpalquil238.png\",\"contentUrl\":\"https:\/\/nuevodigitaldeescobar.com.ar\/wp-content\/uploads\/2025\/02\/mdpalquil238.png\",\"width\":1155,\"height\":657},{\"@type\":\"BreadcrumbList\",\"@id\":\"https:\/\/nuevodigitaldeescobar.com.ar\/?p=12146#breadcrumb\",\"itemListElement\":[{\"@type\":\"ListItem\",\"position\":1,\"name\":\"Portada\",\"item\":\"https:\/\/nuevodigitaldeescobar.com.ar\/\"},{\"@type\":\"ListItem\",\"position\":2,\"name\":\"Ejecutado por una deuda: le deb\u00eda cinco meses de alquiler, discutieron y lo mat\u00f3 a tiros\"}]},{\"@type\":\"WebSite\",\"@id\":\"https:\/\/nuevodigitaldeescobar.com.ar\/#website\",\"url\":\"https:\/\/nuevodigitaldeescobar.com.ar\/\",\"name\":\"Nuevo Digital de Escobar\",\"description\":\"La vida escobarense. Directora: Rosana Brunner\",\"publisher\":{\"@id\":\"https:\/\/nuevodigitaldeescobar.com.ar\/#organization\"},\"potentialAction\":[{\"@type\":\"SearchAction\",\"target\":{\"@type\":\"EntryPoint\",\"urlTemplate\":\"https:\/\/nuevodigitaldeescobar.com.ar\/?s={search_term_string}\"},\"query-input\":{\"@type\":\"PropertyValueSpecification\",\"valueRequired\":true,\"valueName\":\"search_term_string\"}}],\"inLanguage\":\"es\"},{\"@type\":\"Organization\",\"@id\":\"https:\/\/nuevodigitaldeescobar.com.ar\/#organization\",\"name\":\"Nuevo Digital de Escobar\",\"url\":\"https:\/\/nuevodigitaldeescobar.com.ar\/\",\"logo\":{\"@type\":\"ImageObject\",\"inLanguage\":\"es\",\"@id\":\"https:\/\/nuevodigitaldeescobar.com.ar\/#\/schema\/logo\/image\/\",\"url\":\"https:\/\/nuevodigitaldeescobar.com.ar\/wp-content\/uploads\/2025\/05\/cropped-logo-nuevo2.jpg\",\"contentUrl\":\"https:\/\/nuevodigitaldeescobar.com.ar\/wp-content\/uploads\/2025\/05\/cropped-logo-nuevo2.jpg\",\"width\":305,\"height\":305,\"caption\":\"Nuevo Digital de Escobar\"},\"image\":{\"@id\":\"https:\/\/nuevodigitaldeescobar.com.ar\/#\/schema\/logo\/image\/\"},\"sameAs\":[\"https:\/\/www.facebook.com\/NUEVODigitalDeEscobar\",\"https:\/\/x.com\/nuevodigescobar\",\"https:\/\/www.instagram.com\/nuevodigitaldeescobar\"]},{\"@type\":\"Person\",\"@id\":\"https:\/\/nuevodigitaldeescobar.com.ar\/#\/schema\/person\/035e90a8efe9a80e6eec22656ad6ea4c\",\"name\":\"Redacci\u00f3n\",\"image\":{\"@type\":\"ImageObject\",\"inLanguage\":\"es\",\"@id\":\"https:\/\/nuevodigitaldeescobar.com.ar\/#\/schema\/person\/image\/\",\"url\":\"https:\/\/secure.gravatar.com\/avatar\/8af8f40000c24e9eef3034f2be5998a372bb1389e64b1a4a36b3a7979142220d?s=96&d=mm&r=g\",\"contentUrl\":\"https:\/\/secure.gravatar.com\/avatar\/8af8f40000c24e9eef3034f2be5998a372bb1389e64b1a4a36b3a7979142220d?s=96&d=mm&r=g\",\"caption\":\"Redacci\u00f3n\"},\"sameAs\":[\"http:\/\/nuevodigitaldeescobar.com.ar\"],\"url\":\"https:\/\/nuevodigitaldeescobar.com.ar\/?author=1\"}]}<\/script>\n<!-- \/ Yoast SEO plugin. -->","yoast_head_json":{"title":"Ejecutado por una deuda: le deb\u00eda cinco meses de alquiler, discutieron y lo mat\u00f3 a tiros - Nuevo Digital de Escobar","robots":{"index":"index","follow":"follow","max-snippet":"max-snippet:-1","max-image-preview":"max-image-preview:large","max-video-preview":"max-video-preview:-1"},"canonical":"https:\/\/nuevodigitaldeescobar.com.ar\/?p=12146","og_locale":"es_ES","og_type":"article","og_title":"Ejecutado por una deuda: le deb\u00eda cinco meses de alquiler, discutieron y lo mat\u00f3 a tiros - Nuevo Digital de Escobar","og_description":"Un hombre de 30 a\u00f1os fue detenido en Mar del Plata tras permanecer varias semanas pr\u00f3fugo, acusado del homicidio de su inquilino, Pablo Dami\u00e1n Oporto. [&hellip;]","og_url":"https:\/\/nuevodigitaldeescobar.com.ar\/?p=12146","og_site_name":"Nuevo Digital de Escobar","article_publisher":"https:\/\/www.facebook.com\/NUEVODigitalDeEscobar","article_published_time":"2025-02-13T04:59:22+00:00","article_modified_time":"2025-02-13T04:59:34+00:00","og_image":[{"width":1155,"height":657,"url":"https:\/\/nuevodigitaldeescobar.com.ar\/wp-content\/uploads\/2025\/02\/mdpalquil238.png","type":"image\/png"}],"author":"Redacci\u00f3n","twitter_card":"summary_large_image","twitter_creator":"@nuevodigescobar","twitter_site":"@nuevodigescobar","twitter_misc":{"Escrito por":"Redacci\u00f3n","Tiempo de lectura":"3 minutos"},"schema":{"@context":"https:\/\/schema.org","@graph":[{"@type":"Article","@id":"https:\/\/nuevodigitaldeescobar.com.ar\/?p=12146#article","isPartOf":{"@id":"https:\/\/nuevodigitaldeescobar.com.ar\/?p=12146"},"author":{"name":"Redacci\u00f3n","@id":"https:\/\/nuevodigitaldeescobar.com.ar\/#\/schema\/person\/035e90a8efe9a80e6eec22656ad6ea4c"},"headline":"Ejecutado por una deuda: le deb\u00eda cinco meses de alquiler, discutieron y lo mat\u00f3 a tiros","datePublished":"2025-02-13T04:59:22+00:00","dateModified":"2025-02-13T04:59:34+00:00","mainEntityOfPage":{"@id":"https:\/\/nuevodigitaldeescobar.com.ar\/?p=12146"},"wordCount":541,"commentCount":0,"publisher":{"@id":"https:\/\/nuevodigitaldeescobar.com.ar\/#organization"},"image":{"@id":"https:\/\/nuevodigitaldeescobar.com.ar\/?p=12146#primaryimage"},"thumbnailUrl":"https:\/\/nuevodigitaldeescobar.com.ar\/wp-content\/uploads\/2025\/02\/mdpalquil238.png","articleSection":["Policiales"],"inLanguage":"es","potentialAction":[{"@type":"CommentAction","name":"Comment","target":["https:\/\/nuevodigitaldeescobar.com.ar\/?p=12146#respond"]}]},{"@type":"WebPage","@id":"https:\/\/nuevodigitaldeescobar.com.ar\/?p=12146","url":"https:\/\/nuevodigitaldeescobar.com.ar\/?p=12146","name":"Ejecutado por una deuda: le deb\u00eda cinco meses de alquiler, discutieron y lo mat\u00f3 a tiros - Nuevo Digital de Escobar","isPartOf":{"@id":"https:\/\/nuevodigitaldeescobar.com.ar\/#website"},"primaryImageOfPage":{"@id":"https:\/\/nuevodigitaldeescobar.com.ar\/?p=12146#primaryimage"},"image":{"@id":"https:\/\/nuevodigitaldeescobar.com.ar\/?p=12146#primaryimage"},"thumbnailUrl":"https:\/\/nuevodigitaldeescobar.com.ar\/wp-content\/uploads\/2025\/02\/mdpalquil238.png","datePublished":"2025-02-13T04:59:22+00:00","dateModified":"2025-02-13T04:59:34+00:00","breadcrumb":{"@id":"https:\/\/nuevodigitaldeescobar.com.ar\/?p=12146#breadcrumb"},"inLanguage":"es","potentialAction":[{"@type":"ReadAction","target":["https:\/\/nuevodigitaldeescobar.com.ar\/?p=12146"]}]},{"@type":"ImageObject","inLanguage":"es","@id":"https:\/\/nuevodigitaldeescobar.com.ar\/?p=12146#primaryimage","url":"https:\/\/nuevodigitaldeescobar.com.ar\/wp-content\/uploads\/2025\/02\/mdpalquil238.png","contentUrl":"https:\/\/nuevodigitaldeescobar.com.ar\/wp-content\/uploads\/2025\/02\/mdpalquil238.png","width":1155,"height":657},{"@type":"BreadcrumbList","@id":"https:\/\/nuevodigitaldeescobar.com.ar\/?p=12146#breadcrumb","itemListElement":[{"@type":"ListItem","position":1,"name":"Portada","item":"https:\/\/nuevodigitaldeescobar.com.ar\/"},{"@type":"ListItem","position":2,"name":"Ejecutado por una deuda: le deb\u00eda cinco meses de alquiler, discutieron y lo mat\u00f3 a tiros"}]},{"@type":"WebSite","@id":"https:\/\/nuevodigitaldeescobar.com.ar\/#website","url":"https:\/\/nuevodigitaldeescobar.com.ar\/","name":"Nuevo Digital de Escobar","description":"La vida escobarense. Directora: Rosana Brunner","publisher":{"@id":"https:\/\/nuevodigitaldeescobar.com.ar\/#organization"},"potentialAction":[{"@type":"SearchAction","target":{"@type":"EntryPoint","urlTemplate":"https:\/\/nuevodigitaldeescobar.com.ar\/?s={search_term_string}"},"query-input":{"@type":"PropertyValueSpecification","valueRequired":true,"valueName":"search_term_string"}}],"inLanguage":"es"},{"@type":"Organization","@id":"https:\/\/nuevodigitaldeescobar.com.ar\/#organization","name":"Nuevo Digital de Escobar","url":"https:\/\/nuevodigitaldeescobar.com.ar\/","logo":{"@type":"ImageObject","inLanguage":"es","@id":"https:\/\/nuevodigitaldeescobar.com.ar\/#\/schema\/logo\/image\/","url":"https:\/\/nuevodigitaldeescobar.com.ar\/wp-content\/uploads\/2025\/05\/cropped-logo-nuevo2.jpg","contentUrl":"https:\/\/nuevodigitaldeescobar.com.ar\/wp-content\/uploads\/2025\/05\/cropped-logo-nuevo2.jpg","width":305,"height":305,"caption":"Nuevo Digital de Escobar"},"image":{"@id":"https:\/\/nuevodigitaldeescobar.com.ar\/#\/schema\/logo\/image\/"},"sameAs":["https:\/\/www.facebook.com\/NUEVODigitalDeEscobar","https:\/\/x.com\/nuevodigescobar","https:\/\/www.instagram.com\/nuevodigitaldeescobar"]},{"@type":"Person","@id":"https:\/\/nuevodigitaldeescobar.com.ar\/#\/schema\/person\/035e90a8efe9a80e6eec22656ad6ea4c","name":"Redacci\u00f3n","image":{"@type":"ImageObject","inLanguage":"es","@id":"https:\/\/nuevodigitaldeescobar.com.ar\/#\/schema\/person\/image\/","url":"https:\/\/secure.gravatar.com\/avatar\/8af8f40000c24e9eef3034f2be5998a372bb1389e64b1a4a36b3a7979142220d?s=96&d=mm&r=g","contentUrl":"https:\/\/secure.gravatar.com\/avatar\/8af8f40000c24e9eef3034f2be5998a372bb1389e64b1a4a36b3a7979142220d?s=96&d=mm&r=g","caption":"Redacci\u00f3n"},"sameAs":["http:\/\/nuevodigitaldeescobar.com.ar"],"url":"https:\/\/nuevodigitaldeescobar.com.ar\/?author=1"}]}},"featured_image_urls":{"full":["https:\/\/nuevodigitaldeescobar.com.ar\/wp-content\/uploads\/2025\/02\/mdpalquil238.png",1155,657,false],"thumbnail":["https:\/\/nuevodigitaldeescobar.com.ar\/wp-content\/uploads\/2025\/02\/mdpalquil238-150x150.png",150,150,true],"medium":["https:\/\/nuevodigitaldeescobar.com.ar\/wp-content\/uploads\/2025\/02\/mdpalquil238-300x171.png",300,171,true],"medium_large":["https:\/\/nuevodigitaldeescobar.com.ar\/wp-content\/uploads\/2025\/02\/mdpalquil238-768x437.png",640,364,true],"large":["https:\/\/nuevodigitaldeescobar.com.ar\/wp-content\/uploads\/2025\/02\/mdpalquil238-1024x582.png",640,364,true],"1536x1536":["https:\/\/nuevodigitaldeescobar.com.ar\/wp-content\/uploads\/2025\/02\/mdpalquil238.png",1155,657,false],"2048x2048":["https:\/\/nuevodigitaldeescobar.com.ar\/wp-content\/uploads\/2025\/02\/mdpalquil238.png",1155,657,false]},"author_info":{"display_name":"Redacci\u00f3n","author_link":"https:\/\/nuevodigitaldeescobar.com.ar\/?author=1"},"category_info":"<a href=\"https:\/\/nuevodigitaldeescobar.com.ar\/?cat=13\" rel=\"category\">Policiales<\/a>","tag_info":"Policiales","comment_count":"0","_links":{"self":[{"href":"https:\/\/nuevodigitaldeescobar.com.ar\/index.php?rest_route=\/wp\/v2\/posts\/12146","targetHints":{"allow":["GET"]}}],"collection":[{"href":"https:\/\/nuevodigitaldeescobar.com.ar\/index.php?rest_route=\/wp\/v2\/posts"}],"about":[{"href":"https:\/\/nuevodigitaldeescobar.com.ar\/index.php?rest_route=\/wp\/v2\/types\/post"}],"author":[{"embeddable":true,"href":"https:\/\/nuevodigitaldeescobar.com.ar\/index.php?rest_route=\/wp\/v2\/users\/1"}],"replies":[{"embeddable":true,"href":"https:\/\/nuevodigitaldeescobar.com.ar\/index.php?rest_route=%2Fwp%2Fv2%2Fcomments&post=12146"}],"version-history":[{"count":1,"href":"https:\/\/nuevodigitaldeescobar.com.ar\/index.php?rest_route=\/wp\/v2\/posts\/12146\/revisions"}],"predecessor-version":[{"id":12148,"href":"https:\/\/nuevodigitaldeescobar.com.ar\/index.php?rest_route=\/wp\/v2\/posts\/12146\/revisions\/12148"}],"wp:featuredmedia":[{"embeddable":true,"href":"https:\/\/nuevodigitaldeescobar.com.ar\/index.php?rest_route=\/wp\/v2\/media\/12147"}],"wp:attachment":[{"href":"https:\/\/nuevodigitaldeescobar.com.ar\/index.php?rest_route=%2Fwp%2Fv2%2Fmedia&parent=12146"}],"wp:term":[{"taxonomy":"category","embeddable":true,"href":"https:\/\/nuevodigitaldeescobar.com.ar\/index.php?rest_route=%2Fwp%2Fv2%2Fcategories&post=12146"},{"taxonomy":"post_tag","embeddable":true,"href":"https:\/\/nuevodigitaldeescobar.com.ar\/index.php?rest_route=%2Fwp%2Fv2%2Ftags&post=12146"}],"curies":[{"name":"wp","href":"https:\/\/api.w.org\/{rel}","templated":true}]}}