{"id":12165,"date":"2025-02-14T07:20:00","date_gmt":"2025-02-14T10:20:00","guid":{"rendered":"https:\/\/nuevodigitaldeescobar.com.ar\/?p=12165"},"modified":"2025-02-13T16:59:05","modified_gmt":"2025-02-13T19:59:05","slug":"la-inflacion-de-enero-fue-del-22-la-mas-baja-desde-2020-pero-la-carne-amenaza-la-tendencia","status":"publish","type":"post","link":"https:\/\/nuevodigitaldeescobar.com.ar\/?p=12165","title":{"rendered":"La inflaci\u00f3n de enero fue del 2,2%, la m\u00e1s baja desde 2020, pero la carne amenaza la tendencia"},"content":{"rendered":"\n<p class=\"has-vivid-cyan-blue-color has-text-color has-link-color wp-elements-9c600faa11fc3b9019df7104d0872833\"><strong><em>El \u00edndice de precios al consumidor registr\u00f3 una nueva desaceleraci\u00f3n, con un acumulado del 84,5% en los \u00faltimos 12 meses. Sin embargo, el aumento de la carne en febrero podr\u00eda frenar la baja. El Instituto Nacional de Estad\u00edstica y Censos (Indec) inform\u00f3 que la inflaci\u00f3n de enero fue del 2,2%, consolidando una tendencia a la baja respecto al 2,7% registrado en diciembre. Con este resultado, la variaci\u00f3n interanual alcanz\u00f3 el 84,5%, el nivel m\u00e1s bajo desde septiembre de 2022.<\/em><\/strong><\/p>\n\n\n\n<!--more-->\n\n\n\n<p>El dato de enero es el menor desde julio de 2020, cuando el pa\u00eds atravesaba una fuerte recesi\u00f3n por la pandemia. En esta oportunidad, los rubros que m\u00e1s aumentaron fueron Restaurantes y hoteles (5,3%) y Vivienda, agua, electricidad, gas y otros combustibles (4,0%), mientras que Educaci\u00f3n (0,5%) y Prendas de vestir y calzado (-0,7%) mostraron los menores incrementos, e incluso una leve deflaci\u00f3n en el caso de la indumentaria.<\/p>\n\n\n\n<p>Desde el Ministerio de Econom\u00eda destacaron que la desaceleraci\u00f3n de la inflaci\u00f3n ocurre en un contexto de crecimiento econ\u00f3mico y aumento de ingresos, con un repunte del 6,4% en la actividad entre abril y noviembre y mejoras en el salario real, jubilaciones y la Asignaci\u00f3n Universal por Hijo (AUH).<\/p>\n\n\n\n<h3 class=\"wp-block-heading has-text-color has-link-color wp-elements-45806f4edb44a62f1aeeba5bb6994f1f\" style=\"color:#0321a6\"><em>D\u00f3lar y expectativas para febrero<\/em><\/h3>\n\n\n\n<p>Enero fue el \u00faltimo mes bajo el esquema de devaluaci\u00f3n del d\u00f3lar oficial a un ritmo del 2% mensual. A partir de febrero, el Gobierno ajust\u00f3 la pol\u00edtica cambiaria y redujo esa actualizaci\u00f3n al 1% mensual, con la intenci\u00f3n de seguir alineando los precios de los bienes y servicios con la nueva estrategia monetaria.<\/p>\n\n\n\n<p>El ministro de Econom\u00eda, Luis Caputo, se mostr\u00f3 optimista y sostuvo que el IPC podr\u00eda perforar el 2% en febrero. <em>\u00abOjal\u00e1 empiece con 1, el proceso de desinflaci\u00f3n va a continuar\u00bb<\/em>, asegur\u00f3 recientemente.<\/p>\n\n\n<div class=\"wp-block-image is-style-rounded\">\n<figure class=\"aligncenter size-large\"><img fetchpriority=\"high\" decoding=\"async\" width=\"1024\" height=\"576\" src=\"http:\/\/nuevodigitaldeescobar.com.ar\/wp-content\/uploads\/2024\/04\/epi-3-luis-caputo-1024x576.jpg\" alt=\"\" class=\"wp-image-4628\"\/><figcaption class=\"wp-element-caption\"><em>\u00abOjal\u00e1 empiece con 1, el proceso de desinflaci\u00f3n va a continuar\u00bb<\/em> \/\/ <strong><em>Luis Caputo<\/em><\/strong><\/figcaption><\/figure><\/div>\n\n\n<p>Sin embargo, en la primera semana de febrero se registr\u00f3 un repunte en los precios de los alimentos, particularmente de la carne, lo que podr\u00eda afectar la tendencia general. Consultoras privadas ya anticipan que la inflaci\u00f3n mensual podr\u00eda ubicarse en torno al 2% nuevamente.<\/p>\n\n\n\n<p>Un informe de LCG detect\u00f3 que el 21% de los productos relevados aument\u00f3 en los primeros d\u00edas de febrero, mientras que Equilibra observ\u00f3 una suba del 3,7% en la carne vacuna, lo que impact\u00f3 en la canasta alimentaria.<\/p>\n\n\n\n<p>La evoluci\u00f3n del precio de la carne ser\u00e1 clave para la inflaci\u00f3n de febrero, dado su peso en la canasta del Indec. En el Gran Buenos Aires, representa el 7% del \u00edndice general, mientras que en el Noroeste y Noreste del pa\u00eds supera el 12%.<\/p>\n\n\n\n<p>Con estos elementos en juego, el dato de febrero ser\u00e1 clave para evaluar si la inflaci\u00f3n sigue en baja o si la presi\u00f3n de los alimentos interrumpe la tendencia descendente.<\/p>\n","protected":false},"excerpt":{"rendered":"<p>El \u00edndice de precios al consumidor registr\u00f3 una nueva desaceleraci\u00f3n, con un acumulado del 84,5% en los \u00faltimos 12 meses. Sin embargo, el aumento de [&hellip;]<\/p>\n","protected":false},"author":1,"featured_media":8675,"comment_status":"open","ping_status":"open","sticky":false,"template":"","format":"standard","meta":{"footnotes":""},"categories":[10],"tags":[],"class_list":["post-12165","post","type-post","status-publish","format-standard","has-post-thumbnail","hentry","category-economia"],"better_featured_image":{"id":8675,"alt_text":"","caption":"","description":"","media_type":"image","media_details":{"width":720,"height":540,"file":"2024\/10\/supermercado-inflacion-e1728978216971.jpg","filesize":158465,"sizes":{"medium":{"file":"supermercado-inflacion-300x225.jpg","width":300,"height":225,"mime-type":"image\/jpeg","filesize":23489,"source_url":"https:\/\/nuevodigitaldeescobar.com.ar\/wp-content\/uploads\/2024\/10\/supermercado-inflacion-300x225.jpg"},"thumbnail":{"file":"supermercado-inflacion-150x150.jpg","width":150,"height":150,"mime-type":"image\/jpeg","filesize":9084,"source_url":"https:\/\/nuevodigitaldeescobar.com.ar\/wp-content\/uploads\/2024\/10\/supermercado-inflacion-150x150.jpg"},"medium_large":{"file":"supermercado-inflacion-768x576.jpg","width":768,"height":576,"mime-type":"image\/jpeg","filesize":105148,"source_url":"https:\/\/nuevodigitaldeescobar.com.ar\/wp-content\/uploads\/2024\/10\/supermercado-inflacion-768x576.jpg"}},"image_meta":{"aperture":"0","credit":"","camera":"","caption":"","created_timestamp":"0","copyright":"","focal_length":"0","iso":"0","shutter_speed":"0","title":"","orientation":"0","keywords":[]}},"post":8669,"source_url":"https:\/\/nuevodigitaldeescobar.com.ar\/wp-content\/uploads\/2024\/10\/supermercado-inflacion-e1728978216971.jpg"},"yoast_head":"<!-- This site is optimized with the Yoast SEO plugin v26.1.1 - https:\/\/yoast.com\/wordpress\/plugins\/seo\/ -->\n<title>La inflaci\u00f3n de enero fue del 2,2%, la m\u00e1s baja desde 2020, pero la carne amenaza la tendencia - Nuevo Digital de Escobar<\/title>\n<meta name=\"robots\" content=\"index, follow, max-snippet:-1, max-image-preview:large, max-video-preview:-1\" \/>\n<link rel=\"canonical\" href=\"https:\/\/nuevodigitaldeescobar.com.ar\/?p=12165\" \/>\n<meta property=\"og:locale\" content=\"es_ES\" \/>\n<meta property=\"og:type\" content=\"article\" \/>\n<meta property=\"og:title\" content=\"La inflaci\u00f3n de enero fue del 2,2%, la m\u00e1s baja desde 2020, pero la carne amenaza la tendencia - Nuevo Digital de Escobar\" \/>\n<meta property=\"og:description\" content=\"El \u00edndice de precios al consumidor registr\u00f3 una nueva desaceleraci\u00f3n, con un acumulado del 84,5% en los \u00faltimos 12 meses. Sin embargo, el aumento de [&hellip;]\" \/>\n<meta property=\"og:url\" content=\"https:\/\/nuevodigitaldeescobar.com.ar\/?p=12165\" \/>\n<meta property=\"og:site_name\" content=\"Nuevo Digital de Escobar\" \/>\n<meta property=\"article:publisher\" content=\"https:\/\/www.facebook.com\/NUEVODigitalDeEscobar\" \/>\n<meta property=\"article:published_time\" content=\"2025-02-14T10:20:00+00:00\" \/>\n<meta property=\"og:image\" content=\"https:\/\/nuevodigitaldeescobar.com.ar\/wp-content\/uploads\/2024\/10\/supermercado-inflacion-e1728978216971.jpg\" \/>\n\t<meta property=\"og:image:width\" content=\"720\" \/>\n\t<meta property=\"og:image:height\" content=\"540\" \/>\n\t<meta property=\"og:image:type\" content=\"image\/jpeg\" \/>\n<meta name=\"author\" content=\"Redacci\u00f3n\" \/>\n<meta name=\"twitter:card\" content=\"summary_large_image\" \/>\n<meta name=\"twitter:creator\" content=\"@nuevodigescobar\" \/>\n<meta name=\"twitter:site\" content=\"@nuevodigescobar\" \/>\n<meta name=\"twitter:label1\" content=\"Escrito por\" \/>\n\t<meta name=\"twitter:data1\" content=\"Redacci\u00f3n\" \/>\n\t<meta name=\"twitter:label2\" content=\"Tiempo de lectura\" \/>\n\t<meta name=\"twitter:data2\" content=\"2 minutos\" \/>\n<script type=\"application\/ld+json\" class=\"yoast-schema-graph\">{\"@context\":\"https:\/\/schema.org\",\"@graph\":[{\"@type\":\"Article\",\"@id\":\"https:\/\/nuevodigitaldeescobar.com.ar\/?p=12165#article\",\"isPartOf\":{\"@id\":\"https:\/\/nuevodigitaldeescobar.com.ar\/?p=12165\"},\"author\":{\"name\":\"Redacci\u00f3n\",\"@id\":\"https:\/\/nuevodigitaldeescobar.com.ar\/#\/schema\/person\/035e90a8efe9a80e6eec22656ad6ea4c\"},\"headline\":\"La inflaci\u00f3n de enero fue del 2,2%, la m\u00e1s baja desde 2020, pero la carne amenaza la tendencia\",\"datePublished\":\"2025-02-14T10:20:00+00:00\",\"mainEntityOfPage\":{\"@id\":\"https:\/\/nuevodigitaldeescobar.com.ar\/?p=12165\"},\"wordCount\":491,\"commentCount\":0,\"publisher\":{\"@id\":\"https:\/\/nuevodigitaldeescobar.com.ar\/#organization\"},\"image\":{\"@id\":\"https:\/\/nuevodigitaldeescobar.com.ar\/?p=12165#primaryimage\"},\"thumbnailUrl\":\"https:\/\/nuevodigitaldeescobar.com.ar\/wp-content\/uploads\/2024\/10\/supermercado-inflacion-e1728978216971.jpg\",\"articleSection\":[\"Econom\u00eda\"],\"inLanguage\":\"es\",\"potentialAction\":[{\"@type\":\"CommentAction\",\"name\":\"Comment\",\"target\":[\"https:\/\/nuevodigitaldeescobar.com.ar\/?p=12165#respond\"]}]},{\"@type\":\"WebPage\",\"@id\":\"https:\/\/nuevodigitaldeescobar.com.ar\/?p=12165\",\"url\":\"https:\/\/nuevodigitaldeescobar.com.ar\/?p=12165\",\"name\":\"La inflaci\u00f3n de enero fue del 2,2%, la m\u00e1s baja desde 2020, pero la carne amenaza la tendencia - Nuevo Digital de Escobar\",\"isPartOf\":{\"@id\":\"https:\/\/nuevodigitaldeescobar.com.ar\/#website\"},\"primaryImageOfPage\":{\"@id\":\"https:\/\/nuevodigitaldeescobar.com.ar\/?p=12165#primaryimage\"},\"image\":{\"@id\":\"https:\/\/nuevodigitaldeescobar.com.ar\/?p=12165#primaryimage\"},\"thumbnailUrl\":\"https:\/\/nuevodigitaldeescobar.com.ar\/wp-content\/uploads\/2024\/10\/supermercado-inflacion-e1728978216971.jpg\",\"datePublished\":\"2025-02-14T10:20:00+00:00\",\"breadcrumb\":{\"@id\":\"https:\/\/nuevodigitaldeescobar.com.ar\/?p=12165#breadcrumb\"},\"inLanguage\":\"es\",\"potentialAction\":[{\"@type\":\"ReadAction\",\"target\":[\"https:\/\/nuevodigitaldeescobar.com.ar\/?p=12165\"]}]},{\"@type\":\"ImageObject\",\"inLanguage\":\"es\",\"@id\":\"https:\/\/nuevodigitaldeescobar.com.ar\/?p=12165#primaryimage\",\"url\":\"https:\/\/nuevodigitaldeescobar.com.ar\/wp-content\/uploads\/2024\/10\/supermercado-inflacion-e1728978216971.jpg\",\"contentUrl\":\"https:\/\/nuevodigitaldeescobar.com.ar\/wp-content\/uploads\/2024\/10\/supermercado-inflacion-e1728978216971.jpg\",\"width\":720,\"height\":540},{\"@type\":\"BreadcrumbList\",\"@id\":\"https:\/\/nuevodigitaldeescobar.com.ar\/?p=12165#breadcrumb\",\"itemListElement\":[{\"@type\":\"ListItem\",\"position\":1,\"name\":\"Portada\",\"item\":\"https:\/\/nuevodigitaldeescobar.com.ar\/\"},{\"@type\":\"ListItem\",\"position\":2,\"name\":\"La inflaci\u00f3n de enero fue del 2,2%, la m\u00e1s baja desde 2020, pero la carne amenaza la tendencia\"}]},{\"@type\":\"WebSite\",\"@id\":\"https:\/\/nuevodigitaldeescobar.com.ar\/#website\",\"url\":\"https:\/\/nuevodigitaldeescobar.com.ar\/\",\"name\":\"Nuevo Digital de Escobar\",\"description\":\"La vida escobarense. Directora: Rosana Brunner\",\"publisher\":{\"@id\":\"https:\/\/nuevodigitaldeescobar.com.ar\/#organization\"},\"potentialAction\":[{\"@type\":\"SearchAction\",\"target\":{\"@type\":\"EntryPoint\",\"urlTemplate\":\"https:\/\/nuevodigitaldeescobar.com.ar\/?s={search_term_string}\"},\"query-input\":{\"@type\":\"PropertyValueSpecification\",\"valueRequired\":true,\"valueName\":\"search_term_string\"}}],\"inLanguage\":\"es\"},{\"@type\":\"Organization\",\"@id\":\"https:\/\/nuevodigitaldeescobar.com.ar\/#organization\",\"name\":\"Nuevo Digital de Escobar\",\"url\":\"https:\/\/nuevodigitaldeescobar.com.ar\/\",\"logo\":{\"@type\":\"ImageObject\",\"inLanguage\":\"es\",\"@id\":\"https:\/\/nuevodigitaldeescobar.com.ar\/#\/schema\/logo\/image\/\",\"url\":\"https:\/\/nuevodigitaldeescobar.com.ar\/wp-content\/uploads\/2025\/05\/cropped-logo-nuevo2.jpg\",\"contentUrl\":\"https:\/\/nuevodigitaldeescobar.com.ar\/wp-content\/uploads\/2025\/05\/cropped-logo-nuevo2.jpg\",\"width\":305,\"height\":305,\"caption\":\"Nuevo Digital de Escobar\"},\"image\":{\"@id\":\"https:\/\/nuevodigitaldeescobar.com.ar\/#\/schema\/logo\/image\/\"},\"sameAs\":[\"https:\/\/www.facebook.com\/NUEVODigitalDeEscobar\",\"https:\/\/x.com\/nuevodigescobar\",\"https:\/\/www.instagram.com\/nuevodigitaldeescobar\"]},{\"@type\":\"Person\",\"@id\":\"https:\/\/nuevodigitaldeescobar.com.ar\/#\/schema\/person\/035e90a8efe9a80e6eec22656ad6ea4c\",\"name\":\"Redacci\u00f3n\",\"image\":{\"@type\":\"ImageObject\",\"inLanguage\":\"es\",\"@id\":\"https:\/\/nuevodigitaldeescobar.com.ar\/#\/schema\/person\/image\/\",\"url\":\"https:\/\/secure.gravatar.com\/avatar\/8af8f40000c24e9eef3034f2be5998a372bb1389e64b1a4a36b3a7979142220d?s=96&d=mm&r=g\",\"contentUrl\":\"https:\/\/secure.gravatar.com\/avatar\/8af8f40000c24e9eef3034f2be5998a372bb1389e64b1a4a36b3a7979142220d?s=96&d=mm&r=g\",\"caption\":\"Redacci\u00f3n\"},\"sameAs\":[\"http:\/\/nuevodigitaldeescobar.com.ar\"],\"url\":\"https:\/\/nuevodigitaldeescobar.com.ar\/?author=1\"}]}<\/script>\n<!-- \/ Yoast SEO plugin. -->","yoast_head_json":{"title":"La inflaci\u00f3n de enero fue del 2,2%, la m\u00e1s baja desde 2020, pero la carne amenaza la tendencia - Nuevo Digital de Escobar","robots":{"index":"index","follow":"follow","max-snippet":"max-snippet:-1","max-image-preview":"max-image-preview:large","max-video-preview":"max-video-preview:-1"},"canonical":"https:\/\/nuevodigitaldeescobar.com.ar\/?p=12165","og_locale":"es_ES","og_type":"article","og_title":"La inflaci\u00f3n de enero fue del 2,2%, la m\u00e1s baja desde 2020, pero la carne amenaza la tendencia - Nuevo Digital de Escobar","og_description":"El \u00edndice de precios al consumidor registr\u00f3 una nueva desaceleraci\u00f3n, con un acumulado del 84,5% en los \u00faltimos 12 meses. Sin embargo, el aumento de [&hellip;]","og_url":"https:\/\/nuevodigitaldeescobar.com.ar\/?p=12165","og_site_name":"Nuevo Digital de Escobar","article_publisher":"https:\/\/www.facebook.com\/NUEVODigitalDeEscobar","article_published_time":"2025-02-14T10:20:00+00:00","og_image":[{"width":720,"height":540,"url":"https:\/\/nuevodigitaldeescobar.com.ar\/wp-content\/uploads\/2024\/10\/supermercado-inflacion-e1728978216971.jpg","type":"image\/jpeg"}],"author":"Redacci\u00f3n","twitter_card":"summary_large_image","twitter_creator":"@nuevodigescobar","twitter_site":"@nuevodigescobar","twitter_misc":{"Escrito por":"Redacci\u00f3n","Tiempo de lectura":"2 minutos"},"schema":{"@context":"https:\/\/schema.org","@graph":[{"@type":"Article","@id":"https:\/\/nuevodigitaldeescobar.com.ar\/?p=12165#article","isPartOf":{"@id":"https:\/\/nuevodigitaldeescobar.com.ar\/?p=12165"},"author":{"name":"Redacci\u00f3n","@id":"https:\/\/nuevodigitaldeescobar.com.ar\/#\/schema\/person\/035e90a8efe9a80e6eec22656ad6ea4c"},"headline":"La inflaci\u00f3n de enero fue del 2,2%, la m\u00e1s baja desde 2020, pero la carne amenaza la tendencia","datePublished":"2025-02-14T10:20:00+00:00","mainEntityOfPage":{"@id":"https:\/\/nuevodigitaldeescobar.com.ar\/?p=12165"},"wordCount":491,"commentCount":0,"publisher":{"@id":"https:\/\/nuevodigitaldeescobar.com.ar\/#organization"},"image":{"@id":"https:\/\/nuevodigitaldeescobar.com.ar\/?p=12165#primaryimage"},"thumbnailUrl":"https:\/\/nuevodigitaldeescobar.com.ar\/wp-content\/uploads\/2024\/10\/supermercado-inflacion-e1728978216971.jpg","articleSection":["Econom\u00eda"],"inLanguage":"es","potentialAction":[{"@type":"CommentAction","name":"Comment","target":["https:\/\/nuevodigitaldeescobar.com.ar\/?p=12165#respond"]}]},{"@type":"WebPage","@id":"https:\/\/nuevodigitaldeescobar.com.ar\/?p=12165","url":"https:\/\/nuevodigitaldeescobar.com.ar\/?p=12165","name":"La inflaci\u00f3n de enero fue del 2,2%, la m\u00e1s baja desde 2020, pero la carne amenaza la tendencia - Nuevo Digital de Escobar","isPartOf":{"@id":"https:\/\/nuevodigitaldeescobar.com.ar\/#website"},"primaryImageOfPage":{"@id":"https:\/\/nuevodigitaldeescobar.com.ar\/?p=12165#primaryimage"},"image":{"@id":"https:\/\/nuevodigitaldeescobar.com.ar\/?p=12165#primaryimage"},"thumbnailUrl":"https:\/\/nuevodigitaldeescobar.com.ar\/wp-content\/uploads\/2024\/10\/supermercado-inflacion-e1728978216971.jpg","datePublished":"2025-02-14T10:20:00+00:00","breadcrumb":{"@id":"https:\/\/nuevodigitaldeescobar.com.ar\/?p=12165#breadcrumb"},"inLanguage":"es","potentialAction":[{"@type":"ReadAction","target":["https:\/\/nuevodigitaldeescobar.com.ar\/?p=12165"]}]},{"@type":"ImageObject","inLanguage":"es","@id":"https:\/\/nuevodigitaldeescobar.com.ar\/?p=12165#primaryimage","url":"https:\/\/nuevodigitaldeescobar.com.ar\/wp-content\/uploads\/2024\/10\/supermercado-inflacion-e1728978216971.jpg","contentUrl":"https:\/\/nuevodigitaldeescobar.com.ar\/wp-content\/uploads\/2024\/10\/supermercado-inflacion-e1728978216971.jpg","width":720,"height":540},{"@type":"BreadcrumbList","@id":"https:\/\/nuevodigitaldeescobar.com.ar\/?p=12165#breadcrumb","itemListElement":[{"@type":"ListItem","position":1,"name":"Portada","item":"https:\/\/nuevodigitaldeescobar.com.ar\/"},{"@type":"ListItem","position":2,"name":"La inflaci\u00f3n de enero fue del 2,2%, la m\u00e1s baja desde 2020, pero la carne amenaza la tendencia"}]},{"@type":"WebSite","@id":"https:\/\/nuevodigitaldeescobar.com.ar\/#website","url":"https:\/\/nuevodigitaldeescobar.com.ar\/","name":"Nuevo Digital de Escobar","description":"La vida escobarense. Directora: Rosana Brunner","publisher":{"@id":"https:\/\/nuevodigitaldeescobar.com.ar\/#organization"},"potentialAction":[{"@type":"SearchAction","target":{"@type":"EntryPoint","urlTemplate":"https:\/\/nuevodigitaldeescobar.com.ar\/?s={search_term_string}"},"query-input":{"@type":"PropertyValueSpecification","valueRequired":true,"valueName":"search_term_string"}}],"inLanguage":"es"},{"@type":"Organization","@id":"https:\/\/nuevodigitaldeescobar.com.ar\/#organization","name":"Nuevo Digital de Escobar","url":"https:\/\/nuevodigitaldeescobar.com.ar\/","logo":{"@type":"ImageObject","inLanguage":"es","@id":"https:\/\/nuevodigitaldeescobar.com.ar\/#\/schema\/logo\/image\/","url":"https:\/\/nuevodigitaldeescobar.com.ar\/wp-content\/uploads\/2025\/05\/cropped-logo-nuevo2.jpg","contentUrl":"https:\/\/nuevodigitaldeescobar.com.ar\/wp-content\/uploads\/2025\/05\/cropped-logo-nuevo2.jpg","width":305,"height":305,"caption":"Nuevo Digital de Escobar"},"image":{"@id":"https:\/\/nuevodigitaldeescobar.com.ar\/#\/schema\/logo\/image\/"},"sameAs":["https:\/\/www.facebook.com\/NUEVODigitalDeEscobar","https:\/\/x.com\/nuevodigescobar","https:\/\/www.instagram.com\/nuevodigitaldeescobar"]},{"@type":"Person","@id":"https:\/\/nuevodigitaldeescobar.com.ar\/#\/schema\/person\/035e90a8efe9a80e6eec22656ad6ea4c","name":"Redacci\u00f3n","image":{"@type":"ImageObject","inLanguage":"es","@id":"https:\/\/nuevodigitaldeescobar.com.ar\/#\/schema\/person\/image\/","url":"https:\/\/secure.gravatar.com\/avatar\/8af8f40000c24e9eef3034f2be5998a372bb1389e64b1a4a36b3a7979142220d?s=96&d=mm&r=g","contentUrl":"https:\/\/secure.gravatar.com\/avatar\/8af8f40000c24e9eef3034f2be5998a372bb1389e64b1a4a36b3a7979142220d?s=96&d=mm&r=g","caption":"Redacci\u00f3n"},"sameAs":["http:\/\/nuevodigitaldeescobar.com.ar"],"url":"https:\/\/nuevodigitaldeescobar.com.ar\/?author=1"}]}},"featured_image_urls":{"full":["https:\/\/nuevodigitaldeescobar.com.ar\/wp-content\/uploads\/2024\/10\/supermercado-inflacion-e1728978216971.jpg",720,540,false],"thumbnail":["https:\/\/nuevodigitaldeescobar.com.ar\/wp-content\/uploads\/2024\/10\/supermercado-inflacion-150x150.jpg",150,150,true],"medium":["https:\/\/nuevodigitaldeescobar.com.ar\/wp-content\/uploads\/2024\/10\/supermercado-inflacion-300x225.jpg",300,225,true],"medium_large":["https:\/\/nuevodigitaldeescobar.com.ar\/wp-content\/uploads\/2024\/10\/supermercado-inflacion-768x576.jpg",640,480,true],"large":["https:\/\/nuevodigitaldeescobar.com.ar\/wp-content\/uploads\/2024\/10\/supermercado-inflacion-e1728978216971.jpg",640,480,false],"1536x1536":["https:\/\/nuevodigitaldeescobar.com.ar\/wp-content\/uploads\/2024\/10\/supermercado-inflacion-e1728978216971.jpg",720,540,false],"2048x2048":["https:\/\/nuevodigitaldeescobar.com.ar\/wp-content\/uploads\/2024\/10\/supermercado-inflacion-e1728978216971.jpg",720,540,false]},"author_info":{"display_name":"Redacci\u00f3n","author_link":"https:\/\/nuevodigitaldeescobar.com.ar\/?author=1"},"category_info":"<a href=\"https:\/\/nuevodigitaldeescobar.com.ar\/?cat=10\" rel=\"category\">Econom\u00eda<\/a>","tag_info":"Econom\u00eda","comment_count":"0","_links":{"self":[{"href":"https:\/\/nuevodigitaldeescobar.com.ar\/index.php?rest_route=\/wp\/v2\/posts\/12165","targetHints":{"allow":["GET"]}}],"collection":[{"href":"https:\/\/nuevodigitaldeescobar.com.ar\/index.php?rest_route=\/wp\/v2\/posts"}],"about":[{"href":"https:\/\/nuevodigitaldeescobar.com.ar\/index.php?rest_route=\/wp\/v2\/types\/post"}],"author":[{"embeddable":true,"href":"https:\/\/nuevodigitaldeescobar.com.ar\/index.php?rest_route=\/wp\/v2\/users\/1"}],"replies":[{"embeddable":true,"href":"https:\/\/nuevodigitaldeescobar.com.ar\/index.php?rest_route=%2Fwp%2Fv2%2Fcomments&post=12165"}],"version-history":[{"count":1,"href":"https:\/\/nuevodigitaldeescobar.com.ar\/index.php?rest_route=\/wp\/v2\/posts\/12165\/revisions"}],"predecessor-version":[{"id":12166,"href":"https:\/\/nuevodigitaldeescobar.com.ar\/index.php?rest_route=\/wp\/v2\/posts\/12165\/revisions\/12166"}],"wp:featuredmedia":[{"embeddable":true,"href":"https:\/\/nuevodigitaldeescobar.com.ar\/index.php?rest_route=\/wp\/v2\/media\/8675"}],"wp:attachment":[{"href":"https:\/\/nuevodigitaldeescobar.com.ar\/index.php?rest_route=%2Fwp%2Fv2%2Fmedia&parent=12165"}],"wp:term":[{"taxonomy":"category","embeddable":true,"href":"https:\/\/nuevodigitaldeescobar.com.ar\/index.php?rest_route=%2Fwp%2Fv2%2Fcategories&post=12165"},{"taxonomy":"post_tag","embeddable":true,"href":"https:\/\/nuevodigitaldeescobar.com.ar\/index.php?rest_route=%2Fwp%2Fv2%2Ftags&post=12165"}],"curies":[{"name":"wp","href":"https:\/\/api.w.org\/{rel}","templated":true}]}}