{"id":1221,"date":"2023-11-26T08:52:15","date_gmt":"2023-11-26T11:52:15","guid":{"rendered":"https:\/\/nuevodigitaldeescobar.com.ar\/?p=1221"},"modified":"2023-11-26T08:52:26","modified_gmt":"2023-11-26T11:52:26","slug":"ypf-volvio-a-aumentar-las-naftas-hasta-12","status":"publish","type":"post","link":"https:\/\/nuevodigitaldeescobar.com.ar\/?p=1221","title":{"rendered":"YPF volvi\u00f3 a aumentar las naftas hasta 12%"},"content":{"rendered":"<p><span style=\"color: #003366;\"><strong><em>Durante el gobierno de Alberto Fern\u00e1ndez y Cristina Kirchner, los precios de los combustibles subieron hasta 725%.<\/em><\/strong><\/span><\/p>\n<p><!--more--><\/p>\n<p>YPF, la petrolera de mayor\u00eda estatal, aument\u00f3 hoy los precios de los combustibles entre 10% y 12%, en medio de la transici\u00f3n pol\u00edtica que atraviesa la Argentina, y ya acumula alzas de hasta 124% en un a\u00f1o.<\/p>\n<p>La nafta premium ya cuesta casi 400 pesos el litro y durante el gobierno de Alberto Fern\u00e1ndez y Cristina Kirchner, los combustibles de YPF subieron hasta un m\u00e1ximo de 725%, en el caso del gasoil o diesel premium.<\/p>\n<p>Los incrementos por ahora no fueron comunicados por la petrolera, pero las estaciones de servicio empezaron a recibir los nuevos precios anoche mismo, en expendedores de zonas como Palermo, Belgrano, Almagro y Caballito.<\/p>\n<p>Ahora se espera que las dem\u00e1s petroleras acompa\u00f1en la suba decidida por la compa\u00f1\u00eda que detenta el 60% del mercado de combustibles.<\/p>\n<h3><span style=\"color: #003366;\"><strong>C\u00f3mo quedan los precios<\/strong><\/span><\/h3>\n<p>A partir de este s\u00e1bado, el precio de la nafta s\u00faper en las estaciones de servicio es de $310,08 el litro; y el de Infinia, la nafta <em>\u00abPremium\u00bb<\/em>, $397,86.<\/p>\n<p>En tanto, el litro del di\u00e9sel o gas oil com\u00fan (D500) es de $332,98 y el de la variedad Premium (Infinia Diesel) $453,72 el litro.<\/p>\n<p>Seg\u00fan la informaci\u00f3n que reporta la Confederaci\u00f3n de Entidades de Comercio de Hidrocarburos y Afines (Cecha), el aumento previo de los combustibles hab\u00eda sido a principios de noviembre, tras la crisis de escasez de combustibles registrada en estaciones de servicio de todo el pa\u00eds.<\/p>\n<p>Entonces, la nafta s\u00faper hab\u00eda subido a $272 el litro, un 9,7% por sobre el precio previo de $248 al que hab\u00eda llegado en octubre. La nafta premium tambi\u00e9n aument\u00f3 esa vez a $349, el mismo porcentaje. El gasoil com\u00fan a $292 y el premium a $398 el litro.<\/p>\n<p>En noviembre del a\u00f1o pasado, la nafta com\u00fan costaba $145,10 el litro, lo que significa que el precio a partir de hoy es 113,7% superior. En el mismo arco de tiempo la nafta premium pas\u00f3 de $177,7 a $397,86 (123,9%), el gasoil com\u00fan de $155,9 a $332,98 (113,6%) y el gasoil premium de $212,4 a $453,72 el litro (113,6%).<\/p>\n<p>En noviembre de 2019, momento previo a la asunci\u00f3n del actual gobierno, los precios eran de $50,19 la nafta com\u00fan, $57,94 la premiun, $46,99 el gasoil com\u00fan y $54,99 el gasoil premium, lo que implica que desde entonces los incrementos oscilaron entre 435% en el caso de la nafta com\u00fan, hasta un m\u00e1ximo de 725% en el caso del gasoil o diesel premium.<\/p>\n<p>Si bien se trata de aumentos muy altos, son muy inferiores a la inflaci\u00f3n de los \u00faltimos cuatro a\u00f1os, teniendo en cuenta que seg\u00fan el \u00cdndice de Precios al Consumidor (IPC) que publica el Indec.<\/p>\n<p>En los primeros 47 meses de gesti\u00f3n del actual gobierno la inflaci\u00f3n acumulada fue del 814%.<\/p>\n<p>Asumiendo 10% de inflaci\u00f3n en noviembre, Alberto Fern\u00e1ndez y Cristina Kirchner cerrar\u00e1n la gesti\u00f3n con un alza general de precios del 904 por ciento.<\/p>\n<p>Los datos de noviembre igual muestran una notable aceleraci\u00f3n. Si la inflaci\u00f3n de este mes se acerca al 20%, el alza acumulada de 48 meses de gobierno kirchnerista superar\u00e1 el 1.000 por ciento.<\/p>\n<p><em>(NA)<\/em><\/p>\n","protected":false},"excerpt":{"rendered":"<p>Durante el gobierno de Alberto Fern\u00e1ndez y Cristina Kirchner, los precios de los combustibles subieron hasta 725%.<\/p>\n","protected":false},"author":1,"featured_media":1222,"comment_status":"open","ping_status":"closed","sticky":false,"template":"","format":"standard","meta":{"footnotes":""},"categories":[10],"tags":[],"class_list":["post-1221","post","type-post","status-publish","format-standard","has-post-thumbnail","hentry","category-economia"],"better_featured_image":{"id":1222,"alt_text":"","caption":"","description":"","media_type":"image","media_details":{"width":720,"height":428,"file":"2023\/11\/nafta-ypf-e1700999527592.jpg","filesize":66996,"sizes":{"medium":{"file":"nafta-ypf-300x178.jpg","width":300,"height":178,"mime-type":"image\/jpeg","filesize":13051,"source_url":"https:\/\/nuevodigitaldeescobar.com.ar\/wp-content\/uploads\/2023\/11\/nafta-ypf-300x178.jpg"},"thumbnail":{"file":"nafta-ypf-150x150.jpg","width":150,"height":150,"mime-type":"image\/jpeg","filesize":6233,"source_url":"https:\/\/nuevodigitaldeescobar.com.ar\/wp-content\/uploads\/2023\/11\/nafta-ypf-150x150.jpg"},"covernews-medium":{"file":"nafta-ypf-540x340.jpg","width":540,"height":340,"mime-type":"image\/jpeg","filesize":31316,"source_url":"https:\/\/nuevodigitaldeescobar.com.ar\/wp-content\/uploads\/2023\/11\/nafta-ypf-540x340.jpg"},"covernews-medium-square":{"file":"nafta-ypf-400x250.jpg","width":400,"height":250,"mime-type":"image\/jpeg","filesize":20306,"source_url":"https:\/\/nuevodigitaldeescobar.com.ar\/wp-content\/uploads\/2023\/11\/nafta-ypf-400x250.jpg"}},"image_meta":{"aperture":"0","credit":"","camera":"","caption":"","created_timestamp":"0","copyright":"","focal_length":"0","iso":"0","shutter_speed":"0","title":"","orientation":"0","keywords":[]}},"post":1221,"source_url":"https:\/\/nuevodigitaldeescobar.com.ar\/wp-content\/uploads\/2023\/11\/nafta-ypf-e1700999527592.jpg"},"yoast_head":"<!-- This site is optimized with the Yoast SEO plugin v26.1.1 - https:\/\/yoast.com\/wordpress\/plugins\/seo\/ -->\n<title>YPF volvi\u00f3 a aumentar las naftas hasta 12% - Nuevo Digital de Escobar<\/title>\n<meta name=\"robots\" content=\"index, follow, max-snippet:-1, max-image-preview:large, max-video-preview:-1\" \/>\n<link rel=\"canonical\" href=\"https:\/\/nuevodigitaldeescobar.com.ar\/?p=1221\" \/>\n<meta property=\"og:locale\" content=\"es_ES\" \/>\n<meta property=\"og:type\" content=\"article\" \/>\n<meta property=\"og:title\" content=\"YPF volvi\u00f3 a aumentar las naftas hasta 12% - Nuevo Digital de Escobar\" \/>\n<meta property=\"og:description\" content=\"Durante el gobierno de Alberto Fern\u00e1ndez y Cristina Kirchner, los precios de los combustibles subieron hasta 725%.\" \/>\n<meta property=\"og:url\" content=\"https:\/\/nuevodigitaldeescobar.com.ar\/?p=1221\" \/>\n<meta property=\"og:site_name\" content=\"Nuevo Digital de Escobar\" \/>\n<meta property=\"article:publisher\" content=\"https:\/\/www.facebook.com\/NUEVODigitalDeEscobar\" \/>\n<meta property=\"article:published_time\" content=\"2023-11-26T11:52:15+00:00\" \/>\n<meta property=\"article:modified_time\" content=\"2023-11-26T11:52:26+00:00\" \/>\n<meta property=\"og:image\" content=\"https:\/\/nuevodigitaldeescobar.com.ar\/wp-content\/uploads\/2023\/11\/nafta-ypf-e1700999527592.jpg\" \/>\n\t<meta property=\"og:image:width\" content=\"720\" \/>\n\t<meta property=\"og:image:height\" content=\"428\" \/>\n\t<meta property=\"og:image:type\" content=\"image\/jpeg\" \/>\n<meta name=\"author\" content=\"Redacci\u00f3n\" \/>\n<meta name=\"twitter:card\" content=\"summary_large_image\" \/>\n<meta name=\"twitter:creator\" content=\"@nuevodigescobar\" \/>\n<meta name=\"twitter:site\" content=\"@nuevodigescobar\" \/>\n<meta name=\"twitter:label1\" content=\"Escrito por\" \/>\n\t<meta name=\"twitter:data1\" content=\"Redacci\u00f3n\" \/>\n\t<meta name=\"twitter:label2\" content=\"Tiempo de lectura\" \/>\n\t<meta name=\"twitter:data2\" content=\"3 minutos\" \/>\n<script type=\"application\/ld+json\" class=\"yoast-schema-graph\">{\"@context\":\"https:\/\/schema.org\",\"@graph\":[{\"@type\":\"Article\",\"@id\":\"https:\/\/nuevodigitaldeescobar.com.ar\/?p=1221#article\",\"isPartOf\":{\"@id\":\"https:\/\/nuevodigitaldeescobar.com.ar\/?p=1221\"},\"author\":{\"name\":\"Redacci\u00f3n\",\"@id\":\"https:\/\/nuevodigitaldeescobar.com.ar\/#\/schema\/person\/035e90a8efe9a80e6eec22656ad6ea4c\"},\"headline\":\"YPF volvi\u00f3 a aumentar las naftas hasta 12%\",\"datePublished\":\"2023-11-26T11:52:15+00:00\",\"dateModified\":\"2023-11-26T11:52:26+00:00\",\"mainEntityOfPage\":{\"@id\":\"https:\/\/nuevodigitaldeescobar.com.ar\/?p=1221\"},\"wordCount\":538,\"commentCount\":0,\"publisher\":{\"@id\":\"https:\/\/nuevodigitaldeescobar.com.ar\/#organization\"},\"image\":{\"@id\":\"https:\/\/nuevodigitaldeescobar.com.ar\/?p=1221#primaryimage\"},\"thumbnailUrl\":\"https:\/\/nuevodigitaldeescobar.com.ar\/wp-content\/uploads\/2023\/11\/nafta-ypf-e1700999527592.jpg\",\"articleSection\":[\"Econom\u00eda\"],\"inLanguage\":\"es\",\"potentialAction\":[{\"@type\":\"CommentAction\",\"name\":\"Comment\",\"target\":[\"https:\/\/nuevodigitaldeescobar.com.ar\/?p=1221#respond\"]}]},{\"@type\":\"WebPage\",\"@id\":\"https:\/\/nuevodigitaldeescobar.com.ar\/?p=1221\",\"url\":\"https:\/\/nuevodigitaldeescobar.com.ar\/?p=1221\",\"name\":\"YPF volvi\u00f3 a aumentar las naftas hasta 12% - Nuevo Digital de Escobar\",\"isPartOf\":{\"@id\":\"https:\/\/nuevodigitaldeescobar.com.ar\/#website\"},\"primaryImageOfPage\":{\"@id\":\"https:\/\/nuevodigitaldeescobar.com.ar\/?p=1221#primaryimage\"},\"image\":{\"@id\":\"https:\/\/nuevodigitaldeescobar.com.ar\/?p=1221#primaryimage\"},\"thumbnailUrl\":\"https:\/\/nuevodigitaldeescobar.com.ar\/wp-content\/uploads\/2023\/11\/nafta-ypf-e1700999527592.jpg\",\"datePublished\":\"2023-11-26T11:52:15+00:00\",\"dateModified\":\"2023-11-26T11:52:26+00:00\",\"breadcrumb\":{\"@id\":\"https:\/\/nuevodigitaldeescobar.com.ar\/?p=1221#breadcrumb\"},\"inLanguage\":\"es\",\"potentialAction\":[{\"@type\":\"ReadAction\",\"target\":[\"https:\/\/nuevodigitaldeescobar.com.ar\/?p=1221\"]}]},{\"@type\":\"ImageObject\",\"inLanguage\":\"es\",\"@id\":\"https:\/\/nuevodigitaldeescobar.com.ar\/?p=1221#primaryimage\",\"url\":\"https:\/\/nuevodigitaldeescobar.com.ar\/wp-content\/uploads\/2023\/11\/nafta-ypf-e1700999527592.jpg\",\"contentUrl\":\"https:\/\/nuevodigitaldeescobar.com.ar\/wp-content\/uploads\/2023\/11\/nafta-ypf-e1700999527592.jpg\",\"width\":720,\"height\":428},{\"@type\":\"BreadcrumbList\",\"@id\":\"https:\/\/nuevodigitaldeescobar.com.ar\/?p=1221#breadcrumb\",\"itemListElement\":[{\"@type\":\"ListItem\",\"position\":1,\"name\":\"Portada\",\"item\":\"https:\/\/nuevodigitaldeescobar.com.ar\/\"},{\"@type\":\"ListItem\",\"position\":2,\"name\":\"YPF volvi\u00f3 a aumentar las naftas hasta 12%\"}]},{\"@type\":\"WebSite\",\"@id\":\"https:\/\/nuevodigitaldeescobar.com.ar\/#website\",\"url\":\"https:\/\/nuevodigitaldeescobar.com.ar\/\",\"name\":\"Nuevo Digital de Escobar\",\"description\":\"La vida escobarense. Directora: Rosana Brunner\",\"publisher\":{\"@id\":\"https:\/\/nuevodigitaldeescobar.com.ar\/#organization\"},\"potentialAction\":[{\"@type\":\"SearchAction\",\"target\":{\"@type\":\"EntryPoint\",\"urlTemplate\":\"https:\/\/nuevodigitaldeescobar.com.ar\/?s={search_term_string}\"},\"query-input\":{\"@type\":\"PropertyValueSpecification\",\"valueRequired\":true,\"valueName\":\"search_term_string\"}}],\"inLanguage\":\"es\"},{\"@type\":\"Organization\",\"@id\":\"https:\/\/nuevodigitaldeescobar.com.ar\/#organization\",\"name\":\"Nuevo Digital de Escobar\",\"url\":\"https:\/\/nuevodigitaldeescobar.com.ar\/\",\"logo\":{\"@type\":\"ImageObject\",\"inLanguage\":\"es\",\"@id\":\"https:\/\/nuevodigitaldeescobar.com.ar\/#\/schema\/logo\/image\/\",\"url\":\"https:\/\/nuevodigitaldeescobar.com.ar\/wp-content\/uploads\/2025\/05\/cropped-logo-nuevo2.jpg\",\"contentUrl\":\"https:\/\/nuevodigitaldeescobar.com.ar\/wp-content\/uploads\/2025\/05\/cropped-logo-nuevo2.jpg\",\"width\":305,\"height\":305,\"caption\":\"Nuevo Digital de Escobar\"},\"image\":{\"@id\":\"https:\/\/nuevodigitaldeescobar.com.ar\/#\/schema\/logo\/image\/\"},\"sameAs\":[\"https:\/\/www.facebook.com\/NUEVODigitalDeEscobar\",\"https:\/\/x.com\/nuevodigescobar\",\"https:\/\/www.instagram.com\/nuevodigitaldeescobar\"]},{\"@type\":\"Person\",\"@id\":\"https:\/\/nuevodigitaldeescobar.com.ar\/#\/schema\/person\/035e90a8efe9a80e6eec22656ad6ea4c\",\"name\":\"Redacci\u00f3n\",\"image\":{\"@type\":\"ImageObject\",\"inLanguage\":\"es\",\"@id\":\"https:\/\/nuevodigitaldeescobar.com.ar\/#\/schema\/person\/image\/\",\"url\":\"https:\/\/secure.gravatar.com\/avatar\/8af8f40000c24e9eef3034f2be5998a372bb1389e64b1a4a36b3a7979142220d?s=96&d=mm&r=g\",\"contentUrl\":\"https:\/\/secure.gravatar.com\/avatar\/8af8f40000c24e9eef3034f2be5998a372bb1389e64b1a4a36b3a7979142220d?s=96&d=mm&r=g\",\"caption\":\"Redacci\u00f3n\"},\"sameAs\":[\"http:\/\/nuevodigitaldeescobar.com.ar\"],\"url\":\"https:\/\/nuevodigitaldeescobar.com.ar\/?author=1\"}]}<\/script>\n<!-- \/ Yoast SEO plugin. -->","yoast_head_json":{"title":"YPF volvi\u00f3 a aumentar las naftas hasta 12% - Nuevo Digital de Escobar","robots":{"index":"index","follow":"follow","max-snippet":"max-snippet:-1","max-image-preview":"max-image-preview:large","max-video-preview":"max-video-preview:-1"},"canonical":"https:\/\/nuevodigitaldeescobar.com.ar\/?p=1221","og_locale":"es_ES","og_type":"article","og_title":"YPF volvi\u00f3 a aumentar las naftas hasta 12% - Nuevo Digital de Escobar","og_description":"Durante el gobierno de Alberto Fern\u00e1ndez y Cristina Kirchner, los precios de los combustibles subieron hasta 725%.","og_url":"https:\/\/nuevodigitaldeescobar.com.ar\/?p=1221","og_site_name":"Nuevo Digital de Escobar","article_publisher":"https:\/\/www.facebook.com\/NUEVODigitalDeEscobar","article_published_time":"2023-11-26T11:52:15+00:00","article_modified_time":"2023-11-26T11:52:26+00:00","og_image":[{"width":720,"height":428,"url":"https:\/\/nuevodigitaldeescobar.com.ar\/wp-content\/uploads\/2023\/11\/nafta-ypf-e1700999527592.jpg","type":"image\/jpeg"}],"author":"Redacci\u00f3n","twitter_card":"summary_large_image","twitter_creator":"@nuevodigescobar","twitter_site":"@nuevodigescobar","twitter_misc":{"Escrito por":"Redacci\u00f3n","Tiempo de lectura":"3 minutos"},"schema":{"@context":"https:\/\/schema.org","@graph":[{"@type":"Article","@id":"https:\/\/nuevodigitaldeescobar.com.ar\/?p=1221#article","isPartOf":{"@id":"https:\/\/nuevodigitaldeescobar.com.ar\/?p=1221"},"author":{"name":"Redacci\u00f3n","@id":"https:\/\/nuevodigitaldeescobar.com.ar\/#\/schema\/person\/035e90a8efe9a80e6eec22656ad6ea4c"},"headline":"YPF volvi\u00f3 a aumentar las naftas hasta 12%","datePublished":"2023-11-26T11:52:15+00:00","dateModified":"2023-11-26T11:52:26+00:00","mainEntityOfPage":{"@id":"https:\/\/nuevodigitaldeescobar.com.ar\/?p=1221"},"wordCount":538,"commentCount":0,"publisher":{"@id":"https:\/\/nuevodigitaldeescobar.com.ar\/#organization"},"image":{"@id":"https:\/\/nuevodigitaldeescobar.com.ar\/?p=1221#primaryimage"},"thumbnailUrl":"https:\/\/nuevodigitaldeescobar.com.ar\/wp-content\/uploads\/2023\/11\/nafta-ypf-e1700999527592.jpg","articleSection":["Econom\u00eda"],"inLanguage":"es","potentialAction":[{"@type":"CommentAction","name":"Comment","target":["https:\/\/nuevodigitaldeescobar.com.ar\/?p=1221#respond"]}]},{"@type":"WebPage","@id":"https:\/\/nuevodigitaldeescobar.com.ar\/?p=1221","url":"https:\/\/nuevodigitaldeescobar.com.ar\/?p=1221","name":"YPF volvi\u00f3 a aumentar las naftas hasta 12% - Nuevo Digital de Escobar","isPartOf":{"@id":"https:\/\/nuevodigitaldeescobar.com.ar\/#website"},"primaryImageOfPage":{"@id":"https:\/\/nuevodigitaldeescobar.com.ar\/?p=1221#primaryimage"},"image":{"@id":"https:\/\/nuevodigitaldeescobar.com.ar\/?p=1221#primaryimage"},"thumbnailUrl":"https:\/\/nuevodigitaldeescobar.com.ar\/wp-content\/uploads\/2023\/11\/nafta-ypf-e1700999527592.jpg","datePublished":"2023-11-26T11:52:15+00:00","dateModified":"2023-11-26T11:52:26+00:00","breadcrumb":{"@id":"https:\/\/nuevodigitaldeescobar.com.ar\/?p=1221#breadcrumb"},"inLanguage":"es","potentialAction":[{"@type":"ReadAction","target":["https:\/\/nuevodigitaldeescobar.com.ar\/?p=1221"]}]},{"@type":"ImageObject","inLanguage":"es","@id":"https:\/\/nuevodigitaldeescobar.com.ar\/?p=1221#primaryimage","url":"https:\/\/nuevodigitaldeescobar.com.ar\/wp-content\/uploads\/2023\/11\/nafta-ypf-e1700999527592.jpg","contentUrl":"https:\/\/nuevodigitaldeescobar.com.ar\/wp-content\/uploads\/2023\/11\/nafta-ypf-e1700999527592.jpg","width":720,"height":428},{"@type":"BreadcrumbList","@id":"https:\/\/nuevodigitaldeescobar.com.ar\/?p=1221#breadcrumb","itemListElement":[{"@type":"ListItem","position":1,"name":"Portada","item":"https:\/\/nuevodigitaldeescobar.com.ar\/"},{"@type":"ListItem","position":2,"name":"YPF volvi\u00f3 a aumentar las naftas hasta 12%"}]},{"@type":"WebSite","@id":"https:\/\/nuevodigitaldeescobar.com.ar\/#website","url":"https:\/\/nuevodigitaldeescobar.com.ar\/","name":"Nuevo Digital de Escobar","description":"La vida escobarense. Directora: Rosana Brunner","publisher":{"@id":"https:\/\/nuevodigitaldeescobar.com.ar\/#organization"},"potentialAction":[{"@type":"SearchAction","target":{"@type":"EntryPoint","urlTemplate":"https:\/\/nuevodigitaldeescobar.com.ar\/?s={search_term_string}"},"query-input":{"@type":"PropertyValueSpecification","valueRequired":true,"valueName":"search_term_string"}}],"inLanguage":"es"},{"@type":"Organization","@id":"https:\/\/nuevodigitaldeescobar.com.ar\/#organization","name":"Nuevo Digital de Escobar","url":"https:\/\/nuevodigitaldeescobar.com.ar\/","logo":{"@type":"ImageObject","inLanguage":"es","@id":"https:\/\/nuevodigitaldeescobar.com.ar\/#\/schema\/logo\/image\/","url":"https:\/\/nuevodigitaldeescobar.com.ar\/wp-content\/uploads\/2025\/05\/cropped-logo-nuevo2.jpg","contentUrl":"https:\/\/nuevodigitaldeescobar.com.ar\/wp-content\/uploads\/2025\/05\/cropped-logo-nuevo2.jpg","width":305,"height":305,"caption":"Nuevo Digital de Escobar"},"image":{"@id":"https:\/\/nuevodigitaldeescobar.com.ar\/#\/schema\/logo\/image\/"},"sameAs":["https:\/\/www.facebook.com\/NUEVODigitalDeEscobar","https:\/\/x.com\/nuevodigescobar","https:\/\/www.instagram.com\/nuevodigitaldeescobar"]},{"@type":"Person","@id":"https:\/\/nuevodigitaldeescobar.com.ar\/#\/schema\/person\/035e90a8efe9a80e6eec22656ad6ea4c","name":"Redacci\u00f3n","image":{"@type":"ImageObject","inLanguage":"es","@id":"https:\/\/nuevodigitaldeescobar.com.ar\/#\/schema\/person\/image\/","url":"https:\/\/secure.gravatar.com\/avatar\/8af8f40000c24e9eef3034f2be5998a372bb1389e64b1a4a36b3a7979142220d?s=96&d=mm&r=g","contentUrl":"https:\/\/secure.gravatar.com\/avatar\/8af8f40000c24e9eef3034f2be5998a372bb1389e64b1a4a36b3a7979142220d?s=96&d=mm&r=g","caption":"Redacci\u00f3n"},"sameAs":["http:\/\/nuevodigitaldeescobar.com.ar"],"url":"https:\/\/nuevodigitaldeescobar.com.ar\/?author=1"}]}},"featured_image_urls":{"full":["https:\/\/nuevodigitaldeescobar.com.ar\/wp-content\/uploads\/2023\/11\/nafta-ypf-e1700999527592.jpg",720,428,false],"thumbnail":["https:\/\/nuevodigitaldeescobar.com.ar\/wp-content\/uploads\/2023\/11\/nafta-ypf-150x150.jpg",150,150,true],"medium":["https:\/\/nuevodigitaldeescobar.com.ar\/wp-content\/uploads\/2023\/11\/nafta-ypf-300x178.jpg",300,178,true],"medium_large":["https:\/\/nuevodigitaldeescobar.com.ar\/wp-content\/uploads\/2023\/11\/nafta-ypf-e1700999527592.jpg",640,380,false],"large":["https:\/\/nuevodigitaldeescobar.com.ar\/wp-content\/uploads\/2023\/11\/nafta-ypf-e1700999527592.jpg",640,380,false],"1536x1536":["https:\/\/nuevodigitaldeescobar.com.ar\/wp-content\/uploads\/2023\/11\/nafta-ypf-e1700999527592.jpg",720,428,false],"2048x2048":["https:\/\/nuevodigitaldeescobar.com.ar\/wp-content\/uploads\/2023\/11\/nafta-ypf-e1700999527592.jpg",720,428,false]},"author_info":{"display_name":"Redacci\u00f3n","author_link":"https:\/\/nuevodigitaldeescobar.com.ar\/?author=1"},"category_info":"<a href=\"https:\/\/nuevodigitaldeescobar.com.ar\/?cat=10\" rel=\"category\">Econom\u00eda<\/a>","tag_info":"Econom\u00eda","comment_count":"0","_links":{"self":[{"href":"https:\/\/nuevodigitaldeescobar.com.ar\/index.php?rest_route=\/wp\/v2\/posts\/1221","targetHints":{"allow":["GET"]}}],"collection":[{"href":"https:\/\/nuevodigitaldeescobar.com.ar\/index.php?rest_route=\/wp\/v2\/posts"}],"about":[{"href":"https:\/\/nuevodigitaldeescobar.com.ar\/index.php?rest_route=\/wp\/v2\/types\/post"}],"author":[{"embeddable":true,"href":"https:\/\/nuevodigitaldeescobar.com.ar\/index.php?rest_route=\/wp\/v2\/users\/1"}],"replies":[{"embeddable":true,"href":"https:\/\/nuevodigitaldeescobar.com.ar\/index.php?rest_route=%2Fwp%2Fv2%2Fcomments&post=1221"}],"version-history":[{"count":1,"href":"https:\/\/nuevodigitaldeescobar.com.ar\/index.php?rest_route=\/wp\/v2\/posts\/1221\/revisions"}],"predecessor-version":[{"id":1223,"href":"https:\/\/nuevodigitaldeescobar.com.ar\/index.php?rest_route=\/wp\/v2\/posts\/1221\/revisions\/1223"}],"wp:featuredmedia":[{"embeddable":true,"href":"https:\/\/nuevodigitaldeescobar.com.ar\/index.php?rest_route=\/wp\/v2\/media\/1222"}],"wp:attachment":[{"href":"https:\/\/nuevodigitaldeescobar.com.ar\/index.php?rest_route=%2Fwp%2Fv2%2Fmedia&parent=1221"}],"wp:term":[{"taxonomy":"category","embeddable":true,"href":"https:\/\/nuevodigitaldeescobar.com.ar\/index.php?rest_route=%2Fwp%2Fv2%2Fcategories&post=1221"},{"taxonomy":"post_tag","embeddable":true,"href":"https:\/\/nuevodigitaldeescobar.com.ar\/index.php?rest_route=%2Fwp%2Fv2%2Ftags&post=1221"}],"curies":[{"name":"wp","href":"https:\/\/api.w.org\/{rel}","templated":true}]}}