{"id":12336,"date":"2025-02-22T04:16:49","date_gmt":"2025-02-22T07:16:49","guid":{"rendered":"https:\/\/nuevodigitaldeescobar.com.ar\/?p=12336"},"modified":"2025-02-22T04:16:53","modified_gmt":"2025-02-22T07:16:53","slug":"confirmaron-que-el-cuerpo-entregado-por-hamas-corresponde-a-shiri-bibas","status":"publish","type":"post","link":"https:\/\/nuevodigitaldeescobar.com.ar\/?p=12336","title":{"rendered":"Confirmaron que el cuerpo entregado por Hamas corresponde a Shiri Bibas"},"content":{"rendered":"\n<p class=\"has-vivid-cyan-blue-color has-text-color has-link-color wp-elements-8ecc7afef84ff4123a75539811cfbf43\"><em><strong>El Instituto Forense Abu Kabir de Tel Aviv confirm\u00f3 en las primeras horas del s\u00e1bado que los restos entregados el viernes por la organizaci\u00f3n Hamas corresponden a Shiri Bibas, la reh\u00e9n de ascendencia argentina y peruana que fue secuestrada el 7 de octubre de 2023 durante el ataque del grupo terrorista en Israel.<\/strong><\/em><\/p>\n\n\n\n<!--more-->\n\n\n\n<p>La entrega de cuerpos se realiz\u00f3 en el marco del acuerdo de alto el fuego que incluy\u00f3 la devoluci\u00f3n de cuatro cad\u00e1veres, presuntamente los de Shiri Bibas, sus hijos Kfir y Ariel Bibas, y Oded Lifshitz. No obstante, las autoridades israel\u00edes indicaron inicialmente que el cuarto cuerpo no coincid\u00eda con la identidad de la mujer ni con la de ning\u00fan otro reh\u00e9n israel\u00ed.<\/p>\n\n\n\n<p>Hamas justific\u00f3 esta confusi\u00f3n alegando que los restos de Shiri Bibas podr\u00edan haberse mezclado con los de otra persona, atribuyendo esta situaci\u00f3n a los bombardeos en la Franja de Gaza. Finalmente, las pericias forenses determinaron que los restos efectivamente correspond\u00edan a la mujer secuestrada.<\/p>\n\n\n<div class=\"wp-block-image is-style-rounded\">\n<figure class=\"aligncenter size-full is-resized\"><img fetchpriority=\"high\" decoding=\"async\" width=\"906\" height=\"606\" src=\"http:\/\/nuevodigitaldeescobar.com.ar\/wp-content\/uploads\/2025\/02\/shiri02.png\" alt=\"\" class=\"wp-image-12339\" style=\"width:511px;height:auto\" srcset=\"https:\/\/nuevodigitaldeescobar.com.ar\/wp-content\/uploads\/2025\/02\/shiri02.png 906w, https:\/\/nuevodigitaldeescobar.com.ar\/wp-content\/uploads\/2025\/02\/shiri02-300x201.png 300w, https:\/\/nuevodigitaldeescobar.com.ar\/wp-content\/uploads\/2025\/02\/shiri02-768x514.png 768w\" sizes=\"(max-width: 906px) 100vw, 906px\" \/><\/figure><\/div>\n\n\n<h3 class=\"wp-block-heading has-text-color has-link-color wp-elements-5325e47145fb76641d9381727b11023c\" style=\"color:#0220a6\"><em>El mensaje de la familia Bibas<\/em><\/h3>\n\n\n\n<p>Tras la confirmaci\u00f3n de la identidad de Shiri Bibas, su familia emiti\u00f3 un comunicado titulado: <em>\u00abEsta noche, nuestra Shiri ha vuelto a casa\u00bb<\/em>.<\/p>\n\n\n\n<p><em>\u201cTras el proceso de identificaci\u00f3n en el Instituto de Medicina Forense, esta ma\u00f1ana recibimos la noticia que m\u00e1s tem\u00edamos. Nuestra Shiri fue asesinada en cautiverio y ahora ha regresado a casa con sus hijos, marido, hermana y toda su familia para descansar\u201d<\/em>, expresaron a trav\u00e9s de redes sociales.<\/p>\n\n\n\n<p>En el mensaje, manifestaron su profundo dolor y remarcaron que, a pesar de la esperanza que manten\u00edan de reencontrarse con ella y sus hijos con vida, la confirmaci\u00f3n de su muerte solo les deja dolor y desconsuelo.<\/p>\n\n\n\n<p><em>\u201cShiri fue una madre maravillosa para Ariel y Kfir, una compa\u00f1era cari\u00f1osa de Yarden, una hermana y t\u00eda devota, y una amiga incre\u00edble. En este momento dif\u00edcil, seguimos exigiendo el regreso inmediato de todos los rehenes restantes. Nada es m\u00e1s importante que eso. No habr\u00e1 curaci\u00f3n sin ellos\u201d<\/em>, agregaron.<\/p>\n\n\n<div class=\"wp-block-image\">\n<figure class=\"aligncenter size-full\"><img decoding=\"async\" width=\"508\" height=\"678\" src=\"https:\/\/nuevodigitaldeescobar.com.ar\/wp-content\/uploads\/2025\/02\/shiri03.png\" alt=\"\" class=\"wp-image-12337\" srcset=\"https:\/\/nuevodigitaldeescobar.com.ar\/wp-content\/uploads\/2025\/02\/shiri03.png 508w, https:\/\/nuevodigitaldeescobar.com.ar\/wp-content\/uploads\/2025\/02\/shiri03-225x300.png 225w\" sizes=\"(max-width: 508px) 100vw, 508px\" \/><figcaption class=\"wp-element-caption\"><em>Comunicado de la familia de Shiri Bibas<\/em> en redes<\/figcaption><\/figure><\/div>\n\n\n<h3 class=\"wp-block-heading has-text-color has-link-color wp-elements-26398d9406d2677b178162eef00748f7\" style=\"color:#0220a6\"><em>Israel denunci\u00f3 el asesinato de los ni\u00f1os Bibas<\/em><\/h3>\n\n\n\n<p>El viernes, el Ej\u00e9rcito israel\u00ed confirm\u00f3 que los ni\u00f1os Ariel y Kfir Bibas fueron asesinados por Hamas. Seg\u00fan Daniel Hagari, vocero militar, los menores no murieron a causa de disparos ni bombardeos, sino que fueron <em>\u00abasesinados con sus propias manos\u00bb<\/em> por los terroristas mientras estaban en cautiverio.<\/p>\n\n\n\n<p>En una conferencia de prensa, Hagari calific\u00f3 el hecho como una ejecuci\u00f3n <em>\u00aba sangre fr\u00eda\u00bb<\/em> y denunci\u00f3 que los secuestradores intentaron ocultar el crimen mediante un montaje.<\/p>\n\n\n<div class=\"wp-block-image is-style-rounded\">\n<figure class=\"aligncenter size-full is-resized\"><img decoding=\"async\" width=\"897\" height=\"584\" src=\"http:\/\/nuevodigitaldeescobar.com.ar\/wp-content\/uploads\/2025\/02\/shiri04.png\" alt=\"\" class=\"wp-image-12340\" style=\"width:637px;height:auto\" srcset=\"https:\/\/nuevodigitaldeescobar.com.ar\/wp-content\/uploads\/2025\/02\/shiri04.png 897w, https:\/\/nuevodigitaldeescobar.com.ar\/wp-content\/uploads\/2025\/02\/shiri04-300x195.png 300w, https:\/\/nuevodigitaldeescobar.com.ar\/wp-content\/uploads\/2025\/02\/shiri04-768x500.png 768w\" sizes=\"(max-width: 897px) 100vw, 897px\" \/><\/figure><\/div>\n\n\n<p>Desde el secuestro de la familia Bibas, el caso se convirti\u00f3 en un s\u00edmbolo del drama de los rehenes israel\u00edes. La noticia de la confirmaci\u00f3n de la muerte de la madre y sus hijos marca un nuevo cap\u00edtulo en la crisis humanitaria derivada del conflicto.<\/p>\n","protected":false},"excerpt":{"rendered":"<p>El Instituto Forense Abu Kabir de Tel Aviv confirm\u00f3 en las primeras horas del s\u00e1bado que los restos entregados el viernes por la organizaci\u00f3n Hamas [&hellip;]<\/p>\n","protected":false},"author":1,"featured_media":12338,"comment_status":"open","ping_status":"open","sticky":false,"template":"","format":"standard","meta":{"footnotes":""},"categories":[285],"tags":[],"class_list":["post-12336","post","type-post","status-publish","format-standard","has-post-thumbnail","hentry","category-internacionales"],"better_featured_image":{"id":12338,"alt_text":"","caption":"","description":"","media_type":"image","media_details":{"width":935,"height":670,"file":"2025\/02\/shiri01.png","filesize":1800981,"sizes":{"medium":{"file":"shiri01-300x215.png","width":300,"height":215,"mime-type":"image\/png","filesize":119561,"source_url":"https:\/\/nuevodigitaldeescobar.com.ar\/wp-content\/uploads\/2025\/02\/shiri01-300x215.png"},"thumbnail":{"file":"shiri01-150x150.png","width":150,"height":150,"mime-type":"image\/png","filesize":45969,"source_url":"https:\/\/nuevodigitaldeescobar.com.ar\/wp-content\/uploads\/2025\/02\/shiri01-150x150.png"},"medium_large":{"file":"shiri01-768x550.png","width":768,"height":550,"mime-type":"image\/png","filesize":665702,"source_url":"https:\/\/nuevodigitaldeescobar.com.ar\/wp-content\/uploads\/2025\/02\/shiri01-768x550.png"}},"image_meta":{"aperture":"0","credit":"","camera":"","caption":"","created_timestamp":"0","copyright":"","focal_length":"0","iso":"0","shutter_speed":"0","title":"","orientation":"0","keywords":[]}},"post":12336,"source_url":"https:\/\/nuevodigitaldeescobar.com.ar\/wp-content\/uploads\/2025\/02\/shiri01.png"},"yoast_head":"<!-- This site is optimized with the Yoast SEO plugin v26.1.1 - https:\/\/yoast.com\/wordpress\/plugins\/seo\/ -->\n<title>Confirmaron que el cuerpo entregado por Hamas corresponde a Shiri Bibas - Nuevo Digital de Escobar<\/title>\n<meta name=\"robots\" content=\"index, follow, max-snippet:-1, max-image-preview:large, max-video-preview:-1\" \/>\n<link rel=\"canonical\" href=\"https:\/\/nuevodigitaldeescobar.com.ar\/?p=12336\" \/>\n<meta property=\"og:locale\" content=\"es_ES\" \/>\n<meta property=\"og:type\" content=\"article\" \/>\n<meta property=\"og:title\" content=\"Confirmaron que el cuerpo entregado por Hamas corresponde a Shiri Bibas - Nuevo Digital de Escobar\" \/>\n<meta property=\"og:description\" content=\"El Instituto Forense Abu Kabir de Tel Aviv confirm\u00f3 en las primeras horas del s\u00e1bado que los restos entregados el viernes por la organizaci\u00f3n Hamas [&hellip;]\" \/>\n<meta property=\"og:url\" content=\"https:\/\/nuevodigitaldeescobar.com.ar\/?p=12336\" \/>\n<meta property=\"og:site_name\" content=\"Nuevo Digital de Escobar\" \/>\n<meta property=\"article:publisher\" content=\"https:\/\/www.facebook.com\/NUEVODigitalDeEscobar\" \/>\n<meta property=\"article:published_time\" content=\"2025-02-22T07:16:49+00:00\" \/>\n<meta property=\"article:modified_time\" content=\"2025-02-22T07:16:53+00:00\" \/>\n<meta property=\"og:image\" content=\"https:\/\/nuevodigitaldeescobar.com.ar\/wp-content\/uploads\/2025\/02\/shiri01.png\" \/>\n\t<meta property=\"og:image:width\" content=\"935\" \/>\n\t<meta property=\"og:image:height\" content=\"670\" \/>\n\t<meta property=\"og:image:type\" content=\"image\/png\" \/>\n<meta name=\"author\" content=\"Redacci\u00f3n\" \/>\n<meta name=\"twitter:card\" content=\"summary_large_image\" \/>\n<meta name=\"twitter:creator\" content=\"@nuevodigescobar\" \/>\n<meta name=\"twitter:site\" content=\"@nuevodigescobar\" \/>\n<meta name=\"twitter:label1\" content=\"Escrito por\" \/>\n\t<meta name=\"twitter:data1\" content=\"Redacci\u00f3n\" \/>\n\t<meta name=\"twitter:label2\" content=\"Tiempo de lectura\" \/>\n\t<meta name=\"twitter:data2\" content=\"2 minutos\" \/>\n<script type=\"application\/ld+json\" class=\"yoast-schema-graph\">{\"@context\":\"https:\/\/schema.org\",\"@graph\":[{\"@type\":\"Article\",\"@id\":\"https:\/\/nuevodigitaldeescobar.com.ar\/?p=12336#article\",\"isPartOf\":{\"@id\":\"https:\/\/nuevodigitaldeescobar.com.ar\/?p=12336\"},\"author\":{\"name\":\"Redacci\u00f3n\",\"@id\":\"https:\/\/nuevodigitaldeescobar.com.ar\/#\/schema\/person\/035e90a8efe9a80e6eec22656ad6ea4c\"},\"headline\":\"Confirmaron que el cuerpo entregado por Hamas corresponde a Shiri Bibas\",\"datePublished\":\"2025-02-22T07:16:49+00:00\",\"dateModified\":\"2025-02-22T07:16:53+00:00\",\"mainEntityOfPage\":{\"@id\":\"https:\/\/nuevodigitaldeescobar.com.ar\/?p=12336\"},\"wordCount\":506,\"commentCount\":0,\"publisher\":{\"@id\":\"https:\/\/nuevodigitaldeescobar.com.ar\/#organization\"},\"image\":{\"@id\":\"https:\/\/nuevodigitaldeescobar.com.ar\/?p=12336#primaryimage\"},\"thumbnailUrl\":\"https:\/\/nuevodigitaldeescobar.com.ar\/wp-content\/uploads\/2025\/02\/shiri01.png\",\"articleSection\":[\"Internacionales\"],\"inLanguage\":\"es\",\"potentialAction\":[{\"@type\":\"CommentAction\",\"name\":\"Comment\",\"target\":[\"https:\/\/nuevodigitaldeescobar.com.ar\/?p=12336#respond\"]}]},{\"@type\":\"WebPage\",\"@id\":\"https:\/\/nuevodigitaldeescobar.com.ar\/?p=12336\",\"url\":\"https:\/\/nuevodigitaldeescobar.com.ar\/?p=12336\",\"name\":\"Confirmaron que el cuerpo entregado por Hamas corresponde a Shiri Bibas - Nuevo Digital de Escobar\",\"isPartOf\":{\"@id\":\"https:\/\/nuevodigitaldeescobar.com.ar\/#website\"},\"primaryImageOfPage\":{\"@id\":\"https:\/\/nuevodigitaldeescobar.com.ar\/?p=12336#primaryimage\"},\"image\":{\"@id\":\"https:\/\/nuevodigitaldeescobar.com.ar\/?p=12336#primaryimage\"},\"thumbnailUrl\":\"https:\/\/nuevodigitaldeescobar.com.ar\/wp-content\/uploads\/2025\/02\/shiri01.png\",\"datePublished\":\"2025-02-22T07:16:49+00:00\",\"dateModified\":\"2025-02-22T07:16:53+00:00\",\"breadcrumb\":{\"@id\":\"https:\/\/nuevodigitaldeescobar.com.ar\/?p=12336#breadcrumb\"},\"inLanguage\":\"es\",\"potentialAction\":[{\"@type\":\"ReadAction\",\"target\":[\"https:\/\/nuevodigitaldeescobar.com.ar\/?p=12336\"]}]},{\"@type\":\"ImageObject\",\"inLanguage\":\"es\",\"@id\":\"https:\/\/nuevodigitaldeescobar.com.ar\/?p=12336#primaryimage\",\"url\":\"https:\/\/nuevodigitaldeescobar.com.ar\/wp-content\/uploads\/2025\/02\/shiri01.png\",\"contentUrl\":\"https:\/\/nuevodigitaldeescobar.com.ar\/wp-content\/uploads\/2025\/02\/shiri01.png\",\"width\":935,\"height\":670},{\"@type\":\"BreadcrumbList\",\"@id\":\"https:\/\/nuevodigitaldeescobar.com.ar\/?p=12336#breadcrumb\",\"itemListElement\":[{\"@type\":\"ListItem\",\"position\":1,\"name\":\"Portada\",\"item\":\"https:\/\/nuevodigitaldeescobar.com.ar\/\"},{\"@type\":\"ListItem\",\"position\":2,\"name\":\"Confirmaron que el cuerpo entregado por Hamas corresponde a Shiri Bibas\"}]},{\"@type\":\"WebSite\",\"@id\":\"https:\/\/nuevodigitaldeescobar.com.ar\/#website\",\"url\":\"https:\/\/nuevodigitaldeescobar.com.ar\/\",\"name\":\"Nuevo Digital de Escobar\",\"description\":\"La vida escobarense. Directora: Rosana Brunner\",\"publisher\":{\"@id\":\"https:\/\/nuevodigitaldeescobar.com.ar\/#organization\"},\"potentialAction\":[{\"@type\":\"SearchAction\",\"target\":{\"@type\":\"EntryPoint\",\"urlTemplate\":\"https:\/\/nuevodigitaldeescobar.com.ar\/?s={search_term_string}\"},\"query-input\":{\"@type\":\"PropertyValueSpecification\",\"valueRequired\":true,\"valueName\":\"search_term_string\"}}],\"inLanguage\":\"es\"},{\"@type\":\"Organization\",\"@id\":\"https:\/\/nuevodigitaldeescobar.com.ar\/#organization\",\"name\":\"Nuevo Digital de Escobar\",\"url\":\"https:\/\/nuevodigitaldeescobar.com.ar\/\",\"logo\":{\"@type\":\"ImageObject\",\"inLanguage\":\"es\",\"@id\":\"https:\/\/nuevodigitaldeescobar.com.ar\/#\/schema\/logo\/image\/\",\"url\":\"https:\/\/nuevodigitaldeescobar.com.ar\/wp-content\/uploads\/2025\/05\/cropped-logo-nuevo2.jpg\",\"contentUrl\":\"https:\/\/nuevodigitaldeescobar.com.ar\/wp-content\/uploads\/2025\/05\/cropped-logo-nuevo2.jpg\",\"width\":305,\"height\":305,\"caption\":\"Nuevo Digital de Escobar\"},\"image\":{\"@id\":\"https:\/\/nuevodigitaldeescobar.com.ar\/#\/schema\/logo\/image\/\"},\"sameAs\":[\"https:\/\/www.facebook.com\/NUEVODigitalDeEscobar\",\"https:\/\/x.com\/nuevodigescobar\",\"https:\/\/www.instagram.com\/nuevodigitaldeescobar\"]},{\"@type\":\"Person\",\"@id\":\"https:\/\/nuevodigitaldeescobar.com.ar\/#\/schema\/person\/035e90a8efe9a80e6eec22656ad6ea4c\",\"name\":\"Redacci\u00f3n\",\"image\":{\"@type\":\"ImageObject\",\"inLanguage\":\"es\",\"@id\":\"https:\/\/nuevodigitaldeescobar.com.ar\/#\/schema\/person\/image\/\",\"url\":\"https:\/\/secure.gravatar.com\/avatar\/8af8f40000c24e9eef3034f2be5998a372bb1389e64b1a4a36b3a7979142220d?s=96&d=mm&r=g\",\"contentUrl\":\"https:\/\/secure.gravatar.com\/avatar\/8af8f40000c24e9eef3034f2be5998a372bb1389e64b1a4a36b3a7979142220d?s=96&d=mm&r=g\",\"caption\":\"Redacci\u00f3n\"},\"sameAs\":[\"http:\/\/nuevodigitaldeescobar.com.ar\"],\"url\":\"https:\/\/nuevodigitaldeescobar.com.ar\/?author=1\"}]}<\/script>\n<!-- \/ Yoast SEO plugin. -->","yoast_head_json":{"title":"Confirmaron que el cuerpo entregado por Hamas corresponde a Shiri Bibas - Nuevo Digital de Escobar","robots":{"index":"index","follow":"follow","max-snippet":"max-snippet:-1","max-image-preview":"max-image-preview:large","max-video-preview":"max-video-preview:-1"},"canonical":"https:\/\/nuevodigitaldeescobar.com.ar\/?p=12336","og_locale":"es_ES","og_type":"article","og_title":"Confirmaron que el cuerpo entregado por Hamas corresponde a Shiri Bibas - Nuevo Digital de Escobar","og_description":"El Instituto Forense Abu Kabir de Tel Aviv confirm\u00f3 en las primeras horas del s\u00e1bado que los restos entregados el viernes por la organizaci\u00f3n Hamas [&hellip;]","og_url":"https:\/\/nuevodigitaldeescobar.com.ar\/?p=12336","og_site_name":"Nuevo Digital de Escobar","article_publisher":"https:\/\/www.facebook.com\/NUEVODigitalDeEscobar","article_published_time":"2025-02-22T07:16:49+00:00","article_modified_time":"2025-02-22T07:16:53+00:00","og_image":[{"width":935,"height":670,"url":"https:\/\/nuevodigitaldeescobar.com.ar\/wp-content\/uploads\/2025\/02\/shiri01.png","type":"image\/png"}],"author":"Redacci\u00f3n","twitter_card":"summary_large_image","twitter_creator":"@nuevodigescobar","twitter_site":"@nuevodigescobar","twitter_misc":{"Escrito por":"Redacci\u00f3n","Tiempo de lectura":"2 minutos"},"schema":{"@context":"https:\/\/schema.org","@graph":[{"@type":"Article","@id":"https:\/\/nuevodigitaldeescobar.com.ar\/?p=12336#article","isPartOf":{"@id":"https:\/\/nuevodigitaldeescobar.com.ar\/?p=12336"},"author":{"name":"Redacci\u00f3n","@id":"https:\/\/nuevodigitaldeescobar.com.ar\/#\/schema\/person\/035e90a8efe9a80e6eec22656ad6ea4c"},"headline":"Confirmaron que el cuerpo entregado por Hamas corresponde a Shiri Bibas","datePublished":"2025-02-22T07:16:49+00:00","dateModified":"2025-02-22T07:16:53+00:00","mainEntityOfPage":{"@id":"https:\/\/nuevodigitaldeescobar.com.ar\/?p=12336"},"wordCount":506,"commentCount":0,"publisher":{"@id":"https:\/\/nuevodigitaldeescobar.com.ar\/#organization"},"image":{"@id":"https:\/\/nuevodigitaldeescobar.com.ar\/?p=12336#primaryimage"},"thumbnailUrl":"https:\/\/nuevodigitaldeescobar.com.ar\/wp-content\/uploads\/2025\/02\/shiri01.png","articleSection":["Internacionales"],"inLanguage":"es","potentialAction":[{"@type":"CommentAction","name":"Comment","target":["https:\/\/nuevodigitaldeescobar.com.ar\/?p=12336#respond"]}]},{"@type":"WebPage","@id":"https:\/\/nuevodigitaldeescobar.com.ar\/?p=12336","url":"https:\/\/nuevodigitaldeescobar.com.ar\/?p=12336","name":"Confirmaron que el cuerpo entregado por Hamas corresponde a Shiri Bibas - Nuevo Digital de Escobar","isPartOf":{"@id":"https:\/\/nuevodigitaldeescobar.com.ar\/#website"},"primaryImageOfPage":{"@id":"https:\/\/nuevodigitaldeescobar.com.ar\/?p=12336#primaryimage"},"image":{"@id":"https:\/\/nuevodigitaldeescobar.com.ar\/?p=12336#primaryimage"},"thumbnailUrl":"https:\/\/nuevodigitaldeescobar.com.ar\/wp-content\/uploads\/2025\/02\/shiri01.png","datePublished":"2025-02-22T07:16:49+00:00","dateModified":"2025-02-22T07:16:53+00:00","breadcrumb":{"@id":"https:\/\/nuevodigitaldeescobar.com.ar\/?p=12336#breadcrumb"},"inLanguage":"es","potentialAction":[{"@type":"ReadAction","target":["https:\/\/nuevodigitaldeescobar.com.ar\/?p=12336"]}]},{"@type":"ImageObject","inLanguage":"es","@id":"https:\/\/nuevodigitaldeescobar.com.ar\/?p=12336#primaryimage","url":"https:\/\/nuevodigitaldeescobar.com.ar\/wp-content\/uploads\/2025\/02\/shiri01.png","contentUrl":"https:\/\/nuevodigitaldeescobar.com.ar\/wp-content\/uploads\/2025\/02\/shiri01.png","width":935,"height":670},{"@type":"BreadcrumbList","@id":"https:\/\/nuevodigitaldeescobar.com.ar\/?p=12336#breadcrumb","itemListElement":[{"@type":"ListItem","position":1,"name":"Portada","item":"https:\/\/nuevodigitaldeescobar.com.ar\/"},{"@type":"ListItem","position":2,"name":"Confirmaron que el cuerpo entregado por Hamas corresponde a Shiri Bibas"}]},{"@type":"WebSite","@id":"https:\/\/nuevodigitaldeescobar.com.ar\/#website","url":"https:\/\/nuevodigitaldeescobar.com.ar\/","name":"Nuevo Digital de Escobar","description":"La vida escobarense. Directora: Rosana Brunner","publisher":{"@id":"https:\/\/nuevodigitaldeescobar.com.ar\/#organization"},"potentialAction":[{"@type":"SearchAction","target":{"@type":"EntryPoint","urlTemplate":"https:\/\/nuevodigitaldeescobar.com.ar\/?s={search_term_string}"},"query-input":{"@type":"PropertyValueSpecification","valueRequired":true,"valueName":"search_term_string"}}],"inLanguage":"es"},{"@type":"Organization","@id":"https:\/\/nuevodigitaldeescobar.com.ar\/#organization","name":"Nuevo Digital de Escobar","url":"https:\/\/nuevodigitaldeescobar.com.ar\/","logo":{"@type":"ImageObject","inLanguage":"es","@id":"https:\/\/nuevodigitaldeescobar.com.ar\/#\/schema\/logo\/image\/","url":"https:\/\/nuevodigitaldeescobar.com.ar\/wp-content\/uploads\/2025\/05\/cropped-logo-nuevo2.jpg","contentUrl":"https:\/\/nuevodigitaldeescobar.com.ar\/wp-content\/uploads\/2025\/05\/cropped-logo-nuevo2.jpg","width":305,"height":305,"caption":"Nuevo Digital de Escobar"},"image":{"@id":"https:\/\/nuevodigitaldeescobar.com.ar\/#\/schema\/logo\/image\/"},"sameAs":["https:\/\/www.facebook.com\/NUEVODigitalDeEscobar","https:\/\/x.com\/nuevodigescobar","https:\/\/www.instagram.com\/nuevodigitaldeescobar"]},{"@type":"Person","@id":"https:\/\/nuevodigitaldeescobar.com.ar\/#\/schema\/person\/035e90a8efe9a80e6eec22656ad6ea4c","name":"Redacci\u00f3n","image":{"@type":"ImageObject","inLanguage":"es","@id":"https:\/\/nuevodigitaldeescobar.com.ar\/#\/schema\/person\/image\/","url":"https:\/\/secure.gravatar.com\/avatar\/8af8f40000c24e9eef3034f2be5998a372bb1389e64b1a4a36b3a7979142220d?s=96&d=mm&r=g","contentUrl":"https:\/\/secure.gravatar.com\/avatar\/8af8f40000c24e9eef3034f2be5998a372bb1389e64b1a4a36b3a7979142220d?s=96&d=mm&r=g","caption":"Redacci\u00f3n"},"sameAs":["http:\/\/nuevodigitaldeescobar.com.ar"],"url":"https:\/\/nuevodigitaldeescobar.com.ar\/?author=1"}]}},"featured_image_urls":{"full":["https:\/\/nuevodigitaldeescobar.com.ar\/wp-content\/uploads\/2025\/02\/shiri01.png",935,670,false],"thumbnail":["https:\/\/nuevodigitaldeescobar.com.ar\/wp-content\/uploads\/2025\/02\/shiri01-150x150.png",150,150,true],"medium":["https:\/\/nuevodigitaldeescobar.com.ar\/wp-content\/uploads\/2025\/02\/shiri01-300x215.png",300,215,true],"medium_large":["https:\/\/nuevodigitaldeescobar.com.ar\/wp-content\/uploads\/2025\/02\/shiri01-768x550.png",640,458,true],"large":["https:\/\/nuevodigitaldeescobar.com.ar\/wp-content\/uploads\/2025\/02\/shiri01.png",640,459,false],"1536x1536":["https:\/\/nuevodigitaldeescobar.com.ar\/wp-content\/uploads\/2025\/02\/shiri01.png",935,670,false],"2048x2048":["https:\/\/nuevodigitaldeescobar.com.ar\/wp-content\/uploads\/2025\/02\/shiri01.png",935,670,false]},"author_info":{"display_name":"Redacci\u00f3n","author_link":"https:\/\/nuevodigitaldeescobar.com.ar\/?author=1"},"category_info":"<a href=\"https:\/\/nuevodigitaldeescobar.com.ar\/?cat=285\" rel=\"category\">Internacionales<\/a>","tag_info":"Internacionales","comment_count":"0","_links":{"self":[{"href":"https:\/\/nuevodigitaldeescobar.com.ar\/index.php?rest_route=\/wp\/v2\/posts\/12336","targetHints":{"allow":["GET"]}}],"collection":[{"href":"https:\/\/nuevodigitaldeescobar.com.ar\/index.php?rest_route=\/wp\/v2\/posts"}],"about":[{"href":"https:\/\/nuevodigitaldeescobar.com.ar\/index.php?rest_route=\/wp\/v2\/types\/post"}],"author":[{"embeddable":true,"href":"https:\/\/nuevodigitaldeescobar.com.ar\/index.php?rest_route=\/wp\/v2\/users\/1"}],"replies":[{"embeddable":true,"href":"https:\/\/nuevodigitaldeescobar.com.ar\/index.php?rest_route=%2Fwp%2Fv2%2Fcomments&post=12336"}],"version-history":[{"count":1,"href":"https:\/\/nuevodigitaldeescobar.com.ar\/index.php?rest_route=\/wp\/v2\/posts\/12336\/revisions"}],"predecessor-version":[{"id":12341,"href":"https:\/\/nuevodigitaldeescobar.com.ar\/index.php?rest_route=\/wp\/v2\/posts\/12336\/revisions\/12341"}],"wp:featuredmedia":[{"embeddable":true,"href":"https:\/\/nuevodigitaldeescobar.com.ar\/index.php?rest_route=\/wp\/v2\/media\/12338"}],"wp:attachment":[{"href":"https:\/\/nuevodigitaldeescobar.com.ar\/index.php?rest_route=%2Fwp%2Fv2%2Fmedia&parent=12336"}],"wp:term":[{"taxonomy":"category","embeddable":true,"href":"https:\/\/nuevodigitaldeescobar.com.ar\/index.php?rest_route=%2Fwp%2Fv2%2Fcategories&post=12336"},{"taxonomy":"post_tag","embeddable":true,"href":"https:\/\/nuevodigitaldeescobar.com.ar\/index.php?rest_route=%2Fwp%2Fv2%2Ftags&post=12336"}],"curies":[{"name":"wp","href":"https:\/\/api.w.org\/{rel}","templated":true}]}}