{"id":12356,"date":"2025-02-23T00:01:00","date_gmt":"2025-02-23T03:01:00","guid":{"rendered":"https:\/\/nuevodigitaldeescobar.com.ar\/?p=12356"},"modified":"2025-02-22T19:02:55","modified_gmt":"2025-02-22T22:02:55","slug":"explosion-e-incendio-en-san-isidro-un-jubilado-fallecido-y-cuatro-heridos-graves","status":"publish","type":"post","link":"https:\/\/nuevodigitaldeescobar.com.ar\/?p=12356","title":{"rendered":"Explosi\u00f3n e incendio en San Isidro: un jubilado fallecido y cuatro heridos graves"},"content":{"rendered":"\n<p class=\"has-vivid-cyan-blue-color has-text-color has-link-color wp-elements-ca2aff6ee205477a6677a4b908fb2185\"><em><strong>Un tr\u00e1gico incidente sacudi\u00f3 la localidad bonaerense de Boulogne, en el partido de San Isidro, cuando una fuga de gas desat\u00f3 una potente explosi\u00f3n seguida de un incendio. El siniestro, ocurrido este viernes en una vivienda de la calle Mar\u00eda B. de Caz\u00f3n al 2500, dej\u00f3 como saldo la muerte de un jubilado de 73 a\u00f1os y cuatro personas con heridas de gravedad. Adem\u00e1s, el estallido provoc\u00f3 da\u00f1os estructurales en varias casas de la zona.<\/strong><\/em><\/p>\n\n\n\n<!--more-->\n\n\n\n<h3 class=\"wp-block-heading has-text-color has-link-color wp-elements-0bb3de1045fb4ea4cf024ee23b4e79b6\" style=\"color:#0430a1\"><em>Horas previas de advertencias y una tragedia anunciada<\/em><\/h3>\n\n\n\n<p>Vecinos del barrio Bajo Boulogne hab\u00edan denunciado desde la ma\u00f1ana un fuerte olor a gas en el ambiente. Ante esto, personal de la empresa distribuidora Naturgy realiz\u00f3 una inspecci\u00f3n en la zona, pero con el correr de las horas, la acumulaci\u00f3n de gas deriv\u00f3 en una explosi\u00f3n de gran magnitud.<\/p>\n\n\n\n<p>Tras el estallido, equipos de emergencias rescataron a Horacio Lugo, de 77 a\u00f1os, quien fue trasladado de urgencia al Hospital de Boulogne. Sin embargo, a pesar de los esfuerzos m\u00e9dicos, el hombre falleci\u00f3 debido a la gravedad de sus heridas. Seg\u00fan trascendi\u00f3, el jubilado presentaba quemaduras y lesiones severas en todo su cuerpo. Su nieta confirm\u00f3 que viv\u00eda en una casa ubicada al fondo de la vivienda donde se origin\u00f3 la explosi\u00f3n.<\/p>\n\n\n\n<figure class=\"wp-block-video\"><video controls src=\"https:\/\/nuevodigitaldeescobar.com.ar\/wp-content\/uploads\/2025\/02\/sanisidroinc322.mp4\"><\/video><\/figure>\n\n\n\n<h3 class=\"wp-block-heading has-text-color has-link-color wp-elements-c87ae5d0d16f9fbb7306413d239dd04d\" style=\"color:#0430a1\"><em>Heridos en estado cr\u00edtico y peritajes en la zona<\/em><\/h3>\n\n\n\n<p>Cuatro personas resultaron gravemente heridas a ra\u00edz del incendio y debieron ser trasladadas a distintos centros de salud. Entre ellas, Sergio G\u00f3mez, de 42 a\u00f1os, permanece en estado cr\u00edtico con respiraci\u00f3n asistida. Gabriela Pedrozo y Facundo Mansilla tambi\u00e9n sufrieron quemaduras de consideraci\u00f3n y su pron\u00f3stico es reservado. En tanto, Ana Mar\u00eda Blanes, de 76 a\u00f1os, result\u00f3 con lesiones menores y se encuentra fuera de peligro.<\/p>\n\n\n\n<p>Mansilla formaba parte de la cuadrilla de t\u00e9cnicos que trabajaba en la zona afectada al momento de la explosi\u00f3n, por lo que fue atendido en el lugar antes de ser trasladado al hospital. Como medida preventiva, la empresa de gas dispuso el corte del suministro en el \u00e1rea.<\/p>\n\n\n\n<p>Bomberos Voluntarios, Defensa Civil y la Polic\u00eda Bonaerense llevaron a cabo peritajes y remoci\u00f3n de escombros en el sitio. Poco despu\u00e9s, se confirm\u00f3 que una de las viviendas involucradas termin\u00f3 colapsando a causa de la explosi\u00f3n.<\/p>\n\n\n\n<h3 class=\"wp-block-heading has-text-color has-link-color wp-elements-03920ee96069337c0c82ad6ebabba98f\" style=\"color:#0430a1\"><em>Solidaridad y asistencia a los damnificados<\/em><\/h3>\n\n\n\n<p>Vecinos del barrio colaboraron con las tareas de limpieza y asistencia a los afectados. La magnitud de la explosi\u00f3n provoc\u00f3 la huida de varias mascotas, lo que motiv\u00f3 una campa\u00f1a en redes sociales para localizarlas.<\/p>\n\n\n\n<p>El intendente de San Isidro, Ram\u00f3n Lan\u00fas, se hizo presente en el lugar para acompa\u00f1ar a los damnificados, aunque hasta el momento no se ha confirmado si el municipio brindar\u00e1 asistencia a las familias afectadas.<\/p>\n\n\n\n<p>Frente a las p\u00e9rdidas materiales, allegados a Pedrozo y G\u00f3mez organizaron una colecta solidaria solicitando donaciones de alimentos, colchones, ropa de cama, vestimenta y dinero, ya que las v\u00edctimas lo perdieron todo tras el siniestro.<\/p>\n\n\n\n<h3 class=\"wp-block-heading has-text-color has-link-color wp-elements-52fc2d0b019c9e8d1086df3f6374bf74\" style=\"color:#0430a1\"><em>Tareas de remoci\u00f3n y seguridad<\/em><\/h3>\n\n\n\n<p>El municipio de San Isidro inform\u00f3 que contin\u00faa trabajando en la remoci\u00f3n de escombros y la limpieza del \u00e1rea afectada. Personal comunal opera con maquinaria pesada para despejar la zona, mientras que la empresa de gas lleva a cabo inspecciones para asegurar la reparaci\u00f3n de las tuber\u00edas antes de proceder con el tapado definitivo.<\/p>\n\n\n\n<p>Una vez garantizada la seguridad, comenzar\u00e1 la demolici\u00f3n de la vivienda afectada y la limpieza final del terreno. Adem\u00e1s, equipos de tr\u00e1nsito y gr\u00faas est\u00e1n trabajando para retirar un veh\u00edculo atrapado dentro de la propiedad derrumbada.<\/p>\n\n\n\n<h3 class=\"wp-block-heading has-text-color has-link-color wp-elements-1787a3a6ac3b41d99df4e1cc735a49ed\" style=\"color:#0430a1\"><em>Recomendaciones ante una fuga de gas<\/em><\/h3>\n\n\n\n<p>La empresa Naturgy inform\u00f3 que est\u00e1 investigando las causas del siniestro y record\u00f3 las medidas de seguridad ante una posible fuga de gas:<\/p>\n\n\n\n<ul class=\"wp-block-list\">\n<li>Ventilar de inmediato el ambiente abriendo puertas y ventanas.<\/li>\n\n\n\n<li>No encender ni apagar luces o electrodom\u00e9sticos.<\/li>\n\n\n\n<li>Evitar el uso de celulares en la zona afectada.<\/li>\n\n\n\n<li>Cerrar la llave de paso del gas.<\/li>\n\n\n\n<li>Evacuar el lugar y llamar de inmediato al servicio de emergencias (0800-888-1137) desde un espacio ventilado.<\/li>\n<\/ul>\n\n\n\n<p>Adem\u00e1s, recomendaron realizar controles peri\u00f3dicos de las instalaciones con gasistas matriculados, verificar que la llama de los artefactos sea siempre azul y asegurarse de que los aparatos cuenten con salida al exterior cuando corresponda.<\/p>\n\n\n\n<p>El tr\u00e1gico episodio reaviva la preocupaci\u00f3n por la seguridad de las conexiones de gas y la importancia de la denuncia ante posibles fugas, para evitar nuevas tragedias.<\/p>\n","protected":false},"excerpt":{"rendered":"<p>Un tr\u00e1gico incidente sacudi\u00f3 la localidad bonaerense de Boulogne, en el partido de San Isidro, cuando una fuga de gas desat\u00f3 una potente explosi\u00f3n seguida [&hellip;]<\/p>\n","protected":false},"author":1,"featured_media":12358,"comment_status":"open","ping_status":"open","sticky":false,"template":"","format":"standard","meta":{"footnotes":""},"categories":[13],"tags":[],"class_list":["post-12356","post","type-post","status-publish","format-standard","has-post-thumbnail","hentry","category-policiales"],"better_featured_image":{"id":12358,"alt_text":"","caption":"","description":"","media_type":"image","media_details":{"width":1280,"height":720,"file":"2025\/02\/sanisidroinc23.png","filesize":1950440,"sizes":{"medium":{"file":"sanisidroinc23-300x169.png","width":300,"height":169,"mime-type":"image\/png","filesize":99629,"source_url":"https:\/\/nuevodigitaldeescobar.com.ar\/wp-content\/uploads\/2025\/02\/sanisidroinc23-300x169.png"},"large":{"file":"sanisidroinc23-1024x576.png","width":1024,"height":576,"mime-type":"image\/png","filesize":1046547,"source_url":"https:\/\/nuevodigitaldeescobar.com.ar\/wp-content\/uploads\/2025\/02\/sanisidroinc23-1024x576.png"},"thumbnail":{"file":"sanisidroinc23-150x150.png","width":150,"height":150,"mime-type":"image\/png","filesize":47028,"source_url":"https:\/\/nuevodigitaldeescobar.com.ar\/wp-content\/uploads\/2025\/02\/sanisidroinc23-150x150.png"},"medium_large":{"file":"sanisidroinc23-768x432.png","width":768,"height":432,"mime-type":"image\/png","filesize":613240,"source_url":"https:\/\/nuevodigitaldeescobar.com.ar\/wp-content\/uploads\/2025\/02\/sanisidroinc23-768x432.png"}},"image_meta":{"aperture":"0","credit":"","camera":"","caption":"","created_timestamp":"0","copyright":"","focal_length":"0","iso":"0","shutter_speed":"0","title":"","orientation":"0","keywords":[]}},"post":12356,"source_url":"https:\/\/nuevodigitaldeescobar.com.ar\/wp-content\/uploads\/2025\/02\/sanisidroinc23.png"},"yoast_head":"<!-- This site is optimized with the Yoast SEO plugin v26.1.1 - https:\/\/yoast.com\/wordpress\/plugins\/seo\/ -->\n<title>Explosi\u00f3n e incendio en San Isidro: un jubilado fallecido y cuatro heridos graves - Nuevo Digital de Escobar<\/title>\n<meta name=\"robots\" content=\"index, follow, max-snippet:-1, max-image-preview:large, max-video-preview:-1\" \/>\n<link rel=\"canonical\" href=\"https:\/\/nuevodigitaldeescobar.com.ar\/?p=12356\" \/>\n<meta property=\"og:locale\" content=\"es_ES\" \/>\n<meta property=\"og:type\" content=\"article\" \/>\n<meta property=\"og:title\" content=\"Explosi\u00f3n e incendio en San Isidro: un jubilado fallecido y cuatro heridos graves - Nuevo Digital de Escobar\" \/>\n<meta property=\"og:description\" content=\"Un tr\u00e1gico incidente sacudi\u00f3 la localidad bonaerense de Boulogne, en el partido de San Isidro, cuando una fuga de gas desat\u00f3 una potente explosi\u00f3n seguida [&hellip;]\" \/>\n<meta property=\"og:url\" content=\"https:\/\/nuevodigitaldeescobar.com.ar\/?p=12356\" \/>\n<meta property=\"og:site_name\" content=\"Nuevo Digital de Escobar\" \/>\n<meta property=\"article:publisher\" content=\"https:\/\/www.facebook.com\/NUEVODigitalDeEscobar\" \/>\n<meta property=\"article:published_time\" content=\"2025-02-23T03:01:00+00:00\" \/>\n<meta property=\"og:image\" content=\"https:\/\/nuevodigitaldeescobar.com.ar\/wp-content\/uploads\/2025\/02\/sanisidroinc23.png\" \/>\n\t<meta property=\"og:image:width\" content=\"1280\" \/>\n\t<meta property=\"og:image:height\" content=\"720\" \/>\n\t<meta property=\"og:image:type\" content=\"image\/png\" \/>\n<meta name=\"author\" content=\"Redacci\u00f3n\" \/>\n<meta name=\"twitter:card\" content=\"summary_large_image\" \/>\n<meta name=\"twitter:creator\" content=\"@nuevodigescobar\" \/>\n<meta name=\"twitter:site\" content=\"@nuevodigescobar\" \/>\n<meta name=\"twitter:label1\" content=\"Escrito por\" \/>\n\t<meta name=\"twitter:data1\" content=\"Redacci\u00f3n\" \/>\n\t<meta name=\"twitter:label2\" content=\"Tiempo de lectura\" \/>\n\t<meta name=\"twitter:data2\" content=\"4 minutos\" \/>\n<script type=\"application\/ld+json\" class=\"yoast-schema-graph\">{\"@context\":\"https:\/\/schema.org\",\"@graph\":[{\"@type\":\"Article\",\"@id\":\"https:\/\/nuevodigitaldeescobar.com.ar\/?p=12356#article\",\"isPartOf\":{\"@id\":\"https:\/\/nuevodigitaldeescobar.com.ar\/?p=12356\"},\"author\":{\"name\":\"Redacci\u00f3n\",\"@id\":\"https:\/\/nuevodigitaldeescobar.com.ar\/#\/schema\/person\/035e90a8efe9a80e6eec22656ad6ea4c\"},\"headline\":\"Explosi\u00f3n e incendio en San Isidro: un jubilado fallecido y cuatro heridos graves\",\"datePublished\":\"2025-02-23T03:01:00+00:00\",\"mainEntityOfPage\":{\"@id\":\"https:\/\/nuevodigitaldeescobar.com.ar\/?p=12356\"},\"wordCount\":775,\"commentCount\":0,\"publisher\":{\"@id\":\"https:\/\/nuevodigitaldeescobar.com.ar\/#organization\"},\"image\":{\"@id\":\"https:\/\/nuevodigitaldeescobar.com.ar\/?p=12356#primaryimage\"},\"thumbnailUrl\":\"https:\/\/nuevodigitaldeescobar.com.ar\/wp-content\/uploads\/2025\/02\/sanisidroinc23.png\",\"articleSection\":[\"Policiales\"],\"inLanguage\":\"es\",\"potentialAction\":[{\"@type\":\"CommentAction\",\"name\":\"Comment\",\"target\":[\"https:\/\/nuevodigitaldeescobar.com.ar\/?p=12356#respond\"]}]},{\"@type\":\"WebPage\",\"@id\":\"https:\/\/nuevodigitaldeescobar.com.ar\/?p=12356\",\"url\":\"https:\/\/nuevodigitaldeescobar.com.ar\/?p=12356\",\"name\":\"Explosi\u00f3n e incendio en San Isidro: un jubilado fallecido y cuatro heridos graves - Nuevo Digital de Escobar\",\"isPartOf\":{\"@id\":\"https:\/\/nuevodigitaldeescobar.com.ar\/#website\"},\"primaryImageOfPage\":{\"@id\":\"https:\/\/nuevodigitaldeescobar.com.ar\/?p=12356#primaryimage\"},\"image\":{\"@id\":\"https:\/\/nuevodigitaldeescobar.com.ar\/?p=12356#primaryimage\"},\"thumbnailUrl\":\"https:\/\/nuevodigitaldeescobar.com.ar\/wp-content\/uploads\/2025\/02\/sanisidroinc23.png\",\"datePublished\":\"2025-02-23T03:01:00+00:00\",\"breadcrumb\":{\"@id\":\"https:\/\/nuevodigitaldeescobar.com.ar\/?p=12356#breadcrumb\"},\"inLanguage\":\"es\",\"potentialAction\":[{\"@type\":\"ReadAction\",\"target\":[\"https:\/\/nuevodigitaldeescobar.com.ar\/?p=12356\"]}]},{\"@type\":\"ImageObject\",\"inLanguage\":\"es\",\"@id\":\"https:\/\/nuevodigitaldeescobar.com.ar\/?p=12356#primaryimage\",\"url\":\"https:\/\/nuevodigitaldeescobar.com.ar\/wp-content\/uploads\/2025\/02\/sanisidroinc23.png\",\"contentUrl\":\"https:\/\/nuevodigitaldeescobar.com.ar\/wp-content\/uploads\/2025\/02\/sanisidroinc23.png\",\"width\":1280,\"height\":720},{\"@type\":\"BreadcrumbList\",\"@id\":\"https:\/\/nuevodigitaldeescobar.com.ar\/?p=12356#breadcrumb\",\"itemListElement\":[{\"@type\":\"ListItem\",\"position\":1,\"name\":\"Portada\",\"item\":\"https:\/\/nuevodigitaldeescobar.com.ar\/\"},{\"@type\":\"ListItem\",\"position\":2,\"name\":\"Explosi\u00f3n e incendio en San Isidro: un jubilado fallecido y cuatro heridos graves\"}]},{\"@type\":\"WebSite\",\"@id\":\"https:\/\/nuevodigitaldeescobar.com.ar\/#website\",\"url\":\"https:\/\/nuevodigitaldeescobar.com.ar\/\",\"name\":\"Nuevo Digital de Escobar\",\"description\":\"La vida escobarense. Directora: Rosana Brunner\",\"publisher\":{\"@id\":\"https:\/\/nuevodigitaldeescobar.com.ar\/#organization\"},\"potentialAction\":[{\"@type\":\"SearchAction\",\"target\":{\"@type\":\"EntryPoint\",\"urlTemplate\":\"https:\/\/nuevodigitaldeescobar.com.ar\/?s={search_term_string}\"},\"query-input\":{\"@type\":\"PropertyValueSpecification\",\"valueRequired\":true,\"valueName\":\"search_term_string\"}}],\"inLanguage\":\"es\"},{\"@type\":\"Organization\",\"@id\":\"https:\/\/nuevodigitaldeescobar.com.ar\/#organization\",\"name\":\"Nuevo Digital de Escobar\",\"url\":\"https:\/\/nuevodigitaldeescobar.com.ar\/\",\"logo\":{\"@type\":\"ImageObject\",\"inLanguage\":\"es\",\"@id\":\"https:\/\/nuevodigitaldeescobar.com.ar\/#\/schema\/logo\/image\/\",\"url\":\"https:\/\/nuevodigitaldeescobar.com.ar\/wp-content\/uploads\/2025\/05\/cropped-logo-nuevo2.jpg\",\"contentUrl\":\"https:\/\/nuevodigitaldeescobar.com.ar\/wp-content\/uploads\/2025\/05\/cropped-logo-nuevo2.jpg\",\"width\":305,\"height\":305,\"caption\":\"Nuevo Digital de Escobar\"},\"image\":{\"@id\":\"https:\/\/nuevodigitaldeescobar.com.ar\/#\/schema\/logo\/image\/\"},\"sameAs\":[\"https:\/\/www.facebook.com\/NUEVODigitalDeEscobar\",\"https:\/\/x.com\/nuevodigescobar\",\"https:\/\/www.instagram.com\/nuevodigitaldeescobar\"]},{\"@type\":\"Person\",\"@id\":\"https:\/\/nuevodigitaldeescobar.com.ar\/#\/schema\/person\/035e90a8efe9a80e6eec22656ad6ea4c\",\"name\":\"Redacci\u00f3n\",\"image\":{\"@type\":\"ImageObject\",\"inLanguage\":\"es\",\"@id\":\"https:\/\/nuevodigitaldeescobar.com.ar\/#\/schema\/person\/image\/\",\"url\":\"https:\/\/secure.gravatar.com\/avatar\/8af8f40000c24e9eef3034f2be5998a372bb1389e64b1a4a36b3a7979142220d?s=96&d=mm&r=g\",\"contentUrl\":\"https:\/\/secure.gravatar.com\/avatar\/8af8f40000c24e9eef3034f2be5998a372bb1389e64b1a4a36b3a7979142220d?s=96&d=mm&r=g\",\"caption\":\"Redacci\u00f3n\"},\"sameAs\":[\"http:\/\/nuevodigitaldeescobar.com.ar\"],\"url\":\"https:\/\/nuevodigitaldeescobar.com.ar\/?author=1\"}]}<\/script>\n<!-- \/ Yoast SEO plugin. -->","yoast_head_json":{"title":"Explosi\u00f3n e incendio en San Isidro: un jubilado fallecido y cuatro heridos graves - Nuevo Digital de Escobar","robots":{"index":"index","follow":"follow","max-snippet":"max-snippet:-1","max-image-preview":"max-image-preview:large","max-video-preview":"max-video-preview:-1"},"canonical":"https:\/\/nuevodigitaldeescobar.com.ar\/?p=12356","og_locale":"es_ES","og_type":"article","og_title":"Explosi\u00f3n e incendio en San Isidro: un jubilado fallecido y cuatro heridos graves - Nuevo Digital de Escobar","og_description":"Un tr\u00e1gico incidente sacudi\u00f3 la localidad bonaerense de Boulogne, en el partido de San Isidro, cuando una fuga de gas desat\u00f3 una potente explosi\u00f3n seguida [&hellip;]","og_url":"https:\/\/nuevodigitaldeescobar.com.ar\/?p=12356","og_site_name":"Nuevo Digital de Escobar","article_publisher":"https:\/\/www.facebook.com\/NUEVODigitalDeEscobar","article_published_time":"2025-02-23T03:01:00+00:00","og_image":[{"width":1280,"height":720,"url":"https:\/\/nuevodigitaldeescobar.com.ar\/wp-content\/uploads\/2025\/02\/sanisidroinc23.png","type":"image\/png"}],"author":"Redacci\u00f3n","twitter_card":"summary_large_image","twitter_creator":"@nuevodigescobar","twitter_site":"@nuevodigescobar","twitter_misc":{"Escrito por":"Redacci\u00f3n","Tiempo de lectura":"4 minutos"},"schema":{"@context":"https:\/\/schema.org","@graph":[{"@type":"Article","@id":"https:\/\/nuevodigitaldeescobar.com.ar\/?p=12356#article","isPartOf":{"@id":"https:\/\/nuevodigitaldeescobar.com.ar\/?p=12356"},"author":{"name":"Redacci\u00f3n","@id":"https:\/\/nuevodigitaldeescobar.com.ar\/#\/schema\/person\/035e90a8efe9a80e6eec22656ad6ea4c"},"headline":"Explosi\u00f3n e incendio en San Isidro: un jubilado fallecido y cuatro heridos graves","datePublished":"2025-02-23T03:01:00+00:00","mainEntityOfPage":{"@id":"https:\/\/nuevodigitaldeescobar.com.ar\/?p=12356"},"wordCount":775,"commentCount":0,"publisher":{"@id":"https:\/\/nuevodigitaldeescobar.com.ar\/#organization"},"image":{"@id":"https:\/\/nuevodigitaldeescobar.com.ar\/?p=12356#primaryimage"},"thumbnailUrl":"https:\/\/nuevodigitaldeescobar.com.ar\/wp-content\/uploads\/2025\/02\/sanisidroinc23.png","articleSection":["Policiales"],"inLanguage":"es","potentialAction":[{"@type":"CommentAction","name":"Comment","target":["https:\/\/nuevodigitaldeescobar.com.ar\/?p=12356#respond"]}]},{"@type":"WebPage","@id":"https:\/\/nuevodigitaldeescobar.com.ar\/?p=12356","url":"https:\/\/nuevodigitaldeescobar.com.ar\/?p=12356","name":"Explosi\u00f3n e incendio en San Isidro: un jubilado fallecido y cuatro heridos graves - Nuevo Digital de Escobar","isPartOf":{"@id":"https:\/\/nuevodigitaldeescobar.com.ar\/#website"},"primaryImageOfPage":{"@id":"https:\/\/nuevodigitaldeescobar.com.ar\/?p=12356#primaryimage"},"image":{"@id":"https:\/\/nuevodigitaldeescobar.com.ar\/?p=12356#primaryimage"},"thumbnailUrl":"https:\/\/nuevodigitaldeescobar.com.ar\/wp-content\/uploads\/2025\/02\/sanisidroinc23.png","datePublished":"2025-02-23T03:01:00+00:00","breadcrumb":{"@id":"https:\/\/nuevodigitaldeescobar.com.ar\/?p=12356#breadcrumb"},"inLanguage":"es","potentialAction":[{"@type":"ReadAction","target":["https:\/\/nuevodigitaldeescobar.com.ar\/?p=12356"]}]},{"@type":"ImageObject","inLanguage":"es","@id":"https:\/\/nuevodigitaldeescobar.com.ar\/?p=12356#primaryimage","url":"https:\/\/nuevodigitaldeescobar.com.ar\/wp-content\/uploads\/2025\/02\/sanisidroinc23.png","contentUrl":"https:\/\/nuevodigitaldeescobar.com.ar\/wp-content\/uploads\/2025\/02\/sanisidroinc23.png","width":1280,"height":720},{"@type":"BreadcrumbList","@id":"https:\/\/nuevodigitaldeescobar.com.ar\/?p=12356#breadcrumb","itemListElement":[{"@type":"ListItem","position":1,"name":"Portada","item":"https:\/\/nuevodigitaldeescobar.com.ar\/"},{"@type":"ListItem","position":2,"name":"Explosi\u00f3n e incendio en San Isidro: un jubilado fallecido y cuatro heridos graves"}]},{"@type":"WebSite","@id":"https:\/\/nuevodigitaldeescobar.com.ar\/#website","url":"https:\/\/nuevodigitaldeescobar.com.ar\/","name":"Nuevo Digital de Escobar","description":"La vida escobarense. Directora: Rosana Brunner","publisher":{"@id":"https:\/\/nuevodigitaldeescobar.com.ar\/#organization"},"potentialAction":[{"@type":"SearchAction","target":{"@type":"EntryPoint","urlTemplate":"https:\/\/nuevodigitaldeescobar.com.ar\/?s={search_term_string}"},"query-input":{"@type":"PropertyValueSpecification","valueRequired":true,"valueName":"search_term_string"}}],"inLanguage":"es"},{"@type":"Organization","@id":"https:\/\/nuevodigitaldeescobar.com.ar\/#organization","name":"Nuevo Digital de Escobar","url":"https:\/\/nuevodigitaldeescobar.com.ar\/","logo":{"@type":"ImageObject","inLanguage":"es","@id":"https:\/\/nuevodigitaldeescobar.com.ar\/#\/schema\/logo\/image\/","url":"https:\/\/nuevodigitaldeescobar.com.ar\/wp-content\/uploads\/2025\/05\/cropped-logo-nuevo2.jpg","contentUrl":"https:\/\/nuevodigitaldeescobar.com.ar\/wp-content\/uploads\/2025\/05\/cropped-logo-nuevo2.jpg","width":305,"height":305,"caption":"Nuevo Digital de Escobar"},"image":{"@id":"https:\/\/nuevodigitaldeescobar.com.ar\/#\/schema\/logo\/image\/"},"sameAs":["https:\/\/www.facebook.com\/NUEVODigitalDeEscobar","https:\/\/x.com\/nuevodigescobar","https:\/\/www.instagram.com\/nuevodigitaldeescobar"]},{"@type":"Person","@id":"https:\/\/nuevodigitaldeescobar.com.ar\/#\/schema\/person\/035e90a8efe9a80e6eec22656ad6ea4c","name":"Redacci\u00f3n","image":{"@type":"ImageObject","inLanguage":"es","@id":"https:\/\/nuevodigitaldeescobar.com.ar\/#\/schema\/person\/image\/","url":"https:\/\/secure.gravatar.com\/avatar\/8af8f40000c24e9eef3034f2be5998a372bb1389e64b1a4a36b3a7979142220d?s=96&d=mm&r=g","contentUrl":"https:\/\/secure.gravatar.com\/avatar\/8af8f40000c24e9eef3034f2be5998a372bb1389e64b1a4a36b3a7979142220d?s=96&d=mm&r=g","caption":"Redacci\u00f3n"},"sameAs":["http:\/\/nuevodigitaldeescobar.com.ar"],"url":"https:\/\/nuevodigitaldeescobar.com.ar\/?author=1"}]}},"featured_image_urls":{"full":["https:\/\/nuevodigitaldeescobar.com.ar\/wp-content\/uploads\/2025\/02\/sanisidroinc23.png",1280,720,false],"thumbnail":["https:\/\/nuevodigitaldeescobar.com.ar\/wp-content\/uploads\/2025\/02\/sanisidroinc23-150x150.png",150,150,true],"medium":["https:\/\/nuevodigitaldeescobar.com.ar\/wp-content\/uploads\/2025\/02\/sanisidroinc23-300x169.png",300,169,true],"medium_large":["https:\/\/nuevodigitaldeescobar.com.ar\/wp-content\/uploads\/2025\/02\/sanisidroinc23-768x432.png",640,360,true],"large":["https:\/\/nuevodigitaldeescobar.com.ar\/wp-content\/uploads\/2025\/02\/sanisidroinc23-1024x576.png",640,360,true],"1536x1536":["https:\/\/nuevodigitaldeescobar.com.ar\/wp-content\/uploads\/2025\/02\/sanisidroinc23.png",1280,720,false],"2048x2048":["https:\/\/nuevodigitaldeescobar.com.ar\/wp-content\/uploads\/2025\/02\/sanisidroinc23.png",1280,720,false]},"author_info":{"display_name":"Redacci\u00f3n","author_link":"https:\/\/nuevodigitaldeescobar.com.ar\/?author=1"},"category_info":"<a href=\"https:\/\/nuevodigitaldeescobar.com.ar\/?cat=13\" rel=\"category\">Policiales<\/a>","tag_info":"Policiales","comment_count":"0","_links":{"self":[{"href":"https:\/\/nuevodigitaldeescobar.com.ar\/index.php?rest_route=\/wp\/v2\/posts\/12356","targetHints":{"allow":["GET"]}}],"collection":[{"href":"https:\/\/nuevodigitaldeescobar.com.ar\/index.php?rest_route=\/wp\/v2\/posts"}],"about":[{"href":"https:\/\/nuevodigitaldeescobar.com.ar\/index.php?rest_route=\/wp\/v2\/types\/post"}],"author":[{"embeddable":true,"href":"https:\/\/nuevodigitaldeescobar.com.ar\/index.php?rest_route=\/wp\/v2\/users\/1"}],"replies":[{"embeddable":true,"href":"https:\/\/nuevodigitaldeescobar.com.ar\/index.php?rest_route=%2Fwp%2Fv2%2Fcomments&post=12356"}],"version-history":[{"count":1,"href":"https:\/\/nuevodigitaldeescobar.com.ar\/index.php?rest_route=\/wp\/v2\/posts\/12356\/revisions"}],"predecessor-version":[{"id":12359,"href":"https:\/\/nuevodigitaldeescobar.com.ar\/index.php?rest_route=\/wp\/v2\/posts\/12356\/revisions\/12359"}],"wp:featuredmedia":[{"embeddable":true,"href":"https:\/\/nuevodigitaldeescobar.com.ar\/index.php?rest_route=\/wp\/v2\/media\/12358"}],"wp:attachment":[{"href":"https:\/\/nuevodigitaldeescobar.com.ar\/index.php?rest_route=%2Fwp%2Fv2%2Fmedia&parent=12356"}],"wp:term":[{"taxonomy":"category","embeddable":true,"href":"https:\/\/nuevodigitaldeescobar.com.ar\/index.php?rest_route=%2Fwp%2Fv2%2Fcategories&post=12356"},{"taxonomy":"post_tag","embeddable":true,"href":"https:\/\/nuevodigitaldeescobar.com.ar\/index.php?rest_route=%2Fwp%2Fv2%2Ftags&post=12356"}],"curies":[{"name":"wp","href":"https:\/\/api.w.org\/{rel}","templated":true}]}}