{"id":12519,"date":"2025-02-28T00:15:00","date_gmt":"2025-02-28T03:15:00","guid":{"rendered":"https:\/\/nuevodigitaldeescobar.com.ar\/?p=12519"},"modified":"2025-02-27T23:51:24","modified_gmt":"2025-02-28T02:51:24","slug":"reforma-en-las-fuerzas-armadas-de-ee-uu-el-ejercito-dara-de-baja-a-soldados-trans","status":"publish","type":"post","link":"https:\/\/nuevodigitaldeescobar.com.ar\/?p=12519","title":{"rendered":"Reforma en las Fuerzas Armadas de EE.UU.: el Ej\u00e9rcito dar\u00e1 de baja a soldados trans"},"content":{"rendered":"\n<p class=\"has-vivid-cyan-blue-color has-text-color has-link-color wp-elements-8a5396e5df72c8794e65781cefe45824\"><em><strong>En una medida que marca un dr\u00e1stico giro en la pol\u00edtica del Departamento de Defensa de Estados Unidos, el Pent\u00e1gono orden\u00f3 la descalificaci\u00f3n y retiro de los miembros abiertamente transg\u00e9nero del Ej\u00e9rcito. La decisi\u00f3n, reflejada en un memorando oficial, representa un cambio significativo respecto de la normativa anterior, que prohib\u00eda la discriminaci\u00f3n basada en la identidad de g\u00e9nero dentro de las Fuerzas Armadas.<\/strong><\/em><\/p>\n\n\n\n<!--more-->\n\n\n\n<p>El documento se hizo p\u00fablico en el marco de una demanda interpuesta por organizaciones de derechos LGBTQ+ contra una orden ejecutiva reciente del presidente Donald Trump. En dicha orden, se argumenta que las restricciones m\u00e9dicas, quir\u00fargicas y de salud mental relacionadas con la disforia de g\u00e9nero son <em>\u00abincompatibles\u00bb<\/em> con los altos est\u00e1ndares de las tropas estadounidenses.<\/p>\n\n\n\n<p>El nuevo memorando instruye a los secretarios de cada rama militar a identificar en un plazo de 30 d\u00edas a los miembros del servicio que tengan antecedentes de disforia de g\u00e9nero o que hayan recibido tratamiento para dicha condici\u00f3n. Una vez identificados, se les aplicar\u00e1 un procedimiento de separaci\u00f3n que podr\u00eda ejecutarse en otros 30 d\u00edas.<\/p>\n\n\n\n<p>Si bien se establecen excepciones para aquellos que desempe\u00f1an funciones cr\u00edticas en combate, la regla general es la desvinculaci\u00f3n de cualquier persona que haya sido diagnosticada con disforia de g\u00e9nero, tenga antecedentes de la condici\u00f3n o haya recibido tratamiento m\u00e9dico relacionado. Asimismo, se especifica que el Ej\u00e9rcito dejar\u00e1 de financiar cualquier tratamiento o cirug\u00eda vinculados con la identidad de g\u00e9nero.<\/p>\n\n\n<div class=\"wp-block-image is-style-rounded\">\n<figure class=\"aligncenter size-full is-resized\"><img fetchpriority=\"high\" decoding=\"async\" width=\"698\" height=\"724\" src=\"https:\/\/nuevodigitaldeescobar.com.ar\/wp-content\/uploads\/2025\/02\/spartapride23.png\" alt=\"\" class=\"wp-image-12521\" style=\"width:430px;height:auto\" srcset=\"https:\/\/nuevodigitaldeescobar.com.ar\/wp-content\/uploads\/2025\/02\/spartapride23.png 698w, https:\/\/nuevodigitaldeescobar.com.ar\/wp-content\/uploads\/2025\/02\/spartapride23-289x300.png 289w\" sizes=\"(max-width: 698px) 100vw, 698px\" \/><\/figure><\/div>\n\n\n<p>Las reacciones de los grupos defensores de derechos humanos no se hicieron esperar. <strong><em>SPARTA Pride<\/em><\/strong>, una organizaci\u00f3n que aboga por los derechos de los militares transg\u00e9nero, asegur\u00f3 que miles de ellos han servido en el Ej\u00e9rcito con distinci\u00f3n y que la medida representa un retroceso en materia de derechos e inclusi\u00f3n.<\/p>\n\n\n\n<p><em>\u00abLos miembros transg\u00e9nero han demostrado valent\u00eda y compromiso con su pa\u00eds. Ninguna pol\u00edtica podr\u00e1 borrar su contribuci\u00f3n a la historia y a la defensa de los valores estadounidenses\u00bb<\/em>, se\u00f1al\u00f3 la organizaci\u00f3n en un comunicado.<\/p>\n\n\n\n<p>Si bien no hay cifras exactas sobre la cantidad de personas transg\u00e9nero en las filas del Ej\u00e9rcito, se estima que representan menos del 1% del total de efectivos en activo, la reserva y la Guardia Nacional. En 2016, la administraci\u00f3n de Barack Obama hab\u00eda derogado la prohibici\u00f3n de su servicio y, seg\u00fan estudios posteriores, la inclusi\u00f3n de personal trans no hab\u00eda generado impacto negativo en la cohesi\u00f3n ni en la operatividad de las tropas.<\/p>\n\n\n\n<p>La pol\u00edtica de exclusi\u00f3n de personas transg\u00e9nero del servicio militar ya hab\u00eda sido implementada parcialmente durante el primer mandato de Trump. En 2019, el Tribunal Supremo respald\u00f3 una medida que prohib\u00eda su ingreso, aunque permit\u00eda la permanencia de quienes ya estuvieran en servicio. Esta nueva orden del Pent\u00e1gono va un paso m\u00e1s all\u00e1 al establecer la expulsi\u00f3n de los efectivos transg\u00e9nero activos.<\/p>\n\n\n\n<p>La medida ha sido impugnada en los tribunales, y el Tribunal de Distrito de Estados Unidos para el Distrito de Columbia evaluar\u00e1 una petici\u00f3n para bloquear su aplicaci\u00f3n hasta que se resuelva la demanda en curso. Se espera que la pr\u00f3xima audiencia tenga lugar el mes pr\u00f3ximo.<\/p>\n","protected":false},"excerpt":{"rendered":"<p>En una medida que marca un dr\u00e1stico giro en la pol\u00edtica del Departamento de Defensa de Estados Unidos, el Pent\u00e1gono orden\u00f3 la descalificaci\u00f3n y retiro [&hellip;]<\/p>\n","protected":false},"author":1,"featured_media":12520,"comment_status":"open","ping_status":"open","sticky":false,"template":"","format":"standard","meta":{"footnotes":""},"categories":[285],"tags":[],"class_list":["post-12519","post","type-post","status-publish","format-standard","has-post-thumbnail","hentry","category-internacionales"],"better_featured_image":{"id":12520,"alt_text":"","caption":"","description":"","media_type":"image","media_details":{"width":880,"height":582,"file":"2025\/02\/eeuuejerc21.jpg","filesize":76933,"sizes":{"medium":{"file":"eeuuejerc21-300x198.jpg","width":300,"height":198,"mime-type":"image\/jpeg","filesize":17666,"source_url":"https:\/\/nuevodigitaldeescobar.com.ar\/wp-content\/uploads\/2025\/02\/eeuuejerc21-300x198.jpg"},"thumbnail":{"file":"eeuuejerc21-150x150.jpg","width":150,"height":150,"mime-type":"image\/jpeg","filesize":7669,"source_url":"https:\/\/nuevodigitaldeescobar.com.ar\/wp-content\/uploads\/2025\/02\/eeuuejerc21-150x150.jpg"},"medium_large":{"file":"eeuuejerc21-768x508.jpg","width":768,"height":508,"mime-type":"image\/jpeg","filesize":78362,"source_url":"https:\/\/nuevodigitaldeescobar.com.ar\/wp-content\/uploads\/2025\/02\/eeuuejerc21-768x508.jpg"}},"image_meta":{"aperture":"0","credit":"","camera":"","caption":"","created_timestamp":"0","copyright":"","focal_length":"0","iso":"0","shutter_speed":"0","title":"","orientation":"0","keywords":[]}},"post":12519,"source_url":"https:\/\/nuevodigitaldeescobar.com.ar\/wp-content\/uploads\/2025\/02\/eeuuejerc21.jpg"},"yoast_head":"<!-- This site is optimized with the Yoast SEO plugin v26.1.1 - https:\/\/yoast.com\/wordpress\/plugins\/seo\/ -->\n<title>Reforma en las Fuerzas Armadas de EE.UU.: el Ej\u00e9rcito dar\u00e1 de baja a soldados trans - Nuevo Digital de Escobar<\/title>\n<meta name=\"robots\" content=\"index, follow, max-snippet:-1, max-image-preview:large, max-video-preview:-1\" \/>\n<link rel=\"canonical\" href=\"https:\/\/nuevodigitaldeescobar.com.ar\/?p=12519\" \/>\n<meta property=\"og:locale\" content=\"es_ES\" \/>\n<meta property=\"og:type\" content=\"article\" \/>\n<meta property=\"og:title\" content=\"Reforma en las Fuerzas Armadas de EE.UU.: el Ej\u00e9rcito dar\u00e1 de baja a soldados trans - Nuevo Digital de Escobar\" \/>\n<meta property=\"og:description\" content=\"En una medida que marca un dr\u00e1stico giro en la pol\u00edtica del Departamento de Defensa de Estados Unidos, el Pent\u00e1gono orden\u00f3 la descalificaci\u00f3n y retiro [&hellip;]\" \/>\n<meta property=\"og:url\" content=\"https:\/\/nuevodigitaldeescobar.com.ar\/?p=12519\" \/>\n<meta property=\"og:site_name\" content=\"Nuevo Digital de Escobar\" \/>\n<meta property=\"article:publisher\" content=\"https:\/\/www.facebook.com\/NUEVODigitalDeEscobar\" \/>\n<meta property=\"article:published_time\" content=\"2025-02-28T03:15:00+00:00\" \/>\n<meta property=\"og:image\" content=\"https:\/\/nuevodigitaldeescobar.com.ar\/wp-content\/uploads\/2025\/02\/eeuuejerc21.jpg\" \/>\n\t<meta property=\"og:image:width\" content=\"880\" \/>\n\t<meta property=\"og:image:height\" content=\"582\" \/>\n\t<meta property=\"og:image:type\" content=\"image\/jpeg\" \/>\n<meta name=\"author\" content=\"Redacci\u00f3n\" \/>\n<meta name=\"twitter:card\" content=\"summary_large_image\" \/>\n<meta name=\"twitter:creator\" content=\"@nuevodigescobar\" \/>\n<meta name=\"twitter:site\" content=\"@nuevodigescobar\" \/>\n<meta name=\"twitter:label1\" content=\"Escrito por\" \/>\n\t<meta name=\"twitter:data1\" content=\"Redacci\u00f3n\" \/>\n\t<meta name=\"twitter:label2\" content=\"Tiempo de lectura\" \/>\n\t<meta name=\"twitter:data2\" content=\"3 minutos\" \/>\n<script type=\"application\/ld+json\" class=\"yoast-schema-graph\">{\"@context\":\"https:\/\/schema.org\",\"@graph\":[{\"@type\":\"Article\",\"@id\":\"https:\/\/nuevodigitaldeescobar.com.ar\/?p=12519#article\",\"isPartOf\":{\"@id\":\"https:\/\/nuevodigitaldeescobar.com.ar\/?p=12519\"},\"author\":{\"name\":\"Redacci\u00f3n\",\"@id\":\"https:\/\/nuevodigitaldeescobar.com.ar\/#\/schema\/person\/035e90a8efe9a80e6eec22656ad6ea4c\"},\"headline\":\"Reforma en las Fuerzas Armadas de EE.UU.: el Ej\u00e9rcito dar\u00e1 de baja a soldados trans\",\"datePublished\":\"2025-02-28T03:15:00+00:00\",\"mainEntityOfPage\":{\"@id\":\"https:\/\/nuevodigitaldeescobar.com.ar\/?p=12519\"},\"wordCount\":580,\"commentCount\":0,\"publisher\":{\"@id\":\"https:\/\/nuevodigitaldeescobar.com.ar\/#organization\"},\"image\":{\"@id\":\"https:\/\/nuevodigitaldeescobar.com.ar\/?p=12519#primaryimage\"},\"thumbnailUrl\":\"https:\/\/nuevodigitaldeescobar.com.ar\/wp-content\/uploads\/2025\/02\/eeuuejerc21.jpg\",\"articleSection\":[\"Internacionales\"],\"inLanguage\":\"es\",\"potentialAction\":[{\"@type\":\"CommentAction\",\"name\":\"Comment\",\"target\":[\"https:\/\/nuevodigitaldeescobar.com.ar\/?p=12519#respond\"]}]},{\"@type\":\"WebPage\",\"@id\":\"https:\/\/nuevodigitaldeescobar.com.ar\/?p=12519\",\"url\":\"https:\/\/nuevodigitaldeescobar.com.ar\/?p=12519\",\"name\":\"Reforma en las Fuerzas Armadas de EE.UU.: el Ej\u00e9rcito dar\u00e1 de baja a soldados trans - Nuevo Digital de Escobar\",\"isPartOf\":{\"@id\":\"https:\/\/nuevodigitaldeescobar.com.ar\/#website\"},\"primaryImageOfPage\":{\"@id\":\"https:\/\/nuevodigitaldeescobar.com.ar\/?p=12519#primaryimage\"},\"image\":{\"@id\":\"https:\/\/nuevodigitaldeescobar.com.ar\/?p=12519#primaryimage\"},\"thumbnailUrl\":\"https:\/\/nuevodigitaldeescobar.com.ar\/wp-content\/uploads\/2025\/02\/eeuuejerc21.jpg\",\"datePublished\":\"2025-02-28T03:15:00+00:00\",\"breadcrumb\":{\"@id\":\"https:\/\/nuevodigitaldeescobar.com.ar\/?p=12519#breadcrumb\"},\"inLanguage\":\"es\",\"potentialAction\":[{\"@type\":\"ReadAction\",\"target\":[\"https:\/\/nuevodigitaldeescobar.com.ar\/?p=12519\"]}]},{\"@type\":\"ImageObject\",\"inLanguage\":\"es\",\"@id\":\"https:\/\/nuevodigitaldeescobar.com.ar\/?p=12519#primaryimage\",\"url\":\"https:\/\/nuevodigitaldeescobar.com.ar\/wp-content\/uploads\/2025\/02\/eeuuejerc21.jpg\",\"contentUrl\":\"https:\/\/nuevodigitaldeescobar.com.ar\/wp-content\/uploads\/2025\/02\/eeuuejerc21.jpg\",\"width\":880,\"height\":582},{\"@type\":\"BreadcrumbList\",\"@id\":\"https:\/\/nuevodigitaldeescobar.com.ar\/?p=12519#breadcrumb\",\"itemListElement\":[{\"@type\":\"ListItem\",\"position\":1,\"name\":\"Portada\",\"item\":\"https:\/\/nuevodigitaldeescobar.com.ar\/\"},{\"@type\":\"ListItem\",\"position\":2,\"name\":\"Reforma en las Fuerzas Armadas de EE.UU.: el Ej\u00e9rcito dar\u00e1 de baja a soldados trans\"}]},{\"@type\":\"WebSite\",\"@id\":\"https:\/\/nuevodigitaldeescobar.com.ar\/#website\",\"url\":\"https:\/\/nuevodigitaldeescobar.com.ar\/\",\"name\":\"Nuevo Digital de Escobar\",\"description\":\"La vida escobarense. Directora: Rosana Brunner\",\"publisher\":{\"@id\":\"https:\/\/nuevodigitaldeescobar.com.ar\/#organization\"},\"potentialAction\":[{\"@type\":\"SearchAction\",\"target\":{\"@type\":\"EntryPoint\",\"urlTemplate\":\"https:\/\/nuevodigitaldeescobar.com.ar\/?s={search_term_string}\"},\"query-input\":{\"@type\":\"PropertyValueSpecification\",\"valueRequired\":true,\"valueName\":\"search_term_string\"}}],\"inLanguage\":\"es\"},{\"@type\":\"Organization\",\"@id\":\"https:\/\/nuevodigitaldeescobar.com.ar\/#organization\",\"name\":\"Nuevo Digital de Escobar\",\"url\":\"https:\/\/nuevodigitaldeescobar.com.ar\/\",\"logo\":{\"@type\":\"ImageObject\",\"inLanguage\":\"es\",\"@id\":\"https:\/\/nuevodigitaldeescobar.com.ar\/#\/schema\/logo\/image\/\",\"url\":\"https:\/\/nuevodigitaldeescobar.com.ar\/wp-content\/uploads\/2025\/05\/cropped-logo-nuevo2.jpg\",\"contentUrl\":\"https:\/\/nuevodigitaldeescobar.com.ar\/wp-content\/uploads\/2025\/05\/cropped-logo-nuevo2.jpg\",\"width\":305,\"height\":305,\"caption\":\"Nuevo Digital de Escobar\"},\"image\":{\"@id\":\"https:\/\/nuevodigitaldeescobar.com.ar\/#\/schema\/logo\/image\/\"},\"sameAs\":[\"https:\/\/www.facebook.com\/NUEVODigitalDeEscobar\",\"https:\/\/x.com\/nuevodigescobar\",\"https:\/\/www.instagram.com\/nuevodigitaldeescobar\"]},{\"@type\":\"Person\",\"@id\":\"https:\/\/nuevodigitaldeescobar.com.ar\/#\/schema\/person\/035e90a8efe9a80e6eec22656ad6ea4c\",\"name\":\"Redacci\u00f3n\",\"image\":{\"@type\":\"ImageObject\",\"inLanguage\":\"es\",\"@id\":\"https:\/\/nuevodigitaldeescobar.com.ar\/#\/schema\/person\/image\/\",\"url\":\"https:\/\/secure.gravatar.com\/avatar\/8af8f40000c24e9eef3034f2be5998a372bb1389e64b1a4a36b3a7979142220d?s=96&d=mm&r=g\",\"contentUrl\":\"https:\/\/secure.gravatar.com\/avatar\/8af8f40000c24e9eef3034f2be5998a372bb1389e64b1a4a36b3a7979142220d?s=96&d=mm&r=g\",\"caption\":\"Redacci\u00f3n\"},\"sameAs\":[\"http:\/\/nuevodigitaldeescobar.com.ar\"],\"url\":\"https:\/\/nuevodigitaldeescobar.com.ar\/?author=1\"}]}<\/script>\n<!-- \/ Yoast SEO plugin. -->","yoast_head_json":{"title":"Reforma en las Fuerzas Armadas de EE.UU.: el Ej\u00e9rcito dar\u00e1 de baja a soldados trans - Nuevo Digital de Escobar","robots":{"index":"index","follow":"follow","max-snippet":"max-snippet:-1","max-image-preview":"max-image-preview:large","max-video-preview":"max-video-preview:-1"},"canonical":"https:\/\/nuevodigitaldeescobar.com.ar\/?p=12519","og_locale":"es_ES","og_type":"article","og_title":"Reforma en las Fuerzas Armadas de EE.UU.: el Ej\u00e9rcito dar\u00e1 de baja a soldados trans - Nuevo Digital de Escobar","og_description":"En una medida que marca un dr\u00e1stico giro en la pol\u00edtica del Departamento de Defensa de Estados Unidos, el Pent\u00e1gono orden\u00f3 la descalificaci\u00f3n y retiro [&hellip;]","og_url":"https:\/\/nuevodigitaldeescobar.com.ar\/?p=12519","og_site_name":"Nuevo Digital de Escobar","article_publisher":"https:\/\/www.facebook.com\/NUEVODigitalDeEscobar","article_published_time":"2025-02-28T03:15:00+00:00","og_image":[{"width":880,"height":582,"url":"https:\/\/nuevodigitaldeescobar.com.ar\/wp-content\/uploads\/2025\/02\/eeuuejerc21.jpg","type":"image\/jpeg"}],"author":"Redacci\u00f3n","twitter_card":"summary_large_image","twitter_creator":"@nuevodigescobar","twitter_site":"@nuevodigescobar","twitter_misc":{"Escrito por":"Redacci\u00f3n","Tiempo de lectura":"3 minutos"},"schema":{"@context":"https:\/\/schema.org","@graph":[{"@type":"Article","@id":"https:\/\/nuevodigitaldeescobar.com.ar\/?p=12519#article","isPartOf":{"@id":"https:\/\/nuevodigitaldeescobar.com.ar\/?p=12519"},"author":{"name":"Redacci\u00f3n","@id":"https:\/\/nuevodigitaldeescobar.com.ar\/#\/schema\/person\/035e90a8efe9a80e6eec22656ad6ea4c"},"headline":"Reforma en las Fuerzas Armadas de EE.UU.: el Ej\u00e9rcito dar\u00e1 de baja a soldados trans","datePublished":"2025-02-28T03:15:00+00:00","mainEntityOfPage":{"@id":"https:\/\/nuevodigitaldeescobar.com.ar\/?p=12519"},"wordCount":580,"commentCount":0,"publisher":{"@id":"https:\/\/nuevodigitaldeescobar.com.ar\/#organization"},"image":{"@id":"https:\/\/nuevodigitaldeescobar.com.ar\/?p=12519#primaryimage"},"thumbnailUrl":"https:\/\/nuevodigitaldeescobar.com.ar\/wp-content\/uploads\/2025\/02\/eeuuejerc21.jpg","articleSection":["Internacionales"],"inLanguage":"es","potentialAction":[{"@type":"CommentAction","name":"Comment","target":["https:\/\/nuevodigitaldeescobar.com.ar\/?p=12519#respond"]}]},{"@type":"WebPage","@id":"https:\/\/nuevodigitaldeescobar.com.ar\/?p=12519","url":"https:\/\/nuevodigitaldeescobar.com.ar\/?p=12519","name":"Reforma en las Fuerzas Armadas de EE.UU.: el Ej\u00e9rcito dar\u00e1 de baja a soldados trans - Nuevo Digital de Escobar","isPartOf":{"@id":"https:\/\/nuevodigitaldeescobar.com.ar\/#website"},"primaryImageOfPage":{"@id":"https:\/\/nuevodigitaldeescobar.com.ar\/?p=12519#primaryimage"},"image":{"@id":"https:\/\/nuevodigitaldeescobar.com.ar\/?p=12519#primaryimage"},"thumbnailUrl":"https:\/\/nuevodigitaldeescobar.com.ar\/wp-content\/uploads\/2025\/02\/eeuuejerc21.jpg","datePublished":"2025-02-28T03:15:00+00:00","breadcrumb":{"@id":"https:\/\/nuevodigitaldeescobar.com.ar\/?p=12519#breadcrumb"},"inLanguage":"es","potentialAction":[{"@type":"ReadAction","target":["https:\/\/nuevodigitaldeescobar.com.ar\/?p=12519"]}]},{"@type":"ImageObject","inLanguage":"es","@id":"https:\/\/nuevodigitaldeescobar.com.ar\/?p=12519#primaryimage","url":"https:\/\/nuevodigitaldeescobar.com.ar\/wp-content\/uploads\/2025\/02\/eeuuejerc21.jpg","contentUrl":"https:\/\/nuevodigitaldeescobar.com.ar\/wp-content\/uploads\/2025\/02\/eeuuejerc21.jpg","width":880,"height":582},{"@type":"BreadcrumbList","@id":"https:\/\/nuevodigitaldeescobar.com.ar\/?p=12519#breadcrumb","itemListElement":[{"@type":"ListItem","position":1,"name":"Portada","item":"https:\/\/nuevodigitaldeescobar.com.ar\/"},{"@type":"ListItem","position":2,"name":"Reforma en las Fuerzas Armadas de EE.UU.: el Ej\u00e9rcito dar\u00e1 de baja a soldados trans"}]},{"@type":"WebSite","@id":"https:\/\/nuevodigitaldeescobar.com.ar\/#website","url":"https:\/\/nuevodigitaldeescobar.com.ar\/","name":"Nuevo Digital de Escobar","description":"La vida escobarense. Directora: Rosana Brunner","publisher":{"@id":"https:\/\/nuevodigitaldeescobar.com.ar\/#organization"},"potentialAction":[{"@type":"SearchAction","target":{"@type":"EntryPoint","urlTemplate":"https:\/\/nuevodigitaldeescobar.com.ar\/?s={search_term_string}"},"query-input":{"@type":"PropertyValueSpecification","valueRequired":true,"valueName":"search_term_string"}}],"inLanguage":"es"},{"@type":"Organization","@id":"https:\/\/nuevodigitaldeescobar.com.ar\/#organization","name":"Nuevo Digital de Escobar","url":"https:\/\/nuevodigitaldeescobar.com.ar\/","logo":{"@type":"ImageObject","inLanguage":"es","@id":"https:\/\/nuevodigitaldeescobar.com.ar\/#\/schema\/logo\/image\/","url":"https:\/\/nuevodigitaldeescobar.com.ar\/wp-content\/uploads\/2025\/05\/cropped-logo-nuevo2.jpg","contentUrl":"https:\/\/nuevodigitaldeescobar.com.ar\/wp-content\/uploads\/2025\/05\/cropped-logo-nuevo2.jpg","width":305,"height":305,"caption":"Nuevo Digital de Escobar"},"image":{"@id":"https:\/\/nuevodigitaldeescobar.com.ar\/#\/schema\/logo\/image\/"},"sameAs":["https:\/\/www.facebook.com\/NUEVODigitalDeEscobar","https:\/\/x.com\/nuevodigescobar","https:\/\/www.instagram.com\/nuevodigitaldeescobar"]},{"@type":"Person","@id":"https:\/\/nuevodigitaldeescobar.com.ar\/#\/schema\/person\/035e90a8efe9a80e6eec22656ad6ea4c","name":"Redacci\u00f3n","image":{"@type":"ImageObject","inLanguage":"es","@id":"https:\/\/nuevodigitaldeescobar.com.ar\/#\/schema\/person\/image\/","url":"https:\/\/secure.gravatar.com\/avatar\/8af8f40000c24e9eef3034f2be5998a372bb1389e64b1a4a36b3a7979142220d?s=96&d=mm&r=g","contentUrl":"https:\/\/secure.gravatar.com\/avatar\/8af8f40000c24e9eef3034f2be5998a372bb1389e64b1a4a36b3a7979142220d?s=96&d=mm&r=g","caption":"Redacci\u00f3n"},"sameAs":["http:\/\/nuevodigitaldeescobar.com.ar"],"url":"https:\/\/nuevodigitaldeescobar.com.ar\/?author=1"}]}},"featured_image_urls":{"full":["https:\/\/nuevodigitaldeescobar.com.ar\/wp-content\/uploads\/2025\/02\/eeuuejerc21.jpg",880,582,false],"thumbnail":["https:\/\/nuevodigitaldeescobar.com.ar\/wp-content\/uploads\/2025\/02\/eeuuejerc21-150x150.jpg",150,150,true],"medium":["https:\/\/nuevodigitaldeescobar.com.ar\/wp-content\/uploads\/2025\/02\/eeuuejerc21-300x198.jpg",300,198,true],"medium_large":["https:\/\/nuevodigitaldeescobar.com.ar\/wp-content\/uploads\/2025\/02\/eeuuejerc21-768x508.jpg",640,423,true],"large":["https:\/\/nuevodigitaldeescobar.com.ar\/wp-content\/uploads\/2025\/02\/eeuuejerc21.jpg",640,423,false],"1536x1536":["https:\/\/nuevodigitaldeescobar.com.ar\/wp-content\/uploads\/2025\/02\/eeuuejerc21.jpg",880,582,false],"2048x2048":["https:\/\/nuevodigitaldeescobar.com.ar\/wp-content\/uploads\/2025\/02\/eeuuejerc21.jpg",880,582,false]},"author_info":{"display_name":"Redacci\u00f3n","author_link":"https:\/\/nuevodigitaldeescobar.com.ar\/?author=1"},"category_info":"<a href=\"https:\/\/nuevodigitaldeescobar.com.ar\/?cat=285\" rel=\"category\">Internacionales<\/a>","tag_info":"Internacionales","comment_count":"0","_links":{"self":[{"href":"https:\/\/nuevodigitaldeescobar.com.ar\/index.php?rest_route=\/wp\/v2\/posts\/12519","targetHints":{"allow":["GET"]}}],"collection":[{"href":"https:\/\/nuevodigitaldeescobar.com.ar\/index.php?rest_route=\/wp\/v2\/posts"}],"about":[{"href":"https:\/\/nuevodigitaldeescobar.com.ar\/index.php?rest_route=\/wp\/v2\/types\/post"}],"author":[{"embeddable":true,"href":"https:\/\/nuevodigitaldeescobar.com.ar\/index.php?rest_route=\/wp\/v2\/users\/1"}],"replies":[{"embeddable":true,"href":"https:\/\/nuevodigitaldeescobar.com.ar\/index.php?rest_route=%2Fwp%2Fv2%2Fcomments&post=12519"}],"version-history":[{"count":1,"href":"https:\/\/nuevodigitaldeescobar.com.ar\/index.php?rest_route=\/wp\/v2\/posts\/12519\/revisions"}],"predecessor-version":[{"id":12522,"href":"https:\/\/nuevodigitaldeescobar.com.ar\/index.php?rest_route=\/wp\/v2\/posts\/12519\/revisions\/12522"}],"wp:featuredmedia":[{"embeddable":true,"href":"https:\/\/nuevodigitaldeescobar.com.ar\/index.php?rest_route=\/wp\/v2\/media\/12520"}],"wp:attachment":[{"href":"https:\/\/nuevodigitaldeescobar.com.ar\/index.php?rest_route=%2Fwp%2Fv2%2Fmedia&parent=12519"}],"wp:term":[{"taxonomy":"category","embeddable":true,"href":"https:\/\/nuevodigitaldeescobar.com.ar\/index.php?rest_route=%2Fwp%2Fv2%2Fcategories&post=12519"},{"taxonomy":"post_tag","embeddable":true,"href":"https:\/\/nuevodigitaldeescobar.com.ar\/index.php?rest_route=%2Fwp%2Fv2%2Ftags&post=12519"}],"curies":[{"name":"wp","href":"https:\/\/api.w.org\/{rel}","templated":true}]}}