{"id":12587,"date":"2025-03-03T16:20:38","date_gmt":"2025-03-03T19:20:38","guid":{"rendered":"https:\/\/nuevodigitaldeescobar.com.ar\/?p=12587"},"modified":"2025-03-03T19:25:46","modified_gmt":"2025-03-03T22:25:46","slug":"la-afa-confirmo-la-reprogramacion-de-los-partidos-suspendidos-por-lluvia","status":"publish","type":"post","link":"https:\/\/nuevodigitaldeescobar.com.ar\/?p=12587","title":{"rendered":"La AFA confirm\u00f3 la reprogramaci\u00f3n de los partidos suspendidos por lluvia"},"content":{"rendered":"<p>La Asociaci\u00f3n del F\u00fatbol Argentino (AFA) anunci\u00f3 la reprogramaci\u00f3n\u00a0los partidos que fueron suspendidos el domingo debido a las intensas lluvias que afectaron al \u00c1rea Metropolitana de Buenos Aires. Los encuentros entre Banfield-Independiente y Platense-Defensa y Justicia, correspondientes a la octava fecha del Torneo Apertura 2025, se completar\u00e1n el martes 4 de marzo en diferentes horarios.<\/p>\n<p>El partido entre el Taladro y el Rey de Copas, que iba empatado en 0,\u00a0fue suspendido a los 68 minutos, por lo que <strong>deber\u00e1n jugar los 22 restantes en dos tiempos de 11 minutos<\/strong>.\u00a0Un detalle a tomar en cuenta es que, debido al poco tiempo restante, no habr\u00e1 un descanso intermedio prolongado. <strong>El encuentro se reanudar\u00e1 ma\u00f1ana a las 19:30<\/strong>.<\/p>\n<div class=\"inter_image image_horizontal\">\n<div>\n<span class=\"img_footer\">Banfielda e Independiente no se sacaban diferencias\n<\/div>\n<\/div>\n<p>Luego de suspendido, el \u00e1rbitro Silvio Trucco argument\u00f3: \u00ab<strong>Dimos prioridad a la condici\u00f3n f\u00edsica y a la salud de los jugadores.<\/strong> Entendimos que lleg\u00f3 un l\u00edmite que no se pod\u00eda jugar al f\u00fatbol, el bal\u00f3n no trasladaba en la forma que ten\u00eda que ser y por eso tom\u00e9 la decisi\u00f3n de suspender el encuentro. Los capitanes, estaba dividida, as\u00ed que la decisi\u00f3n fue m\u00eda\u00bb.<\/p>\n<p>Por su parte, el Calamar y el Halc\u00f3n de Varela\u00a0deber\u00e1n jugar los 64 minutos restantes de su partido en <strong>dos tiempos de 32 minutos y dispondr\u00e1n de un descanso de 15 minutos<\/strong>. Recordemos que el cotejo lo iba ganando la visita 1-0\u00a0con tanto de Mat\u00edas Miranda a los 11 minutos de la primera mitad. Al igual que el otro partido suspendido, \u00a0<strong>se reanudar\u00e1 ma\u00f1ana<\/strong>, pero media hora m\u00e1s tarde, <strong>a las 20.<\/strong><\/p>\n<p>El \u00e1rbitro\u00a0Nicol\u00e1s Lamolina explic\u00f3 su decisi\u00f3n de suspender el partido: \u00abNo hay normal desarrollo del juego y tuvimos que suspender el partido.\u00a0Hicimos todos los chequeos protocolares anticip\u00e1ndonos con el horario, la cancha estaba bien antes de arrancar el juego. Comenz\u00f3 el juego, la lluvia no par\u00f3 e incluso se increment\u00f3 y ya <strong>en algunos sectores no se pod\u00eda desarrollar el buen f\u00fatbol.<em><strong><\/strong>\u00a0 <\/em><\/strong><\/p>\n<p>Para finalizar, Lamolina dijo: \u00ab<strong>Ac\u00e1 lo m\u00e1s importante est\u00e1 en la integridad de los jugadores<\/strong>, habl\u00e9 con los capitanes cuando paramos cerca de los 17 minutos, ellos ten\u00edan la intenci\u00f3n de seguir jugando, pero la verdad es que como \u00e1rbitro es mi responsabilidad y teniendo en cuenta esta situaci\u00f3n tuve que suspender el partido.\u00bb<\/p>","protected":false},"excerpt":{"rendered":"<p>La Asociaci\u00f3n del F\u00fatbol Argentino (AFA) anunci\u00f3 la reprogramaci\u00f3n\u00a0los partidos que fueron suspendidos el domingo debido a las intensas lluvias que afectaron al \u00c1rea Metropolitana [&hellip;]<\/p>\n","protected":false},"author":1,"featured_media":12588,"comment_status":"open","ping_status":"open","sticky":false,"template":"","format":"standard","meta":{"footnotes":""},"categories":[8],"tags":[],"class_list":["post-12587","post","type-post","status-publish","format-standard","has-post-thumbnail","hentry","category-deportes"],"better_featured_image":{"id":12588,"alt_text":"","caption":"","description":"","media_type":"image","media_details":{"width":1600,"height":1067,"file":"2025\/03\/hg7ixxdia-1290x760-1_1600_1067-IDv4h8.jpeg","filesize":233252,"sizes":{"medium":{"file":"hg7ixxdia-1290x760-1_1600_1067-IDv4h8-300x200.jpeg","width":300,"height":200,"mime-type":"image\/jpeg","filesize":12571,"source_url":"https:\/\/nuevodigitaldeescobar.com.ar\/wp-content\/uploads\/2025\/03\/hg7ixxdia-1290x760-1_1600_1067-IDv4h8-300x200.jpeg"},"large":{"file":"hg7ixxdia-1290x760-1_1600_1067-IDv4h8-1024x683.jpeg","width":1024,"height":683,"mime-type":"image\/jpeg","filesize":140286,"source_url":"https:\/\/nuevodigitaldeescobar.com.ar\/wp-content\/uploads\/2025\/03\/hg7ixxdia-1290x760-1_1600_1067-IDv4h8-1024x683.jpeg"},"thumbnail":{"file":"hg7ixxdia-1290x760-1_1600_1067-IDv4h8-150x150.jpeg","width":150,"height":150,"mime-type":"image\/jpeg","filesize":5091,"source_url":"https:\/\/nuevodigitaldeescobar.com.ar\/wp-content\/uploads\/2025\/03\/hg7ixxdia-1290x760-1_1600_1067-IDv4h8-150x150.jpeg"},"medium_large":{"file":"hg7ixxdia-1290x760-1_1600_1067-IDv4h8-768x512.jpeg","width":768,"height":512,"mime-type":"image\/jpeg","filesize":77739,"source_url":"https:\/\/nuevodigitaldeescobar.com.ar\/wp-content\/uploads\/2025\/03\/hg7ixxdia-1290x760-1_1600_1067-IDv4h8-768x512.jpeg"},"1536x1536":{"file":"hg7ixxdia-1290x760-1_1600_1067-IDv4h8-1536x1024.jpeg","width":1536,"height":1024,"mime-type":"image\/jpeg","filesize":295062,"source_url":"https:\/\/nuevodigitaldeescobar.com.ar\/wp-content\/uploads\/2025\/03\/hg7ixxdia-1290x760-1_1600_1067-IDv4h8-1536x1024.jpeg"}},"image_meta":{"aperture":"0","credit":"","camera":"","caption":"","created_timestamp":"0","copyright":"","focal_length":"0","iso":"0","shutter_speed":"0","title":"","orientation":"0","keywords":[]}},"post":12587,"source_url":"https:\/\/nuevodigitaldeescobar.com.ar\/wp-content\/uploads\/2025\/03\/hg7ixxdia-1290x760-1_1600_1067-IDv4h8.jpeg"},"yoast_head":"<!-- This site is optimized with the Yoast SEO plugin v26.1.1 - https:\/\/yoast.com\/wordpress\/plugins\/seo\/ -->\n<title>La AFA confirm\u00f3 la reprogramaci\u00f3n de los partidos suspendidos por lluvia - Nuevo Digital de Escobar<\/title>\n<meta name=\"robots\" content=\"index, follow, max-snippet:-1, max-image-preview:large, max-video-preview:-1\" \/>\n<link rel=\"canonical\" href=\"https:\/\/nuevodigitaldeescobar.com.ar\/?p=12587\" \/>\n<meta property=\"og:locale\" content=\"es_ES\" \/>\n<meta property=\"og:type\" content=\"article\" \/>\n<meta property=\"og:title\" content=\"La AFA confirm\u00f3 la reprogramaci\u00f3n de los partidos suspendidos por lluvia - Nuevo Digital de Escobar\" \/>\n<meta property=\"og:description\" content=\"La Asociaci\u00f3n del F\u00fatbol Argentino (AFA) anunci\u00f3 la reprogramaci\u00f3n\u00a0los partidos que fueron suspendidos el domingo debido a las intensas lluvias que afectaron al \u00c1rea Metropolitana [&hellip;]\" \/>\n<meta property=\"og:url\" content=\"https:\/\/nuevodigitaldeescobar.com.ar\/?p=12587\" \/>\n<meta property=\"og:site_name\" content=\"Nuevo Digital de Escobar\" \/>\n<meta property=\"article:publisher\" content=\"https:\/\/www.facebook.com\/NUEVODigitalDeEscobar\" \/>\n<meta property=\"article:published_time\" content=\"2025-03-03T19:20:38+00:00\" \/>\n<meta property=\"article:modified_time\" content=\"2025-03-03T22:25:46+00:00\" \/>\n<meta property=\"og:image\" content=\"https:\/\/nuevodigitaldeescobar.com.ar\/wp-content\/uploads\/2025\/03\/hg7ixxdia-1290x760-1_1600_1067-IDv4h8.jpeg\" \/>\n\t<meta property=\"og:image:width\" content=\"1600\" \/>\n\t<meta property=\"og:image:height\" content=\"1067\" \/>\n\t<meta property=\"og:image:type\" content=\"image\/jpeg\" \/>\n<meta name=\"author\" content=\"Redacci\u00f3n\" \/>\n<meta name=\"twitter:card\" content=\"summary_large_image\" \/>\n<meta name=\"twitter:creator\" content=\"@nuevodigescobar\" \/>\n<meta name=\"twitter:site\" content=\"@nuevodigescobar\" \/>\n<meta name=\"twitter:label1\" content=\"Escrito por\" \/>\n\t<meta name=\"twitter:data1\" content=\"Redacci\u00f3n\" \/>\n\t<meta name=\"twitter:label2\" content=\"Tiempo de lectura\" \/>\n\t<meta name=\"twitter:data2\" content=\"2 minutos\" \/>\n<script type=\"application\/ld+json\" class=\"yoast-schema-graph\">{\"@context\":\"https:\/\/schema.org\",\"@graph\":[{\"@type\":\"Article\",\"@id\":\"https:\/\/nuevodigitaldeescobar.com.ar\/?p=12587#article\",\"isPartOf\":{\"@id\":\"https:\/\/nuevodigitaldeescobar.com.ar\/?p=12587\"},\"author\":{\"name\":\"Redacci\u00f3n\",\"@id\":\"https:\/\/nuevodigitaldeescobar.com.ar\/#\/schema\/person\/035e90a8efe9a80e6eec22656ad6ea4c\"},\"headline\":\"La AFA confirm\u00f3 la reprogramaci\u00f3n de los partidos suspendidos por lluvia\",\"datePublished\":\"2025-03-03T19:20:38+00:00\",\"dateModified\":\"2025-03-03T22:25:46+00:00\",\"mainEntityOfPage\":{\"@id\":\"https:\/\/nuevodigitaldeescobar.com.ar\/?p=12587\"},\"wordCount\":411,\"commentCount\":0,\"publisher\":{\"@id\":\"https:\/\/nuevodigitaldeescobar.com.ar\/#organization\"},\"image\":{\"@id\":\"https:\/\/nuevodigitaldeescobar.com.ar\/?p=12587#primaryimage\"},\"thumbnailUrl\":\"https:\/\/nuevodigitaldeescobar.com.ar\/wp-content\/uploads\/2025\/03\/hg7ixxdia-1290x760-1_1600_1067-IDv4h8.jpeg\",\"articleSection\":[\"Deportes\"],\"inLanguage\":\"es\",\"potentialAction\":[{\"@type\":\"CommentAction\",\"name\":\"Comment\",\"target\":[\"https:\/\/nuevodigitaldeescobar.com.ar\/?p=12587#respond\"]}]},{\"@type\":\"WebPage\",\"@id\":\"https:\/\/nuevodigitaldeescobar.com.ar\/?p=12587\",\"url\":\"https:\/\/nuevodigitaldeescobar.com.ar\/?p=12587\",\"name\":\"La AFA confirm\u00f3 la reprogramaci\u00f3n de los partidos suspendidos por lluvia - Nuevo Digital de Escobar\",\"isPartOf\":{\"@id\":\"https:\/\/nuevodigitaldeescobar.com.ar\/#website\"},\"primaryImageOfPage\":{\"@id\":\"https:\/\/nuevodigitaldeescobar.com.ar\/?p=12587#primaryimage\"},\"image\":{\"@id\":\"https:\/\/nuevodigitaldeescobar.com.ar\/?p=12587#primaryimage\"},\"thumbnailUrl\":\"https:\/\/nuevodigitaldeescobar.com.ar\/wp-content\/uploads\/2025\/03\/hg7ixxdia-1290x760-1_1600_1067-IDv4h8.jpeg\",\"datePublished\":\"2025-03-03T19:20:38+00:00\",\"dateModified\":\"2025-03-03T22:25:46+00:00\",\"breadcrumb\":{\"@id\":\"https:\/\/nuevodigitaldeescobar.com.ar\/?p=12587#breadcrumb\"},\"inLanguage\":\"es\",\"potentialAction\":[{\"@type\":\"ReadAction\",\"target\":[\"https:\/\/nuevodigitaldeescobar.com.ar\/?p=12587\"]}]},{\"@type\":\"ImageObject\",\"inLanguage\":\"es\",\"@id\":\"https:\/\/nuevodigitaldeescobar.com.ar\/?p=12587#primaryimage\",\"url\":\"https:\/\/nuevodigitaldeescobar.com.ar\/wp-content\/uploads\/2025\/03\/hg7ixxdia-1290x760-1_1600_1067-IDv4h8.jpeg\",\"contentUrl\":\"https:\/\/nuevodigitaldeescobar.com.ar\/wp-content\/uploads\/2025\/03\/hg7ixxdia-1290x760-1_1600_1067-IDv4h8.jpeg\",\"width\":1600,\"height\":1067},{\"@type\":\"BreadcrumbList\",\"@id\":\"https:\/\/nuevodigitaldeescobar.com.ar\/?p=12587#breadcrumb\",\"itemListElement\":[{\"@type\":\"ListItem\",\"position\":1,\"name\":\"Portada\",\"item\":\"https:\/\/nuevodigitaldeescobar.com.ar\/\"},{\"@type\":\"ListItem\",\"position\":2,\"name\":\"La AFA confirm\u00f3 la reprogramaci\u00f3n de los partidos suspendidos por lluvia\"}]},{\"@type\":\"WebSite\",\"@id\":\"https:\/\/nuevodigitaldeescobar.com.ar\/#website\",\"url\":\"https:\/\/nuevodigitaldeescobar.com.ar\/\",\"name\":\"Nuevo Digital de Escobar\",\"description\":\"La vida escobarense. Directora: Rosana Brunner\",\"publisher\":{\"@id\":\"https:\/\/nuevodigitaldeescobar.com.ar\/#organization\"},\"potentialAction\":[{\"@type\":\"SearchAction\",\"target\":{\"@type\":\"EntryPoint\",\"urlTemplate\":\"https:\/\/nuevodigitaldeescobar.com.ar\/?s={search_term_string}\"},\"query-input\":{\"@type\":\"PropertyValueSpecification\",\"valueRequired\":true,\"valueName\":\"search_term_string\"}}],\"inLanguage\":\"es\"},{\"@type\":\"Organization\",\"@id\":\"https:\/\/nuevodigitaldeescobar.com.ar\/#organization\",\"name\":\"Nuevo Digital de Escobar\",\"url\":\"https:\/\/nuevodigitaldeescobar.com.ar\/\",\"logo\":{\"@type\":\"ImageObject\",\"inLanguage\":\"es\",\"@id\":\"https:\/\/nuevodigitaldeescobar.com.ar\/#\/schema\/logo\/image\/\",\"url\":\"https:\/\/nuevodigitaldeescobar.com.ar\/wp-content\/uploads\/2025\/05\/cropped-logo-nuevo2.jpg\",\"contentUrl\":\"https:\/\/nuevodigitaldeescobar.com.ar\/wp-content\/uploads\/2025\/05\/cropped-logo-nuevo2.jpg\",\"width\":305,\"height\":305,\"caption\":\"Nuevo Digital de Escobar\"},\"image\":{\"@id\":\"https:\/\/nuevodigitaldeescobar.com.ar\/#\/schema\/logo\/image\/\"},\"sameAs\":[\"https:\/\/www.facebook.com\/NUEVODigitalDeEscobar\",\"https:\/\/x.com\/nuevodigescobar\",\"https:\/\/www.instagram.com\/nuevodigitaldeescobar\"]},{\"@type\":\"Person\",\"@id\":\"https:\/\/nuevodigitaldeescobar.com.ar\/#\/schema\/person\/035e90a8efe9a80e6eec22656ad6ea4c\",\"name\":\"Redacci\u00f3n\",\"image\":{\"@type\":\"ImageObject\",\"inLanguage\":\"es\",\"@id\":\"https:\/\/nuevodigitaldeescobar.com.ar\/#\/schema\/person\/image\/\",\"url\":\"https:\/\/secure.gravatar.com\/avatar\/8af8f40000c24e9eef3034f2be5998a372bb1389e64b1a4a36b3a7979142220d?s=96&d=mm&r=g\",\"contentUrl\":\"https:\/\/secure.gravatar.com\/avatar\/8af8f40000c24e9eef3034f2be5998a372bb1389e64b1a4a36b3a7979142220d?s=96&d=mm&r=g\",\"caption\":\"Redacci\u00f3n\"},\"sameAs\":[\"http:\/\/nuevodigitaldeescobar.com.ar\"],\"url\":\"https:\/\/nuevodigitaldeescobar.com.ar\/?author=1\"}]}<\/script>\n<!-- \/ Yoast SEO plugin. -->","yoast_head_json":{"title":"La AFA confirm\u00f3 la reprogramaci\u00f3n de los partidos suspendidos por lluvia - Nuevo Digital de Escobar","robots":{"index":"index","follow":"follow","max-snippet":"max-snippet:-1","max-image-preview":"max-image-preview:large","max-video-preview":"max-video-preview:-1"},"canonical":"https:\/\/nuevodigitaldeescobar.com.ar\/?p=12587","og_locale":"es_ES","og_type":"article","og_title":"La AFA confirm\u00f3 la reprogramaci\u00f3n de los partidos suspendidos por lluvia - Nuevo Digital de Escobar","og_description":"La Asociaci\u00f3n del F\u00fatbol Argentino (AFA) anunci\u00f3 la reprogramaci\u00f3n\u00a0los partidos que fueron suspendidos el domingo debido a las intensas lluvias que afectaron al \u00c1rea Metropolitana [&hellip;]","og_url":"https:\/\/nuevodigitaldeescobar.com.ar\/?p=12587","og_site_name":"Nuevo Digital de Escobar","article_publisher":"https:\/\/www.facebook.com\/NUEVODigitalDeEscobar","article_published_time":"2025-03-03T19:20:38+00:00","article_modified_time":"2025-03-03T22:25:46+00:00","og_image":[{"width":1600,"height":1067,"url":"https:\/\/nuevodigitaldeescobar.com.ar\/wp-content\/uploads\/2025\/03\/hg7ixxdia-1290x760-1_1600_1067-IDv4h8.jpeg","type":"image\/jpeg"}],"author":"Redacci\u00f3n","twitter_card":"summary_large_image","twitter_creator":"@nuevodigescobar","twitter_site":"@nuevodigescobar","twitter_misc":{"Escrito por":"Redacci\u00f3n","Tiempo de lectura":"2 minutos"},"schema":{"@context":"https:\/\/schema.org","@graph":[{"@type":"Article","@id":"https:\/\/nuevodigitaldeescobar.com.ar\/?p=12587#article","isPartOf":{"@id":"https:\/\/nuevodigitaldeescobar.com.ar\/?p=12587"},"author":{"name":"Redacci\u00f3n","@id":"https:\/\/nuevodigitaldeescobar.com.ar\/#\/schema\/person\/035e90a8efe9a80e6eec22656ad6ea4c"},"headline":"La AFA confirm\u00f3 la reprogramaci\u00f3n de los partidos suspendidos por lluvia","datePublished":"2025-03-03T19:20:38+00:00","dateModified":"2025-03-03T22:25:46+00:00","mainEntityOfPage":{"@id":"https:\/\/nuevodigitaldeescobar.com.ar\/?p=12587"},"wordCount":411,"commentCount":0,"publisher":{"@id":"https:\/\/nuevodigitaldeescobar.com.ar\/#organization"},"image":{"@id":"https:\/\/nuevodigitaldeescobar.com.ar\/?p=12587#primaryimage"},"thumbnailUrl":"https:\/\/nuevodigitaldeescobar.com.ar\/wp-content\/uploads\/2025\/03\/hg7ixxdia-1290x760-1_1600_1067-IDv4h8.jpeg","articleSection":["Deportes"],"inLanguage":"es","potentialAction":[{"@type":"CommentAction","name":"Comment","target":["https:\/\/nuevodigitaldeescobar.com.ar\/?p=12587#respond"]}]},{"@type":"WebPage","@id":"https:\/\/nuevodigitaldeescobar.com.ar\/?p=12587","url":"https:\/\/nuevodigitaldeescobar.com.ar\/?p=12587","name":"La AFA confirm\u00f3 la reprogramaci\u00f3n de los partidos suspendidos por lluvia - Nuevo Digital de Escobar","isPartOf":{"@id":"https:\/\/nuevodigitaldeescobar.com.ar\/#website"},"primaryImageOfPage":{"@id":"https:\/\/nuevodigitaldeescobar.com.ar\/?p=12587#primaryimage"},"image":{"@id":"https:\/\/nuevodigitaldeescobar.com.ar\/?p=12587#primaryimage"},"thumbnailUrl":"https:\/\/nuevodigitaldeescobar.com.ar\/wp-content\/uploads\/2025\/03\/hg7ixxdia-1290x760-1_1600_1067-IDv4h8.jpeg","datePublished":"2025-03-03T19:20:38+00:00","dateModified":"2025-03-03T22:25:46+00:00","breadcrumb":{"@id":"https:\/\/nuevodigitaldeescobar.com.ar\/?p=12587#breadcrumb"},"inLanguage":"es","potentialAction":[{"@type":"ReadAction","target":["https:\/\/nuevodigitaldeescobar.com.ar\/?p=12587"]}]},{"@type":"ImageObject","inLanguage":"es","@id":"https:\/\/nuevodigitaldeescobar.com.ar\/?p=12587#primaryimage","url":"https:\/\/nuevodigitaldeescobar.com.ar\/wp-content\/uploads\/2025\/03\/hg7ixxdia-1290x760-1_1600_1067-IDv4h8.jpeg","contentUrl":"https:\/\/nuevodigitaldeescobar.com.ar\/wp-content\/uploads\/2025\/03\/hg7ixxdia-1290x760-1_1600_1067-IDv4h8.jpeg","width":1600,"height":1067},{"@type":"BreadcrumbList","@id":"https:\/\/nuevodigitaldeescobar.com.ar\/?p=12587#breadcrumb","itemListElement":[{"@type":"ListItem","position":1,"name":"Portada","item":"https:\/\/nuevodigitaldeescobar.com.ar\/"},{"@type":"ListItem","position":2,"name":"La AFA confirm\u00f3 la reprogramaci\u00f3n de los partidos suspendidos por lluvia"}]},{"@type":"WebSite","@id":"https:\/\/nuevodigitaldeescobar.com.ar\/#website","url":"https:\/\/nuevodigitaldeescobar.com.ar\/","name":"Nuevo Digital de Escobar","description":"La vida escobarense. Directora: Rosana Brunner","publisher":{"@id":"https:\/\/nuevodigitaldeescobar.com.ar\/#organization"},"potentialAction":[{"@type":"SearchAction","target":{"@type":"EntryPoint","urlTemplate":"https:\/\/nuevodigitaldeescobar.com.ar\/?s={search_term_string}"},"query-input":{"@type":"PropertyValueSpecification","valueRequired":true,"valueName":"search_term_string"}}],"inLanguage":"es"},{"@type":"Organization","@id":"https:\/\/nuevodigitaldeescobar.com.ar\/#organization","name":"Nuevo Digital de Escobar","url":"https:\/\/nuevodigitaldeescobar.com.ar\/","logo":{"@type":"ImageObject","inLanguage":"es","@id":"https:\/\/nuevodigitaldeescobar.com.ar\/#\/schema\/logo\/image\/","url":"https:\/\/nuevodigitaldeescobar.com.ar\/wp-content\/uploads\/2025\/05\/cropped-logo-nuevo2.jpg","contentUrl":"https:\/\/nuevodigitaldeescobar.com.ar\/wp-content\/uploads\/2025\/05\/cropped-logo-nuevo2.jpg","width":305,"height":305,"caption":"Nuevo Digital de Escobar"},"image":{"@id":"https:\/\/nuevodigitaldeescobar.com.ar\/#\/schema\/logo\/image\/"},"sameAs":["https:\/\/www.facebook.com\/NUEVODigitalDeEscobar","https:\/\/x.com\/nuevodigescobar","https:\/\/www.instagram.com\/nuevodigitaldeescobar"]},{"@type":"Person","@id":"https:\/\/nuevodigitaldeescobar.com.ar\/#\/schema\/person\/035e90a8efe9a80e6eec22656ad6ea4c","name":"Redacci\u00f3n","image":{"@type":"ImageObject","inLanguage":"es","@id":"https:\/\/nuevodigitaldeescobar.com.ar\/#\/schema\/person\/image\/","url":"https:\/\/secure.gravatar.com\/avatar\/8af8f40000c24e9eef3034f2be5998a372bb1389e64b1a4a36b3a7979142220d?s=96&d=mm&r=g","contentUrl":"https:\/\/secure.gravatar.com\/avatar\/8af8f40000c24e9eef3034f2be5998a372bb1389e64b1a4a36b3a7979142220d?s=96&d=mm&r=g","caption":"Redacci\u00f3n"},"sameAs":["http:\/\/nuevodigitaldeescobar.com.ar"],"url":"https:\/\/nuevodigitaldeescobar.com.ar\/?author=1"}]}},"featured_image_urls":{"full":["https:\/\/nuevodigitaldeescobar.com.ar\/wp-content\/uploads\/2025\/03\/hg7ixxdia-1290x760-1_1600_1067-IDv4h8.jpeg",1600,1067,false],"thumbnail":["https:\/\/nuevodigitaldeescobar.com.ar\/wp-content\/uploads\/2025\/03\/hg7ixxdia-1290x760-1_1600_1067-IDv4h8-150x150.jpeg",150,150,true],"medium":["https:\/\/nuevodigitaldeescobar.com.ar\/wp-content\/uploads\/2025\/03\/hg7ixxdia-1290x760-1_1600_1067-IDv4h8-300x200.jpeg",300,200,true],"medium_large":["https:\/\/nuevodigitaldeescobar.com.ar\/wp-content\/uploads\/2025\/03\/hg7ixxdia-1290x760-1_1600_1067-IDv4h8-768x512.jpeg",640,427,true],"large":["https:\/\/nuevodigitaldeescobar.com.ar\/wp-content\/uploads\/2025\/03\/hg7ixxdia-1290x760-1_1600_1067-IDv4h8-1024x683.jpeg",640,427,true],"1536x1536":["https:\/\/nuevodigitaldeescobar.com.ar\/wp-content\/uploads\/2025\/03\/hg7ixxdia-1290x760-1_1600_1067-IDv4h8-1536x1024.jpeg",1536,1024,true],"2048x2048":["https:\/\/nuevodigitaldeescobar.com.ar\/wp-content\/uploads\/2025\/03\/hg7ixxdia-1290x760-1_1600_1067-IDv4h8.jpeg",1600,1067,false]},"author_info":{"display_name":"Redacci\u00f3n","author_link":"https:\/\/nuevodigitaldeescobar.com.ar\/?author=1"},"category_info":"<a href=\"https:\/\/nuevodigitaldeescobar.com.ar\/?cat=8\" rel=\"category\">Deportes<\/a>","tag_info":"Deportes","comment_count":"0","_links":{"self":[{"href":"https:\/\/nuevodigitaldeescobar.com.ar\/index.php?rest_route=\/wp\/v2\/posts\/12587","targetHints":{"allow":["GET"]}}],"collection":[{"href":"https:\/\/nuevodigitaldeescobar.com.ar\/index.php?rest_route=\/wp\/v2\/posts"}],"about":[{"href":"https:\/\/nuevodigitaldeescobar.com.ar\/index.php?rest_route=\/wp\/v2\/types\/post"}],"author":[{"embeddable":true,"href":"https:\/\/nuevodigitaldeescobar.com.ar\/index.php?rest_route=\/wp\/v2\/users\/1"}],"replies":[{"embeddable":true,"href":"https:\/\/nuevodigitaldeescobar.com.ar\/index.php?rest_route=%2Fwp%2Fv2%2Fcomments&post=12587"}],"version-history":[{"count":1,"href":"https:\/\/nuevodigitaldeescobar.com.ar\/index.php?rest_route=\/wp\/v2\/posts\/12587\/revisions"}],"predecessor-version":[{"id":12598,"href":"https:\/\/nuevodigitaldeescobar.com.ar\/index.php?rest_route=\/wp\/v2\/posts\/12587\/revisions\/12598"}],"wp:featuredmedia":[{"embeddable":true,"href":"https:\/\/nuevodigitaldeescobar.com.ar\/index.php?rest_route=\/wp\/v2\/media\/12588"}],"wp:attachment":[{"href":"https:\/\/nuevodigitaldeescobar.com.ar\/index.php?rest_route=%2Fwp%2Fv2%2Fmedia&parent=12587"}],"wp:term":[{"taxonomy":"category","embeddable":true,"href":"https:\/\/nuevodigitaldeescobar.com.ar\/index.php?rest_route=%2Fwp%2Fv2%2Fcategories&post=12587"},{"taxonomy":"post_tag","embeddable":true,"href":"https:\/\/nuevodigitaldeescobar.com.ar\/index.php?rest_route=%2Fwp%2Fv2%2Ftags&post=12587"}],"curies":[{"name":"wp","href":"https:\/\/api.w.org\/{rel}","templated":true}]}}