{"id":12589,"date":"2025-03-03T17:20:27","date_gmt":"2025-03-03T20:20:27","guid":{"rendered":"https:\/\/nuevodigitaldeescobar.com.ar\/?p=12589"},"modified":"2025-03-03T19:25:08","modified_gmt":"2025-03-03T22:25:08","slug":"tras-la-salida-de-sebastian-dominguez-quien-asume-en-velez","status":"publish","type":"post","link":"https:\/\/nuevodigitaldeescobar.com.ar\/?p=12589","title":{"rendered":"Tras la s\u00e1lida de Sebast\u00edan Dom\u00ednguez: \u00bfQui\u00e9n asume en V\u00e9lez?"},"content":{"rendered":"<p>El ex panelista de ESPN, que ven\u00eda de romper todos los r\u00e9cords negativos posibles, puso punto final a su estad\u00eda en el Fort\u00edn y present\u00f3 la renuncia luego de la derrota por 2-0 frente a\u00a0Hurac\u00e1n por la fecha 8 del Torneo Apertura.<\/p>\n<p>El DT estaba viviendo una verdadera pesadilla en el cuadro de Liniers, registrando <strong>el peor inicio de torneo de un campe\u00f3n vigente con 8 encuentros sin conocer la victoria<\/strong> (superando\u00a0las marcas de San Lorenzo en 1975, Newell\u00b4s en 1992, Independiente en 2003 y Argentinos Juniors en 2010 con 7) y <strong>el segundo peor arranque sin gol de un equipo en primera divisi\u00f3n<\/strong> <strong>con 770 minutos consecutivos sin anotar<\/strong>, entre muchas otras marcas negativas.<\/p>\n<p>Debido a este p\u00e9simo desempe\u00f1o, y considerando que la situaci\u00f3n era insostenible para cualquier equipo, y sobre todo para uno que hace tan solo 3 meses hab\u00eda salido campe\u00f3n del f\u00fatbol argentino, <strong>entre los miembros de la Comisi\u00f3n Directiva del Fort\u00edn y el mismo Sebasti\u00e1n Dom\u00ednguez decidieron finalizar el v\u00ednculo entre el DT y V\u00e9lez<\/strong>.<\/p>\n<p>Mientras el club busca un nuevo director t\u00e9cnico, <strong>Marcelo Bravo<\/strong>, actual entrenador de la Reserva, <strong>tomar\u00e1 las riendas del primer equipo de manera interina y dirigir\u00e1 el pr\u00f3ximo partido ante San Mart\u00edn de San Juan en el Amalfitani.<\/strong><\/p>\n<div class=\"inter_image image_horizontal\">\n<div>\n<span class=\"img_footer\">Sebasti\u00e1n Dom\u00ednguez no rindi\u00f3 en V\u00e9lez\n<\/div>\n<\/div>\n<h4>\n<strong>Los Posibles Reemplazos<\/strong>:<\/h4>\n<p>El principal candidato para asumir el cargo es <strong>Julio C\u00e9sar Falcioni<\/strong>. <em>El<\/em>\u00a0<em>Facha\u00a0<\/em>es un hist\u00f3rico arquero y entrenador del club, y actualmente se encuentra sin club luego de dirigir por quinta vez a Banfield. Su fuerte identificaci\u00f3n con el club y su extensa experiencia en el f\u00fatbol argentino hacen que sea la opci\u00f3n m\u00e1s segura hasta el momento.<\/p>\n<p>M\u00e1s nombres que suenan como alternativas son los de\u00a0<strong>Sebasti\u00e1n M\u00e9ndez<\/strong>, quien salvo a V\u00e9lez del descenso en 2023 luego de ir a un partido de desempate con Col\u00f3n de Santa Fe y mantiene un v\u00ednculo cercano con el club, <strong>Gabriel Milito<\/strong>, quien viene de llegar a la final de la Copa Libertadores con Atl\u00e9tico Mineiro, y <strong>Hern\u00e1n Crespo<\/strong>, quien ya hab\u00eda sonado como reemplazante del anterior t\u00e9cnico Gustavo Quinteros.<\/p>\n<p>Otro de los nombres que circulaba era el de <strong>Carlos Tevez<\/strong>, quien ven\u00eda de rendimientos positivos en Rosario Central e Independiente, pero fue descartado por la directiva.<\/p>\n<h4>\n<strong>Los N\u00fameros de Sebasti\u00e1n Dom\u00ednguez en V\u00e9lez<\/strong>:<\/h4>\n<p><strong>Partidos Oficiales<\/strong>: 9<\/p>\n<p><strong>1 victoria<\/strong><\/p>\n<p>&#8211; Midland (32avos Copa Argentina): 1-0 (con gol de penal)<\/p>\n<p><strong>2 empates<\/strong><\/p>\n<p>&#8211; San Lorenzo (Fecha 4): 0-0<\/p>\n<p>&#8211; Lan\u00fas (Fecha 7): 0-0<\/p>\n<p><strong>6 derrotas<\/strong>:<\/p>\n<p>&#8211; Tigre (Fecha 1): 0-3<\/p>\n\n<p>&#8211; Platense (Fecha 2): 1-0<\/p>\n<p>&#8211; Instituto (Fecha 3): 0-2<\/p>\n<p>&#8211; Independiente (Fecha 5): 3-0<\/p>\n<p>&#8211; Godoy Cruz (Fecha 6): 0-2<\/p>\n<p>&#8211; Hurac\u00e1n (Fecha 8): 0-2<\/p>\n<p><strong>Goles a Favor<\/strong>: 1<\/p>\n<p><strong>Goles en Contra<\/strong>: 13<\/p>","protected":false},"excerpt":{"rendered":"<p>El ex panelista de ESPN, que ven\u00eda de romper todos los r\u00e9cords negativos posibles, puso punto final a su estad\u00eda en el Fort\u00edn y present\u00f3 [&hellip;]<\/p>\n","protected":false},"author":1,"featured_media":12590,"comment_status":"open","ping_status":"open","sticky":false,"template":"","format":"standard","meta":{"footnotes":""},"categories":[8],"tags":[],"class_list":["post-12589","post","type-post","status-publish","format-standard","has-post-thumbnail","hentry","category-deportes"],"better_featured_image":{"id":12590,"alt_text":"","caption":"","description":"","media_type":"image","media_details":{"width":1600,"height":1067,"file":"2025\/03\/descarga-1741030113236_1600_1067-85Zmu3.jpeg","filesize":60613,"sizes":{"medium":{"file":"descarga-1741030113236_1600_1067-85Zmu3-300x200.jpeg","width":300,"height":200,"mime-type":"image\/jpeg","filesize":7496,"source_url":"https:\/\/nuevodigitaldeescobar.com.ar\/wp-content\/uploads\/2025\/03\/descarga-1741030113236_1600_1067-85Zmu3-300x200.jpeg"},"large":{"file":"descarga-1741030113236_1600_1067-85Zmu3-1024x683.jpeg","width":1024,"height":683,"mime-type":"image\/jpeg","filesize":47438,"source_url":"https:\/\/nuevodigitaldeescobar.com.ar\/wp-content\/uploads\/2025\/03\/descarga-1741030113236_1600_1067-85Zmu3-1024x683.jpeg"},"thumbnail":{"file":"descarga-1741030113236_1600_1067-85Zmu3-150x150.jpeg","width":150,"height":150,"mime-type":"image\/jpeg","filesize":4268,"source_url":"https:\/\/nuevodigitaldeescobar.com.ar\/wp-content\/uploads\/2025\/03\/descarga-1741030113236_1600_1067-85Zmu3-150x150.jpeg"},"medium_large":{"file":"descarga-1741030113236_1600_1067-85Zmu3-768x512.jpeg","width":768,"height":512,"mime-type":"image\/jpeg","filesize":30816,"source_url":"https:\/\/nuevodigitaldeescobar.com.ar\/wp-content\/uploads\/2025\/03\/descarga-1741030113236_1600_1067-85Zmu3-768x512.jpeg"},"1536x1536":{"file":"descarga-1741030113236_1600_1067-85Zmu3-1536x1024.jpeg","width":1536,"height":1024,"mime-type":"image\/jpeg","filesize":84261,"source_url":"https:\/\/nuevodigitaldeescobar.com.ar\/wp-content\/uploads\/2025\/03\/descarga-1741030113236_1600_1067-85Zmu3-1536x1024.jpeg"}},"image_meta":{"aperture":"0","credit":"","camera":"","caption":"","created_timestamp":"0","copyright":"","focal_length":"0","iso":"0","shutter_speed":"0","title":"","orientation":"0","keywords":[]}},"post":12589,"source_url":"https:\/\/nuevodigitaldeescobar.com.ar\/wp-content\/uploads\/2025\/03\/descarga-1741030113236_1600_1067-85Zmu3.jpeg"},"yoast_head":"<!-- This site is optimized with the Yoast SEO plugin v26.1.1 - https:\/\/yoast.com\/wordpress\/plugins\/seo\/ -->\n<title>Tras la s\u00e1lida de Sebast\u00edan Dom\u00ednguez: \u00bfQui\u00e9n asume en V\u00e9lez? - Nuevo Digital de Escobar<\/title>\n<meta name=\"robots\" content=\"index, follow, max-snippet:-1, max-image-preview:large, max-video-preview:-1\" \/>\n<link rel=\"canonical\" href=\"https:\/\/nuevodigitaldeescobar.com.ar\/?p=12589\" \/>\n<meta property=\"og:locale\" content=\"es_ES\" \/>\n<meta property=\"og:type\" content=\"article\" \/>\n<meta property=\"og:title\" content=\"Tras la s\u00e1lida de Sebast\u00edan Dom\u00ednguez: \u00bfQui\u00e9n asume en V\u00e9lez? - Nuevo Digital de Escobar\" \/>\n<meta property=\"og:description\" content=\"El ex panelista de ESPN, que ven\u00eda de romper todos los r\u00e9cords negativos posibles, puso punto final a su estad\u00eda en el Fort\u00edn y present\u00f3 [&hellip;]\" \/>\n<meta property=\"og:url\" content=\"https:\/\/nuevodigitaldeescobar.com.ar\/?p=12589\" \/>\n<meta property=\"og:site_name\" content=\"Nuevo Digital de Escobar\" \/>\n<meta property=\"article:publisher\" content=\"https:\/\/www.facebook.com\/NUEVODigitalDeEscobar\" \/>\n<meta property=\"article:published_time\" content=\"2025-03-03T20:20:27+00:00\" \/>\n<meta property=\"article:modified_time\" content=\"2025-03-03T22:25:08+00:00\" \/>\n<meta property=\"og:image\" content=\"https:\/\/nuevodigitaldeescobar.com.ar\/wp-content\/uploads\/2025\/03\/descarga-1741030113236_1600_1067-85Zmu3.jpeg\" \/>\n\t<meta property=\"og:image:width\" content=\"1600\" \/>\n\t<meta property=\"og:image:height\" content=\"1067\" \/>\n\t<meta property=\"og:image:type\" content=\"image\/jpeg\" \/>\n<meta name=\"author\" content=\"Redacci\u00f3n\" \/>\n<meta name=\"twitter:card\" content=\"summary_large_image\" \/>\n<meta name=\"twitter:creator\" content=\"@nuevodigescobar\" \/>\n<meta name=\"twitter:site\" content=\"@nuevodigescobar\" \/>\n<meta name=\"twitter:label1\" content=\"Escrito por\" \/>\n\t<meta name=\"twitter:data1\" content=\"Redacci\u00f3n\" \/>\n\t<meta name=\"twitter:label2\" content=\"Tiempo de lectura\" \/>\n\t<meta name=\"twitter:data2\" content=\"2 minutos\" \/>\n<script type=\"application\/ld+json\" class=\"yoast-schema-graph\">{\"@context\":\"https:\/\/schema.org\",\"@graph\":[{\"@type\":\"Article\",\"@id\":\"https:\/\/nuevodigitaldeescobar.com.ar\/?p=12589#article\",\"isPartOf\":{\"@id\":\"https:\/\/nuevodigitaldeescobar.com.ar\/?p=12589\"},\"author\":{\"name\":\"Redacci\u00f3n\",\"@id\":\"https:\/\/nuevodigitaldeescobar.com.ar\/#\/schema\/person\/035e90a8efe9a80e6eec22656ad6ea4c\"},\"headline\":\"Tras la s\u00e1lida de Sebast\u00edan Dom\u00ednguez: \u00bfQui\u00e9n asume en V\u00e9lez?\",\"datePublished\":\"2025-03-03T20:20:27+00:00\",\"dateModified\":\"2025-03-03T22:25:08+00:00\",\"mainEntityOfPage\":{\"@id\":\"https:\/\/nuevodigitaldeescobar.com.ar\/?p=12589\"},\"wordCount\":491,\"commentCount\":0,\"publisher\":{\"@id\":\"https:\/\/nuevodigitaldeescobar.com.ar\/#organization\"},\"image\":{\"@id\":\"https:\/\/nuevodigitaldeescobar.com.ar\/?p=12589#primaryimage\"},\"thumbnailUrl\":\"https:\/\/nuevodigitaldeescobar.com.ar\/wp-content\/uploads\/2025\/03\/descarga-1741030113236_1600_1067-85Zmu3.jpeg\",\"articleSection\":[\"Deportes\"],\"inLanguage\":\"es\",\"potentialAction\":[{\"@type\":\"CommentAction\",\"name\":\"Comment\",\"target\":[\"https:\/\/nuevodigitaldeescobar.com.ar\/?p=12589#respond\"]}]},{\"@type\":\"WebPage\",\"@id\":\"https:\/\/nuevodigitaldeescobar.com.ar\/?p=12589\",\"url\":\"https:\/\/nuevodigitaldeescobar.com.ar\/?p=12589\",\"name\":\"Tras la s\u00e1lida de Sebast\u00edan Dom\u00ednguez: \u00bfQui\u00e9n asume en V\u00e9lez? - Nuevo Digital de Escobar\",\"isPartOf\":{\"@id\":\"https:\/\/nuevodigitaldeescobar.com.ar\/#website\"},\"primaryImageOfPage\":{\"@id\":\"https:\/\/nuevodigitaldeescobar.com.ar\/?p=12589#primaryimage\"},\"image\":{\"@id\":\"https:\/\/nuevodigitaldeescobar.com.ar\/?p=12589#primaryimage\"},\"thumbnailUrl\":\"https:\/\/nuevodigitaldeescobar.com.ar\/wp-content\/uploads\/2025\/03\/descarga-1741030113236_1600_1067-85Zmu3.jpeg\",\"datePublished\":\"2025-03-03T20:20:27+00:00\",\"dateModified\":\"2025-03-03T22:25:08+00:00\",\"breadcrumb\":{\"@id\":\"https:\/\/nuevodigitaldeescobar.com.ar\/?p=12589#breadcrumb\"},\"inLanguage\":\"es\",\"potentialAction\":[{\"@type\":\"ReadAction\",\"target\":[\"https:\/\/nuevodigitaldeescobar.com.ar\/?p=12589\"]}]},{\"@type\":\"ImageObject\",\"inLanguage\":\"es\",\"@id\":\"https:\/\/nuevodigitaldeescobar.com.ar\/?p=12589#primaryimage\",\"url\":\"https:\/\/nuevodigitaldeescobar.com.ar\/wp-content\/uploads\/2025\/03\/descarga-1741030113236_1600_1067-85Zmu3.jpeg\",\"contentUrl\":\"https:\/\/nuevodigitaldeescobar.com.ar\/wp-content\/uploads\/2025\/03\/descarga-1741030113236_1600_1067-85Zmu3.jpeg\",\"width\":1600,\"height\":1067},{\"@type\":\"BreadcrumbList\",\"@id\":\"https:\/\/nuevodigitaldeescobar.com.ar\/?p=12589#breadcrumb\",\"itemListElement\":[{\"@type\":\"ListItem\",\"position\":1,\"name\":\"Portada\",\"item\":\"https:\/\/nuevodigitaldeescobar.com.ar\/\"},{\"@type\":\"ListItem\",\"position\":2,\"name\":\"Tras la s\u00e1lida de Sebast\u00edan Dom\u00ednguez: \u00bfQui\u00e9n asume en V\u00e9lez?\"}]},{\"@type\":\"WebSite\",\"@id\":\"https:\/\/nuevodigitaldeescobar.com.ar\/#website\",\"url\":\"https:\/\/nuevodigitaldeescobar.com.ar\/\",\"name\":\"Nuevo Digital de Escobar\",\"description\":\"La vida escobarense. Directora: Rosana Brunner\",\"publisher\":{\"@id\":\"https:\/\/nuevodigitaldeescobar.com.ar\/#organization\"},\"potentialAction\":[{\"@type\":\"SearchAction\",\"target\":{\"@type\":\"EntryPoint\",\"urlTemplate\":\"https:\/\/nuevodigitaldeescobar.com.ar\/?s={search_term_string}\"},\"query-input\":{\"@type\":\"PropertyValueSpecification\",\"valueRequired\":true,\"valueName\":\"search_term_string\"}}],\"inLanguage\":\"es\"},{\"@type\":\"Organization\",\"@id\":\"https:\/\/nuevodigitaldeescobar.com.ar\/#organization\",\"name\":\"Nuevo Digital de Escobar\",\"url\":\"https:\/\/nuevodigitaldeescobar.com.ar\/\",\"logo\":{\"@type\":\"ImageObject\",\"inLanguage\":\"es\",\"@id\":\"https:\/\/nuevodigitaldeescobar.com.ar\/#\/schema\/logo\/image\/\",\"url\":\"https:\/\/nuevodigitaldeescobar.com.ar\/wp-content\/uploads\/2025\/05\/cropped-logo-nuevo2.jpg\",\"contentUrl\":\"https:\/\/nuevodigitaldeescobar.com.ar\/wp-content\/uploads\/2025\/05\/cropped-logo-nuevo2.jpg\",\"width\":305,\"height\":305,\"caption\":\"Nuevo Digital de Escobar\"},\"image\":{\"@id\":\"https:\/\/nuevodigitaldeescobar.com.ar\/#\/schema\/logo\/image\/\"},\"sameAs\":[\"https:\/\/www.facebook.com\/NUEVODigitalDeEscobar\",\"https:\/\/x.com\/nuevodigescobar\",\"https:\/\/www.instagram.com\/nuevodigitaldeescobar\"]},{\"@type\":\"Person\",\"@id\":\"https:\/\/nuevodigitaldeescobar.com.ar\/#\/schema\/person\/035e90a8efe9a80e6eec22656ad6ea4c\",\"name\":\"Redacci\u00f3n\",\"image\":{\"@type\":\"ImageObject\",\"inLanguage\":\"es\",\"@id\":\"https:\/\/nuevodigitaldeescobar.com.ar\/#\/schema\/person\/image\/\",\"url\":\"https:\/\/secure.gravatar.com\/avatar\/8af8f40000c24e9eef3034f2be5998a372bb1389e64b1a4a36b3a7979142220d?s=96&d=mm&r=g\",\"contentUrl\":\"https:\/\/secure.gravatar.com\/avatar\/8af8f40000c24e9eef3034f2be5998a372bb1389e64b1a4a36b3a7979142220d?s=96&d=mm&r=g\",\"caption\":\"Redacci\u00f3n\"},\"sameAs\":[\"http:\/\/nuevodigitaldeescobar.com.ar\"],\"url\":\"https:\/\/nuevodigitaldeescobar.com.ar\/?author=1\"}]}<\/script>\n<!-- \/ Yoast SEO plugin. -->","yoast_head_json":{"title":"Tras la s\u00e1lida de Sebast\u00edan Dom\u00ednguez: \u00bfQui\u00e9n asume en V\u00e9lez? - Nuevo Digital de Escobar","robots":{"index":"index","follow":"follow","max-snippet":"max-snippet:-1","max-image-preview":"max-image-preview:large","max-video-preview":"max-video-preview:-1"},"canonical":"https:\/\/nuevodigitaldeescobar.com.ar\/?p=12589","og_locale":"es_ES","og_type":"article","og_title":"Tras la s\u00e1lida de Sebast\u00edan Dom\u00ednguez: \u00bfQui\u00e9n asume en V\u00e9lez? - Nuevo Digital de Escobar","og_description":"El ex panelista de ESPN, que ven\u00eda de romper todos los r\u00e9cords negativos posibles, puso punto final a su estad\u00eda en el Fort\u00edn y present\u00f3 [&hellip;]","og_url":"https:\/\/nuevodigitaldeescobar.com.ar\/?p=12589","og_site_name":"Nuevo Digital de Escobar","article_publisher":"https:\/\/www.facebook.com\/NUEVODigitalDeEscobar","article_published_time":"2025-03-03T20:20:27+00:00","article_modified_time":"2025-03-03T22:25:08+00:00","og_image":[{"width":1600,"height":1067,"url":"https:\/\/nuevodigitaldeescobar.com.ar\/wp-content\/uploads\/2025\/03\/descarga-1741030113236_1600_1067-85Zmu3.jpeg","type":"image\/jpeg"}],"author":"Redacci\u00f3n","twitter_card":"summary_large_image","twitter_creator":"@nuevodigescobar","twitter_site":"@nuevodigescobar","twitter_misc":{"Escrito por":"Redacci\u00f3n","Tiempo de lectura":"2 minutos"},"schema":{"@context":"https:\/\/schema.org","@graph":[{"@type":"Article","@id":"https:\/\/nuevodigitaldeescobar.com.ar\/?p=12589#article","isPartOf":{"@id":"https:\/\/nuevodigitaldeescobar.com.ar\/?p=12589"},"author":{"name":"Redacci\u00f3n","@id":"https:\/\/nuevodigitaldeescobar.com.ar\/#\/schema\/person\/035e90a8efe9a80e6eec22656ad6ea4c"},"headline":"Tras la s\u00e1lida de Sebast\u00edan Dom\u00ednguez: \u00bfQui\u00e9n asume en V\u00e9lez?","datePublished":"2025-03-03T20:20:27+00:00","dateModified":"2025-03-03T22:25:08+00:00","mainEntityOfPage":{"@id":"https:\/\/nuevodigitaldeescobar.com.ar\/?p=12589"},"wordCount":491,"commentCount":0,"publisher":{"@id":"https:\/\/nuevodigitaldeescobar.com.ar\/#organization"},"image":{"@id":"https:\/\/nuevodigitaldeescobar.com.ar\/?p=12589#primaryimage"},"thumbnailUrl":"https:\/\/nuevodigitaldeescobar.com.ar\/wp-content\/uploads\/2025\/03\/descarga-1741030113236_1600_1067-85Zmu3.jpeg","articleSection":["Deportes"],"inLanguage":"es","potentialAction":[{"@type":"CommentAction","name":"Comment","target":["https:\/\/nuevodigitaldeescobar.com.ar\/?p=12589#respond"]}]},{"@type":"WebPage","@id":"https:\/\/nuevodigitaldeescobar.com.ar\/?p=12589","url":"https:\/\/nuevodigitaldeescobar.com.ar\/?p=12589","name":"Tras la s\u00e1lida de Sebast\u00edan Dom\u00ednguez: \u00bfQui\u00e9n asume en V\u00e9lez? - Nuevo Digital de Escobar","isPartOf":{"@id":"https:\/\/nuevodigitaldeescobar.com.ar\/#website"},"primaryImageOfPage":{"@id":"https:\/\/nuevodigitaldeescobar.com.ar\/?p=12589#primaryimage"},"image":{"@id":"https:\/\/nuevodigitaldeescobar.com.ar\/?p=12589#primaryimage"},"thumbnailUrl":"https:\/\/nuevodigitaldeescobar.com.ar\/wp-content\/uploads\/2025\/03\/descarga-1741030113236_1600_1067-85Zmu3.jpeg","datePublished":"2025-03-03T20:20:27+00:00","dateModified":"2025-03-03T22:25:08+00:00","breadcrumb":{"@id":"https:\/\/nuevodigitaldeescobar.com.ar\/?p=12589#breadcrumb"},"inLanguage":"es","potentialAction":[{"@type":"ReadAction","target":["https:\/\/nuevodigitaldeescobar.com.ar\/?p=12589"]}]},{"@type":"ImageObject","inLanguage":"es","@id":"https:\/\/nuevodigitaldeescobar.com.ar\/?p=12589#primaryimage","url":"https:\/\/nuevodigitaldeescobar.com.ar\/wp-content\/uploads\/2025\/03\/descarga-1741030113236_1600_1067-85Zmu3.jpeg","contentUrl":"https:\/\/nuevodigitaldeescobar.com.ar\/wp-content\/uploads\/2025\/03\/descarga-1741030113236_1600_1067-85Zmu3.jpeg","width":1600,"height":1067},{"@type":"BreadcrumbList","@id":"https:\/\/nuevodigitaldeescobar.com.ar\/?p=12589#breadcrumb","itemListElement":[{"@type":"ListItem","position":1,"name":"Portada","item":"https:\/\/nuevodigitaldeescobar.com.ar\/"},{"@type":"ListItem","position":2,"name":"Tras la s\u00e1lida de Sebast\u00edan Dom\u00ednguez: \u00bfQui\u00e9n asume en V\u00e9lez?"}]},{"@type":"WebSite","@id":"https:\/\/nuevodigitaldeescobar.com.ar\/#website","url":"https:\/\/nuevodigitaldeescobar.com.ar\/","name":"Nuevo Digital de Escobar","description":"La vida escobarense. Directora: Rosana Brunner","publisher":{"@id":"https:\/\/nuevodigitaldeescobar.com.ar\/#organization"},"potentialAction":[{"@type":"SearchAction","target":{"@type":"EntryPoint","urlTemplate":"https:\/\/nuevodigitaldeescobar.com.ar\/?s={search_term_string}"},"query-input":{"@type":"PropertyValueSpecification","valueRequired":true,"valueName":"search_term_string"}}],"inLanguage":"es"},{"@type":"Organization","@id":"https:\/\/nuevodigitaldeescobar.com.ar\/#organization","name":"Nuevo Digital de Escobar","url":"https:\/\/nuevodigitaldeescobar.com.ar\/","logo":{"@type":"ImageObject","inLanguage":"es","@id":"https:\/\/nuevodigitaldeescobar.com.ar\/#\/schema\/logo\/image\/","url":"https:\/\/nuevodigitaldeescobar.com.ar\/wp-content\/uploads\/2025\/05\/cropped-logo-nuevo2.jpg","contentUrl":"https:\/\/nuevodigitaldeescobar.com.ar\/wp-content\/uploads\/2025\/05\/cropped-logo-nuevo2.jpg","width":305,"height":305,"caption":"Nuevo Digital de Escobar"},"image":{"@id":"https:\/\/nuevodigitaldeescobar.com.ar\/#\/schema\/logo\/image\/"},"sameAs":["https:\/\/www.facebook.com\/NUEVODigitalDeEscobar","https:\/\/x.com\/nuevodigescobar","https:\/\/www.instagram.com\/nuevodigitaldeescobar"]},{"@type":"Person","@id":"https:\/\/nuevodigitaldeescobar.com.ar\/#\/schema\/person\/035e90a8efe9a80e6eec22656ad6ea4c","name":"Redacci\u00f3n","image":{"@type":"ImageObject","inLanguage":"es","@id":"https:\/\/nuevodigitaldeescobar.com.ar\/#\/schema\/person\/image\/","url":"https:\/\/secure.gravatar.com\/avatar\/8af8f40000c24e9eef3034f2be5998a372bb1389e64b1a4a36b3a7979142220d?s=96&d=mm&r=g","contentUrl":"https:\/\/secure.gravatar.com\/avatar\/8af8f40000c24e9eef3034f2be5998a372bb1389e64b1a4a36b3a7979142220d?s=96&d=mm&r=g","caption":"Redacci\u00f3n"},"sameAs":["http:\/\/nuevodigitaldeescobar.com.ar"],"url":"https:\/\/nuevodigitaldeescobar.com.ar\/?author=1"}]}},"featured_image_urls":{"full":["https:\/\/nuevodigitaldeescobar.com.ar\/wp-content\/uploads\/2025\/03\/descarga-1741030113236_1600_1067-85Zmu3.jpeg",1600,1067,false],"thumbnail":["https:\/\/nuevodigitaldeescobar.com.ar\/wp-content\/uploads\/2025\/03\/descarga-1741030113236_1600_1067-85Zmu3-150x150.jpeg",150,150,true],"medium":["https:\/\/nuevodigitaldeescobar.com.ar\/wp-content\/uploads\/2025\/03\/descarga-1741030113236_1600_1067-85Zmu3-300x200.jpeg",300,200,true],"medium_large":["https:\/\/nuevodigitaldeescobar.com.ar\/wp-content\/uploads\/2025\/03\/descarga-1741030113236_1600_1067-85Zmu3-768x512.jpeg",640,427,true],"large":["https:\/\/nuevodigitaldeescobar.com.ar\/wp-content\/uploads\/2025\/03\/descarga-1741030113236_1600_1067-85Zmu3-1024x683.jpeg",640,427,true],"1536x1536":["https:\/\/nuevodigitaldeescobar.com.ar\/wp-content\/uploads\/2025\/03\/descarga-1741030113236_1600_1067-85Zmu3-1536x1024.jpeg",1536,1024,true],"2048x2048":["https:\/\/nuevodigitaldeescobar.com.ar\/wp-content\/uploads\/2025\/03\/descarga-1741030113236_1600_1067-85Zmu3.jpeg",1600,1067,false]},"author_info":{"display_name":"Redacci\u00f3n","author_link":"https:\/\/nuevodigitaldeescobar.com.ar\/?author=1"},"category_info":"<a href=\"https:\/\/nuevodigitaldeescobar.com.ar\/?cat=8\" rel=\"category\">Deportes<\/a>","tag_info":"Deportes","comment_count":"0","_links":{"self":[{"href":"https:\/\/nuevodigitaldeescobar.com.ar\/index.php?rest_route=\/wp\/v2\/posts\/12589","targetHints":{"allow":["GET"]}}],"collection":[{"href":"https:\/\/nuevodigitaldeescobar.com.ar\/index.php?rest_route=\/wp\/v2\/posts"}],"about":[{"href":"https:\/\/nuevodigitaldeescobar.com.ar\/index.php?rest_route=\/wp\/v2\/types\/post"}],"author":[{"embeddable":true,"href":"https:\/\/nuevodigitaldeescobar.com.ar\/index.php?rest_route=\/wp\/v2\/users\/1"}],"replies":[{"embeddable":true,"href":"https:\/\/nuevodigitaldeescobar.com.ar\/index.php?rest_route=%2Fwp%2Fv2%2Fcomments&post=12589"}],"version-history":[{"count":1,"href":"https:\/\/nuevodigitaldeescobar.com.ar\/index.php?rest_route=\/wp\/v2\/posts\/12589\/revisions"}],"predecessor-version":[{"id":12597,"href":"https:\/\/nuevodigitaldeescobar.com.ar\/index.php?rest_route=\/wp\/v2\/posts\/12589\/revisions\/12597"}],"wp:featuredmedia":[{"embeddable":true,"href":"https:\/\/nuevodigitaldeescobar.com.ar\/index.php?rest_route=\/wp\/v2\/media\/12590"}],"wp:attachment":[{"href":"https:\/\/nuevodigitaldeescobar.com.ar\/index.php?rest_route=%2Fwp%2Fv2%2Fmedia&parent=12589"}],"wp:term":[{"taxonomy":"category","embeddable":true,"href":"https:\/\/nuevodigitaldeescobar.com.ar\/index.php?rest_route=%2Fwp%2Fv2%2Fcategories&post=12589"},{"taxonomy":"post_tag","embeddable":true,"href":"https:\/\/nuevodigitaldeescobar.com.ar\/index.php?rest_route=%2Fwp%2Fv2%2Ftags&post=12589"}],"curies":[{"name":"wp","href":"https:\/\/api.w.org\/{rel}","templated":true}]}}